{"id":249477,"date":"2023-12-28T19:34:37","date_gmt":"2023-12-28T22:34:37","guid":{"rendered":"https:\/\/diariotextual.com\/inicio\/?p=249477"},"modified":"2023-12-29T08:31:40","modified_gmt":"2023-12-29T11:31:40","slug":"pascual-fernandez-milei-viene-a-afectar-el-bolsillo-de-la-gente-y-el-orden-democratico","status":"publish","type":"post","link":"https:\/\/diariotextual.com\/inicio\/index.php\/2023\/12\/28\/pascual-fernandez-milei-viene-a-afectar-el-bolsillo-de-la-gente-y-el-orden-democratico\/","title":{"rendered":"Pascual Fern\u00e1ndez: \u201cMilei viene a afectar el bolsillo de la gente y el orden democr\u00e1tico\u201d"},"content":{"rendered":"\n<p>El ministro de Gobierno y Asuntos Municipales de La Pampa,<strong> Pascual Fern\u00e1ndez<\/strong>, afirm\u00f3 que la presentaci\u00f3n de la <strong>Ley \u00d3mnibus<\/strong> por parte del presidente<strong> Javier Milei \u201cpareciera que est\u00e1 buscando la suma del poder p\u00fablico\u201d <\/strong>y dijo que <strong>en la provincia el Gobierno va a garantizar el sueldo de la gente y los servicios a la poblaci\u00f3n.<\/strong><\/p>\n\n\n\n<p><br>\u201cLa nueva Ley \u00d3mnibus es un conjunto de art\u00edculos que llegan para atropellar a todas las conquistas, las sociales y laborales logradas a lo largo de los a\u00f1os y tiene una clara intencionalidad que es afectar al conjunto del pueblo por sobre los intereses de los poderes dominantes\u201d, expres\u00f3 el ministro.<\/p>\n\n\n\n<p><br>\u201c<em>El presidente Milei \u2013continu\u00f3- pareciera que est\u00e1 buscando la suma del poder p\u00fablico.<\/em> En el d\u00eda de su asunci\u00f3n, cuando dio su discurso, lo dio a espalda al Congreso, a los legisladores, evidenciando ya en su primera acci\u00f3n en qu\u00e9 sentido iba su gesti\u00f3n. En un principio, la preocupaci\u00f3n fue la cuesti\u00f3n econ\u00f3mica por lo que se iba a venir. Hoy no es solo lo econ\u00f3mico, sino tambi\u00e9n que preocupa la democracia que tanto nos cost\u00f3 conseguir. As\u00ed que estamos muy preocupados en ese sentido\u201d.<\/p>\n\n\n\n<p><br>\u201cEst\u00e1 muy claro que la orientaci\u00f3n de esta Ley \u00d3mnibus est\u00e1 pensada para favorecer a los sectores dominantes de la econom\u00eda en perjuicio de la gente. En nuestra provincia, nuestro gobernador ha sido muy claro y va a garantizar con la educaci\u00f3n, la salud, la seguridad, los alimentos para los m\u00e1s vulnerables. Es por eso que los pampeanos y pampeanas tienen que saber que hay un gobernador que levanta la bandera de los pampeanos y pampeanas y ellos est\u00e1n adelante por sobre todas las cosas\u201d, afirm\u00f3 Fern\u00e1ndez.<\/p>\n\n\n\n<p><br>\u201cEl Estado tiene como rol marcar el equilibrio entre los que m\u00e1s tienen y los que menos tienen\u201d, dijo. \u201cEn ese sentido, al querer disminuir sus funciones, al llevar al m\u00ednimo al Estado, justamente desbalancea la situaci\u00f3n en favor de aquellos que manejan los resortes de la econom\u00eda. En La Pampa el Estado presente es el que garantiza los derechos. Nos tenemos que sentir orgullosos por eso, y es lo que el 14 de mayo la gente eligi\u00f3. As\u00ed que ese es el rumbo que tenemos desde lo ideol\u00f3gico y desde la pr\u00e1ctica: el Estado presente en favor de la gente\u201d.<\/p>\n\n\n\n<p><br>\u201cSe vienen tiempos muy dif\u00edciles para la provincia y para cada uno de los municipios. El presidente ya dijo que no va a haber obra p\u00fablica y por otro lado est\u00e1 el impacto que est\u00e1n generando sus medidas a la masa coparticipable. Vamos a tener mucho menos recursos y en esto a cada uno de los que tienen responsabilidades creo que tenemos que marcar las prioridades. Las prioridades deben ser que los trabajadores y trabajadoras puedan cobrar los sueldos y garantizar los servicios a la poblaci\u00f3n. Es un camino que va a ser dificultoso por todo lo que est\u00e1 haciendo Milei, por eso va a ser fundamental el trabajo conjunto, la articulaci\u00f3n de municipios y Provincia, para hacerle frente a este panorama desolador\u201d, afirm\u00f3 Fern\u00e1ndez.<\/p>\n\n\n\n<p><\/p>\n\n\n\n<p><\/p>\n","protected":false},"excerpt":{"rendered":"<p>El ministro de Gobierno y Asuntos Municipales de La Pampa, Pascual Fern\u00e1ndez, afirm\u00f3 que la presentaci\u00f3n de la Ley \u00d3mnibus por parte del presidente Javier Milei \u201cpareciera que est\u00e1 buscando&hellip;<\/p>\n","protected":false},"author":3,"featured_media":249484,"comment_status":"closed","ping_status":"open","sticky":false,"template":"","format":"standard","meta":{"_acf_changed":false,"footnotes":""},"categories":[1,8],"tags":[],"class_list":["post-249477","post","type-post","status-publish","format-standard","has-post-thumbnail","hentry","category-es-noticia","category-politica"],"acf":[],"yoast_head":"<!-- This site is optimized with the Yoast SEO plugin v27.5 - https:\/\/yoast.com\/product\/yoast-seo-wordpress\/ -->\n<title>Pascual Fern\u00e1ndez: \u201cMilei viene a afectar el bolsillo de la gente y el orden democr\u00e1tico\u201d - Diario Textual<\/title>\n<meta name=\"robots\" content=\"index, follow, max-snippet:-1, max-image-preview:large, max-video-preview:-1\" \/>\n<link rel=\"canonical\" href=\"https:\/\/diariotextual.com\/inicio\/index.php\/2023\/12\/28\/pascual-fernandez-milei-viene-a-afectar-el-bolsillo-de-la-gente-y-el-orden-democratico\/\" \/>\n<meta property=\"og:locale\" content=\"es_ES\" \/>\n<meta property=\"og:type\" content=\"article\" \/>\n<meta property=\"og:title\" content=\"Pascual Fern\u00e1ndez: \u201cMilei viene a afectar el bolsillo de la gente y el orden democr\u00e1tico\u201d - Diario Textual\" \/>\n<meta property=\"og:description\" content=\"El ministro de Gobierno y Asuntos Municipales de La Pampa, Pascual Fern\u00e1ndez, afirm\u00f3 que la presentaci\u00f3n de la Ley \u00d3mnibus por parte del presidente Javier Milei \u201cpareciera que est\u00e1 buscando&hellip;\" \/>\n<meta property=\"og:url\" content=\"https:\/\/diariotextual.com\/inicio\/index.php\/2023\/12\/28\/pascual-fernandez-milei-viene-a-afectar-el-bolsillo-de-la-gente-y-el-orden-democratico\/\" \/>\n<meta property=\"og:site_name\" content=\"Diario Textual\" \/>\n<meta property=\"article:publisher\" content=\"https:\/\/www.facebook.com\/eltextual\" \/>\n<meta property=\"article:published_time\" content=\"2023-12-28T22:34:37+00:00\" \/>\n<meta property=\"article:modified_time\" content=\"2023-12-29T11:31:40+00:00\" \/>\n<meta property=\"og:image\" content=\"https:\/\/diariotextual.com\/inicio\/wp-content\/uploads\/2023\/12\/fernandezpascualministro2024-12.jpg\" \/>\n\t<meta property=\"og:image:width\" content=\"1600\" \/>\n\t<meta property=\"og:image:height\" content=\"1060\" \/>\n\t<meta property=\"og:image:type\" content=\"image\/jpeg\" \/>\n<meta name=\"author\" content=\"Diario1 Diario1\" \/>\n<meta name=\"twitter:card\" content=\"summary_large_image\" \/>\n<meta name=\"twitter:creator\" content=\"@eltextual\" \/>\n<meta name=\"twitter:site\" content=\"@eltextual\" \/>\n<meta name=\"twitter:label1\" content=\"Escrito por\" \/>\n\t<meta name=\"twitter:data1\" content=\"Diario1 Diario1\" \/>\n\t<meta name=\"twitter:label2\" content=\"Tiempo de lectura\" \/>\n\t<meta name=\"twitter:data2\" content=\"3 minutos\" \/>\n<script type=\"application\/ld+json\" class=\"yoast-schema-graph\">{\"@context\":\"https:\\\/\\\/schema.org\",\"@graph\":[{\"@type\":\"Article\",\"@id\":\"https:\\\/\\\/diariotextual.com\\\/inicio\\\/index.php\\\/2023\\\/12\\\/28\\\/pascual-fernandez-milei-viene-a-afectar-el-bolsillo-de-la-gente-y-el-orden-democratico\\\/#article\",\"isPartOf\":{\"@id\":\"https:\\\/\\\/diariotextual.com\\\/inicio\\\/index.php\\\/2023\\\/12\\\/28\\\/pascual-fernandez-milei-viene-a-afectar-el-bolsillo-de-la-gente-y-el-orden-democratico\\\/\"},\"author\":{\"name\":\"Diario1 Diario1\",\"@id\":\"https:\\\/\\\/diariotextual.com\\\/inicio\\\/#\\\/schema\\\/person\\\/418fc4093c33e86ed41562db3508f958\"},\"headline\":\"Pascual Fern\u00e1ndez: \u201cMilei viene a afectar el bolsillo de la gente y el orden democr\u00e1tico\u201d\",\"datePublished\":\"2023-12-28T22:34:37+00:00\",\"dateModified\":\"2023-12-29T11:31:40+00:00\",\"mainEntityOfPage\":{\"@id\":\"https:\\\/\\\/diariotextual.com\\\/inicio\\\/index.php\\\/2023\\\/12\\\/28\\\/pascual-fernandez-milei-viene-a-afectar-el-bolsillo-de-la-gente-y-el-orden-democratico\\\/\"},\"wordCount\":557,\"publisher\":{\"@id\":\"https:\\\/\\\/diariotextual.com\\\/inicio\\\/#organization\"},\"image\":{\"@id\":\"https:\\\/\\\/diariotextual.com\\\/inicio\\\/index.php\\\/2023\\\/12\\\/28\\\/pascual-fernandez-milei-viene-a-afectar-el-bolsillo-de-la-gente-y-el-orden-democratico\\\/#primaryimage\"},\"thumbnailUrl\":\"https:\\\/\\\/diariotextual.com\\\/inicio\\\/wp-content\\\/uploads\\\/2023\\\/12\\\/fernandezpascualministro2024-12.jpg\",\"articleSection\":[\"A - ES NOTICIA (van abajo)\",\"POLITICA\"],\"inLanguage\":\"es\"},{\"@type\":\"WebPage\",\"@id\":\"https:\\\/\\\/diariotextual.com\\\/inicio\\\/index.php\\\/2023\\\/12\\\/28\\\/pascual-fernandez-milei-viene-a-afectar-el-bolsillo-de-la-gente-y-el-orden-democratico\\\/\",\"url\":\"https:\\\/\\\/diariotextual.com\\\/inicio\\\/index.php\\\/2023\\\/12\\\/28\\\/pascual-fernandez-milei-viene-a-afectar-el-bolsillo-de-la-gente-y-el-orden-democratico\\\/\",\"name\":\"Pascual Fern\u00e1ndez: \u201cMilei viene a afectar el bolsillo de la gente y el orden democr\u00e1tico\u201d - Diario Textual\",\"isPartOf\":{\"@id\":\"https:\\\/\\\/diariotextual.com\\\/inicio\\\/#website\"},\"primaryImageOfPage\":{\"@id\":\"https:\\\/\\\/diariotextual.com\\\/inicio\\\/index.php\\\/2023\\\/12\\\/28\\\/pascual-fernandez-milei-viene-a-afectar-el-bolsillo-de-la-gente-y-el-orden-democratico\\\/#primaryimage\"},\"image\":{\"@id\":\"https:\\\/\\\/diariotextual.com\\\/inicio\\\/index.php\\\/2023\\\/12\\\/28\\\/pascual-fernandez-milei-viene-a-afectar-el-bolsillo-de-la-gente-y-el-orden-democratico\\\/#primaryimage\"},\"thumbnailUrl\":\"https:\\\/\\\/diariotextual.com\\\/inicio\\\/wp-content\\\/uploads\\\/2023\\\/12\\\/fernandezpascualministro2024-12.jpg\",\"datePublished\":\"2023-12-28T22:34:37+00:00\",\"dateModified\":\"2023-12-29T11:31:40+00:00\",\"breadcrumb\":{\"@id\":\"https:\\\/\\\/diariotextual.com\\\/inicio\\\/index.php\\\/2023\\\/12\\\/28\\\/pascual-fernandez-milei-viene-a-afectar-el-bolsillo-de-la-gente-y-el-orden-democratico\\\/#breadcrumb\"},\"inLanguage\":\"es\",\"potentialAction\":[{\"@type\":\"ReadAction\",\"target\":[\"https:\\\/\\\/diariotextual.com\\\/inicio\\\/index.php\\\/2023\\\/12\\\/28\\\/pascual-fernandez-milei-viene-a-afectar-el-bolsillo-de-la-gente-y-el-orden-democratico\\\/\"]}]},{\"@type\":\"ImageObject\",\"inLanguage\":\"es\",\"@id\":\"https:\\\/\\\/diariotextual.com\\\/inicio\\\/index.php\\\/2023\\\/12\\\/28\\\/pascual-fernandez-milei-viene-a-afectar-el-bolsillo-de-la-gente-y-el-orden-democratico\\\/#primaryimage\",\"url\":\"https:\\\/\\\/diariotextual.com\\\/inicio\\\/wp-content\\\/uploads\\\/2023\\\/12\\\/fernandezpascualministro2024-12.jpg\",\"contentUrl\":\"https:\\\/\\\/diariotextual.com\\\/inicio\\\/wp-content\\\/uploads\\\/2023\\\/12\\\/fernandezpascualministro2024-12.jpg\",\"width\":1600,\"height\":1060},{\"@type\":\"BreadcrumbList\",\"@id\":\"https:\\\/\\\/diariotextual.com\\\/inicio\\\/index.php\\\/2023\\\/12\\\/28\\\/pascual-fernandez-milei-viene-a-afectar-el-bolsillo-de-la-gente-y-el-orden-democratico\\\/#breadcrumb\",\"itemListElement\":[{\"@type\":\"ListItem\",\"position\":1,\"name\":\"Portada\",\"item\":\"https:\\\/\\\/diariotextual.com\\\/inicio\\\/\"},{\"@type\":\"ListItem\",\"position\":2,\"name\":\"Pascual Fern\u00e1ndez: \u201cMilei viene a afectar el bolsillo de la gente y el orden democr\u00e1tico\u201d\"}]},{\"@type\":\"WebSite\",\"@id\":\"https:\\\/\\\/diariotextual.com\\\/inicio\\\/#website\",\"url\":\"https:\\\/\\\/diariotextual.com\\\/inicio\\\/\",\"name\":\"Diario Textual\",\"description\":\"\",\"publisher\":{\"@id\":\"https:\\\/\\\/diariotextual.com\\\/inicio\\\/#organization\"},\"potentialAction\":[{\"@type\":\"SearchAction\",\"target\":{\"@type\":\"EntryPoint\",\"urlTemplate\":\"https:\\\/\\\/diariotextual.com\\\/inicio\\\/?s={search_term_string}\"},\"query-input\":{\"@type\":\"PropertyValueSpecification\",\"valueRequired\":true,\"valueName\":\"search_term_string\"}}],\"inLanguage\":\"es\"},{\"@type\":\"Organization\",\"@id\":\"https:\\\/\\\/diariotextual.com\\\/inicio\\\/#organization\",\"name\":\"Diario Textual\",\"url\":\"https:\\\/\\\/diariotextual.com\\\/inicio\\\/\",\"logo\":{\"@type\":\"ImageObject\",\"inLanguage\":\"es\",\"@id\":\"https:\\\/\\\/diariotextual.com\\\/inicio\\\/#\\\/schema\\\/logo\\\/image\\\/\",\"url\":\"https:\\\/\\\/diariotextual.com\\\/inicio\\\/wp-content\\\/uploads\\\/2023\\\/05\\\/logotextual1.jpg\",\"contentUrl\":\"https:\\\/\\\/diariotextual.com\\\/inicio\\\/wp-content\\\/uploads\\\/2023\\\/05\\\/logotextual1.jpg\",\"width\":516,\"height\":76,\"caption\":\"Diario Textual\"},\"image\":{\"@id\":\"https:\\\/\\\/diariotextual.com\\\/inicio\\\/#\\\/schema\\\/logo\\\/image\\\/\"},\"sameAs\":[\"https:\\\/\\\/www.facebook.com\\\/eltextual\",\"https:\\\/\\\/x.com\\\/eltextual\",\"http:\\\/\\\/www.instagram.com\\\/eltextual\"]},{\"@type\":\"Person\",\"@id\":\"https:\\\/\\\/diariotextual.com\\\/inicio\\\/#\\\/schema\\\/person\\\/418fc4093c33e86ed41562db3508f958\",\"name\":\"Diario1 Diario1\",\"image\":{\"@type\":\"ImageObject\",\"inLanguage\":\"es\",\"@id\":\"https:\\\/\\\/secure.gravatar.com\\\/avatar\\\/9167d280179c85bc18be67aa7eda765854300033af4896dd779b608640f2ef7a?s=96&d=mm&r=g\",\"url\":\"https:\\\/\\\/secure.gravatar.com\\\/avatar\\\/9167d280179c85bc18be67aa7eda765854300033af4896dd779b608640f2ef7a?s=96&d=mm&r=g\",\"contentUrl\":\"https:\\\/\\\/secure.gravatar.com\\\/avatar\\\/9167d280179c85bc18be67aa7eda765854300033af4896dd779b608640f2ef7a?s=96&d=mm&r=g\",\"caption\":\"Diario1 Diario1\"},\"url\":\"https:\\\/\\\/diariotextual.com\\\/inicio\\\/index.php\\\/author\\\/diario1\\\/\"}]}<\/script>\n<!-- \/ Yoast SEO plugin. -->","yoast_head_json":{"title":"Pascual Fern\u00e1ndez: \u201cMilei viene a afectar el bolsillo de la gente y el orden democr\u00e1tico\u201d - Diario Textual","robots":{"index":"index","follow":"follow","max-snippet":"max-snippet:-1","max-image-preview":"max-image-preview:large","max-video-preview":"max-video-preview:-1"},"canonical":"https:\/\/diariotextual.com\/inicio\/index.php\/2023\/12\/28\/pascual-fernandez-milei-viene-a-afectar-el-bolsillo-de-la-gente-y-el-orden-democratico\/","og_locale":"es_ES","og_type":"article","og_title":"Pascual Fern\u00e1ndez: \u201cMilei viene a afectar el bolsillo de la gente y el orden democr\u00e1tico\u201d - Diario Textual","og_description":"El ministro de Gobierno y Asuntos Municipales de La Pampa, Pascual Fern\u00e1ndez, afirm\u00f3 que la presentaci\u00f3n de la Ley \u00d3mnibus por parte del presidente Javier Milei \u201cpareciera que est\u00e1 buscando&hellip;","og_url":"https:\/\/diariotextual.com\/inicio\/index.php\/2023\/12\/28\/pascual-fernandez-milei-viene-a-afectar-el-bolsillo-de-la-gente-y-el-orden-democratico\/","og_site_name":"Diario Textual","article_publisher":"https:\/\/www.facebook.com\/eltextual","article_published_time":"2023-12-28T22:34:37+00:00","article_modified_time":"2023-12-29T11:31:40+00:00","og_image":[{"width":1600,"height":1060,"url":"https:\/\/diariotextual.com\/inicio\/wp-content\/uploads\/2023\/12\/fernandezpascualministro2024-12.jpg","type":"image\/jpeg"}],"author":"Diario1 Diario1","twitter_card":"summary_large_image","twitter_creator":"@eltextual","twitter_site":"@eltextual","twitter_misc":{"Escrito por":"Diario1 Diario1","Tiempo de lectura":"3 minutos"},"schema":{"@context":"https:\/\/schema.org","@graph":[{"@type":"Article","@id":"https:\/\/diariotextual.com\/inicio\/index.php\/2023\/12\/28\/pascual-fernandez-milei-viene-a-afectar-el-bolsillo-de-la-gente-y-el-orden-democratico\/#article","isPartOf":{"@id":"https:\/\/diariotextual.com\/inicio\/index.php\/2023\/12\/28\/pascual-fernandez-milei-viene-a-afectar-el-bolsillo-de-la-gente-y-el-orden-democratico\/"},"author":{"name":"Diario1 Diario1","@id":"https:\/\/diariotextual.com\/inicio\/#\/schema\/person\/418fc4093c33e86ed41562db3508f958"},"headline":"Pascual Fern\u00e1ndez: \u201cMilei viene a afectar el bolsillo de la gente y el orden democr\u00e1tico\u201d","datePublished":"2023-12-28T22:34:37+00:00","dateModified":"2023-12-29T11:31:40+00:00","mainEntityOfPage":{"@id":"https:\/\/diariotextual.com\/inicio\/index.php\/2023\/12\/28\/pascual-fernandez-milei-viene-a-afectar-el-bolsillo-de-la-gente-y-el-orden-democratico\/"},"wordCount":557,"publisher":{"@id":"https:\/\/diariotextual.com\/inicio\/#organization"},"image":{"@id":"https:\/\/diariotextual.com\/inicio\/index.php\/2023\/12\/28\/pascual-fernandez-milei-viene-a-afectar-el-bolsillo-de-la-gente-y-el-orden-democratico\/#primaryimage"},"thumbnailUrl":"https:\/\/diariotextual.com\/inicio\/wp-content\/uploads\/2023\/12\/fernandezpascualministro2024-12.jpg","articleSection":["A - ES NOTICIA (van abajo)","POLITICA"],"inLanguage":"es"},{"@type":"WebPage","@id":"https:\/\/diariotextual.com\/inicio\/index.php\/2023\/12\/28\/pascual-fernandez-milei-viene-a-afectar-el-bolsillo-de-la-gente-y-el-orden-democratico\/","url":"https:\/\/diariotextual.com\/inicio\/index.php\/2023\/12\/28\/pascual-fernandez-milei-viene-a-afectar-el-bolsillo-de-la-gente-y-el-orden-democratico\/","name":"Pascual Fern\u00e1ndez: \u201cMilei viene a afectar el bolsillo de la gente y el orden democr\u00e1tico\u201d - Diario Textual","isPartOf":{"@id":"https:\/\/diariotextual.com\/inicio\/#website"},"primaryImageOfPage":{"@id":"https:\/\/diariotextual.com\/inicio\/index.php\/2023\/12\/28\/pascual-fernandez-milei-viene-a-afectar-el-bolsillo-de-la-gente-y-el-orden-democratico\/#primaryimage"},"image":{"@id":"https:\/\/diariotextual.com\/inicio\/index.php\/2023\/12\/28\/pascual-fernandez-milei-viene-a-afectar-el-bolsillo-de-la-gente-y-el-orden-democratico\/#primaryimage"},"thumbnailUrl":"https:\/\/diariotextual.com\/inicio\/wp-content\/uploads\/2023\/12\/fernandezpascualministro2024-12.jpg","datePublished":"2023-12-28T22:34:37+00:00","dateModified":"2023-12-29T11:31:40+00:00","breadcrumb":{"@id":"https:\/\/diariotextual.com\/inicio\/index.php\/2023\/12\/28\/pascual-fernandez-milei-viene-a-afectar-el-bolsillo-de-la-gente-y-el-orden-democratico\/#breadcrumb"},"inLanguage":"es","potentialAction":[{"@type":"ReadAction","target":["https:\/\/diariotextual.com\/inicio\/index.php\/2023\/12\/28\/pascual-fernandez-milei-viene-a-afectar-el-bolsillo-de-la-gente-y-el-orden-democratico\/"]}]},{"@type":"ImageObject","inLanguage":"es","@id":"https:\/\/diariotextual.com\/inicio\/index.php\/2023\/12\/28\/pascual-fernandez-milei-viene-a-afectar-el-bolsillo-de-la-gente-y-el-orden-democratico\/#primaryimage","url":"https:\/\/diariotextual.com\/inicio\/wp-content\/uploads\/2023\/12\/fernandezpascualministro2024-12.jpg","contentUrl":"https:\/\/diariotextual.com\/inicio\/wp-content\/uploads\/2023\/12\/fernandezpascualministro2024-12.jpg","width":1600,"height":1060},{"@type":"BreadcrumbList","@id":"https:\/\/diariotextual.com\/inicio\/index.php\/2023\/12\/28\/pascual-fernandez-milei-viene-a-afectar-el-bolsillo-de-la-gente-y-el-orden-democratico\/#breadcrumb","itemListElement":[{"@type":"ListItem","position":1,"name":"Portada","item":"https:\/\/diariotextual.com\/inicio\/"},{"@type":"ListItem","position":2,"name":"Pascual Fern\u00e1ndez: \u201cMilei viene a afectar el bolsillo de la gente y el orden democr\u00e1tico\u201d"}]},{"@type":"WebSite","@id":"https:\/\/diariotextual.com\/inicio\/#website","url":"https:\/\/diariotextual.com\/inicio\/","name":"Diario Textual","description":"","publisher":{"@id":"https:\/\/diariotextual.com\/inicio\/#organization"},"potentialAction":[{"@type":"SearchAction","target":{"@type":"EntryPoint","urlTemplate":"https:\/\/diariotextual.com\/inicio\/?s={search_term_string}"},"query-input":{"@type":"PropertyValueSpecification","valueRequired":true,"valueName":"search_term_string"}}],"inLanguage":"es"},{"@type":"Organization","@id":"https:\/\/diariotextual.com\/inicio\/#organization","name":"Diario Textual","url":"https:\/\/diariotextual.com\/inicio\/","logo":{"@type":"ImageObject","inLanguage":"es","@id":"https:\/\/diariotextual.com\/inicio\/#\/schema\/logo\/image\/","url":"https:\/\/diariotextual.com\/inicio\/wp-content\/uploads\/2023\/05\/logotextual1.jpg","contentUrl":"https:\/\/diariotextual.com\/inicio\/wp-content\/uploads\/2023\/05\/logotextual1.jpg","width":516,"height":76,"caption":"Diario Textual"},"image":{"@id":"https:\/\/diariotextual.com\/inicio\/#\/schema\/logo\/image\/"},"sameAs":["https:\/\/www.facebook.com\/eltextual","https:\/\/x.com\/eltextual","http:\/\/www.instagram.com\/eltextual"]},{"@type":"Person","@id":"https:\/\/diariotextual.com\/inicio\/#\/schema\/person\/418fc4093c33e86ed41562db3508f958","name":"Diario1 Diario1","image":{"@type":"ImageObject","inLanguage":"es","@id":"https:\/\/secure.gravatar.com\/avatar\/9167d280179c85bc18be67aa7eda765854300033af4896dd779b608640f2ef7a?s=96&d=mm&r=g","url":"https:\/\/secure.gravatar.com\/avatar\/9167d280179c85bc18be67aa7eda765854300033af4896dd779b608640f2ef7a?s=96&d=mm&r=g","contentUrl":"https:\/\/secure.gravatar.com\/avatar\/9167d280179c85bc18be67aa7eda765854300033af4896dd779b608640f2ef7a?s=96&d=mm&r=g","caption":"Diario1 Diario1"},"url":"https:\/\/diariotextual.com\/inicio\/index.php\/author\/diario1\/"}]}},"_links":{"self":[{"href":"https:\/\/diariotextual.com\/inicio\/index.php\/wp-json\/wp\/v2\/posts\/249477","targetHints":{"allow":["GET"]}}],"collection":[{"href":"https:\/\/diariotextual.com\/inicio\/index.php\/wp-json\/wp\/v2\/posts"}],"about":[{"href":"https:\/\/diariotextual.com\/inicio\/index.php\/wp-json\/wp\/v2\/types\/post"}],"author":[{"embeddable":true,"href":"https:\/\/diariotextual.com\/inicio\/index.php\/wp-json\/wp\/v2\/users\/3"}],"replies":[{"embeddable":true,"href":"https:\/\/diariotextual.com\/inicio\/index.php\/wp-json\/wp\/v2\/comments?post=249477"}],"version-history":[{"count":4,"href":"https:\/\/diariotextual.com\/inicio\/index.php\/wp-json\/wp\/v2\/posts\/249477\/revisions"}],"predecessor-version":[{"id":249485,"href":"https:\/\/diariotextual.com\/inicio\/index.php\/wp-json\/wp\/v2\/posts\/249477\/revisions\/249485"}],"wp:featuredmedia":[{"embeddable":true,"href":"https:\/\/diariotextual.com\/inicio\/index.php\/wp-json\/wp\/v2\/media\/249484"}],"wp:attachment":[{"href":"https:\/\/diariotextual.com\/inicio\/index.php\/wp-json\/wp\/v2\/media?parent=249477"}],"wp:term":[{"taxonomy":"category","embeddable":true,"href":"https:\/\/diariotextual.com\/inicio\/index.php\/wp-json\/wp\/v2\/categories?post=249477"},{"taxonomy":"post_tag","embeddable":true,"href":"https:\/\/diariotextual.com\/inicio\/index.php\/wp-json\/wp\/v2\/tags?post=249477"}],"curies":[{"name":"wp","href":"https:\/\/api.w.org\/{rel}","templated":true}]}}