{"id":249486,"date":"2023-12-28T20:21:00","date_gmt":"2023-12-28T23:21:00","guid":{"rendered":"https:\/\/diariotextual.com\/inicio\/?p=249486"},"modified":"2023-12-28T20:21:03","modified_gmt":"2023-12-28T23:21:03","slug":"criticas-de-ediles-de-la-ucr-al-presupuesto-municipal-de-pico","status":"publish","type":"post","link":"https:\/\/diariotextual.com\/inicio\/index.php\/2023\/12\/28\/criticas-de-ediles-de-la-ucr-al-presupuesto-municipal-de-pico\/","title":{"rendered":"Cr\u00edticas de ediles de la UCR al presupuesto municipal de Pico"},"content":{"rendered":"\n<p><strong>Mar\u00eda Eugenia Forte y Marcelo Capellino<\/strong>, concejales de la UCR de General Pico, <strong>acompa\u00f1aron con cr\u00edticas al presupuesto 2024 del municipio piquense y que fue aprobado por unanimidad por todos los bloques.<\/strong><\/p>\n\n\n\n<p>\u201cVamos a acompa\u00f1ar la aprobaci\u00f3n de este presupuesto porque pese a que consideramos que es un presupuesto alejado de la realidad del pa\u00eds y de las prioridades de los piquenses, es la forma y el m\u00e9todo que est\u00e1 gesti\u00f3n eligi\u00f3 y que no vamos a generar ning\u00fan impedimento ante momentos cr\u00edticos\u201d, expresaron.<\/p>\n\n\n\n<p>Forte fue la primera de las ediles en tomar la palabra y realizar un an\u00e1lisis caracterizando al presupuesto municipal como un \u201cvamos viendo\u201d abriendo el interrogante: <strong>\u201c\u00bfPor qu\u00e9 tanto apuro en presentar y aprobarlo cuando ya hoy es un presupuesto alejado de la realidad?\u201d.<\/strong><\/p>\n\n\n\n<p>\u201cEste ser\u00e1 el primer presupuesto de esta nueva gesti\u00f3n, pero que marca la continuidad de una gesti\u00f3n que fue reelecta, no siendo esto un punto menor a la hora de leer, analizar e interpretar este presupuesto. Nos encontramos con funcionarios entrantes que en realidad no fueron quienes confeccionaron dicho presupuesto. As\u00ed tambi\u00e9n debemos se\u00f1alar que es un presupuesto realizado con una proyecci\u00f3n del 69% de inflaci\u00f3n, cuando hoy estamos en el 148,2% y subiendo, es decir es un presupuesto falaz\u201d, expres\u00f3 la edila piquense.<\/p>\n\n\n\n<figure class=\"wp-block-embed is-type-wp-embed is-provider-diario-textual wp-block-embed-diario-textual\"><div class=\"wp-block-embed__wrapper\">\n<blockquote class=\"wp-embedded-content\" data-secret=\"Ky0Wyp0Yo4\"><a href=\"https:\/\/diariotextual.com\/inicio\/index.php\/2023\/12\/28\/campo-resalto-el-respeto-y-el-consenso-que-logramos\/\">Campo: \u201cResalto el respeto y el consenso que logramos\u201d<\/a><\/blockquote><iframe class=\"wp-embedded-content\" sandbox=\"allow-scripts\" security=\"restricted\" style=\"position: absolute; clip: rect(1px, 1px, 1px, 1px);\" title=\"\u00abCampo: \u201cResalto el respeto y el consenso que logramos\u201d\u00bb \u2014 Diario Textual\" src=\"https:\/\/diariotextual.com\/inicio\/index.php\/2023\/12\/28\/campo-resalto-el-respeto-y-el-consenso-que-logramos\/embed\/#?secret=XgjRLSS4eZ#?secret=Ky0Wyp0Yo4\" data-secret=\"Ky0Wyp0Yo4\" width=\"600\" height=\"338\" frameborder=\"0\" marginwidth=\"0\" marginheight=\"0\" scrolling=\"no\"><\/iframe>\n<\/div><\/figure>\n\n\n\n<p>Forte, que se ha desempe\u00f1ado como trabajadora social, apunt\u00f3 su an\u00e1lisis en su mayor medida al \u00e1rea de Desarrollo Social: \u201c<strong>Vemos con preocupaci\u00f3n c\u00f3mo se contin\u00faa precarizando la labor de los profesionales <\/strong>del \u00e1rea. Cuando la canasta b\u00e1sica es de $350 mil, una profesional en el \u00e1rea de ni\u00f1ez apenas si alcanza los $300 mil, considerando lo complejo de las intervenciones, la directora sostiene que no pueden conseguir psic\u00f3logas abogando a distintas excusas, cuando la realidad es que el pago es malo, y las responsabilidades son muchas y ya tenemos la experiencia de que les sucede si llegan a reclamar\u201d.<\/p>\n\n\n\n<p>Y agreg\u00f3: \u201c<strong>En Desarrollo Social hay 3400 asistencias de m\u00f3dulos alimentarios mensuales, no previendo presupuestariamente un aumento o refuerzo de las cantidades en base a la situaci\u00f3n econ\u00f3mica que se avecina.<\/strong> Las medidas son parches, cuando hay equipos que se encargan de evaluar pero no hay seguimiento, acompa\u00f1amiento tendiente a revertir las causas del problema. As\u00ed tambi\u00e9n vemos el sistema de becas es un ejemplo m\u00e1s del \u2018vamos viendo\u2019 que plantea la gesti\u00f3n, el Secretario no pudo explicar qu\u00e9 partida presupuestaria van a becas, \u2018lo que sobra\u2019, \u2018lo que queda\u2019, \u2018vamos viendo\u2019\u201d.<\/p>\n\n\n\n<p>El <strong>presidente del bloque de la UCR, Marcelo Capellino<\/strong>, manifest\u00f3: \u201cEstamos tratando un presupuesto cuya relatividad es evidente, <strong>no tenemos pauta inflacionaria real, ya que no contamos con presupuesto nacional 2024, la decisi\u00f3n de no enviarlo por parte del Ejecutivo Nacional es la muestra m\u00e1s clara de materializar la reducci\u00f3n del d\u00e9ficit o ajuste<\/strong>. Un ajuste que ha sido legitimado por la gente y que genera por lo pronto esperanza; y aunque no sabemos muy bien respecto de que, hay una sensaci\u00f3n de que al pa\u00eds le vaya bien. La crisis producto del gobierno de Alberto Fernandez, que impacta sin dudas en nuestra ciudad y sobre todo en la administraci\u00f3n de los recursos, se debe a la combinaci\u00f3n de dos dimensiones: la debilidad pol\u00edtica del gobierno saliente y los desequilibrios econ\u00f3micos, con ese rumbo nosotros no tenemos nada que ver y tampoco formamos parte del gobierno del presidente (Javier) Milei\u201d.<\/p>\n\n\n\n<p>\u201cObviamente vamos a tener una mirada objetiva de la distribuci\u00f3n de los recursos totalmente distinta, pero lo que hicimos hoy es legitimar los recursos con el que la gesti\u00f3n de Fernanda Alonso va a gobernar hasta donde alcance, porque dudo que este presupuesto alcance, y establecer nuestro compromiso como oposici\u00f3n de que vamos a fiscalizar el mismo y a generar los aportes correspondientes\u201d, finaliz\u00f3 Capellino.<\/p>\n","protected":false},"excerpt":{"rendered":"<p>Mar\u00eda Eugenia Forte y Marcelo Capellino, concejales de la UCR de General Pico, acompa\u00f1aron con cr\u00edticas al presupuesto 2024 del municipio piquense y que fue aprobado por unanimidad por todos&hellip;<\/p>\n","protected":false},"author":5,"featured_media":249487,"comment_status":"closed","ping_status":"open","sticky":false,"template":"","format":"standard","meta":{"_acf_changed":false,"footnotes":""},"categories":[1,8],"tags":[],"class_list":["post-249486","post","type-post","status-publish","format-standard","has-post-thumbnail","hentry","category-es-noticia","category-politica"],"acf":[],"yoast_head":"<!-- This site is optimized with the Yoast SEO plugin v27.5 - https:\/\/yoast.com\/product\/yoast-seo-wordpress\/ -->\n<title>Cr\u00edticas de ediles de la UCR al presupuesto municipal de Pico - Diario Textual<\/title>\n<meta name=\"robots\" content=\"index, follow, max-snippet:-1, max-image-preview:large, max-video-preview:-1\" \/>\n<link rel=\"canonical\" href=\"https:\/\/diariotextual.com\/inicio\/index.php\/2023\/12\/28\/criticas-de-ediles-de-la-ucr-al-presupuesto-municipal-de-pico\/\" \/>\n<meta property=\"og:locale\" content=\"es_ES\" \/>\n<meta property=\"og:type\" content=\"article\" \/>\n<meta property=\"og:title\" content=\"Cr\u00edticas de ediles de la UCR al presupuesto municipal de Pico - Diario Textual\" \/>\n<meta property=\"og:description\" content=\"Mar\u00eda Eugenia Forte y Marcelo Capellino, concejales de la UCR de General Pico, acompa\u00f1aron con cr\u00edticas al presupuesto 2024 del municipio piquense y que fue aprobado por unanimidad por todos&hellip;\" \/>\n<meta property=\"og:url\" content=\"https:\/\/diariotextual.com\/inicio\/index.php\/2023\/12\/28\/criticas-de-ediles-de-la-ucr-al-presupuesto-municipal-de-pico\/\" \/>\n<meta property=\"og:site_name\" content=\"Diario Textual\" \/>\n<meta property=\"article:publisher\" content=\"https:\/\/www.facebook.com\/eltextual\" \/>\n<meta property=\"article:published_time\" content=\"2023-12-28T23:21:00+00:00\" \/>\n<meta property=\"article:modified_time\" content=\"2023-12-28T23:21:03+00:00\" \/>\n<meta property=\"og:image\" content=\"https:\/\/diariotextual.com\/inicio\/wp-content\/uploads\/2023\/12\/fortecapellinopico2023.jpg\" \/>\n\t<meta property=\"og:image:width\" content=\"900\" \/>\n\t<meta property=\"og:image:height\" content=\"533\" \/>\n\t<meta property=\"og:image:type\" content=\"image\/jpeg\" \/>\n<meta name=\"author\" content=\"diario3\" \/>\n<meta name=\"twitter:card\" content=\"summary_large_image\" \/>\n<meta name=\"twitter:creator\" content=\"@eltextual\" \/>\n<meta name=\"twitter:site\" content=\"@eltextual\" \/>\n<meta name=\"twitter:label1\" content=\"Escrito por\" \/>\n\t<meta name=\"twitter:data1\" content=\"diario3\" \/>\n\t<meta name=\"twitter:label2\" content=\"Tiempo de lectura\" \/>\n\t<meta name=\"twitter:data2\" content=\"4 minutos\" \/>\n<script type=\"application\/ld+json\" class=\"yoast-schema-graph\">{\"@context\":\"https:\\\/\\\/schema.org\",\"@graph\":[{\"@type\":\"Article\",\"@id\":\"https:\\\/\\\/diariotextual.com\\\/inicio\\\/index.php\\\/2023\\\/12\\\/28\\\/criticas-de-ediles-de-la-ucr-al-presupuesto-municipal-de-pico\\\/#article\",\"isPartOf\":{\"@id\":\"https:\\\/\\\/diariotextual.com\\\/inicio\\\/index.php\\\/2023\\\/12\\\/28\\\/criticas-de-ediles-de-la-ucr-al-presupuesto-municipal-de-pico\\\/\"},\"author\":{\"name\":\"diario3\",\"@id\":\"https:\\\/\\\/diariotextual.com\\\/inicio\\\/#\\\/schema\\\/person\\\/a1b6f563e0ee944c60f98119389a4d9f\"},\"headline\":\"Cr\u00edticas de ediles de la UCR al presupuesto municipal de Pico\",\"datePublished\":\"2023-12-28T23:21:00+00:00\",\"dateModified\":\"2023-12-28T23:21:03+00:00\",\"mainEntityOfPage\":{\"@id\":\"https:\\\/\\\/diariotextual.com\\\/inicio\\\/index.php\\\/2023\\\/12\\\/28\\\/criticas-de-ediles-de-la-ucr-al-presupuesto-municipal-de-pico\\\/\"},\"wordCount\":676,\"publisher\":{\"@id\":\"https:\\\/\\\/diariotextual.com\\\/inicio\\\/#organization\"},\"image\":{\"@id\":\"https:\\\/\\\/diariotextual.com\\\/inicio\\\/index.php\\\/2023\\\/12\\\/28\\\/criticas-de-ediles-de-la-ucr-al-presupuesto-municipal-de-pico\\\/#primaryimage\"},\"thumbnailUrl\":\"https:\\\/\\\/diariotextual.com\\\/inicio\\\/wp-content\\\/uploads\\\/2023\\\/12\\\/fortecapellinopico2023.jpg\",\"articleSection\":[\"A - ES NOTICIA (van abajo)\",\"POLITICA\"],\"inLanguage\":\"es\"},{\"@type\":\"WebPage\",\"@id\":\"https:\\\/\\\/diariotextual.com\\\/inicio\\\/index.php\\\/2023\\\/12\\\/28\\\/criticas-de-ediles-de-la-ucr-al-presupuesto-municipal-de-pico\\\/\",\"url\":\"https:\\\/\\\/diariotextual.com\\\/inicio\\\/index.php\\\/2023\\\/12\\\/28\\\/criticas-de-ediles-de-la-ucr-al-presupuesto-municipal-de-pico\\\/\",\"name\":\"Cr\u00edticas de ediles de la UCR al presupuesto municipal de Pico - Diario Textual\",\"isPartOf\":{\"@id\":\"https:\\\/\\\/diariotextual.com\\\/inicio\\\/#website\"},\"primaryImageOfPage\":{\"@id\":\"https:\\\/\\\/diariotextual.com\\\/inicio\\\/index.php\\\/2023\\\/12\\\/28\\\/criticas-de-ediles-de-la-ucr-al-presupuesto-municipal-de-pico\\\/#primaryimage\"},\"image\":{\"@id\":\"https:\\\/\\\/diariotextual.com\\\/inicio\\\/index.php\\\/2023\\\/12\\\/28\\\/criticas-de-ediles-de-la-ucr-al-presupuesto-municipal-de-pico\\\/#primaryimage\"},\"thumbnailUrl\":\"https:\\\/\\\/diariotextual.com\\\/inicio\\\/wp-content\\\/uploads\\\/2023\\\/12\\\/fortecapellinopico2023.jpg\",\"datePublished\":\"2023-12-28T23:21:00+00:00\",\"dateModified\":\"2023-12-28T23:21:03+00:00\",\"breadcrumb\":{\"@id\":\"https:\\\/\\\/diariotextual.com\\\/inicio\\\/index.php\\\/2023\\\/12\\\/28\\\/criticas-de-ediles-de-la-ucr-al-presupuesto-municipal-de-pico\\\/#breadcrumb\"},\"inLanguage\":\"es\",\"potentialAction\":[{\"@type\":\"ReadAction\",\"target\":[\"https:\\\/\\\/diariotextual.com\\\/inicio\\\/index.php\\\/2023\\\/12\\\/28\\\/criticas-de-ediles-de-la-ucr-al-presupuesto-municipal-de-pico\\\/\"]}]},{\"@type\":\"ImageObject\",\"inLanguage\":\"es\",\"@id\":\"https:\\\/\\\/diariotextual.com\\\/inicio\\\/index.php\\\/2023\\\/12\\\/28\\\/criticas-de-ediles-de-la-ucr-al-presupuesto-municipal-de-pico\\\/#primaryimage\",\"url\":\"https:\\\/\\\/diariotextual.com\\\/inicio\\\/wp-content\\\/uploads\\\/2023\\\/12\\\/fortecapellinopico2023.jpg\",\"contentUrl\":\"https:\\\/\\\/diariotextual.com\\\/inicio\\\/wp-content\\\/uploads\\\/2023\\\/12\\\/fortecapellinopico2023.jpg\",\"width\":900,\"height\":533},{\"@type\":\"BreadcrumbList\",\"@id\":\"https:\\\/\\\/diariotextual.com\\\/inicio\\\/index.php\\\/2023\\\/12\\\/28\\\/criticas-de-ediles-de-la-ucr-al-presupuesto-municipal-de-pico\\\/#breadcrumb\",\"itemListElement\":[{\"@type\":\"ListItem\",\"position\":1,\"name\":\"Portada\",\"item\":\"https:\\\/\\\/diariotextual.com\\\/inicio\\\/\"},{\"@type\":\"ListItem\",\"position\":2,\"name\":\"Cr\u00edticas de ediles de la UCR al presupuesto municipal de Pico\"}]},{\"@type\":\"WebSite\",\"@id\":\"https:\\\/\\\/diariotextual.com\\\/inicio\\\/#website\",\"url\":\"https:\\\/\\\/diariotextual.com\\\/inicio\\\/\",\"name\":\"Diario Textual\",\"description\":\"\",\"publisher\":{\"@id\":\"https:\\\/\\\/diariotextual.com\\\/inicio\\\/#organization\"},\"potentialAction\":[{\"@type\":\"SearchAction\",\"target\":{\"@type\":\"EntryPoint\",\"urlTemplate\":\"https:\\\/\\\/diariotextual.com\\\/inicio\\\/?s={search_term_string}\"},\"query-input\":{\"@type\":\"PropertyValueSpecification\",\"valueRequired\":true,\"valueName\":\"search_term_string\"}}],\"inLanguage\":\"es\"},{\"@type\":\"Organization\",\"@id\":\"https:\\\/\\\/diariotextual.com\\\/inicio\\\/#organization\",\"name\":\"Diario Textual\",\"url\":\"https:\\\/\\\/diariotextual.com\\\/inicio\\\/\",\"logo\":{\"@type\":\"ImageObject\",\"inLanguage\":\"es\",\"@id\":\"https:\\\/\\\/diariotextual.com\\\/inicio\\\/#\\\/schema\\\/logo\\\/image\\\/\",\"url\":\"https:\\\/\\\/diariotextual.com\\\/inicio\\\/wp-content\\\/uploads\\\/2023\\\/05\\\/logotextual1.jpg\",\"contentUrl\":\"https:\\\/\\\/diariotextual.com\\\/inicio\\\/wp-content\\\/uploads\\\/2023\\\/05\\\/logotextual1.jpg\",\"width\":516,\"height\":76,\"caption\":\"Diario Textual\"},\"image\":{\"@id\":\"https:\\\/\\\/diariotextual.com\\\/inicio\\\/#\\\/schema\\\/logo\\\/image\\\/\"},\"sameAs\":[\"https:\\\/\\\/www.facebook.com\\\/eltextual\",\"https:\\\/\\\/x.com\\\/eltextual\",\"http:\\\/\\\/www.instagram.com\\\/eltextual\"]},{\"@type\":\"Person\",\"@id\":\"https:\\\/\\\/diariotextual.com\\\/inicio\\\/#\\\/schema\\\/person\\\/a1b6f563e0ee944c60f98119389a4d9f\",\"name\":\"diario3\",\"image\":{\"@type\":\"ImageObject\",\"inLanguage\":\"es\",\"@id\":\"https:\\\/\\\/secure.gravatar.com\\\/avatar\\\/5e7ee62c82fc04d9dd79d746a390d93c69c43223e5faeeb3ea9461ef752bfc5d?s=96&d=mm&r=g\",\"url\":\"https:\\\/\\\/secure.gravatar.com\\\/avatar\\\/5e7ee62c82fc04d9dd79d746a390d93c69c43223e5faeeb3ea9461ef752bfc5d?s=96&d=mm&r=g\",\"contentUrl\":\"https:\\\/\\\/secure.gravatar.com\\\/avatar\\\/5e7ee62c82fc04d9dd79d746a390d93c69c43223e5faeeb3ea9461ef752bfc5d?s=96&d=mm&r=g\",\"caption\":\"diario3\"},\"url\":\"https:\\\/\\\/diariotextual.com\\\/inicio\\\/index.php\\\/author\\\/diario3\\\/\"}]}<\/script>\n<!-- \/ Yoast SEO plugin. -->","yoast_head_json":{"title":"Cr\u00edticas de ediles de la UCR al presupuesto municipal de Pico - Diario Textual","robots":{"index":"index","follow":"follow","max-snippet":"max-snippet:-1","max-image-preview":"max-image-preview:large","max-video-preview":"max-video-preview:-1"},"canonical":"https:\/\/diariotextual.com\/inicio\/index.php\/2023\/12\/28\/criticas-de-ediles-de-la-ucr-al-presupuesto-municipal-de-pico\/","og_locale":"es_ES","og_type":"article","og_title":"Cr\u00edticas de ediles de la UCR al presupuesto municipal de Pico - Diario Textual","og_description":"Mar\u00eda Eugenia Forte y Marcelo Capellino, concejales de la UCR de General Pico, acompa\u00f1aron con cr\u00edticas al presupuesto 2024 del municipio piquense y que fue aprobado por unanimidad por todos&hellip;","og_url":"https:\/\/diariotextual.com\/inicio\/index.php\/2023\/12\/28\/criticas-de-ediles-de-la-ucr-al-presupuesto-municipal-de-pico\/","og_site_name":"Diario Textual","article_publisher":"https:\/\/www.facebook.com\/eltextual","article_published_time":"2023-12-28T23:21:00+00:00","article_modified_time":"2023-12-28T23:21:03+00:00","og_image":[{"width":900,"height":533,"url":"https:\/\/diariotextual.com\/inicio\/wp-content\/uploads\/2023\/12\/fortecapellinopico2023.jpg","type":"image\/jpeg"}],"author":"diario3","twitter_card":"summary_large_image","twitter_creator":"@eltextual","twitter_site":"@eltextual","twitter_misc":{"Escrito por":"diario3","Tiempo de lectura":"4 minutos"},"schema":{"@context":"https:\/\/schema.org","@graph":[{"@type":"Article","@id":"https:\/\/diariotextual.com\/inicio\/index.php\/2023\/12\/28\/criticas-de-ediles-de-la-ucr-al-presupuesto-municipal-de-pico\/#article","isPartOf":{"@id":"https:\/\/diariotextual.com\/inicio\/index.php\/2023\/12\/28\/criticas-de-ediles-de-la-ucr-al-presupuesto-municipal-de-pico\/"},"author":{"name":"diario3","@id":"https:\/\/diariotextual.com\/inicio\/#\/schema\/person\/a1b6f563e0ee944c60f98119389a4d9f"},"headline":"Cr\u00edticas de ediles de la UCR al presupuesto municipal de Pico","datePublished":"2023-12-28T23:21:00+00:00","dateModified":"2023-12-28T23:21:03+00:00","mainEntityOfPage":{"@id":"https:\/\/diariotextual.com\/inicio\/index.php\/2023\/12\/28\/criticas-de-ediles-de-la-ucr-al-presupuesto-municipal-de-pico\/"},"wordCount":676,"publisher":{"@id":"https:\/\/diariotextual.com\/inicio\/#organization"},"image":{"@id":"https:\/\/diariotextual.com\/inicio\/index.php\/2023\/12\/28\/criticas-de-ediles-de-la-ucr-al-presupuesto-municipal-de-pico\/#primaryimage"},"thumbnailUrl":"https:\/\/diariotextual.com\/inicio\/wp-content\/uploads\/2023\/12\/fortecapellinopico2023.jpg","articleSection":["A - ES NOTICIA (van abajo)","POLITICA"],"inLanguage":"es"},{"@type":"WebPage","@id":"https:\/\/diariotextual.com\/inicio\/index.php\/2023\/12\/28\/criticas-de-ediles-de-la-ucr-al-presupuesto-municipal-de-pico\/","url":"https:\/\/diariotextual.com\/inicio\/index.php\/2023\/12\/28\/criticas-de-ediles-de-la-ucr-al-presupuesto-municipal-de-pico\/","name":"Cr\u00edticas de ediles de la UCR al presupuesto municipal de Pico - Diario Textual","isPartOf":{"@id":"https:\/\/diariotextual.com\/inicio\/#website"},"primaryImageOfPage":{"@id":"https:\/\/diariotextual.com\/inicio\/index.php\/2023\/12\/28\/criticas-de-ediles-de-la-ucr-al-presupuesto-municipal-de-pico\/#primaryimage"},"image":{"@id":"https:\/\/diariotextual.com\/inicio\/index.php\/2023\/12\/28\/criticas-de-ediles-de-la-ucr-al-presupuesto-municipal-de-pico\/#primaryimage"},"thumbnailUrl":"https:\/\/diariotextual.com\/inicio\/wp-content\/uploads\/2023\/12\/fortecapellinopico2023.jpg","datePublished":"2023-12-28T23:21:00+00:00","dateModified":"2023-12-28T23:21:03+00:00","breadcrumb":{"@id":"https:\/\/diariotextual.com\/inicio\/index.php\/2023\/12\/28\/criticas-de-ediles-de-la-ucr-al-presupuesto-municipal-de-pico\/#breadcrumb"},"inLanguage":"es","potentialAction":[{"@type":"ReadAction","target":["https:\/\/diariotextual.com\/inicio\/index.php\/2023\/12\/28\/criticas-de-ediles-de-la-ucr-al-presupuesto-municipal-de-pico\/"]}]},{"@type":"ImageObject","inLanguage":"es","@id":"https:\/\/diariotextual.com\/inicio\/index.php\/2023\/12\/28\/criticas-de-ediles-de-la-ucr-al-presupuesto-municipal-de-pico\/#primaryimage","url":"https:\/\/diariotextual.com\/inicio\/wp-content\/uploads\/2023\/12\/fortecapellinopico2023.jpg","contentUrl":"https:\/\/diariotextual.com\/inicio\/wp-content\/uploads\/2023\/12\/fortecapellinopico2023.jpg","width":900,"height":533},{"@type":"BreadcrumbList","@id":"https:\/\/diariotextual.com\/inicio\/index.php\/2023\/12\/28\/criticas-de-ediles-de-la-ucr-al-presupuesto-municipal-de-pico\/#breadcrumb","itemListElement":[{"@type":"ListItem","position":1,"name":"Portada","item":"https:\/\/diariotextual.com\/inicio\/"},{"@type":"ListItem","position":2,"name":"Cr\u00edticas de ediles de la UCR al presupuesto municipal de Pico"}]},{"@type":"WebSite","@id":"https:\/\/diariotextual.com\/inicio\/#website","url":"https:\/\/diariotextual.com\/inicio\/","name":"Diario Textual","description":"","publisher":{"@id":"https:\/\/diariotextual.com\/inicio\/#organization"},"potentialAction":[{"@type":"SearchAction","target":{"@type":"EntryPoint","urlTemplate":"https:\/\/diariotextual.com\/inicio\/?s={search_term_string}"},"query-input":{"@type":"PropertyValueSpecification","valueRequired":true,"valueName":"search_term_string"}}],"inLanguage":"es"},{"@type":"Organization","@id":"https:\/\/diariotextual.com\/inicio\/#organization","name":"Diario Textual","url":"https:\/\/diariotextual.com\/inicio\/","logo":{"@type":"ImageObject","inLanguage":"es","@id":"https:\/\/diariotextual.com\/inicio\/#\/schema\/logo\/image\/","url":"https:\/\/diariotextual.com\/inicio\/wp-content\/uploads\/2023\/05\/logotextual1.jpg","contentUrl":"https:\/\/diariotextual.com\/inicio\/wp-content\/uploads\/2023\/05\/logotextual1.jpg","width":516,"height":76,"caption":"Diario Textual"},"image":{"@id":"https:\/\/diariotextual.com\/inicio\/#\/schema\/logo\/image\/"},"sameAs":["https:\/\/www.facebook.com\/eltextual","https:\/\/x.com\/eltextual","http:\/\/www.instagram.com\/eltextual"]},{"@type":"Person","@id":"https:\/\/diariotextual.com\/inicio\/#\/schema\/person\/a1b6f563e0ee944c60f98119389a4d9f","name":"diario3","image":{"@type":"ImageObject","inLanguage":"es","@id":"https:\/\/secure.gravatar.com\/avatar\/5e7ee62c82fc04d9dd79d746a390d93c69c43223e5faeeb3ea9461ef752bfc5d?s=96&d=mm&r=g","url":"https:\/\/secure.gravatar.com\/avatar\/5e7ee62c82fc04d9dd79d746a390d93c69c43223e5faeeb3ea9461ef752bfc5d?s=96&d=mm&r=g","contentUrl":"https:\/\/secure.gravatar.com\/avatar\/5e7ee62c82fc04d9dd79d746a390d93c69c43223e5faeeb3ea9461ef752bfc5d?s=96&d=mm&r=g","caption":"diario3"},"url":"https:\/\/diariotextual.com\/inicio\/index.php\/author\/diario3\/"}]}},"_links":{"self":[{"href":"https:\/\/diariotextual.com\/inicio\/index.php\/wp-json\/wp\/v2\/posts\/249486","targetHints":{"allow":["GET"]}}],"collection":[{"href":"https:\/\/diariotextual.com\/inicio\/index.php\/wp-json\/wp\/v2\/posts"}],"about":[{"href":"https:\/\/diariotextual.com\/inicio\/index.php\/wp-json\/wp\/v2\/types\/post"}],"author":[{"embeddable":true,"href":"https:\/\/diariotextual.com\/inicio\/index.php\/wp-json\/wp\/v2\/users\/5"}],"replies":[{"embeddable":true,"href":"https:\/\/diariotextual.com\/inicio\/index.php\/wp-json\/wp\/v2\/comments?post=249486"}],"version-history":[{"count":1,"href":"https:\/\/diariotextual.com\/inicio\/index.php\/wp-json\/wp\/v2\/posts\/249486\/revisions"}],"predecessor-version":[{"id":249488,"href":"https:\/\/diariotextual.com\/inicio\/index.php\/wp-json\/wp\/v2\/posts\/249486\/revisions\/249488"}],"wp:featuredmedia":[{"embeddable":true,"href":"https:\/\/diariotextual.com\/inicio\/index.php\/wp-json\/wp\/v2\/media\/249487"}],"wp:attachment":[{"href":"https:\/\/diariotextual.com\/inicio\/index.php\/wp-json\/wp\/v2\/media?parent=249486"}],"wp:term":[{"taxonomy":"category","embeddable":true,"href":"https:\/\/diariotextual.com\/inicio\/index.php\/wp-json\/wp\/v2\/categories?post=249486"},{"taxonomy":"post_tag","embeddable":true,"href":"https:\/\/diariotextual.com\/inicio\/index.php\/wp-json\/wp\/v2\/tags?post=249486"}],"curies":[{"name":"wp","href":"https:\/\/api.w.org\/{rel}","templated":true}]}}