{"id":249520,"date":"2023-12-29T07:56:28","date_gmt":"2023-12-29T10:56:28","guid":{"rendered":"https:\/\/diariotextual.com\/inicio\/?p=249520"},"modified":"2023-12-29T11:18:33","modified_gmt":"2023-12-29T14:18:33","slug":"entro-en-vigencia-el-dnu-de-milei-sin-que-la-justicia-haya-aceptado-suspenderlo","status":"publish","type":"post","link":"https:\/\/diariotextual.com\/inicio\/index.php\/2023\/12\/29\/entro-en-vigencia-el-dnu-de-milei-sin-que-la-justicia-haya-aceptado-suspenderlo\/","title":{"rendered":"Entr\u00f3 en vigencia el mega DNU de Milei que introduce cambios sustanciales en la vida de los argentinos"},"content":{"rendered":"\n<p>El <strong>Decreto de Necesidad y Urgencia 70\/2023<\/strong> de <strong>desregulaci\u00f3n econ\u00f3mica<\/strong>, dictado por el Gobierno de Javier Milei, <strong>comenz\u00f3 a regir este viernes<\/strong> sin que la Justicia haya dado a\u00fan un curso de manera favorable a reclamos de medidas cautelares que lo suspendan, en el marco de una treintena de amparos presentados por organizaciones sociales y sindicales, abogados constitucionalistas y ciudadanos particulares.<\/p>\n\n\n\n<p>El DNU provocar\u00e1\u00a0cambios sustanciales en innumerables aspectos de la vida econ\u00f3mica de la gente,\u00a0desde la forma de alquilar hasta el sistema de salud, con epicentro en el costo pr\u00e1cticamente impagable que pasar\u00e1n a\u00a0tener los servicios de financiamiento de la salud que brindan las empresas de medicina prepaga.<\/p>\n\n\n\n<p>Los cambios regulatorios incluidos en el decretazo de 366 art\u00edculos, son may\u00fasculos:\u00a0<strong>deroga la ley de alquileres, introduce cambios en recetas m\u00e9dicas, permite la acreditaci\u00f3n del sueldo en\u00a0billeteras digitales, simplifica la compra-venta de autos y permite a los bancos cobrar intereses sin tope sobre el saldo deudor de las tarjetas de cr\u00e9dito.<\/strong><\/p>\n\n\n\n<p>En el Cap\u00edtulo I del DNU, el Poder Ejecutivo introdujo cambios fundamentales al C\u00f3digo Civil.\u00a0Deroga dos art\u00edculos sancionados en 2015 y dispone que <strong>el que tome obligaciones en d\u00f3lares, deber\u00e1\u00a0pagar en esa moneda.<\/strong><\/p>\n\n\n\n<p>Estas medidas de desregulaci\u00f3n son acompa\u00f1adas por un\u00a0plan de estabilizaci\u00f3n de shock ortodoxo, que sorprende a propios y extra\u00f1os por su magnitud, y que como efecto inmediato\u00a0pr\u00e1cticamente elimin\u00f3 la brecha cambiaria, que seg\u00fan especialistas de distintas corrientes ideol\u00f3gicas, es la gran causa de que no lleguen inversiones extranjeras a la Argentina.<\/p>\n\n\n\n<p>Las medidas tambi\u00e9n est\u00e1n acompa\u00f1adas por un intento de sanear el casi quebranto del Banco Central, que si bien est\u00e1 recomponiendo reservas a pasos agigantados, a\u00fan tiene un enorme&nbsp;<br>volumen de deudas.<\/p>\n\n\n\n<div style=\"height:100px\" aria-hidden=\"true\" class=\"wp-block-spacer\"><\/div>\n\n\n\n<p><strong>El impacto sobre la actividad comercial<\/strong><\/p>\n\n\n\n<p>El DNU deroga la <strong>Ley de Abastecimiento<\/strong> (sancionada por Juan Domingo Per\u00f3n) y la <strong>Ley de G\u00f3ndolas<\/strong>, que intentaba regular la exhibici\u00f3n de productos en los supermercados.<\/p>\n\n\n\n<p>En el caso de las tarjetas de cr\u00e9dito, los consumidores deber\u00e1n prestar mucha atenci\u00f3n a los intereses que les cobran cada vez que se retrasan en un pago.<\/p>\n\n\n\n<p>Es que <strong>el DNU elimina los topes existentes a los intereses<\/strong> pero indica que la entidad emisora deber\u00e1 obligatoriamente dar a conocer el p\u00fablico la tasa de financiaci\u00f3n aplicada al sistema de\u00a0tarjeta de cr\u00e9dito.<\/p>\n\n\n\n<p>Para quienes est\u00e1n endeudados con las tarjetas ser\u00e1 muy complicado de aqu\u00ed en m\u00e1s. Es que Milei derog\u00f3 el art\u00edculo que fijaba topes a los intereses punitorios, los que rigen si la persona no llega a saldar ni siquiera el pago m\u00ednimo, por los atrasos en la cancelaci\u00f3n del resumen.<\/p>\n\n\n\n<div style=\"height:100px\" aria-hidden=\"true\" class=\"wp-block-spacer\"><\/div>\n\n\n\n<p><strong>Pago de salarios<\/strong><\/p>\n\n\n\n<p>El DNU modifica el art\u00edculo 766 C\u00f3digo Civil y Comercial y establece que el deudor debe entregar la cantidad correspondiente de la moneda designada, tanto si la moneda tiene curso legal en la\u00a0Rep\u00fablica como si no lo tiene. Por eso la canciller Diana Mondino dijo que se podr\u00e1n pactar contratos en Bitcoin y tambi\u00e9n cualquier otra cripto y\/o especie, como kilos de novillo o litros de leche.<\/p>\n\n\n\n<p>Hasta este jueves, por una normativa del Ministerio de Trabajo desde 2020, los salarios s\u00f3lo pueden pagarse en una cuenta bancaria o en efectivo. A partir de ahora, por el contrario, el DNU abre la puerta para que los empleadores puedan comenzar a acreditar los haberes en billeteras digitales.<\/p>\n\n\n\n<div style=\"height:100px\" aria-hidden=\"true\" class=\"wp-block-spacer\"><\/div>\n\n\n\n<p><strong>Prepagas<\/strong><\/p>\n\n\n\n<p>El decreto tambi\u00e9n desregul\u00f3 la medicina prepaga, donde las empresas ya avisaron a sus afiliados que <strong>habr\u00e1 incrementos del 38% al 42% con la cuota a pagar en enero<\/strong>.<\/p>\n\n\n\n<p>Se modifica adem\u00e1s la ley de obras sociales. Desde ahora, los aportes se podr\u00e1n derivar a cualquiera de las 300 obras sociales que existen, y por supuesto tambi\u00e9n seguir haci\u00e9ndolo a\u00a0una prepaga. El DNU quita la obligaci\u00f3n de triangular pasando por una obra social de convenio con la prepaga en cuesti\u00f3n.<\/p>\n\n\n\n<p>El decreto modifica la <strong>ley 25.649 de especialidades medicinales<\/strong>. Desde ahora, el m\u00e9dico queda obligado a prescribir por droga gen\u00e9rica del medicamento, por lo que la marca del remedio que el paciente adquiera surgir\u00e1 de su conversaci\u00f3n con el farmac\u00e9utico.<\/p>\n\n\n\n<p>Tambi\u00e9n se busca migrar a la <strong>receta electr\u00f3nica<\/strong>, a los fines de lograr una mayor agilidad de la industria y minimizar costos.<\/p>\n\n\n\n<p>En cuanto a las farmacias, el decreto de necesidad y urgencia cambia el art\u00edculo 1, que si bien dice que los remedios s\u00f3lo se pueden vender en farmacias habilitadas, ya no contiene la parte que afirmaba que la venta de medicamentos fuera de estos establecimientos se considera ejercicio ilegal de la farmacia, con consecuencias penales.<\/p>\n\n\n\n<div style=\"height:100px\" aria-hidden=\"true\" class=\"wp-block-spacer\"><\/div>\n\n\n\n<p><strong>Indemnizaciones<\/strong><\/p>\n\n\n\n<p>Uno de los componentes del decreto que viene generando m\u00e1s polvareda es la reducci\u00f3n de las\u00a0indemnizaciones por despido.<\/p>\n\n\n\n<p>El decreto aclara que la base de c\u00e1lculo de la indemnizaci\u00f3n\u00a0no incluir\u00e1 el Sueldo Anual Complementario, ni conceptos de pago semestral o anual.<\/p>\n\n\n\n<p>Esto dejar\u00eda afuera contabilizar beneficios como bonos anuales, ticket canasta o vales alimentarios, pese a que fueron reconocidos en varios fallos.<\/p>\n\n\n\n<p>En este marco, en el mercado laboral regir\u00e1 la extensi\u00f3n del per\u00edodo de prueba, que sube de de 3 a 8 meses, por lo cual el empleado podr\u00e1 ser despedido sin derecho a indemnizaci\u00f3n en ese lapso.&nbsp;<\/p>\n\n\n\n<p>Tambi\u00e9n eliminan todas las multas establecidas por ley que el empleador debe pagar al trabajador afectado para la falta de registro de la relaci\u00f3n laboral o su registro irregular.<\/p>\n\n\n\n<p>El DNU establece un indemnizaci\u00f3n alternativa inspirada en el sistema de la construcci\u00f3n. Las partes podr\u00e1n sustituir el presente r\u00e9gimen indemnizatorio por un fondo o sistema de cese\u00a0laboral cuyo costo estar\u00e1 siempre a cargo del empleador, con un aporte mensual que no podr\u00e1 ser superior al 8% de la remuneraci\u00f3n computable, se\u00f1ala.<\/p>\n\n\n\n<div style=\"height:100px\" aria-hidden=\"true\" class=\"wp-block-spacer\"><\/div>\n\n\n\n<p><strong>Venta de autos<\/strong><\/p>\n\n\n\n<p>El mega decreto busca simplificar los tr\u00e1mites para poder comprar un auto. Mieli defendi\u00f3 especialmente este punto al recordar que hasta ahora comprar o vender un auto requer\u00eda 12 tr\u00e1mites y los gestores se llevaban hasta el 6% del precio del rodado, el m\u00e1s\u00a0caro de toda la regi\u00f3n.<\/p>\n\n\n\n<p>Uno de los objetivos principales de la medida es que la patente pertenezca al usuario y no al veh\u00edculo. Esto quiere decir que el due\u00f1o tendr\u00e1 tantos dominios \u00fanicos como autos tenga, y las\u00a0patentes estar\u00e1n unidas al Documento Nacional de Identidad (DNI) de cada persona.<\/p>\n\n\n\n<div style=\"height:100px\" aria-hidden=\"true\" class=\"wp-block-spacer\"><\/div>\n\n\n\n<p><strong>Aerol\u00edneas Argentinas<\/strong><\/p>\n\n\n\n<p>El DNU empieza a hacer lugar para la cesi\u00f3n del paquete accionario total o parcial de Aerol\u00edneas Argentinas, pero a\u00fan no se reglament\u00f3. \u00a0 \u00a0\u00a0<\/p>\n","protected":false},"excerpt":{"rendered":"<p>El Decreto de Necesidad y Urgencia 70\/2023 de desregulaci\u00f3n econ\u00f3mica, dictado por el Gobierno de Javier Milei, comenz\u00f3 a regir este viernes sin que la Justicia haya dado a\u00fan un&hellip;<\/p>\n","protected":false},"author":7,"featured_media":247333,"comment_status":"closed","ping_status":"open","sticky":false,"template":"","format":"standard","meta":{"_acf_changed":false,"footnotes":""},"categories":[1,8],"tags":[],"class_list":["post-249520","post","type-post","status-publish","format-standard","has-post-thumbnail","hentry","category-es-noticia","category-politica"],"acf":[],"yoast_head":"<!-- This site is optimized with the Yoast SEO plugin v27.5 - https:\/\/yoast.com\/product\/yoast-seo-wordpress\/ -->\n<title>Entr\u00f3 en vigencia el mega DNU de Milei que introduce cambios sustanciales en la vida de los argentinos - Diario Textual<\/title>\n<meta name=\"robots\" content=\"index, follow, max-snippet:-1, max-image-preview:large, max-video-preview:-1\" \/>\n<link rel=\"canonical\" href=\"https:\/\/diariotextual.com\/inicio\/index.php\/2023\/12\/29\/entro-en-vigencia-el-dnu-de-milei-sin-que-la-justicia-haya-aceptado-suspenderlo\/\" \/>\n<meta property=\"og:locale\" content=\"es_ES\" \/>\n<meta property=\"og:type\" content=\"article\" \/>\n<meta property=\"og:title\" content=\"Entr\u00f3 en vigencia el mega DNU de Milei que introduce cambios sustanciales en la vida de los argentinos - Diario Textual\" \/>\n<meta property=\"og:description\" content=\"El Decreto de Necesidad y Urgencia 70\/2023 de desregulaci\u00f3n econ\u00f3mica, dictado por el Gobierno de Javier Milei, comenz\u00f3 a regir este viernes sin que la Justicia haya dado a\u00fan un&hellip;\" \/>\n<meta property=\"og:url\" content=\"https:\/\/diariotextual.com\/inicio\/index.php\/2023\/12\/29\/entro-en-vigencia-el-dnu-de-milei-sin-que-la-justicia-haya-aceptado-suspenderlo\/\" \/>\n<meta property=\"og:site_name\" content=\"Diario Textual\" \/>\n<meta property=\"article:publisher\" content=\"https:\/\/www.facebook.com\/eltextual\" \/>\n<meta property=\"article:published_time\" content=\"2023-12-29T10:56:28+00:00\" \/>\n<meta property=\"article:modified_time\" content=\"2023-12-29T14:18:33+00:00\" \/>\n<meta property=\"og:image\" content=\"https:\/\/diariotextual.com\/inicio\/wp-content\/uploads\/2023\/12\/mileijaviertelam2023-01223.jpg\" \/>\n\t<meta property=\"og:image:width\" content=\"1200\" \/>\n\t<meta property=\"og:image:height\" content=\"675\" \/>\n\t<meta property=\"og:image:type\" content=\"image\/jpeg\" \/>\n<meta name=\"author\" content=\"diario5\" \/>\n<meta name=\"twitter:card\" content=\"summary_large_image\" \/>\n<meta name=\"twitter:creator\" content=\"@eltextual\" \/>\n<meta name=\"twitter:site\" content=\"@eltextual\" \/>\n<meta name=\"twitter:label1\" content=\"Escrito por\" \/>\n\t<meta name=\"twitter:data1\" content=\"diario5\" \/>\n\t<meta name=\"twitter:label2\" content=\"Tiempo de lectura\" \/>\n\t<meta name=\"twitter:data2\" content=\"6 minutos\" \/>\n<script type=\"application\/ld+json\" class=\"yoast-schema-graph\">{\"@context\":\"https:\\\/\\\/schema.org\",\"@graph\":[{\"@type\":\"Article\",\"@id\":\"https:\\\/\\\/diariotextual.com\\\/inicio\\\/index.php\\\/2023\\\/12\\\/29\\\/entro-en-vigencia-el-dnu-de-milei-sin-que-la-justicia-haya-aceptado-suspenderlo\\\/#article\",\"isPartOf\":{\"@id\":\"https:\\\/\\\/diariotextual.com\\\/inicio\\\/index.php\\\/2023\\\/12\\\/29\\\/entro-en-vigencia-el-dnu-de-milei-sin-que-la-justicia-haya-aceptado-suspenderlo\\\/\"},\"author\":{\"name\":\"diario5\",\"@id\":\"https:\\\/\\\/diariotextual.com\\\/inicio\\\/#\\\/schema\\\/person\\\/c7834961ad8b29b1d9cdbf4571299067\"},\"headline\":\"Entr\u00f3 en vigencia el mega DNU de Milei que introduce cambios sustanciales en la vida de los argentinos\",\"datePublished\":\"2023-12-29T10:56:28+00:00\",\"dateModified\":\"2023-12-29T14:18:33+00:00\",\"mainEntityOfPage\":{\"@id\":\"https:\\\/\\\/diariotextual.com\\\/inicio\\\/index.php\\\/2023\\\/12\\\/29\\\/entro-en-vigencia-el-dnu-de-milei-sin-que-la-justicia-haya-aceptado-suspenderlo\\\/\"},\"wordCount\":1151,\"publisher\":{\"@id\":\"https:\\\/\\\/diariotextual.com\\\/inicio\\\/#organization\"},\"image\":{\"@id\":\"https:\\\/\\\/diariotextual.com\\\/inicio\\\/index.php\\\/2023\\\/12\\\/29\\\/entro-en-vigencia-el-dnu-de-milei-sin-que-la-justicia-haya-aceptado-suspenderlo\\\/#primaryimage\"},\"thumbnailUrl\":\"https:\\\/\\\/diariotextual.com\\\/inicio\\\/wp-content\\\/uploads\\\/2023\\\/12\\\/mileijaviertelam2023-01223.jpg\",\"articleSection\":[\"A - ES NOTICIA (van abajo)\",\"POLITICA\"],\"inLanguage\":\"es\"},{\"@type\":\"WebPage\",\"@id\":\"https:\\\/\\\/diariotextual.com\\\/inicio\\\/index.php\\\/2023\\\/12\\\/29\\\/entro-en-vigencia-el-dnu-de-milei-sin-que-la-justicia-haya-aceptado-suspenderlo\\\/\",\"url\":\"https:\\\/\\\/diariotextual.com\\\/inicio\\\/index.php\\\/2023\\\/12\\\/29\\\/entro-en-vigencia-el-dnu-de-milei-sin-que-la-justicia-haya-aceptado-suspenderlo\\\/\",\"name\":\"Entr\u00f3 en vigencia el mega DNU de Milei que introduce cambios sustanciales en la vida de los argentinos - Diario Textual\",\"isPartOf\":{\"@id\":\"https:\\\/\\\/diariotextual.com\\\/inicio\\\/#website\"},\"primaryImageOfPage\":{\"@id\":\"https:\\\/\\\/diariotextual.com\\\/inicio\\\/index.php\\\/2023\\\/12\\\/29\\\/entro-en-vigencia-el-dnu-de-milei-sin-que-la-justicia-haya-aceptado-suspenderlo\\\/#primaryimage\"},\"image\":{\"@id\":\"https:\\\/\\\/diariotextual.com\\\/inicio\\\/index.php\\\/2023\\\/12\\\/29\\\/entro-en-vigencia-el-dnu-de-milei-sin-que-la-justicia-haya-aceptado-suspenderlo\\\/#primaryimage\"},\"thumbnailUrl\":\"https:\\\/\\\/diariotextual.com\\\/inicio\\\/wp-content\\\/uploads\\\/2023\\\/12\\\/mileijaviertelam2023-01223.jpg\",\"datePublished\":\"2023-12-29T10:56:28+00:00\",\"dateModified\":\"2023-12-29T14:18:33+00:00\",\"breadcrumb\":{\"@id\":\"https:\\\/\\\/diariotextual.com\\\/inicio\\\/index.php\\\/2023\\\/12\\\/29\\\/entro-en-vigencia-el-dnu-de-milei-sin-que-la-justicia-haya-aceptado-suspenderlo\\\/#breadcrumb\"},\"inLanguage\":\"es\",\"potentialAction\":[{\"@type\":\"ReadAction\",\"target\":[\"https:\\\/\\\/diariotextual.com\\\/inicio\\\/index.php\\\/2023\\\/12\\\/29\\\/entro-en-vigencia-el-dnu-de-milei-sin-que-la-justicia-haya-aceptado-suspenderlo\\\/\"]}]},{\"@type\":\"ImageObject\",\"inLanguage\":\"es\",\"@id\":\"https:\\\/\\\/diariotextual.com\\\/inicio\\\/index.php\\\/2023\\\/12\\\/29\\\/entro-en-vigencia-el-dnu-de-milei-sin-que-la-justicia-haya-aceptado-suspenderlo\\\/#primaryimage\",\"url\":\"https:\\\/\\\/diariotextual.com\\\/inicio\\\/wp-content\\\/uploads\\\/2023\\\/12\\\/mileijaviertelam2023-01223.jpg\",\"contentUrl\":\"https:\\\/\\\/diariotextual.com\\\/inicio\\\/wp-content\\\/uploads\\\/2023\\\/12\\\/mileijaviertelam2023-01223.jpg\",\"width\":1200,\"height\":675},{\"@type\":\"BreadcrumbList\",\"@id\":\"https:\\\/\\\/diariotextual.com\\\/inicio\\\/index.php\\\/2023\\\/12\\\/29\\\/entro-en-vigencia-el-dnu-de-milei-sin-que-la-justicia-haya-aceptado-suspenderlo\\\/#breadcrumb\",\"itemListElement\":[{\"@type\":\"ListItem\",\"position\":1,\"name\":\"Portada\",\"item\":\"https:\\\/\\\/diariotextual.com\\\/inicio\\\/\"},{\"@type\":\"ListItem\",\"position\":2,\"name\":\"Entr\u00f3 en vigencia el mega DNU de Milei que introduce cambios sustanciales en la vida de los argentinos\"}]},{\"@type\":\"WebSite\",\"@id\":\"https:\\\/\\\/diariotextual.com\\\/inicio\\\/#website\",\"url\":\"https:\\\/\\\/diariotextual.com\\\/inicio\\\/\",\"name\":\"Diario Textual\",\"description\":\"\",\"publisher\":{\"@id\":\"https:\\\/\\\/diariotextual.com\\\/inicio\\\/#organization\"},\"potentialAction\":[{\"@type\":\"SearchAction\",\"target\":{\"@type\":\"EntryPoint\",\"urlTemplate\":\"https:\\\/\\\/diariotextual.com\\\/inicio\\\/?s={search_term_string}\"},\"query-input\":{\"@type\":\"PropertyValueSpecification\",\"valueRequired\":true,\"valueName\":\"search_term_string\"}}],\"inLanguage\":\"es\"},{\"@type\":\"Organization\",\"@id\":\"https:\\\/\\\/diariotextual.com\\\/inicio\\\/#organization\",\"name\":\"Diario Textual\",\"url\":\"https:\\\/\\\/diariotextual.com\\\/inicio\\\/\",\"logo\":{\"@type\":\"ImageObject\",\"inLanguage\":\"es\",\"@id\":\"https:\\\/\\\/diariotextual.com\\\/inicio\\\/#\\\/schema\\\/logo\\\/image\\\/\",\"url\":\"https:\\\/\\\/diariotextual.com\\\/inicio\\\/wp-content\\\/uploads\\\/2023\\\/05\\\/logotextual1.jpg\",\"contentUrl\":\"https:\\\/\\\/diariotextual.com\\\/inicio\\\/wp-content\\\/uploads\\\/2023\\\/05\\\/logotextual1.jpg\",\"width\":516,\"height\":76,\"caption\":\"Diario Textual\"},\"image\":{\"@id\":\"https:\\\/\\\/diariotextual.com\\\/inicio\\\/#\\\/schema\\\/logo\\\/image\\\/\"},\"sameAs\":[\"https:\\\/\\\/www.facebook.com\\\/eltextual\",\"https:\\\/\\\/x.com\\\/eltextual\",\"http:\\\/\\\/www.instagram.com\\\/eltextual\"]},{\"@type\":\"Person\",\"@id\":\"https:\\\/\\\/diariotextual.com\\\/inicio\\\/#\\\/schema\\\/person\\\/c7834961ad8b29b1d9cdbf4571299067\",\"name\":\"diario5\",\"image\":{\"@type\":\"ImageObject\",\"inLanguage\":\"es\",\"@id\":\"https:\\\/\\\/secure.gravatar.com\\\/avatar\\\/948c893b847ca6df68216ead81b63f363408ec9b0f600fefc0641ce78613b111?s=96&d=mm&r=g\",\"url\":\"https:\\\/\\\/secure.gravatar.com\\\/avatar\\\/948c893b847ca6df68216ead81b63f363408ec9b0f600fefc0641ce78613b111?s=96&d=mm&r=g\",\"contentUrl\":\"https:\\\/\\\/secure.gravatar.com\\\/avatar\\\/948c893b847ca6df68216ead81b63f363408ec9b0f600fefc0641ce78613b111?s=96&d=mm&r=g\",\"caption\":\"diario5\"},\"url\":\"https:\\\/\\\/diariotextual.com\\\/inicio\\\/index.php\\\/author\\\/diario5\\\/\"}]}<\/script>\n<!-- \/ Yoast SEO plugin. -->","yoast_head_json":{"title":"Entr\u00f3 en vigencia el mega DNU de Milei que introduce cambios sustanciales en la vida de los argentinos - Diario Textual","robots":{"index":"index","follow":"follow","max-snippet":"max-snippet:-1","max-image-preview":"max-image-preview:large","max-video-preview":"max-video-preview:-1"},"canonical":"https:\/\/diariotextual.com\/inicio\/index.php\/2023\/12\/29\/entro-en-vigencia-el-dnu-de-milei-sin-que-la-justicia-haya-aceptado-suspenderlo\/","og_locale":"es_ES","og_type":"article","og_title":"Entr\u00f3 en vigencia el mega DNU de Milei que introduce cambios sustanciales en la vida de los argentinos - Diario Textual","og_description":"El Decreto de Necesidad y Urgencia 70\/2023 de desregulaci\u00f3n econ\u00f3mica, dictado por el Gobierno de Javier Milei, comenz\u00f3 a regir este viernes sin que la Justicia haya dado a\u00fan un&hellip;","og_url":"https:\/\/diariotextual.com\/inicio\/index.php\/2023\/12\/29\/entro-en-vigencia-el-dnu-de-milei-sin-que-la-justicia-haya-aceptado-suspenderlo\/","og_site_name":"Diario Textual","article_publisher":"https:\/\/www.facebook.com\/eltextual","article_published_time":"2023-12-29T10:56:28+00:00","article_modified_time":"2023-12-29T14:18:33+00:00","og_image":[{"width":1200,"height":675,"url":"https:\/\/diariotextual.com\/inicio\/wp-content\/uploads\/2023\/12\/mileijaviertelam2023-01223.jpg","type":"image\/jpeg"}],"author":"diario5","twitter_card":"summary_large_image","twitter_creator":"@eltextual","twitter_site":"@eltextual","twitter_misc":{"Escrito por":"diario5","Tiempo de lectura":"6 minutos"},"schema":{"@context":"https:\/\/schema.org","@graph":[{"@type":"Article","@id":"https:\/\/diariotextual.com\/inicio\/index.php\/2023\/12\/29\/entro-en-vigencia-el-dnu-de-milei-sin-que-la-justicia-haya-aceptado-suspenderlo\/#article","isPartOf":{"@id":"https:\/\/diariotextual.com\/inicio\/index.php\/2023\/12\/29\/entro-en-vigencia-el-dnu-de-milei-sin-que-la-justicia-haya-aceptado-suspenderlo\/"},"author":{"name":"diario5","@id":"https:\/\/diariotextual.com\/inicio\/#\/schema\/person\/c7834961ad8b29b1d9cdbf4571299067"},"headline":"Entr\u00f3 en vigencia el mega DNU de Milei que introduce cambios sustanciales en la vida de los argentinos","datePublished":"2023-12-29T10:56:28+00:00","dateModified":"2023-12-29T14:18:33+00:00","mainEntityOfPage":{"@id":"https:\/\/diariotextual.com\/inicio\/index.php\/2023\/12\/29\/entro-en-vigencia-el-dnu-de-milei-sin-que-la-justicia-haya-aceptado-suspenderlo\/"},"wordCount":1151,"publisher":{"@id":"https:\/\/diariotextual.com\/inicio\/#organization"},"image":{"@id":"https:\/\/diariotextual.com\/inicio\/index.php\/2023\/12\/29\/entro-en-vigencia-el-dnu-de-milei-sin-que-la-justicia-haya-aceptado-suspenderlo\/#primaryimage"},"thumbnailUrl":"https:\/\/diariotextual.com\/inicio\/wp-content\/uploads\/2023\/12\/mileijaviertelam2023-01223.jpg","articleSection":["A - ES NOTICIA (van abajo)","POLITICA"],"inLanguage":"es"},{"@type":"WebPage","@id":"https:\/\/diariotextual.com\/inicio\/index.php\/2023\/12\/29\/entro-en-vigencia-el-dnu-de-milei-sin-que-la-justicia-haya-aceptado-suspenderlo\/","url":"https:\/\/diariotextual.com\/inicio\/index.php\/2023\/12\/29\/entro-en-vigencia-el-dnu-de-milei-sin-que-la-justicia-haya-aceptado-suspenderlo\/","name":"Entr\u00f3 en vigencia el mega DNU de Milei que introduce cambios sustanciales en la vida de los argentinos - Diario Textual","isPartOf":{"@id":"https:\/\/diariotextual.com\/inicio\/#website"},"primaryImageOfPage":{"@id":"https:\/\/diariotextual.com\/inicio\/index.php\/2023\/12\/29\/entro-en-vigencia-el-dnu-de-milei-sin-que-la-justicia-haya-aceptado-suspenderlo\/#primaryimage"},"image":{"@id":"https:\/\/diariotextual.com\/inicio\/index.php\/2023\/12\/29\/entro-en-vigencia-el-dnu-de-milei-sin-que-la-justicia-haya-aceptado-suspenderlo\/#primaryimage"},"thumbnailUrl":"https:\/\/diariotextual.com\/inicio\/wp-content\/uploads\/2023\/12\/mileijaviertelam2023-01223.jpg","datePublished":"2023-12-29T10:56:28+00:00","dateModified":"2023-12-29T14:18:33+00:00","breadcrumb":{"@id":"https:\/\/diariotextual.com\/inicio\/index.php\/2023\/12\/29\/entro-en-vigencia-el-dnu-de-milei-sin-que-la-justicia-haya-aceptado-suspenderlo\/#breadcrumb"},"inLanguage":"es","potentialAction":[{"@type":"ReadAction","target":["https:\/\/diariotextual.com\/inicio\/index.php\/2023\/12\/29\/entro-en-vigencia-el-dnu-de-milei-sin-que-la-justicia-haya-aceptado-suspenderlo\/"]}]},{"@type":"ImageObject","inLanguage":"es","@id":"https:\/\/diariotextual.com\/inicio\/index.php\/2023\/12\/29\/entro-en-vigencia-el-dnu-de-milei-sin-que-la-justicia-haya-aceptado-suspenderlo\/#primaryimage","url":"https:\/\/diariotextual.com\/inicio\/wp-content\/uploads\/2023\/12\/mileijaviertelam2023-01223.jpg","contentUrl":"https:\/\/diariotextual.com\/inicio\/wp-content\/uploads\/2023\/12\/mileijaviertelam2023-01223.jpg","width":1200,"height":675},{"@type":"BreadcrumbList","@id":"https:\/\/diariotextual.com\/inicio\/index.php\/2023\/12\/29\/entro-en-vigencia-el-dnu-de-milei-sin-que-la-justicia-haya-aceptado-suspenderlo\/#breadcrumb","itemListElement":[{"@type":"ListItem","position":1,"name":"Portada","item":"https:\/\/diariotextual.com\/inicio\/"},{"@type":"ListItem","position":2,"name":"Entr\u00f3 en vigencia el mega DNU de Milei que introduce cambios sustanciales en la vida de los argentinos"}]},{"@type":"WebSite","@id":"https:\/\/diariotextual.com\/inicio\/#website","url":"https:\/\/diariotextual.com\/inicio\/","name":"Diario Textual","description":"","publisher":{"@id":"https:\/\/diariotextual.com\/inicio\/#organization"},"potentialAction":[{"@type":"SearchAction","target":{"@type":"EntryPoint","urlTemplate":"https:\/\/diariotextual.com\/inicio\/?s={search_term_string}"},"query-input":{"@type":"PropertyValueSpecification","valueRequired":true,"valueName":"search_term_string"}}],"inLanguage":"es"},{"@type":"Organization","@id":"https:\/\/diariotextual.com\/inicio\/#organization","name":"Diario Textual","url":"https:\/\/diariotextual.com\/inicio\/","logo":{"@type":"ImageObject","inLanguage":"es","@id":"https:\/\/diariotextual.com\/inicio\/#\/schema\/logo\/image\/","url":"https:\/\/diariotextual.com\/inicio\/wp-content\/uploads\/2023\/05\/logotextual1.jpg","contentUrl":"https:\/\/diariotextual.com\/inicio\/wp-content\/uploads\/2023\/05\/logotextual1.jpg","width":516,"height":76,"caption":"Diario Textual"},"image":{"@id":"https:\/\/diariotextual.com\/inicio\/#\/schema\/logo\/image\/"},"sameAs":["https:\/\/www.facebook.com\/eltextual","https:\/\/x.com\/eltextual","http:\/\/www.instagram.com\/eltextual"]},{"@type":"Person","@id":"https:\/\/diariotextual.com\/inicio\/#\/schema\/person\/c7834961ad8b29b1d9cdbf4571299067","name":"diario5","image":{"@type":"ImageObject","inLanguage":"es","@id":"https:\/\/secure.gravatar.com\/avatar\/948c893b847ca6df68216ead81b63f363408ec9b0f600fefc0641ce78613b111?s=96&d=mm&r=g","url":"https:\/\/secure.gravatar.com\/avatar\/948c893b847ca6df68216ead81b63f363408ec9b0f600fefc0641ce78613b111?s=96&d=mm&r=g","contentUrl":"https:\/\/secure.gravatar.com\/avatar\/948c893b847ca6df68216ead81b63f363408ec9b0f600fefc0641ce78613b111?s=96&d=mm&r=g","caption":"diario5"},"url":"https:\/\/diariotextual.com\/inicio\/index.php\/author\/diario5\/"}]}},"_links":{"self":[{"href":"https:\/\/diariotextual.com\/inicio\/index.php\/wp-json\/wp\/v2\/posts\/249520","targetHints":{"allow":["GET"]}}],"collection":[{"href":"https:\/\/diariotextual.com\/inicio\/index.php\/wp-json\/wp\/v2\/posts"}],"about":[{"href":"https:\/\/diariotextual.com\/inicio\/index.php\/wp-json\/wp\/v2\/types\/post"}],"author":[{"embeddable":true,"href":"https:\/\/diariotextual.com\/inicio\/index.php\/wp-json\/wp\/v2\/users\/7"}],"replies":[{"embeddable":true,"href":"https:\/\/diariotextual.com\/inicio\/index.php\/wp-json\/wp\/v2\/comments?post=249520"}],"version-history":[{"count":7,"href":"https:\/\/diariotextual.com\/inicio\/index.php\/wp-json\/wp\/v2\/posts\/249520\/revisions"}],"predecessor-version":[{"id":249544,"href":"https:\/\/diariotextual.com\/inicio\/index.php\/wp-json\/wp\/v2\/posts\/249520\/revisions\/249544"}],"wp:featuredmedia":[{"embeddable":true,"href":"https:\/\/diariotextual.com\/inicio\/index.php\/wp-json\/wp\/v2\/media\/247333"}],"wp:attachment":[{"href":"https:\/\/diariotextual.com\/inicio\/index.php\/wp-json\/wp\/v2\/media?parent=249520"}],"wp:term":[{"taxonomy":"category","embeddable":true,"href":"https:\/\/diariotextual.com\/inicio\/index.php\/wp-json\/wp\/v2\/categories?post=249520"},{"taxonomy":"post_tag","embeddable":true,"href":"https:\/\/diariotextual.com\/inicio\/index.php\/wp-json\/wp\/v2\/tags?post=249520"}],"curies":[{"name":"wp","href":"https:\/\/api.w.org\/{rel}","templated":true}]}}