{"id":249624,"date":"2023-12-29T21:00:00","date_gmt":"2023-12-30T00:00:00","guid":{"rendered":"https:\/\/diariotextual.com\/inicio\/?p=249624"},"modified":"2023-12-30T09:15:25","modified_gmt":"2023-12-30T12:15:25","slug":"esto-recien-empieza-sturzenegger-dijo-que-la-semana-que-viene-se-eliminaran-otras-160-leyes","status":"publish","type":"post","link":"https:\/\/diariotextual.com\/inicio\/index.php\/2023\/12\/29\/esto-recien-empieza-sturzenegger-dijo-que-la-semana-que-viene-se-eliminaran-otras-160-leyes\/","title":{"rendered":"Sturzenegger anticip\u00f3 que el Gobierno enviar\u00e1 otra ley que elimina 160 regulaciones"},"content":{"rendered":"\n<p><strong>Federico Sturzenegger<\/strong>, el arquitecto detr\u00e1s del ambicioso paquete de reformas del presidente\u00a0<strong>Javier Milei<\/strong>, adelant\u00f3 que pronto se dar\u00e1n a conocer nuevos cambios en las pol\u00edticas, independientemente del malestar social y las protestas de los trabajadores que desencadene la magnitud de las reformas del Gobierno.<\/p>\n\n\n\n<p>El expresidente de Banco Central y asesor clave de Milei en la tarea de desregular la debilitada econom\u00eda, dijo que el Gobierno enviar\u00e1 la pr\u00f3xima semana otro proyecto de ley al Congreso para eliminar 160 regulaciones \u201cabsurdas\u201d que obstaculizan la actividad econ\u00f3mica. Junto con un\u00a0decreto en expansi\u00f3n\u00a0y otro\u00a0proyecto de ley de amplio alcance\u00a0que present\u00f3 el Gobierno en sus primeras tres semanas en el poder, buscan transformar radicalmente la naci\u00f3n sudamericana, afirm\u00f3.<\/p>\n\n\n\n<p>\u201cEl proyecto de reformas tiene una dimensionalidad que es m\u00e1s profunda que las reformas mismas; es como una reconfiguraci\u00f3n de la estructura del poder econ\u00f3mico en Argentina\u201d, afirm\u00f3 Sturzenegger en una entrevista realizada en Casa Rosada, y agreg\u00f3 que las medidas representan solo el 40% de los cambios que Milei quiere lograr. \u201cNo me acuerdo de nadie que tuviera tanta contundencia\u201d, expres\u00f3.<\/p>\n\n\n\n<p><\/p>\n","protected":false},"excerpt":{"rendered":"<p>Federico Sturzenegger, el arquitecto detr\u00e1s del ambicioso paquete de reformas del presidente\u00a0Javier Milei, adelant\u00f3 que pronto se dar\u00e1n a conocer nuevos cambios en las pol\u00edticas, independientemente del malestar social y&hellip;<\/p>\n","protected":false},"author":3,"featured_media":248736,"comment_status":"closed","ping_status":"open","sticky":false,"template":"","format":"standard","meta":{"_acf_changed":false,"footnotes":""},"categories":[1,8],"tags":[],"class_list":["post-249624","post","type-post","status-publish","format-standard","has-post-thumbnail","hentry","category-es-noticia","category-politica"],"acf":[],"yoast_head":"<!-- This site is optimized with the Yoast SEO plugin v27.5 - https:\/\/yoast.com\/product\/yoast-seo-wordpress\/ -->\n<title>Sturzenegger anticip\u00f3 que el Gobierno enviar\u00e1 otra ley que elimina 160 regulaciones - Diario Textual<\/title>\n<meta name=\"robots\" content=\"index, follow, max-snippet:-1, max-image-preview:large, max-video-preview:-1\" \/>\n<link rel=\"canonical\" href=\"https:\/\/diariotextual.com\/inicio\/index.php\/2023\/12\/29\/esto-recien-empieza-sturzenegger-dijo-que-la-semana-que-viene-se-eliminaran-otras-160-leyes\/\" \/>\n<meta property=\"og:locale\" content=\"es_ES\" \/>\n<meta property=\"og:type\" content=\"article\" \/>\n<meta property=\"og:title\" content=\"Sturzenegger anticip\u00f3 que el Gobierno enviar\u00e1 otra ley que elimina 160 regulaciones - Diario Textual\" \/>\n<meta property=\"og:description\" content=\"Federico Sturzenegger, el arquitecto detr\u00e1s del ambicioso paquete de reformas del presidente\u00a0Javier Milei, adelant\u00f3 que pronto se dar\u00e1n a conocer nuevos cambios en las pol\u00edticas, independientemente del malestar social y&hellip;\" \/>\n<meta property=\"og:url\" content=\"https:\/\/diariotextual.com\/inicio\/index.php\/2023\/12\/29\/esto-recien-empieza-sturzenegger-dijo-que-la-semana-que-viene-se-eliminaran-otras-160-leyes\/\" \/>\n<meta property=\"og:site_name\" content=\"Diario Textual\" \/>\n<meta property=\"article:publisher\" content=\"https:\/\/www.facebook.com\/eltextual\" \/>\n<meta property=\"article:published_time\" content=\"2023-12-30T00:00:00+00:00\" \/>\n<meta property=\"article:modified_time\" content=\"2023-12-30T12:15:25+00:00\" \/>\n<meta property=\"og:image\" content=\"https:\/\/diariotextual.com\/inicio\/wp-content\/uploads\/2023\/12\/cacerolazoscontradnumileitelam2023-1.jpg\" \/>\n\t<meta property=\"og:image:width\" content=\"1200\" \/>\n\t<meta property=\"og:image:height\" content=\"675\" \/>\n\t<meta property=\"og:image:type\" content=\"image\/jpeg\" \/>\n<meta name=\"author\" content=\"Diario1 Diario1\" \/>\n<meta name=\"twitter:card\" content=\"summary_large_image\" \/>\n<meta name=\"twitter:creator\" content=\"@eltextual\" \/>\n<meta name=\"twitter:site\" content=\"@eltextual\" \/>\n<meta name=\"twitter:label1\" content=\"Escrito por\" \/>\n\t<meta name=\"twitter:data1\" content=\"Diario1 Diario1\" \/>\n\t<meta name=\"twitter:label2\" content=\"Tiempo de lectura\" \/>\n\t<meta name=\"twitter:data2\" content=\"2 minutos\" \/>\n<script type=\"application\/ld+json\" class=\"yoast-schema-graph\">{\"@context\":\"https:\\\/\\\/schema.org\",\"@graph\":[{\"@type\":\"Article\",\"@id\":\"https:\\\/\\\/diariotextual.com\\\/inicio\\\/index.php\\\/2023\\\/12\\\/29\\\/esto-recien-empieza-sturzenegger-dijo-que-la-semana-que-viene-se-eliminaran-otras-160-leyes\\\/#article\",\"isPartOf\":{\"@id\":\"https:\\\/\\\/diariotextual.com\\\/inicio\\\/index.php\\\/2023\\\/12\\\/29\\\/esto-recien-empieza-sturzenegger-dijo-que-la-semana-que-viene-se-eliminaran-otras-160-leyes\\\/\"},\"author\":{\"name\":\"Diario1 Diario1\",\"@id\":\"https:\\\/\\\/diariotextual.com\\\/inicio\\\/#\\\/schema\\\/person\\\/418fc4093c33e86ed41562db3508f958\"},\"headline\":\"Sturzenegger anticip\u00f3 que el Gobierno enviar\u00e1 otra ley que elimina 160 regulaciones\",\"datePublished\":\"2023-12-30T00:00:00+00:00\",\"dateModified\":\"2023-12-30T12:15:25+00:00\",\"mainEntityOfPage\":{\"@id\":\"https:\\\/\\\/diariotextual.com\\\/inicio\\\/index.php\\\/2023\\\/12\\\/29\\\/esto-recien-empieza-sturzenegger-dijo-que-la-semana-que-viene-se-eliminaran-otras-160-leyes\\\/\"},\"wordCount\":202,\"publisher\":{\"@id\":\"https:\\\/\\\/diariotextual.com\\\/inicio\\\/#organization\"},\"image\":{\"@id\":\"https:\\\/\\\/diariotextual.com\\\/inicio\\\/index.php\\\/2023\\\/12\\\/29\\\/esto-recien-empieza-sturzenegger-dijo-que-la-semana-que-viene-se-eliminaran-otras-160-leyes\\\/#primaryimage\"},\"thumbnailUrl\":\"https:\\\/\\\/diariotextual.com\\\/inicio\\\/wp-content\\\/uploads\\\/2023\\\/12\\\/cacerolazoscontradnumileitelam2023-1.jpg\",\"articleSection\":[\"A - ES NOTICIA (van abajo)\",\"POLITICA\"],\"inLanguage\":\"es\"},{\"@type\":\"WebPage\",\"@id\":\"https:\\\/\\\/diariotextual.com\\\/inicio\\\/index.php\\\/2023\\\/12\\\/29\\\/esto-recien-empieza-sturzenegger-dijo-que-la-semana-que-viene-se-eliminaran-otras-160-leyes\\\/\",\"url\":\"https:\\\/\\\/diariotextual.com\\\/inicio\\\/index.php\\\/2023\\\/12\\\/29\\\/esto-recien-empieza-sturzenegger-dijo-que-la-semana-que-viene-se-eliminaran-otras-160-leyes\\\/\",\"name\":\"Sturzenegger anticip\u00f3 que el Gobierno enviar\u00e1 otra ley que elimina 160 regulaciones - Diario Textual\",\"isPartOf\":{\"@id\":\"https:\\\/\\\/diariotextual.com\\\/inicio\\\/#website\"},\"primaryImageOfPage\":{\"@id\":\"https:\\\/\\\/diariotextual.com\\\/inicio\\\/index.php\\\/2023\\\/12\\\/29\\\/esto-recien-empieza-sturzenegger-dijo-que-la-semana-que-viene-se-eliminaran-otras-160-leyes\\\/#primaryimage\"},\"image\":{\"@id\":\"https:\\\/\\\/diariotextual.com\\\/inicio\\\/index.php\\\/2023\\\/12\\\/29\\\/esto-recien-empieza-sturzenegger-dijo-que-la-semana-que-viene-se-eliminaran-otras-160-leyes\\\/#primaryimage\"},\"thumbnailUrl\":\"https:\\\/\\\/diariotextual.com\\\/inicio\\\/wp-content\\\/uploads\\\/2023\\\/12\\\/cacerolazoscontradnumileitelam2023-1.jpg\",\"datePublished\":\"2023-12-30T00:00:00+00:00\",\"dateModified\":\"2023-12-30T12:15:25+00:00\",\"breadcrumb\":{\"@id\":\"https:\\\/\\\/diariotextual.com\\\/inicio\\\/index.php\\\/2023\\\/12\\\/29\\\/esto-recien-empieza-sturzenegger-dijo-que-la-semana-que-viene-se-eliminaran-otras-160-leyes\\\/#breadcrumb\"},\"inLanguage\":\"es\",\"potentialAction\":[{\"@type\":\"ReadAction\",\"target\":[\"https:\\\/\\\/diariotextual.com\\\/inicio\\\/index.php\\\/2023\\\/12\\\/29\\\/esto-recien-empieza-sturzenegger-dijo-que-la-semana-que-viene-se-eliminaran-otras-160-leyes\\\/\"]}]},{\"@type\":\"ImageObject\",\"inLanguage\":\"es\",\"@id\":\"https:\\\/\\\/diariotextual.com\\\/inicio\\\/index.php\\\/2023\\\/12\\\/29\\\/esto-recien-empieza-sturzenegger-dijo-que-la-semana-que-viene-se-eliminaran-otras-160-leyes\\\/#primaryimage\",\"url\":\"https:\\\/\\\/diariotextual.com\\\/inicio\\\/wp-content\\\/uploads\\\/2023\\\/12\\\/cacerolazoscontradnumileitelam2023-1.jpg\",\"contentUrl\":\"https:\\\/\\\/diariotextual.com\\\/inicio\\\/wp-content\\\/uploads\\\/2023\\\/12\\\/cacerolazoscontradnumileitelam2023-1.jpg\",\"width\":1200,\"height\":675},{\"@type\":\"BreadcrumbList\",\"@id\":\"https:\\\/\\\/diariotextual.com\\\/inicio\\\/index.php\\\/2023\\\/12\\\/29\\\/esto-recien-empieza-sturzenegger-dijo-que-la-semana-que-viene-se-eliminaran-otras-160-leyes\\\/#breadcrumb\",\"itemListElement\":[{\"@type\":\"ListItem\",\"position\":1,\"name\":\"Portada\",\"item\":\"https:\\\/\\\/diariotextual.com\\\/inicio\\\/\"},{\"@type\":\"ListItem\",\"position\":2,\"name\":\"Sturzenegger anticip\u00f3 que el Gobierno enviar\u00e1 otra ley que elimina 160 regulaciones\"}]},{\"@type\":\"WebSite\",\"@id\":\"https:\\\/\\\/diariotextual.com\\\/inicio\\\/#website\",\"url\":\"https:\\\/\\\/diariotextual.com\\\/inicio\\\/\",\"name\":\"Diario Textual\",\"description\":\"\",\"publisher\":{\"@id\":\"https:\\\/\\\/diariotextual.com\\\/inicio\\\/#organization\"},\"potentialAction\":[{\"@type\":\"SearchAction\",\"target\":{\"@type\":\"EntryPoint\",\"urlTemplate\":\"https:\\\/\\\/diariotextual.com\\\/inicio\\\/?s={search_term_string}\"},\"query-input\":{\"@type\":\"PropertyValueSpecification\",\"valueRequired\":true,\"valueName\":\"search_term_string\"}}],\"inLanguage\":\"es\"},{\"@type\":\"Organization\",\"@id\":\"https:\\\/\\\/diariotextual.com\\\/inicio\\\/#organization\",\"name\":\"Diario Textual\",\"url\":\"https:\\\/\\\/diariotextual.com\\\/inicio\\\/\",\"logo\":{\"@type\":\"ImageObject\",\"inLanguage\":\"es\",\"@id\":\"https:\\\/\\\/diariotextual.com\\\/inicio\\\/#\\\/schema\\\/logo\\\/image\\\/\",\"url\":\"https:\\\/\\\/diariotextual.com\\\/inicio\\\/wp-content\\\/uploads\\\/2023\\\/05\\\/logotextual1.jpg\",\"contentUrl\":\"https:\\\/\\\/diariotextual.com\\\/inicio\\\/wp-content\\\/uploads\\\/2023\\\/05\\\/logotextual1.jpg\",\"width\":516,\"height\":76,\"caption\":\"Diario Textual\"},\"image\":{\"@id\":\"https:\\\/\\\/diariotextual.com\\\/inicio\\\/#\\\/schema\\\/logo\\\/image\\\/\"},\"sameAs\":[\"https:\\\/\\\/www.facebook.com\\\/eltextual\",\"https:\\\/\\\/x.com\\\/eltextual\",\"http:\\\/\\\/www.instagram.com\\\/eltextual\"]},{\"@type\":\"Person\",\"@id\":\"https:\\\/\\\/diariotextual.com\\\/inicio\\\/#\\\/schema\\\/person\\\/418fc4093c33e86ed41562db3508f958\",\"name\":\"Diario1 Diario1\",\"image\":{\"@type\":\"ImageObject\",\"inLanguage\":\"es\",\"@id\":\"https:\\\/\\\/secure.gravatar.com\\\/avatar\\\/9167d280179c85bc18be67aa7eda765854300033af4896dd779b608640f2ef7a?s=96&d=mm&r=g\",\"url\":\"https:\\\/\\\/secure.gravatar.com\\\/avatar\\\/9167d280179c85bc18be67aa7eda765854300033af4896dd779b608640f2ef7a?s=96&d=mm&r=g\",\"contentUrl\":\"https:\\\/\\\/secure.gravatar.com\\\/avatar\\\/9167d280179c85bc18be67aa7eda765854300033af4896dd779b608640f2ef7a?s=96&d=mm&r=g\",\"caption\":\"Diario1 Diario1\"},\"url\":\"https:\\\/\\\/diariotextual.com\\\/inicio\\\/index.php\\\/author\\\/diario1\\\/\"}]}<\/script>\n<!-- \/ Yoast SEO plugin. -->","yoast_head_json":{"title":"Sturzenegger anticip\u00f3 que el Gobierno enviar\u00e1 otra ley que elimina 160 regulaciones - Diario Textual","robots":{"index":"index","follow":"follow","max-snippet":"max-snippet:-1","max-image-preview":"max-image-preview:large","max-video-preview":"max-video-preview:-1"},"canonical":"https:\/\/diariotextual.com\/inicio\/index.php\/2023\/12\/29\/esto-recien-empieza-sturzenegger-dijo-que-la-semana-que-viene-se-eliminaran-otras-160-leyes\/","og_locale":"es_ES","og_type":"article","og_title":"Sturzenegger anticip\u00f3 que el Gobierno enviar\u00e1 otra ley que elimina 160 regulaciones - Diario Textual","og_description":"Federico Sturzenegger, el arquitecto detr\u00e1s del ambicioso paquete de reformas del presidente\u00a0Javier Milei, adelant\u00f3 que pronto se dar\u00e1n a conocer nuevos cambios en las pol\u00edticas, independientemente del malestar social y&hellip;","og_url":"https:\/\/diariotextual.com\/inicio\/index.php\/2023\/12\/29\/esto-recien-empieza-sturzenegger-dijo-que-la-semana-que-viene-se-eliminaran-otras-160-leyes\/","og_site_name":"Diario Textual","article_publisher":"https:\/\/www.facebook.com\/eltextual","article_published_time":"2023-12-30T00:00:00+00:00","article_modified_time":"2023-12-30T12:15:25+00:00","og_image":[{"width":1200,"height":675,"url":"https:\/\/diariotextual.com\/inicio\/wp-content\/uploads\/2023\/12\/cacerolazoscontradnumileitelam2023-1.jpg","type":"image\/jpeg"}],"author":"Diario1 Diario1","twitter_card":"summary_large_image","twitter_creator":"@eltextual","twitter_site":"@eltextual","twitter_misc":{"Escrito por":"Diario1 Diario1","Tiempo de lectura":"2 minutos"},"schema":{"@context":"https:\/\/schema.org","@graph":[{"@type":"Article","@id":"https:\/\/diariotextual.com\/inicio\/index.php\/2023\/12\/29\/esto-recien-empieza-sturzenegger-dijo-que-la-semana-que-viene-se-eliminaran-otras-160-leyes\/#article","isPartOf":{"@id":"https:\/\/diariotextual.com\/inicio\/index.php\/2023\/12\/29\/esto-recien-empieza-sturzenegger-dijo-que-la-semana-que-viene-se-eliminaran-otras-160-leyes\/"},"author":{"name":"Diario1 Diario1","@id":"https:\/\/diariotextual.com\/inicio\/#\/schema\/person\/418fc4093c33e86ed41562db3508f958"},"headline":"Sturzenegger anticip\u00f3 que el Gobierno enviar\u00e1 otra ley que elimina 160 regulaciones","datePublished":"2023-12-30T00:00:00+00:00","dateModified":"2023-12-30T12:15:25+00:00","mainEntityOfPage":{"@id":"https:\/\/diariotextual.com\/inicio\/index.php\/2023\/12\/29\/esto-recien-empieza-sturzenegger-dijo-que-la-semana-que-viene-se-eliminaran-otras-160-leyes\/"},"wordCount":202,"publisher":{"@id":"https:\/\/diariotextual.com\/inicio\/#organization"},"image":{"@id":"https:\/\/diariotextual.com\/inicio\/index.php\/2023\/12\/29\/esto-recien-empieza-sturzenegger-dijo-que-la-semana-que-viene-se-eliminaran-otras-160-leyes\/#primaryimage"},"thumbnailUrl":"https:\/\/diariotextual.com\/inicio\/wp-content\/uploads\/2023\/12\/cacerolazoscontradnumileitelam2023-1.jpg","articleSection":["A - ES NOTICIA (van abajo)","POLITICA"],"inLanguage":"es"},{"@type":"WebPage","@id":"https:\/\/diariotextual.com\/inicio\/index.php\/2023\/12\/29\/esto-recien-empieza-sturzenegger-dijo-que-la-semana-que-viene-se-eliminaran-otras-160-leyes\/","url":"https:\/\/diariotextual.com\/inicio\/index.php\/2023\/12\/29\/esto-recien-empieza-sturzenegger-dijo-que-la-semana-que-viene-se-eliminaran-otras-160-leyes\/","name":"Sturzenegger anticip\u00f3 que el Gobierno enviar\u00e1 otra ley que elimina 160 regulaciones - Diario Textual","isPartOf":{"@id":"https:\/\/diariotextual.com\/inicio\/#website"},"primaryImageOfPage":{"@id":"https:\/\/diariotextual.com\/inicio\/index.php\/2023\/12\/29\/esto-recien-empieza-sturzenegger-dijo-que-la-semana-que-viene-se-eliminaran-otras-160-leyes\/#primaryimage"},"image":{"@id":"https:\/\/diariotextual.com\/inicio\/index.php\/2023\/12\/29\/esto-recien-empieza-sturzenegger-dijo-que-la-semana-que-viene-se-eliminaran-otras-160-leyes\/#primaryimage"},"thumbnailUrl":"https:\/\/diariotextual.com\/inicio\/wp-content\/uploads\/2023\/12\/cacerolazoscontradnumileitelam2023-1.jpg","datePublished":"2023-12-30T00:00:00+00:00","dateModified":"2023-12-30T12:15:25+00:00","breadcrumb":{"@id":"https:\/\/diariotextual.com\/inicio\/index.php\/2023\/12\/29\/esto-recien-empieza-sturzenegger-dijo-que-la-semana-que-viene-se-eliminaran-otras-160-leyes\/#breadcrumb"},"inLanguage":"es","potentialAction":[{"@type":"ReadAction","target":["https:\/\/diariotextual.com\/inicio\/index.php\/2023\/12\/29\/esto-recien-empieza-sturzenegger-dijo-que-la-semana-que-viene-se-eliminaran-otras-160-leyes\/"]}]},{"@type":"ImageObject","inLanguage":"es","@id":"https:\/\/diariotextual.com\/inicio\/index.php\/2023\/12\/29\/esto-recien-empieza-sturzenegger-dijo-que-la-semana-que-viene-se-eliminaran-otras-160-leyes\/#primaryimage","url":"https:\/\/diariotextual.com\/inicio\/wp-content\/uploads\/2023\/12\/cacerolazoscontradnumileitelam2023-1.jpg","contentUrl":"https:\/\/diariotextual.com\/inicio\/wp-content\/uploads\/2023\/12\/cacerolazoscontradnumileitelam2023-1.jpg","width":1200,"height":675},{"@type":"BreadcrumbList","@id":"https:\/\/diariotextual.com\/inicio\/index.php\/2023\/12\/29\/esto-recien-empieza-sturzenegger-dijo-que-la-semana-que-viene-se-eliminaran-otras-160-leyes\/#breadcrumb","itemListElement":[{"@type":"ListItem","position":1,"name":"Portada","item":"https:\/\/diariotextual.com\/inicio\/"},{"@type":"ListItem","position":2,"name":"Sturzenegger anticip\u00f3 que el Gobierno enviar\u00e1 otra ley que elimina 160 regulaciones"}]},{"@type":"WebSite","@id":"https:\/\/diariotextual.com\/inicio\/#website","url":"https:\/\/diariotextual.com\/inicio\/","name":"Diario Textual","description":"","publisher":{"@id":"https:\/\/diariotextual.com\/inicio\/#organization"},"potentialAction":[{"@type":"SearchAction","target":{"@type":"EntryPoint","urlTemplate":"https:\/\/diariotextual.com\/inicio\/?s={search_term_string}"},"query-input":{"@type":"PropertyValueSpecification","valueRequired":true,"valueName":"search_term_string"}}],"inLanguage":"es"},{"@type":"Organization","@id":"https:\/\/diariotextual.com\/inicio\/#organization","name":"Diario Textual","url":"https:\/\/diariotextual.com\/inicio\/","logo":{"@type":"ImageObject","inLanguage":"es","@id":"https:\/\/diariotextual.com\/inicio\/#\/schema\/logo\/image\/","url":"https:\/\/diariotextual.com\/inicio\/wp-content\/uploads\/2023\/05\/logotextual1.jpg","contentUrl":"https:\/\/diariotextual.com\/inicio\/wp-content\/uploads\/2023\/05\/logotextual1.jpg","width":516,"height":76,"caption":"Diario Textual"},"image":{"@id":"https:\/\/diariotextual.com\/inicio\/#\/schema\/logo\/image\/"},"sameAs":["https:\/\/www.facebook.com\/eltextual","https:\/\/x.com\/eltextual","http:\/\/www.instagram.com\/eltextual"]},{"@type":"Person","@id":"https:\/\/diariotextual.com\/inicio\/#\/schema\/person\/418fc4093c33e86ed41562db3508f958","name":"Diario1 Diario1","image":{"@type":"ImageObject","inLanguage":"es","@id":"https:\/\/secure.gravatar.com\/avatar\/9167d280179c85bc18be67aa7eda765854300033af4896dd779b608640f2ef7a?s=96&d=mm&r=g","url":"https:\/\/secure.gravatar.com\/avatar\/9167d280179c85bc18be67aa7eda765854300033af4896dd779b608640f2ef7a?s=96&d=mm&r=g","contentUrl":"https:\/\/secure.gravatar.com\/avatar\/9167d280179c85bc18be67aa7eda765854300033af4896dd779b608640f2ef7a?s=96&d=mm&r=g","caption":"Diario1 Diario1"},"url":"https:\/\/diariotextual.com\/inicio\/index.php\/author\/diario1\/"}]}},"_links":{"self":[{"href":"https:\/\/diariotextual.com\/inicio\/index.php\/wp-json\/wp\/v2\/posts\/249624","targetHints":{"allow":["GET"]}}],"collection":[{"href":"https:\/\/diariotextual.com\/inicio\/index.php\/wp-json\/wp\/v2\/posts"}],"about":[{"href":"https:\/\/diariotextual.com\/inicio\/index.php\/wp-json\/wp\/v2\/types\/post"}],"author":[{"embeddable":true,"href":"https:\/\/diariotextual.com\/inicio\/index.php\/wp-json\/wp\/v2\/users\/3"}],"replies":[{"embeddable":true,"href":"https:\/\/diariotextual.com\/inicio\/index.php\/wp-json\/wp\/v2\/comments?post=249624"}],"version-history":[{"count":3,"href":"https:\/\/diariotextual.com\/inicio\/index.php\/wp-json\/wp\/v2\/posts\/249624\/revisions"}],"predecessor-version":[{"id":249656,"href":"https:\/\/diariotextual.com\/inicio\/index.php\/wp-json\/wp\/v2\/posts\/249624\/revisions\/249656"}],"wp:featuredmedia":[{"embeddable":true,"href":"https:\/\/diariotextual.com\/inicio\/index.php\/wp-json\/wp\/v2\/media\/248736"}],"wp:attachment":[{"href":"https:\/\/diariotextual.com\/inicio\/index.php\/wp-json\/wp\/v2\/media?parent=249624"}],"wp:term":[{"taxonomy":"category","embeddable":true,"href":"https:\/\/diariotextual.com\/inicio\/index.php\/wp-json\/wp\/v2\/categories?post=249624"},{"taxonomy":"post_tag","embeddable":true,"href":"https:\/\/diariotextual.com\/inicio\/index.php\/wp-json\/wp\/v2\/tags?post=249624"}],"curies":[{"name":"wp","href":"https:\/\/api.w.org\/{rel}","templated":true}]}}