{"id":249638,"date":"2023-12-29T20:29:36","date_gmt":"2023-12-29T23:29:36","guid":{"rendered":"https:\/\/diariotextual.com\/inicio\/?p=249638"},"modified":"2023-12-29T20:29:38","modified_gmt":"2023-12-29T23:29:38","slug":"el-dnu-y-la-ley-omnibus-son-un-retroceso-en-politicas-de-genero","status":"publish","type":"post","link":"https:\/\/diariotextual.com\/inicio\/index.php\/2023\/12\/29\/el-dnu-y-la-ley-omnibus-son-un-retroceso-en-politicas-de-genero\/","title":{"rendered":"\u201cEl DNU y la ley \u00d3mnibus son un retroceso en pol\u00edticas de g\u00e9nero\u201d"},"content":{"rendered":"\n<p>La <strong>Secretaria de la Mujer, G\u00e9neros y Diversidad de La Pampa<\/strong> advirti\u00f3 que la decisi\u00f3n del Gobierno Nacional, a trav\u00e9s lo propuesto en el DNU 70\/2023 y el proyecto de ley \u00f3mnibus, significar\u00e1 un r<strong>ecorte presupuestario y la posible eliminaci\u00f3n de los programas creados para la protecci\u00f3n y el empoderamiento de las mujeres, g\u00e9neros y diversidades.<\/strong><\/p>\n\n\n\n<p>En un informe elaborado por el organismo provincial se sostuvo que las medidas propuestas, con el DNU vigente, \u201cconculcan derechos que demandaron a\u00f1os de lucha para ser conquistados\u201d y <strong>\u201cdestruye la funci\u00f3n clave de la Ley Micaela\u201d.\u00a0<\/strong><\/p>\n\n\n\n<p>\u201cCon respecto a toda la legislaci\u00f3n presentada, sea modificaci\u00f3n de ministerios, DNU y\/o ley \u00f3mnibus, claramente tiene la intenci\u00f3n de eliminar cualquier menci\u00f3n al colectivo LGBTTI+, y solo hace menci\u00f3n a mujeres y violencia contra las mujeres. <strong>No habla de igualdad ni de diversidad, claramente es por la ideolog\u00eda liberal que todas las personas son iguales ante la ley por lo tanto no hace menci\u00f3n a diferencias por g\u00e9nero<\/strong>\u201d, agreg\u00f3 el organismo, a trav\u00e9s de su secretaria, Gabriela Labouri\u00e9.<\/p>\n\n\n\n<p>Y se a\u00f1adi\u00f3: \u201c<strong>La degradaci\u00f3n de ministerio a subsecretar\u00eda, con el correspondiente recorte presupuestario, es darle menor importancia a la tem\u00e1tica. Todo est\u00e1 dirigido a violencia hacia la mujer y nada de diversidad o promoci\u00f3n de derechos.<\/strong> Solo en una de sus competencias dice respetar los tratados internacionales con respecto a la mujer, diversidad e igualdad. Por lo tanto, a eliminaci\u00f3n del ministerio de Mujeres, G\u00e9neros y Diversidad (MMGyD), y la creaci\u00f3n en su lugar de la \u2018subsecretar\u00eda de Protecci\u00f3n contra la violencia de g\u00e9nero\u2019 dentro de la cartera de Capital Humano, marca la desjerarquizaci\u00f3n de las Pol\u00edticas P\u00fablicas en t\u00e9rminos de igualdad y visibilizaci\u00f3n de los derechos de las mujeres y las diversidades, reduciendo la intervenci\u00f3n del Estado casi exclusivamente a situaciones de violencia\u201d.<\/p>\n\n\n\n<p>Adem\u00e1s, se afirm\u00f3 que la ley \u00f3mnibus enviada al Congreso introduce la denominaci\u00f3n de madre embarazada e hijo por nacer con lo que intentan anular los derechos establecidos en las leyes 27.611 (Mil D\u00edas) y 27.610 (Aborto). \u201cAl eliminar el concepto de personas gestantes -sostuvo el Ministerio- se quiere negar la posibilidad de identidades diversas (varones trans) a gestar, como as\u00ed tambi\u00e9n a ser atendidas en caso de requerir una IVE\u201d.<\/p>\n\n\n\n<p>\u201cDe la misma manera en el DNU, al reformar la ley de Mil D\u00edas, de acompa\u00f1amiento en el cuidado de la salud de la primera infancia, reduce un derecho universal a situaciones de vulnerabilidad. La ley Mil D\u00edas propone ampliar derechos, asegurando el acceso a un sistema integral de cuidado, a trav\u00e9s de pol\u00edticas de ingreso, identidad, salud, desarrollo social, educaci\u00f3n, protecci\u00f3n, g\u00e9nero, cultura para toda la sociedad, entiendo la importancia de proteger, fortalecer y acompa\u00f1ar el cuidado integral de la vida y la salud de las personas gestantes y las ni\u00f1as y los ni\u00f1os en sus primeros 3 a\u00f1os\u201d, se aclar\u00f3 en otro p\u00e1rrafo.<\/p>\n\n\n\n<p>Tambi\u00e9n se remarc\u00f3 que <strong>la nueva propuesta desconoce a las personas con otras identidades de g\u00e9nero con capacidad de gestar.<\/strong><\/p>\n\n\n\n<div style=\"height:100px\" aria-hidden=\"true\" class=\"wp-block-spacer\"><\/div>\n\n\n\n<p><strong>Ley Micaela<\/strong><\/p>\n\n\n\n<p>La ley Micaela fue promulgada en el a\u00f1o 2009 y establece la capacitaci\u00f3n obligatoria en g\u00e9nero y violencia de g\u00e9nero para todas las personas que se desempe\u00f1en en la funci\u00f3n p\u00fablica, en los tres poderes del Estado: Ejecutivo, Legislativo y Judicial. Se llama as\u00ed en conmemoraci\u00f3n de Micaela Garc\u00eda, una joven entrerriana de 21 a\u00f1os, militante del Movimiento Evita, que fue v\u00edctima de femicidio en manos de Sebasti\u00e1n Wagner.<\/p>\n\n\n\n<p>\u201cLa <strong>modificaci\u00f3n impuesta por Milei destruye la funci\u00f3n clave de una ley que ten\u00eda como objetivo concientizar sobre violencia machista a funcionarios de los tres poderes.<\/strong> Habla de Violencia Familiar y Mujer, nuevamente omite la menci\u00f3n del G\u00e9nero. Y restringe la aplicaci\u00f3n solo para los organismos pertinentes, o sea que eliminar\u00eda pr\u00e1cticamente la aplicaci\u00f3n a la Administraci\u00f3n P\u00fablica, dejando solo la capacitaci\u00f3n para organismos involucrados\u201d, asegur\u00f3 el organismo provincial.<\/p>\n\n\n\n<p>Y se destac\u00f3 que las modificaciones planteadas, cambian radicalmente el esp\u00edritu pol\u00edtico- filos\u00f3fico de la ley Micaela: \u201cReemplazar el concepto de capacitaci\u00f3n en la tem\u00e1tica de g\u00e9nero y violencia contra las mujeres por el de \u2018violencia familiar y hacia las mujeres\u2019, desconoce y acota las modalidades de violencias a las diversidades\u201d.<\/p>\n\n\n\n<p>\u201cPor \u00faltimo,<strong> no hay menciones de lo que pasar\u00e1 con el Sistema Integrado de Casos de Violencia por Motivos de G\u00e9nero (SICVG), y tampoco con la l\u00ednea gratuita 144 de asesoramiento<\/strong> a las v\u00edctimas por motivo de g\u00e9nero. En este caso, seguir\u00eda ya que hace mucho hincapi\u00e9 en l\u00edneas telef\u00f3nicas gratuitas de atenci\u00f3n a personas vulnerables. Y seg\u00fan se interpreta toda la gesti\u00f3n va a ser articulado entre Municipio, Provincia y Naci\u00f3n\u201d, concluy\u00f3 la Secretaria de la Mujer, G\u00e9neros y Diversidad de La Pampa.<\/p>\n","protected":false},"excerpt":{"rendered":"<p>La Secretaria de la Mujer, G\u00e9neros y Diversidad de La Pampa advirti\u00f3 que la decisi\u00f3n del Gobierno Nacional, a trav\u00e9s lo propuesto en el DNU 70\/2023 y el proyecto de&hellip;<\/p>\n","protected":false},"author":5,"featured_media":248576,"comment_status":"closed","ping_status":"open","sticky":false,"template":"","format":"standard","meta":{"_acf_changed":false,"footnotes":""},"categories":[1,8],"tags":[1650,2651],"class_list":["post-249638","post","type-post","status-publish","format-standard","has-post-thumbnail","hentry","category-es-noticia","category-politica","tag-genero","tag-ley-micaela"],"acf":[],"yoast_head":"<!-- This site is optimized with the Yoast SEO plugin v27.5 - https:\/\/yoast.com\/product\/yoast-seo-wordpress\/ -->\n<title>\u201cEl DNU y la ley \u00d3mnibus son un retroceso en pol\u00edticas de g\u00e9nero\u201d - Diario Textual<\/title>\n<meta name=\"robots\" content=\"index, follow, max-snippet:-1, max-image-preview:large, max-video-preview:-1\" \/>\n<link rel=\"canonical\" href=\"https:\/\/diariotextual.com\/inicio\/index.php\/2023\/12\/29\/el-dnu-y-la-ley-omnibus-son-un-retroceso-en-politicas-de-genero\/\" \/>\n<meta property=\"og:locale\" content=\"es_ES\" \/>\n<meta property=\"og:type\" content=\"article\" \/>\n<meta property=\"og:title\" content=\"\u201cEl DNU y la ley \u00d3mnibus son un retroceso en pol\u00edticas de g\u00e9nero\u201d - Diario Textual\" \/>\n<meta property=\"og:description\" content=\"La Secretaria de la Mujer, G\u00e9neros y Diversidad de La Pampa advirti\u00f3 que la decisi\u00f3n del Gobierno Nacional, a trav\u00e9s lo propuesto en el DNU 70\/2023 y el proyecto de&hellip;\" \/>\n<meta property=\"og:url\" content=\"https:\/\/diariotextual.com\/inicio\/index.php\/2023\/12\/29\/el-dnu-y-la-ley-omnibus-son-un-retroceso-en-politicas-de-genero\/\" \/>\n<meta property=\"og:site_name\" content=\"Diario Textual\" \/>\n<meta property=\"article:publisher\" content=\"https:\/\/www.facebook.com\/eltextual\" \/>\n<meta property=\"article:published_time\" content=\"2023-12-29T23:29:36+00:00\" \/>\n<meta property=\"article:modified_time\" content=\"2023-12-29T23:29:38+00:00\" \/>\n<meta property=\"og:image\" content=\"https:\/\/diariotextual.com\/inicio\/wp-content\/uploads\/2023\/12\/labouriegabriela122023.jpg\" \/>\n\t<meta property=\"og:image:width\" content=\"900\" \/>\n\t<meta property=\"og:image:height\" content=\"519\" \/>\n\t<meta property=\"og:image:type\" content=\"image\/jpeg\" \/>\n<meta name=\"author\" content=\"diario3\" \/>\n<meta name=\"twitter:card\" content=\"summary_large_image\" \/>\n<meta name=\"twitter:creator\" content=\"@eltextual\" \/>\n<meta name=\"twitter:site\" content=\"@eltextual\" \/>\n<meta name=\"twitter:label1\" content=\"Escrito por\" \/>\n\t<meta name=\"twitter:data1\" content=\"diario3\" \/>\n\t<meta name=\"twitter:label2\" content=\"Tiempo de lectura\" \/>\n\t<meta name=\"twitter:data2\" content=\"4 minutos\" \/>\n<script type=\"application\/ld+json\" class=\"yoast-schema-graph\">{\"@context\":\"https:\\\/\\\/schema.org\",\"@graph\":[{\"@type\":\"Article\",\"@id\":\"https:\\\/\\\/diariotextual.com\\\/inicio\\\/index.php\\\/2023\\\/12\\\/29\\\/el-dnu-y-la-ley-omnibus-son-un-retroceso-en-politicas-de-genero\\\/#article\",\"isPartOf\":{\"@id\":\"https:\\\/\\\/diariotextual.com\\\/inicio\\\/index.php\\\/2023\\\/12\\\/29\\\/el-dnu-y-la-ley-omnibus-son-un-retroceso-en-politicas-de-genero\\\/\"},\"author\":{\"name\":\"diario3\",\"@id\":\"https:\\\/\\\/diariotextual.com\\\/inicio\\\/#\\\/schema\\\/person\\\/a1b6f563e0ee944c60f98119389a4d9f\"},\"headline\":\"\u201cEl DNU y la ley \u00d3mnibus son un retroceso en pol\u00edticas de g\u00e9nero\u201d\",\"datePublished\":\"2023-12-29T23:29:36+00:00\",\"dateModified\":\"2023-12-29T23:29:38+00:00\",\"mainEntityOfPage\":{\"@id\":\"https:\\\/\\\/diariotextual.com\\\/inicio\\\/index.php\\\/2023\\\/12\\\/29\\\/el-dnu-y-la-ley-omnibus-son-un-retroceso-en-politicas-de-genero\\\/\"},\"wordCount\":872,\"publisher\":{\"@id\":\"https:\\\/\\\/diariotextual.com\\\/inicio\\\/#organization\"},\"image\":{\"@id\":\"https:\\\/\\\/diariotextual.com\\\/inicio\\\/index.php\\\/2023\\\/12\\\/29\\\/el-dnu-y-la-ley-omnibus-son-un-retroceso-en-politicas-de-genero\\\/#primaryimage\"},\"thumbnailUrl\":\"https:\\\/\\\/diariotextual.com\\\/inicio\\\/wp-content\\\/uploads\\\/2023\\\/12\\\/labouriegabriela122023.jpg\",\"keywords\":[\"genero\",\"Ley Micaela\"],\"articleSection\":[\"A - ES NOTICIA (van abajo)\",\"POLITICA\"],\"inLanguage\":\"es\"},{\"@type\":\"WebPage\",\"@id\":\"https:\\\/\\\/diariotextual.com\\\/inicio\\\/index.php\\\/2023\\\/12\\\/29\\\/el-dnu-y-la-ley-omnibus-son-un-retroceso-en-politicas-de-genero\\\/\",\"url\":\"https:\\\/\\\/diariotextual.com\\\/inicio\\\/index.php\\\/2023\\\/12\\\/29\\\/el-dnu-y-la-ley-omnibus-son-un-retroceso-en-politicas-de-genero\\\/\",\"name\":\"\u201cEl DNU y la ley \u00d3mnibus son un retroceso en pol\u00edticas de g\u00e9nero\u201d - Diario Textual\",\"isPartOf\":{\"@id\":\"https:\\\/\\\/diariotextual.com\\\/inicio\\\/#website\"},\"primaryImageOfPage\":{\"@id\":\"https:\\\/\\\/diariotextual.com\\\/inicio\\\/index.php\\\/2023\\\/12\\\/29\\\/el-dnu-y-la-ley-omnibus-son-un-retroceso-en-politicas-de-genero\\\/#primaryimage\"},\"image\":{\"@id\":\"https:\\\/\\\/diariotextual.com\\\/inicio\\\/index.php\\\/2023\\\/12\\\/29\\\/el-dnu-y-la-ley-omnibus-son-un-retroceso-en-politicas-de-genero\\\/#primaryimage\"},\"thumbnailUrl\":\"https:\\\/\\\/diariotextual.com\\\/inicio\\\/wp-content\\\/uploads\\\/2023\\\/12\\\/labouriegabriela122023.jpg\",\"datePublished\":\"2023-12-29T23:29:36+00:00\",\"dateModified\":\"2023-12-29T23:29:38+00:00\",\"breadcrumb\":{\"@id\":\"https:\\\/\\\/diariotextual.com\\\/inicio\\\/index.php\\\/2023\\\/12\\\/29\\\/el-dnu-y-la-ley-omnibus-son-un-retroceso-en-politicas-de-genero\\\/#breadcrumb\"},\"inLanguage\":\"es\",\"potentialAction\":[{\"@type\":\"ReadAction\",\"target\":[\"https:\\\/\\\/diariotextual.com\\\/inicio\\\/index.php\\\/2023\\\/12\\\/29\\\/el-dnu-y-la-ley-omnibus-son-un-retroceso-en-politicas-de-genero\\\/\"]}]},{\"@type\":\"ImageObject\",\"inLanguage\":\"es\",\"@id\":\"https:\\\/\\\/diariotextual.com\\\/inicio\\\/index.php\\\/2023\\\/12\\\/29\\\/el-dnu-y-la-ley-omnibus-son-un-retroceso-en-politicas-de-genero\\\/#primaryimage\",\"url\":\"https:\\\/\\\/diariotextual.com\\\/inicio\\\/wp-content\\\/uploads\\\/2023\\\/12\\\/labouriegabriela122023.jpg\",\"contentUrl\":\"https:\\\/\\\/diariotextual.com\\\/inicio\\\/wp-content\\\/uploads\\\/2023\\\/12\\\/labouriegabriela122023.jpg\",\"width\":900,\"height\":519},{\"@type\":\"BreadcrumbList\",\"@id\":\"https:\\\/\\\/diariotextual.com\\\/inicio\\\/index.php\\\/2023\\\/12\\\/29\\\/el-dnu-y-la-ley-omnibus-son-un-retroceso-en-politicas-de-genero\\\/#breadcrumb\",\"itemListElement\":[{\"@type\":\"ListItem\",\"position\":1,\"name\":\"Portada\",\"item\":\"https:\\\/\\\/diariotextual.com\\\/inicio\\\/\"},{\"@type\":\"ListItem\",\"position\":2,\"name\":\"\u201cEl DNU y la ley \u00d3mnibus son un retroceso en pol\u00edticas de g\u00e9nero\u201d\"}]},{\"@type\":\"WebSite\",\"@id\":\"https:\\\/\\\/diariotextual.com\\\/inicio\\\/#website\",\"url\":\"https:\\\/\\\/diariotextual.com\\\/inicio\\\/\",\"name\":\"Diario Textual\",\"description\":\"\",\"publisher\":{\"@id\":\"https:\\\/\\\/diariotextual.com\\\/inicio\\\/#organization\"},\"potentialAction\":[{\"@type\":\"SearchAction\",\"target\":{\"@type\":\"EntryPoint\",\"urlTemplate\":\"https:\\\/\\\/diariotextual.com\\\/inicio\\\/?s={search_term_string}\"},\"query-input\":{\"@type\":\"PropertyValueSpecification\",\"valueRequired\":true,\"valueName\":\"search_term_string\"}}],\"inLanguage\":\"es\"},{\"@type\":\"Organization\",\"@id\":\"https:\\\/\\\/diariotextual.com\\\/inicio\\\/#organization\",\"name\":\"Diario Textual\",\"url\":\"https:\\\/\\\/diariotextual.com\\\/inicio\\\/\",\"logo\":{\"@type\":\"ImageObject\",\"inLanguage\":\"es\",\"@id\":\"https:\\\/\\\/diariotextual.com\\\/inicio\\\/#\\\/schema\\\/logo\\\/image\\\/\",\"url\":\"https:\\\/\\\/diariotextual.com\\\/inicio\\\/wp-content\\\/uploads\\\/2023\\\/05\\\/logotextual1.jpg\",\"contentUrl\":\"https:\\\/\\\/diariotextual.com\\\/inicio\\\/wp-content\\\/uploads\\\/2023\\\/05\\\/logotextual1.jpg\",\"width\":516,\"height\":76,\"caption\":\"Diario Textual\"},\"image\":{\"@id\":\"https:\\\/\\\/diariotextual.com\\\/inicio\\\/#\\\/schema\\\/logo\\\/image\\\/\"},\"sameAs\":[\"https:\\\/\\\/www.facebook.com\\\/eltextual\",\"https:\\\/\\\/x.com\\\/eltextual\",\"http:\\\/\\\/www.instagram.com\\\/eltextual\"]},{\"@type\":\"Person\",\"@id\":\"https:\\\/\\\/diariotextual.com\\\/inicio\\\/#\\\/schema\\\/person\\\/a1b6f563e0ee944c60f98119389a4d9f\",\"name\":\"diario3\",\"image\":{\"@type\":\"ImageObject\",\"inLanguage\":\"es\",\"@id\":\"https:\\\/\\\/secure.gravatar.com\\\/avatar\\\/5e7ee62c82fc04d9dd79d746a390d93c69c43223e5faeeb3ea9461ef752bfc5d?s=96&d=mm&r=g\",\"url\":\"https:\\\/\\\/secure.gravatar.com\\\/avatar\\\/5e7ee62c82fc04d9dd79d746a390d93c69c43223e5faeeb3ea9461ef752bfc5d?s=96&d=mm&r=g\",\"contentUrl\":\"https:\\\/\\\/secure.gravatar.com\\\/avatar\\\/5e7ee62c82fc04d9dd79d746a390d93c69c43223e5faeeb3ea9461ef752bfc5d?s=96&d=mm&r=g\",\"caption\":\"diario3\"},\"url\":\"https:\\\/\\\/diariotextual.com\\\/inicio\\\/index.php\\\/author\\\/diario3\\\/\"}]}<\/script>\n<!-- \/ Yoast SEO plugin. -->","yoast_head_json":{"title":"\u201cEl DNU y la ley \u00d3mnibus son un retroceso en pol\u00edticas de g\u00e9nero\u201d - Diario Textual","robots":{"index":"index","follow":"follow","max-snippet":"max-snippet:-1","max-image-preview":"max-image-preview:large","max-video-preview":"max-video-preview:-1"},"canonical":"https:\/\/diariotextual.com\/inicio\/index.php\/2023\/12\/29\/el-dnu-y-la-ley-omnibus-son-un-retroceso-en-politicas-de-genero\/","og_locale":"es_ES","og_type":"article","og_title":"\u201cEl DNU y la ley \u00d3mnibus son un retroceso en pol\u00edticas de g\u00e9nero\u201d - Diario Textual","og_description":"La Secretaria de la Mujer, G\u00e9neros y Diversidad de La Pampa advirti\u00f3 que la decisi\u00f3n del Gobierno Nacional, a trav\u00e9s lo propuesto en el DNU 70\/2023 y el proyecto de&hellip;","og_url":"https:\/\/diariotextual.com\/inicio\/index.php\/2023\/12\/29\/el-dnu-y-la-ley-omnibus-son-un-retroceso-en-politicas-de-genero\/","og_site_name":"Diario Textual","article_publisher":"https:\/\/www.facebook.com\/eltextual","article_published_time":"2023-12-29T23:29:36+00:00","article_modified_time":"2023-12-29T23:29:38+00:00","og_image":[{"width":900,"height":519,"url":"https:\/\/diariotextual.com\/inicio\/wp-content\/uploads\/2023\/12\/labouriegabriela122023.jpg","type":"image\/jpeg"}],"author":"diario3","twitter_card":"summary_large_image","twitter_creator":"@eltextual","twitter_site":"@eltextual","twitter_misc":{"Escrito por":"diario3","Tiempo de lectura":"4 minutos"},"schema":{"@context":"https:\/\/schema.org","@graph":[{"@type":"Article","@id":"https:\/\/diariotextual.com\/inicio\/index.php\/2023\/12\/29\/el-dnu-y-la-ley-omnibus-son-un-retroceso-en-politicas-de-genero\/#article","isPartOf":{"@id":"https:\/\/diariotextual.com\/inicio\/index.php\/2023\/12\/29\/el-dnu-y-la-ley-omnibus-son-un-retroceso-en-politicas-de-genero\/"},"author":{"name":"diario3","@id":"https:\/\/diariotextual.com\/inicio\/#\/schema\/person\/a1b6f563e0ee944c60f98119389a4d9f"},"headline":"\u201cEl DNU y la ley \u00d3mnibus son un retroceso en pol\u00edticas de g\u00e9nero\u201d","datePublished":"2023-12-29T23:29:36+00:00","dateModified":"2023-12-29T23:29:38+00:00","mainEntityOfPage":{"@id":"https:\/\/diariotextual.com\/inicio\/index.php\/2023\/12\/29\/el-dnu-y-la-ley-omnibus-son-un-retroceso-en-politicas-de-genero\/"},"wordCount":872,"publisher":{"@id":"https:\/\/diariotextual.com\/inicio\/#organization"},"image":{"@id":"https:\/\/diariotextual.com\/inicio\/index.php\/2023\/12\/29\/el-dnu-y-la-ley-omnibus-son-un-retroceso-en-politicas-de-genero\/#primaryimage"},"thumbnailUrl":"https:\/\/diariotextual.com\/inicio\/wp-content\/uploads\/2023\/12\/labouriegabriela122023.jpg","keywords":["genero","Ley Micaela"],"articleSection":["A - ES NOTICIA (van abajo)","POLITICA"],"inLanguage":"es"},{"@type":"WebPage","@id":"https:\/\/diariotextual.com\/inicio\/index.php\/2023\/12\/29\/el-dnu-y-la-ley-omnibus-son-un-retroceso-en-politicas-de-genero\/","url":"https:\/\/diariotextual.com\/inicio\/index.php\/2023\/12\/29\/el-dnu-y-la-ley-omnibus-son-un-retroceso-en-politicas-de-genero\/","name":"\u201cEl DNU y la ley \u00d3mnibus son un retroceso en pol\u00edticas de g\u00e9nero\u201d - Diario Textual","isPartOf":{"@id":"https:\/\/diariotextual.com\/inicio\/#website"},"primaryImageOfPage":{"@id":"https:\/\/diariotextual.com\/inicio\/index.php\/2023\/12\/29\/el-dnu-y-la-ley-omnibus-son-un-retroceso-en-politicas-de-genero\/#primaryimage"},"image":{"@id":"https:\/\/diariotextual.com\/inicio\/index.php\/2023\/12\/29\/el-dnu-y-la-ley-omnibus-son-un-retroceso-en-politicas-de-genero\/#primaryimage"},"thumbnailUrl":"https:\/\/diariotextual.com\/inicio\/wp-content\/uploads\/2023\/12\/labouriegabriela122023.jpg","datePublished":"2023-12-29T23:29:36+00:00","dateModified":"2023-12-29T23:29:38+00:00","breadcrumb":{"@id":"https:\/\/diariotextual.com\/inicio\/index.php\/2023\/12\/29\/el-dnu-y-la-ley-omnibus-son-un-retroceso-en-politicas-de-genero\/#breadcrumb"},"inLanguage":"es","potentialAction":[{"@type":"ReadAction","target":["https:\/\/diariotextual.com\/inicio\/index.php\/2023\/12\/29\/el-dnu-y-la-ley-omnibus-son-un-retroceso-en-politicas-de-genero\/"]}]},{"@type":"ImageObject","inLanguage":"es","@id":"https:\/\/diariotextual.com\/inicio\/index.php\/2023\/12\/29\/el-dnu-y-la-ley-omnibus-son-un-retroceso-en-politicas-de-genero\/#primaryimage","url":"https:\/\/diariotextual.com\/inicio\/wp-content\/uploads\/2023\/12\/labouriegabriela122023.jpg","contentUrl":"https:\/\/diariotextual.com\/inicio\/wp-content\/uploads\/2023\/12\/labouriegabriela122023.jpg","width":900,"height":519},{"@type":"BreadcrumbList","@id":"https:\/\/diariotextual.com\/inicio\/index.php\/2023\/12\/29\/el-dnu-y-la-ley-omnibus-son-un-retroceso-en-politicas-de-genero\/#breadcrumb","itemListElement":[{"@type":"ListItem","position":1,"name":"Portada","item":"https:\/\/diariotextual.com\/inicio\/"},{"@type":"ListItem","position":2,"name":"\u201cEl DNU y la ley \u00d3mnibus son un retroceso en pol\u00edticas de g\u00e9nero\u201d"}]},{"@type":"WebSite","@id":"https:\/\/diariotextual.com\/inicio\/#website","url":"https:\/\/diariotextual.com\/inicio\/","name":"Diario Textual","description":"","publisher":{"@id":"https:\/\/diariotextual.com\/inicio\/#organization"},"potentialAction":[{"@type":"SearchAction","target":{"@type":"EntryPoint","urlTemplate":"https:\/\/diariotextual.com\/inicio\/?s={search_term_string}"},"query-input":{"@type":"PropertyValueSpecification","valueRequired":true,"valueName":"search_term_string"}}],"inLanguage":"es"},{"@type":"Organization","@id":"https:\/\/diariotextual.com\/inicio\/#organization","name":"Diario Textual","url":"https:\/\/diariotextual.com\/inicio\/","logo":{"@type":"ImageObject","inLanguage":"es","@id":"https:\/\/diariotextual.com\/inicio\/#\/schema\/logo\/image\/","url":"https:\/\/diariotextual.com\/inicio\/wp-content\/uploads\/2023\/05\/logotextual1.jpg","contentUrl":"https:\/\/diariotextual.com\/inicio\/wp-content\/uploads\/2023\/05\/logotextual1.jpg","width":516,"height":76,"caption":"Diario Textual"},"image":{"@id":"https:\/\/diariotextual.com\/inicio\/#\/schema\/logo\/image\/"},"sameAs":["https:\/\/www.facebook.com\/eltextual","https:\/\/x.com\/eltextual","http:\/\/www.instagram.com\/eltextual"]},{"@type":"Person","@id":"https:\/\/diariotextual.com\/inicio\/#\/schema\/person\/a1b6f563e0ee944c60f98119389a4d9f","name":"diario3","image":{"@type":"ImageObject","inLanguage":"es","@id":"https:\/\/secure.gravatar.com\/avatar\/5e7ee62c82fc04d9dd79d746a390d93c69c43223e5faeeb3ea9461ef752bfc5d?s=96&d=mm&r=g","url":"https:\/\/secure.gravatar.com\/avatar\/5e7ee62c82fc04d9dd79d746a390d93c69c43223e5faeeb3ea9461ef752bfc5d?s=96&d=mm&r=g","contentUrl":"https:\/\/secure.gravatar.com\/avatar\/5e7ee62c82fc04d9dd79d746a390d93c69c43223e5faeeb3ea9461ef752bfc5d?s=96&d=mm&r=g","caption":"diario3"},"url":"https:\/\/diariotextual.com\/inicio\/index.php\/author\/diario3\/"}]}},"_links":{"self":[{"href":"https:\/\/diariotextual.com\/inicio\/index.php\/wp-json\/wp\/v2\/posts\/249638","targetHints":{"allow":["GET"]}}],"collection":[{"href":"https:\/\/diariotextual.com\/inicio\/index.php\/wp-json\/wp\/v2\/posts"}],"about":[{"href":"https:\/\/diariotextual.com\/inicio\/index.php\/wp-json\/wp\/v2\/types\/post"}],"author":[{"embeddable":true,"href":"https:\/\/diariotextual.com\/inicio\/index.php\/wp-json\/wp\/v2\/users\/5"}],"replies":[{"embeddable":true,"href":"https:\/\/diariotextual.com\/inicio\/index.php\/wp-json\/wp\/v2\/comments?post=249638"}],"version-history":[{"count":1,"href":"https:\/\/diariotextual.com\/inicio\/index.php\/wp-json\/wp\/v2\/posts\/249638\/revisions"}],"predecessor-version":[{"id":249639,"href":"https:\/\/diariotextual.com\/inicio\/index.php\/wp-json\/wp\/v2\/posts\/249638\/revisions\/249639"}],"wp:featuredmedia":[{"embeddable":true,"href":"https:\/\/diariotextual.com\/inicio\/index.php\/wp-json\/wp\/v2\/media\/248576"}],"wp:attachment":[{"href":"https:\/\/diariotextual.com\/inicio\/index.php\/wp-json\/wp\/v2\/media?parent=249638"}],"wp:term":[{"taxonomy":"category","embeddable":true,"href":"https:\/\/diariotextual.com\/inicio\/index.php\/wp-json\/wp\/v2\/categories?post=249638"},{"taxonomy":"post_tag","embeddable":true,"href":"https:\/\/diariotextual.com\/inicio\/index.php\/wp-json\/wp\/v2\/tags?post=249638"}],"curies":[{"name":"wp","href":"https:\/\/api.w.org\/{rel}","templated":true}]}}