{"id":249679,"date":"2023-12-30T11:57:09","date_gmt":"2023-12-30T14:57:09","guid":{"rendered":"https:\/\/diariotextual.com\/inicio\/?p=249679"},"modified":"2023-12-30T12:20:59","modified_gmt":"2023-12-30T15:20:59","slug":"milei-recibio-un-nuevo-elogio-de-elon-musk-y-apunto-contra-la-casta-delincuente","status":"publish","type":"post","link":"https:\/\/diariotextual.com\/inicio\/index.php\/2023\/12\/30\/milei-recibio-un-nuevo-elogio-de-elon-musk-y-apunto-contra-la-casta-delincuente\/","title":{"rendered":"Milei recibi\u00f3 un nuevo elogio de Elon Musk y apunt\u00f3 contra la \u201ccasta delincuente\u201d"},"content":{"rendered":"\n<p>El presidente <strong>Javier Milei<\/strong> afirm\u00f3 hoy que Argentina est\u00e1 \u201cpor el buen camino\u201d y pidi\u00f3 que no se \u201cinterponga la casta delincuente que busca coimas\u201d. Lo hizo a trav\u00e9s de un posteo en redes sociales luego de ser elogiado por Elon Musk, propietario de Tesla y X.<\/p>\n\n\n\n<p>\u201cArgentinos de bien, estamos por el buen camino&#8230;!!! No dejemos que se nos interpongan la casta delincuente que busca coimas y\/o perpetuar el statu quo decadente&#8230; Viva la libertad carajo\u201d, poste\u00f3 esta ma\u00f1ana el mandatario desde su cuenta en la plataforma X.<\/p>\n\n\n\n<p>Anteriormente, el magnate se hab\u00eda mostrado sorprendido por el recorte que hizo el presidente de la Naci\u00f3n en el Gabinete de Gobierno bajando notablemente la cantidad de ministerios. \u201cWow\u201d, escribi\u00f3 Musk y ante esa respuesta el libertario emiti\u00f3 sus palabras en redes.<\/p>\n\n\n\n<p>Durante la \u00faltima semana, el mandatario nacional dio una entrevista en la que explic\u00f3 la relaci\u00f3n que mantiene con el propietario de X y otras empresas reconocidas mundialmente como Tesla. \u201cElon Musk me llam\u00f3 desde su tel\u00e9fono personal\u201d, coment\u00f3 Milei al reconocer las comunicaciones que tiene con el magnate con el que ya ha tenido varios gui\u00f1os desde que gan\u00f3 las elecciones en noviembre.<\/p>\n\n\n\n<p>El presidente se encuentra en la ciudad balnearia de Mar del Plata, donde anoche asisti\u00f3 al espect\u00e1culo que su pareja, F\u00e1tima Fl\u00f3rez, protagoniza en el centro de arte Roxy, Radio City, Melany de Mar del Plata, y al finalizar la obra subi\u00f3 al escenario. Milei y Fl\u00f3rez se abrazaron y el presidente tom\u00f3 el micr\u00f3fono. \u201cVan a venir meses muy duros pero nos vamos a poner de pie\u201d, les dijo.<\/p>\n\n\n\n<p>El primer mandatario arrib\u00f3 ayer pasadas las 18.30 a Mar del Plata en el vuelo 1600 de Aerol\u00edneas Argentinas (AA) y se dirigi\u00f3 con su comitiva hasta el Gran Hotel Provincial.<\/p>\n\n\n\n<p>El jefe de Estado lleg\u00f3 pasadas las 21.40 al Radio City, ubicado en la calle San Luis al 1700, para presenciar la obra \u201cF\u00e1tima 100%\u201d.<\/p>\n\n\n\n<p><\/p>\n","protected":false},"excerpt":{"rendered":"<p>El presidente Javier Milei afirm\u00f3 hoy que Argentina est\u00e1 \u201cpor el buen camino\u201d y pidi\u00f3 que no se \u201cinterponga la casta delincuente que busca coimas\u201d. Lo hizo a trav\u00e9s de&hellip;<\/p>\n","protected":false},"author":3,"featured_media":249050,"comment_status":"closed","ping_status":"open","sticky":false,"template":"","format":"standard","meta":{"_acf_changed":false,"footnotes":""},"categories":[1,8],"tags":[],"class_list":["post-249679","post","type-post","status-publish","format-standard","has-post-thumbnail","hentry","category-es-noticia","category-politica"],"acf":[],"yoast_head":"<!-- This site is optimized with the Yoast SEO plugin v27.5 - https:\/\/yoast.com\/product\/yoast-seo-wordpress\/ -->\n<title>Milei recibi\u00f3 un nuevo elogio de Elon Musk y apunt\u00f3 contra la \u201ccasta delincuente\u201d - Diario Textual<\/title>\n<meta name=\"robots\" content=\"index, follow, max-snippet:-1, max-image-preview:large, max-video-preview:-1\" \/>\n<link rel=\"canonical\" href=\"https:\/\/diariotextual.com\/inicio\/index.php\/2023\/12\/30\/milei-recibio-un-nuevo-elogio-de-elon-musk-y-apunto-contra-la-casta-delincuente\/\" \/>\n<meta property=\"og:locale\" content=\"es_ES\" \/>\n<meta property=\"og:type\" content=\"article\" \/>\n<meta property=\"og:title\" content=\"Milei recibi\u00f3 un nuevo elogio de Elon Musk y apunt\u00f3 contra la \u201ccasta delincuente\u201d - Diario Textual\" \/>\n<meta property=\"og:description\" content=\"El presidente Javier Milei afirm\u00f3 hoy que Argentina est\u00e1 \u201cpor el buen camino\u201d y pidi\u00f3 que no se \u201cinterponga la casta delincuente que busca coimas\u201d. Lo hizo a trav\u00e9s de&hellip;\" \/>\n<meta property=\"og:url\" content=\"https:\/\/diariotextual.com\/inicio\/index.php\/2023\/12\/30\/milei-recibio-un-nuevo-elogio-de-elon-musk-y-apunto-contra-la-casta-delincuente\/\" \/>\n<meta property=\"og:site_name\" content=\"Diario Textual\" \/>\n<meta property=\"article:publisher\" content=\"https:\/\/www.facebook.com\/eltextual\" \/>\n<meta property=\"article:published_time\" content=\"2023-12-30T14:57:09+00:00\" \/>\n<meta property=\"article:modified_time\" content=\"2023-12-30T15:20:59+00:00\" \/>\n<meta property=\"og:image\" content=\"https:\/\/diariotextual.com\/inicio\/wp-content\/uploads\/2023\/12\/mileijavier2023-345.webp\" \/>\n\t<meta property=\"og:image:width\" content=\"1080\" \/>\n\t<meta property=\"og:image:height\" content=\"720\" \/>\n\t<meta property=\"og:image:type\" content=\"image\/webp\" \/>\n<meta name=\"author\" content=\"Diario1 Diario1\" \/>\n<meta name=\"twitter:card\" content=\"summary_large_image\" \/>\n<meta name=\"twitter:creator\" content=\"@eltextual\" \/>\n<meta name=\"twitter:site\" content=\"@eltextual\" \/>\n<meta name=\"twitter:label1\" content=\"Escrito por\" \/>\n\t<meta name=\"twitter:data1\" content=\"Diario1 Diario1\" \/>\n\t<meta name=\"twitter:label2\" content=\"Tiempo de lectura\" \/>\n\t<meta name=\"twitter:data2\" content=\"2 minutos\" \/>\n<script type=\"application\/ld+json\" class=\"yoast-schema-graph\">{\"@context\":\"https:\\\/\\\/schema.org\",\"@graph\":[{\"@type\":\"Article\",\"@id\":\"https:\\\/\\\/diariotextual.com\\\/inicio\\\/index.php\\\/2023\\\/12\\\/30\\\/milei-recibio-un-nuevo-elogio-de-elon-musk-y-apunto-contra-la-casta-delincuente\\\/#article\",\"isPartOf\":{\"@id\":\"https:\\\/\\\/diariotextual.com\\\/inicio\\\/index.php\\\/2023\\\/12\\\/30\\\/milei-recibio-un-nuevo-elogio-de-elon-musk-y-apunto-contra-la-casta-delincuente\\\/\"},\"author\":{\"name\":\"Diario1 Diario1\",\"@id\":\"https:\\\/\\\/diariotextual.com\\\/inicio\\\/#\\\/schema\\\/person\\\/418fc4093c33e86ed41562db3508f958\"},\"headline\":\"Milei recibi\u00f3 un nuevo elogio de Elon Musk y apunt\u00f3 contra la \u201ccasta delincuente\u201d\",\"datePublished\":\"2023-12-30T14:57:09+00:00\",\"dateModified\":\"2023-12-30T15:20:59+00:00\",\"mainEntityOfPage\":{\"@id\":\"https:\\\/\\\/diariotextual.com\\\/inicio\\\/index.php\\\/2023\\\/12\\\/30\\\/milei-recibio-un-nuevo-elogio-de-elon-musk-y-apunto-contra-la-casta-delincuente\\\/\"},\"wordCount\":345,\"publisher\":{\"@id\":\"https:\\\/\\\/diariotextual.com\\\/inicio\\\/#organization\"},\"image\":{\"@id\":\"https:\\\/\\\/diariotextual.com\\\/inicio\\\/index.php\\\/2023\\\/12\\\/30\\\/milei-recibio-un-nuevo-elogio-de-elon-musk-y-apunto-contra-la-casta-delincuente\\\/#primaryimage\"},\"thumbnailUrl\":\"https:\\\/\\\/diariotextual.com\\\/inicio\\\/wp-content\\\/uploads\\\/2023\\\/12\\\/mileijavier2023-345.webp\",\"articleSection\":[\"A - ES NOTICIA (van abajo)\",\"POLITICA\"],\"inLanguage\":\"es\"},{\"@type\":\"WebPage\",\"@id\":\"https:\\\/\\\/diariotextual.com\\\/inicio\\\/index.php\\\/2023\\\/12\\\/30\\\/milei-recibio-un-nuevo-elogio-de-elon-musk-y-apunto-contra-la-casta-delincuente\\\/\",\"url\":\"https:\\\/\\\/diariotextual.com\\\/inicio\\\/index.php\\\/2023\\\/12\\\/30\\\/milei-recibio-un-nuevo-elogio-de-elon-musk-y-apunto-contra-la-casta-delincuente\\\/\",\"name\":\"Milei recibi\u00f3 un nuevo elogio de Elon Musk y apunt\u00f3 contra la \u201ccasta delincuente\u201d - Diario Textual\",\"isPartOf\":{\"@id\":\"https:\\\/\\\/diariotextual.com\\\/inicio\\\/#website\"},\"primaryImageOfPage\":{\"@id\":\"https:\\\/\\\/diariotextual.com\\\/inicio\\\/index.php\\\/2023\\\/12\\\/30\\\/milei-recibio-un-nuevo-elogio-de-elon-musk-y-apunto-contra-la-casta-delincuente\\\/#primaryimage\"},\"image\":{\"@id\":\"https:\\\/\\\/diariotextual.com\\\/inicio\\\/index.php\\\/2023\\\/12\\\/30\\\/milei-recibio-un-nuevo-elogio-de-elon-musk-y-apunto-contra-la-casta-delincuente\\\/#primaryimage\"},\"thumbnailUrl\":\"https:\\\/\\\/diariotextual.com\\\/inicio\\\/wp-content\\\/uploads\\\/2023\\\/12\\\/mileijavier2023-345.webp\",\"datePublished\":\"2023-12-30T14:57:09+00:00\",\"dateModified\":\"2023-12-30T15:20:59+00:00\",\"breadcrumb\":{\"@id\":\"https:\\\/\\\/diariotextual.com\\\/inicio\\\/index.php\\\/2023\\\/12\\\/30\\\/milei-recibio-un-nuevo-elogio-de-elon-musk-y-apunto-contra-la-casta-delincuente\\\/#breadcrumb\"},\"inLanguage\":\"es\",\"potentialAction\":[{\"@type\":\"ReadAction\",\"target\":[\"https:\\\/\\\/diariotextual.com\\\/inicio\\\/index.php\\\/2023\\\/12\\\/30\\\/milei-recibio-un-nuevo-elogio-de-elon-musk-y-apunto-contra-la-casta-delincuente\\\/\"]}]},{\"@type\":\"ImageObject\",\"inLanguage\":\"es\",\"@id\":\"https:\\\/\\\/diariotextual.com\\\/inicio\\\/index.php\\\/2023\\\/12\\\/30\\\/milei-recibio-un-nuevo-elogio-de-elon-musk-y-apunto-contra-la-casta-delincuente\\\/#primaryimage\",\"url\":\"https:\\\/\\\/diariotextual.com\\\/inicio\\\/wp-content\\\/uploads\\\/2023\\\/12\\\/mileijavier2023-345.webp\",\"contentUrl\":\"https:\\\/\\\/diariotextual.com\\\/inicio\\\/wp-content\\\/uploads\\\/2023\\\/12\\\/mileijavier2023-345.webp\",\"width\":1080,\"height\":720},{\"@type\":\"BreadcrumbList\",\"@id\":\"https:\\\/\\\/diariotextual.com\\\/inicio\\\/index.php\\\/2023\\\/12\\\/30\\\/milei-recibio-un-nuevo-elogio-de-elon-musk-y-apunto-contra-la-casta-delincuente\\\/#breadcrumb\",\"itemListElement\":[{\"@type\":\"ListItem\",\"position\":1,\"name\":\"Portada\",\"item\":\"https:\\\/\\\/diariotextual.com\\\/inicio\\\/\"},{\"@type\":\"ListItem\",\"position\":2,\"name\":\"Milei recibi\u00f3 un nuevo elogio de Elon Musk y apunt\u00f3 contra la \u201ccasta delincuente\u201d\"}]},{\"@type\":\"WebSite\",\"@id\":\"https:\\\/\\\/diariotextual.com\\\/inicio\\\/#website\",\"url\":\"https:\\\/\\\/diariotextual.com\\\/inicio\\\/\",\"name\":\"Diario Textual\",\"description\":\"\",\"publisher\":{\"@id\":\"https:\\\/\\\/diariotextual.com\\\/inicio\\\/#organization\"},\"potentialAction\":[{\"@type\":\"SearchAction\",\"target\":{\"@type\":\"EntryPoint\",\"urlTemplate\":\"https:\\\/\\\/diariotextual.com\\\/inicio\\\/?s={search_term_string}\"},\"query-input\":{\"@type\":\"PropertyValueSpecification\",\"valueRequired\":true,\"valueName\":\"search_term_string\"}}],\"inLanguage\":\"es\"},{\"@type\":\"Organization\",\"@id\":\"https:\\\/\\\/diariotextual.com\\\/inicio\\\/#organization\",\"name\":\"Diario Textual\",\"url\":\"https:\\\/\\\/diariotextual.com\\\/inicio\\\/\",\"logo\":{\"@type\":\"ImageObject\",\"inLanguage\":\"es\",\"@id\":\"https:\\\/\\\/diariotextual.com\\\/inicio\\\/#\\\/schema\\\/logo\\\/image\\\/\",\"url\":\"https:\\\/\\\/diariotextual.com\\\/inicio\\\/wp-content\\\/uploads\\\/2023\\\/05\\\/logotextual1.jpg\",\"contentUrl\":\"https:\\\/\\\/diariotextual.com\\\/inicio\\\/wp-content\\\/uploads\\\/2023\\\/05\\\/logotextual1.jpg\",\"width\":516,\"height\":76,\"caption\":\"Diario Textual\"},\"image\":{\"@id\":\"https:\\\/\\\/diariotextual.com\\\/inicio\\\/#\\\/schema\\\/logo\\\/image\\\/\"},\"sameAs\":[\"https:\\\/\\\/www.facebook.com\\\/eltextual\",\"https:\\\/\\\/x.com\\\/eltextual\",\"http:\\\/\\\/www.instagram.com\\\/eltextual\"]},{\"@type\":\"Person\",\"@id\":\"https:\\\/\\\/diariotextual.com\\\/inicio\\\/#\\\/schema\\\/person\\\/418fc4093c33e86ed41562db3508f958\",\"name\":\"Diario1 Diario1\",\"image\":{\"@type\":\"ImageObject\",\"inLanguage\":\"es\",\"@id\":\"https:\\\/\\\/secure.gravatar.com\\\/avatar\\\/9167d280179c85bc18be67aa7eda765854300033af4896dd779b608640f2ef7a?s=96&d=mm&r=g\",\"url\":\"https:\\\/\\\/secure.gravatar.com\\\/avatar\\\/9167d280179c85bc18be67aa7eda765854300033af4896dd779b608640f2ef7a?s=96&d=mm&r=g\",\"contentUrl\":\"https:\\\/\\\/secure.gravatar.com\\\/avatar\\\/9167d280179c85bc18be67aa7eda765854300033af4896dd779b608640f2ef7a?s=96&d=mm&r=g\",\"caption\":\"Diario1 Diario1\"},\"url\":\"https:\\\/\\\/diariotextual.com\\\/inicio\\\/index.php\\\/author\\\/diario1\\\/\"}]}<\/script>\n<!-- \/ Yoast SEO plugin. -->","yoast_head_json":{"title":"Milei recibi\u00f3 un nuevo elogio de Elon Musk y apunt\u00f3 contra la \u201ccasta delincuente\u201d - Diario Textual","robots":{"index":"index","follow":"follow","max-snippet":"max-snippet:-1","max-image-preview":"max-image-preview:large","max-video-preview":"max-video-preview:-1"},"canonical":"https:\/\/diariotextual.com\/inicio\/index.php\/2023\/12\/30\/milei-recibio-un-nuevo-elogio-de-elon-musk-y-apunto-contra-la-casta-delincuente\/","og_locale":"es_ES","og_type":"article","og_title":"Milei recibi\u00f3 un nuevo elogio de Elon Musk y apunt\u00f3 contra la \u201ccasta delincuente\u201d - Diario Textual","og_description":"El presidente Javier Milei afirm\u00f3 hoy que Argentina est\u00e1 \u201cpor el buen camino\u201d y pidi\u00f3 que no se \u201cinterponga la casta delincuente que busca coimas\u201d. Lo hizo a trav\u00e9s de&hellip;","og_url":"https:\/\/diariotextual.com\/inicio\/index.php\/2023\/12\/30\/milei-recibio-un-nuevo-elogio-de-elon-musk-y-apunto-contra-la-casta-delincuente\/","og_site_name":"Diario Textual","article_publisher":"https:\/\/www.facebook.com\/eltextual","article_published_time":"2023-12-30T14:57:09+00:00","article_modified_time":"2023-12-30T15:20:59+00:00","og_image":[{"width":1080,"height":720,"url":"https:\/\/diariotextual.com\/inicio\/wp-content\/uploads\/2023\/12\/mileijavier2023-345.webp","type":"image\/webp"}],"author":"Diario1 Diario1","twitter_card":"summary_large_image","twitter_creator":"@eltextual","twitter_site":"@eltextual","twitter_misc":{"Escrito por":"Diario1 Diario1","Tiempo de lectura":"2 minutos"},"schema":{"@context":"https:\/\/schema.org","@graph":[{"@type":"Article","@id":"https:\/\/diariotextual.com\/inicio\/index.php\/2023\/12\/30\/milei-recibio-un-nuevo-elogio-de-elon-musk-y-apunto-contra-la-casta-delincuente\/#article","isPartOf":{"@id":"https:\/\/diariotextual.com\/inicio\/index.php\/2023\/12\/30\/milei-recibio-un-nuevo-elogio-de-elon-musk-y-apunto-contra-la-casta-delincuente\/"},"author":{"name":"Diario1 Diario1","@id":"https:\/\/diariotextual.com\/inicio\/#\/schema\/person\/418fc4093c33e86ed41562db3508f958"},"headline":"Milei recibi\u00f3 un nuevo elogio de Elon Musk y apunt\u00f3 contra la \u201ccasta delincuente\u201d","datePublished":"2023-12-30T14:57:09+00:00","dateModified":"2023-12-30T15:20:59+00:00","mainEntityOfPage":{"@id":"https:\/\/diariotextual.com\/inicio\/index.php\/2023\/12\/30\/milei-recibio-un-nuevo-elogio-de-elon-musk-y-apunto-contra-la-casta-delincuente\/"},"wordCount":345,"publisher":{"@id":"https:\/\/diariotextual.com\/inicio\/#organization"},"image":{"@id":"https:\/\/diariotextual.com\/inicio\/index.php\/2023\/12\/30\/milei-recibio-un-nuevo-elogio-de-elon-musk-y-apunto-contra-la-casta-delincuente\/#primaryimage"},"thumbnailUrl":"https:\/\/diariotextual.com\/inicio\/wp-content\/uploads\/2023\/12\/mileijavier2023-345.webp","articleSection":["A - ES NOTICIA (van abajo)","POLITICA"],"inLanguage":"es"},{"@type":"WebPage","@id":"https:\/\/diariotextual.com\/inicio\/index.php\/2023\/12\/30\/milei-recibio-un-nuevo-elogio-de-elon-musk-y-apunto-contra-la-casta-delincuente\/","url":"https:\/\/diariotextual.com\/inicio\/index.php\/2023\/12\/30\/milei-recibio-un-nuevo-elogio-de-elon-musk-y-apunto-contra-la-casta-delincuente\/","name":"Milei recibi\u00f3 un nuevo elogio de Elon Musk y apunt\u00f3 contra la \u201ccasta delincuente\u201d - Diario Textual","isPartOf":{"@id":"https:\/\/diariotextual.com\/inicio\/#website"},"primaryImageOfPage":{"@id":"https:\/\/diariotextual.com\/inicio\/index.php\/2023\/12\/30\/milei-recibio-un-nuevo-elogio-de-elon-musk-y-apunto-contra-la-casta-delincuente\/#primaryimage"},"image":{"@id":"https:\/\/diariotextual.com\/inicio\/index.php\/2023\/12\/30\/milei-recibio-un-nuevo-elogio-de-elon-musk-y-apunto-contra-la-casta-delincuente\/#primaryimage"},"thumbnailUrl":"https:\/\/diariotextual.com\/inicio\/wp-content\/uploads\/2023\/12\/mileijavier2023-345.webp","datePublished":"2023-12-30T14:57:09+00:00","dateModified":"2023-12-30T15:20:59+00:00","breadcrumb":{"@id":"https:\/\/diariotextual.com\/inicio\/index.php\/2023\/12\/30\/milei-recibio-un-nuevo-elogio-de-elon-musk-y-apunto-contra-la-casta-delincuente\/#breadcrumb"},"inLanguage":"es","potentialAction":[{"@type":"ReadAction","target":["https:\/\/diariotextual.com\/inicio\/index.php\/2023\/12\/30\/milei-recibio-un-nuevo-elogio-de-elon-musk-y-apunto-contra-la-casta-delincuente\/"]}]},{"@type":"ImageObject","inLanguage":"es","@id":"https:\/\/diariotextual.com\/inicio\/index.php\/2023\/12\/30\/milei-recibio-un-nuevo-elogio-de-elon-musk-y-apunto-contra-la-casta-delincuente\/#primaryimage","url":"https:\/\/diariotextual.com\/inicio\/wp-content\/uploads\/2023\/12\/mileijavier2023-345.webp","contentUrl":"https:\/\/diariotextual.com\/inicio\/wp-content\/uploads\/2023\/12\/mileijavier2023-345.webp","width":1080,"height":720},{"@type":"BreadcrumbList","@id":"https:\/\/diariotextual.com\/inicio\/index.php\/2023\/12\/30\/milei-recibio-un-nuevo-elogio-de-elon-musk-y-apunto-contra-la-casta-delincuente\/#breadcrumb","itemListElement":[{"@type":"ListItem","position":1,"name":"Portada","item":"https:\/\/diariotextual.com\/inicio\/"},{"@type":"ListItem","position":2,"name":"Milei recibi\u00f3 un nuevo elogio de Elon Musk y apunt\u00f3 contra la \u201ccasta delincuente\u201d"}]},{"@type":"WebSite","@id":"https:\/\/diariotextual.com\/inicio\/#website","url":"https:\/\/diariotextual.com\/inicio\/","name":"Diario Textual","description":"","publisher":{"@id":"https:\/\/diariotextual.com\/inicio\/#organization"},"potentialAction":[{"@type":"SearchAction","target":{"@type":"EntryPoint","urlTemplate":"https:\/\/diariotextual.com\/inicio\/?s={search_term_string}"},"query-input":{"@type":"PropertyValueSpecification","valueRequired":true,"valueName":"search_term_string"}}],"inLanguage":"es"},{"@type":"Organization","@id":"https:\/\/diariotextual.com\/inicio\/#organization","name":"Diario Textual","url":"https:\/\/diariotextual.com\/inicio\/","logo":{"@type":"ImageObject","inLanguage":"es","@id":"https:\/\/diariotextual.com\/inicio\/#\/schema\/logo\/image\/","url":"https:\/\/diariotextual.com\/inicio\/wp-content\/uploads\/2023\/05\/logotextual1.jpg","contentUrl":"https:\/\/diariotextual.com\/inicio\/wp-content\/uploads\/2023\/05\/logotextual1.jpg","width":516,"height":76,"caption":"Diario Textual"},"image":{"@id":"https:\/\/diariotextual.com\/inicio\/#\/schema\/logo\/image\/"},"sameAs":["https:\/\/www.facebook.com\/eltextual","https:\/\/x.com\/eltextual","http:\/\/www.instagram.com\/eltextual"]},{"@type":"Person","@id":"https:\/\/diariotextual.com\/inicio\/#\/schema\/person\/418fc4093c33e86ed41562db3508f958","name":"Diario1 Diario1","image":{"@type":"ImageObject","inLanguage":"es","@id":"https:\/\/secure.gravatar.com\/avatar\/9167d280179c85bc18be67aa7eda765854300033af4896dd779b608640f2ef7a?s=96&d=mm&r=g","url":"https:\/\/secure.gravatar.com\/avatar\/9167d280179c85bc18be67aa7eda765854300033af4896dd779b608640f2ef7a?s=96&d=mm&r=g","contentUrl":"https:\/\/secure.gravatar.com\/avatar\/9167d280179c85bc18be67aa7eda765854300033af4896dd779b608640f2ef7a?s=96&d=mm&r=g","caption":"Diario1 Diario1"},"url":"https:\/\/diariotextual.com\/inicio\/index.php\/author\/diario1\/"}]}},"_links":{"self":[{"href":"https:\/\/diariotextual.com\/inicio\/index.php\/wp-json\/wp\/v2\/posts\/249679","targetHints":{"allow":["GET"]}}],"collection":[{"href":"https:\/\/diariotextual.com\/inicio\/index.php\/wp-json\/wp\/v2\/posts"}],"about":[{"href":"https:\/\/diariotextual.com\/inicio\/index.php\/wp-json\/wp\/v2\/types\/post"}],"author":[{"embeddable":true,"href":"https:\/\/diariotextual.com\/inicio\/index.php\/wp-json\/wp\/v2\/users\/3"}],"replies":[{"embeddable":true,"href":"https:\/\/diariotextual.com\/inicio\/index.php\/wp-json\/wp\/v2\/comments?post=249679"}],"version-history":[{"count":2,"href":"https:\/\/diariotextual.com\/inicio\/index.php\/wp-json\/wp\/v2\/posts\/249679\/revisions"}],"predecessor-version":[{"id":249681,"href":"https:\/\/diariotextual.com\/inicio\/index.php\/wp-json\/wp\/v2\/posts\/249679\/revisions\/249681"}],"wp:featuredmedia":[{"embeddable":true,"href":"https:\/\/diariotextual.com\/inicio\/index.php\/wp-json\/wp\/v2\/media\/249050"}],"wp:attachment":[{"href":"https:\/\/diariotextual.com\/inicio\/index.php\/wp-json\/wp\/v2\/media?parent=249679"}],"wp:term":[{"taxonomy":"category","embeddable":true,"href":"https:\/\/diariotextual.com\/inicio\/index.php\/wp-json\/wp\/v2\/categories?post=249679"},{"taxonomy":"post_tag","embeddable":true,"href":"https:\/\/diariotextual.com\/inicio\/index.php\/wp-json\/wp\/v2\/tags?post=249679"}],"curies":[{"name":"wp","href":"https:\/\/api.w.org\/{rel}","templated":true}]}}