{"id":249731,"date":"2023-12-31T08:24:43","date_gmt":"2023-12-31T11:24:43","guid":{"rendered":"https:\/\/diariotextual.com\/inicio\/?p=249731"},"modified":"2023-12-31T11:47:12","modified_gmt":"2023-12-31T14:47:12","slug":"pichetto-contra-la-privatizacion-de-empresas-publicas-hay-que-ir-a-un-sistema-mixto","status":"publish","type":"post","link":"https:\/\/diariotextual.com\/inicio\/index.php\/2023\/12\/31\/pichetto-contra-la-privatizacion-de-empresas-publicas-hay-que-ir-a-un-sistema-mixto\/","title":{"rendered":"Pichetto, contra la privatizaci\u00f3n de empresas p\u00fablicas: \u201cHay que ir a un sistema mixto\u201d"},"content":{"rendered":"\n<p>El diputado nacional\u00a0<strong>Miguel \u00c1ngel Pichetto<\/strong>\u00a0(Hacemos Coalici\u00f3n Federal) calific\u00f3 al proyecto de ley Bases y Puntos de Partida para la Libertad de los Argentinos que impulsa el Gobierno de Javier Milei como un\u00a0<strong>\u201cmamotreto\u201d<\/strong>, plante\u00f3 que<strong>\u00a0\u201cel criterio de privatizaci\u00f3n de los 90\u201d de las empresas p\u00fablicas es \u00abviejo\u201d y propuso que, antes de privatizar, es mejor avanzar en sistemas de empresas mixtas.<\/strong><br><br>\u201cEl presidente Milei tiene que elaborar un\u00a0<strong>di\u00e1logo razonable e inteligente con el Congreso, no contra el Congreso<\/strong>\u201d, sostuvo el presidente del bloque Hacemos Coalici\u00f3n Federal en declaraciones a la emisora AM 750, donde consider\u00f3 que<strong> \u201cla mega ley es un mamotreto\u201d.<\/strong><\/p>\n\n\n\n<p>\u201cHay una delegaci\u00f3n muy fuerte en la cual el Congreso perder\u00eda tambi\u00e9n significado y el rol que se necesita dentro de un estado democr\u00e1tico.&nbsp;<strong>El Congreso est\u00e1 para discutir. La Ley, como toda Ley, puede tener reformas, para eso est\u00e1 el Congreso. De lo contrario, entreguemos la llave del despacho y vay\u00e1monos<\/strong>\u201d, advirti\u00f3.<br><br><br><\/p>\n\n\n\n<p>\u201cNo se debe permitir un esquema de&nbsp;<strong>poner el Congreso de rodillas<\/strong>&nbsp;porque eso va a ser negativo y va a provocar reacciones no convenientes para la Rep\u00fablica Argentina y para el Gobierno, dijo el peronista no kirchnerista que fue candidato a vicepresidente de Mauricio Macri en 2019.<br><br><strong>\u201cEl camino es el camino del di\u00e1logo y el de los acuerdos\u201d<\/strong>, enfatiz\u00f3 Pichetto, quien adem\u00e1s critic\u00f3 que el presidente \u201cpide una delegaci\u00f3n de poderes por un per\u00edodo demasiado extenso\u201d.<\/p>\n\n\n\n<p>Adem\u00e1s, se refiri\u00f3 al cap\u00edtulo que plantea la privatizaci\u00f3n de todas las empresas del Estado como Aerol\u00edneas Argentinas, YPF o los medios p\u00fablicos Televisi\u00f3n P\u00fablica, Radio Nacional y la agencia de noticias T\u00e9lam. \u201cEl criterio de privatizaci\u00f3n de los &#8217;90 es viejo. Antes de privatizar es mejor avanzar en sistemas de empresas mixtas\u201d, dijo.<\/p>\n\n\n\n<p>En tanto, se mostr\u00f3 favorable a una reforma laboral. \u201cArgentina necesita un r\u00e9gimen laboral m\u00e1s moderno porque estamos anclados en leyes que son del a\u00f1o \u201874\u201d, dijo.<\/p>\n\n\n\n<p>\u201cHay margen para debatir la reforma laboral que se plantea\u201d, dijo el diputado peronista enfrentado al kirchnerismo. \u201cHay que adaptar las normas a los procesos hist\u00f3ricos que vive el pa\u00eds y el mundo\u201d.<\/p>\n\n\n\n<p><\/p>\n","protected":false},"excerpt":{"rendered":"<p>El diputado nacional\u00a0Miguel \u00c1ngel Pichetto\u00a0(Hacemos Coalici\u00f3n Federal) calific\u00f3 al proyecto de ley Bases y Puntos de Partida para la Libertad de los Argentinos que impulsa el Gobierno de Javier Milei&hellip;<\/p>\n","protected":false},"author":3,"featured_media":51754,"comment_status":"closed","ping_status":"open","sticky":false,"template":"","format":"standard","meta":{"_acf_changed":false,"footnotes":""},"categories":[1,8],"tags":[],"class_list":["post-249731","post","type-post","status-publish","format-standard","has-post-thumbnail","hentry","category-es-noticia","category-politica"],"acf":[],"yoast_head":"<!-- This site is optimized with the Yoast SEO plugin v27.5 - https:\/\/yoast.com\/product\/yoast-seo-wordpress\/ -->\n<title>Pichetto, contra la privatizaci\u00f3n de empresas p\u00fablicas: \u201cHay que ir a un sistema mixto\u201d - Diario Textual<\/title>\n<meta name=\"robots\" content=\"index, follow, max-snippet:-1, max-image-preview:large, max-video-preview:-1\" \/>\n<link rel=\"canonical\" href=\"https:\/\/diariotextual.com\/inicio\/index.php\/2023\/12\/31\/pichetto-contra-la-privatizacion-de-empresas-publicas-hay-que-ir-a-un-sistema-mixto\/\" \/>\n<meta property=\"og:locale\" content=\"es_ES\" \/>\n<meta property=\"og:type\" content=\"article\" \/>\n<meta property=\"og:title\" content=\"Pichetto, contra la privatizaci\u00f3n de empresas p\u00fablicas: \u201cHay que ir a un sistema mixto\u201d - Diario Textual\" \/>\n<meta property=\"og:description\" content=\"El diputado nacional\u00a0Miguel \u00c1ngel Pichetto\u00a0(Hacemos Coalici\u00f3n Federal) calific\u00f3 al proyecto de ley Bases y Puntos de Partida para la Libertad de los Argentinos que impulsa el Gobierno de Javier Milei&hellip;\" \/>\n<meta property=\"og:url\" content=\"https:\/\/diariotextual.com\/inicio\/index.php\/2023\/12\/31\/pichetto-contra-la-privatizacion-de-empresas-publicas-hay-que-ir-a-un-sistema-mixto\/\" \/>\n<meta property=\"og:site_name\" content=\"Diario Textual\" \/>\n<meta property=\"article:publisher\" content=\"https:\/\/www.facebook.com\/eltextual\" \/>\n<meta property=\"article:published_time\" content=\"2023-12-31T11:24:43+00:00\" \/>\n<meta property=\"article:modified_time\" content=\"2023-12-31T14:47:12+00:00\" \/>\n<meta property=\"og:image\" content=\"https:\/\/diariotextual.com\/inicio\/wp-content\/uploads\/2019\/06\/pichettomiguel88888.jpg\" \/>\n\t<meta property=\"og:image:width\" content=\"1200\" \/>\n\t<meta property=\"og:image:height\" content=\"762\" \/>\n\t<meta property=\"og:image:type\" content=\"image\/jpeg\" \/>\n<meta name=\"author\" content=\"Diario1 Diario1\" \/>\n<meta name=\"twitter:card\" content=\"summary_large_image\" \/>\n<meta name=\"twitter:creator\" content=\"@eltextual\" \/>\n<meta name=\"twitter:site\" content=\"@eltextual\" \/>\n<meta name=\"twitter:label1\" content=\"Escrito por\" \/>\n\t<meta name=\"twitter:data1\" content=\"Diario1 Diario1\" \/>\n\t<meta name=\"twitter:label2\" content=\"Tiempo de lectura\" \/>\n\t<meta name=\"twitter:data2\" content=\"2 minutos\" \/>\n<script type=\"application\/ld+json\" class=\"yoast-schema-graph\">{\"@context\":\"https:\\\/\\\/schema.org\",\"@graph\":[{\"@type\":\"Article\",\"@id\":\"https:\\\/\\\/diariotextual.com\\\/inicio\\\/index.php\\\/2023\\\/12\\\/31\\\/pichetto-contra-la-privatizacion-de-empresas-publicas-hay-que-ir-a-un-sistema-mixto\\\/#article\",\"isPartOf\":{\"@id\":\"https:\\\/\\\/diariotextual.com\\\/inicio\\\/index.php\\\/2023\\\/12\\\/31\\\/pichetto-contra-la-privatizacion-de-empresas-publicas-hay-que-ir-a-un-sistema-mixto\\\/\"},\"author\":{\"name\":\"Diario1 Diario1\",\"@id\":\"https:\\\/\\\/diariotextual.com\\\/inicio\\\/#\\\/schema\\\/person\\\/418fc4093c33e86ed41562db3508f958\"},\"headline\":\"Pichetto, contra la privatizaci\u00f3n de empresas p\u00fablicas: \u201cHay que ir a un sistema mixto\u201d\",\"datePublished\":\"2023-12-31T11:24:43+00:00\",\"dateModified\":\"2023-12-31T14:47:12+00:00\",\"mainEntityOfPage\":{\"@id\":\"https:\\\/\\\/diariotextual.com\\\/inicio\\\/index.php\\\/2023\\\/12\\\/31\\\/pichetto-contra-la-privatizacion-de-empresas-publicas-hay-que-ir-a-un-sistema-mixto\\\/\"},\"wordCount\":395,\"publisher\":{\"@id\":\"https:\\\/\\\/diariotextual.com\\\/inicio\\\/#organization\"},\"image\":{\"@id\":\"https:\\\/\\\/diariotextual.com\\\/inicio\\\/index.php\\\/2023\\\/12\\\/31\\\/pichetto-contra-la-privatizacion-de-empresas-publicas-hay-que-ir-a-un-sistema-mixto\\\/#primaryimage\"},\"thumbnailUrl\":\"https:\\\/\\\/diariotextual.com\\\/inicio\\\/wp-content\\\/uploads\\\/2019\\\/06\\\/pichettomiguel88888.jpg\",\"articleSection\":[\"A - ES NOTICIA (van abajo)\",\"POLITICA\"],\"inLanguage\":\"es\"},{\"@type\":\"WebPage\",\"@id\":\"https:\\\/\\\/diariotextual.com\\\/inicio\\\/index.php\\\/2023\\\/12\\\/31\\\/pichetto-contra-la-privatizacion-de-empresas-publicas-hay-que-ir-a-un-sistema-mixto\\\/\",\"url\":\"https:\\\/\\\/diariotextual.com\\\/inicio\\\/index.php\\\/2023\\\/12\\\/31\\\/pichetto-contra-la-privatizacion-de-empresas-publicas-hay-que-ir-a-un-sistema-mixto\\\/\",\"name\":\"Pichetto, contra la privatizaci\u00f3n de empresas p\u00fablicas: \u201cHay que ir a un sistema mixto\u201d - Diario Textual\",\"isPartOf\":{\"@id\":\"https:\\\/\\\/diariotextual.com\\\/inicio\\\/#website\"},\"primaryImageOfPage\":{\"@id\":\"https:\\\/\\\/diariotextual.com\\\/inicio\\\/index.php\\\/2023\\\/12\\\/31\\\/pichetto-contra-la-privatizacion-de-empresas-publicas-hay-que-ir-a-un-sistema-mixto\\\/#primaryimage\"},\"image\":{\"@id\":\"https:\\\/\\\/diariotextual.com\\\/inicio\\\/index.php\\\/2023\\\/12\\\/31\\\/pichetto-contra-la-privatizacion-de-empresas-publicas-hay-que-ir-a-un-sistema-mixto\\\/#primaryimage\"},\"thumbnailUrl\":\"https:\\\/\\\/diariotextual.com\\\/inicio\\\/wp-content\\\/uploads\\\/2019\\\/06\\\/pichettomiguel88888.jpg\",\"datePublished\":\"2023-12-31T11:24:43+00:00\",\"dateModified\":\"2023-12-31T14:47:12+00:00\",\"breadcrumb\":{\"@id\":\"https:\\\/\\\/diariotextual.com\\\/inicio\\\/index.php\\\/2023\\\/12\\\/31\\\/pichetto-contra-la-privatizacion-de-empresas-publicas-hay-que-ir-a-un-sistema-mixto\\\/#breadcrumb\"},\"inLanguage\":\"es\",\"potentialAction\":[{\"@type\":\"ReadAction\",\"target\":[\"https:\\\/\\\/diariotextual.com\\\/inicio\\\/index.php\\\/2023\\\/12\\\/31\\\/pichetto-contra-la-privatizacion-de-empresas-publicas-hay-que-ir-a-un-sistema-mixto\\\/\"]}]},{\"@type\":\"ImageObject\",\"inLanguage\":\"es\",\"@id\":\"https:\\\/\\\/diariotextual.com\\\/inicio\\\/index.php\\\/2023\\\/12\\\/31\\\/pichetto-contra-la-privatizacion-de-empresas-publicas-hay-que-ir-a-un-sistema-mixto\\\/#primaryimage\",\"url\":\"https:\\\/\\\/diariotextual.com\\\/inicio\\\/wp-content\\\/uploads\\\/2019\\\/06\\\/pichettomiguel88888.jpg\",\"contentUrl\":\"https:\\\/\\\/diariotextual.com\\\/inicio\\\/wp-content\\\/uploads\\\/2019\\\/06\\\/pichettomiguel88888.jpg\",\"width\":1200,\"height\":762},{\"@type\":\"BreadcrumbList\",\"@id\":\"https:\\\/\\\/diariotextual.com\\\/inicio\\\/index.php\\\/2023\\\/12\\\/31\\\/pichetto-contra-la-privatizacion-de-empresas-publicas-hay-que-ir-a-un-sistema-mixto\\\/#breadcrumb\",\"itemListElement\":[{\"@type\":\"ListItem\",\"position\":1,\"name\":\"Portada\",\"item\":\"https:\\\/\\\/diariotextual.com\\\/inicio\\\/\"},{\"@type\":\"ListItem\",\"position\":2,\"name\":\"Pichetto, contra la privatizaci\u00f3n de empresas p\u00fablicas: \u201cHay que ir a un sistema mixto\u201d\"}]},{\"@type\":\"WebSite\",\"@id\":\"https:\\\/\\\/diariotextual.com\\\/inicio\\\/#website\",\"url\":\"https:\\\/\\\/diariotextual.com\\\/inicio\\\/\",\"name\":\"Diario Textual\",\"description\":\"\",\"publisher\":{\"@id\":\"https:\\\/\\\/diariotextual.com\\\/inicio\\\/#organization\"},\"potentialAction\":[{\"@type\":\"SearchAction\",\"target\":{\"@type\":\"EntryPoint\",\"urlTemplate\":\"https:\\\/\\\/diariotextual.com\\\/inicio\\\/?s={search_term_string}\"},\"query-input\":{\"@type\":\"PropertyValueSpecification\",\"valueRequired\":true,\"valueName\":\"search_term_string\"}}],\"inLanguage\":\"es\"},{\"@type\":\"Organization\",\"@id\":\"https:\\\/\\\/diariotextual.com\\\/inicio\\\/#organization\",\"name\":\"Diario Textual\",\"url\":\"https:\\\/\\\/diariotextual.com\\\/inicio\\\/\",\"logo\":{\"@type\":\"ImageObject\",\"inLanguage\":\"es\",\"@id\":\"https:\\\/\\\/diariotextual.com\\\/inicio\\\/#\\\/schema\\\/logo\\\/image\\\/\",\"url\":\"https:\\\/\\\/diariotextual.com\\\/inicio\\\/wp-content\\\/uploads\\\/2023\\\/05\\\/logotextual1.jpg\",\"contentUrl\":\"https:\\\/\\\/diariotextual.com\\\/inicio\\\/wp-content\\\/uploads\\\/2023\\\/05\\\/logotextual1.jpg\",\"width\":516,\"height\":76,\"caption\":\"Diario Textual\"},\"image\":{\"@id\":\"https:\\\/\\\/diariotextual.com\\\/inicio\\\/#\\\/schema\\\/logo\\\/image\\\/\"},\"sameAs\":[\"https:\\\/\\\/www.facebook.com\\\/eltextual\",\"https:\\\/\\\/x.com\\\/eltextual\",\"http:\\\/\\\/www.instagram.com\\\/eltextual\"]},{\"@type\":\"Person\",\"@id\":\"https:\\\/\\\/diariotextual.com\\\/inicio\\\/#\\\/schema\\\/person\\\/418fc4093c33e86ed41562db3508f958\",\"name\":\"Diario1 Diario1\",\"image\":{\"@type\":\"ImageObject\",\"inLanguage\":\"es\",\"@id\":\"https:\\\/\\\/secure.gravatar.com\\\/avatar\\\/9167d280179c85bc18be67aa7eda765854300033af4896dd779b608640f2ef7a?s=96&d=mm&r=g\",\"url\":\"https:\\\/\\\/secure.gravatar.com\\\/avatar\\\/9167d280179c85bc18be67aa7eda765854300033af4896dd779b608640f2ef7a?s=96&d=mm&r=g\",\"contentUrl\":\"https:\\\/\\\/secure.gravatar.com\\\/avatar\\\/9167d280179c85bc18be67aa7eda765854300033af4896dd779b608640f2ef7a?s=96&d=mm&r=g\",\"caption\":\"Diario1 Diario1\"},\"url\":\"https:\\\/\\\/diariotextual.com\\\/inicio\\\/index.php\\\/author\\\/diario1\\\/\"}]}<\/script>\n<!-- \/ Yoast SEO plugin. -->","yoast_head_json":{"title":"Pichetto, contra la privatizaci\u00f3n de empresas p\u00fablicas: \u201cHay que ir a un sistema mixto\u201d - Diario Textual","robots":{"index":"index","follow":"follow","max-snippet":"max-snippet:-1","max-image-preview":"max-image-preview:large","max-video-preview":"max-video-preview:-1"},"canonical":"https:\/\/diariotextual.com\/inicio\/index.php\/2023\/12\/31\/pichetto-contra-la-privatizacion-de-empresas-publicas-hay-que-ir-a-un-sistema-mixto\/","og_locale":"es_ES","og_type":"article","og_title":"Pichetto, contra la privatizaci\u00f3n de empresas p\u00fablicas: \u201cHay que ir a un sistema mixto\u201d - Diario Textual","og_description":"El diputado nacional\u00a0Miguel \u00c1ngel Pichetto\u00a0(Hacemos Coalici\u00f3n Federal) calific\u00f3 al proyecto de ley Bases y Puntos de Partida para la Libertad de los Argentinos que impulsa el Gobierno de Javier Milei&hellip;","og_url":"https:\/\/diariotextual.com\/inicio\/index.php\/2023\/12\/31\/pichetto-contra-la-privatizacion-de-empresas-publicas-hay-que-ir-a-un-sistema-mixto\/","og_site_name":"Diario Textual","article_publisher":"https:\/\/www.facebook.com\/eltextual","article_published_time":"2023-12-31T11:24:43+00:00","article_modified_time":"2023-12-31T14:47:12+00:00","og_image":[{"width":1200,"height":762,"url":"https:\/\/diariotextual.com\/inicio\/wp-content\/uploads\/2019\/06\/pichettomiguel88888.jpg","type":"image\/jpeg"}],"author":"Diario1 Diario1","twitter_card":"summary_large_image","twitter_creator":"@eltextual","twitter_site":"@eltextual","twitter_misc":{"Escrito por":"Diario1 Diario1","Tiempo de lectura":"2 minutos"},"schema":{"@context":"https:\/\/schema.org","@graph":[{"@type":"Article","@id":"https:\/\/diariotextual.com\/inicio\/index.php\/2023\/12\/31\/pichetto-contra-la-privatizacion-de-empresas-publicas-hay-que-ir-a-un-sistema-mixto\/#article","isPartOf":{"@id":"https:\/\/diariotextual.com\/inicio\/index.php\/2023\/12\/31\/pichetto-contra-la-privatizacion-de-empresas-publicas-hay-que-ir-a-un-sistema-mixto\/"},"author":{"name":"Diario1 Diario1","@id":"https:\/\/diariotextual.com\/inicio\/#\/schema\/person\/418fc4093c33e86ed41562db3508f958"},"headline":"Pichetto, contra la privatizaci\u00f3n de empresas p\u00fablicas: \u201cHay que ir a un sistema mixto\u201d","datePublished":"2023-12-31T11:24:43+00:00","dateModified":"2023-12-31T14:47:12+00:00","mainEntityOfPage":{"@id":"https:\/\/diariotextual.com\/inicio\/index.php\/2023\/12\/31\/pichetto-contra-la-privatizacion-de-empresas-publicas-hay-que-ir-a-un-sistema-mixto\/"},"wordCount":395,"publisher":{"@id":"https:\/\/diariotextual.com\/inicio\/#organization"},"image":{"@id":"https:\/\/diariotextual.com\/inicio\/index.php\/2023\/12\/31\/pichetto-contra-la-privatizacion-de-empresas-publicas-hay-que-ir-a-un-sistema-mixto\/#primaryimage"},"thumbnailUrl":"https:\/\/diariotextual.com\/inicio\/wp-content\/uploads\/2019\/06\/pichettomiguel88888.jpg","articleSection":["A - ES NOTICIA (van abajo)","POLITICA"],"inLanguage":"es"},{"@type":"WebPage","@id":"https:\/\/diariotextual.com\/inicio\/index.php\/2023\/12\/31\/pichetto-contra-la-privatizacion-de-empresas-publicas-hay-que-ir-a-un-sistema-mixto\/","url":"https:\/\/diariotextual.com\/inicio\/index.php\/2023\/12\/31\/pichetto-contra-la-privatizacion-de-empresas-publicas-hay-que-ir-a-un-sistema-mixto\/","name":"Pichetto, contra la privatizaci\u00f3n de empresas p\u00fablicas: \u201cHay que ir a un sistema mixto\u201d - Diario Textual","isPartOf":{"@id":"https:\/\/diariotextual.com\/inicio\/#website"},"primaryImageOfPage":{"@id":"https:\/\/diariotextual.com\/inicio\/index.php\/2023\/12\/31\/pichetto-contra-la-privatizacion-de-empresas-publicas-hay-que-ir-a-un-sistema-mixto\/#primaryimage"},"image":{"@id":"https:\/\/diariotextual.com\/inicio\/index.php\/2023\/12\/31\/pichetto-contra-la-privatizacion-de-empresas-publicas-hay-que-ir-a-un-sistema-mixto\/#primaryimage"},"thumbnailUrl":"https:\/\/diariotextual.com\/inicio\/wp-content\/uploads\/2019\/06\/pichettomiguel88888.jpg","datePublished":"2023-12-31T11:24:43+00:00","dateModified":"2023-12-31T14:47:12+00:00","breadcrumb":{"@id":"https:\/\/diariotextual.com\/inicio\/index.php\/2023\/12\/31\/pichetto-contra-la-privatizacion-de-empresas-publicas-hay-que-ir-a-un-sistema-mixto\/#breadcrumb"},"inLanguage":"es","potentialAction":[{"@type":"ReadAction","target":["https:\/\/diariotextual.com\/inicio\/index.php\/2023\/12\/31\/pichetto-contra-la-privatizacion-de-empresas-publicas-hay-que-ir-a-un-sistema-mixto\/"]}]},{"@type":"ImageObject","inLanguage":"es","@id":"https:\/\/diariotextual.com\/inicio\/index.php\/2023\/12\/31\/pichetto-contra-la-privatizacion-de-empresas-publicas-hay-que-ir-a-un-sistema-mixto\/#primaryimage","url":"https:\/\/diariotextual.com\/inicio\/wp-content\/uploads\/2019\/06\/pichettomiguel88888.jpg","contentUrl":"https:\/\/diariotextual.com\/inicio\/wp-content\/uploads\/2019\/06\/pichettomiguel88888.jpg","width":1200,"height":762},{"@type":"BreadcrumbList","@id":"https:\/\/diariotextual.com\/inicio\/index.php\/2023\/12\/31\/pichetto-contra-la-privatizacion-de-empresas-publicas-hay-que-ir-a-un-sistema-mixto\/#breadcrumb","itemListElement":[{"@type":"ListItem","position":1,"name":"Portada","item":"https:\/\/diariotextual.com\/inicio\/"},{"@type":"ListItem","position":2,"name":"Pichetto, contra la privatizaci\u00f3n de empresas p\u00fablicas: \u201cHay que ir a un sistema mixto\u201d"}]},{"@type":"WebSite","@id":"https:\/\/diariotextual.com\/inicio\/#website","url":"https:\/\/diariotextual.com\/inicio\/","name":"Diario Textual","description":"","publisher":{"@id":"https:\/\/diariotextual.com\/inicio\/#organization"},"potentialAction":[{"@type":"SearchAction","target":{"@type":"EntryPoint","urlTemplate":"https:\/\/diariotextual.com\/inicio\/?s={search_term_string}"},"query-input":{"@type":"PropertyValueSpecification","valueRequired":true,"valueName":"search_term_string"}}],"inLanguage":"es"},{"@type":"Organization","@id":"https:\/\/diariotextual.com\/inicio\/#organization","name":"Diario Textual","url":"https:\/\/diariotextual.com\/inicio\/","logo":{"@type":"ImageObject","inLanguage":"es","@id":"https:\/\/diariotextual.com\/inicio\/#\/schema\/logo\/image\/","url":"https:\/\/diariotextual.com\/inicio\/wp-content\/uploads\/2023\/05\/logotextual1.jpg","contentUrl":"https:\/\/diariotextual.com\/inicio\/wp-content\/uploads\/2023\/05\/logotextual1.jpg","width":516,"height":76,"caption":"Diario Textual"},"image":{"@id":"https:\/\/diariotextual.com\/inicio\/#\/schema\/logo\/image\/"},"sameAs":["https:\/\/www.facebook.com\/eltextual","https:\/\/x.com\/eltextual","http:\/\/www.instagram.com\/eltextual"]},{"@type":"Person","@id":"https:\/\/diariotextual.com\/inicio\/#\/schema\/person\/418fc4093c33e86ed41562db3508f958","name":"Diario1 Diario1","image":{"@type":"ImageObject","inLanguage":"es","@id":"https:\/\/secure.gravatar.com\/avatar\/9167d280179c85bc18be67aa7eda765854300033af4896dd779b608640f2ef7a?s=96&d=mm&r=g","url":"https:\/\/secure.gravatar.com\/avatar\/9167d280179c85bc18be67aa7eda765854300033af4896dd779b608640f2ef7a?s=96&d=mm&r=g","contentUrl":"https:\/\/secure.gravatar.com\/avatar\/9167d280179c85bc18be67aa7eda765854300033af4896dd779b608640f2ef7a?s=96&d=mm&r=g","caption":"Diario1 Diario1"},"url":"https:\/\/diariotextual.com\/inicio\/index.php\/author\/diario1\/"}]}},"_links":{"self":[{"href":"https:\/\/diariotextual.com\/inicio\/index.php\/wp-json\/wp\/v2\/posts\/249731","targetHints":{"allow":["GET"]}}],"collection":[{"href":"https:\/\/diariotextual.com\/inicio\/index.php\/wp-json\/wp\/v2\/posts"}],"about":[{"href":"https:\/\/diariotextual.com\/inicio\/index.php\/wp-json\/wp\/v2\/types\/post"}],"author":[{"embeddable":true,"href":"https:\/\/diariotextual.com\/inicio\/index.php\/wp-json\/wp\/v2\/users\/3"}],"replies":[{"embeddable":true,"href":"https:\/\/diariotextual.com\/inicio\/index.php\/wp-json\/wp\/v2\/comments?post=249731"}],"version-history":[{"count":2,"href":"https:\/\/diariotextual.com\/inicio\/index.php\/wp-json\/wp\/v2\/posts\/249731\/revisions"}],"predecessor-version":[{"id":249733,"href":"https:\/\/diariotextual.com\/inicio\/index.php\/wp-json\/wp\/v2\/posts\/249731\/revisions\/249733"}],"wp:featuredmedia":[{"embeddable":true,"href":"https:\/\/diariotextual.com\/inicio\/index.php\/wp-json\/wp\/v2\/media\/51754"}],"wp:attachment":[{"href":"https:\/\/diariotextual.com\/inicio\/index.php\/wp-json\/wp\/v2\/media?parent=249731"}],"wp:term":[{"taxonomy":"category","embeddable":true,"href":"https:\/\/diariotextual.com\/inicio\/index.php\/wp-json\/wp\/v2\/categories?post=249731"},{"taxonomy":"post_tag","embeddable":true,"href":"https:\/\/diariotextual.com\/inicio\/index.php\/wp-json\/wp\/v2\/tags?post=249731"}],"curies":[{"name":"wp","href":"https:\/\/api.w.org\/{rel}","templated":true}]}}