{"id":249740,"date":"2023-12-31T10:28:48","date_gmt":"2023-12-31T13:28:48","guid":{"rendered":"https:\/\/diariotextual.com\/inicio\/?p=249740"},"modified":"2023-12-31T11:06:24","modified_gmt":"2023-12-31T14:06:24","slug":"cuando-y-cuanto-cobraran-las-autoridades-de-mesa-que-estuvieron-en-las-elecciones-2023","status":"publish","type":"post","link":"https:\/\/diariotextual.com\/inicio\/index.php\/2023\/12\/31\/cuando-y-cuanto-cobraran-las-autoridades-de-mesa-que-estuvieron-en-las-elecciones-2023\/","title":{"rendered":"Cu\u00e1ndo y cu\u00e1nto cobrar\u00e1n las autoridades de mesa que estuvieron en las elecciones 2023"},"content":{"rendered":"\n<p>El Gobierno Nacional, a trav\u00e9s de la Direcci\u00f3n Nacional Electoral (DINE), anunci\u00f3 el cronograma de pagos correspondiente a los vi\u00e1ticos y capacitaci\u00f3n destinados a las personas que desempe\u00f1aron roles como autoridades de mesa y delegados de la Justicia Nacional Electoral durante el balotaje del 19 de noviembre pasado.<\/p>\n\n\n\n<p>Seg\u00fan lo informado por el organismo electoral, los ciudadanos cuyos&nbsp;<strong>DNI finalicen en 0, 1 y 2&nbsp;<\/strong>podr\u00e1n dirigirse a la sucursal del&nbsp;<strong>Correo Argentino<\/strong>&nbsp;asignada a partir del&nbsp;<strong>3 de enero.<\/strong>&nbsp;<\/p>\n\n\n\n<p>Aquellos con<strong>&nbsp;documentos que terminen en 3, 4 y 5<\/strong>&nbsp;podr\u00e1n hacerlo a partir del&nbsp;<strong>4 de enero<\/strong>, mientras que&nbsp;<strong>los que concluyan en 6, 7 y 8<\/strong>&nbsp;podr\u00e1n acudir desde&nbsp;<strong>el 5 del mismo mes.<\/strong><\/p>\n\n\n\n<p>Las personas con derecho a\u00a0<strong>percibir vi\u00e1ticos\u00a0<\/strong>pueden verificar el estado y la oficina de pago en la\u00a0<a href=\"https:\/\/www.correoargentino.com.ar\/electorales\/consulta-de-pago?fbclid=IwAR0Khk2OecN70zaX0I5NMK_awWA4vRfKOQYfQSN3sIxkOK90nDTCk2tyU-8\" target=\"_blank\" rel=\"noreferrer noopener\">web oficial de Correo Argentino<\/a>. Adem\u00e1s, tienen un plazo de\u00a0<strong>12 meses para realizar el cobro<\/strong>.<\/p>\n\n\n\n<p>Cu\u00e1nto cobra cada autoridad de mesa:<br><\/p>\n\n\n\n<p>-Autoridad de mesa: $11.000<\/p>\n\n\n\n<p>-Capacitaci\u00f3n: $3.000<\/p>\n\n\n\n<p>-Delegado: $18.500<\/p>\n\n\n\n<p>-Plus de delegado: $3.500.<\/p>\n\n\n\n<p><\/p>\n\n\n\n<p><\/p>\n","protected":false},"excerpt":{"rendered":"<p>El Gobierno Nacional, a trav\u00e9s de la Direcci\u00f3n Nacional Electoral (DINE), anunci\u00f3 el cronograma de pagos correspondiente a los vi\u00e1ticos y capacitaci\u00f3n destinados a las personas que desempe\u00f1aron roles como&hellip;<\/p>\n","protected":false},"author":3,"featured_media":241650,"comment_status":"closed","ping_status":"open","sticky":false,"template":"","format":"standard","meta":{"_acf_changed":false,"footnotes":""},"categories":[1,8],"tags":[],"class_list":["post-249740","post","type-post","status-publish","format-standard","has-post-thumbnail","hentry","category-es-noticia","category-politica"],"acf":[],"yoast_head":"<!-- This site is optimized with the Yoast SEO plugin v27.5 - https:\/\/yoast.com\/product\/yoast-seo-wordpress\/ -->\n<title>Cu\u00e1ndo y cu\u00e1nto cobrar\u00e1n las autoridades de mesa que estuvieron en las elecciones 2023 - Diario Textual<\/title>\n<meta name=\"robots\" content=\"index, follow, max-snippet:-1, max-image-preview:large, max-video-preview:-1\" \/>\n<link rel=\"canonical\" href=\"https:\/\/diariotextual.com\/inicio\/index.php\/2023\/12\/31\/cuando-y-cuanto-cobraran-las-autoridades-de-mesa-que-estuvieron-en-las-elecciones-2023\/\" \/>\n<meta property=\"og:locale\" content=\"es_ES\" \/>\n<meta property=\"og:type\" content=\"article\" \/>\n<meta property=\"og:title\" content=\"Cu\u00e1ndo y cu\u00e1nto cobrar\u00e1n las autoridades de mesa que estuvieron en las elecciones 2023 - Diario Textual\" \/>\n<meta property=\"og:description\" content=\"El Gobierno Nacional, a trav\u00e9s de la Direcci\u00f3n Nacional Electoral (DINE), anunci\u00f3 el cronograma de pagos correspondiente a los vi\u00e1ticos y capacitaci\u00f3n destinados a las personas que desempe\u00f1aron roles como&hellip;\" \/>\n<meta property=\"og:url\" content=\"https:\/\/diariotextual.com\/inicio\/index.php\/2023\/12\/31\/cuando-y-cuanto-cobraran-las-autoridades-de-mesa-que-estuvieron-en-las-elecciones-2023\/\" \/>\n<meta property=\"og:site_name\" content=\"Diario Textual\" \/>\n<meta property=\"article:publisher\" content=\"https:\/\/www.facebook.com\/eltextual\" \/>\n<meta property=\"article:published_time\" content=\"2023-12-31T13:28:48+00:00\" \/>\n<meta property=\"article:modified_time\" content=\"2023-12-31T14:06:24+00:00\" \/>\n<meta property=\"og:image\" content=\"https:\/\/diariotextual.com\/inicio\/wp-content\/uploads\/2023\/10\/eleccionestelamurnas2023-600.jpg\" \/>\n\t<meta property=\"og:image:width\" content=\"1200\" \/>\n\t<meta property=\"og:image:height\" content=\"675\" \/>\n\t<meta property=\"og:image:type\" content=\"image\/jpeg\" \/>\n<meta name=\"author\" content=\"Diario1 Diario1\" \/>\n<meta name=\"twitter:card\" content=\"summary_large_image\" \/>\n<meta name=\"twitter:creator\" content=\"@eltextual\" \/>\n<meta name=\"twitter:site\" content=\"@eltextual\" \/>\n<meta name=\"twitter:label1\" content=\"Escrito por\" \/>\n\t<meta name=\"twitter:data1\" content=\"Diario1 Diario1\" \/>\n\t<meta name=\"twitter:label2\" content=\"Tiempo de lectura\" \/>\n\t<meta name=\"twitter:data2\" content=\"1 minuto\" \/>\n<script type=\"application\/ld+json\" class=\"yoast-schema-graph\">{\"@context\":\"https:\\\/\\\/schema.org\",\"@graph\":[{\"@type\":\"Article\",\"@id\":\"https:\\\/\\\/diariotextual.com\\\/inicio\\\/index.php\\\/2023\\\/12\\\/31\\\/cuando-y-cuanto-cobraran-las-autoridades-de-mesa-que-estuvieron-en-las-elecciones-2023\\\/#article\",\"isPartOf\":{\"@id\":\"https:\\\/\\\/diariotextual.com\\\/inicio\\\/index.php\\\/2023\\\/12\\\/31\\\/cuando-y-cuanto-cobraran-las-autoridades-de-mesa-que-estuvieron-en-las-elecciones-2023\\\/\"},\"author\":{\"name\":\"Diario1 Diario1\",\"@id\":\"https:\\\/\\\/diariotextual.com\\\/inicio\\\/#\\\/schema\\\/person\\\/418fc4093c33e86ed41562db3508f958\"},\"headline\":\"Cu\u00e1ndo y cu\u00e1nto cobrar\u00e1n las autoridades de mesa que estuvieron en las elecciones 2023\",\"datePublished\":\"2023-12-31T13:28:48+00:00\",\"dateModified\":\"2023-12-31T14:06:24+00:00\",\"mainEntityOfPage\":{\"@id\":\"https:\\\/\\\/diariotextual.com\\\/inicio\\\/index.php\\\/2023\\\/12\\\/31\\\/cuando-y-cuanto-cobraran-las-autoridades-de-mesa-que-estuvieron-en-las-elecciones-2023\\\/\"},\"wordCount\":191,\"publisher\":{\"@id\":\"https:\\\/\\\/diariotextual.com\\\/inicio\\\/#organization\"},\"image\":{\"@id\":\"https:\\\/\\\/diariotextual.com\\\/inicio\\\/index.php\\\/2023\\\/12\\\/31\\\/cuando-y-cuanto-cobraran-las-autoridades-de-mesa-que-estuvieron-en-las-elecciones-2023\\\/#primaryimage\"},\"thumbnailUrl\":\"https:\\\/\\\/diariotextual.com\\\/inicio\\\/wp-content\\\/uploads\\\/2023\\\/10\\\/eleccionestelamurnas2023-600.jpg\",\"articleSection\":[\"A - ES NOTICIA (van abajo)\",\"POLITICA\"],\"inLanguage\":\"es\"},{\"@type\":\"WebPage\",\"@id\":\"https:\\\/\\\/diariotextual.com\\\/inicio\\\/index.php\\\/2023\\\/12\\\/31\\\/cuando-y-cuanto-cobraran-las-autoridades-de-mesa-que-estuvieron-en-las-elecciones-2023\\\/\",\"url\":\"https:\\\/\\\/diariotextual.com\\\/inicio\\\/index.php\\\/2023\\\/12\\\/31\\\/cuando-y-cuanto-cobraran-las-autoridades-de-mesa-que-estuvieron-en-las-elecciones-2023\\\/\",\"name\":\"Cu\u00e1ndo y cu\u00e1nto cobrar\u00e1n las autoridades de mesa que estuvieron en las elecciones 2023 - Diario Textual\",\"isPartOf\":{\"@id\":\"https:\\\/\\\/diariotextual.com\\\/inicio\\\/#website\"},\"primaryImageOfPage\":{\"@id\":\"https:\\\/\\\/diariotextual.com\\\/inicio\\\/index.php\\\/2023\\\/12\\\/31\\\/cuando-y-cuanto-cobraran-las-autoridades-de-mesa-que-estuvieron-en-las-elecciones-2023\\\/#primaryimage\"},\"image\":{\"@id\":\"https:\\\/\\\/diariotextual.com\\\/inicio\\\/index.php\\\/2023\\\/12\\\/31\\\/cuando-y-cuanto-cobraran-las-autoridades-de-mesa-que-estuvieron-en-las-elecciones-2023\\\/#primaryimage\"},\"thumbnailUrl\":\"https:\\\/\\\/diariotextual.com\\\/inicio\\\/wp-content\\\/uploads\\\/2023\\\/10\\\/eleccionestelamurnas2023-600.jpg\",\"datePublished\":\"2023-12-31T13:28:48+00:00\",\"dateModified\":\"2023-12-31T14:06:24+00:00\",\"breadcrumb\":{\"@id\":\"https:\\\/\\\/diariotextual.com\\\/inicio\\\/index.php\\\/2023\\\/12\\\/31\\\/cuando-y-cuanto-cobraran-las-autoridades-de-mesa-que-estuvieron-en-las-elecciones-2023\\\/#breadcrumb\"},\"inLanguage\":\"es\",\"potentialAction\":[{\"@type\":\"ReadAction\",\"target\":[\"https:\\\/\\\/diariotextual.com\\\/inicio\\\/index.php\\\/2023\\\/12\\\/31\\\/cuando-y-cuanto-cobraran-las-autoridades-de-mesa-que-estuvieron-en-las-elecciones-2023\\\/\"]}]},{\"@type\":\"ImageObject\",\"inLanguage\":\"es\",\"@id\":\"https:\\\/\\\/diariotextual.com\\\/inicio\\\/index.php\\\/2023\\\/12\\\/31\\\/cuando-y-cuanto-cobraran-las-autoridades-de-mesa-que-estuvieron-en-las-elecciones-2023\\\/#primaryimage\",\"url\":\"https:\\\/\\\/diariotextual.com\\\/inicio\\\/wp-content\\\/uploads\\\/2023\\\/10\\\/eleccionestelamurnas2023-600.jpg\",\"contentUrl\":\"https:\\\/\\\/diariotextual.com\\\/inicio\\\/wp-content\\\/uploads\\\/2023\\\/10\\\/eleccionestelamurnas2023-600.jpg\",\"width\":1200,\"height\":675},{\"@type\":\"BreadcrumbList\",\"@id\":\"https:\\\/\\\/diariotextual.com\\\/inicio\\\/index.php\\\/2023\\\/12\\\/31\\\/cuando-y-cuanto-cobraran-las-autoridades-de-mesa-que-estuvieron-en-las-elecciones-2023\\\/#breadcrumb\",\"itemListElement\":[{\"@type\":\"ListItem\",\"position\":1,\"name\":\"Portada\",\"item\":\"https:\\\/\\\/diariotextual.com\\\/inicio\\\/\"},{\"@type\":\"ListItem\",\"position\":2,\"name\":\"Cu\u00e1ndo y cu\u00e1nto cobrar\u00e1n las autoridades de mesa que estuvieron en las elecciones 2023\"}]},{\"@type\":\"WebSite\",\"@id\":\"https:\\\/\\\/diariotextual.com\\\/inicio\\\/#website\",\"url\":\"https:\\\/\\\/diariotextual.com\\\/inicio\\\/\",\"name\":\"Diario Textual\",\"description\":\"\",\"publisher\":{\"@id\":\"https:\\\/\\\/diariotextual.com\\\/inicio\\\/#organization\"},\"potentialAction\":[{\"@type\":\"SearchAction\",\"target\":{\"@type\":\"EntryPoint\",\"urlTemplate\":\"https:\\\/\\\/diariotextual.com\\\/inicio\\\/?s={search_term_string}\"},\"query-input\":{\"@type\":\"PropertyValueSpecification\",\"valueRequired\":true,\"valueName\":\"search_term_string\"}}],\"inLanguage\":\"es\"},{\"@type\":\"Organization\",\"@id\":\"https:\\\/\\\/diariotextual.com\\\/inicio\\\/#organization\",\"name\":\"Diario Textual\",\"url\":\"https:\\\/\\\/diariotextual.com\\\/inicio\\\/\",\"logo\":{\"@type\":\"ImageObject\",\"inLanguage\":\"es\",\"@id\":\"https:\\\/\\\/diariotextual.com\\\/inicio\\\/#\\\/schema\\\/logo\\\/image\\\/\",\"url\":\"https:\\\/\\\/diariotextual.com\\\/inicio\\\/wp-content\\\/uploads\\\/2023\\\/05\\\/logotextual1.jpg\",\"contentUrl\":\"https:\\\/\\\/diariotextual.com\\\/inicio\\\/wp-content\\\/uploads\\\/2023\\\/05\\\/logotextual1.jpg\",\"width\":516,\"height\":76,\"caption\":\"Diario Textual\"},\"image\":{\"@id\":\"https:\\\/\\\/diariotextual.com\\\/inicio\\\/#\\\/schema\\\/logo\\\/image\\\/\"},\"sameAs\":[\"https:\\\/\\\/www.facebook.com\\\/eltextual\",\"https:\\\/\\\/x.com\\\/eltextual\",\"http:\\\/\\\/www.instagram.com\\\/eltextual\"]},{\"@type\":\"Person\",\"@id\":\"https:\\\/\\\/diariotextual.com\\\/inicio\\\/#\\\/schema\\\/person\\\/418fc4093c33e86ed41562db3508f958\",\"name\":\"Diario1 Diario1\",\"image\":{\"@type\":\"ImageObject\",\"inLanguage\":\"es\",\"@id\":\"https:\\\/\\\/secure.gravatar.com\\\/avatar\\\/9167d280179c85bc18be67aa7eda765854300033af4896dd779b608640f2ef7a?s=96&d=mm&r=g\",\"url\":\"https:\\\/\\\/secure.gravatar.com\\\/avatar\\\/9167d280179c85bc18be67aa7eda765854300033af4896dd779b608640f2ef7a?s=96&d=mm&r=g\",\"contentUrl\":\"https:\\\/\\\/secure.gravatar.com\\\/avatar\\\/9167d280179c85bc18be67aa7eda765854300033af4896dd779b608640f2ef7a?s=96&d=mm&r=g\",\"caption\":\"Diario1 Diario1\"},\"url\":\"https:\\\/\\\/diariotextual.com\\\/inicio\\\/index.php\\\/author\\\/diario1\\\/\"}]}<\/script>\n<!-- \/ Yoast SEO plugin. -->","yoast_head_json":{"title":"Cu\u00e1ndo y cu\u00e1nto cobrar\u00e1n las autoridades de mesa que estuvieron en las elecciones 2023 - Diario Textual","robots":{"index":"index","follow":"follow","max-snippet":"max-snippet:-1","max-image-preview":"max-image-preview:large","max-video-preview":"max-video-preview:-1"},"canonical":"https:\/\/diariotextual.com\/inicio\/index.php\/2023\/12\/31\/cuando-y-cuanto-cobraran-las-autoridades-de-mesa-que-estuvieron-en-las-elecciones-2023\/","og_locale":"es_ES","og_type":"article","og_title":"Cu\u00e1ndo y cu\u00e1nto cobrar\u00e1n las autoridades de mesa que estuvieron en las elecciones 2023 - Diario Textual","og_description":"El Gobierno Nacional, a trav\u00e9s de la Direcci\u00f3n Nacional Electoral (DINE), anunci\u00f3 el cronograma de pagos correspondiente a los vi\u00e1ticos y capacitaci\u00f3n destinados a las personas que desempe\u00f1aron roles como&hellip;","og_url":"https:\/\/diariotextual.com\/inicio\/index.php\/2023\/12\/31\/cuando-y-cuanto-cobraran-las-autoridades-de-mesa-que-estuvieron-en-las-elecciones-2023\/","og_site_name":"Diario Textual","article_publisher":"https:\/\/www.facebook.com\/eltextual","article_published_time":"2023-12-31T13:28:48+00:00","article_modified_time":"2023-12-31T14:06:24+00:00","og_image":[{"width":1200,"height":675,"url":"https:\/\/diariotextual.com\/inicio\/wp-content\/uploads\/2023\/10\/eleccionestelamurnas2023-600.jpg","type":"image\/jpeg"}],"author":"Diario1 Diario1","twitter_card":"summary_large_image","twitter_creator":"@eltextual","twitter_site":"@eltextual","twitter_misc":{"Escrito por":"Diario1 Diario1","Tiempo de lectura":"1 minuto"},"schema":{"@context":"https:\/\/schema.org","@graph":[{"@type":"Article","@id":"https:\/\/diariotextual.com\/inicio\/index.php\/2023\/12\/31\/cuando-y-cuanto-cobraran-las-autoridades-de-mesa-que-estuvieron-en-las-elecciones-2023\/#article","isPartOf":{"@id":"https:\/\/diariotextual.com\/inicio\/index.php\/2023\/12\/31\/cuando-y-cuanto-cobraran-las-autoridades-de-mesa-que-estuvieron-en-las-elecciones-2023\/"},"author":{"name":"Diario1 Diario1","@id":"https:\/\/diariotextual.com\/inicio\/#\/schema\/person\/418fc4093c33e86ed41562db3508f958"},"headline":"Cu\u00e1ndo y cu\u00e1nto cobrar\u00e1n las autoridades de mesa que estuvieron en las elecciones 2023","datePublished":"2023-12-31T13:28:48+00:00","dateModified":"2023-12-31T14:06:24+00:00","mainEntityOfPage":{"@id":"https:\/\/diariotextual.com\/inicio\/index.php\/2023\/12\/31\/cuando-y-cuanto-cobraran-las-autoridades-de-mesa-que-estuvieron-en-las-elecciones-2023\/"},"wordCount":191,"publisher":{"@id":"https:\/\/diariotextual.com\/inicio\/#organization"},"image":{"@id":"https:\/\/diariotextual.com\/inicio\/index.php\/2023\/12\/31\/cuando-y-cuanto-cobraran-las-autoridades-de-mesa-que-estuvieron-en-las-elecciones-2023\/#primaryimage"},"thumbnailUrl":"https:\/\/diariotextual.com\/inicio\/wp-content\/uploads\/2023\/10\/eleccionestelamurnas2023-600.jpg","articleSection":["A - ES NOTICIA (van abajo)","POLITICA"],"inLanguage":"es"},{"@type":"WebPage","@id":"https:\/\/diariotextual.com\/inicio\/index.php\/2023\/12\/31\/cuando-y-cuanto-cobraran-las-autoridades-de-mesa-que-estuvieron-en-las-elecciones-2023\/","url":"https:\/\/diariotextual.com\/inicio\/index.php\/2023\/12\/31\/cuando-y-cuanto-cobraran-las-autoridades-de-mesa-que-estuvieron-en-las-elecciones-2023\/","name":"Cu\u00e1ndo y cu\u00e1nto cobrar\u00e1n las autoridades de mesa que estuvieron en las elecciones 2023 - Diario Textual","isPartOf":{"@id":"https:\/\/diariotextual.com\/inicio\/#website"},"primaryImageOfPage":{"@id":"https:\/\/diariotextual.com\/inicio\/index.php\/2023\/12\/31\/cuando-y-cuanto-cobraran-las-autoridades-de-mesa-que-estuvieron-en-las-elecciones-2023\/#primaryimage"},"image":{"@id":"https:\/\/diariotextual.com\/inicio\/index.php\/2023\/12\/31\/cuando-y-cuanto-cobraran-las-autoridades-de-mesa-que-estuvieron-en-las-elecciones-2023\/#primaryimage"},"thumbnailUrl":"https:\/\/diariotextual.com\/inicio\/wp-content\/uploads\/2023\/10\/eleccionestelamurnas2023-600.jpg","datePublished":"2023-12-31T13:28:48+00:00","dateModified":"2023-12-31T14:06:24+00:00","breadcrumb":{"@id":"https:\/\/diariotextual.com\/inicio\/index.php\/2023\/12\/31\/cuando-y-cuanto-cobraran-las-autoridades-de-mesa-que-estuvieron-en-las-elecciones-2023\/#breadcrumb"},"inLanguage":"es","potentialAction":[{"@type":"ReadAction","target":["https:\/\/diariotextual.com\/inicio\/index.php\/2023\/12\/31\/cuando-y-cuanto-cobraran-las-autoridades-de-mesa-que-estuvieron-en-las-elecciones-2023\/"]}]},{"@type":"ImageObject","inLanguage":"es","@id":"https:\/\/diariotextual.com\/inicio\/index.php\/2023\/12\/31\/cuando-y-cuanto-cobraran-las-autoridades-de-mesa-que-estuvieron-en-las-elecciones-2023\/#primaryimage","url":"https:\/\/diariotextual.com\/inicio\/wp-content\/uploads\/2023\/10\/eleccionestelamurnas2023-600.jpg","contentUrl":"https:\/\/diariotextual.com\/inicio\/wp-content\/uploads\/2023\/10\/eleccionestelamurnas2023-600.jpg","width":1200,"height":675},{"@type":"BreadcrumbList","@id":"https:\/\/diariotextual.com\/inicio\/index.php\/2023\/12\/31\/cuando-y-cuanto-cobraran-las-autoridades-de-mesa-que-estuvieron-en-las-elecciones-2023\/#breadcrumb","itemListElement":[{"@type":"ListItem","position":1,"name":"Portada","item":"https:\/\/diariotextual.com\/inicio\/"},{"@type":"ListItem","position":2,"name":"Cu\u00e1ndo y cu\u00e1nto cobrar\u00e1n las autoridades de mesa que estuvieron en las elecciones 2023"}]},{"@type":"WebSite","@id":"https:\/\/diariotextual.com\/inicio\/#website","url":"https:\/\/diariotextual.com\/inicio\/","name":"Diario Textual","description":"","publisher":{"@id":"https:\/\/diariotextual.com\/inicio\/#organization"},"potentialAction":[{"@type":"SearchAction","target":{"@type":"EntryPoint","urlTemplate":"https:\/\/diariotextual.com\/inicio\/?s={search_term_string}"},"query-input":{"@type":"PropertyValueSpecification","valueRequired":true,"valueName":"search_term_string"}}],"inLanguage":"es"},{"@type":"Organization","@id":"https:\/\/diariotextual.com\/inicio\/#organization","name":"Diario Textual","url":"https:\/\/diariotextual.com\/inicio\/","logo":{"@type":"ImageObject","inLanguage":"es","@id":"https:\/\/diariotextual.com\/inicio\/#\/schema\/logo\/image\/","url":"https:\/\/diariotextual.com\/inicio\/wp-content\/uploads\/2023\/05\/logotextual1.jpg","contentUrl":"https:\/\/diariotextual.com\/inicio\/wp-content\/uploads\/2023\/05\/logotextual1.jpg","width":516,"height":76,"caption":"Diario Textual"},"image":{"@id":"https:\/\/diariotextual.com\/inicio\/#\/schema\/logo\/image\/"},"sameAs":["https:\/\/www.facebook.com\/eltextual","https:\/\/x.com\/eltextual","http:\/\/www.instagram.com\/eltextual"]},{"@type":"Person","@id":"https:\/\/diariotextual.com\/inicio\/#\/schema\/person\/418fc4093c33e86ed41562db3508f958","name":"Diario1 Diario1","image":{"@type":"ImageObject","inLanguage":"es","@id":"https:\/\/secure.gravatar.com\/avatar\/9167d280179c85bc18be67aa7eda765854300033af4896dd779b608640f2ef7a?s=96&d=mm&r=g","url":"https:\/\/secure.gravatar.com\/avatar\/9167d280179c85bc18be67aa7eda765854300033af4896dd779b608640f2ef7a?s=96&d=mm&r=g","contentUrl":"https:\/\/secure.gravatar.com\/avatar\/9167d280179c85bc18be67aa7eda765854300033af4896dd779b608640f2ef7a?s=96&d=mm&r=g","caption":"Diario1 Diario1"},"url":"https:\/\/diariotextual.com\/inicio\/index.php\/author\/diario1\/"}]}},"_links":{"self":[{"href":"https:\/\/diariotextual.com\/inicio\/index.php\/wp-json\/wp\/v2\/posts\/249740","targetHints":{"allow":["GET"]}}],"collection":[{"href":"https:\/\/diariotextual.com\/inicio\/index.php\/wp-json\/wp\/v2\/posts"}],"about":[{"href":"https:\/\/diariotextual.com\/inicio\/index.php\/wp-json\/wp\/v2\/types\/post"}],"author":[{"embeddable":true,"href":"https:\/\/diariotextual.com\/inicio\/index.php\/wp-json\/wp\/v2\/users\/3"}],"replies":[{"embeddable":true,"href":"https:\/\/diariotextual.com\/inicio\/index.php\/wp-json\/wp\/v2\/comments?post=249740"}],"version-history":[{"count":1,"href":"https:\/\/diariotextual.com\/inicio\/index.php\/wp-json\/wp\/v2\/posts\/249740\/revisions"}],"predecessor-version":[{"id":249741,"href":"https:\/\/diariotextual.com\/inicio\/index.php\/wp-json\/wp\/v2\/posts\/249740\/revisions\/249741"}],"wp:featuredmedia":[{"embeddable":true,"href":"https:\/\/diariotextual.com\/inicio\/index.php\/wp-json\/wp\/v2\/media\/241650"}],"wp:attachment":[{"href":"https:\/\/diariotextual.com\/inicio\/index.php\/wp-json\/wp\/v2\/media?parent=249740"}],"wp:term":[{"taxonomy":"category","embeddable":true,"href":"https:\/\/diariotextual.com\/inicio\/index.php\/wp-json\/wp\/v2\/categories?post=249740"},{"taxonomy":"post_tag","embeddable":true,"href":"https:\/\/diariotextual.com\/inicio\/index.php\/wp-json\/wp\/v2\/tags?post=249740"}],"curies":[{"name":"wp","href":"https:\/\/api.w.org\/{rel}","templated":true}]}}