{"id":249753,"date":"2023-12-31T11:46:38","date_gmt":"2023-12-31T14:46:38","guid":{"rendered":"https:\/\/diariotextual.com\/inicio\/?p=249753"},"modified":"2023-12-31T16:31:00","modified_gmt":"2023-12-31T19:31:00","slug":"milei-definio-desplazamientos-y-nueva-cupula-e-las-fuerzas-armadas","status":"publish","type":"post","link":"https:\/\/diariotextual.com\/inicio\/index.php\/2023\/12\/31\/milei-definio-desplazamientos-y-nueva-cupula-e-las-fuerzas-armadas\/","title":{"rendered":"Milei defini\u00f3 desplazamientos y nueva c\u00fapula en las Fuerzas Armadas"},"content":{"rendered":"\n<p>El Gobierno nacional confirm\u00f3 qui\u00e9nes ser\u00e1n las nuevas autoridades que ocupar\u00e1n los altos cargos en el&nbsp;Ej\u00e9rcito Nacional Argentino, la Armada Argentina, la Fuerzas A\u00e9rea Argentina y el Estado Mayor Conjunto.<\/p>\n\n\n\n<p>A trav\u00e9s de un decreto oficial publicado el viernes 29 de diciembre, el presidente de la Naci\u00f3n,&nbsp;<strong>Javier Milei<\/strong>, acept\u00f3 los nombres propuestos por el ministro de Defensa,&nbsp;<strong>Luis Petri<\/strong>.<\/p>\n\n\n\n<p>El jefe del Estado Mayor Conjunto pasar\u00e1 a ser el\u00a0brigadier general\u00a0<strong>Xavier Juli\u00e1n Isaac<\/strong>, de 61 a\u00f1os, quien dejar\u00e1 su cargo como jefe del Estado Mayor General de la Fuerza A\u00e9rea Argentina, el cual le fue otorgado en febrero de 2020. De esta forma, reemplazar\u00e1 al teniente general\u00a0Juan Mart\u00edn Paleo\u00a0que ocupaba el cargo desde 2020, tras haber sido nombrado por el exministro de Defensa\u00a0Agust\u00edn Rossi.<\/p>\n\n\n\n<p>El brigadier general nacido en la Ciudad Aut\u00f3noma de Buenos Aires (CABA) inici\u00f3 su carrera en la milicia en febrero de 1980, cuando ingres\u00f3 en la Escuela de Aviaci\u00f3n Militar, de la que egres\u00f3 en diciembre de 1983 como Oficial del Cuerpo de Comando y aviador militar. En sus primeros a\u00f1os, Isaac se desempe\u00f1\u00f3 como oficial subalterno en la IV Brigada A\u00e9rea de Mendoza y como piloto de Mirage M-III en la VIII Brigada A\u00e9rea de Moreno, provincia de Buenos Aires. Adem\u00e1s, se destac\u00f3 en el \u00e1rea de relaciones internacionales tras haber participado como Agregado Aeron\u00e1utico en la Embajada Argentina ubicada en Estados Unidos y como Agregado de Defensa y Aeron\u00e1utica en la Embajada Argentina ante Canad\u00e1.<\/p>\n\n\n\n<p>En el caso del Ej\u00e9rcito Argentino, el&nbsp;general de brigada&nbsp;<strong>Carlos Alberto Presti<\/strong>&nbsp;se convertir\u00e1 en el nuevo jefe del Estado Mayor del Ej\u00e9rcito. Previamente, el militar ocup\u00f3 el rol de director del Colegio Militar de la Naci\u00f3n desde que fue asignado en 2020, tras haber cumplido funciones como subdirector en la gesti\u00f3n antecesora que fue encabezada por el general de brigada Roberto Ariel Ag\u00fcero.<\/p>\n\n\n\n<p>El puesto de jefe de Estado Mayor General de la Armada Argentina ser\u00e1 designado al&nbsp;contralmirante&nbsp;<strong>Carlos Mar\u00eda Allievi<\/strong>, de 58 a\u00f1os, que ocupaba el cargo de Segundo Comandante Operacional del Estado Mayor Conjunto de las Fuerzas Armadas desde el 25 de marzo de 2020. Entre los puestos de mayor prestigio que ocup\u00f3 en su trayectoria se encuentran el Aviso ARA \u201cSuboficial Castillo\u201d, el Destructor ARA \u201cSarand\u00ed\u201d y el Comando del Componente Naval del Comando Conjunto Ant\u00e1rtico en el Estado Mayor Conjunto de las Fuerzas Armadas.<\/p>\n\n\n\n<p>A lo largo de su carrera en las fuerzas militares, Allievi mostr\u00f3 tener un inter\u00e9s marcado en los sistemas de comunicaciones, ya que realiz\u00f3 capacitaciones como, por ejemplo, en el Sistema de Comunicaciones Meko 140 ofrecido en la Escuela de Operaciones. Adem\u00e1s, complet\u00f3 el curso Conjunto de Estrategia y Conducci\u00f3n Superior &#8211; Nivel II en la Escuela de Guerra Conjunta de las Fuerzas Armadas y se gradu\u00f3 como Master en Relaciones Internacionales en la Universidad Maim\u00f3nides, de la Ciudad Aut\u00f3noma de Buenos Aires.<\/p>\n\n\n\n<p>Por \u00faltimo, el nuevo jefe de Estado Mayo de la Fuerza A\u00e9rea Argentina ser\u00e1 el&nbsp;brigadier mayor&nbsp;<strong>Fernando Luis Mengo<\/strong>, de 55 a\u00f1os, quien abandonar\u00e1 su puesto como comandante de Adiestramiento y Alistamiento de la Fuerza \u00c1erea. Mengo comenz\u00f3 su entrenamiento en la Fuerza \u00c1erea en 1983 hasta que egres\u00f3 con el grado de \u00c1lferez del Cuerpo Comando \u201cA\u201d, del Escalaf\u00f3n del Aire, en 1986.<\/p>\n\n\n\n<p>En sus primeros a\u00f1os, el aviador militar cumpli\u00f3 funciones en las unidades de combate tales como la IV Brigada A\u00e9rea (Escuela de Caza), III Brigada A\u00e9rea (Reconquista), y V Brigada A\u00e9rea (Villa Reynolds), en las cuales alcanz\u00f3 las m\u00e1ximas calificaciones en los diferentes sistemas que pilot\u00f3. Asimismo, cuenta con experiencia en el \u00e1rea de planificaci\u00f3n, ya que supo cumplir funciones en el Comando de Operaciones de la antigua Jefatura III &#8211; Operaciones y en el Gabinete Personal del jefe del Estado Mayor General de la Fuerza A\u00e9rea Argentina como ayudante durante el per\u00edodo 2009\/2010.<\/p>\n","protected":false},"excerpt":{"rendered":"<p>El Gobierno nacional confirm\u00f3 qui\u00e9nes ser\u00e1n las nuevas autoridades que ocupar\u00e1n los altos cargos en el&nbsp;Ej\u00e9rcito Nacional Argentino, la Armada Argentina, la Fuerzas A\u00e9rea Argentina y el Estado Mayor Conjunto.&hellip;<\/p>\n","protected":false},"author":3,"featured_media":249755,"comment_status":"closed","ping_status":"open","sticky":false,"template":"","format":"standard","meta":{"_acf_changed":false,"footnotes":""},"categories":[1,8],"tags":[],"class_list":["post-249753","post","type-post","status-publish","format-standard","has-post-thumbnail","hentry","category-es-noticia","category-politica"],"acf":[],"yoast_head":"<!-- This site is optimized with the Yoast SEO plugin v27.5 - https:\/\/yoast.com\/product\/yoast-seo-wordpress\/ -->\n<title>Milei defini\u00f3 desplazamientos y nueva c\u00fapula en las Fuerzas Armadas - Diario Textual<\/title>\n<meta name=\"robots\" content=\"index, follow, max-snippet:-1, max-image-preview:large, max-video-preview:-1\" \/>\n<link rel=\"canonical\" href=\"https:\/\/diariotextual.com\/inicio\/index.php\/2023\/12\/31\/milei-definio-desplazamientos-y-nueva-cupula-e-las-fuerzas-armadas\/\" \/>\n<meta property=\"og:locale\" content=\"es_ES\" \/>\n<meta property=\"og:type\" content=\"article\" \/>\n<meta property=\"og:title\" content=\"Milei defini\u00f3 desplazamientos y nueva c\u00fapula en las Fuerzas Armadas - Diario Textual\" \/>\n<meta property=\"og:description\" content=\"El Gobierno nacional confirm\u00f3 qui\u00e9nes ser\u00e1n las nuevas autoridades que ocupar\u00e1n los altos cargos en el&nbsp;Ej\u00e9rcito Nacional Argentino, la Armada Argentina, la Fuerzas A\u00e9rea Argentina y el Estado Mayor Conjunto.&hellip;\" \/>\n<meta property=\"og:url\" content=\"https:\/\/diariotextual.com\/inicio\/index.php\/2023\/12\/31\/milei-definio-desplazamientos-y-nueva-cupula-e-las-fuerzas-armadas\/\" \/>\n<meta property=\"og:site_name\" content=\"Diario Textual\" \/>\n<meta property=\"article:publisher\" content=\"https:\/\/www.facebook.com\/eltextual\" \/>\n<meta property=\"article:published_time\" content=\"2023-12-31T14:46:38+00:00\" \/>\n<meta property=\"article:modified_time\" content=\"2023-12-31T19:31:00+00:00\" \/>\n<meta property=\"og:image\" content=\"https:\/\/diariotextual.com\/inicio\/wp-content\/uploads\/2023\/12\/ejercitoargentinosoldados2023-12.jpg\" \/>\n\t<meta property=\"og:image:width\" content=\"1500\" \/>\n\t<meta property=\"og:image:height\" content=\"1000\" \/>\n\t<meta property=\"og:image:type\" content=\"image\/jpeg\" \/>\n<meta name=\"author\" content=\"Diario1 Diario1\" \/>\n<meta name=\"twitter:card\" content=\"summary_large_image\" \/>\n<meta name=\"twitter:creator\" content=\"@eltextual\" \/>\n<meta name=\"twitter:site\" content=\"@eltextual\" \/>\n<meta name=\"twitter:label1\" content=\"Escrito por\" \/>\n\t<meta name=\"twitter:data1\" content=\"Diario1 Diario1\" \/>\n\t<meta name=\"twitter:label2\" content=\"Tiempo de lectura\" \/>\n\t<meta name=\"twitter:data2\" content=\"1 minuto\" \/>\n<script type=\"application\/ld+json\" class=\"yoast-schema-graph\">{\"@context\":\"https:\\\/\\\/schema.org\",\"@graph\":[{\"@type\":\"Article\",\"@id\":\"https:\\\/\\\/diariotextual.com\\\/inicio\\\/index.php\\\/2023\\\/12\\\/31\\\/milei-definio-desplazamientos-y-nueva-cupula-e-las-fuerzas-armadas\\\/#article\",\"isPartOf\":{\"@id\":\"https:\\\/\\\/diariotextual.com\\\/inicio\\\/index.php\\\/2023\\\/12\\\/31\\\/milei-definio-desplazamientos-y-nueva-cupula-e-las-fuerzas-armadas\\\/\"},\"author\":{\"name\":\"Diario1 Diario1\",\"@id\":\"https:\\\/\\\/diariotextual.com\\\/inicio\\\/#\\\/schema\\\/person\\\/418fc4093c33e86ed41562db3508f958\"},\"headline\":\"Milei defini\u00f3 desplazamientos y nueva c\u00fapula en las Fuerzas Armadas\",\"datePublished\":\"2023-12-31T14:46:38+00:00\",\"dateModified\":\"2023-12-31T19:31:00+00:00\",\"mainEntityOfPage\":{\"@id\":\"https:\\\/\\\/diariotextual.com\\\/inicio\\\/index.php\\\/2023\\\/12\\\/31\\\/milei-definio-desplazamientos-y-nueva-cupula-e-las-fuerzas-armadas\\\/\"},\"wordCount\":690,\"publisher\":{\"@id\":\"https:\\\/\\\/diariotextual.com\\\/inicio\\\/#organization\"},\"image\":{\"@id\":\"https:\\\/\\\/diariotextual.com\\\/inicio\\\/index.php\\\/2023\\\/12\\\/31\\\/milei-definio-desplazamientos-y-nueva-cupula-e-las-fuerzas-armadas\\\/#primaryimage\"},\"thumbnailUrl\":\"https:\\\/\\\/diariotextual.com\\\/inicio\\\/wp-content\\\/uploads\\\/2023\\\/12\\\/ejercitoargentinosoldados2023-12.jpg\",\"articleSection\":[\"A - ES NOTICIA (van abajo)\",\"POLITICA\"],\"inLanguage\":\"es\"},{\"@type\":\"WebPage\",\"@id\":\"https:\\\/\\\/diariotextual.com\\\/inicio\\\/index.php\\\/2023\\\/12\\\/31\\\/milei-definio-desplazamientos-y-nueva-cupula-e-las-fuerzas-armadas\\\/\",\"url\":\"https:\\\/\\\/diariotextual.com\\\/inicio\\\/index.php\\\/2023\\\/12\\\/31\\\/milei-definio-desplazamientos-y-nueva-cupula-e-las-fuerzas-armadas\\\/\",\"name\":\"Milei defini\u00f3 desplazamientos y nueva c\u00fapula en las Fuerzas Armadas - Diario Textual\",\"isPartOf\":{\"@id\":\"https:\\\/\\\/diariotextual.com\\\/inicio\\\/#website\"},\"primaryImageOfPage\":{\"@id\":\"https:\\\/\\\/diariotextual.com\\\/inicio\\\/index.php\\\/2023\\\/12\\\/31\\\/milei-definio-desplazamientos-y-nueva-cupula-e-las-fuerzas-armadas\\\/#primaryimage\"},\"image\":{\"@id\":\"https:\\\/\\\/diariotextual.com\\\/inicio\\\/index.php\\\/2023\\\/12\\\/31\\\/milei-definio-desplazamientos-y-nueva-cupula-e-las-fuerzas-armadas\\\/#primaryimage\"},\"thumbnailUrl\":\"https:\\\/\\\/diariotextual.com\\\/inicio\\\/wp-content\\\/uploads\\\/2023\\\/12\\\/ejercitoargentinosoldados2023-12.jpg\",\"datePublished\":\"2023-12-31T14:46:38+00:00\",\"dateModified\":\"2023-12-31T19:31:00+00:00\",\"breadcrumb\":{\"@id\":\"https:\\\/\\\/diariotextual.com\\\/inicio\\\/index.php\\\/2023\\\/12\\\/31\\\/milei-definio-desplazamientos-y-nueva-cupula-e-las-fuerzas-armadas\\\/#breadcrumb\"},\"inLanguage\":\"es\",\"potentialAction\":[{\"@type\":\"ReadAction\",\"target\":[\"https:\\\/\\\/diariotextual.com\\\/inicio\\\/index.php\\\/2023\\\/12\\\/31\\\/milei-definio-desplazamientos-y-nueva-cupula-e-las-fuerzas-armadas\\\/\"]}]},{\"@type\":\"ImageObject\",\"inLanguage\":\"es\",\"@id\":\"https:\\\/\\\/diariotextual.com\\\/inicio\\\/index.php\\\/2023\\\/12\\\/31\\\/milei-definio-desplazamientos-y-nueva-cupula-e-las-fuerzas-armadas\\\/#primaryimage\",\"url\":\"https:\\\/\\\/diariotextual.com\\\/inicio\\\/wp-content\\\/uploads\\\/2023\\\/12\\\/ejercitoargentinosoldados2023-12.jpg\",\"contentUrl\":\"https:\\\/\\\/diariotextual.com\\\/inicio\\\/wp-content\\\/uploads\\\/2023\\\/12\\\/ejercitoargentinosoldados2023-12.jpg\",\"width\":1500,\"height\":1000},{\"@type\":\"BreadcrumbList\",\"@id\":\"https:\\\/\\\/diariotextual.com\\\/inicio\\\/index.php\\\/2023\\\/12\\\/31\\\/milei-definio-desplazamientos-y-nueva-cupula-e-las-fuerzas-armadas\\\/#breadcrumb\",\"itemListElement\":[{\"@type\":\"ListItem\",\"position\":1,\"name\":\"Portada\",\"item\":\"https:\\\/\\\/diariotextual.com\\\/inicio\\\/\"},{\"@type\":\"ListItem\",\"position\":2,\"name\":\"Milei defini\u00f3 desplazamientos y nueva c\u00fapula en las Fuerzas Armadas\"}]},{\"@type\":\"WebSite\",\"@id\":\"https:\\\/\\\/diariotextual.com\\\/inicio\\\/#website\",\"url\":\"https:\\\/\\\/diariotextual.com\\\/inicio\\\/\",\"name\":\"Diario Textual\",\"description\":\"\",\"publisher\":{\"@id\":\"https:\\\/\\\/diariotextual.com\\\/inicio\\\/#organization\"},\"potentialAction\":[{\"@type\":\"SearchAction\",\"target\":{\"@type\":\"EntryPoint\",\"urlTemplate\":\"https:\\\/\\\/diariotextual.com\\\/inicio\\\/?s={search_term_string}\"},\"query-input\":{\"@type\":\"PropertyValueSpecification\",\"valueRequired\":true,\"valueName\":\"search_term_string\"}}],\"inLanguage\":\"es\"},{\"@type\":\"Organization\",\"@id\":\"https:\\\/\\\/diariotextual.com\\\/inicio\\\/#organization\",\"name\":\"Diario Textual\",\"url\":\"https:\\\/\\\/diariotextual.com\\\/inicio\\\/\",\"logo\":{\"@type\":\"ImageObject\",\"inLanguage\":\"es\",\"@id\":\"https:\\\/\\\/diariotextual.com\\\/inicio\\\/#\\\/schema\\\/logo\\\/image\\\/\",\"url\":\"https:\\\/\\\/diariotextual.com\\\/inicio\\\/wp-content\\\/uploads\\\/2023\\\/05\\\/logotextual1.jpg\",\"contentUrl\":\"https:\\\/\\\/diariotextual.com\\\/inicio\\\/wp-content\\\/uploads\\\/2023\\\/05\\\/logotextual1.jpg\",\"width\":516,\"height\":76,\"caption\":\"Diario Textual\"},\"image\":{\"@id\":\"https:\\\/\\\/diariotextual.com\\\/inicio\\\/#\\\/schema\\\/logo\\\/image\\\/\"},\"sameAs\":[\"https:\\\/\\\/www.facebook.com\\\/eltextual\",\"https:\\\/\\\/x.com\\\/eltextual\",\"http:\\\/\\\/www.instagram.com\\\/eltextual\"]},{\"@type\":\"Person\",\"@id\":\"https:\\\/\\\/diariotextual.com\\\/inicio\\\/#\\\/schema\\\/person\\\/418fc4093c33e86ed41562db3508f958\",\"name\":\"Diario1 Diario1\",\"image\":{\"@type\":\"ImageObject\",\"inLanguage\":\"es\",\"@id\":\"https:\\\/\\\/secure.gravatar.com\\\/avatar\\\/9167d280179c85bc18be67aa7eda765854300033af4896dd779b608640f2ef7a?s=96&d=mm&r=g\",\"url\":\"https:\\\/\\\/secure.gravatar.com\\\/avatar\\\/9167d280179c85bc18be67aa7eda765854300033af4896dd779b608640f2ef7a?s=96&d=mm&r=g\",\"contentUrl\":\"https:\\\/\\\/secure.gravatar.com\\\/avatar\\\/9167d280179c85bc18be67aa7eda765854300033af4896dd779b608640f2ef7a?s=96&d=mm&r=g\",\"caption\":\"Diario1 Diario1\"},\"url\":\"https:\\\/\\\/diariotextual.com\\\/inicio\\\/index.php\\\/author\\\/diario1\\\/\"}]}<\/script>\n<!-- \/ Yoast SEO plugin. -->","yoast_head_json":{"title":"Milei defini\u00f3 desplazamientos y nueva c\u00fapula en las Fuerzas Armadas - Diario Textual","robots":{"index":"index","follow":"follow","max-snippet":"max-snippet:-1","max-image-preview":"max-image-preview:large","max-video-preview":"max-video-preview:-1"},"canonical":"https:\/\/diariotextual.com\/inicio\/index.php\/2023\/12\/31\/milei-definio-desplazamientos-y-nueva-cupula-e-las-fuerzas-armadas\/","og_locale":"es_ES","og_type":"article","og_title":"Milei defini\u00f3 desplazamientos y nueva c\u00fapula en las Fuerzas Armadas - Diario Textual","og_description":"El Gobierno nacional confirm\u00f3 qui\u00e9nes ser\u00e1n las nuevas autoridades que ocupar\u00e1n los altos cargos en el&nbsp;Ej\u00e9rcito Nacional Argentino, la Armada Argentina, la Fuerzas A\u00e9rea Argentina y el Estado Mayor Conjunto.&hellip;","og_url":"https:\/\/diariotextual.com\/inicio\/index.php\/2023\/12\/31\/milei-definio-desplazamientos-y-nueva-cupula-e-las-fuerzas-armadas\/","og_site_name":"Diario Textual","article_publisher":"https:\/\/www.facebook.com\/eltextual","article_published_time":"2023-12-31T14:46:38+00:00","article_modified_time":"2023-12-31T19:31:00+00:00","og_image":[{"width":1500,"height":1000,"url":"https:\/\/diariotextual.com\/inicio\/wp-content\/uploads\/2023\/12\/ejercitoargentinosoldados2023-12.jpg","type":"image\/jpeg"}],"author":"Diario1 Diario1","twitter_card":"summary_large_image","twitter_creator":"@eltextual","twitter_site":"@eltextual","twitter_misc":{"Escrito por":"Diario1 Diario1","Tiempo de lectura":"1 minuto"},"schema":{"@context":"https:\/\/schema.org","@graph":[{"@type":"Article","@id":"https:\/\/diariotextual.com\/inicio\/index.php\/2023\/12\/31\/milei-definio-desplazamientos-y-nueva-cupula-e-las-fuerzas-armadas\/#article","isPartOf":{"@id":"https:\/\/diariotextual.com\/inicio\/index.php\/2023\/12\/31\/milei-definio-desplazamientos-y-nueva-cupula-e-las-fuerzas-armadas\/"},"author":{"name":"Diario1 Diario1","@id":"https:\/\/diariotextual.com\/inicio\/#\/schema\/person\/418fc4093c33e86ed41562db3508f958"},"headline":"Milei defini\u00f3 desplazamientos y nueva c\u00fapula en las Fuerzas Armadas","datePublished":"2023-12-31T14:46:38+00:00","dateModified":"2023-12-31T19:31:00+00:00","mainEntityOfPage":{"@id":"https:\/\/diariotextual.com\/inicio\/index.php\/2023\/12\/31\/milei-definio-desplazamientos-y-nueva-cupula-e-las-fuerzas-armadas\/"},"wordCount":690,"publisher":{"@id":"https:\/\/diariotextual.com\/inicio\/#organization"},"image":{"@id":"https:\/\/diariotextual.com\/inicio\/index.php\/2023\/12\/31\/milei-definio-desplazamientos-y-nueva-cupula-e-las-fuerzas-armadas\/#primaryimage"},"thumbnailUrl":"https:\/\/diariotextual.com\/inicio\/wp-content\/uploads\/2023\/12\/ejercitoargentinosoldados2023-12.jpg","articleSection":["A - ES NOTICIA (van abajo)","POLITICA"],"inLanguage":"es"},{"@type":"WebPage","@id":"https:\/\/diariotextual.com\/inicio\/index.php\/2023\/12\/31\/milei-definio-desplazamientos-y-nueva-cupula-e-las-fuerzas-armadas\/","url":"https:\/\/diariotextual.com\/inicio\/index.php\/2023\/12\/31\/milei-definio-desplazamientos-y-nueva-cupula-e-las-fuerzas-armadas\/","name":"Milei defini\u00f3 desplazamientos y nueva c\u00fapula en las Fuerzas Armadas - Diario Textual","isPartOf":{"@id":"https:\/\/diariotextual.com\/inicio\/#website"},"primaryImageOfPage":{"@id":"https:\/\/diariotextual.com\/inicio\/index.php\/2023\/12\/31\/milei-definio-desplazamientos-y-nueva-cupula-e-las-fuerzas-armadas\/#primaryimage"},"image":{"@id":"https:\/\/diariotextual.com\/inicio\/index.php\/2023\/12\/31\/milei-definio-desplazamientos-y-nueva-cupula-e-las-fuerzas-armadas\/#primaryimage"},"thumbnailUrl":"https:\/\/diariotextual.com\/inicio\/wp-content\/uploads\/2023\/12\/ejercitoargentinosoldados2023-12.jpg","datePublished":"2023-12-31T14:46:38+00:00","dateModified":"2023-12-31T19:31:00+00:00","breadcrumb":{"@id":"https:\/\/diariotextual.com\/inicio\/index.php\/2023\/12\/31\/milei-definio-desplazamientos-y-nueva-cupula-e-las-fuerzas-armadas\/#breadcrumb"},"inLanguage":"es","potentialAction":[{"@type":"ReadAction","target":["https:\/\/diariotextual.com\/inicio\/index.php\/2023\/12\/31\/milei-definio-desplazamientos-y-nueva-cupula-e-las-fuerzas-armadas\/"]}]},{"@type":"ImageObject","inLanguage":"es","@id":"https:\/\/diariotextual.com\/inicio\/index.php\/2023\/12\/31\/milei-definio-desplazamientos-y-nueva-cupula-e-las-fuerzas-armadas\/#primaryimage","url":"https:\/\/diariotextual.com\/inicio\/wp-content\/uploads\/2023\/12\/ejercitoargentinosoldados2023-12.jpg","contentUrl":"https:\/\/diariotextual.com\/inicio\/wp-content\/uploads\/2023\/12\/ejercitoargentinosoldados2023-12.jpg","width":1500,"height":1000},{"@type":"BreadcrumbList","@id":"https:\/\/diariotextual.com\/inicio\/index.php\/2023\/12\/31\/milei-definio-desplazamientos-y-nueva-cupula-e-las-fuerzas-armadas\/#breadcrumb","itemListElement":[{"@type":"ListItem","position":1,"name":"Portada","item":"https:\/\/diariotextual.com\/inicio\/"},{"@type":"ListItem","position":2,"name":"Milei defini\u00f3 desplazamientos y nueva c\u00fapula en las Fuerzas Armadas"}]},{"@type":"WebSite","@id":"https:\/\/diariotextual.com\/inicio\/#website","url":"https:\/\/diariotextual.com\/inicio\/","name":"Diario Textual","description":"","publisher":{"@id":"https:\/\/diariotextual.com\/inicio\/#organization"},"potentialAction":[{"@type":"SearchAction","target":{"@type":"EntryPoint","urlTemplate":"https:\/\/diariotextual.com\/inicio\/?s={search_term_string}"},"query-input":{"@type":"PropertyValueSpecification","valueRequired":true,"valueName":"search_term_string"}}],"inLanguage":"es"},{"@type":"Organization","@id":"https:\/\/diariotextual.com\/inicio\/#organization","name":"Diario Textual","url":"https:\/\/diariotextual.com\/inicio\/","logo":{"@type":"ImageObject","inLanguage":"es","@id":"https:\/\/diariotextual.com\/inicio\/#\/schema\/logo\/image\/","url":"https:\/\/diariotextual.com\/inicio\/wp-content\/uploads\/2023\/05\/logotextual1.jpg","contentUrl":"https:\/\/diariotextual.com\/inicio\/wp-content\/uploads\/2023\/05\/logotextual1.jpg","width":516,"height":76,"caption":"Diario Textual"},"image":{"@id":"https:\/\/diariotextual.com\/inicio\/#\/schema\/logo\/image\/"},"sameAs":["https:\/\/www.facebook.com\/eltextual","https:\/\/x.com\/eltextual","http:\/\/www.instagram.com\/eltextual"]},{"@type":"Person","@id":"https:\/\/diariotextual.com\/inicio\/#\/schema\/person\/418fc4093c33e86ed41562db3508f958","name":"Diario1 Diario1","image":{"@type":"ImageObject","inLanguage":"es","@id":"https:\/\/secure.gravatar.com\/avatar\/9167d280179c85bc18be67aa7eda765854300033af4896dd779b608640f2ef7a?s=96&d=mm&r=g","url":"https:\/\/secure.gravatar.com\/avatar\/9167d280179c85bc18be67aa7eda765854300033af4896dd779b608640f2ef7a?s=96&d=mm&r=g","contentUrl":"https:\/\/secure.gravatar.com\/avatar\/9167d280179c85bc18be67aa7eda765854300033af4896dd779b608640f2ef7a?s=96&d=mm&r=g","caption":"Diario1 Diario1"},"url":"https:\/\/diariotextual.com\/inicio\/index.php\/author\/diario1\/"}]}},"_links":{"self":[{"href":"https:\/\/diariotextual.com\/inicio\/index.php\/wp-json\/wp\/v2\/posts\/249753","targetHints":{"allow":["GET"]}}],"collection":[{"href":"https:\/\/diariotextual.com\/inicio\/index.php\/wp-json\/wp\/v2\/posts"}],"about":[{"href":"https:\/\/diariotextual.com\/inicio\/index.php\/wp-json\/wp\/v2\/types\/post"}],"author":[{"embeddable":true,"href":"https:\/\/diariotextual.com\/inicio\/index.php\/wp-json\/wp\/v2\/users\/3"}],"replies":[{"embeddable":true,"href":"https:\/\/diariotextual.com\/inicio\/index.php\/wp-json\/wp\/v2\/comments?post=249753"}],"version-history":[{"count":3,"href":"https:\/\/diariotextual.com\/inicio\/index.php\/wp-json\/wp\/v2\/posts\/249753\/revisions"}],"predecessor-version":[{"id":249757,"href":"https:\/\/diariotextual.com\/inicio\/index.php\/wp-json\/wp\/v2\/posts\/249753\/revisions\/249757"}],"wp:featuredmedia":[{"embeddable":true,"href":"https:\/\/diariotextual.com\/inicio\/index.php\/wp-json\/wp\/v2\/media\/249755"}],"wp:attachment":[{"href":"https:\/\/diariotextual.com\/inicio\/index.php\/wp-json\/wp\/v2\/media?parent=249753"}],"wp:term":[{"taxonomy":"category","embeddable":true,"href":"https:\/\/diariotextual.com\/inicio\/index.php\/wp-json\/wp\/v2\/categories?post=249753"},{"taxonomy":"post_tag","embeddable":true,"href":"https:\/\/diariotextual.com\/inicio\/index.php\/wp-json\/wp\/v2\/tags?post=249753"}],"curies":[{"name":"wp","href":"https:\/\/api.w.org\/{rel}","templated":true}]}}