{"id":249893,"date":"2024-01-02T12:00:44","date_gmt":"2024-01-02T15:00:44","guid":{"rendered":"https:\/\/diariotextual.com\/inicio\/?p=249893"},"modified":"2024-01-02T19:35:04","modified_gmt":"2024-01-02T22:35:04","slug":"el-gobierno-adelanto-que-el-jueves-recibira-a-una-comitiva-del-fmi-para-renegociar-el-acuerdo","status":"publish","type":"post","link":"https:\/\/diariotextual.com\/inicio\/index.php\/2024\/01\/02\/el-gobierno-adelanto-que-el-jueves-recibira-a-una-comitiva-del-fmi-para-renegociar-el-acuerdo\/","title":{"rendered":"El Gobierno adelant\u00f3 que el jueves recibir\u00e1 a una comitiva del FMI para renegociar el acuerdo"},"content":{"rendered":"\n<p>La deuda con el Fondo Monetario Internacional (FMI) volver\u00e1 a ser uno de los temas centrales de la agenda del gobierno nacional esta misma semana.<\/p>\n\n\n\n<p>El pr\u00f3ximo&nbsp;<strong>jueves<\/strong>, la administraci\u00f3n que encabeza Javier Milei&nbsp;<strong>se reunir\u00e1 con una comitiva del FMI<\/strong>&nbsp;para renegociar el acuerdo que -seg\u00fan describi\u00f3 Manuel Adorni- actualmente \u201cest\u00e1 ca\u00eddo<strong>&nbsp;por no haber cumplido<\/strong>\u201d las metas.<\/p>\n\n\n\n<p>La noticia fue dada a conocer por el mismo vocero presidencial, quien precis\u00f3 que los enviados del organismo multilateral de cr\u00e9dito\u00a0<strong>ser\u00e1n recibidos<\/strong>\u00a0por el jefe de Gabinete,\u00a0<strong>Nicol\u00e1s Posse<\/strong>\u00a0y por el ministro de Econom\u00eda,\u00a0<strong>Luis Caputo<\/strong>.<\/p>\n\n\n\n<p>Durante la habitual conferencia de prensa realizada en la Casa Rosada, el portavoz no quiso abundar sobre los detalles del encuentro y pidi\u00f3 esperar a que las charlas se lleven a cabo para aportar precisiones. \u201cProbablemente el viernes\u201d, agreg\u00f3.<\/p>\n","protected":false},"excerpt":{"rendered":"<p>La deuda con el Fondo Monetario Internacional (FMI) volver\u00e1 a ser uno de los temas centrales de la agenda del gobierno nacional esta misma semana. El pr\u00f3ximo&nbsp;jueves, la administraci\u00f3n que&hellip;<\/p>\n","protected":false},"author":3,"featured_media":26628,"comment_status":"closed","ping_status":"open","sticky":false,"template":"","format":"standard","meta":{"_acf_changed":false,"footnotes":""},"categories":[1,8],"tags":[],"class_list":["post-249893","post","type-post","status-publish","format-standard","has-post-thumbnail","hentry","category-es-noticia","category-politica"],"acf":[],"yoast_head":"<!-- This site is optimized with the Yoast SEO plugin v27.5 - https:\/\/yoast.com\/product\/yoast-seo-wordpress\/ -->\n<title>El Gobierno adelant\u00f3 que el jueves recibir\u00e1 a una comitiva del FMI para renegociar el acuerdo - Diario Textual<\/title>\n<meta name=\"robots\" content=\"index, follow, max-snippet:-1, max-image-preview:large, max-video-preview:-1\" \/>\n<link rel=\"canonical\" href=\"https:\/\/diariotextual.com\/inicio\/index.php\/2024\/01\/02\/el-gobierno-adelanto-que-el-jueves-recibira-a-una-comitiva-del-fmi-para-renegociar-el-acuerdo\/\" \/>\n<meta property=\"og:locale\" content=\"es_ES\" \/>\n<meta property=\"og:type\" content=\"article\" \/>\n<meta property=\"og:title\" content=\"El Gobierno adelant\u00f3 que el jueves recibir\u00e1 a una comitiva del FMI para renegociar el acuerdo - Diario Textual\" \/>\n<meta property=\"og:description\" content=\"La deuda con el Fondo Monetario Internacional (FMI) volver\u00e1 a ser uno de los temas centrales de la agenda del gobierno nacional esta misma semana. El pr\u00f3ximo&nbsp;jueves, la administraci\u00f3n que&hellip;\" \/>\n<meta property=\"og:url\" content=\"https:\/\/diariotextual.com\/inicio\/index.php\/2024\/01\/02\/el-gobierno-adelanto-que-el-jueves-recibira-a-una-comitiva-del-fmi-para-renegociar-el-acuerdo\/\" \/>\n<meta property=\"og:site_name\" content=\"Diario Textual\" \/>\n<meta property=\"article:publisher\" content=\"https:\/\/www.facebook.com\/eltextual\" \/>\n<meta property=\"article:published_time\" content=\"2024-01-02T15:00:44+00:00\" \/>\n<meta property=\"article:modified_time\" content=\"2024-01-02T22:35:04+00:00\" \/>\n<meta property=\"og:image\" content=\"https:\/\/diariotextual.com\/inicio\/wp-content\/uploads\/2018\/11\/casarosada99.jpg\" \/>\n\t<meta property=\"og:image:width\" content=\"947\" \/>\n\t<meta property=\"og:image:height\" content=\"606\" \/>\n\t<meta property=\"og:image:type\" content=\"image\/jpeg\" \/>\n<meta name=\"author\" content=\"Diario1 Diario1\" \/>\n<meta name=\"twitter:card\" content=\"summary_large_image\" \/>\n<meta name=\"twitter:creator\" content=\"@eltextual\" \/>\n<meta name=\"twitter:site\" content=\"@eltextual\" \/>\n<meta name=\"twitter:label1\" content=\"Escrito por\" \/>\n\t<meta name=\"twitter:data1\" content=\"Diario1 Diario1\" \/>\n\t<meta name=\"twitter:label2\" content=\"Tiempo de lectura\" \/>\n\t<meta name=\"twitter:data2\" content=\"1 minuto\" \/>\n<script type=\"application\/ld+json\" class=\"yoast-schema-graph\">{\"@context\":\"https:\\\/\\\/schema.org\",\"@graph\":[{\"@type\":\"Article\",\"@id\":\"https:\\\/\\\/diariotextual.com\\\/inicio\\\/index.php\\\/2024\\\/01\\\/02\\\/el-gobierno-adelanto-que-el-jueves-recibira-a-una-comitiva-del-fmi-para-renegociar-el-acuerdo\\\/#article\",\"isPartOf\":{\"@id\":\"https:\\\/\\\/diariotextual.com\\\/inicio\\\/index.php\\\/2024\\\/01\\\/02\\\/el-gobierno-adelanto-que-el-jueves-recibira-a-una-comitiva-del-fmi-para-renegociar-el-acuerdo\\\/\"},\"author\":{\"name\":\"Diario1 Diario1\",\"@id\":\"https:\\\/\\\/diariotextual.com\\\/inicio\\\/#\\\/schema\\\/person\\\/418fc4093c33e86ed41562db3508f958\"},\"headline\":\"El Gobierno adelant\u00f3 que el jueves recibir\u00e1 a una comitiva del FMI para renegociar el acuerdo\",\"datePublished\":\"2024-01-02T15:00:44+00:00\",\"dateModified\":\"2024-01-02T22:35:04+00:00\",\"mainEntityOfPage\":{\"@id\":\"https:\\\/\\\/diariotextual.com\\\/inicio\\\/index.php\\\/2024\\\/01\\\/02\\\/el-gobierno-adelanto-que-el-jueves-recibira-a-una-comitiva-del-fmi-para-renegociar-el-acuerdo\\\/\"},\"wordCount\":164,\"publisher\":{\"@id\":\"https:\\\/\\\/diariotextual.com\\\/inicio\\\/#organization\"},\"image\":{\"@id\":\"https:\\\/\\\/diariotextual.com\\\/inicio\\\/index.php\\\/2024\\\/01\\\/02\\\/el-gobierno-adelanto-que-el-jueves-recibira-a-una-comitiva-del-fmi-para-renegociar-el-acuerdo\\\/#primaryimage\"},\"thumbnailUrl\":\"https:\\\/\\\/diariotextual.com\\\/inicio\\\/wp-content\\\/uploads\\\/2018\\\/11\\\/casarosada99.jpg\",\"articleSection\":[\"A - ES NOTICIA (van abajo)\",\"POLITICA\"],\"inLanguage\":\"es\"},{\"@type\":\"WebPage\",\"@id\":\"https:\\\/\\\/diariotextual.com\\\/inicio\\\/index.php\\\/2024\\\/01\\\/02\\\/el-gobierno-adelanto-que-el-jueves-recibira-a-una-comitiva-del-fmi-para-renegociar-el-acuerdo\\\/\",\"url\":\"https:\\\/\\\/diariotextual.com\\\/inicio\\\/index.php\\\/2024\\\/01\\\/02\\\/el-gobierno-adelanto-que-el-jueves-recibira-a-una-comitiva-del-fmi-para-renegociar-el-acuerdo\\\/\",\"name\":\"El Gobierno adelant\u00f3 que el jueves recibir\u00e1 a una comitiva del FMI para renegociar el acuerdo - Diario Textual\",\"isPartOf\":{\"@id\":\"https:\\\/\\\/diariotextual.com\\\/inicio\\\/#website\"},\"primaryImageOfPage\":{\"@id\":\"https:\\\/\\\/diariotextual.com\\\/inicio\\\/index.php\\\/2024\\\/01\\\/02\\\/el-gobierno-adelanto-que-el-jueves-recibira-a-una-comitiva-del-fmi-para-renegociar-el-acuerdo\\\/#primaryimage\"},\"image\":{\"@id\":\"https:\\\/\\\/diariotextual.com\\\/inicio\\\/index.php\\\/2024\\\/01\\\/02\\\/el-gobierno-adelanto-que-el-jueves-recibira-a-una-comitiva-del-fmi-para-renegociar-el-acuerdo\\\/#primaryimage\"},\"thumbnailUrl\":\"https:\\\/\\\/diariotextual.com\\\/inicio\\\/wp-content\\\/uploads\\\/2018\\\/11\\\/casarosada99.jpg\",\"datePublished\":\"2024-01-02T15:00:44+00:00\",\"dateModified\":\"2024-01-02T22:35:04+00:00\",\"breadcrumb\":{\"@id\":\"https:\\\/\\\/diariotextual.com\\\/inicio\\\/index.php\\\/2024\\\/01\\\/02\\\/el-gobierno-adelanto-que-el-jueves-recibira-a-una-comitiva-del-fmi-para-renegociar-el-acuerdo\\\/#breadcrumb\"},\"inLanguage\":\"es\",\"potentialAction\":[{\"@type\":\"ReadAction\",\"target\":[\"https:\\\/\\\/diariotextual.com\\\/inicio\\\/index.php\\\/2024\\\/01\\\/02\\\/el-gobierno-adelanto-que-el-jueves-recibira-a-una-comitiva-del-fmi-para-renegociar-el-acuerdo\\\/\"]}]},{\"@type\":\"ImageObject\",\"inLanguage\":\"es\",\"@id\":\"https:\\\/\\\/diariotextual.com\\\/inicio\\\/index.php\\\/2024\\\/01\\\/02\\\/el-gobierno-adelanto-que-el-jueves-recibira-a-una-comitiva-del-fmi-para-renegociar-el-acuerdo\\\/#primaryimage\",\"url\":\"https:\\\/\\\/diariotextual.com\\\/inicio\\\/wp-content\\\/uploads\\\/2018\\\/11\\\/casarosada99.jpg\",\"contentUrl\":\"https:\\\/\\\/diariotextual.com\\\/inicio\\\/wp-content\\\/uploads\\\/2018\\\/11\\\/casarosada99.jpg\",\"width\":947,\"height\":606,\"caption\":\"Stitched Panorama\"},{\"@type\":\"BreadcrumbList\",\"@id\":\"https:\\\/\\\/diariotextual.com\\\/inicio\\\/index.php\\\/2024\\\/01\\\/02\\\/el-gobierno-adelanto-que-el-jueves-recibira-a-una-comitiva-del-fmi-para-renegociar-el-acuerdo\\\/#breadcrumb\",\"itemListElement\":[{\"@type\":\"ListItem\",\"position\":1,\"name\":\"Portada\",\"item\":\"https:\\\/\\\/diariotextual.com\\\/inicio\\\/\"},{\"@type\":\"ListItem\",\"position\":2,\"name\":\"El Gobierno adelant\u00f3 que el jueves recibir\u00e1 a una comitiva del FMI para renegociar el acuerdo\"}]},{\"@type\":\"WebSite\",\"@id\":\"https:\\\/\\\/diariotextual.com\\\/inicio\\\/#website\",\"url\":\"https:\\\/\\\/diariotextual.com\\\/inicio\\\/\",\"name\":\"Diario Textual\",\"description\":\"\",\"publisher\":{\"@id\":\"https:\\\/\\\/diariotextual.com\\\/inicio\\\/#organization\"},\"potentialAction\":[{\"@type\":\"SearchAction\",\"target\":{\"@type\":\"EntryPoint\",\"urlTemplate\":\"https:\\\/\\\/diariotextual.com\\\/inicio\\\/?s={search_term_string}\"},\"query-input\":{\"@type\":\"PropertyValueSpecification\",\"valueRequired\":true,\"valueName\":\"search_term_string\"}}],\"inLanguage\":\"es\"},{\"@type\":\"Organization\",\"@id\":\"https:\\\/\\\/diariotextual.com\\\/inicio\\\/#organization\",\"name\":\"Diario Textual\",\"url\":\"https:\\\/\\\/diariotextual.com\\\/inicio\\\/\",\"logo\":{\"@type\":\"ImageObject\",\"inLanguage\":\"es\",\"@id\":\"https:\\\/\\\/diariotextual.com\\\/inicio\\\/#\\\/schema\\\/logo\\\/image\\\/\",\"url\":\"https:\\\/\\\/diariotextual.com\\\/inicio\\\/wp-content\\\/uploads\\\/2023\\\/05\\\/logotextual1.jpg\",\"contentUrl\":\"https:\\\/\\\/diariotextual.com\\\/inicio\\\/wp-content\\\/uploads\\\/2023\\\/05\\\/logotextual1.jpg\",\"width\":516,\"height\":76,\"caption\":\"Diario Textual\"},\"image\":{\"@id\":\"https:\\\/\\\/diariotextual.com\\\/inicio\\\/#\\\/schema\\\/logo\\\/image\\\/\"},\"sameAs\":[\"https:\\\/\\\/www.facebook.com\\\/eltextual\",\"https:\\\/\\\/x.com\\\/eltextual\",\"http:\\\/\\\/www.instagram.com\\\/eltextual\"]},{\"@type\":\"Person\",\"@id\":\"https:\\\/\\\/diariotextual.com\\\/inicio\\\/#\\\/schema\\\/person\\\/418fc4093c33e86ed41562db3508f958\",\"name\":\"Diario1 Diario1\",\"image\":{\"@type\":\"ImageObject\",\"inLanguage\":\"es\",\"@id\":\"https:\\\/\\\/secure.gravatar.com\\\/avatar\\\/9167d280179c85bc18be67aa7eda765854300033af4896dd779b608640f2ef7a?s=96&d=mm&r=g\",\"url\":\"https:\\\/\\\/secure.gravatar.com\\\/avatar\\\/9167d280179c85bc18be67aa7eda765854300033af4896dd779b608640f2ef7a?s=96&d=mm&r=g\",\"contentUrl\":\"https:\\\/\\\/secure.gravatar.com\\\/avatar\\\/9167d280179c85bc18be67aa7eda765854300033af4896dd779b608640f2ef7a?s=96&d=mm&r=g\",\"caption\":\"Diario1 Diario1\"},\"url\":\"https:\\\/\\\/diariotextual.com\\\/inicio\\\/index.php\\\/author\\\/diario1\\\/\"}]}<\/script>\n<!-- \/ Yoast SEO plugin. -->","yoast_head_json":{"title":"El Gobierno adelant\u00f3 que el jueves recibir\u00e1 a una comitiva del FMI para renegociar el acuerdo - Diario Textual","robots":{"index":"index","follow":"follow","max-snippet":"max-snippet:-1","max-image-preview":"max-image-preview:large","max-video-preview":"max-video-preview:-1"},"canonical":"https:\/\/diariotextual.com\/inicio\/index.php\/2024\/01\/02\/el-gobierno-adelanto-que-el-jueves-recibira-a-una-comitiva-del-fmi-para-renegociar-el-acuerdo\/","og_locale":"es_ES","og_type":"article","og_title":"El Gobierno adelant\u00f3 que el jueves recibir\u00e1 a una comitiva del FMI para renegociar el acuerdo - Diario Textual","og_description":"La deuda con el Fondo Monetario Internacional (FMI) volver\u00e1 a ser uno de los temas centrales de la agenda del gobierno nacional esta misma semana. El pr\u00f3ximo&nbsp;jueves, la administraci\u00f3n que&hellip;","og_url":"https:\/\/diariotextual.com\/inicio\/index.php\/2024\/01\/02\/el-gobierno-adelanto-que-el-jueves-recibira-a-una-comitiva-del-fmi-para-renegociar-el-acuerdo\/","og_site_name":"Diario Textual","article_publisher":"https:\/\/www.facebook.com\/eltextual","article_published_time":"2024-01-02T15:00:44+00:00","article_modified_time":"2024-01-02T22:35:04+00:00","og_image":[{"width":947,"height":606,"url":"https:\/\/diariotextual.com\/inicio\/wp-content\/uploads\/2018\/11\/casarosada99.jpg","type":"image\/jpeg"}],"author":"Diario1 Diario1","twitter_card":"summary_large_image","twitter_creator":"@eltextual","twitter_site":"@eltextual","twitter_misc":{"Escrito por":"Diario1 Diario1","Tiempo de lectura":"1 minuto"},"schema":{"@context":"https:\/\/schema.org","@graph":[{"@type":"Article","@id":"https:\/\/diariotextual.com\/inicio\/index.php\/2024\/01\/02\/el-gobierno-adelanto-que-el-jueves-recibira-a-una-comitiva-del-fmi-para-renegociar-el-acuerdo\/#article","isPartOf":{"@id":"https:\/\/diariotextual.com\/inicio\/index.php\/2024\/01\/02\/el-gobierno-adelanto-que-el-jueves-recibira-a-una-comitiva-del-fmi-para-renegociar-el-acuerdo\/"},"author":{"name":"Diario1 Diario1","@id":"https:\/\/diariotextual.com\/inicio\/#\/schema\/person\/418fc4093c33e86ed41562db3508f958"},"headline":"El Gobierno adelant\u00f3 que el jueves recibir\u00e1 a una comitiva del FMI para renegociar el acuerdo","datePublished":"2024-01-02T15:00:44+00:00","dateModified":"2024-01-02T22:35:04+00:00","mainEntityOfPage":{"@id":"https:\/\/diariotextual.com\/inicio\/index.php\/2024\/01\/02\/el-gobierno-adelanto-que-el-jueves-recibira-a-una-comitiva-del-fmi-para-renegociar-el-acuerdo\/"},"wordCount":164,"publisher":{"@id":"https:\/\/diariotextual.com\/inicio\/#organization"},"image":{"@id":"https:\/\/diariotextual.com\/inicio\/index.php\/2024\/01\/02\/el-gobierno-adelanto-que-el-jueves-recibira-a-una-comitiva-del-fmi-para-renegociar-el-acuerdo\/#primaryimage"},"thumbnailUrl":"https:\/\/diariotextual.com\/inicio\/wp-content\/uploads\/2018\/11\/casarosada99.jpg","articleSection":["A - ES NOTICIA (van abajo)","POLITICA"],"inLanguage":"es"},{"@type":"WebPage","@id":"https:\/\/diariotextual.com\/inicio\/index.php\/2024\/01\/02\/el-gobierno-adelanto-que-el-jueves-recibira-a-una-comitiva-del-fmi-para-renegociar-el-acuerdo\/","url":"https:\/\/diariotextual.com\/inicio\/index.php\/2024\/01\/02\/el-gobierno-adelanto-que-el-jueves-recibira-a-una-comitiva-del-fmi-para-renegociar-el-acuerdo\/","name":"El Gobierno adelant\u00f3 que el jueves recibir\u00e1 a una comitiva del FMI para renegociar el acuerdo - Diario Textual","isPartOf":{"@id":"https:\/\/diariotextual.com\/inicio\/#website"},"primaryImageOfPage":{"@id":"https:\/\/diariotextual.com\/inicio\/index.php\/2024\/01\/02\/el-gobierno-adelanto-que-el-jueves-recibira-a-una-comitiva-del-fmi-para-renegociar-el-acuerdo\/#primaryimage"},"image":{"@id":"https:\/\/diariotextual.com\/inicio\/index.php\/2024\/01\/02\/el-gobierno-adelanto-que-el-jueves-recibira-a-una-comitiva-del-fmi-para-renegociar-el-acuerdo\/#primaryimage"},"thumbnailUrl":"https:\/\/diariotextual.com\/inicio\/wp-content\/uploads\/2018\/11\/casarosada99.jpg","datePublished":"2024-01-02T15:00:44+00:00","dateModified":"2024-01-02T22:35:04+00:00","breadcrumb":{"@id":"https:\/\/diariotextual.com\/inicio\/index.php\/2024\/01\/02\/el-gobierno-adelanto-que-el-jueves-recibira-a-una-comitiva-del-fmi-para-renegociar-el-acuerdo\/#breadcrumb"},"inLanguage":"es","potentialAction":[{"@type":"ReadAction","target":["https:\/\/diariotextual.com\/inicio\/index.php\/2024\/01\/02\/el-gobierno-adelanto-que-el-jueves-recibira-a-una-comitiva-del-fmi-para-renegociar-el-acuerdo\/"]}]},{"@type":"ImageObject","inLanguage":"es","@id":"https:\/\/diariotextual.com\/inicio\/index.php\/2024\/01\/02\/el-gobierno-adelanto-que-el-jueves-recibira-a-una-comitiva-del-fmi-para-renegociar-el-acuerdo\/#primaryimage","url":"https:\/\/diariotextual.com\/inicio\/wp-content\/uploads\/2018\/11\/casarosada99.jpg","contentUrl":"https:\/\/diariotextual.com\/inicio\/wp-content\/uploads\/2018\/11\/casarosada99.jpg","width":947,"height":606,"caption":"Stitched Panorama"},{"@type":"BreadcrumbList","@id":"https:\/\/diariotextual.com\/inicio\/index.php\/2024\/01\/02\/el-gobierno-adelanto-que-el-jueves-recibira-a-una-comitiva-del-fmi-para-renegociar-el-acuerdo\/#breadcrumb","itemListElement":[{"@type":"ListItem","position":1,"name":"Portada","item":"https:\/\/diariotextual.com\/inicio\/"},{"@type":"ListItem","position":2,"name":"El Gobierno adelant\u00f3 que el jueves recibir\u00e1 a una comitiva del FMI para renegociar el acuerdo"}]},{"@type":"WebSite","@id":"https:\/\/diariotextual.com\/inicio\/#website","url":"https:\/\/diariotextual.com\/inicio\/","name":"Diario Textual","description":"","publisher":{"@id":"https:\/\/diariotextual.com\/inicio\/#organization"},"potentialAction":[{"@type":"SearchAction","target":{"@type":"EntryPoint","urlTemplate":"https:\/\/diariotextual.com\/inicio\/?s={search_term_string}"},"query-input":{"@type":"PropertyValueSpecification","valueRequired":true,"valueName":"search_term_string"}}],"inLanguage":"es"},{"@type":"Organization","@id":"https:\/\/diariotextual.com\/inicio\/#organization","name":"Diario Textual","url":"https:\/\/diariotextual.com\/inicio\/","logo":{"@type":"ImageObject","inLanguage":"es","@id":"https:\/\/diariotextual.com\/inicio\/#\/schema\/logo\/image\/","url":"https:\/\/diariotextual.com\/inicio\/wp-content\/uploads\/2023\/05\/logotextual1.jpg","contentUrl":"https:\/\/diariotextual.com\/inicio\/wp-content\/uploads\/2023\/05\/logotextual1.jpg","width":516,"height":76,"caption":"Diario Textual"},"image":{"@id":"https:\/\/diariotextual.com\/inicio\/#\/schema\/logo\/image\/"},"sameAs":["https:\/\/www.facebook.com\/eltextual","https:\/\/x.com\/eltextual","http:\/\/www.instagram.com\/eltextual"]},{"@type":"Person","@id":"https:\/\/diariotextual.com\/inicio\/#\/schema\/person\/418fc4093c33e86ed41562db3508f958","name":"Diario1 Diario1","image":{"@type":"ImageObject","inLanguage":"es","@id":"https:\/\/secure.gravatar.com\/avatar\/9167d280179c85bc18be67aa7eda765854300033af4896dd779b608640f2ef7a?s=96&d=mm&r=g","url":"https:\/\/secure.gravatar.com\/avatar\/9167d280179c85bc18be67aa7eda765854300033af4896dd779b608640f2ef7a?s=96&d=mm&r=g","contentUrl":"https:\/\/secure.gravatar.com\/avatar\/9167d280179c85bc18be67aa7eda765854300033af4896dd779b608640f2ef7a?s=96&d=mm&r=g","caption":"Diario1 Diario1"},"url":"https:\/\/diariotextual.com\/inicio\/index.php\/author\/diario1\/"}]}},"_links":{"self":[{"href":"https:\/\/diariotextual.com\/inicio\/index.php\/wp-json\/wp\/v2\/posts\/249893","targetHints":{"allow":["GET"]}}],"collection":[{"href":"https:\/\/diariotextual.com\/inicio\/index.php\/wp-json\/wp\/v2\/posts"}],"about":[{"href":"https:\/\/diariotextual.com\/inicio\/index.php\/wp-json\/wp\/v2\/types\/post"}],"author":[{"embeddable":true,"href":"https:\/\/diariotextual.com\/inicio\/index.php\/wp-json\/wp\/v2\/users\/3"}],"replies":[{"embeddable":true,"href":"https:\/\/diariotextual.com\/inicio\/index.php\/wp-json\/wp\/v2\/comments?post=249893"}],"version-history":[{"count":2,"href":"https:\/\/diariotextual.com\/inicio\/index.php\/wp-json\/wp\/v2\/posts\/249893\/revisions"}],"predecessor-version":[{"id":249899,"href":"https:\/\/diariotextual.com\/inicio\/index.php\/wp-json\/wp\/v2\/posts\/249893\/revisions\/249899"}],"wp:featuredmedia":[{"embeddable":true,"href":"https:\/\/diariotextual.com\/inicio\/index.php\/wp-json\/wp\/v2\/media\/26628"}],"wp:attachment":[{"href":"https:\/\/diariotextual.com\/inicio\/index.php\/wp-json\/wp\/v2\/media?parent=249893"}],"wp:term":[{"taxonomy":"category","embeddable":true,"href":"https:\/\/diariotextual.com\/inicio\/index.php\/wp-json\/wp\/v2\/categories?post=249893"},{"taxonomy":"post_tag","embeddable":true,"href":"https:\/\/diariotextual.com\/inicio\/index.php\/wp-json\/wp\/v2\/tags?post=249893"}],"curies":[{"name":"wp","href":"https:\/\/api.w.org\/{rel}","templated":true}]}}