{"id":249901,"date":"2024-01-02T15:06:00","date_gmt":"2024-01-02T18:06:00","guid":{"rendered":"https:\/\/diariotextual.com\/inicio\/?p=249901"},"modified":"2024-01-03T09:30:08","modified_gmt":"2024-01-03T12:30:08","slug":"la-justicia-habilito-la-feria-judicial-para-tratar-el-amparo-de-la-cgt-contra-el-mega-dnu","status":"publish","type":"post","link":"https:\/\/diariotextual.com\/inicio\/index.php\/2024\/01\/02\/la-justicia-habilito-la-feria-judicial-para-tratar-el-amparo-de-la-cgt-contra-el-mega-dnu\/","title":{"rendered":"La Justicia habilit\u00f3 la feria judicial para tratar el amparo de la CGT contra el mega DNU"},"content":{"rendered":"\n<p>La C\u00e1mara Nacional de Apelaciones del Trabajo habilit\u00f3 hoy la feria judicial para tratar durante el receso de enero el pedido de la<strong>\u00a0Confederaci\u00f3n General del Trabajo<\/strong>\u00a0(CGT) para que se dejen sin efecto las reformas al r\u00e9gimen laboral que fueron introducidas en el decreto de necesidad y urgencia (DNU) 70 que dict\u00f3 el presidente<strong>\u00a0Javier Milei\u00a0<\/strong>para desregularizar la econom\u00eda y que entr\u00f3 en vigencia el viernes pasado.<\/p>\n\n\n\n<figure class=\"wp-block-embed is-type-wp-embed is-provider-diario-textual wp-block-embed-diario-textual\"><div class=\"wp-block-embed__wrapper\">\n<blockquote class=\"wp-embedded-content\" data-secret=\"pK3ttt80ux\"><a href=\"https:\/\/diariotextual.com\/inicio\/index.php\/2024\/01\/02\/asamblea-autoconvocada-se-reune-este-jueves-en-santa-rosa-invitara-a-legisladores-pampeanos\/\">Asamblea Autoconvocada se re\u00fane este jueves en  Santa Rosa: invitar\u00e1 a legisladores pampeanos<\/a><\/blockquote><iframe class=\"wp-embedded-content\" sandbox=\"allow-scripts\" security=\"restricted\" style=\"position: absolute; clip: rect(1px, 1px, 1px, 1px);\" title=\"\u00abAsamblea Autoconvocada se re\u00fane este jueves en  Santa Rosa: invitar\u00e1 a legisladores pampeanos\u00bb \u2014 Diario Textual\" src=\"https:\/\/diariotextual.com\/inicio\/index.php\/2024\/01\/02\/asamblea-autoconvocada-se-reune-este-jueves-en-santa-rosa-invitara-a-legisladores-pampeanos\/embed\/#?secret=09ttMrK4zI#?secret=pK3ttt80ux\" data-secret=\"pK3ttt80ux\" width=\"600\" height=\"338\" frameborder=\"0\" marginwidth=\"0\" marginheight=\"0\" scrolling=\"no\"><\/iframe>\n<\/div><\/figure>\n\n\n\n<p>La CGT present\u00f3 un amparo para que se declare la inconstitucionalidad del DNU y sus abogados pidieron hoy la habilitaci\u00f3n de la feria judicial. Eso significa que durante el mes de enero una causa debe tener un aval expreso para su tramite porque solo se analizan cuestiones urgentes.&nbsp;<strong>\u201cQue se viene a peticionar se habilite la feria judicial para el tr\u00e1mite del amparo en virtud de su importancia institucional\u201d<\/strong>, pidi\u00f3 la CGT en su presentaci\u00f3n a la que accedi\u00f3&nbsp;<strong>Infobae<\/strong>.<\/p>\n\n\n\n<p>La entidad sindical record\u00f3 que el DNU ya est\u00e1 en vigencia. \u201cEs evidente, entonces, la necesidad de privar de efectos temporales a un decreto cuya invalidez posee una intensa verosimilitud del derecho como ya se ha sostenido y que expresa, en el presente, toda su potencialidad para acarrear los perjuicios detallados\u201d, explicaron los abogados.<\/p>\n\n\n\n<p>La C\u00e1mara del Trabajo acept\u00f3 el planteo. Los camaristas\u00a0<strong>Mar\u00eda Dora Gonz\u00e1lez y Alejandro Sudera\u00a0<\/strong>explicaron que \u201cfrente a las particularidades del caso, lo tra\u00eddo a consideraci\u00f3n amerita la apertura de la habilitaci\u00f3n de la feria judicial solicitada, lo que as\u00ed se resuelve\u201d.\u00a0<strong>As\u00ed, el tribunal analizar\u00e1 el pedido para suspender los efectos del DNU. Antes de eso le pidi\u00f3 opini\u00f3n a la Fiscal\u00eda General.<\/strong><\/p>\n\n\n\n<p>La entidad sindical -que la semana pasada hizo una marcha al Palacio de Tribunales contra el DNU y que anunci\u00f3 un paro general de 12 horas para el 24 de enero- reclama que se declare la inconstitucionalidad de las reformas laborales que aplica del DNU y que est\u00e1n en vigencia desde el viernes pasado. El caso tuvo una primera resoluci\u00f3n: el juez laboral&nbsp;<strong>Jos\u00e9 Ignacio Ramonet<\/strong>&nbsp;rechaz\u00f3 la semana pasada una medida precautelar para suspender el DNU. Lo hizo al se\u00f1alar que el DNU no estaba en vigencia y acept\u00f3 la competencia del fuero para tramitar el caso. Tambi\u00e9n le dio al gobierno nacional tres d\u00edas para responder la demanda.<\/p>\n\n\n\n<p>Pero lo que el gobierno hizo fue presentarse en el fuero contencioso administrativo federal para pedir que ese tribunal intervenga en el amparo de la CGT porque all\u00ed se tramita un proceso colectivo. El juez contencioso Esteban Furnari acept\u00f3 el planteo y le reclam\u00f3 la fuero laboral la causa de la CGT. Pero la entidad sindical apel\u00f3 esa decisi\u00f3n al igual que el rechazo a suspender el DNU. Todo est\u00e1 bajo revisi\u00f3n.<\/p>\n\n\n\n<p><\/p>\n","protected":false},"excerpt":{"rendered":"<p>La C\u00e1mara Nacional de Apelaciones del Trabajo habilit\u00f3 hoy la feria judicial para tratar durante el receso de enero el pedido de la\u00a0Confederaci\u00f3n General del Trabajo\u00a0(CGT) para que se dejen&hellip;<\/p>\n","protected":false},"author":3,"featured_media":248804,"comment_status":"closed","ping_status":"open","sticky":false,"template":"","format":"standard","meta":{"_acf_changed":false,"footnotes":""},"categories":[1,8],"tags":[],"class_list":["post-249901","post","type-post","status-publish","format-standard","has-post-thumbnail","hentry","category-es-noticia","category-politica"],"acf":[],"yoast_head":"<!-- This site is optimized with the Yoast SEO plugin v27.5 - https:\/\/yoast.com\/product\/yoast-seo-wordpress\/ -->\n<title>La Justicia habilit\u00f3 la feria judicial para tratar el amparo de la CGT contra el mega DNU - Diario Textual<\/title>\n<meta name=\"robots\" content=\"index, follow, max-snippet:-1, max-image-preview:large, max-video-preview:-1\" \/>\n<link rel=\"canonical\" href=\"https:\/\/diariotextual.com\/inicio\/index.php\/2024\/01\/02\/la-justicia-habilito-la-feria-judicial-para-tratar-el-amparo-de-la-cgt-contra-el-mega-dnu\/\" \/>\n<meta property=\"og:locale\" content=\"es_ES\" \/>\n<meta property=\"og:type\" content=\"article\" \/>\n<meta property=\"og:title\" content=\"La Justicia habilit\u00f3 la feria judicial para tratar el amparo de la CGT contra el mega DNU - Diario Textual\" \/>\n<meta property=\"og:description\" content=\"La C\u00e1mara Nacional de Apelaciones del Trabajo habilit\u00f3 hoy la feria judicial para tratar durante el receso de enero el pedido de la\u00a0Confederaci\u00f3n General del Trabajo\u00a0(CGT) para que se dejen&hellip;\" \/>\n<meta property=\"og:url\" content=\"https:\/\/diariotextual.com\/inicio\/index.php\/2024\/01\/02\/la-justicia-habilito-la-feria-judicial-para-tratar-el-amparo-de-la-cgt-contra-el-mega-dnu\/\" \/>\n<meta property=\"og:site_name\" content=\"Diario Textual\" \/>\n<meta property=\"article:publisher\" content=\"https:\/\/www.facebook.com\/eltextual\" \/>\n<meta property=\"article:published_time\" content=\"2024-01-02T18:06:00+00:00\" \/>\n<meta property=\"article:modified_time\" content=\"2024-01-03T12:30:08+00:00\" \/>\n<meta property=\"og:image\" content=\"https:\/\/diariotextual.com\/inicio\/wp-content\/uploads\/2023\/12\/cacerolazoscontradnumileitelam2023-9.jpg\" \/>\n\t<meta property=\"og:image:width\" content=\"1200\" \/>\n\t<meta property=\"og:image:height\" content=\"675\" \/>\n\t<meta property=\"og:image:type\" content=\"image\/jpeg\" \/>\n<meta name=\"author\" content=\"Diario1 Diario1\" \/>\n<meta name=\"twitter:card\" content=\"summary_large_image\" \/>\n<meta name=\"twitter:creator\" content=\"@eltextual\" \/>\n<meta name=\"twitter:site\" content=\"@eltextual\" \/>\n<meta name=\"twitter:label1\" content=\"Escrito por\" \/>\n\t<meta name=\"twitter:data1\" content=\"Diario1 Diario1\" \/>\n\t<meta name=\"twitter:label2\" content=\"Tiempo de lectura\" \/>\n\t<meta name=\"twitter:data2\" content=\"3 minutos\" \/>\n<script type=\"application\/ld+json\" class=\"yoast-schema-graph\">{\"@context\":\"https:\\\/\\\/schema.org\",\"@graph\":[{\"@type\":\"Article\",\"@id\":\"https:\\\/\\\/diariotextual.com\\\/inicio\\\/index.php\\\/2024\\\/01\\\/02\\\/la-justicia-habilito-la-feria-judicial-para-tratar-el-amparo-de-la-cgt-contra-el-mega-dnu\\\/#article\",\"isPartOf\":{\"@id\":\"https:\\\/\\\/diariotextual.com\\\/inicio\\\/index.php\\\/2024\\\/01\\\/02\\\/la-justicia-habilito-la-feria-judicial-para-tratar-el-amparo-de-la-cgt-contra-el-mega-dnu\\\/\"},\"author\":{\"name\":\"Diario1 Diario1\",\"@id\":\"https:\\\/\\\/diariotextual.com\\\/inicio\\\/#\\\/schema\\\/person\\\/418fc4093c33e86ed41562db3508f958\"},\"headline\":\"La Justicia habilit\u00f3 la feria judicial para tratar el amparo de la CGT contra el mega DNU\",\"datePublished\":\"2024-01-02T18:06:00+00:00\",\"dateModified\":\"2024-01-03T12:30:08+00:00\",\"mainEntityOfPage\":{\"@id\":\"https:\\\/\\\/diariotextual.com\\\/inicio\\\/index.php\\\/2024\\\/01\\\/02\\\/la-justicia-habilito-la-feria-judicial-para-tratar-el-amparo-de-la-cgt-contra-el-mega-dnu\\\/\"},\"wordCount\":497,\"publisher\":{\"@id\":\"https:\\\/\\\/diariotextual.com\\\/inicio\\\/#organization\"},\"image\":{\"@id\":\"https:\\\/\\\/diariotextual.com\\\/inicio\\\/index.php\\\/2024\\\/01\\\/02\\\/la-justicia-habilito-la-feria-judicial-para-tratar-el-amparo-de-la-cgt-contra-el-mega-dnu\\\/#primaryimage\"},\"thumbnailUrl\":\"https:\\\/\\\/diariotextual.com\\\/inicio\\\/wp-content\\\/uploads\\\/2023\\\/12\\\/cacerolazoscontradnumileitelam2023-9.jpg\",\"articleSection\":[\"A - ES NOTICIA (van abajo)\",\"POLITICA\"],\"inLanguage\":\"es\"},{\"@type\":\"WebPage\",\"@id\":\"https:\\\/\\\/diariotextual.com\\\/inicio\\\/index.php\\\/2024\\\/01\\\/02\\\/la-justicia-habilito-la-feria-judicial-para-tratar-el-amparo-de-la-cgt-contra-el-mega-dnu\\\/\",\"url\":\"https:\\\/\\\/diariotextual.com\\\/inicio\\\/index.php\\\/2024\\\/01\\\/02\\\/la-justicia-habilito-la-feria-judicial-para-tratar-el-amparo-de-la-cgt-contra-el-mega-dnu\\\/\",\"name\":\"La Justicia habilit\u00f3 la feria judicial para tratar el amparo de la CGT contra el mega DNU - Diario Textual\",\"isPartOf\":{\"@id\":\"https:\\\/\\\/diariotextual.com\\\/inicio\\\/#website\"},\"primaryImageOfPage\":{\"@id\":\"https:\\\/\\\/diariotextual.com\\\/inicio\\\/index.php\\\/2024\\\/01\\\/02\\\/la-justicia-habilito-la-feria-judicial-para-tratar-el-amparo-de-la-cgt-contra-el-mega-dnu\\\/#primaryimage\"},\"image\":{\"@id\":\"https:\\\/\\\/diariotextual.com\\\/inicio\\\/index.php\\\/2024\\\/01\\\/02\\\/la-justicia-habilito-la-feria-judicial-para-tratar-el-amparo-de-la-cgt-contra-el-mega-dnu\\\/#primaryimage\"},\"thumbnailUrl\":\"https:\\\/\\\/diariotextual.com\\\/inicio\\\/wp-content\\\/uploads\\\/2023\\\/12\\\/cacerolazoscontradnumileitelam2023-9.jpg\",\"datePublished\":\"2024-01-02T18:06:00+00:00\",\"dateModified\":\"2024-01-03T12:30:08+00:00\",\"breadcrumb\":{\"@id\":\"https:\\\/\\\/diariotextual.com\\\/inicio\\\/index.php\\\/2024\\\/01\\\/02\\\/la-justicia-habilito-la-feria-judicial-para-tratar-el-amparo-de-la-cgt-contra-el-mega-dnu\\\/#breadcrumb\"},\"inLanguage\":\"es\",\"potentialAction\":[{\"@type\":\"ReadAction\",\"target\":[\"https:\\\/\\\/diariotextual.com\\\/inicio\\\/index.php\\\/2024\\\/01\\\/02\\\/la-justicia-habilito-la-feria-judicial-para-tratar-el-amparo-de-la-cgt-contra-el-mega-dnu\\\/\"]}]},{\"@type\":\"ImageObject\",\"inLanguage\":\"es\",\"@id\":\"https:\\\/\\\/diariotextual.com\\\/inicio\\\/index.php\\\/2024\\\/01\\\/02\\\/la-justicia-habilito-la-feria-judicial-para-tratar-el-amparo-de-la-cgt-contra-el-mega-dnu\\\/#primaryimage\",\"url\":\"https:\\\/\\\/diariotextual.com\\\/inicio\\\/wp-content\\\/uploads\\\/2023\\\/12\\\/cacerolazoscontradnumileitelam2023-9.jpg\",\"contentUrl\":\"https:\\\/\\\/diariotextual.com\\\/inicio\\\/wp-content\\\/uploads\\\/2023\\\/12\\\/cacerolazoscontradnumileitelam2023-9.jpg\",\"width\":1200,\"height\":675},{\"@type\":\"BreadcrumbList\",\"@id\":\"https:\\\/\\\/diariotextual.com\\\/inicio\\\/index.php\\\/2024\\\/01\\\/02\\\/la-justicia-habilito-la-feria-judicial-para-tratar-el-amparo-de-la-cgt-contra-el-mega-dnu\\\/#breadcrumb\",\"itemListElement\":[{\"@type\":\"ListItem\",\"position\":1,\"name\":\"Portada\",\"item\":\"https:\\\/\\\/diariotextual.com\\\/inicio\\\/\"},{\"@type\":\"ListItem\",\"position\":2,\"name\":\"La Justicia habilit\u00f3 la feria judicial para tratar el amparo de la CGT contra el mega DNU\"}]},{\"@type\":\"WebSite\",\"@id\":\"https:\\\/\\\/diariotextual.com\\\/inicio\\\/#website\",\"url\":\"https:\\\/\\\/diariotextual.com\\\/inicio\\\/\",\"name\":\"Diario Textual\",\"description\":\"\",\"publisher\":{\"@id\":\"https:\\\/\\\/diariotextual.com\\\/inicio\\\/#organization\"},\"potentialAction\":[{\"@type\":\"SearchAction\",\"target\":{\"@type\":\"EntryPoint\",\"urlTemplate\":\"https:\\\/\\\/diariotextual.com\\\/inicio\\\/?s={search_term_string}\"},\"query-input\":{\"@type\":\"PropertyValueSpecification\",\"valueRequired\":true,\"valueName\":\"search_term_string\"}}],\"inLanguage\":\"es\"},{\"@type\":\"Organization\",\"@id\":\"https:\\\/\\\/diariotextual.com\\\/inicio\\\/#organization\",\"name\":\"Diario Textual\",\"url\":\"https:\\\/\\\/diariotextual.com\\\/inicio\\\/\",\"logo\":{\"@type\":\"ImageObject\",\"inLanguage\":\"es\",\"@id\":\"https:\\\/\\\/diariotextual.com\\\/inicio\\\/#\\\/schema\\\/logo\\\/image\\\/\",\"url\":\"https:\\\/\\\/diariotextual.com\\\/inicio\\\/wp-content\\\/uploads\\\/2023\\\/05\\\/logotextual1.jpg\",\"contentUrl\":\"https:\\\/\\\/diariotextual.com\\\/inicio\\\/wp-content\\\/uploads\\\/2023\\\/05\\\/logotextual1.jpg\",\"width\":516,\"height\":76,\"caption\":\"Diario Textual\"},\"image\":{\"@id\":\"https:\\\/\\\/diariotextual.com\\\/inicio\\\/#\\\/schema\\\/logo\\\/image\\\/\"},\"sameAs\":[\"https:\\\/\\\/www.facebook.com\\\/eltextual\",\"https:\\\/\\\/x.com\\\/eltextual\",\"http:\\\/\\\/www.instagram.com\\\/eltextual\"]},{\"@type\":\"Person\",\"@id\":\"https:\\\/\\\/diariotextual.com\\\/inicio\\\/#\\\/schema\\\/person\\\/418fc4093c33e86ed41562db3508f958\",\"name\":\"Diario1 Diario1\",\"image\":{\"@type\":\"ImageObject\",\"inLanguage\":\"es\",\"@id\":\"https:\\\/\\\/secure.gravatar.com\\\/avatar\\\/9167d280179c85bc18be67aa7eda765854300033af4896dd779b608640f2ef7a?s=96&d=mm&r=g\",\"url\":\"https:\\\/\\\/secure.gravatar.com\\\/avatar\\\/9167d280179c85bc18be67aa7eda765854300033af4896dd779b608640f2ef7a?s=96&d=mm&r=g\",\"contentUrl\":\"https:\\\/\\\/secure.gravatar.com\\\/avatar\\\/9167d280179c85bc18be67aa7eda765854300033af4896dd779b608640f2ef7a?s=96&d=mm&r=g\",\"caption\":\"Diario1 Diario1\"},\"url\":\"https:\\\/\\\/diariotextual.com\\\/inicio\\\/index.php\\\/author\\\/diario1\\\/\"}]}<\/script>\n<!-- \/ Yoast SEO plugin. -->","yoast_head_json":{"title":"La Justicia habilit\u00f3 la feria judicial para tratar el amparo de la CGT contra el mega DNU - Diario Textual","robots":{"index":"index","follow":"follow","max-snippet":"max-snippet:-1","max-image-preview":"max-image-preview:large","max-video-preview":"max-video-preview:-1"},"canonical":"https:\/\/diariotextual.com\/inicio\/index.php\/2024\/01\/02\/la-justicia-habilito-la-feria-judicial-para-tratar-el-amparo-de-la-cgt-contra-el-mega-dnu\/","og_locale":"es_ES","og_type":"article","og_title":"La Justicia habilit\u00f3 la feria judicial para tratar el amparo de la CGT contra el mega DNU - Diario Textual","og_description":"La C\u00e1mara Nacional de Apelaciones del Trabajo habilit\u00f3 hoy la feria judicial para tratar durante el receso de enero el pedido de la\u00a0Confederaci\u00f3n General del Trabajo\u00a0(CGT) para que se dejen&hellip;","og_url":"https:\/\/diariotextual.com\/inicio\/index.php\/2024\/01\/02\/la-justicia-habilito-la-feria-judicial-para-tratar-el-amparo-de-la-cgt-contra-el-mega-dnu\/","og_site_name":"Diario Textual","article_publisher":"https:\/\/www.facebook.com\/eltextual","article_published_time":"2024-01-02T18:06:00+00:00","article_modified_time":"2024-01-03T12:30:08+00:00","og_image":[{"width":1200,"height":675,"url":"https:\/\/diariotextual.com\/inicio\/wp-content\/uploads\/2023\/12\/cacerolazoscontradnumileitelam2023-9.jpg","type":"image\/jpeg"}],"author":"Diario1 Diario1","twitter_card":"summary_large_image","twitter_creator":"@eltextual","twitter_site":"@eltextual","twitter_misc":{"Escrito por":"Diario1 Diario1","Tiempo de lectura":"3 minutos"},"schema":{"@context":"https:\/\/schema.org","@graph":[{"@type":"Article","@id":"https:\/\/diariotextual.com\/inicio\/index.php\/2024\/01\/02\/la-justicia-habilito-la-feria-judicial-para-tratar-el-amparo-de-la-cgt-contra-el-mega-dnu\/#article","isPartOf":{"@id":"https:\/\/diariotextual.com\/inicio\/index.php\/2024\/01\/02\/la-justicia-habilito-la-feria-judicial-para-tratar-el-amparo-de-la-cgt-contra-el-mega-dnu\/"},"author":{"name":"Diario1 Diario1","@id":"https:\/\/diariotextual.com\/inicio\/#\/schema\/person\/418fc4093c33e86ed41562db3508f958"},"headline":"La Justicia habilit\u00f3 la feria judicial para tratar el amparo de la CGT contra el mega DNU","datePublished":"2024-01-02T18:06:00+00:00","dateModified":"2024-01-03T12:30:08+00:00","mainEntityOfPage":{"@id":"https:\/\/diariotextual.com\/inicio\/index.php\/2024\/01\/02\/la-justicia-habilito-la-feria-judicial-para-tratar-el-amparo-de-la-cgt-contra-el-mega-dnu\/"},"wordCount":497,"publisher":{"@id":"https:\/\/diariotextual.com\/inicio\/#organization"},"image":{"@id":"https:\/\/diariotextual.com\/inicio\/index.php\/2024\/01\/02\/la-justicia-habilito-la-feria-judicial-para-tratar-el-amparo-de-la-cgt-contra-el-mega-dnu\/#primaryimage"},"thumbnailUrl":"https:\/\/diariotextual.com\/inicio\/wp-content\/uploads\/2023\/12\/cacerolazoscontradnumileitelam2023-9.jpg","articleSection":["A - ES NOTICIA (van abajo)","POLITICA"],"inLanguage":"es"},{"@type":"WebPage","@id":"https:\/\/diariotextual.com\/inicio\/index.php\/2024\/01\/02\/la-justicia-habilito-la-feria-judicial-para-tratar-el-amparo-de-la-cgt-contra-el-mega-dnu\/","url":"https:\/\/diariotextual.com\/inicio\/index.php\/2024\/01\/02\/la-justicia-habilito-la-feria-judicial-para-tratar-el-amparo-de-la-cgt-contra-el-mega-dnu\/","name":"La Justicia habilit\u00f3 la feria judicial para tratar el amparo de la CGT contra el mega DNU - Diario Textual","isPartOf":{"@id":"https:\/\/diariotextual.com\/inicio\/#website"},"primaryImageOfPage":{"@id":"https:\/\/diariotextual.com\/inicio\/index.php\/2024\/01\/02\/la-justicia-habilito-la-feria-judicial-para-tratar-el-amparo-de-la-cgt-contra-el-mega-dnu\/#primaryimage"},"image":{"@id":"https:\/\/diariotextual.com\/inicio\/index.php\/2024\/01\/02\/la-justicia-habilito-la-feria-judicial-para-tratar-el-amparo-de-la-cgt-contra-el-mega-dnu\/#primaryimage"},"thumbnailUrl":"https:\/\/diariotextual.com\/inicio\/wp-content\/uploads\/2023\/12\/cacerolazoscontradnumileitelam2023-9.jpg","datePublished":"2024-01-02T18:06:00+00:00","dateModified":"2024-01-03T12:30:08+00:00","breadcrumb":{"@id":"https:\/\/diariotextual.com\/inicio\/index.php\/2024\/01\/02\/la-justicia-habilito-la-feria-judicial-para-tratar-el-amparo-de-la-cgt-contra-el-mega-dnu\/#breadcrumb"},"inLanguage":"es","potentialAction":[{"@type":"ReadAction","target":["https:\/\/diariotextual.com\/inicio\/index.php\/2024\/01\/02\/la-justicia-habilito-la-feria-judicial-para-tratar-el-amparo-de-la-cgt-contra-el-mega-dnu\/"]}]},{"@type":"ImageObject","inLanguage":"es","@id":"https:\/\/diariotextual.com\/inicio\/index.php\/2024\/01\/02\/la-justicia-habilito-la-feria-judicial-para-tratar-el-amparo-de-la-cgt-contra-el-mega-dnu\/#primaryimage","url":"https:\/\/diariotextual.com\/inicio\/wp-content\/uploads\/2023\/12\/cacerolazoscontradnumileitelam2023-9.jpg","contentUrl":"https:\/\/diariotextual.com\/inicio\/wp-content\/uploads\/2023\/12\/cacerolazoscontradnumileitelam2023-9.jpg","width":1200,"height":675},{"@type":"BreadcrumbList","@id":"https:\/\/diariotextual.com\/inicio\/index.php\/2024\/01\/02\/la-justicia-habilito-la-feria-judicial-para-tratar-el-amparo-de-la-cgt-contra-el-mega-dnu\/#breadcrumb","itemListElement":[{"@type":"ListItem","position":1,"name":"Portada","item":"https:\/\/diariotextual.com\/inicio\/"},{"@type":"ListItem","position":2,"name":"La Justicia habilit\u00f3 la feria judicial para tratar el amparo de la CGT contra el mega DNU"}]},{"@type":"WebSite","@id":"https:\/\/diariotextual.com\/inicio\/#website","url":"https:\/\/diariotextual.com\/inicio\/","name":"Diario Textual","description":"","publisher":{"@id":"https:\/\/diariotextual.com\/inicio\/#organization"},"potentialAction":[{"@type":"SearchAction","target":{"@type":"EntryPoint","urlTemplate":"https:\/\/diariotextual.com\/inicio\/?s={search_term_string}"},"query-input":{"@type":"PropertyValueSpecification","valueRequired":true,"valueName":"search_term_string"}}],"inLanguage":"es"},{"@type":"Organization","@id":"https:\/\/diariotextual.com\/inicio\/#organization","name":"Diario Textual","url":"https:\/\/diariotextual.com\/inicio\/","logo":{"@type":"ImageObject","inLanguage":"es","@id":"https:\/\/diariotextual.com\/inicio\/#\/schema\/logo\/image\/","url":"https:\/\/diariotextual.com\/inicio\/wp-content\/uploads\/2023\/05\/logotextual1.jpg","contentUrl":"https:\/\/diariotextual.com\/inicio\/wp-content\/uploads\/2023\/05\/logotextual1.jpg","width":516,"height":76,"caption":"Diario Textual"},"image":{"@id":"https:\/\/diariotextual.com\/inicio\/#\/schema\/logo\/image\/"},"sameAs":["https:\/\/www.facebook.com\/eltextual","https:\/\/x.com\/eltextual","http:\/\/www.instagram.com\/eltextual"]},{"@type":"Person","@id":"https:\/\/diariotextual.com\/inicio\/#\/schema\/person\/418fc4093c33e86ed41562db3508f958","name":"Diario1 Diario1","image":{"@type":"ImageObject","inLanguage":"es","@id":"https:\/\/secure.gravatar.com\/avatar\/9167d280179c85bc18be67aa7eda765854300033af4896dd779b608640f2ef7a?s=96&d=mm&r=g","url":"https:\/\/secure.gravatar.com\/avatar\/9167d280179c85bc18be67aa7eda765854300033af4896dd779b608640f2ef7a?s=96&d=mm&r=g","contentUrl":"https:\/\/secure.gravatar.com\/avatar\/9167d280179c85bc18be67aa7eda765854300033af4896dd779b608640f2ef7a?s=96&d=mm&r=g","caption":"Diario1 Diario1"},"url":"https:\/\/diariotextual.com\/inicio\/index.php\/author\/diario1\/"}]}},"_links":{"self":[{"href":"https:\/\/diariotextual.com\/inicio\/index.php\/wp-json\/wp\/v2\/posts\/249901","targetHints":{"allow":["GET"]}}],"collection":[{"href":"https:\/\/diariotextual.com\/inicio\/index.php\/wp-json\/wp\/v2\/posts"}],"about":[{"href":"https:\/\/diariotextual.com\/inicio\/index.php\/wp-json\/wp\/v2\/types\/post"}],"author":[{"embeddable":true,"href":"https:\/\/diariotextual.com\/inicio\/index.php\/wp-json\/wp\/v2\/users\/3"}],"replies":[{"embeddable":true,"href":"https:\/\/diariotextual.com\/inicio\/index.php\/wp-json\/wp\/v2\/comments?post=249901"}],"version-history":[{"count":4,"href":"https:\/\/diariotextual.com\/inicio\/index.php\/wp-json\/wp\/v2\/posts\/249901\/revisions"}],"predecessor-version":[{"id":249905,"href":"https:\/\/diariotextual.com\/inicio\/index.php\/wp-json\/wp\/v2\/posts\/249901\/revisions\/249905"}],"wp:featuredmedia":[{"embeddable":true,"href":"https:\/\/diariotextual.com\/inicio\/index.php\/wp-json\/wp\/v2\/media\/248804"}],"wp:attachment":[{"href":"https:\/\/diariotextual.com\/inicio\/index.php\/wp-json\/wp\/v2\/media?parent=249901"}],"wp:term":[{"taxonomy":"category","embeddable":true,"href":"https:\/\/diariotextual.com\/inicio\/index.php\/wp-json\/wp\/v2\/categories?post=249901"},{"taxonomy":"post_tag","embeddable":true,"href":"https:\/\/diariotextual.com\/inicio\/index.php\/wp-json\/wp\/v2\/tags?post=249901"}],"curies":[{"name":"wp","href":"https:\/\/api.w.org\/{rel}","templated":true}]}}