{"id":249953,"date":"2024-01-02T23:40:21","date_gmt":"2024-01-03T02:40:21","guid":{"rendered":"https:\/\/diariotextual.com\/inicio\/?p=249953"},"modified":"2024-01-03T00:00:03","modified_gmt":"2024-01-03T03:00:03","slug":"opositores-tambien-se-juntaron-para-reclamar-a-provincia-por-la-tarifaria-de-di-napoli","status":"publish","type":"post","link":"https:\/\/diariotextual.com\/inicio\/index.php\/2024\/01\/02\/opositores-tambien-se-juntaron-para-reclamar-a-provincia-por-la-tarifaria-de-di-napoli\/","title":{"rendered":"Opositores tambi\u00e9n se juntaron para reclamar a Provincia por la tarifaria de Di N\u00e1poli"},"content":{"rendered":"\n<p>El&nbsp;<strong>ministro de Gobierno y Asuntos Municipales, Pascual Fern\u00e1ndez<\/strong>, recibi\u00f3 este martes a legisladores y legisladoras de los bloques de la oposici\u00f3n en el marco de<strong>&nbsp;un encuentro de di\u00e1logo pol\u00edtico entre el Ejecutivo y el Legislativo.<\/strong><\/p>\n\n\n\n<p>Del encuentro participaron los diputados provinciales&nbsp;<strong>Hip\u00f3lito Altolaguirre (Juntos por el Cambio-UCR), Mar\u00eda Laura Trapaglia (JxC-PRO) y Sandra Fonseca y Maximiliano Aliaga Souto (Comunidad Organizada). Tambi\u00e9n, los concejales santarrose\u00f1os Romina Paci y Diego Camargo (JxC-UCR) y Fabiana Casta\u00f1iera (CO).<\/strong><\/p>\n\n\n\n<p>Durante el encuentro solicitado por los representantes de los bloques de la oposici\u00f3n, seg\u00fan inform\u00f3 el Gobierno, se trataron diversos temas que hacen a la gesti\u00f3n de Gobierno y del trabajo legislativo.<\/p>\n\n\n\n<p>En tanto, en un comunicado de prensa, desde la oposici\u00f3n tambi\u00e9n se inform\u00f3 que se quejaron por la tarifaria que impuls\u00f3 en Santa Rosa el intendente Luciano di N\u00e1poli y protestaron por la situaci\u00f3n \u201ccatastr\u00f3fica\u201d que recibieron en sus localidades algunos jefes comunales del PRO y el radicalismo. No lo dijeron en su comunicado de prensa, pero Diario Textual pudo saber que se refer\u00edan, entre otras, a Intendente Alvear y La Adela. Seg\u00fan sostuvieron, tienen serias dificultades para pagar los aguinaldos y se han encontrado con problemas en el parque automotor y en los nombramientos de personal en el \u00faltimo a\u00f1o de gesti\u00f3n.<\/p>\n\n\n\n<p>Adem\u00e1s, plantearon su rechazo e inquietud en cuanto a la nueva ordenanza fiscal 2024, la cual establece un nuevo esquema tarifario para la tasa de Seguridad e Higiene en Santa Rosa. Seg\u00fan los diputados presentes, la nueva normativa, al contemplar que dicho tributo sea liquidado por los sujetos pasivos sobre los ingresos brutos devengados mensualmente, puede recaer en situaciones de regresividad impositiva. En su reemplazo, propusieron al ejecutivo una revisi\u00f3n estrat\u00e9gica para garantizar el desarrollo local sin imponer cargas econ\u00f3micas desproporcionadas y tr\u00e1mites adicionales.<\/p>\n\n\n\n<p> \u201cTal como est\u00e1 planteada la ordenanza, el cobro de Seguridad e Higiene puede ser injusto y desproporcionado, adem\u00e1s de sumar tr\u00e1mites adicionales a la gente\u201d, resaltaron los bloques PRO-MID, UCR y Comunidad Organizada, en un parte de prensa.<\/p>\n\n\n\n<p>Es el segundo movimiento que hace la oposici\u00f3n, unida. El primero fue unas horas antes: los representantes de la UCR, el PRO y Comunidad Organizada se unieron y le solicitaron que \u201ccumpla inmediatamente\u201d con un requerimiento de la Justicia para conocer si hay empleados estatales que cobran, tambi\u00e9n, con el programa Potenciar Trabajo.<\/p>\n\n\n\n<figure class=\"wp-block-embed is-type-wp-embed is-provider-diario-textual wp-block-embed-diario-textual\"><div class=\"wp-block-embed__wrapper\">\n<blockquote class=\"wp-embedded-content\" data-secret=\"vONtLtjSxA\"><a href=\"https:\/\/diariotextual.com\/inicio\/index.php\/2024\/01\/02\/primer-desafio-la-ucr-el-pro-y-el-tiernismo-se-unen-y-le-pide-a-ziliotto-un-informe-por-los-planes\/\">Primer desaf\u00edo: la UCR, el PRO y el tiernismo se unen y le piden a Ziliotto un informe por los planes<\/a><\/blockquote><iframe class=\"wp-embedded-content\" sandbox=\"allow-scripts\" security=\"restricted\" style=\"position: absolute; clip: rect(1px, 1px, 1px, 1px);\" title=\"\u00abPrimer desaf\u00edo: la UCR, el PRO y el tiernismo se unen y le piden a Ziliotto un informe por los planes\u00bb \u2014 Diario Textual\" src=\"https:\/\/diariotextual.com\/inicio\/index.php\/2024\/01\/02\/primer-desafio-la-ucr-el-pro-y-el-tiernismo-se-unen-y-le-pide-a-ziliotto-un-informe-por-los-planes\/embed\/#?secret=hOe6vega35#?secret=vONtLtjSxA\" data-secret=\"vONtLtjSxA\" width=\"600\" height=\"338\" frameborder=\"0\" marginwidth=\"0\" marginheight=\"0\" scrolling=\"no\"><\/iframe>\n<\/div><\/figure>\n","protected":false},"excerpt":{"rendered":"<p>El&nbsp;ministro de Gobierno y Asuntos Municipales, Pascual Fern\u00e1ndez, recibi\u00f3 este martes a legisladores y legisladoras de los bloques de la oposici\u00f3n en el marco de&nbsp;un encuentro de di\u00e1logo pol\u00edtico entre&hellip;<\/p>\n","protected":false},"author":3,"featured_media":249930,"comment_status":"closed","ping_status":"open","sticky":false,"template":"","format":"standard","meta":{"_acf_changed":false,"footnotes":""},"categories":[8],"tags":[],"class_list":["post-249953","post","type-post","status-publish","format-standard","has-post-thumbnail","hentry","category-politica"],"acf":[],"yoast_head":"<!-- This site is optimized with the Yoast SEO plugin v27.5 - https:\/\/yoast.com\/product\/yoast-seo-wordpress\/ -->\n<title>Opositores tambi\u00e9n se juntaron para reclamar a Provincia por la tarifaria de Di N\u00e1poli - Diario Textual<\/title>\n<meta name=\"robots\" content=\"index, follow, max-snippet:-1, max-image-preview:large, max-video-preview:-1\" \/>\n<link rel=\"canonical\" href=\"https:\/\/diariotextual.com\/inicio\/index.php\/2024\/01\/02\/opositores-tambien-se-juntaron-para-reclamar-a-provincia-por-la-tarifaria-de-di-napoli\/\" \/>\n<meta property=\"og:locale\" content=\"es_ES\" \/>\n<meta property=\"og:type\" content=\"article\" \/>\n<meta property=\"og:title\" content=\"Opositores tambi\u00e9n se juntaron para reclamar a Provincia por la tarifaria de Di N\u00e1poli - Diario Textual\" \/>\n<meta property=\"og:description\" content=\"El&nbsp;ministro de Gobierno y Asuntos Municipales, Pascual Fern\u00e1ndez, recibi\u00f3 este martes a legisladores y legisladoras de los bloques de la oposici\u00f3n en el marco de&nbsp;un encuentro de di\u00e1logo pol\u00edtico entre&hellip;\" \/>\n<meta property=\"og:url\" content=\"https:\/\/diariotextual.com\/inicio\/index.php\/2024\/01\/02\/opositores-tambien-se-juntaron-para-reclamar-a-provincia-por-la-tarifaria-de-di-napoli\/\" \/>\n<meta property=\"og:site_name\" content=\"Diario Textual\" \/>\n<meta property=\"article:publisher\" content=\"https:\/\/www.facebook.com\/eltextual\" \/>\n<meta property=\"article:published_time\" content=\"2024-01-03T02:40:21+00:00\" \/>\n<meta property=\"article:modified_time\" content=\"2024-01-03T03:00:03+00:00\" \/>\n<meta property=\"og:image\" content=\"https:\/\/diariotextual.com\/inicio\/wp-content\/uploads\/2024\/01\/FernandezPascual02012024.jpg\" \/>\n\t<meta property=\"og:image:width\" content=\"900\" \/>\n\t<meta property=\"og:image:height\" content=\"501\" \/>\n\t<meta property=\"og:image:type\" content=\"image\/jpeg\" \/>\n<meta name=\"author\" content=\"Diario1 Diario1\" \/>\n<meta name=\"twitter:card\" content=\"summary_large_image\" \/>\n<meta name=\"twitter:creator\" content=\"@eltextual\" \/>\n<meta name=\"twitter:site\" content=\"@eltextual\" \/>\n<meta name=\"twitter:label1\" content=\"Escrito por\" \/>\n\t<meta name=\"twitter:data1\" content=\"Diario1 Diario1\" \/>\n\t<meta name=\"twitter:label2\" content=\"Tiempo de lectura\" \/>\n\t<meta name=\"twitter:data2\" content=\"2 minutos\" \/>\n<script type=\"application\/ld+json\" class=\"yoast-schema-graph\">{\"@context\":\"https:\\\/\\\/schema.org\",\"@graph\":[{\"@type\":\"Article\",\"@id\":\"https:\\\/\\\/diariotextual.com\\\/inicio\\\/index.php\\\/2024\\\/01\\\/02\\\/opositores-tambien-se-juntaron-para-reclamar-a-provincia-por-la-tarifaria-de-di-napoli\\\/#article\",\"isPartOf\":{\"@id\":\"https:\\\/\\\/diariotextual.com\\\/inicio\\\/index.php\\\/2024\\\/01\\\/02\\\/opositores-tambien-se-juntaron-para-reclamar-a-provincia-por-la-tarifaria-de-di-napoli\\\/\"},\"author\":{\"name\":\"Diario1 Diario1\",\"@id\":\"https:\\\/\\\/diariotextual.com\\\/inicio\\\/#\\\/schema\\\/person\\\/418fc4093c33e86ed41562db3508f958\"},\"headline\":\"Opositores tambi\u00e9n se juntaron para reclamar a Provincia por la tarifaria de Di N\u00e1poli\",\"datePublished\":\"2024-01-03T02:40:21+00:00\",\"dateModified\":\"2024-01-03T03:00:03+00:00\",\"mainEntityOfPage\":{\"@id\":\"https:\\\/\\\/diariotextual.com\\\/inicio\\\/index.php\\\/2024\\\/01\\\/02\\\/opositores-tambien-se-juntaron-para-reclamar-a-provincia-por-la-tarifaria-de-di-napoli\\\/\"},\"wordCount\":442,\"publisher\":{\"@id\":\"https:\\\/\\\/diariotextual.com\\\/inicio\\\/#organization\"},\"image\":{\"@id\":\"https:\\\/\\\/diariotextual.com\\\/inicio\\\/index.php\\\/2024\\\/01\\\/02\\\/opositores-tambien-se-juntaron-para-reclamar-a-provincia-por-la-tarifaria-de-di-napoli\\\/#primaryimage\"},\"thumbnailUrl\":\"https:\\\/\\\/diariotextual.com\\\/inicio\\\/wp-content\\\/uploads\\\/2024\\\/01\\\/FernandezPascual02012024.jpg\",\"articleSection\":[\"POLITICA\"],\"inLanguage\":\"es\"},{\"@type\":\"WebPage\",\"@id\":\"https:\\\/\\\/diariotextual.com\\\/inicio\\\/index.php\\\/2024\\\/01\\\/02\\\/opositores-tambien-se-juntaron-para-reclamar-a-provincia-por-la-tarifaria-de-di-napoli\\\/\",\"url\":\"https:\\\/\\\/diariotextual.com\\\/inicio\\\/index.php\\\/2024\\\/01\\\/02\\\/opositores-tambien-se-juntaron-para-reclamar-a-provincia-por-la-tarifaria-de-di-napoli\\\/\",\"name\":\"Opositores tambi\u00e9n se juntaron para reclamar a Provincia por la tarifaria de Di N\u00e1poli - Diario Textual\",\"isPartOf\":{\"@id\":\"https:\\\/\\\/diariotextual.com\\\/inicio\\\/#website\"},\"primaryImageOfPage\":{\"@id\":\"https:\\\/\\\/diariotextual.com\\\/inicio\\\/index.php\\\/2024\\\/01\\\/02\\\/opositores-tambien-se-juntaron-para-reclamar-a-provincia-por-la-tarifaria-de-di-napoli\\\/#primaryimage\"},\"image\":{\"@id\":\"https:\\\/\\\/diariotextual.com\\\/inicio\\\/index.php\\\/2024\\\/01\\\/02\\\/opositores-tambien-se-juntaron-para-reclamar-a-provincia-por-la-tarifaria-de-di-napoli\\\/#primaryimage\"},\"thumbnailUrl\":\"https:\\\/\\\/diariotextual.com\\\/inicio\\\/wp-content\\\/uploads\\\/2024\\\/01\\\/FernandezPascual02012024.jpg\",\"datePublished\":\"2024-01-03T02:40:21+00:00\",\"dateModified\":\"2024-01-03T03:00:03+00:00\",\"breadcrumb\":{\"@id\":\"https:\\\/\\\/diariotextual.com\\\/inicio\\\/index.php\\\/2024\\\/01\\\/02\\\/opositores-tambien-se-juntaron-para-reclamar-a-provincia-por-la-tarifaria-de-di-napoli\\\/#breadcrumb\"},\"inLanguage\":\"es\",\"potentialAction\":[{\"@type\":\"ReadAction\",\"target\":[\"https:\\\/\\\/diariotextual.com\\\/inicio\\\/index.php\\\/2024\\\/01\\\/02\\\/opositores-tambien-se-juntaron-para-reclamar-a-provincia-por-la-tarifaria-de-di-napoli\\\/\"]}]},{\"@type\":\"ImageObject\",\"inLanguage\":\"es\",\"@id\":\"https:\\\/\\\/diariotextual.com\\\/inicio\\\/index.php\\\/2024\\\/01\\\/02\\\/opositores-tambien-se-juntaron-para-reclamar-a-provincia-por-la-tarifaria-de-di-napoli\\\/#primaryimage\",\"url\":\"https:\\\/\\\/diariotextual.com\\\/inicio\\\/wp-content\\\/uploads\\\/2024\\\/01\\\/FernandezPascual02012024.jpg\",\"contentUrl\":\"https:\\\/\\\/diariotextual.com\\\/inicio\\\/wp-content\\\/uploads\\\/2024\\\/01\\\/FernandezPascual02012024.jpg\",\"width\":900,\"height\":501},{\"@type\":\"BreadcrumbList\",\"@id\":\"https:\\\/\\\/diariotextual.com\\\/inicio\\\/index.php\\\/2024\\\/01\\\/02\\\/opositores-tambien-se-juntaron-para-reclamar-a-provincia-por-la-tarifaria-de-di-napoli\\\/#breadcrumb\",\"itemListElement\":[{\"@type\":\"ListItem\",\"position\":1,\"name\":\"Portada\",\"item\":\"https:\\\/\\\/diariotextual.com\\\/inicio\\\/\"},{\"@type\":\"ListItem\",\"position\":2,\"name\":\"Opositores tambi\u00e9n se juntaron para reclamar a Provincia por la tarifaria de Di N\u00e1poli\"}]},{\"@type\":\"WebSite\",\"@id\":\"https:\\\/\\\/diariotextual.com\\\/inicio\\\/#website\",\"url\":\"https:\\\/\\\/diariotextual.com\\\/inicio\\\/\",\"name\":\"Diario Textual\",\"description\":\"\",\"publisher\":{\"@id\":\"https:\\\/\\\/diariotextual.com\\\/inicio\\\/#organization\"},\"potentialAction\":[{\"@type\":\"SearchAction\",\"target\":{\"@type\":\"EntryPoint\",\"urlTemplate\":\"https:\\\/\\\/diariotextual.com\\\/inicio\\\/?s={search_term_string}\"},\"query-input\":{\"@type\":\"PropertyValueSpecification\",\"valueRequired\":true,\"valueName\":\"search_term_string\"}}],\"inLanguage\":\"es\"},{\"@type\":\"Organization\",\"@id\":\"https:\\\/\\\/diariotextual.com\\\/inicio\\\/#organization\",\"name\":\"Diario Textual\",\"url\":\"https:\\\/\\\/diariotextual.com\\\/inicio\\\/\",\"logo\":{\"@type\":\"ImageObject\",\"inLanguage\":\"es\",\"@id\":\"https:\\\/\\\/diariotextual.com\\\/inicio\\\/#\\\/schema\\\/logo\\\/image\\\/\",\"url\":\"https:\\\/\\\/diariotextual.com\\\/inicio\\\/wp-content\\\/uploads\\\/2023\\\/05\\\/logotextual1.jpg\",\"contentUrl\":\"https:\\\/\\\/diariotextual.com\\\/inicio\\\/wp-content\\\/uploads\\\/2023\\\/05\\\/logotextual1.jpg\",\"width\":516,\"height\":76,\"caption\":\"Diario Textual\"},\"image\":{\"@id\":\"https:\\\/\\\/diariotextual.com\\\/inicio\\\/#\\\/schema\\\/logo\\\/image\\\/\"},\"sameAs\":[\"https:\\\/\\\/www.facebook.com\\\/eltextual\",\"https:\\\/\\\/x.com\\\/eltextual\",\"http:\\\/\\\/www.instagram.com\\\/eltextual\"]},{\"@type\":\"Person\",\"@id\":\"https:\\\/\\\/diariotextual.com\\\/inicio\\\/#\\\/schema\\\/person\\\/418fc4093c33e86ed41562db3508f958\",\"name\":\"Diario1 Diario1\",\"image\":{\"@type\":\"ImageObject\",\"inLanguage\":\"es\",\"@id\":\"https:\\\/\\\/secure.gravatar.com\\\/avatar\\\/9167d280179c85bc18be67aa7eda765854300033af4896dd779b608640f2ef7a?s=96&d=mm&r=g\",\"url\":\"https:\\\/\\\/secure.gravatar.com\\\/avatar\\\/9167d280179c85bc18be67aa7eda765854300033af4896dd779b608640f2ef7a?s=96&d=mm&r=g\",\"contentUrl\":\"https:\\\/\\\/secure.gravatar.com\\\/avatar\\\/9167d280179c85bc18be67aa7eda765854300033af4896dd779b608640f2ef7a?s=96&d=mm&r=g\",\"caption\":\"Diario1 Diario1\"},\"url\":\"https:\\\/\\\/diariotextual.com\\\/inicio\\\/index.php\\\/author\\\/diario1\\\/\"}]}<\/script>\n<!-- \/ Yoast SEO plugin. -->","yoast_head_json":{"title":"Opositores tambi\u00e9n se juntaron para reclamar a Provincia por la tarifaria de Di N\u00e1poli - Diario Textual","robots":{"index":"index","follow":"follow","max-snippet":"max-snippet:-1","max-image-preview":"max-image-preview:large","max-video-preview":"max-video-preview:-1"},"canonical":"https:\/\/diariotextual.com\/inicio\/index.php\/2024\/01\/02\/opositores-tambien-se-juntaron-para-reclamar-a-provincia-por-la-tarifaria-de-di-napoli\/","og_locale":"es_ES","og_type":"article","og_title":"Opositores tambi\u00e9n se juntaron para reclamar a Provincia por la tarifaria de Di N\u00e1poli - Diario Textual","og_description":"El&nbsp;ministro de Gobierno y Asuntos Municipales, Pascual Fern\u00e1ndez, recibi\u00f3 este martes a legisladores y legisladoras de los bloques de la oposici\u00f3n en el marco de&nbsp;un encuentro de di\u00e1logo pol\u00edtico entre&hellip;","og_url":"https:\/\/diariotextual.com\/inicio\/index.php\/2024\/01\/02\/opositores-tambien-se-juntaron-para-reclamar-a-provincia-por-la-tarifaria-de-di-napoli\/","og_site_name":"Diario Textual","article_publisher":"https:\/\/www.facebook.com\/eltextual","article_published_time":"2024-01-03T02:40:21+00:00","article_modified_time":"2024-01-03T03:00:03+00:00","og_image":[{"width":900,"height":501,"url":"https:\/\/diariotextual.com\/inicio\/wp-content\/uploads\/2024\/01\/FernandezPascual02012024.jpg","type":"image\/jpeg"}],"author":"Diario1 Diario1","twitter_card":"summary_large_image","twitter_creator":"@eltextual","twitter_site":"@eltextual","twitter_misc":{"Escrito por":"Diario1 Diario1","Tiempo de lectura":"2 minutos"},"schema":{"@context":"https:\/\/schema.org","@graph":[{"@type":"Article","@id":"https:\/\/diariotextual.com\/inicio\/index.php\/2024\/01\/02\/opositores-tambien-se-juntaron-para-reclamar-a-provincia-por-la-tarifaria-de-di-napoli\/#article","isPartOf":{"@id":"https:\/\/diariotextual.com\/inicio\/index.php\/2024\/01\/02\/opositores-tambien-se-juntaron-para-reclamar-a-provincia-por-la-tarifaria-de-di-napoli\/"},"author":{"name":"Diario1 Diario1","@id":"https:\/\/diariotextual.com\/inicio\/#\/schema\/person\/418fc4093c33e86ed41562db3508f958"},"headline":"Opositores tambi\u00e9n se juntaron para reclamar a Provincia por la tarifaria de Di N\u00e1poli","datePublished":"2024-01-03T02:40:21+00:00","dateModified":"2024-01-03T03:00:03+00:00","mainEntityOfPage":{"@id":"https:\/\/diariotextual.com\/inicio\/index.php\/2024\/01\/02\/opositores-tambien-se-juntaron-para-reclamar-a-provincia-por-la-tarifaria-de-di-napoli\/"},"wordCount":442,"publisher":{"@id":"https:\/\/diariotextual.com\/inicio\/#organization"},"image":{"@id":"https:\/\/diariotextual.com\/inicio\/index.php\/2024\/01\/02\/opositores-tambien-se-juntaron-para-reclamar-a-provincia-por-la-tarifaria-de-di-napoli\/#primaryimage"},"thumbnailUrl":"https:\/\/diariotextual.com\/inicio\/wp-content\/uploads\/2024\/01\/FernandezPascual02012024.jpg","articleSection":["POLITICA"],"inLanguage":"es"},{"@type":"WebPage","@id":"https:\/\/diariotextual.com\/inicio\/index.php\/2024\/01\/02\/opositores-tambien-se-juntaron-para-reclamar-a-provincia-por-la-tarifaria-de-di-napoli\/","url":"https:\/\/diariotextual.com\/inicio\/index.php\/2024\/01\/02\/opositores-tambien-se-juntaron-para-reclamar-a-provincia-por-la-tarifaria-de-di-napoli\/","name":"Opositores tambi\u00e9n se juntaron para reclamar a Provincia por la tarifaria de Di N\u00e1poli - Diario Textual","isPartOf":{"@id":"https:\/\/diariotextual.com\/inicio\/#website"},"primaryImageOfPage":{"@id":"https:\/\/diariotextual.com\/inicio\/index.php\/2024\/01\/02\/opositores-tambien-se-juntaron-para-reclamar-a-provincia-por-la-tarifaria-de-di-napoli\/#primaryimage"},"image":{"@id":"https:\/\/diariotextual.com\/inicio\/index.php\/2024\/01\/02\/opositores-tambien-se-juntaron-para-reclamar-a-provincia-por-la-tarifaria-de-di-napoli\/#primaryimage"},"thumbnailUrl":"https:\/\/diariotextual.com\/inicio\/wp-content\/uploads\/2024\/01\/FernandezPascual02012024.jpg","datePublished":"2024-01-03T02:40:21+00:00","dateModified":"2024-01-03T03:00:03+00:00","breadcrumb":{"@id":"https:\/\/diariotextual.com\/inicio\/index.php\/2024\/01\/02\/opositores-tambien-se-juntaron-para-reclamar-a-provincia-por-la-tarifaria-de-di-napoli\/#breadcrumb"},"inLanguage":"es","potentialAction":[{"@type":"ReadAction","target":["https:\/\/diariotextual.com\/inicio\/index.php\/2024\/01\/02\/opositores-tambien-se-juntaron-para-reclamar-a-provincia-por-la-tarifaria-de-di-napoli\/"]}]},{"@type":"ImageObject","inLanguage":"es","@id":"https:\/\/diariotextual.com\/inicio\/index.php\/2024\/01\/02\/opositores-tambien-se-juntaron-para-reclamar-a-provincia-por-la-tarifaria-de-di-napoli\/#primaryimage","url":"https:\/\/diariotextual.com\/inicio\/wp-content\/uploads\/2024\/01\/FernandezPascual02012024.jpg","contentUrl":"https:\/\/diariotextual.com\/inicio\/wp-content\/uploads\/2024\/01\/FernandezPascual02012024.jpg","width":900,"height":501},{"@type":"BreadcrumbList","@id":"https:\/\/diariotextual.com\/inicio\/index.php\/2024\/01\/02\/opositores-tambien-se-juntaron-para-reclamar-a-provincia-por-la-tarifaria-de-di-napoli\/#breadcrumb","itemListElement":[{"@type":"ListItem","position":1,"name":"Portada","item":"https:\/\/diariotextual.com\/inicio\/"},{"@type":"ListItem","position":2,"name":"Opositores tambi\u00e9n se juntaron para reclamar a Provincia por la tarifaria de Di N\u00e1poli"}]},{"@type":"WebSite","@id":"https:\/\/diariotextual.com\/inicio\/#website","url":"https:\/\/diariotextual.com\/inicio\/","name":"Diario Textual","description":"","publisher":{"@id":"https:\/\/diariotextual.com\/inicio\/#organization"},"potentialAction":[{"@type":"SearchAction","target":{"@type":"EntryPoint","urlTemplate":"https:\/\/diariotextual.com\/inicio\/?s={search_term_string}"},"query-input":{"@type":"PropertyValueSpecification","valueRequired":true,"valueName":"search_term_string"}}],"inLanguage":"es"},{"@type":"Organization","@id":"https:\/\/diariotextual.com\/inicio\/#organization","name":"Diario Textual","url":"https:\/\/diariotextual.com\/inicio\/","logo":{"@type":"ImageObject","inLanguage":"es","@id":"https:\/\/diariotextual.com\/inicio\/#\/schema\/logo\/image\/","url":"https:\/\/diariotextual.com\/inicio\/wp-content\/uploads\/2023\/05\/logotextual1.jpg","contentUrl":"https:\/\/diariotextual.com\/inicio\/wp-content\/uploads\/2023\/05\/logotextual1.jpg","width":516,"height":76,"caption":"Diario Textual"},"image":{"@id":"https:\/\/diariotextual.com\/inicio\/#\/schema\/logo\/image\/"},"sameAs":["https:\/\/www.facebook.com\/eltextual","https:\/\/x.com\/eltextual","http:\/\/www.instagram.com\/eltextual"]},{"@type":"Person","@id":"https:\/\/diariotextual.com\/inicio\/#\/schema\/person\/418fc4093c33e86ed41562db3508f958","name":"Diario1 Diario1","image":{"@type":"ImageObject","inLanguage":"es","@id":"https:\/\/secure.gravatar.com\/avatar\/9167d280179c85bc18be67aa7eda765854300033af4896dd779b608640f2ef7a?s=96&d=mm&r=g","url":"https:\/\/secure.gravatar.com\/avatar\/9167d280179c85bc18be67aa7eda765854300033af4896dd779b608640f2ef7a?s=96&d=mm&r=g","contentUrl":"https:\/\/secure.gravatar.com\/avatar\/9167d280179c85bc18be67aa7eda765854300033af4896dd779b608640f2ef7a?s=96&d=mm&r=g","caption":"Diario1 Diario1"},"url":"https:\/\/diariotextual.com\/inicio\/index.php\/author\/diario1\/"}]}},"_links":{"self":[{"href":"https:\/\/diariotextual.com\/inicio\/index.php\/wp-json\/wp\/v2\/posts\/249953","targetHints":{"allow":["GET"]}}],"collection":[{"href":"https:\/\/diariotextual.com\/inicio\/index.php\/wp-json\/wp\/v2\/posts"}],"about":[{"href":"https:\/\/diariotextual.com\/inicio\/index.php\/wp-json\/wp\/v2\/types\/post"}],"author":[{"embeddable":true,"href":"https:\/\/diariotextual.com\/inicio\/index.php\/wp-json\/wp\/v2\/users\/3"}],"replies":[{"embeddable":true,"href":"https:\/\/diariotextual.com\/inicio\/index.php\/wp-json\/wp\/v2\/comments?post=249953"}],"version-history":[{"count":8,"href":"https:\/\/diariotextual.com\/inicio\/index.php\/wp-json\/wp\/v2\/posts\/249953\/revisions"}],"predecessor-version":[{"id":249964,"href":"https:\/\/diariotextual.com\/inicio\/index.php\/wp-json\/wp\/v2\/posts\/249953\/revisions\/249964"}],"wp:featuredmedia":[{"embeddable":true,"href":"https:\/\/diariotextual.com\/inicio\/index.php\/wp-json\/wp\/v2\/media\/249930"}],"wp:attachment":[{"href":"https:\/\/diariotextual.com\/inicio\/index.php\/wp-json\/wp\/v2\/media?parent=249953"}],"wp:term":[{"taxonomy":"category","embeddable":true,"href":"https:\/\/diariotextual.com\/inicio\/index.php\/wp-json\/wp\/v2\/categories?post=249953"},{"taxonomy":"post_tag","embeddable":true,"href":"https:\/\/diariotextual.com\/inicio\/index.php\/wp-json\/wp\/v2\/tags?post=249953"}],"curies":[{"name":"wp","href":"https:\/\/api.w.org\/{rel}","templated":true}]}}