{"id":249992,"date":"2024-01-03T08:24:18","date_gmt":"2024-01-03T11:24:18","guid":{"rendered":"https:\/\/diariotextual.com\/inicio\/?p=249992"},"modified":"2024-01-03T09:03:40","modified_gmt":"2024-01-03T12:03:40","slug":"el-senado-empieza-a-debatir-el-proyecto-de-boleta-unica-de-papel","status":"publish","type":"post","link":"https:\/\/diariotextual.com\/inicio\/index.php\/2024\/01\/03\/el-senado-empieza-a-debatir-el-proyecto-de-boleta-unica-de-papel\/","title":{"rendered":"El Senado empieza a debatir el proyecto de Boleta \u00danica de Papel"},"content":{"rendered":"\n<p>Las comisiones de Justicia y Asuntos Penales y de Asuntos Constitucionales de la C\u00e1mara de Senadores&nbsp;<strong>debatir\u00e1n este mi\u00e9rcoles el proyecto de Ley de Boleta \u00danica de Papel (BUP)&nbsp;<\/strong>que ya fue aprobado a mediados de 2022 por Diputados; en tanto que las comisiones de Relaciones Exteriores y de Presupuesto y Hacienda avanzar\u00e1n con la discusi\u00f3n de varios tratados internacionales firmados durante el gobierno de Mauricio Macri.<\/p>\n\n\n\n<p>La semana pasada, Libertad Avanza (LLA) y los bloques no kirchneristas designaron a los legisladores que integrar\u00e1n las comisiones que trabajar\u00e1n durante el Per\u00edodo Extraordinario de Sesiones convocado por el Poder Ejecutivo Nacional, en tanto que el Frente de Todos (FdT) reci\u00e9n lo hizo el martes, por lo que la vicepresidenta de la Naci\u00f3n, Victoria Villarruel, firm\u00f3 el Decreto Presidencial Parlamentario (DPP) 1\/24 incorporando a los esos legisladores.<\/p>\n\n\n\n<p>El viernes, Villarruel hab\u00eda promulgado los DPP 46\/23 y 47\/23, confirmando que el oficialismo y los dem\u00e1s bloques no kirchneristas tendr\u00e1n la mayor\u00eda en cada una de las ocho comisiones informadas.<\/p>\n\n\n\n<p>Entonces, el FdT hab\u00eda decidido no enviar el listado de sus integrantes por considerar que, por ser la primera minor\u00eda parlamentaria, deber\u00eda otorg\u00e1rsele la mayor\u00eda.<\/p>\n\n\n\n<p>Pero el martes\u00a0<strong>la bancada encabezada por Jos\u00e9 Mayans decidi\u00f3 enviar el listado de sus representantes para las comisiones de Acuerdos, Asuntos Constitucionales, Justicia y Asuntos Penales, Relaciones Exteriores, Presupuesto y Hacienda, Legislaci\u00f3n General y Asuntos Administrativos y Municipales<\/strong>.<\/p>\n\n\n\n<p>Ya hab\u00edan presentado a quienes tomar\u00e1n parte de la Comisi\u00f3n Bicameral de Tr\u00e1mite Legislativo que debe analizar los Decretos de Necesidad y Urgencia, en la que ocupar\u00e1n tres de los ocho lugares que le corresponde al Senado.<\/p>\n\n\n\n<p>La decisi\u00f3n de entregar 10 sobre 17 y 11 sobre 19 integrantes de cada comisi\u00f3n al no kirchnerismo fue tomada por el pleno en la sesi\u00f3n del 13 de diciembre y respaldada por una mayor\u00eda de 39 votos contra 29 del FdT.<\/p>\n\n\n\n<p>De ese modo,&nbsp;<strong>el listado de los integrantes de las comisiones cuenta con representantes de La Libertad Avanza, el radicalismo, PRO, el peronismo disidente, de algunos bloques provinciales y, finalmente, del Frente de Todos&nbsp;<\/strong>que, si no designaba a los suyos, no podr\u00eda debatir ni firmar dictamen de los proyectos de ley que se pongan a discusi\u00f3n.<\/p>\n\n\n\n<p><strong>La intenci\u00f3n del oficialismo es constituir, al menos, cuatro de los siete organismos este mi\u00e9rcoles<\/strong>\u00a0para poder sesionar el p\u00f3ximo 10 u 11 de enero.<\/p>\n\n\n\n<p><\/p>\n","protected":false},"excerpt":{"rendered":"<p>Las comisiones de Justicia y Asuntos Penales y de Asuntos Constitucionales de la C\u00e1mara de Senadores&nbsp;debatir\u00e1n este mi\u00e9rcoles el proyecto de Ley de Boleta \u00danica de Papel (BUP)&nbsp;que ya fue&hellip;<\/p>\n","protected":false},"author":3,"featured_media":243467,"comment_status":"closed","ping_status":"open","sticky":false,"template":"","format":"standard","meta":{"_acf_changed":false,"footnotes":""},"categories":[1,8],"tags":[],"class_list":["post-249992","post","type-post","status-publish","format-standard","has-post-thumbnail","hentry","category-es-noticia","category-politica"],"acf":[],"yoast_head":"<!-- This site is optimized with the Yoast SEO plugin v27.5 - https:\/\/yoast.com\/product\/yoast-seo-wordpress\/ -->\n<title>El Senado empieza a debatir el proyecto de Boleta \u00danica de Papel - Diario Textual<\/title>\n<meta name=\"robots\" content=\"index, follow, max-snippet:-1, max-image-preview:large, max-video-preview:-1\" \/>\n<link rel=\"canonical\" href=\"https:\/\/diariotextual.com\/inicio\/index.php\/2024\/01\/03\/el-senado-empieza-a-debatir-el-proyecto-de-boleta-unica-de-papel\/\" \/>\n<meta property=\"og:locale\" content=\"es_ES\" \/>\n<meta property=\"og:type\" content=\"article\" \/>\n<meta property=\"og:title\" content=\"El Senado empieza a debatir el proyecto de Boleta \u00danica de Papel - Diario Textual\" \/>\n<meta property=\"og:description\" content=\"Las comisiones de Justicia y Asuntos Penales y de Asuntos Constitucionales de la C\u00e1mara de Senadores&nbsp;debatir\u00e1n este mi\u00e9rcoles el proyecto de Ley de Boleta \u00danica de Papel (BUP)&nbsp;que ya fue&hellip;\" \/>\n<meta property=\"og:url\" content=\"https:\/\/diariotextual.com\/inicio\/index.php\/2024\/01\/03\/el-senado-empieza-a-debatir-el-proyecto-de-boleta-unica-de-papel\/\" \/>\n<meta property=\"og:site_name\" content=\"Diario Textual\" \/>\n<meta property=\"article:publisher\" content=\"https:\/\/www.facebook.com\/eltextual\" \/>\n<meta property=\"article:published_time\" content=\"2024-01-03T11:24:18+00:00\" \/>\n<meta property=\"article:modified_time\" content=\"2024-01-03T12:03:40+00:00\" \/>\n<meta property=\"og:image\" content=\"https:\/\/diariotextual.com\/inicio\/wp-content\/uploads\/2023\/11\/eleccionesargentinatelam2023-122.jpg\" \/>\n\t<meta property=\"og:image:width\" content=\"1200\" \/>\n\t<meta property=\"og:image:height\" content=\"675\" \/>\n\t<meta property=\"og:image:type\" content=\"image\/jpeg\" \/>\n<meta name=\"author\" content=\"Diario1 Diario1\" \/>\n<meta name=\"twitter:card\" content=\"summary_large_image\" \/>\n<meta name=\"twitter:creator\" content=\"@eltextual\" \/>\n<meta name=\"twitter:site\" content=\"@eltextual\" \/>\n<meta name=\"twitter:label1\" content=\"Escrito por\" \/>\n\t<meta name=\"twitter:data1\" content=\"Diario1 Diario1\" \/>\n\t<meta name=\"twitter:label2\" content=\"Tiempo de lectura\" \/>\n\t<meta name=\"twitter:data2\" content=\"2 minutos\" \/>\n<script type=\"application\/ld+json\" class=\"yoast-schema-graph\">{\"@context\":\"https:\\\/\\\/schema.org\",\"@graph\":[{\"@type\":\"Article\",\"@id\":\"https:\\\/\\\/diariotextual.com\\\/inicio\\\/index.php\\\/2024\\\/01\\\/03\\\/el-senado-empieza-a-debatir-el-proyecto-de-boleta-unica-de-papel\\\/#article\",\"isPartOf\":{\"@id\":\"https:\\\/\\\/diariotextual.com\\\/inicio\\\/index.php\\\/2024\\\/01\\\/03\\\/el-senado-empieza-a-debatir-el-proyecto-de-boleta-unica-de-papel\\\/\"},\"author\":{\"name\":\"Diario1 Diario1\",\"@id\":\"https:\\\/\\\/diariotextual.com\\\/inicio\\\/#\\\/schema\\\/person\\\/418fc4093c33e86ed41562db3508f958\"},\"headline\":\"El Senado empieza a debatir el proyecto de Boleta \u00danica de Papel\",\"datePublished\":\"2024-01-03T11:24:18+00:00\",\"dateModified\":\"2024-01-03T12:03:40+00:00\",\"mainEntityOfPage\":{\"@id\":\"https:\\\/\\\/diariotextual.com\\\/inicio\\\/index.php\\\/2024\\\/01\\\/03\\\/el-senado-empieza-a-debatir-el-proyecto-de-boleta-unica-de-papel\\\/\"},\"wordCount\":428,\"publisher\":{\"@id\":\"https:\\\/\\\/diariotextual.com\\\/inicio\\\/#organization\"},\"image\":{\"@id\":\"https:\\\/\\\/diariotextual.com\\\/inicio\\\/index.php\\\/2024\\\/01\\\/03\\\/el-senado-empieza-a-debatir-el-proyecto-de-boleta-unica-de-papel\\\/#primaryimage\"},\"thumbnailUrl\":\"https:\\\/\\\/diariotextual.com\\\/inicio\\\/wp-content\\\/uploads\\\/2023\\\/11\\\/eleccionesargentinatelam2023-122.jpg\",\"articleSection\":[\"A - ES NOTICIA (van abajo)\",\"POLITICA\"],\"inLanguage\":\"es\"},{\"@type\":\"WebPage\",\"@id\":\"https:\\\/\\\/diariotextual.com\\\/inicio\\\/index.php\\\/2024\\\/01\\\/03\\\/el-senado-empieza-a-debatir-el-proyecto-de-boleta-unica-de-papel\\\/\",\"url\":\"https:\\\/\\\/diariotextual.com\\\/inicio\\\/index.php\\\/2024\\\/01\\\/03\\\/el-senado-empieza-a-debatir-el-proyecto-de-boleta-unica-de-papel\\\/\",\"name\":\"El Senado empieza a debatir el proyecto de Boleta \u00danica de Papel - Diario Textual\",\"isPartOf\":{\"@id\":\"https:\\\/\\\/diariotextual.com\\\/inicio\\\/#website\"},\"primaryImageOfPage\":{\"@id\":\"https:\\\/\\\/diariotextual.com\\\/inicio\\\/index.php\\\/2024\\\/01\\\/03\\\/el-senado-empieza-a-debatir-el-proyecto-de-boleta-unica-de-papel\\\/#primaryimage\"},\"image\":{\"@id\":\"https:\\\/\\\/diariotextual.com\\\/inicio\\\/index.php\\\/2024\\\/01\\\/03\\\/el-senado-empieza-a-debatir-el-proyecto-de-boleta-unica-de-papel\\\/#primaryimage\"},\"thumbnailUrl\":\"https:\\\/\\\/diariotextual.com\\\/inicio\\\/wp-content\\\/uploads\\\/2023\\\/11\\\/eleccionesargentinatelam2023-122.jpg\",\"datePublished\":\"2024-01-03T11:24:18+00:00\",\"dateModified\":\"2024-01-03T12:03:40+00:00\",\"breadcrumb\":{\"@id\":\"https:\\\/\\\/diariotextual.com\\\/inicio\\\/index.php\\\/2024\\\/01\\\/03\\\/el-senado-empieza-a-debatir-el-proyecto-de-boleta-unica-de-papel\\\/#breadcrumb\"},\"inLanguage\":\"es\",\"potentialAction\":[{\"@type\":\"ReadAction\",\"target\":[\"https:\\\/\\\/diariotextual.com\\\/inicio\\\/index.php\\\/2024\\\/01\\\/03\\\/el-senado-empieza-a-debatir-el-proyecto-de-boleta-unica-de-papel\\\/\"]}]},{\"@type\":\"ImageObject\",\"inLanguage\":\"es\",\"@id\":\"https:\\\/\\\/diariotextual.com\\\/inicio\\\/index.php\\\/2024\\\/01\\\/03\\\/el-senado-empieza-a-debatir-el-proyecto-de-boleta-unica-de-papel\\\/#primaryimage\",\"url\":\"https:\\\/\\\/diariotextual.com\\\/inicio\\\/wp-content\\\/uploads\\\/2023\\\/11\\\/eleccionesargentinatelam2023-122.jpg\",\"contentUrl\":\"https:\\\/\\\/diariotextual.com\\\/inicio\\\/wp-content\\\/uploads\\\/2023\\\/11\\\/eleccionesargentinatelam2023-122.jpg\",\"width\":1200,\"height\":675},{\"@type\":\"BreadcrumbList\",\"@id\":\"https:\\\/\\\/diariotextual.com\\\/inicio\\\/index.php\\\/2024\\\/01\\\/03\\\/el-senado-empieza-a-debatir-el-proyecto-de-boleta-unica-de-papel\\\/#breadcrumb\",\"itemListElement\":[{\"@type\":\"ListItem\",\"position\":1,\"name\":\"Portada\",\"item\":\"https:\\\/\\\/diariotextual.com\\\/inicio\\\/\"},{\"@type\":\"ListItem\",\"position\":2,\"name\":\"El Senado empieza a debatir el proyecto de Boleta \u00danica de Papel\"}]},{\"@type\":\"WebSite\",\"@id\":\"https:\\\/\\\/diariotextual.com\\\/inicio\\\/#website\",\"url\":\"https:\\\/\\\/diariotextual.com\\\/inicio\\\/\",\"name\":\"Diario Textual\",\"description\":\"\",\"publisher\":{\"@id\":\"https:\\\/\\\/diariotextual.com\\\/inicio\\\/#organization\"},\"potentialAction\":[{\"@type\":\"SearchAction\",\"target\":{\"@type\":\"EntryPoint\",\"urlTemplate\":\"https:\\\/\\\/diariotextual.com\\\/inicio\\\/?s={search_term_string}\"},\"query-input\":{\"@type\":\"PropertyValueSpecification\",\"valueRequired\":true,\"valueName\":\"search_term_string\"}}],\"inLanguage\":\"es\"},{\"@type\":\"Organization\",\"@id\":\"https:\\\/\\\/diariotextual.com\\\/inicio\\\/#organization\",\"name\":\"Diario Textual\",\"url\":\"https:\\\/\\\/diariotextual.com\\\/inicio\\\/\",\"logo\":{\"@type\":\"ImageObject\",\"inLanguage\":\"es\",\"@id\":\"https:\\\/\\\/diariotextual.com\\\/inicio\\\/#\\\/schema\\\/logo\\\/image\\\/\",\"url\":\"https:\\\/\\\/diariotextual.com\\\/inicio\\\/wp-content\\\/uploads\\\/2023\\\/05\\\/logotextual1.jpg\",\"contentUrl\":\"https:\\\/\\\/diariotextual.com\\\/inicio\\\/wp-content\\\/uploads\\\/2023\\\/05\\\/logotextual1.jpg\",\"width\":516,\"height\":76,\"caption\":\"Diario Textual\"},\"image\":{\"@id\":\"https:\\\/\\\/diariotextual.com\\\/inicio\\\/#\\\/schema\\\/logo\\\/image\\\/\"},\"sameAs\":[\"https:\\\/\\\/www.facebook.com\\\/eltextual\",\"https:\\\/\\\/x.com\\\/eltextual\",\"http:\\\/\\\/www.instagram.com\\\/eltextual\"]},{\"@type\":\"Person\",\"@id\":\"https:\\\/\\\/diariotextual.com\\\/inicio\\\/#\\\/schema\\\/person\\\/418fc4093c33e86ed41562db3508f958\",\"name\":\"Diario1 Diario1\",\"image\":{\"@type\":\"ImageObject\",\"inLanguage\":\"es\",\"@id\":\"https:\\\/\\\/secure.gravatar.com\\\/avatar\\\/9167d280179c85bc18be67aa7eda765854300033af4896dd779b608640f2ef7a?s=96&d=mm&r=g\",\"url\":\"https:\\\/\\\/secure.gravatar.com\\\/avatar\\\/9167d280179c85bc18be67aa7eda765854300033af4896dd779b608640f2ef7a?s=96&d=mm&r=g\",\"contentUrl\":\"https:\\\/\\\/secure.gravatar.com\\\/avatar\\\/9167d280179c85bc18be67aa7eda765854300033af4896dd779b608640f2ef7a?s=96&d=mm&r=g\",\"caption\":\"Diario1 Diario1\"},\"url\":\"https:\\\/\\\/diariotextual.com\\\/inicio\\\/index.php\\\/author\\\/diario1\\\/\"}]}<\/script>\n<!-- \/ Yoast SEO plugin. -->","yoast_head_json":{"title":"El Senado empieza a debatir el proyecto de Boleta \u00danica de Papel - Diario Textual","robots":{"index":"index","follow":"follow","max-snippet":"max-snippet:-1","max-image-preview":"max-image-preview:large","max-video-preview":"max-video-preview:-1"},"canonical":"https:\/\/diariotextual.com\/inicio\/index.php\/2024\/01\/03\/el-senado-empieza-a-debatir-el-proyecto-de-boleta-unica-de-papel\/","og_locale":"es_ES","og_type":"article","og_title":"El Senado empieza a debatir el proyecto de Boleta \u00danica de Papel - Diario Textual","og_description":"Las comisiones de Justicia y Asuntos Penales y de Asuntos Constitucionales de la C\u00e1mara de Senadores&nbsp;debatir\u00e1n este mi\u00e9rcoles el proyecto de Ley de Boleta \u00danica de Papel (BUP)&nbsp;que ya fue&hellip;","og_url":"https:\/\/diariotextual.com\/inicio\/index.php\/2024\/01\/03\/el-senado-empieza-a-debatir-el-proyecto-de-boleta-unica-de-papel\/","og_site_name":"Diario Textual","article_publisher":"https:\/\/www.facebook.com\/eltextual","article_published_time":"2024-01-03T11:24:18+00:00","article_modified_time":"2024-01-03T12:03:40+00:00","og_image":[{"width":1200,"height":675,"url":"https:\/\/diariotextual.com\/inicio\/wp-content\/uploads\/2023\/11\/eleccionesargentinatelam2023-122.jpg","type":"image\/jpeg"}],"author":"Diario1 Diario1","twitter_card":"summary_large_image","twitter_creator":"@eltextual","twitter_site":"@eltextual","twitter_misc":{"Escrito por":"Diario1 Diario1","Tiempo de lectura":"2 minutos"},"schema":{"@context":"https:\/\/schema.org","@graph":[{"@type":"Article","@id":"https:\/\/diariotextual.com\/inicio\/index.php\/2024\/01\/03\/el-senado-empieza-a-debatir-el-proyecto-de-boleta-unica-de-papel\/#article","isPartOf":{"@id":"https:\/\/diariotextual.com\/inicio\/index.php\/2024\/01\/03\/el-senado-empieza-a-debatir-el-proyecto-de-boleta-unica-de-papel\/"},"author":{"name":"Diario1 Diario1","@id":"https:\/\/diariotextual.com\/inicio\/#\/schema\/person\/418fc4093c33e86ed41562db3508f958"},"headline":"El Senado empieza a debatir el proyecto de Boleta \u00danica de Papel","datePublished":"2024-01-03T11:24:18+00:00","dateModified":"2024-01-03T12:03:40+00:00","mainEntityOfPage":{"@id":"https:\/\/diariotextual.com\/inicio\/index.php\/2024\/01\/03\/el-senado-empieza-a-debatir-el-proyecto-de-boleta-unica-de-papel\/"},"wordCount":428,"publisher":{"@id":"https:\/\/diariotextual.com\/inicio\/#organization"},"image":{"@id":"https:\/\/diariotextual.com\/inicio\/index.php\/2024\/01\/03\/el-senado-empieza-a-debatir-el-proyecto-de-boleta-unica-de-papel\/#primaryimage"},"thumbnailUrl":"https:\/\/diariotextual.com\/inicio\/wp-content\/uploads\/2023\/11\/eleccionesargentinatelam2023-122.jpg","articleSection":["A - ES NOTICIA (van abajo)","POLITICA"],"inLanguage":"es"},{"@type":"WebPage","@id":"https:\/\/diariotextual.com\/inicio\/index.php\/2024\/01\/03\/el-senado-empieza-a-debatir-el-proyecto-de-boleta-unica-de-papel\/","url":"https:\/\/diariotextual.com\/inicio\/index.php\/2024\/01\/03\/el-senado-empieza-a-debatir-el-proyecto-de-boleta-unica-de-papel\/","name":"El Senado empieza a debatir el proyecto de Boleta \u00danica de Papel - Diario Textual","isPartOf":{"@id":"https:\/\/diariotextual.com\/inicio\/#website"},"primaryImageOfPage":{"@id":"https:\/\/diariotextual.com\/inicio\/index.php\/2024\/01\/03\/el-senado-empieza-a-debatir-el-proyecto-de-boleta-unica-de-papel\/#primaryimage"},"image":{"@id":"https:\/\/diariotextual.com\/inicio\/index.php\/2024\/01\/03\/el-senado-empieza-a-debatir-el-proyecto-de-boleta-unica-de-papel\/#primaryimage"},"thumbnailUrl":"https:\/\/diariotextual.com\/inicio\/wp-content\/uploads\/2023\/11\/eleccionesargentinatelam2023-122.jpg","datePublished":"2024-01-03T11:24:18+00:00","dateModified":"2024-01-03T12:03:40+00:00","breadcrumb":{"@id":"https:\/\/diariotextual.com\/inicio\/index.php\/2024\/01\/03\/el-senado-empieza-a-debatir-el-proyecto-de-boleta-unica-de-papel\/#breadcrumb"},"inLanguage":"es","potentialAction":[{"@type":"ReadAction","target":["https:\/\/diariotextual.com\/inicio\/index.php\/2024\/01\/03\/el-senado-empieza-a-debatir-el-proyecto-de-boleta-unica-de-papel\/"]}]},{"@type":"ImageObject","inLanguage":"es","@id":"https:\/\/diariotextual.com\/inicio\/index.php\/2024\/01\/03\/el-senado-empieza-a-debatir-el-proyecto-de-boleta-unica-de-papel\/#primaryimage","url":"https:\/\/diariotextual.com\/inicio\/wp-content\/uploads\/2023\/11\/eleccionesargentinatelam2023-122.jpg","contentUrl":"https:\/\/diariotextual.com\/inicio\/wp-content\/uploads\/2023\/11\/eleccionesargentinatelam2023-122.jpg","width":1200,"height":675},{"@type":"BreadcrumbList","@id":"https:\/\/diariotextual.com\/inicio\/index.php\/2024\/01\/03\/el-senado-empieza-a-debatir-el-proyecto-de-boleta-unica-de-papel\/#breadcrumb","itemListElement":[{"@type":"ListItem","position":1,"name":"Portada","item":"https:\/\/diariotextual.com\/inicio\/"},{"@type":"ListItem","position":2,"name":"El Senado empieza a debatir el proyecto de Boleta \u00danica de Papel"}]},{"@type":"WebSite","@id":"https:\/\/diariotextual.com\/inicio\/#website","url":"https:\/\/diariotextual.com\/inicio\/","name":"Diario Textual","description":"","publisher":{"@id":"https:\/\/diariotextual.com\/inicio\/#organization"},"potentialAction":[{"@type":"SearchAction","target":{"@type":"EntryPoint","urlTemplate":"https:\/\/diariotextual.com\/inicio\/?s={search_term_string}"},"query-input":{"@type":"PropertyValueSpecification","valueRequired":true,"valueName":"search_term_string"}}],"inLanguage":"es"},{"@type":"Organization","@id":"https:\/\/diariotextual.com\/inicio\/#organization","name":"Diario Textual","url":"https:\/\/diariotextual.com\/inicio\/","logo":{"@type":"ImageObject","inLanguage":"es","@id":"https:\/\/diariotextual.com\/inicio\/#\/schema\/logo\/image\/","url":"https:\/\/diariotextual.com\/inicio\/wp-content\/uploads\/2023\/05\/logotextual1.jpg","contentUrl":"https:\/\/diariotextual.com\/inicio\/wp-content\/uploads\/2023\/05\/logotextual1.jpg","width":516,"height":76,"caption":"Diario Textual"},"image":{"@id":"https:\/\/diariotextual.com\/inicio\/#\/schema\/logo\/image\/"},"sameAs":["https:\/\/www.facebook.com\/eltextual","https:\/\/x.com\/eltextual","http:\/\/www.instagram.com\/eltextual"]},{"@type":"Person","@id":"https:\/\/diariotextual.com\/inicio\/#\/schema\/person\/418fc4093c33e86ed41562db3508f958","name":"Diario1 Diario1","image":{"@type":"ImageObject","inLanguage":"es","@id":"https:\/\/secure.gravatar.com\/avatar\/9167d280179c85bc18be67aa7eda765854300033af4896dd779b608640f2ef7a?s=96&d=mm&r=g","url":"https:\/\/secure.gravatar.com\/avatar\/9167d280179c85bc18be67aa7eda765854300033af4896dd779b608640f2ef7a?s=96&d=mm&r=g","contentUrl":"https:\/\/secure.gravatar.com\/avatar\/9167d280179c85bc18be67aa7eda765854300033af4896dd779b608640f2ef7a?s=96&d=mm&r=g","caption":"Diario1 Diario1"},"url":"https:\/\/diariotextual.com\/inicio\/index.php\/author\/diario1\/"}]}},"_links":{"self":[{"href":"https:\/\/diariotextual.com\/inicio\/index.php\/wp-json\/wp\/v2\/posts\/249992","targetHints":{"allow":["GET"]}}],"collection":[{"href":"https:\/\/diariotextual.com\/inicio\/index.php\/wp-json\/wp\/v2\/posts"}],"about":[{"href":"https:\/\/diariotextual.com\/inicio\/index.php\/wp-json\/wp\/v2\/types\/post"}],"author":[{"embeddable":true,"href":"https:\/\/diariotextual.com\/inicio\/index.php\/wp-json\/wp\/v2\/users\/3"}],"replies":[{"embeddable":true,"href":"https:\/\/diariotextual.com\/inicio\/index.php\/wp-json\/wp\/v2\/comments?post=249992"}],"version-history":[{"count":2,"href":"https:\/\/diariotextual.com\/inicio\/index.php\/wp-json\/wp\/v2\/posts\/249992\/revisions"}],"predecessor-version":[{"id":249994,"href":"https:\/\/diariotextual.com\/inicio\/index.php\/wp-json\/wp\/v2\/posts\/249992\/revisions\/249994"}],"wp:featuredmedia":[{"embeddable":true,"href":"https:\/\/diariotextual.com\/inicio\/index.php\/wp-json\/wp\/v2\/media\/243467"}],"wp:attachment":[{"href":"https:\/\/diariotextual.com\/inicio\/index.php\/wp-json\/wp\/v2\/media?parent=249992"}],"wp:term":[{"taxonomy":"category","embeddable":true,"href":"https:\/\/diariotextual.com\/inicio\/index.php\/wp-json\/wp\/v2\/categories?post=249992"},{"taxonomy":"post_tag","embeddable":true,"href":"https:\/\/diariotextual.com\/inicio\/index.php\/wp-json\/wp\/v2\/tags?post=249992"}],"curies":[{"name":"wp","href":"https:\/\/api.w.org\/{rel}","templated":true}]}}