{"id":250105,"date":"2024-01-03T20:32:26","date_gmt":"2024-01-03T23:32:26","guid":{"rendered":"https:\/\/diariotextual.com\/inicio\/?p=250105"},"modified":"2024-01-03T20:32:30","modified_gmt":"2024-01-03T23:32:30","slug":"estado-de-salud-de-pepa-el-comunicado-de-la-clinica","status":"publish","type":"post","link":"https:\/\/diariotextual.com\/inicio\/index.php\/2024\/01\/03\/estado-de-salud-de-pepa-el-comunicado-de-la-clinica\/","title":{"rendered":"Estado de salud de Pepa: el comunicado de la cl\u00ednica"},"content":{"rendered":"\n<p>Eduardo Pepa, jefe comunal de Intendente Alvear, se recupera de un infarto agudo de miocardio, seg\u00fan lo informado por la Cl\u00ednica Argentina de General Pico, donde se encuentra internado desde ayer martes.<\/p>\n\n\n\n<p>\u201cFue sometido a tratamiento trombol\u00edtico, con la estabilizaci\u00f3n de su cuadro cl\u00ednico. Actualmente se encuentra cursando en forma estable su post infarto, siendo sometido a los estudios y procedimientos de rigor\u201d, se detall\u00f3 en un comunicado del centro de salud piquense.<\/p>\n\n\n\n<figure class=\"wp-block-embed is-type-wp-embed is-provider-diario-textual wp-block-embed-diario-textual\"><div class=\"wp-block-embed__wrapper\">\n<blockquote class=\"wp-embedded-content\" data-secret=\"NvXso5JsAB\"><a href=\"https:\/\/diariotextual.com\/inicio\/index.php\/2024\/01\/03\/el-intendente-pepa-sufrio-un-infarto-y-esta-internado-en-general-pico\/\">El intendente Pepa sufri\u00f3 un infarto y est\u00e1 internado en General Pico<\/a><\/blockquote><iframe class=\"wp-embedded-content\" sandbox=\"allow-scripts\" security=\"restricted\" style=\"position: absolute; clip: rect(1px, 1px, 1px, 1px);\" title=\"\u00abEl intendente Pepa sufri\u00f3 un infarto y est\u00e1 internado en General Pico\u00bb \u2014 Diario Textual\" src=\"https:\/\/diariotextual.com\/inicio\/index.php\/2024\/01\/03\/el-intendente-pepa-sufrio-un-infarto-y-esta-internado-en-general-pico\/embed\/#?secret=nvnUXBYDnt#?secret=NvXso5JsAB\" data-secret=\"NvXso5JsAB\" width=\"600\" height=\"338\" frameborder=\"0\" marginwidth=\"0\" marginheight=\"0\" scrolling=\"no\"><\/iframe>\n<\/div><\/figure>\n\n\n\n<p>El comunicado fue difundido por la Municipalidad de Intendente Alvear, desde donde se difundi\u00f3 la necesidad de \u201cllevar tranquilidad a nuestros vecinos sobre el estado de salud en que se encuentra el intendente Eduardo Pepa\u201d.<\/p>\n\n\n\n<figure class=\"wp-block-gallery has-nested-images columns-default is-cropped wp-block-gallery-1 is-layout-flex wp-block-gallery-is-layout-flex\">\n<figure class=\"wp-block-image size-large\"><img fetchpriority=\"high\" decoding=\"async\" width=\"1024\" height=\"974\" data-id=\"250106\" src=\"https:\/\/diariotextual.com\/inicio\/wp-content\/uploads\/2024\/01\/pepaeduardoclinicaargentina-1024x974.jpg\" alt=\"\" class=\"wp-image-250106\" srcset=\"https:\/\/diariotextual.com\/inicio\/wp-content\/uploads\/2024\/01\/pepaeduardoclinicaargentina-1024x974.jpg 1024w, https:\/\/diariotextual.com\/inicio\/wp-content\/uploads\/2024\/01\/pepaeduardoclinicaargentina-300x285.jpg 300w, https:\/\/diariotextual.com\/inicio\/wp-content\/uploads\/2024\/01\/pepaeduardoclinicaargentina-768x731.jpg 768w, https:\/\/diariotextual.com\/inicio\/wp-content\/uploads\/2024\/01\/pepaeduardoclinicaargentina-585x557.jpg 585w, https:\/\/diariotextual.com\/inicio\/wp-content\/uploads\/2024\/01\/pepaeduardoclinicaargentina.jpg 1112w\" sizes=\"(max-width: 1024px) 100vw, 1024px\" \/><\/figure>\n<\/figure>\n\n\n\n<p>\u201cFamiliares, amigos y funcionarios de Eduardo agradecen profundamente las oraciones y, las muestras de cari\u00f1o y apoyo recibidas. Pedimos especialmente tranquilidad, dado que a pesar de su situaci\u00f3n, sigue preocupado por las tareas del municipio, y esto no favorece su recuperaci\u00f3n\u201d, agreg\u00f3 el municipio alvearense.<\/p>\n","protected":false},"excerpt":{"rendered":"<p>Eduardo Pepa, jefe comunal de Intendente Alvear, se recupera de un infarto agudo de miocardio, seg\u00fan lo informado por la Cl\u00ednica Argentina de General Pico, donde se encuentra internado desde&hellip;<\/p>\n","protected":false},"author":5,"featured_media":250107,"comment_status":"closed","ping_status":"open","sticky":false,"template":"","format":"standard","meta":{"_acf_changed":false,"footnotes":""},"categories":[1,8],"tags":[],"class_list":["post-250105","post","type-post","status-publish","format-standard","has-post-thumbnail","hentry","category-es-noticia","category-politica"],"acf":[],"yoast_head":"<!-- This site is optimized with the Yoast SEO plugin v27.5 - https:\/\/yoast.com\/product\/yoast-seo-wordpress\/ -->\n<title>Estado de salud de Pepa: el comunicado de la cl\u00ednica - Diario Textual<\/title>\n<meta name=\"robots\" content=\"index, follow, max-snippet:-1, max-image-preview:large, max-video-preview:-1\" \/>\n<link rel=\"canonical\" href=\"https:\/\/diariotextual.com\/inicio\/index.php\/2024\/01\/03\/estado-de-salud-de-pepa-el-comunicado-de-la-clinica\/\" \/>\n<meta property=\"og:locale\" content=\"es_ES\" \/>\n<meta property=\"og:type\" content=\"article\" \/>\n<meta property=\"og:title\" content=\"Estado de salud de Pepa: el comunicado de la cl\u00ednica - Diario Textual\" \/>\n<meta property=\"og:description\" content=\"Eduardo Pepa, jefe comunal de Intendente Alvear, se recupera de un infarto agudo de miocardio, seg\u00fan lo informado por la Cl\u00ednica Argentina de General Pico, donde se encuentra internado desde&hellip;\" \/>\n<meta property=\"og:url\" content=\"https:\/\/diariotextual.com\/inicio\/index.php\/2024\/01\/03\/estado-de-salud-de-pepa-el-comunicado-de-la-clinica\/\" \/>\n<meta property=\"og:site_name\" content=\"Diario Textual\" \/>\n<meta property=\"article:publisher\" content=\"https:\/\/www.facebook.com\/eltextual\" \/>\n<meta property=\"article:published_time\" content=\"2024-01-03T23:32:26+00:00\" \/>\n<meta property=\"article:modified_time\" content=\"2024-01-03T23:32:30+00:00\" \/>\n<meta property=\"og:image\" content=\"https:\/\/diariotextual.com\/inicio\/wp-content\/uploads\/2024\/01\/pepaeduardo02032022.jpg\" \/>\n\t<meta property=\"og:image:width\" content=\"900\" \/>\n\t<meta property=\"og:image:height\" content=\"543\" \/>\n\t<meta property=\"og:image:type\" content=\"image\/jpeg\" \/>\n<meta name=\"author\" content=\"diario3\" \/>\n<meta name=\"twitter:card\" content=\"summary_large_image\" \/>\n<meta name=\"twitter:creator\" content=\"@eltextual\" \/>\n<meta name=\"twitter:site\" content=\"@eltextual\" \/>\n<meta name=\"twitter:label1\" content=\"Escrito por\" \/>\n\t<meta name=\"twitter:data1\" content=\"diario3\" \/>\n\t<meta name=\"twitter:label2\" content=\"Tiempo de lectura\" \/>\n\t<meta name=\"twitter:data2\" content=\"2 minutos\" \/>\n<script type=\"application\/ld+json\" class=\"yoast-schema-graph\">{\"@context\":\"https:\\\/\\\/schema.org\",\"@graph\":[{\"@type\":\"Article\",\"@id\":\"https:\\\/\\\/diariotextual.com\\\/inicio\\\/index.php\\\/2024\\\/01\\\/03\\\/estado-de-salud-de-pepa-el-comunicado-de-la-clinica\\\/#article\",\"isPartOf\":{\"@id\":\"https:\\\/\\\/diariotextual.com\\\/inicio\\\/index.php\\\/2024\\\/01\\\/03\\\/estado-de-salud-de-pepa-el-comunicado-de-la-clinica\\\/\"},\"author\":{\"name\":\"diario3\",\"@id\":\"https:\\\/\\\/diariotextual.com\\\/inicio\\\/#\\\/schema\\\/person\\\/a1b6f563e0ee944c60f98119389a4d9f\"},\"headline\":\"Estado de salud de Pepa: el comunicado de la cl\u00ednica\",\"datePublished\":\"2024-01-03T23:32:26+00:00\",\"dateModified\":\"2024-01-03T23:32:30+00:00\",\"mainEntityOfPage\":{\"@id\":\"https:\\\/\\\/diariotextual.com\\\/inicio\\\/index.php\\\/2024\\\/01\\\/03\\\/estado-de-salud-de-pepa-el-comunicado-de-la-clinica\\\/\"},\"wordCount\":179,\"publisher\":{\"@id\":\"https:\\\/\\\/diariotextual.com\\\/inicio\\\/#organization\"},\"image\":{\"@id\":\"https:\\\/\\\/diariotextual.com\\\/inicio\\\/index.php\\\/2024\\\/01\\\/03\\\/estado-de-salud-de-pepa-el-comunicado-de-la-clinica\\\/#primaryimage\"},\"thumbnailUrl\":\"https:\\\/\\\/diariotextual.com\\\/inicio\\\/wp-content\\\/uploads\\\/2024\\\/01\\\/pepaeduardo02032022.jpg\",\"articleSection\":[\"A - ES NOTICIA (van abajo)\",\"POLITICA\"],\"inLanguage\":\"es\"},{\"@type\":\"WebPage\",\"@id\":\"https:\\\/\\\/diariotextual.com\\\/inicio\\\/index.php\\\/2024\\\/01\\\/03\\\/estado-de-salud-de-pepa-el-comunicado-de-la-clinica\\\/\",\"url\":\"https:\\\/\\\/diariotextual.com\\\/inicio\\\/index.php\\\/2024\\\/01\\\/03\\\/estado-de-salud-de-pepa-el-comunicado-de-la-clinica\\\/\",\"name\":\"Estado de salud de Pepa: el comunicado de la cl\u00ednica - Diario Textual\",\"isPartOf\":{\"@id\":\"https:\\\/\\\/diariotextual.com\\\/inicio\\\/#website\"},\"primaryImageOfPage\":{\"@id\":\"https:\\\/\\\/diariotextual.com\\\/inicio\\\/index.php\\\/2024\\\/01\\\/03\\\/estado-de-salud-de-pepa-el-comunicado-de-la-clinica\\\/#primaryimage\"},\"image\":{\"@id\":\"https:\\\/\\\/diariotextual.com\\\/inicio\\\/index.php\\\/2024\\\/01\\\/03\\\/estado-de-salud-de-pepa-el-comunicado-de-la-clinica\\\/#primaryimage\"},\"thumbnailUrl\":\"https:\\\/\\\/diariotextual.com\\\/inicio\\\/wp-content\\\/uploads\\\/2024\\\/01\\\/pepaeduardo02032022.jpg\",\"datePublished\":\"2024-01-03T23:32:26+00:00\",\"dateModified\":\"2024-01-03T23:32:30+00:00\",\"breadcrumb\":{\"@id\":\"https:\\\/\\\/diariotextual.com\\\/inicio\\\/index.php\\\/2024\\\/01\\\/03\\\/estado-de-salud-de-pepa-el-comunicado-de-la-clinica\\\/#breadcrumb\"},\"inLanguage\":\"es\",\"potentialAction\":[{\"@type\":\"ReadAction\",\"target\":[\"https:\\\/\\\/diariotextual.com\\\/inicio\\\/index.php\\\/2024\\\/01\\\/03\\\/estado-de-salud-de-pepa-el-comunicado-de-la-clinica\\\/\"]}]},{\"@type\":\"ImageObject\",\"inLanguage\":\"es\",\"@id\":\"https:\\\/\\\/diariotextual.com\\\/inicio\\\/index.php\\\/2024\\\/01\\\/03\\\/estado-de-salud-de-pepa-el-comunicado-de-la-clinica\\\/#primaryimage\",\"url\":\"https:\\\/\\\/diariotextual.com\\\/inicio\\\/wp-content\\\/uploads\\\/2024\\\/01\\\/pepaeduardo02032022.jpg\",\"contentUrl\":\"https:\\\/\\\/diariotextual.com\\\/inicio\\\/wp-content\\\/uploads\\\/2024\\\/01\\\/pepaeduardo02032022.jpg\",\"width\":900,\"height\":543},{\"@type\":\"BreadcrumbList\",\"@id\":\"https:\\\/\\\/diariotextual.com\\\/inicio\\\/index.php\\\/2024\\\/01\\\/03\\\/estado-de-salud-de-pepa-el-comunicado-de-la-clinica\\\/#breadcrumb\",\"itemListElement\":[{\"@type\":\"ListItem\",\"position\":1,\"name\":\"Portada\",\"item\":\"https:\\\/\\\/diariotextual.com\\\/inicio\\\/\"},{\"@type\":\"ListItem\",\"position\":2,\"name\":\"Estado de salud de Pepa: el comunicado de la cl\u00ednica\"}]},{\"@type\":\"WebSite\",\"@id\":\"https:\\\/\\\/diariotextual.com\\\/inicio\\\/#website\",\"url\":\"https:\\\/\\\/diariotextual.com\\\/inicio\\\/\",\"name\":\"Diario Textual\",\"description\":\"\",\"publisher\":{\"@id\":\"https:\\\/\\\/diariotextual.com\\\/inicio\\\/#organization\"},\"potentialAction\":[{\"@type\":\"SearchAction\",\"target\":{\"@type\":\"EntryPoint\",\"urlTemplate\":\"https:\\\/\\\/diariotextual.com\\\/inicio\\\/?s={search_term_string}\"},\"query-input\":{\"@type\":\"PropertyValueSpecification\",\"valueRequired\":true,\"valueName\":\"search_term_string\"}}],\"inLanguage\":\"es\"},{\"@type\":\"Organization\",\"@id\":\"https:\\\/\\\/diariotextual.com\\\/inicio\\\/#organization\",\"name\":\"Diario Textual\",\"url\":\"https:\\\/\\\/diariotextual.com\\\/inicio\\\/\",\"logo\":{\"@type\":\"ImageObject\",\"inLanguage\":\"es\",\"@id\":\"https:\\\/\\\/diariotextual.com\\\/inicio\\\/#\\\/schema\\\/logo\\\/image\\\/\",\"url\":\"https:\\\/\\\/diariotextual.com\\\/inicio\\\/wp-content\\\/uploads\\\/2023\\\/05\\\/logotextual1.jpg\",\"contentUrl\":\"https:\\\/\\\/diariotextual.com\\\/inicio\\\/wp-content\\\/uploads\\\/2023\\\/05\\\/logotextual1.jpg\",\"width\":516,\"height\":76,\"caption\":\"Diario Textual\"},\"image\":{\"@id\":\"https:\\\/\\\/diariotextual.com\\\/inicio\\\/#\\\/schema\\\/logo\\\/image\\\/\"},\"sameAs\":[\"https:\\\/\\\/www.facebook.com\\\/eltextual\",\"https:\\\/\\\/x.com\\\/eltextual\",\"http:\\\/\\\/www.instagram.com\\\/eltextual\"]},{\"@type\":\"Person\",\"@id\":\"https:\\\/\\\/diariotextual.com\\\/inicio\\\/#\\\/schema\\\/person\\\/a1b6f563e0ee944c60f98119389a4d9f\",\"name\":\"diario3\",\"image\":{\"@type\":\"ImageObject\",\"inLanguage\":\"es\",\"@id\":\"https:\\\/\\\/secure.gravatar.com\\\/avatar\\\/5e7ee62c82fc04d9dd79d746a390d93c69c43223e5faeeb3ea9461ef752bfc5d?s=96&d=mm&r=g\",\"url\":\"https:\\\/\\\/secure.gravatar.com\\\/avatar\\\/5e7ee62c82fc04d9dd79d746a390d93c69c43223e5faeeb3ea9461ef752bfc5d?s=96&d=mm&r=g\",\"contentUrl\":\"https:\\\/\\\/secure.gravatar.com\\\/avatar\\\/5e7ee62c82fc04d9dd79d746a390d93c69c43223e5faeeb3ea9461ef752bfc5d?s=96&d=mm&r=g\",\"caption\":\"diario3\"},\"url\":\"https:\\\/\\\/diariotextual.com\\\/inicio\\\/index.php\\\/author\\\/diario3\\\/\"}]}<\/script>\n<!-- \/ Yoast SEO plugin. -->","yoast_head_json":{"title":"Estado de salud de Pepa: el comunicado de la cl\u00ednica - Diario Textual","robots":{"index":"index","follow":"follow","max-snippet":"max-snippet:-1","max-image-preview":"max-image-preview:large","max-video-preview":"max-video-preview:-1"},"canonical":"https:\/\/diariotextual.com\/inicio\/index.php\/2024\/01\/03\/estado-de-salud-de-pepa-el-comunicado-de-la-clinica\/","og_locale":"es_ES","og_type":"article","og_title":"Estado de salud de Pepa: el comunicado de la cl\u00ednica - Diario Textual","og_description":"Eduardo Pepa, jefe comunal de Intendente Alvear, se recupera de un infarto agudo de miocardio, seg\u00fan lo informado por la Cl\u00ednica Argentina de General Pico, donde se encuentra internado desde&hellip;","og_url":"https:\/\/diariotextual.com\/inicio\/index.php\/2024\/01\/03\/estado-de-salud-de-pepa-el-comunicado-de-la-clinica\/","og_site_name":"Diario Textual","article_publisher":"https:\/\/www.facebook.com\/eltextual","article_published_time":"2024-01-03T23:32:26+00:00","article_modified_time":"2024-01-03T23:32:30+00:00","og_image":[{"width":900,"height":543,"url":"https:\/\/diariotextual.com\/inicio\/wp-content\/uploads\/2024\/01\/pepaeduardo02032022.jpg","type":"image\/jpeg"}],"author":"diario3","twitter_card":"summary_large_image","twitter_creator":"@eltextual","twitter_site":"@eltextual","twitter_misc":{"Escrito por":"diario3","Tiempo de lectura":"2 minutos"},"schema":{"@context":"https:\/\/schema.org","@graph":[{"@type":"Article","@id":"https:\/\/diariotextual.com\/inicio\/index.php\/2024\/01\/03\/estado-de-salud-de-pepa-el-comunicado-de-la-clinica\/#article","isPartOf":{"@id":"https:\/\/diariotextual.com\/inicio\/index.php\/2024\/01\/03\/estado-de-salud-de-pepa-el-comunicado-de-la-clinica\/"},"author":{"name":"diario3","@id":"https:\/\/diariotextual.com\/inicio\/#\/schema\/person\/a1b6f563e0ee944c60f98119389a4d9f"},"headline":"Estado de salud de Pepa: el comunicado de la cl\u00ednica","datePublished":"2024-01-03T23:32:26+00:00","dateModified":"2024-01-03T23:32:30+00:00","mainEntityOfPage":{"@id":"https:\/\/diariotextual.com\/inicio\/index.php\/2024\/01\/03\/estado-de-salud-de-pepa-el-comunicado-de-la-clinica\/"},"wordCount":179,"publisher":{"@id":"https:\/\/diariotextual.com\/inicio\/#organization"},"image":{"@id":"https:\/\/diariotextual.com\/inicio\/index.php\/2024\/01\/03\/estado-de-salud-de-pepa-el-comunicado-de-la-clinica\/#primaryimage"},"thumbnailUrl":"https:\/\/diariotextual.com\/inicio\/wp-content\/uploads\/2024\/01\/pepaeduardo02032022.jpg","articleSection":["A - ES NOTICIA (van abajo)","POLITICA"],"inLanguage":"es"},{"@type":"WebPage","@id":"https:\/\/diariotextual.com\/inicio\/index.php\/2024\/01\/03\/estado-de-salud-de-pepa-el-comunicado-de-la-clinica\/","url":"https:\/\/diariotextual.com\/inicio\/index.php\/2024\/01\/03\/estado-de-salud-de-pepa-el-comunicado-de-la-clinica\/","name":"Estado de salud de Pepa: el comunicado de la cl\u00ednica - Diario Textual","isPartOf":{"@id":"https:\/\/diariotextual.com\/inicio\/#website"},"primaryImageOfPage":{"@id":"https:\/\/diariotextual.com\/inicio\/index.php\/2024\/01\/03\/estado-de-salud-de-pepa-el-comunicado-de-la-clinica\/#primaryimage"},"image":{"@id":"https:\/\/diariotextual.com\/inicio\/index.php\/2024\/01\/03\/estado-de-salud-de-pepa-el-comunicado-de-la-clinica\/#primaryimage"},"thumbnailUrl":"https:\/\/diariotextual.com\/inicio\/wp-content\/uploads\/2024\/01\/pepaeduardo02032022.jpg","datePublished":"2024-01-03T23:32:26+00:00","dateModified":"2024-01-03T23:32:30+00:00","breadcrumb":{"@id":"https:\/\/diariotextual.com\/inicio\/index.php\/2024\/01\/03\/estado-de-salud-de-pepa-el-comunicado-de-la-clinica\/#breadcrumb"},"inLanguage":"es","potentialAction":[{"@type":"ReadAction","target":["https:\/\/diariotextual.com\/inicio\/index.php\/2024\/01\/03\/estado-de-salud-de-pepa-el-comunicado-de-la-clinica\/"]}]},{"@type":"ImageObject","inLanguage":"es","@id":"https:\/\/diariotextual.com\/inicio\/index.php\/2024\/01\/03\/estado-de-salud-de-pepa-el-comunicado-de-la-clinica\/#primaryimage","url":"https:\/\/diariotextual.com\/inicio\/wp-content\/uploads\/2024\/01\/pepaeduardo02032022.jpg","contentUrl":"https:\/\/diariotextual.com\/inicio\/wp-content\/uploads\/2024\/01\/pepaeduardo02032022.jpg","width":900,"height":543},{"@type":"BreadcrumbList","@id":"https:\/\/diariotextual.com\/inicio\/index.php\/2024\/01\/03\/estado-de-salud-de-pepa-el-comunicado-de-la-clinica\/#breadcrumb","itemListElement":[{"@type":"ListItem","position":1,"name":"Portada","item":"https:\/\/diariotextual.com\/inicio\/"},{"@type":"ListItem","position":2,"name":"Estado de salud de Pepa: el comunicado de la cl\u00ednica"}]},{"@type":"WebSite","@id":"https:\/\/diariotextual.com\/inicio\/#website","url":"https:\/\/diariotextual.com\/inicio\/","name":"Diario Textual","description":"","publisher":{"@id":"https:\/\/diariotextual.com\/inicio\/#organization"},"potentialAction":[{"@type":"SearchAction","target":{"@type":"EntryPoint","urlTemplate":"https:\/\/diariotextual.com\/inicio\/?s={search_term_string}"},"query-input":{"@type":"PropertyValueSpecification","valueRequired":true,"valueName":"search_term_string"}}],"inLanguage":"es"},{"@type":"Organization","@id":"https:\/\/diariotextual.com\/inicio\/#organization","name":"Diario Textual","url":"https:\/\/diariotextual.com\/inicio\/","logo":{"@type":"ImageObject","inLanguage":"es","@id":"https:\/\/diariotextual.com\/inicio\/#\/schema\/logo\/image\/","url":"https:\/\/diariotextual.com\/inicio\/wp-content\/uploads\/2023\/05\/logotextual1.jpg","contentUrl":"https:\/\/diariotextual.com\/inicio\/wp-content\/uploads\/2023\/05\/logotextual1.jpg","width":516,"height":76,"caption":"Diario Textual"},"image":{"@id":"https:\/\/diariotextual.com\/inicio\/#\/schema\/logo\/image\/"},"sameAs":["https:\/\/www.facebook.com\/eltextual","https:\/\/x.com\/eltextual","http:\/\/www.instagram.com\/eltextual"]},{"@type":"Person","@id":"https:\/\/diariotextual.com\/inicio\/#\/schema\/person\/a1b6f563e0ee944c60f98119389a4d9f","name":"diario3","image":{"@type":"ImageObject","inLanguage":"es","@id":"https:\/\/secure.gravatar.com\/avatar\/5e7ee62c82fc04d9dd79d746a390d93c69c43223e5faeeb3ea9461ef752bfc5d?s=96&d=mm&r=g","url":"https:\/\/secure.gravatar.com\/avatar\/5e7ee62c82fc04d9dd79d746a390d93c69c43223e5faeeb3ea9461ef752bfc5d?s=96&d=mm&r=g","contentUrl":"https:\/\/secure.gravatar.com\/avatar\/5e7ee62c82fc04d9dd79d746a390d93c69c43223e5faeeb3ea9461ef752bfc5d?s=96&d=mm&r=g","caption":"diario3"},"url":"https:\/\/diariotextual.com\/inicio\/index.php\/author\/diario3\/"}]}},"_links":{"self":[{"href":"https:\/\/diariotextual.com\/inicio\/index.php\/wp-json\/wp\/v2\/posts\/250105","targetHints":{"allow":["GET"]}}],"collection":[{"href":"https:\/\/diariotextual.com\/inicio\/index.php\/wp-json\/wp\/v2\/posts"}],"about":[{"href":"https:\/\/diariotextual.com\/inicio\/index.php\/wp-json\/wp\/v2\/types\/post"}],"author":[{"embeddable":true,"href":"https:\/\/diariotextual.com\/inicio\/index.php\/wp-json\/wp\/v2\/users\/5"}],"replies":[{"embeddable":true,"href":"https:\/\/diariotextual.com\/inicio\/index.php\/wp-json\/wp\/v2\/comments?post=250105"}],"version-history":[{"count":1,"href":"https:\/\/diariotextual.com\/inicio\/index.php\/wp-json\/wp\/v2\/posts\/250105\/revisions"}],"predecessor-version":[{"id":250108,"href":"https:\/\/diariotextual.com\/inicio\/index.php\/wp-json\/wp\/v2\/posts\/250105\/revisions\/250108"}],"wp:featuredmedia":[{"embeddable":true,"href":"https:\/\/diariotextual.com\/inicio\/index.php\/wp-json\/wp\/v2\/media\/250107"}],"wp:attachment":[{"href":"https:\/\/diariotextual.com\/inicio\/index.php\/wp-json\/wp\/v2\/media?parent=250105"}],"wp:term":[{"taxonomy":"category","embeddable":true,"href":"https:\/\/diariotextual.com\/inicio\/index.php\/wp-json\/wp\/v2\/categories?post=250105"},{"taxonomy":"post_tag","embeddable":true,"href":"https:\/\/diariotextual.com\/inicio\/index.php\/wp-json\/wp\/v2\/tags?post=250105"}],"curies":[{"name":"wp","href":"https:\/\/api.w.org\/{rel}","templated":true}]}}