{"id":250201,"date":"2024-01-04T20:28:14","date_gmt":"2024-01-04T23:28:14","guid":{"rendered":"https:\/\/diariotextual.com\/inicio\/?p=250201"},"modified":"2024-01-05T07:47:29","modified_gmt":"2024-01-05T10:47:29","slug":"ziliotto-firmo-contrato-definitivo-de-venta-de-la-ex-planta-calzar","status":"publish","type":"post","link":"https:\/\/diariotextual.com\/inicio\/index.php\/2024\/01\/04\/ziliotto-firmo-contrato-definitivo-de-venta-de-la-ex-planta-calzar\/","title":{"rendered":"Ziliotto firm\u00f3 contrato definitivo de venta de la ex planta Calzar"},"content":{"rendered":"\n<p>El gobernador Sergio Ziliotto encabez\u00f3 este jueves la firma de los contratos de compra venta de la ex &#8211; planta Calzar, entre el Gobierno de La Pampa y las dos empresas seleccionadas para su radicaci\u00f3n:<strong> Living Confort y Calzatex.\u00a0<\/strong><\/p>\n\n\n\n<p>Ambas firmas, <strong>desde marzo del 2023, pose\u00edan la \u201ctenencia precaria\u201d de dicho predio, para la ejecuci\u00f3n de inversiones y puesta en marcha de sus procesos productivos.<\/strong><\/p>\n\n\n\n<p>Adem\u00e1s de Ziliotto; participaron de la firma la ministra de Producci\u00f3n, Fernanda Gonz\u00e1lez; la subsecretaria de Industria, Comercio y Pymes, Vanina Fern\u00e1ndez; Juan Pablo Azcarate y Marisol Iglesias, por Grupo Living S.A.S. y Gustavo Moreno y Vanesa Baldano, por Calzatex S.A.<\/p>\n\n\n\n<p>Las <strong>industrias seleccionadas fueron parte de la convocatoria p\u00fablica que se realizara<\/strong> oportunamente, con el objetivo de que la ex planta Calzar, adquirida por el Gobierno de La Pampa, vuelva a producir.<\/p>\n\n\n\n<p>En ese marco y tras un per\u00edodo de ejecuci\u00f3n de inversiones y cumplimiento de requisitos formales para la radicaci\u00f3n en el Parque Industrial de Santa Rosa, a trav\u00e9s de un decreto del Gobernador, se aprob\u00f3 la venta y la consecuente firma de los contratos correspondientes a favor de ambas industrias.<\/p>\n\n\n\n<p><strong>Living Confort<\/strong><\/p>\n\n\n\n<p>Grupo Living S.A.S. es una empresa pampeana, dedicada a la fabricaci\u00f3n de muebles para el hogar, oficina o comercios. Se le adjudicaron en venta dos naves industriales, con una superficie total de 15.094,05 m2, lo que le permite concretar su proyecto de expansi\u00f3n, que prev\u00e9 relocalizar y ampliar la planta productiva actual, fabricar goma espuma, su principal insumo, e iniciar una nueva unidad de negocios de fabricaci\u00f3n de colchones, alcanzando un total de 40 puestos de trabajo al momento de desarrollarse todas las etapas de inversi\u00f3n.<\/p>\n\n\n\n<p>La empresa, propiedad de Juan Pablo Azc\u00e1rate, se encuentra produciendo en el Parque Industrial desde el a\u00f1o 2015. El desarrollo de productos innovadores, de calidad y a precios competitivos, llev\u00f3 r\u00e1pidamente a la misma, a ampliar la capacidad de producci\u00f3n y agregar nuevos puntos de venta. Para ello, cuenta con dos sucursales en la ciudad de Santa Rosa, bajo el nombre de fantas\u00eda de \u201cLiving &amp; Confort\u201d, una sucursal en General Acha, y una en General Pico.<\/p>\n\n\n\n<p>Seguidamente, con una actitud proactiva y emprendedora, Azc\u00e1rate inicia el proyecto de fabricaci\u00f3n de colchones, el cual encuentra la sinergia p\u00fablico privada necesaria a trav\u00e9s de la convocatoria p\u00fablica destinada a la presentaci\u00f3n de ideas a radicarse en la ex planta Calzar.<\/p>\n\n\n\n<p>Desde marzo de 2023, cuando obtuvo la \u201ctenencia precaria\u201d de inmueble, inici\u00f3 el proceso de inversi\u00f3n poniendo en marcha la primera etapa del proyecto durante la cual se generaron 12 puestos de trabajo.<\/p>\n\n\n\n<p><strong>Calzatex<\/strong><\/p>\n\n\n\n<p>Por su parte, la empresa Calzatex S.A., proveniente del Gran Buenos Aires, se dedica al dise\u00f1o y fabricaci\u00f3n de calzado. La firma inici\u00f3 un proceso de relocalizaci\u00f3n e integraci\u00f3n de nuevos procesos productivos a su actividad en la ex planta Calzar, adjudic\u00e1ndosele en venta un inmueble con una superficie total de 82.932,13 m\u00b2, distribuidos en dos naves industriales y dependencias auxiliares.<\/p>\n\n\n\n<p>Actualmente, opera con 46 puestos de trabajo, que incluyen a ex trabajadores y trabajadoras de la planta Calzar.<\/p>\n","protected":false},"excerpt":{"rendered":"<p>El gobernador Sergio Ziliotto encabez\u00f3 este jueves la firma de los contratos de compra venta de la ex &#8211; planta Calzar, entre el Gobierno de La Pampa y las dos&hellip;<\/p>\n","protected":false},"author":5,"featured_media":250202,"comment_status":"closed","ping_status":"open","sticky":false,"template":"","format":"standard","meta":{"_acf_changed":false,"footnotes":""},"categories":[1,8],"tags":[],"class_list":["post-250201","post","type-post","status-publish","format-standard","has-post-thumbnail","hentry","category-es-noticia","category-politica"],"acf":[],"yoast_head":"<!-- This site is optimized with the Yoast SEO plugin v27.5 - https:\/\/yoast.com\/product\/yoast-seo-wordpress\/ -->\n<title>Ziliotto firm\u00f3 contrato definitivo de venta de la ex planta Calzar - Diario Textual<\/title>\n<meta name=\"robots\" content=\"index, follow, max-snippet:-1, max-image-preview:large, max-video-preview:-1\" \/>\n<link rel=\"canonical\" href=\"https:\/\/diariotextual.com\/inicio\/index.php\/2024\/01\/04\/ziliotto-firmo-contrato-definitivo-de-venta-de-la-ex-planta-calzar\/\" \/>\n<meta property=\"og:locale\" content=\"es_ES\" \/>\n<meta property=\"og:type\" content=\"article\" \/>\n<meta property=\"og:title\" content=\"Ziliotto firm\u00f3 contrato definitivo de venta de la ex planta Calzar - Diario Textual\" \/>\n<meta property=\"og:description\" content=\"El gobernador Sergio Ziliotto encabez\u00f3 este jueves la firma de los contratos de compra venta de la ex &#8211; planta Calzar, entre el Gobierno de La Pampa y las dos&hellip;\" \/>\n<meta property=\"og:url\" content=\"https:\/\/diariotextual.com\/inicio\/index.php\/2024\/01\/04\/ziliotto-firmo-contrato-definitivo-de-venta-de-la-ex-planta-calzar\/\" \/>\n<meta property=\"og:site_name\" content=\"Diario Textual\" \/>\n<meta property=\"article:publisher\" content=\"https:\/\/www.facebook.com\/eltextual\" \/>\n<meta property=\"article:published_time\" content=\"2024-01-04T23:28:14+00:00\" \/>\n<meta property=\"article:modified_time\" content=\"2024-01-05T10:47:29+00:00\" \/>\n<meta property=\"og:image\" content=\"https:\/\/diariotextual.com\/inicio\/wp-content\/uploads\/2024\/01\/ziliottocalzar2024.jpg\" \/>\n\t<meta property=\"og:image:width\" content=\"900\" \/>\n\t<meta property=\"og:image:height\" content=\"504\" \/>\n\t<meta property=\"og:image:type\" content=\"image\/jpeg\" \/>\n<meta name=\"author\" content=\"diario3\" \/>\n<meta name=\"twitter:card\" content=\"summary_large_image\" \/>\n<meta name=\"twitter:creator\" content=\"@eltextual\" \/>\n<meta name=\"twitter:site\" content=\"@eltextual\" \/>\n<meta name=\"twitter:label1\" content=\"Escrito por\" \/>\n\t<meta name=\"twitter:data1\" content=\"diario3\" \/>\n\t<meta name=\"twitter:label2\" content=\"Tiempo de lectura\" \/>\n\t<meta name=\"twitter:data2\" content=\"3 minutos\" \/>\n<script type=\"application\/ld+json\" class=\"yoast-schema-graph\">{\"@context\":\"https:\\\/\\\/schema.org\",\"@graph\":[{\"@type\":\"Article\",\"@id\":\"https:\\\/\\\/diariotextual.com\\\/inicio\\\/index.php\\\/2024\\\/01\\\/04\\\/ziliotto-firmo-contrato-definitivo-de-venta-de-la-ex-planta-calzar\\\/#article\",\"isPartOf\":{\"@id\":\"https:\\\/\\\/diariotextual.com\\\/inicio\\\/index.php\\\/2024\\\/01\\\/04\\\/ziliotto-firmo-contrato-definitivo-de-venta-de-la-ex-planta-calzar\\\/\"},\"author\":{\"name\":\"diario3\",\"@id\":\"https:\\\/\\\/diariotextual.com\\\/inicio\\\/#\\\/schema\\\/person\\\/a1b6f563e0ee944c60f98119389a4d9f\"},\"headline\":\"Ziliotto firm\u00f3 contrato definitivo de venta de la ex planta Calzar\",\"datePublished\":\"2024-01-04T23:28:14+00:00\",\"dateModified\":\"2024-01-05T10:47:29+00:00\",\"mainEntityOfPage\":{\"@id\":\"https:\\\/\\\/diariotextual.com\\\/inicio\\\/index.php\\\/2024\\\/01\\\/04\\\/ziliotto-firmo-contrato-definitivo-de-venta-de-la-ex-planta-calzar\\\/\"},\"wordCount\":550,\"publisher\":{\"@id\":\"https:\\\/\\\/diariotextual.com\\\/inicio\\\/#organization\"},\"image\":{\"@id\":\"https:\\\/\\\/diariotextual.com\\\/inicio\\\/index.php\\\/2024\\\/01\\\/04\\\/ziliotto-firmo-contrato-definitivo-de-venta-de-la-ex-planta-calzar\\\/#primaryimage\"},\"thumbnailUrl\":\"https:\\\/\\\/diariotextual.com\\\/inicio\\\/wp-content\\\/uploads\\\/2024\\\/01\\\/ziliottocalzar2024.jpg\",\"articleSection\":[\"A - ES NOTICIA (van abajo)\",\"POLITICA\"],\"inLanguage\":\"es\"},{\"@type\":\"WebPage\",\"@id\":\"https:\\\/\\\/diariotextual.com\\\/inicio\\\/index.php\\\/2024\\\/01\\\/04\\\/ziliotto-firmo-contrato-definitivo-de-venta-de-la-ex-planta-calzar\\\/\",\"url\":\"https:\\\/\\\/diariotextual.com\\\/inicio\\\/index.php\\\/2024\\\/01\\\/04\\\/ziliotto-firmo-contrato-definitivo-de-venta-de-la-ex-planta-calzar\\\/\",\"name\":\"Ziliotto firm\u00f3 contrato definitivo de venta de la ex planta Calzar - Diario Textual\",\"isPartOf\":{\"@id\":\"https:\\\/\\\/diariotextual.com\\\/inicio\\\/#website\"},\"primaryImageOfPage\":{\"@id\":\"https:\\\/\\\/diariotextual.com\\\/inicio\\\/index.php\\\/2024\\\/01\\\/04\\\/ziliotto-firmo-contrato-definitivo-de-venta-de-la-ex-planta-calzar\\\/#primaryimage\"},\"image\":{\"@id\":\"https:\\\/\\\/diariotextual.com\\\/inicio\\\/index.php\\\/2024\\\/01\\\/04\\\/ziliotto-firmo-contrato-definitivo-de-venta-de-la-ex-planta-calzar\\\/#primaryimage\"},\"thumbnailUrl\":\"https:\\\/\\\/diariotextual.com\\\/inicio\\\/wp-content\\\/uploads\\\/2024\\\/01\\\/ziliottocalzar2024.jpg\",\"datePublished\":\"2024-01-04T23:28:14+00:00\",\"dateModified\":\"2024-01-05T10:47:29+00:00\",\"breadcrumb\":{\"@id\":\"https:\\\/\\\/diariotextual.com\\\/inicio\\\/index.php\\\/2024\\\/01\\\/04\\\/ziliotto-firmo-contrato-definitivo-de-venta-de-la-ex-planta-calzar\\\/#breadcrumb\"},\"inLanguage\":\"es\",\"potentialAction\":[{\"@type\":\"ReadAction\",\"target\":[\"https:\\\/\\\/diariotextual.com\\\/inicio\\\/index.php\\\/2024\\\/01\\\/04\\\/ziliotto-firmo-contrato-definitivo-de-venta-de-la-ex-planta-calzar\\\/\"]}]},{\"@type\":\"ImageObject\",\"inLanguage\":\"es\",\"@id\":\"https:\\\/\\\/diariotextual.com\\\/inicio\\\/index.php\\\/2024\\\/01\\\/04\\\/ziliotto-firmo-contrato-definitivo-de-venta-de-la-ex-planta-calzar\\\/#primaryimage\",\"url\":\"https:\\\/\\\/diariotextual.com\\\/inicio\\\/wp-content\\\/uploads\\\/2024\\\/01\\\/ziliottocalzar2024.jpg\",\"contentUrl\":\"https:\\\/\\\/diariotextual.com\\\/inicio\\\/wp-content\\\/uploads\\\/2024\\\/01\\\/ziliottocalzar2024.jpg\",\"width\":900,\"height\":504},{\"@type\":\"BreadcrumbList\",\"@id\":\"https:\\\/\\\/diariotextual.com\\\/inicio\\\/index.php\\\/2024\\\/01\\\/04\\\/ziliotto-firmo-contrato-definitivo-de-venta-de-la-ex-planta-calzar\\\/#breadcrumb\",\"itemListElement\":[{\"@type\":\"ListItem\",\"position\":1,\"name\":\"Portada\",\"item\":\"https:\\\/\\\/diariotextual.com\\\/inicio\\\/\"},{\"@type\":\"ListItem\",\"position\":2,\"name\":\"Ziliotto firm\u00f3 contrato definitivo de venta de la ex planta Calzar\"}]},{\"@type\":\"WebSite\",\"@id\":\"https:\\\/\\\/diariotextual.com\\\/inicio\\\/#website\",\"url\":\"https:\\\/\\\/diariotextual.com\\\/inicio\\\/\",\"name\":\"Diario Textual\",\"description\":\"\",\"publisher\":{\"@id\":\"https:\\\/\\\/diariotextual.com\\\/inicio\\\/#organization\"},\"potentialAction\":[{\"@type\":\"SearchAction\",\"target\":{\"@type\":\"EntryPoint\",\"urlTemplate\":\"https:\\\/\\\/diariotextual.com\\\/inicio\\\/?s={search_term_string}\"},\"query-input\":{\"@type\":\"PropertyValueSpecification\",\"valueRequired\":true,\"valueName\":\"search_term_string\"}}],\"inLanguage\":\"es\"},{\"@type\":\"Organization\",\"@id\":\"https:\\\/\\\/diariotextual.com\\\/inicio\\\/#organization\",\"name\":\"Diario Textual\",\"url\":\"https:\\\/\\\/diariotextual.com\\\/inicio\\\/\",\"logo\":{\"@type\":\"ImageObject\",\"inLanguage\":\"es\",\"@id\":\"https:\\\/\\\/diariotextual.com\\\/inicio\\\/#\\\/schema\\\/logo\\\/image\\\/\",\"url\":\"https:\\\/\\\/diariotextual.com\\\/inicio\\\/wp-content\\\/uploads\\\/2023\\\/05\\\/logotextual1.jpg\",\"contentUrl\":\"https:\\\/\\\/diariotextual.com\\\/inicio\\\/wp-content\\\/uploads\\\/2023\\\/05\\\/logotextual1.jpg\",\"width\":516,\"height\":76,\"caption\":\"Diario Textual\"},\"image\":{\"@id\":\"https:\\\/\\\/diariotextual.com\\\/inicio\\\/#\\\/schema\\\/logo\\\/image\\\/\"},\"sameAs\":[\"https:\\\/\\\/www.facebook.com\\\/eltextual\",\"https:\\\/\\\/x.com\\\/eltextual\",\"http:\\\/\\\/www.instagram.com\\\/eltextual\"]},{\"@type\":\"Person\",\"@id\":\"https:\\\/\\\/diariotextual.com\\\/inicio\\\/#\\\/schema\\\/person\\\/a1b6f563e0ee944c60f98119389a4d9f\",\"name\":\"diario3\",\"image\":{\"@type\":\"ImageObject\",\"inLanguage\":\"es\",\"@id\":\"https:\\\/\\\/secure.gravatar.com\\\/avatar\\\/5e7ee62c82fc04d9dd79d746a390d93c69c43223e5faeeb3ea9461ef752bfc5d?s=96&d=mm&r=g\",\"url\":\"https:\\\/\\\/secure.gravatar.com\\\/avatar\\\/5e7ee62c82fc04d9dd79d746a390d93c69c43223e5faeeb3ea9461ef752bfc5d?s=96&d=mm&r=g\",\"contentUrl\":\"https:\\\/\\\/secure.gravatar.com\\\/avatar\\\/5e7ee62c82fc04d9dd79d746a390d93c69c43223e5faeeb3ea9461ef752bfc5d?s=96&d=mm&r=g\",\"caption\":\"diario3\"},\"url\":\"https:\\\/\\\/diariotextual.com\\\/inicio\\\/index.php\\\/author\\\/diario3\\\/\"}]}<\/script>\n<!-- \/ Yoast SEO plugin. -->","yoast_head_json":{"title":"Ziliotto firm\u00f3 contrato definitivo de venta de la ex planta Calzar - Diario Textual","robots":{"index":"index","follow":"follow","max-snippet":"max-snippet:-1","max-image-preview":"max-image-preview:large","max-video-preview":"max-video-preview:-1"},"canonical":"https:\/\/diariotextual.com\/inicio\/index.php\/2024\/01\/04\/ziliotto-firmo-contrato-definitivo-de-venta-de-la-ex-planta-calzar\/","og_locale":"es_ES","og_type":"article","og_title":"Ziliotto firm\u00f3 contrato definitivo de venta de la ex planta Calzar - Diario Textual","og_description":"El gobernador Sergio Ziliotto encabez\u00f3 este jueves la firma de los contratos de compra venta de la ex &#8211; planta Calzar, entre el Gobierno de La Pampa y las dos&hellip;","og_url":"https:\/\/diariotextual.com\/inicio\/index.php\/2024\/01\/04\/ziliotto-firmo-contrato-definitivo-de-venta-de-la-ex-planta-calzar\/","og_site_name":"Diario Textual","article_publisher":"https:\/\/www.facebook.com\/eltextual","article_published_time":"2024-01-04T23:28:14+00:00","article_modified_time":"2024-01-05T10:47:29+00:00","og_image":[{"width":900,"height":504,"url":"https:\/\/diariotextual.com\/inicio\/wp-content\/uploads\/2024\/01\/ziliottocalzar2024.jpg","type":"image\/jpeg"}],"author":"diario3","twitter_card":"summary_large_image","twitter_creator":"@eltextual","twitter_site":"@eltextual","twitter_misc":{"Escrito por":"diario3","Tiempo de lectura":"3 minutos"},"schema":{"@context":"https:\/\/schema.org","@graph":[{"@type":"Article","@id":"https:\/\/diariotextual.com\/inicio\/index.php\/2024\/01\/04\/ziliotto-firmo-contrato-definitivo-de-venta-de-la-ex-planta-calzar\/#article","isPartOf":{"@id":"https:\/\/diariotextual.com\/inicio\/index.php\/2024\/01\/04\/ziliotto-firmo-contrato-definitivo-de-venta-de-la-ex-planta-calzar\/"},"author":{"name":"diario3","@id":"https:\/\/diariotextual.com\/inicio\/#\/schema\/person\/a1b6f563e0ee944c60f98119389a4d9f"},"headline":"Ziliotto firm\u00f3 contrato definitivo de venta de la ex planta Calzar","datePublished":"2024-01-04T23:28:14+00:00","dateModified":"2024-01-05T10:47:29+00:00","mainEntityOfPage":{"@id":"https:\/\/diariotextual.com\/inicio\/index.php\/2024\/01\/04\/ziliotto-firmo-contrato-definitivo-de-venta-de-la-ex-planta-calzar\/"},"wordCount":550,"publisher":{"@id":"https:\/\/diariotextual.com\/inicio\/#organization"},"image":{"@id":"https:\/\/diariotextual.com\/inicio\/index.php\/2024\/01\/04\/ziliotto-firmo-contrato-definitivo-de-venta-de-la-ex-planta-calzar\/#primaryimage"},"thumbnailUrl":"https:\/\/diariotextual.com\/inicio\/wp-content\/uploads\/2024\/01\/ziliottocalzar2024.jpg","articleSection":["A - ES NOTICIA (van abajo)","POLITICA"],"inLanguage":"es"},{"@type":"WebPage","@id":"https:\/\/diariotextual.com\/inicio\/index.php\/2024\/01\/04\/ziliotto-firmo-contrato-definitivo-de-venta-de-la-ex-planta-calzar\/","url":"https:\/\/diariotextual.com\/inicio\/index.php\/2024\/01\/04\/ziliotto-firmo-contrato-definitivo-de-venta-de-la-ex-planta-calzar\/","name":"Ziliotto firm\u00f3 contrato definitivo de venta de la ex planta Calzar - Diario Textual","isPartOf":{"@id":"https:\/\/diariotextual.com\/inicio\/#website"},"primaryImageOfPage":{"@id":"https:\/\/diariotextual.com\/inicio\/index.php\/2024\/01\/04\/ziliotto-firmo-contrato-definitivo-de-venta-de-la-ex-planta-calzar\/#primaryimage"},"image":{"@id":"https:\/\/diariotextual.com\/inicio\/index.php\/2024\/01\/04\/ziliotto-firmo-contrato-definitivo-de-venta-de-la-ex-planta-calzar\/#primaryimage"},"thumbnailUrl":"https:\/\/diariotextual.com\/inicio\/wp-content\/uploads\/2024\/01\/ziliottocalzar2024.jpg","datePublished":"2024-01-04T23:28:14+00:00","dateModified":"2024-01-05T10:47:29+00:00","breadcrumb":{"@id":"https:\/\/diariotextual.com\/inicio\/index.php\/2024\/01\/04\/ziliotto-firmo-contrato-definitivo-de-venta-de-la-ex-planta-calzar\/#breadcrumb"},"inLanguage":"es","potentialAction":[{"@type":"ReadAction","target":["https:\/\/diariotextual.com\/inicio\/index.php\/2024\/01\/04\/ziliotto-firmo-contrato-definitivo-de-venta-de-la-ex-planta-calzar\/"]}]},{"@type":"ImageObject","inLanguage":"es","@id":"https:\/\/diariotextual.com\/inicio\/index.php\/2024\/01\/04\/ziliotto-firmo-contrato-definitivo-de-venta-de-la-ex-planta-calzar\/#primaryimage","url":"https:\/\/diariotextual.com\/inicio\/wp-content\/uploads\/2024\/01\/ziliottocalzar2024.jpg","contentUrl":"https:\/\/diariotextual.com\/inicio\/wp-content\/uploads\/2024\/01\/ziliottocalzar2024.jpg","width":900,"height":504},{"@type":"BreadcrumbList","@id":"https:\/\/diariotextual.com\/inicio\/index.php\/2024\/01\/04\/ziliotto-firmo-contrato-definitivo-de-venta-de-la-ex-planta-calzar\/#breadcrumb","itemListElement":[{"@type":"ListItem","position":1,"name":"Portada","item":"https:\/\/diariotextual.com\/inicio\/"},{"@type":"ListItem","position":2,"name":"Ziliotto firm\u00f3 contrato definitivo de venta de la ex planta Calzar"}]},{"@type":"WebSite","@id":"https:\/\/diariotextual.com\/inicio\/#website","url":"https:\/\/diariotextual.com\/inicio\/","name":"Diario Textual","description":"","publisher":{"@id":"https:\/\/diariotextual.com\/inicio\/#organization"},"potentialAction":[{"@type":"SearchAction","target":{"@type":"EntryPoint","urlTemplate":"https:\/\/diariotextual.com\/inicio\/?s={search_term_string}"},"query-input":{"@type":"PropertyValueSpecification","valueRequired":true,"valueName":"search_term_string"}}],"inLanguage":"es"},{"@type":"Organization","@id":"https:\/\/diariotextual.com\/inicio\/#organization","name":"Diario Textual","url":"https:\/\/diariotextual.com\/inicio\/","logo":{"@type":"ImageObject","inLanguage":"es","@id":"https:\/\/diariotextual.com\/inicio\/#\/schema\/logo\/image\/","url":"https:\/\/diariotextual.com\/inicio\/wp-content\/uploads\/2023\/05\/logotextual1.jpg","contentUrl":"https:\/\/diariotextual.com\/inicio\/wp-content\/uploads\/2023\/05\/logotextual1.jpg","width":516,"height":76,"caption":"Diario Textual"},"image":{"@id":"https:\/\/diariotextual.com\/inicio\/#\/schema\/logo\/image\/"},"sameAs":["https:\/\/www.facebook.com\/eltextual","https:\/\/x.com\/eltextual","http:\/\/www.instagram.com\/eltextual"]},{"@type":"Person","@id":"https:\/\/diariotextual.com\/inicio\/#\/schema\/person\/a1b6f563e0ee944c60f98119389a4d9f","name":"diario3","image":{"@type":"ImageObject","inLanguage":"es","@id":"https:\/\/secure.gravatar.com\/avatar\/5e7ee62c82fc04d9dd79d746a390d93c69c43223e5faeeb3ea9461ef752bfc5d?s=96&d=mm&r=g","url":"https:\/\/secure.gravatar.com\/avatar\/5e7ee62c82fc04d9dd79d746a390d93c69c43223e5faeeb3ea9461ef752bfc5d?s=96&d=mm&r=g","contentUrl":"https:\/\/secure.gravatar.com\/avatar\/5e7ee62c82fc04d9dd79d746a390d93c69c43223e5faeeb3ea9461ef752bfc5d?s=96&d=mm&r=g","caption":"diario3"},"url":"https:\/\/diariotextual.com\/inicio\/index.php\/author\/diario3\/"}]}},"_links":{"self":[{"href":"https:\/\/diariotextual.com\/inicio\/index.php\/wp-json\/wp\/v2\/posts\/250201","targetHints":{"allow":["GET"]}}],"collection":[{"href":"https:\/\/diariotextual.com\/inicio\/index.php\/wp-json\/wp\/v2\/posts"}],"about":[{"href":"https:\/\/diariotextual.com\/inicio\/index.php\/wp-json\/wp\/v2\/types\/post"}],"author":[{"embeddable":true,"href":"https:\/\/diariotextual.com\/inicio\/index.php\/wp-json\/wp\/v2\/users\/5"}],"replies":[{"embeddable":true,"href":"https:\/\/diariotextual.com\/inicio\/index.php\/wp-json\/wp\/v2\/comments?post=250201"}],"version-history":[{"count":1,"href":"https:\/\/diariotextual.com\/inicio\/index.php\/wp-json\/wp\/v2\/posts\/250201\/revisions"}],"predecessor-version":[{"id":250203,"href":"https:\/\/diariotextual.com\/inicio\/index.php\/wp-json\/wp\/v2\/posts\/250201\/revisions\/250203"}],"wp:featuredmedia":[{"embeddable":true,"href":"https:\/\/diariotextual.com\/inicio\/index.php\/wp-json\/wp\/v2\/media\/250202"}],"wp:attachment":[{"href":"https:\/\/diariotextual.com\/inicio\/index.php\/wp-json\/wp\/v2\/media?parent=250201"}],"wp:term":[{"taxonomy":"category","embeddable":true,"href":"https:\/\/diariotextual.com\/inicio\/index.php\/wp-json\/wp\/v2\/categories?post=250201"},{"taxonomy":"post_tag","embeddable":true,"href":"https:\/\/diariotextual.com\/inicio\/index.php\/wp-json\/wp\/v2\/tags?post=250201"}],"curies":[{"name":"wp","href":"https:\/\/api.w.org\/{rel}","templated":true}]}}