{"id":250229,"date":"2024-01-05T07:30:33","date_gmt":"2024-01-05T10:30:33","guid":{"rendered":"https:\/\/diariotextual.com\/inicio\/?p=250229"},"modified":"2024-01-05T07:32:10","modified_gmt":"2024-01-05T10:32:10","slug":"cecilia-pando-y-familiares-de-militares-presos-piden-a-milei-que-cumpla-con-su-promesa-de-liberar-represores","status":"publish","type":"post","link":"https:\/\/diariotextual.com\/inicio\/index.php\/2024\/01\/05\/cecilia-pando-y-familiares-de-militares-presos-piden-a-milei-que-cumpla-con-su-promesa-de-liberar-represores\/","title":{"rendered":"Cecilia Pando pide a Milei y Villarruel que cumplan con sus promesas de liberar represores"},"content":{"rendered":"\n<p>Familiares de militares presos le reclamaron al Gobierno que cumpla \u201ccon las promesas hechas\u201d en campa\u00f1a para la liberaci\u00f3n de los represores. El pedido fue encabezado por Cecilia Pando y la madre y la hermana de Alfredo Astiz, entre otras.<\/p>\n\n\n\n<p>A trav\u00e9s de una carta p\u00fablica, acusaron a las autoridades de haber abandonado \u201ca quienes lucharon\u201d en contra del \u201cterrorismo en los &#8217;70\u201d y recalcaron que, tanto Javier Milei como Victoria Villarruel, incumplen lo pactado.<\/p>\n\n\n\n<p>En esa l\u00ednea, expresaron que el festejo por el A\u00f1o Nuevo en Argentina fue \u201ca medias\u201d porque \u201cse cumplieron 20 a\u00f1os de injusta e ilegal prisi\u00f3n\u201d para los \u201csoldados que defendieron al pa\u00eds del terrorismo en los &#8217;70\u201d.<\/p>\n\n\n\n<p>\u201c\u00bfPor qu\u00e9 las autoridades no cumplen su promesa?\u201d, apuntaron los familiares de los condenados por delitos de lesa humanidad.<\/p>\n\n\n\n<p>\u201c\u00bfPor qu\u00e9 las autoridades no cumplen con las promesas hechas a los familiares de las v\u00edctimas del terrorismo judicial de hoy y abandonan a quienes lucharon tambi\u00e9n por la vida de ellos y los retienen presos hasta los 100 a\u00f1os sufriendo tratos crueles y degradantes?\u201d, insistieron.<\/p>\n\n\n\n<p>El texto cierra con una pregunta que apunta, sin mencionarla, a Victoria Villarruel: \u201c\u00bfEs que ya no corre por nuestras venas una sola gota de sangre?\u201d.<\/p>\n\n\n\n<p>La frase parece hacer alusi\u00f3n al padre de la vicepresidenta, Eduardo Marcelo Villarruel, quien fue teniente coronel de las FFAA y veterano de la Guerra de Malvinas.<\/p>\n\n\n\n<p><\/p>\n","protected":false},"excerpt":{"rendered":"<p>Familiares de militares presos le reclamaron al Gobierno que cumpla \u201ccon las promesas hechas\u201d en campa\u00f1a para la liberaci\u00f3n de los represores. El pedido fue encabezado por Cecilia Pando y&hellip;<\/p>\n","protected":false},"author":3,"featured_media":248282,"comment_status":"closed","ping_status":"open","sticky":false,"template":"","format":"standard","meta":{"_acf_changed":false,"footnotes":""},"categories":[1,8],"tags":[],"class_list":["post-250229","post","type-post","status-publish","format-standard","has-post-thumbnail","hentry","category-es-noticia","category-politica"],"acf":[],"yoast_head":"<!-- This site is optimized with the Yoast SEO plugin v27.5 - https:\/\/yoast.com\/product\/yoast-seo-wordpress\/ -->\n<title>Cecilia Pando pide a Milei y Villarruel que cumplan con sus promesas de liberar represores - Diario Textual<\/title>\n<meta name=\"robots\" content=\"index, follow, max-snippet:-1, max-image-preview:large, max-video-preview:-1\" \/>\n<link rel=\"canonical\" href=\"https:\/\/diariotextual.com\/inicio\/index.php\/2024\/01\/05\/cecilia-pando-y-familiares-de-militares-presos-piden-a-milei-que-cumpla-con-su-promesa-de-liberar-represores\/\" \/>\n<meta property=\"og:locale\" content=\"es_ES\" \/>\n<meta property=\"og:type\" content=\"article\" \/>\n<meta property=\"og:title\" content=\"Cecilia Pando pide a Milei y Villarruel que cumplan con sus promesas de liberar represores - Diario Textual\" \/>\n<meta property=\"og:description\" content=\"Familiares de militares presos le reclamaron al Gobierno que cumpla \u201ccon las promesas hechas\u201d en campa\u00f1a para la liberaci\u00f3n de los represores. El pedido fue encabezado por Cecilia Pando y&hellip;\" \/>\n<meta property=\"og:url\" content=\"https:\/\/diariotextual.com\/inicio\/index.php\/2024\/01\/05\/cecilia-pando-y-familiares-de-militares-presos-piden-a-milei-que-cumpla-con-su-promesa-de-liberar-represores\/\" \/>\n<meta property=\"og:site_name\" content=\"Diario Textual\" \/>\n<meta property=\"article:publisher\" content=\"https:\/\/www.facebook.com\/eltextual\" \/>\n<meta property=\"article:published_time\" content=\"2024-01-05T10:30:33+00:00\" \/>\n<meta property=\"article:modified_time\" content=\"2024-01-05T10:32:10+00:00\" \/>\n<meta property=\"og:image\" content=\"https:\/\/diariotextual.com\/inicio\/wp-content\/uploads\/2023\/12\/mileijaviervillarruelvictoriaasuncion2023-12.jpeg\" \/>\n\t<meta property=\"og:image:width\" content=\"1170\" \/>\n\t<meta property=\"og:image:height\" content=\"780\" \/>\n\t<meta property=\"og:image:type\" content=\"image\/jpeg\" \/>\n<meta name=\"author\" content=\"Diario1 Diario1\" \/>\n<meta name=\"twitter:card\" content=\"summary_large_image\" \/>\n<meta name=\"twitter:creator\" content=\"@eltextual\" \/>\n<meta name=\"twitter:site\" content=\"@eltextual\" \/>\n<meta name=\"twitter:label1\" content=\"Escrito por\" \/>\n\t<meta name=\"twitter:data1\" content=\"Diario1 Diario1\" \/>\n\t<meta name=\"twitter:label2\" content=\"Tiempo de lectura\" \/>\n\t<meta name=\"twitter:data2\" content=\"2 minutos\" \/>\n<script type=\"application\/ld+json\" class=\"yoast-schema-graph\">{\"@context\":\"https:\\\/\\\/schema.org\",\"@graph\":[{\"@type\":\"Article\",\"@id\":\"https:\\\/\\\/diariotextual.com\\\/inicio\\\/index.php\\\/2024\\\/01\\\/05\\\/cecilia-pando-y-familiares-de-militares-presos-piden-a-milei-que-cumpla-con-su-promesa-de-liberar-represores\\\/#article\",\"isPartOf\":{\"@id\":\"https:\\\/\\\/diariotextual.com\\\/inicio\\\/index.php\\\/2024\\\/01\\\/05\\\/cecilia-pando-y-familiares-de-militares-presos-piden-a-milei-que-cumpla-con-su-promesa-de-liberar-represores\\\/\"},\"author\":{\"name\":\"Diario1 Diario1\",\"@id\":\"https:\\\/\\\/diariotextual.com\\\/inicio\\\/#\\\/schema\\\/person\\\/418fc4093c33e86ed41562db3508f958\"},\"headline\":\"Cecilia Pando pide a Milei y Villarruel que cumplan con sus promesas de liberar represores\",\"datePublished\":\"2024-01-05T10:30:33+00:00\",\"dateModified\":\"2024-01-05T10:32:10+00:00\",\"mainEntityOfPage\":{\"@id\":\"https:\\\/\\\/diariotextual.com\\\/inicio\\\/index.php\\\/2024\\\/01\\\/05\\\/cecilia-pando-y-familiares-de-militares-presos-piden-a-milei-que-cumpla-con-su-promesa-de-liberar-represores\\\/\"},\"wordCount\":257,\"publisher\":{\"@id\":\"https:\\\/\\\/diariotextual.com\\\/inicio\\\/#organization\"},\"image\":{\"@id\":\"https:\\\/\\\/diariotextual.com\\\/inicio\\\/index.php\\\/2024\\\/01\\\/05\\\/cecilia-pando-y-familiares-de-militares-presos-piden-a-milei-que-cumpla-con-su-promesa-de-liberar-represores\\\/#primaryimage\"},\"thumbnailUrl\":\"https:\\\/\\\/diariotextual.com\\\/inicio\\\/wp-content\\\/uploads\\\/2023\\\/12\\\/mileijaviervillarruelvictoriaasuncion2023-12.jpeg\",\"articleSection\":[\"A - ES NOTICIA (van abajo)\",\"POLITICA\"],\"inLanguage\":\"es\"},{\"@type\":\"WebPage\",\"@id\":\"https:\\\/\\\/diariotextual.com\\\/inicio\\\/index.php\\\/2024\\\/01\\\/05\\\/cecilia-pando-y-familiares-de-militares-presos-piden-a-milei-que-cumpla-con-su-promesa-de-liberar-represores\\\/\",\"url\":\"https:\\\/\\\/diariotextual.com\\\/inicio\\\/index.php\\\/2024\\\/01\\\/05\\\/cecilia-pando-y-familiares-de-militares-presos-piden-a-milei-que-cumpla-con-su-promesa-de-liberar-represores\\\/\",\"name\":\"Cecilia Pando pide a Milei y Villarruel que cumplan con sus promesas de liberar represores - Diario Textual\",\"isPartOf\":{\"@id\":\"https:\\\/\\\/diariotextual.com\\\/inicio\\\/#website\"},\"primaryImageOfPage\":{\"@id\":\"https:\\\/\\\/diariotextual.com\\\/inicio\\\/index.php\\\/2024\\\/01\\\/05\\\/cecilia-pando-y-familiares-de-militares-presos-piden-a-milei-que-cumpla-con-su-promesa-de-liberar-represores\\\/#primaryimage\"},\"image\":{\"@id\":\"https:\\\/\\\/diariotextual.com\\\/inicio\\\/index.php\\\/2024\\\/01\\\/05\\\/cecilia-pando-y-familiares-de-militares-presos-piden-a-milei-que-cumpla-con-su-promesa-de-liberar-represores\\\/#primaryimage\"},\"thumbnailUrl\":\"https:\\\/\\\/diariotextual.com\\\/inicio\\\/wp-content\\\/uploads\\\/2023\\\/12\\\/mileijaviervillarruelvictoriaasuncion2023-12.jpeg\",\"datePublished\":\"2024-01-05T10:30:33+00:00\",\"dateModified\":\"2024-01-05T10:32:10+00:00\",\"breadcrumb\":{\"@id\":\"https:\\\/\\\/diariotextual.com\\\/inicio\\\/index.php\\\/2024\\\/01\\\/05\\\/cecilia-pando-y-familiares-de-militares-presos-piden-a-milei-que-cumpla-con-su-promesa-de-liberar-represores\\\/#breadcrumb\"},\"inLanguage\":\"es\",\"potentialAction\":[{\"@type\":\"ReadAction\",\"target\":[\"https:\\\/\\\/diariotextual.com\\\/inicio\\\/index.php\\\/2024\\\/01\\\/05\\\/cecilia-pando-y-familiares-de-militares-presos-piden-a-milei-que-cumpla-con-su-promesa-de-liberar-represores\\\/\"]}]},{\"@type\":\"ImageObject\",\"inLanguage\":\"es\",\"@id\":\"https:\\\/\\\/diariotextual.com\\\/inicio\\\/index.php\\\/2024\\\/01\\\/05\\\/cecilia-pando-y-familiares-de-militares-presos-piden-a-milei-que-cumpla-con-su-promesa-de-liberar-represores\\\/#primaryimage\",\"url\":\"https:\\\/\\\/diariotextual.com\\\/inicio\\\/wp-content\\\/uploads\\\/2023\\\/12\\\/mileijaviervillarruelvictoriaasuncion2023-12.jpeg\",\"contentUrl\":\"https:\\\/\\\/diariotextual.com\\\/inicio\\\/wp-content\\\/uploads\\\/2023\\\/12\\\/mileijaviervillarruelvictoriaasuncion2023-12.jpeg\",\"width\":1170,\"height\":780},{\"@type\":\"BreadcrumbList\",\"@id\":\"https:\\\/\\\/diariotextual.com\\\/inicio\\\/index.php\\\/2024\\\/01\\\/05\\\/cecilia-pando-y-familiares-de-militares-presos-piden-a-milei-que-cumpla-con-su-promesa-de-liberar-represores\\\/#breadcrumb\",\"itemListElement\":[{\"@type\":\"ListItem\",\"position\":1,\"name\":\"Portada\",\"item\":\"https:\\\/\\\/diariotextual.com\\\/inicio\\\/\"},{\"@type\":\"ListItem\",\"position\":2,\"name\":\"Cecilia Pando pide a Milei y Villarruel que cumplan con sus promesas de liberar represores\"}]},{\"@type\":\"WebSite\",\"@id\":\"https:\\\/\\\/diariotextual.com\\\/inicio\\\/#website\",\"url\":\"https:\\\/\\\/diariotextual.com\\\/inicio\\\/\",\"name\":\"Diario Textual\",\"description\":\"\",\"publisher\":{\"@id\":\"https:\\\/\\\/diariotextual.com\\\/inicio\\\/#organization\"},\"potentialAction\":[{\"@type\":\"SearchAction\",\"target\":{\"@type\":\"EntryPoint\",\"urlTemplate\":\"https:\\\/\\\/diariotextual.com\\\/inicio\\\/?s={search_term_string}\"},\"query-input\":{\"@type\":\"PropertyValueSpecification\",\"valueRequired\":true,\"valueName\":\"search_term_string\"}}],\"inLanguage\":\"es\"},{\"@type\":\"Organization\",\"@id\":\"https:\\\/\\\/diariotextual.com\\\/inicio\\\/#organization\",\"name\":\"Diario Textual\",\"url\":\"https:\\\/\\\/diariotextual.com\\\/inicio\\\/\",\"logo\":{\"@type\":\"ImageObject\",\"inLanguage\":\"es\",\"@id\":\"https:\\\/\\\/diariotextual.com\\\/inicio\\\/#\\\/schema\\\/logo\\\/image\\\/\",\"url\":\"https:\\\/\\\/diariotextual.com\\\/inicio\\\/wp-content\\\/uploads\\\/2023\\\/05\\\/logotextual1.jpg\",\"contentUrl\":\"https:\\\/\\\/diariotextual.com\\\/inicio\\\/wp-content\\\/uploads\\\/2023\\\/05\\\/logotextual1.jpg\",\"width\":516,\"height\":76,\"caption\":\"Diario Textual\"},\"image\":{\"@id\":\"https:\\\/\\\/diariotextual.com\\\/inicio\\\/#\\\/schema\\\/logo\\\/image\\\/\"},\"sameAs\":[\"https:\\\/\\\/www.facebook.com\\\/eltextual\",\"https:\\\/\\\/x.com\\\/eltextual\",\"http:\\\/\\\/www.instagram.com\\\/eltextual\"]},{\"@type\":\"Person\",\"@id\":\"https:\\\/\\\/diariotextual.com\\\/inicio\\\/#\\\/schema\\\/person\\\/418fc4093c33e86ed41562db3508f958\",\"name\":\"Diario1 Diario1\",\"image\":{\"@type\":\"ImageObject\",\"inLanguage\":\"es\",\"@id\":\"https:\\\/\\\/secure.gravatar.com\\\/avatar\\\/9167d280179c85bc18be67aa7eda765854300033af4896dd779b608640f2ef7a?s=96&d=mm&r=g\",\"url\":\"https:\\\/\\\/secure.gravatar.com\\\/avatar\\\/9167d280179c85bc18be67aa7eda765854300033af4896dd779b608640f2ef7a?s=96&d=mm&r=g\",\"contentUrl\":\"https:\\\/\\\/secure.gravatar.com\\\/avatar\\\/9167d280179c85bc18be67aa7eda765854300033af4896dd779b608640f2ef7a?s=96&d=mm&r=g\",\"caption\":\"Diario1 Diario1\"},\"url\":\"https:\\\/\\\/diariotextual.com\\\/inicio\\\/index.php\\\/author\\\/diario1\\\/\"}]}<\/script>\n<!-- \/ Yoast SEO plugin. -->","yoast_head_json":{"title":"Cecilia Pando pide a Milei y Villarruel que cumplan con sus promesas de liberar represores - Diario Textual","robots":{"index":"index","follow":"follow","max-snippet":"max-snippet:-1","max-image-preview":"max-image-preview:large","max-video-preview":"max-video-preview:-1"},"canonical":"https:\/\/diariotextual.com\/inicio\/index.php\/2024\/01\/05\/cecilia-pando-y-familiares-de-militares-presos-piden-a-milei-que-cumpla-con-su-promesa-de-liberar-represores\/","og_locale":"es_ES","og_type":"article","og_title":"Cecilia Pando pide a Milei y Villarruel que cumplan con sus promesas de liberar represores - Diario Textual","og_description":"Familiares de militares presos le reclamaron al Gobierno que cumpla \u201ccon las promesas hechas\u201d en campa\u00f1a para la liberaci\u00f3n de los represores. El pedido fue encabezado por Cecilia Pando y&hellip;","og_url":"https:\/\/diariotextual.com\/inicio\/index.php\/2024\/01\/05\/cecilia-pando-y-familiares-de-militares-presos-piden-a-milei-que-cumpla-con-su-promesa-de-liberar-represores\/","og_site_name":"Diario Textual","article_publisher":"https:\/\/www.facebook.com\/eltextual","article_published_time":"2024-01-05T10:30:33+00:00","article_modified_time":"2024-01-05T10:32:10+00:00","og_image":[{"width":1170,"height":780,"url":"https:\/\/diariotextual.com\/inicio\/wp-content\/uploads\/2023\/12\/mileijaviervillarruelvictoriaasuncion2023-12.jpeg","type":"image\/jpeg"}],"author":"Diario1 Diario1","twitter_card":"summary_large_image","twitter_creator":"@eltextual","twitter_site":"@eltextual","twitter_misc":{"Escrito por":"Diario1 Diario1","Tiempo de lectura":"2 minutos"},"schema":{"@context":"https:\/\/schema.org","@graph":[{"@type":"Article","@id":"https:\/\/diariotextual.com\/inicio\/index.php\/2024\/01\/05\/cecilia-pando-y-familiares-de-militares-presos-piden-a-milei-que-cumpla-con-su-promesa-de-liberar-represores\/#article","isPartOf":{"@id":"https:\/\/diariotextual.com\/inicio\/index.php\/2024\/01\/05\/cecilia-pando-y-familiares-de-militares-presos-piden-a-milei-que-cumpla-con-su-promesa-de-liberar-represores\/"},"author":{"name":"Diario1 Diario1","@id":"https:\/\/diariotextual.com\/inicio\/#\/schema\/person\/418fc4093c33e86ed41562db3508f958"},"headline":"Cecilia Pando pide a Milei y Villarruel que cumplan con sus promesas de liberar represores","datePublished":"2024-01-05T10:30:33+00:00","dateModified":"2024-01-05T10:32:10+00:00","mainEntityOfPage":{"@id":"https:\/\/diariotextual.com\/inicio\/index.php\/2024\/01\/05\/cecilia-pando-y-familiares-de-militares-presos-piden-a-milei-que-cumpla-con-su-promesa-de-liberar-represores\/"},"wordCount":257,"publisher":{"@id":"https:\/\/diariotextual.com\/inicio\/#organization"},"image":{"@id":"https:\/\/diariotextual.com\/inicio\/index.php\/2024\/01\/05\/cecilia-pando-y-familiares-de-militares-presos-piden-a-milei-que-cumpla-con-su-promesa-de-liberar-represores\/#primaryimage"},"thumbnailUrl":"https:\/\/diariotextual.com\/inicio\/wp-content\/uploads\/2023\/12\/mileijaviervillarruelvictoriaasuncion2023-12.jpeg","articleSection":["A - ES NOTICIA (van abajo)","POLITICA"],"inLanguage":"es"},{"@type":"WebPage","@id":"https:\/\/diariotextual.com\/inicio\/index.php\/2024\/01\/05\/cecilia-pando-y-familiares-de-militares-presos-piden-a-milei-que-cumpla-con-su-promesa-de-liberar-represores\/","url":"https:\/\/diariotextual.com\/inicio\/index.php\/2024\/01\/05\/cecilia-pando-y-familiares-de-militares-presos-piden-a-milei-que-cumpla-con-su-promesa-de-liberar-represores\/","name":"Cecilia Pando pide a Milei y Villarruel que cumplan con sus promesas de liberar represores - Diario Textual","isPartOf":{"@id":"https:\/\/diariotextual.com\/inicio\/#website"},"primaryImageOfPage":{"@id":"https:\/\/diariotextual.com\/inicio\/index.php\/2024\/01\/05\/cecilia-pando-y-familiares-de-militares-presos-piden-a-milei-que-cumpla-con-su-promesa-de-liberar-represores\/#primaryimage"},"image":{"@id":"https:\/\/diariotextual.com\/inicio\/index.php\/2024\/01\/05\/cecilia-pando-y-familiares-de-militares-presos-piden-a-milei-que-cumpla-con-su-promesa-de-liberar-represores\/#primaryimage"},"thumbnailUrl":"https:\/\/diariotextual.com\/inicio\/wp-content\/uploads\/2023\/12\/mileijaviervillarruelvictoriaasuncion2023-12.jpeg","datePublished":"2024-01-05T10:30:33+00:00","dateModified":"2024-01-05T10:32:10+00:00","breadcrumb":{"@id":"https:\/\/diariotextual.com\/inicio\/index.php\/2024\/01\/05\/cecilia-pando-y-familiares-de-militares-presos-piden-a-milei-que-cumpla-con-su-promesa-de-liberar-represores\/#breadcrumb"},"inLanguage":"es","potentialAction":[{"@type":"ReadAction","target":["https:\/\/diariotextual.com\/inicio\/index.php\/2024\/01\/05\/cecilia-pando-y-familiares-de-militares-presos-piden-a-milei-que-cumpla-con-su-promesa-de-liberar-represores\/"]}]},{"@type":"ImageObject","inLanguage":"es","@id":"https:\/\/diariotextual.com\/inicio\/index.php\/2024\/01\/05\/cecilia-pando-y-familiares-de-militares-presos-piden-a-milei-que-cumpla-con-su-promesa-de-liberar-represores\/#primaryimage","url":"https:\/\/diariotextual.com\/inicio\/wp-content\/uploads\/2023\/12\/mileijaviervillarruelvictoriaasuncion2023-12.jpeg","contentUrl":"https:\/\/diariotextual.com\/inicio\/wp-content\/uploads\/2023\/12\/mileijaviervillarruelvictoriaasuncion2023-12.jpeg","width":1170,"height":780},{"@type":"BreadcrumbList","@id":"https:\/\/diariotextual.com\/inicio\/index.php\/2024\/01\/05\/cecilia-pando-y-familiares-de-militares-presos-piden-a-milei-que-cumpla-con-su-promesa-de-liberar-represores\/#breadcrumb","itemListElement":[{"@type":"ListItem","position":1,"name":"Portada","item":"https:\/\/diariotextual.com\/inicio\/"},{"@type":"ListItem","position":2,"name":"Cecilia Pando pide a Milei y Villarruel que cumplan con sus promesas de liberar represores"}]},{"@type":"WebSite","@id":"https:\/\/diariotextual.com\/inicio\/#website","url":"https:\/\/diariotextual.com\/inicio\/","name":"Diario Textual","description":"","publisher":{"@id":"https:\/\/diariotextual.com\/inicio\/#organization"},"potentialAction":[{"@type":"SearchAction","target":{"@type":"EntryPoint","urlTemplate":"https:\/\/diariotextual.com\/inicio\/?s={search_term_string}"},"query-input":{"@type":"PropertyValueSpecification","valueRequired":true,"valueName":"search_term_string"}}],"inLanguage":"es"},{"@type":"Organization","@id":"https:\/\/diariotextual.com\/inicio\/#organization","name":"Diario Textual","url":"https:\/\/diariotextual.com\/inicio\/","logo":{"@type":"ImageObject","inLanguage":"es","@id":"https:\/\/diariotextual.com\/inicio\/#\/schema\/logo\/image\/","url":"https:\/\/diariotextual.com\/inicio\/wp-content\/uploads\/2023\/05\/logotextual1.jpg","contentUrl":"https:\/\/diariotextual.com\/inicio\/wp-content\/uploads\/2023\/05\/logotextual1.jpg","width":516,"height":76,"caption":"Diario Textual"},"image":{"@id":"https:\/\/diariotextual.com\/inicio\/#\/schema\/logo\/image\/"},"sameAs":["https:\/\/www.facebook.com\/eltextual","https:\/\/x.com\/eltextual","http:\/\/www.instagram.com\/eltextual"]},{"@type":"Person","@id":"https:\/\/diariotextual.com\/inicio\/#\/schema\/person\/418fc4093c33e86ed41562db3508f958","name":"Diario1 Diario1","image":{"@type":"ImageObject","inLanguage":"es","@id":"https:\/\/secure.gravatar.com\/avatar\/9167d280179c85bc18be67aa7eda765854300033af4896dd779b608640f2ef7a?s=96&d=mm&r=g","url":"https:\/\/secure.gravatar.com\/avatar\/9167d280179c85bc18be67aa7eda765854300033af4896dd779b608640f2ef7a?s=96&d=mm&r=g","contentUrl":"https:\/\/secure.gravatar.com\/avatar\/9167d280179c85bc18be67aa7eda765854300033af4896dd779b608640f2ef7a?s=96&d=mm&r=g","caption":"Diario1 Diario1"},"url":"https:\/\/diariotextual.com\/inicio\/index.php\/author\/diario1\/"}]}},"_links":{"self":[{"href":"https:\/\/diariotextual.com\/inicio\/index.php\/wp-json\/wp\/v2\/posts\/250229","targetHints":{"allow":["GET"]}}],"collection":[{"href":"https:\/\/diariotextual.com\/inicio\/index.php\/wp-json\/wp\/v2\/posts"}],"about":[{"href":"https:\/\/diariotextual.com\/inicio\/index.php\/wp-json\/wp\/v2\/types\/post"}],"author":[{"embeddable":true,"href":"https:\/\/diariotextual.com\/inicio\/index.php\/wp-json\/wp\/v2\/users\/3"}],"replies":[{"embeddable":true,"href":"https:\/\/diariotextual.com\/inicio\/index.php\/wp-json\/wp\/v2\/comments?post=250229"}],"version-history":[{"count":2,"href":"https:\/\/diariotextual.com\/inicio\/index.php\/wp-json\/wp\/v2\/posts\/250229\/revisions"}],"predecessor-version":[{"id":250231,"href":"https:\/\/diariotextual.com\/inicio\/index.php\/wp-json\/wp\/v2\/posts\/250229\/revisions\/250231"}],"wp:featuredmedia":[{"embeddable":true,"href":"https:\/\/diariotextual.com\/inicio\/index.php\/wp-json\/wp\/v2\/media\/248282"}],"wp:attachment":[{"href":"https:\/\/diariotextual.com\/inicio\/index.php\/wp-json\/wp\/v2\/media?parent=250229"}],"wp:term":[{"taxonomy":"category","embeddable":true,"href":"https:\/\/diariotextual.com\/inicio\/index.php\/wp-json\/wp\/v2\/categories?post=250229"},{"taxonomy":"post_tag","embeddable":true,"href":"https:\/\/diariotextual.com\/inicio\/index.php\/wp-json\/wp\/v2\/tags?post=250229"}],"curies":[{"name":"wp","href":"https:\/\/api.w.org\/{rel}","templated":true}]}}