{"id":250350,"date":"2024-01-06T06:25:27","date_gmt":"2024-01-06T09:25:27","guid":{"rendered":"https:\/\/diariotextual.com\/inicio\/?p=250350"},"modified":"2024-01-06T06:38:30","modified_gmt":"2024-01-06T09:38:30","slug":"ahora-que-no-cuorum-ni-tiene-plata-convoca-a-la-oposicion","status":"publish","type":"post","link":"https:\/\/diariotextual.com\/inicio\/index.php\/2024\/01\/06\/ahora-que-no-cuorum-ni-tiene-plata-convoca-a-la-oposicion\/","title":{"rendered":"\u201cAhora que no tiene cu\u00f3rum ni tiene plata, convoca a la oposici\u00f3n\u201d"},"content":{"rendered":"\n<p>La diputada provincial,<strong> Mar\u00eda Laura Trapagalia<\/strong>, en su car\u00e1cter de miembro del Consejo Directivo del PRO, particip\u00f3 este viernes de <strong><a href=\"https:\/\/diariotextual.com\/inicio\/index.php\/2024\/01\/05\/ajustazo-de-milei-ziliotto-se-reune-con-partidos-politicos-y-autoconvocados-llaman-a-protestar\/\" target=\"_blank\" rel=\"noreferrer noopener\">una reuni\u00f3n convocada por el Poder Ejecutivo de La Pampa<\/a><\/strong>.<\/p>\n\n\n\n<p>El objetivo de la reuni\u00f3n fue informar y analizar el impacto institucional, social y econ\u00f3mico de las medidas propuestas y en parte implementadas por el Poder Ejecutivo Nacional para el pa\u00eds, y espec\u00edficamente el impacto de las mismas en la provincia de La Pampa. Seg\u00fan relataron los presentes en el encuentro, el gobernador<strong> Sergio Ziliotto<\/strong> manifest\u00f3 su preocupaci\u00f3n por el DNU y la falta de debate en torno al contenido del decreto. Asimismo, Zillioto pidi\u00f3 por el debate en profundidad del proyecto de Ley \u00d3mnibus que propuso el gobierno del presidente Javier Milei. Seg\u00fan se comunic\u00f3, todos apoyaron la necesidad de que los temas se debatan en el Congreso.<\/p>\n\n\n\n<p>Al finalizar, Trapaglia dio su punto de vista. \u201cAgradecemos la invitaci\u00f3n a la reuni\u00f3n. Vivimos en democracia y es muy importante que se nos convoque, siendo que siempre queremos lo mejor para todos los pampeanos y pampeanas que han puesto su voto de confianza en nosotros para representarlos como legisladores a nivel provincial\u201d, dijo.<\/p>\n\n\n\n<p>\u201cAhora que no cuentan con el apoyo del Gobierno Nacional, no tienen cu\u00f3rum en la C\u00e1mara de Diputados y no les sobra un peso para gestionar, tuvieron que llamar a la oposici\u00f3n a dialogar\u201d, enfatiz\u00f3 Trapaglia. \u201cTal como se lo dijimos al gobernador, siempre van a contar con nosotros para el debate de ideas, trabajar en la calidad institucional y defender los valores democr\u00e1ticos. Pero es una l\u00e1stima que este no sea el comportamiento que se vio estos a\u00f1os en la legislatura de la provincia\u201d.<\/p>\n\n\n\n<p>\u201cEl gobernador critic\u00f3 la forma en la que se present\u00f3 el proyecto de ley \u00f3mnibus en el Congreso Nacional; sin embargo le se\u00f1alamos que precisamente el Presupuesto provincial tambi\u00e9n se trat\u00f3 de una ley \u00f3mnibus que incluy\u00f3 un mont\u00f3n de otras cuestiones, entre ellas de delegaci\u00f3n de funciones legislativas, violando la exclusividad que tiene que tener el tratamiento del presupuesto\u201d, expres\u00f3.<\/p>\n\n\n\n<p>En relaci\u00f3n a la situaci\u00f3n de la provincia, Trapaglia se mostr\u00f3 a favor de reordenar los recursos de La Pampa. \u201cSiempre con el menor costo social posible y que a largo plazo sea beneficioso para todos\u201d, dijo. \u201cNo se trata de gastar m\u00e1s o menos, sino de gastar mejor\u201d, destac\u00f3.<\/p>\n\n\n\n<p>\u201cNo dejamos pasar la oportunidad, para manifestarle al gobernador la necesidad del urgente tratamiento del proyecto de Ficha Limpia, una deuda que tenemos todos los dirigentes con los pampeanos y que es fundamental para promover la transparencia e integridad de los representantes de nuestra provincia\u201d, finaliz\u00f3 Trapaglia.<\/p>\n\n\n\n<figure class=\"wp-block-embed is-type-wp-embed is-provider-diario-textual wp-block-embed-diario-textual\"><div class=\"wp-block-embed__wrapper\">\n<blockquote class=\"wp-embedded-content\" data-secret=\"Ox9NEuozKG\"><a href=\"https:\/\/diariotextual.com\/inicio\/index.php\/2024\/01\/05\/ajustazo-de-milei-ziliotto-se-reune-con-partidos-politicos-y-autoconvocados-llaman-a-protestar\/\">Ziliotto y los partidos pol\u00edticos coincidieron en la defensa del Congreso nacional<\/a><\/blockquote><iframe class=\"wp-embedded-content\" sandbox=\"allow-scripts\" security=\"restricted\" style=\"position: absolute; clip: rect(1px, 1px, 1px, 1px);\" title=\"\u00abZiliotto y los partidos pol\u00edticos coincidieron en la defensa del Congreso nacional\u00bb \u2014 Diario Textual\" src=\"https:\/\/diariotextual.com\/inicio\/index.php\/2024\/01\/05\/ajustazo-de-milei-ziliotto-se-reune-con-partidos-politicos-y-autoconvocados-llaman-a-protestar\/embed\/#?secret=R70PDhUkYk#?secret=Ox9NEuozKG\" data-secret=\"Ox9NEuozKG\" width=\"600\" height=\"338\" frameborder=\"0\" marginwidth=\"0\" marginheight=\"0\" scrolling=\"no\"><\/iframe>\n<\/div><\/figure>\n\n\n\n<p><\/p>\n","protected":false},"excerpt":{"rendered":"<p>La diputada provincial, Mar\u00eda Laura Trapagalia, en su car\u00e1cter de miembro del Consejo Directivo del PRO, particip\u00f3 este viernes de una reuni\u00f3n convocada por el Poder Ejecutivo de La Pampa.&hellip;<\/p>\n","protected":false},"author":3,"featured_media":250354,"comment_status":"closed","ping_status":"open","sticky":false,"template":"","format":"standard","meta":{"_acf_changed":false,"footnotes":""},"categories":[1,8],"tags":[],"class_list":["post-250350","post","type-post","status-publish","format-standard","has-post-thumbnail","hentry","category-es-noticia","category-politica"],"acf":[],"yoast_head":"<!-- This site is optimized with the Yoast SEO plugin v27.5 - https:\/\/yoast.com\/product\/yoast-seo-wordpress\/ -->\n<title>\u201cAhora que no tiene cu\u00f3rum ni tiene plata, convoca a la oposici\u00f3n\u201d - Diario Textual<\/title>\n<meta name=\"robots\" content=\"index, follow, max-snippet:-1, max-image-preview:large, max-video-preview:-1\" \/>\n<link rel=\"canonical\" href=\"https:\/\/diariotextual.com\/inicio\/index.php\/2024\/01\/06\/ahora-que-no-cuorum-ni-tiene-plata-convoca-a-la-oposicion\/\" \/>\n<meta property=\"og:locale\" content=\"es_ES\" \/>\n<meta property=\"og:type\" content=\"article\" \/>\n<meta property=\"og:title\" content=\"\u201cAhora que no tiene cu\u00f3rum ni tiene plata, convoca a la oposici\u00f3n\u201d - Diario Textual\" \/>\n<meta property=\"og:description\" content=\"La diputada provincial, Mar\u00eda Laura Trapagalia, en su car\u00e1cter de miembro del Consejo Directivo del PRO, particip\u00f3 este viernes de una reuni\u00f3n convocada por el Poder Ejecutivo de La Pampa.&hellip;\" \/>\n<meta property=\"og:url\" content=\"https:\/\/diariotextual.com\/inicio\/index.php\/2024\/01\/06\/ahora-que-no-cuorum-ni-tiene-plata-convoca-a-la-oposicion\/\" \/>\n<meta property=\"og:site_name\" content=\"Diario Textual\" \/>\n<meta property=\"article:publisher\" content=\"https:\/\/www.facebook.com\/eltextual\" \/>\n<meta property=\"article:published_time\" content=\"2024-01-06T09:25:27+00:00\" \/>\n<meta property=\"article:modified_time\" content=\"2024-01-06T09:38:30+00:00\" \/>\n<meta property=\"og:image\" content=\"https:\/\/diariotextual.com\/inicio\/wp-content\/uploads\/2024\/01\/ziliottosergiopartidospoliticosdnumilei2024-2.jpg\" \/>\n\t<meta property=\"og:image:width\" content=\"1500\" \/>\n\t<meta property=\"og:image:height\" content=\"1000\" \/>\n\t<meta property=\"og:image:type\" content=\"image\/jpeg\" \/>\n<meta name=\"author\" content=\"Diario1 Diario1\" \/>\n<meta name=\"twitter:card\" content=\"summary_large_image\" \/>\n<meta name=\"twitter:creator\" content=\"@eltextual\" \/>\n<meta name=\"twitter:site\" content=\"@eltextual\" \/>\n<meta name=\"twitter:label1\" content=\"Escrito por\" \/>\n\t<meta name=\"twitter:data1\" content=\"Diario1 Diario1\" \/>\n\t<meta name=\"twitter:label2\" content=\"Tiempo de lectura\" \/>\n\t<meta name=\"twitter:data2\" content=\"1 minuto\" \/>\n<script type=\"application\/ld+json\" class=\"yoast-schema-graph\">{\"@context\":\"https:\\\/\\\/schema.org\",\"@graph\":[{\"@type\":\"Article\",\"@id\":\"https:\\\/\\\/diariotextual.com\\\/inicio\\\/index.php\\\/2024\\\/01\\\/06\\\/ahora-que-no-cuorum-ni-tiene-plata-convoca-a-la-oposicion\\\/#article\",\"isPartOf\":{\"@id\":\"https:\\\/\\\/diariotextual.com\\\/inicio\\\/index.php\\\/2024\\\/01\\\/06\\\/ahora-que-no-cuorum-ni-tiene-plata-convoca-a-la-oposicion\\\/\"},\"author\":{\"name\":\"Diario1 Diario1\",\"@id\":\"https:\\\/\\\/diariotextual.com\\\/inicio\\\/#\\\/schema\\\/person\\\/418fc4093c33e86ed41562db3508f958\"},\"headline\":\"\u201cAhora que no tiene cu\u00f3rum ni tiene plata, convoca a la oposici\u00f3n\u201d\",\"datePublished\":\"2024-01-06T09:25:27+00:00\",\"dateModified\":\"2024-01-06T09:38:30+00:00\",\"mainEntityOfPage\":{\"@id\":\"https:\\\/\\\/diariotextual.com\\\/inicio\\\/index.php\\\/2024\\\/01\\\/06\\\/ahora-que-no-cuorum-ni-tiene-plata-convoca-a-la-oposicion\\\/\"},\"wordCount\":482,\"publisher\":{\"@id\":\"https:\\\/\\\/diariotextual.com\\\/inicio\\\/#organization\"},\"image\":{\"@id\":\"https:\\\/\\\/diariotextual.com\\\/inicio\\\/index.php\\\/2024\\\/01\\\/06\\\/ahora-que-no-cuorum-ni-tiene-plata-convoca-a-la-oposicion\\\/#primaryimage\"},\"thumbnailUrl\":\"https:\\\/\\\/diariotextual.com\\\/inicio\\\/wp-content\\\/uploads\\\/2024\\\/01\\\/ziliottosergiopartidospoliticosdnumilei2024-2.jpg\",\"articleSection\":[\"A - ES NOTICIA (van abajo)\",\"POLITICA\"],\"inLanguage\":\"es\"},{\"@type\":\"WebPage\",\"@id\":\"https:\\\/\\\/diariotextual.com\\\/inicio\\\/index.php\\\/2024\\\/01\\\/06\\\/ahora-que-no-cuorum-ni-tiene-plata-convoca-a-la-oposicion\\\/\",\"url\":\"https:\\\/\\\/diariotextual.com\\\/inicio\\\/index.php\\\/2024\\\/01\\\/06\\\/ahora-que-no-cuorum-ni-tiene-plata-convoca-a-la-oposicion\\\/\",\"name\":\"\u201cAhora que no tiene cu\u00f3rum ni tiene plata, convoca a la oposici\u00f3n\u201d - Diario Textual\",\"isPartOf\":{\"@id\":\"https:\\\/\\\/diariotextual.com\\\/inicio\\\/#website\"},\"primaryImageOfPage\":{\"@id\":\"https:\\\/\\\/diariotextual.com\\\/inicio\\\/index.php\\\/2024\\\/01\\\/06\\\/ahora-que-no-cuorum-ni-tiene-plata-convoca-a-la-oposicion\\\/#primaryimage\"},\"image\":{\"@id\":\"https:\\\/\\\/diariotextual.com\\\/inicio\\\/index.php\\\/2024\\\/01\\\/06\\\/ahora-que-no-cuorum-ni-tiene-plata-convoca-a-la-oposicion\\\/#primaryimage\"},\"thumbnailUrl\":\"https:\\\/\\\/diariotextual.com\\\/inicio\\\/wp-content\\\/uploads\\\/2024\\\/01\\\/ziliottosergiopartidospoliticosdnumilei2024-2.jpg\",\"datePublished\":\"2024-01-06T09:25:27+00:00\",\"dateModified\":\"2024-01-06T09:38:30+00:00\",\"breadcrumb\":{\"@id\":\"https:\\\/\\\/diariotextual.com\\\/inicio\\\/index.php\\\/2024\\\/01\\\/06\\\/ahora-que-no-cuorum-ni-tiene-plata-convoca-a-la-oposicion\\\/#breadcrumb\"},\"inLanguage\":\"es\",\"potentialAction\":[{\"@type\":\"ReadAction\",\"target\":[\"https:\\\/\\\/diariotextual.com\\\/inicio\\\/index.php\\\/2024\\\/01\\\/06\\\/ahora-que-no-cuorum-ni-tiene-plata-convoca-a-la-oposicion\\\/\"]}]},{\"@type\":\"ImageObject\",\"inLanguage\":\"es\",\"@id\":\"https:\\\/\\\/diariotextual.com\\\/inicio\\\/index.php\\\/2024\\\/01\\\/06\\\/ahora-que-no-cuorum-ni-tiene-plata-convoca-a-la-oposicion\\\/#primaryimage\",\"url\":\"https:\\\/\\\/diariotextual.com\\\/inicio\\\/wp-content\\\/uploads\\\/2024\\\/01\\\/ziliottosergiopartidospoliticosdnumilei2024-2.jpg\",\"contentUrl\":\"https:\\\/\\\/diariotextual.com\\\/inicio\\\/wp-content\\\/uploads\\\/2024\\\/01\\\/ziliottosergiopartidospoliticosdnumilei2024-2.jpg\",\"width\":1500,\"height\":1000},{\"@type\":\"BreadcrumbList\",\"@id\":\"https:\\\/\\\/diariotextual.com\\\/inicio\\\/index.php\\\/2024\\\/01\\\/06\\\/ahora-que-no-cuorum-ni-tiene-plata-convoca-a-la-oposicion\\\/#breadcrumb\",\"itemListElement\":[{\"@type\":\"ListItem\",\"position\":1,\"name\":\"Portada\",\"item\":\"https:\\\/\\\/diariotextual.com\\\/inicio\\\/\"},{\"@type\":\"ListItem\",\"position\":2,\"name\":\"\u201cAhora que no tiene cu\u00f3rum ni tiene plata, convoca a la oposici\u00f3n\u201d\"}]},{\"@type\":\"WebSite\",\"@id\":\"https:\\\/\\\/diariotextual.com\\\/inicio\\\/#website\",\"url\":\"https:\\\/\\\/diariotextual.com\\\/inicio\\\/\",\"name\":\"Diario Textual\",\"description\":\"\",\"publisher\":{\"@id\":\"https:\\\/\\\/diariotextual.com\\\/inicio\\\/#organization\"},\"potentialAction\":[{\"@type\":\"SearchAction\",\"target\":{\"@type\":\"EntryPoint\",\"urlTemplate\":\"https:\\\/\\\/diariotextual.com\\\/inicio\\\/?s={search_term_string}\"},\"query-input\":{\"@type\":\"PropertyValueSpecification\",\"valueRequired\":true,\"valueName\":\"search_term_string\"}}],\"inLanguage\":\"es\"},{\"@type\":\"Organization\",\"@id\":\"https:\\\/\\\/diariotextual.com\\\/inicio\\\/#organization\",\"name\":\"Diario Textual\",\"url\":\"https:\\\/\\\/diariotextual.com\\\/inicio\\\/\",\"logo\":{\"@type\":\"ImageObject\",\"inLanguage\":\"es\",\"@id\":\"https:\\\/\\\/diariotextual.com\\\/inicio\\\/#\\\/schema\\\/logo\\\/image\\\/\",\"url\":\"https:\\\/\\\/diariotextual.com\\\/inicio\\\/wp-content\\\/uploads\\\/2023\\\/05\\\/logotextual1.jpg\",\"contentUrl\":\"https:\\\/\\\/diariotextual.com\\\/inicio\\\/wp-content\\\/uploads\\\/2023\\\/05\\\/logotextual1.jpg\",\"width\":516,\"height\":76,\"caption\":\"Diario Textual\"},\"image\":{\"@id\":\"https:\\\/\\\/diariotextual.com\\\/inicio\\\/#\\\/schema\\\/logo\\\/image\\\/\"},\"sameAs\":[\"https:\\\/\\\/www.facebook.com\\\/eltextual\",\"https:\\\/\\\/x.com\\\/eltextual\",\"http:\\\/\\\/www.instagram.com\\\/eltextual\"]},{\"@type\":\"Person\",\"@id\":\"https:\\\/\\\/diariotextual.com\\\/inicio\\\/#\\\/schema\\\/person\\\/418fc4093c33e86ed41562db3508f958\",\"name\":\"Diario1 Diario1\",\"image\":{\"@type\":\"ImageObject\",\"inLanguage\":\"es\",\"@id\":\"https:\\\/\\\/secure.gravatar.com\\\/avatar\\\/9167d280179c85bc18be67aa7eda765854300033af4896dd779b608640f2ef7a?s=96&d=mm&r=g\",\"url\":\"https:\\\/\\\/secure.gravatar.com\\\/avatar\\\/9167d280179c85bc18be67aa7eda765854300033af4896dd779b608640f2ef7a?s=96&d=mm&r=g\",\"contentUrl\":\"https:\\\/\\\/secure.gravatar.com\\\/avatar\\\/9167d280179c85bc18be67aa7eda765854300033af4896dd779b608640f2ef7a?s=96&d=mm&r=g\",\"caption\":\"Diario1 Diario1\"},\"url\":\"https:\\\/\\\/diariotextual.com\\\/inicio\\\/index.php\\\/author\\\/diario1\\\/\"}]}<\/script>\n<!-- \/ Yoast SEO plugin. -->","yoast_head_json":{"title":"\u201cAhora que no tiene cu\u00f3rum ni tiene plata, convoca a la oposici\u00f3n\u201d - Diario Textual","robots":{"index":"index","follow":"follow","max-snippet":"max-snippet:-1","max-image-preview":"max-image-preview:large","max-video-preview":"max-video-preview:-1"},"canonical":"https:\/\/diariotextual.com\/inicio\/index.php\/2024\/01\/06\/ahora-que-no-cuorum-ni-tiene-plata-convoca-a-la-oposicion\/","og_locale":"es_ES","og_type":"article","og_title":"\u201cAhora que no tiene cu\u00f3rum ni tiene plata, convoca a la oposici\u00f3n\u201d - Diario Textual","og_description":"La diputada provincial, Mar\u00eda Laura Trapagalia, en su car\u00e1cter de miembro del Consejo Directivo del PRO, particip\u00f3 este viernes de una reuni\u00f3n convocada por el Poder Ejecutivo de La Pampa.&hellip;","og_url":"https:\/\/diariotextual.com\/inicio\/index.php\/2024\/01\/06\/ahora-que-no-cuorum-ni-tiene-plata-convoca-a-la-oposicion\/","og_site_name":"Diario Textual","article_publisher":"https:\/\/www.facebook.com\/eltextual","article_published_time":"2024-01-06T09:25:27+00:00","article_modified_time":"2024-01-06T09:38:30+00:00","og_image":[{"width":1500,"height":1000,"url":"https:\/\/diariotextual.com\/inicio\/wp-content\/uploads\/2024\/01\/ziliottosergiopartidospoliticosdnumilei2024-2.jpg","type":"image\/jpeg"}],"author":"Diario1 Diario1","twitter_card":"summary_large_image","twitter_creator":"@eltextual","twitter_site":"@eltextual","twitter_misc":{"Escrito por":"Diario1 Diario1","Tiempo de lectura":"1 minuto"},"schema":{"@context":"https:\/\/schema.org","@graph":[{"@type":"Article","@id":"https:\/\/diariotextual.com\/inicio\/index.php\/2024\/01\/06\/ahora-que-no-cuorum-ni-tiene-plata-convoca-a-la-oposicion\/#article","isPartOf":{"@id":"https:\/\/diariotextual.com\/inicio\/index.php\/2024\/01\/06\/ahora-que-no-cuorum-ni-tiene-plata-convoca-a-la-oposicion\/"},"author":{"name":"Diario1 Diario1","@id":"https:\/\/diariotextual.com\/inicio\/#\/schema\/person\/418fc4093c33e86ed41562db3508f958"},"headline":"\u201cAhora que no tiene cu\u00f3rum ni tiene plata, convoca a la oposici\u00f3n\u201d","datePublished":"2024-01-06T09:25:27+00:00","dateModified":"2024-01-06T09:38:30+00:00","mainEntityOfPage":{"@id":"https:\/\/diariotextual.com\/inicio\/index.php\/2024\/01\/06\/ahora-que-no-cuorum-ni-tiene-plata-convoca-a-la-oposicion\/"},"wordCount":482,"publisher":{"@id":"https:\/\/diariotextual.com\/inicio\/#organization"},"image":{"@id":"https:\/\/diariotextual.com\/inicio\/index.php\/2024\/01\/06\/ahora-que-no-cuorum-ni-tiene-plata-convoca-a-la-oposicion\/#primaryimage"},"thumbnailUrl":"https:\/\/diariotextual.com\/inicio\/wp-content\/uploads\/2024\/01\/ziliottosergiopartidospoliticosdnumilei2024-2.jpg","articleSection":["A - ES NOTICIA (van abajo)","POLITICA"],"inLanguage":"es"},{"@type":"WebPage","@id":"https:\/\/diariotextual.com\/inicio\/index.php\/2024\/01\/06\/ahora-que-no-cuorum-ni-tiene-plata-convoca-a-la-oposicion\/","url":"https:\/\/diariotextual.com\/inicio\/index.php\/2024\/01\/06\/ahora-que-no-cuorum-ni-tiene-plata-convoca-a-la-oposicion\/","name":"\u201cAhora que no tiene cu\u00f3rum ni tiene plata, convoca a la oposici\u00f3n\u201d - Diario Textual","isPartOf":{"@id":"https:\/\/diariotextual.com\/inicio\/#website"},"primaryImageOfPage":{"@id":"https:\/\/diariotextual.com\/inicio\/index.php\/2024\/01\/06\/ahora-que-no-cuorum-ni-tiene-plata-convoca-a-la-oposicion\/#primaryimage"},"image":{"@id":"https:\/\/diariotextual.com\/inicio\/index.php\/2024\/01\/06\/ahora-que-no-cuorum-ni-tiene-plata-convoca-a-la-oposicion\/#primaryimage"},"thumbnailUrl":"https:\/\/diariotextual.com\/inicio\/wp-content\/uploads\/2024\/01\/ziliottosergiopartidospoliticosdnumilei2024-2.jpg","datePublished":"2024-01-06T09:25:27+00:00","dateModified":"2024-01-06T09:38:30+00:00","breadcrumb":{"@id":"https:\/\/diariotextual.com\/inicio\/index.php\/2024\/01\/06\/ahora-que-no-cuorum-ni-tiene-plata-convoca-a-la-oposicion\/#breadcrumb"},"inLanguage":"es","potentialAction":[{"@type":"ReadAction","target":["https:\/\/diariotextual.com\/inicio\/index.php\/2024\/01\/06\/ahora-que-no-cuorum-ni-tiene-plata-convoca-a-la-oposicion\/"]}]},{"@type":"ImageObject","inLanguage":"es","@id":"https:\/\/diariotextual.com\/inicio\/index.php\/2024\/01\/06\/ahora-que-no-cuorum-ni-tiene-plata-convoca-a-la-oposicion\/#primaryimage","url":"https:\/\/diariotextual.com\/inicio\/wp-content\/uploads\/2024\/01\/ziliottosergiopartidospoliticosdnumilei2024-2.jpg","contentUrl":"https:\/\/diariotextual.com\/inicio\/wp-content\/uploads\/2024\/01\/ziliottosergiopartidospoliticosdnumilei2024-2.jpg","width":1500,"height":1000},{"@type":"BreadcrumbList","@id":"https:\/\/diariotextual.com\/inicio\/index.php\/2024\/01\/06\/ahora-que-no-cuorum-ni-tiene-plata-convoca-a-la-oposicion\/#breadcrumb","itemListElement":[{"@type":"ListItem","position":1,"name":"Portada","item":"https:\/\/diariotextual.com\/inicio\/"},{"@type":"ListItem","position":2,"name":"\u201cAhora que no tiene cu\u00f3rum ni tiene plata, convoca a la oposici\u00f3n\u201d"}]},{"@type":"WebSite","@id":"https:\/\/diariotextual.com\/inicio\/#website","url":"https:\/\/diariotextual.com\/inicio\/","name":"Diario Textual","description":"","publisher":{"@id":"https:\/\/diariotextual.com\/inicio\/#organization"},"potentialAction":[{"@type":"SearchAction","target":{"@type":"EntryPoint","urlTemplate":"https:\/\/diariotextual.com\/inicio\/?s={search_term_string}"},"query-input":{"@type":"PropertyValueSpecification","valueRequired":true,"valueName":"search_term_string"}}],"inLanguage":"es"},{"@type":"Organization","@id":"https:\/\/diariotextual.com\/inicio\/#organization","name":"Diario Textual","url":"https:\/\/diariotextual.com\/inicio\/","logo":{"@type":"ImageObject","inLanguage":"es","@id":"https:\/\/diariotextual.com\/inicio\/#\/schema\/logo\/image\/","url":"https:\/\/diariotextual.com\/inicio\/wp-content\/uploads\/2023\/05\/logotextual1.jpg","contentUrl":"https:\/\/diariotextual.com\/inicio\/wp-content\/uploads\/2023\/05\/logotextual1.jpg","width":516,"height":76,"caption":"Diario Textual"},"image":{"@id":"https:\/\/diariotextual.com\/inicio\/#\/schema\/logo\/image\/"},"sameAs":["https:\/\/www.facebook.com\/eltextual","https:\/\/x.com\/eltextual","http:\/\/www.instagram.com\/eltextual"]},{"@type":"Person","@id":"https:\/\/diariotextual.com\/inicio\/#\/schema\/person\/418fc4093c33e86ed41562db3508f958","name":"Diario1 Diario1","image":{"@type":"ImageObject","inLanguage":"es","@id":"https:\/\/secure.gravatar.com\/avatar\/9167d280179c85bc18be67aa7eda765854300033af4896dd779b608640f2ef7a?s=96&d=mm&r=g","url":"https:\/\/secure.gravatar.com\/avatar\/9167d280179c85bc18be67aa7eda765854300033af4896dd779b608640f2ef7a?s=96&d=mm&r=g","contentUrl":"https:\/\/secure.gravatar.com\/avatar\/9167d280179c85bc18be67aa7eda765854300033af4896dd779b608640f2ef7a?s=96&d=mm&r=g","caption":"Diario1 Diario1"},"url":"https:\/\/diariotextual.com\/inicio\/index.php\/author\/diario1\/"}]}},"_links":{"self":[{"href":"https:\/\/diariotextual.com\/inicio\/index.php\/wp-json\/wp\/v2\/posts\/250350","targetHints":{"allow":["GET"]}}],"collection":[{"href":"https:\/\/diariotextual.com\/inicio\/index.php\/wp-json\/wp\/v2\/posts"}],"about":[{"href":"https:\/\/diariotextual.com\/inicio\/index.php\/wp-json\/wp\/v2\/types\/post"}],"author":[{"embeddable":true,"href":"https:\/\/diariotextual.com\/inicio\/index.php\/wp-json\/wp\/v2\/users\/3"}],"replies":[{"embeddable":true,"href":"https:\/\/diariotextual.com\/inicio\/index.php\/wp-json\/wp\/v2\/comments?post=250350"}],"version-history":[{"count":3,"href":"https:\/\/diariotextual.com\/inicio\/index.php\/wp-json\/wp\/v2\/posts\/250350\/revisions"}],"predecessor-version":[{"id":250355,"href":"https:\/\/diariotextual.com\/inicio\/index.php\/wp-json\/wp\/v2\/posts\/250350\/revisions\/250355"}],"wp:featuredmedia":[{"embeddable":true,"href":"https:\/\/diariotextual.com\/inicio\/index.php\/wp-json\/wp\/v2\/media\/250354"}],"wp:attachment":[{"href":"https:\/\/diariotextual.com\/inicio\/index.php\/wp-json\/wp\/v2\/media?parent=250350"}],"wp:term":[{"taxonomy":"category","embeddable":true,"href":"https:\/\/diariotextual.com\/inicio\/index.php\/wp-json\/wp\/v2\/categories?post=250350"},{"taxonomy":"post_tag","embeddable":true,"href":"https:\/\/diariotextual.com\/inicio\/index.php\/wp-json\/wp\/v2\/tags?post=250350"}],"curies":[{"name":"wp","href":"https:\/\/api.w.org\/{rel}","templated":true}]}}