{"id":250356,"date":"2024-01-06T06:43:21","date_gmt":"2024-01-06T09:43:21","guid":{"rendered":"https:\/\/diariotextual.com\/inicio\/?p=250356"},"modified":"2024-01-06T12:30:02","modified_gmt":"2024-01-06T15:30:02","slug":"lionel-messi-el-unico-argentino-en-el-once-ideal-de-2023","status":"publish","type":"post","link":"https:\/\/diariotextual.com\/inicio\/index.php\/2024\/01\/06\/lionel-messi-el-unico-argentino-en-el-once-ideal-de-2023\/","title":{"rendered":"Lionel Messi, el \u00fanico argentino en el once ideal de 2023"},"content":{"rendered":"\n<p>La Federaci\u00f3n Internacional de Historia y Estad\u00edstica de F\u00fatbol (IFFHS) public\u00f3 su equipo ideal de 2023 con Lionel Messi como el \u00fanico argentino presente en la selecci\u00f3n del centro estad\u00edstico.<\/p>\n\n\n\n<blockquote class=\"twitter-tweet\"><p lang=\"es\" dir=\"ltr\">Este es el XI ideal del f\u00fatbol masculino en 2023, seg\u00fan la IFFHS. Lionel Messi &#x1f1e6;&#x1f1f7; aparece entre los elegidos. <a href=\"https:\/\/t.co\/UjtHOQGWOM\">pic.twitter.com\/UjtHOQGWOM<\/a><\/p>&mdash; VarskySports (@VarskySports) <a href=\"https:\/\/twitter.com\/VarskySports\/status\/1743285991933149455?ref_src=twsrc%5Etfw\">January 5, 2024<\/a><\/blockquote> <script async src=\"https:\/\/platform.twitter.com\/widgets.js\" charset=\"utf-8\"><\/script>\n\n\n\n<p>Este viernes, la Federaci\u00f3n Internacional de Historia y Estad\u00edstica de F\u00fatbol comparti\u00f3 su equipo ideal de lo que fue el a\u00f1o pasado y coloc\u00f3 al astro argentino dentro del equipo siendo el \u00fanico \u201calbiceleste\u201d entre los seleccionados.<\/p>\n\n\n\n<p>Adem\u00e1s del capit\u00e1n de la&nbsp;<strong>Selecci\u00f3n argentina&nbsp;<\/strong>campeona del mundo, el once lo conforman cinco jugadores del Manchester City ingl\u00e9s, tres jugadores del Bayern M\u00fanich alem\u00e1n, uno del Real Madrid espa\u00f1ol y uno del Paris Saint Germain franc\u00e9s.<\/p>\n\n\n\n<p>En el arco, la IFFHS eligi\u00f3 al brasile\u00f1o del Manchester City&nbsp;<strong>Ederson Moraes&nbsp;<\/strong>que, en la defensa, estuvo acompa\u00f1ado por dos jugadores del Bayern M\u00fanich y un compa\u00f1ero suyo en el equipo \u201cciudadano\u201d: el canadiense<strong>&nbsp;Alphonse Davies<\/strong>, el surcoreano<strong>&nbsp;Kim Min Jae<\/strong>&nbsp;y el portugu\u00e9s&nbsp;<strong>Rub\u00e9n Dias<\/strong>.<\/p>\n\n\n\n<p>Con&nbsp;<strong>Lionel Messi<\/strong>&nbsp;entre ellos, el mediocampo lo integran el espa\u00f1ol campe\u00f3n de Europa con el equipo de Pep Guardiola&nbsp;<strong>Rodri&nbsp;<\/strong>y su compa\u00f1ero belga&nbsp;<strong>Kevin De Bruyne<\/strong>. La mitad de la cancha la completa el ingl\u00e9s&nbsp;<strong>Jude Bellingham<\/strong>&nbsp;que est\u00e1 teniendo una gran temporada en el Real Madrid.<\/p>\n\n\n\n<p>El tridente de ataque es el fuerte del equipo ideal de la Federaci\u00f3n Internacional de Historia y Estad\u00edstica de F\u00fatbol con el ingl\u00e9s del Bayern M\u00fanich<strong>&nbsp;Harry Kane<\/strong>, el noruego del Manchester City&nbsp;<strong>Erling Haaland<\/strong>&nbsp;y el franc\u00e9s del PSG&nbsp;<strong>Kylian Mbapp\u00e9<\/strong>.<\/p>\n\n\n\n<p><\/p>\n","protected":false},"excerpt":{"rendered":"<p>La Federaci\u00f3n Internacional de Historia y Estad\u00edstica de F\u00fatbol (IFFHS) public\u00f3 su equipo ideal de 2023 con Lionel Messi como el \u00fanico argentino presente en la selecci\u00f3n del centro estad\u00edstico.&hellip;<\/p>\n","protected":false},"author":3,"featured_media":220283,"comment_status":"closed","ping_status":"open","sticky":false,"template":"","format":"standard","meta":{"_acf_changed":false,"footnotes":""},"categories":[1,3],"tags":[],"class_list":["post-250356","post","type-post","status-publish","format-standard","has-post-thumbnail","hentry","category-es-noticia","category-deportes"],"acf":[],"yoast_head":"<!-- This site is optimized with the Yoast SEO plugin v27.5 - https:\/\/yoast.com\/product\/yoast-seo-wordpress\/ -->\n<title>Lionel Messi, el \u00fanico argentino en el once ideal de 2023 - Diario Textual<\/title>\n<meta name=\"robots\" content=\"index, follow, max-snippet:-1, max-image-preview:large, max-video-preview:-1\" \/>\n<link rel=\"canonical\" href=\"https:\/\/diariotextual.com\/inicio\/index.php\/2024\/01\/06\/lionel-messi-el-unico-argentino-en-el-once-ideal-de-2023\/\" \/>\n<meta property=\"og:locale\" content=\"es_ES\" \/>\n<meta property=\"og:type\" content=\"article\" \/>\n<meta property=\"og:title\" content=\"Lionel Messi, el \u00fanico argentino en el once ideal de 2023 - Diario Textual\" \/>\n<meta property=\"og:description\" content=\"La Federaci\u00f3n Internacional de Historia y Estad\u00edstica de F\u00fatbol (IFFHS) public\u00f3 su equipo ideal de 2023 con Lionel Messi como el \u00fanico argentino presente en la selecci\u00f3n del centro estad\u00edstico.&hellip;\" \/>\n<meta property=\"og:url\" content=\"https:\/\/diariotextual.com\/inicio\/index.php\/2024\/01\/06\/lionel-messi-el-unico-argentino-en-el-once-ideal-de-2023\/\" \/>\n<meta property=\"og:site_name\" content=\"Diario Textual\" \/>\n<meta property=\"article:publisher\" content=\"https:\/\/www.facebook.com\/eltextual\" \/>\n<meta property=\"article:published_time\" content=\"2024-01-06T09:43:21+00:00\" \/>\n<meta property=\"article:modified_time\" content=\"2024-01-06T15:30:02+00:00\" \/>\n<meta property=\"og:image\" content=\"https:\/\/diariotextual.com\/inicio\/wp-content\/uploads\/2023\/03\/messilionelseleccion2023-1-scaled.jpg\" \/>\n\t<meta property=\"og:image:width\" content=\"2560\" \/>\n\t<meta property=\"og:image:height\" content=\"1707\" \/>\n\t<meta property=\"og:image:type\" content=\"image\/jpeg\" \/>\n<meta name=\"author\" content=\"Diario1 Diario1\" \/>\n<meta name=\"twitter:card\" content=\"summary_large_image\" \/>\n<meta name=\"twitter:creator\" content=\"@eltextual\" \/>\n<meta name=\"twitter:site\" content=\"@eltextual\" \/>\n<meta name=\"twitter:label1\" content=\"Escrito por\" \/>\n\t<meta name=\"twitter:data1\" content=\"Diario1 Diario1\" \/>\n\t<meta name=\"twitter:label2\" content=\"Tiempo de lectura\" \/>\n\t<meta name=\"twitter:data2\" content=\"2 minutos\" \/>\n<script type=\"application\/ld+json\" class=\"yoast-schema-graph\">{\"@context\":\"https:\\\/\\\/schema.org\",\"@graph\":[{\"@type\":\"Article\",\"@id\":\"https:\\\/\\\/diariotextual.com\\\/inicio\\\/index.php\\\/2024\\\/01\\\/06\\\/lionel-messi-el-unico-argentino-en-el-once-ideal-de-2023\\\/#article\",\"isPartOf\":{\"@id\":\"https:\\\/\\\/diariotextual.com\\\/inicio\\\/index.php\\\/2024\\\/01\\\/06\\\/lionel-messi-el-unico-argentino-en-el-once-ideal-de-2023\\\/\"},\"author\":{\"name\":\"Diario1 Diario1\",\"@id\":\"https:\\\/\\\/diariotextual.com\\\/inicio\\\/#\\\/schema\\\/person\\\/418fc4093c33e86ed41562db3508f958\"},\"headline\":\"Lionel Messi, el \u00fanico argentino en el once ideal de 2023\",\"datePublished\":\"2024-01-06T09:43:21+00:00\",\"dateModified\":\"2024-01-06T15:30:02+00:00\",\"mainEntityOfPage\":{\"@id\":\"https:\\\/\\\/diariotextual.com\\\/inicio\\\/index.php\\\/2024\\\/01\\\/06\\\/lionel-messi-el-unico-argentino-en-el-once-ideal-de-2023\\\/\"},\"wordCount\":338,\"publisher\":{\"@id\":\"https:\\\/\\\/diariotextual.com\\\/inicio\\\/#organization\"},\"image\":{\"@id\":\"https:\\\/\\\/diariotextual.com\\\/inicio\\\/index.php\\\/2024\\\/01\\\/06\\\/lionel-messi-el-unico-argentino-en-el-once-ideal-de-2023\\\/#primaryimage\"},\"thumbnailUrl\":\"https:\\\/\\\/diariotextual.com\\\/inicio\\\/wp-content\\\/uploads\\\/2023\\\/03\\\/messilionelseleccion2023-1-scaled.jpg\",\"articleSection\":[\"A - ES NOTICIA (van abajo)\",\"DEPORTES\"],\"inLanguage\":\"es\"},{\"@type\":\"WebPage\",\"@id\":\"https:\\\/\\\/diariotextual.com\\\/inicio\\\/index.php\\\/2024\\\/01\\\/06\\\/lionel-messi-el-unico-argentino-en-el-once-ideal-de-2023\\\/\",\"url\":\"https:\\\/\\\/diariotextual.com\\\/inicio\\\/index.php\\\/2024\\\/01\\\/06\\\/lionel-messi-el-unico-argentino-en-el-once-ideal-de-2023\\\/\",\"name\":\"Lionel Messi, el \u00fanico argentino en el once ideal de 2023 - Diario Textual\",\"isPartOf\":{\"@id\":\"https:\\\/\\\/diariotextual.com\\\/inicio\\\/#website\"},\"primaryImageOfPage\":{\"@id\":\"https:\\\/\\\/diariotextual.com\\\/inicio\\\/index.php\\\/2024\\\/01\\\/06\\\/lionel-messi-el-unico-argentino-en-el-once-ideal-de-2023\\\/#primaryimage\"},\"image\":{\"@id\":\"https:\\\/\\\/diariotextual.com\\\/inicio\\\/index.php\\\/2024\\\/01\\\/06\\\/lionel-messi-el-unico-argentino-en-el-once-ideal-de-2023\\\/#primaryimage\"},\"thumbnailUrl\":\"https:\\\/\\\/diariotextual.com\\\/inicio\\\/wp-content\\\/uploads\\\/2023\\\/03\\\/messilionelseleccion2023-1-scaled.jpg\",\"datePublished\":\"2024-01-06T09:43:21+00:00\",\"dateModified\":\"2024-01-06T15:30:02+00:00\",\"breadcrumb\":{\"@id\":\"https:\\\/\\\/diariotextual.com\\\/inicio\\\/index.php\\\/2024\\\/01\\\/06\\\/lionel-messi-el-unico-argentino-en-el-once-ideal-de-2023\\\/#breadcrumb\"},\"inLanguage\":\"es\",\"potentialAction\":[{\"@type\":\"ReadAction\",\"target\":[\"https:\\\/\\\/diariotextual.com\\\/inicio\\\/index.php\\\/2024\\\/01\\\/06\\\/lionel-messi-el-unico-argentino-en-el-once-ideal-de-2023\\\/\"]}]},{\"@type\":\"ImageObject\",\"inLanguage\":\"es\",\"@id\":\"https:\\\/\\\/diariotextual.com\\\/inicio\\\/index.php\\\/2024\\\/01\\\/06\\\/lionel-messi-el-unico-argentino-en-el-once-ideal-de-2023\\\/#primaryimage\",\"url\":\"https:\\\/\\\/diariotextual.com\\\/inicio\\\/wp-content\\\/uploads\\\/2023\\\/03\\\/messilionelseleccion2023-1-scaled.jpg\",\"contentUrl\":\"https:\\\/\\\/diariotextual.com\\\/inicio\\\/wp-content\\\/uploads\\\/2023\\\/03\\\/messilionelseleccion2023-1-scaled.jpg\",\"width\":2560,\"height\":1707},{\"@type\":\"BreadcrumbList\",\"@id\":\"https:\\\/\\\/diariotextual.com\\\/inicio\\\/index.php\\\/2024\\\/01\\\/06\\\/lionel-messi-el-unico-argentino-en-el-once-ideal-de-2023\\\/#breadcrumb\",\"itemListElement\":[{\"@type\":\"ListItem\",\"position\":1,\"name\":\"Portada\",\"item\":\"https:\\\/\\\/diariotextual.com\\\/inicio\\\/\"},{\"@type\":\"ListItem\",\"position\":2,\"name\":\"Lionel Messi, el \u00fanico argentino en el once ideal de 2023\"}]},{\"@type\":\"WebSite\",\"@id\":\"https:\\\/\\\/diariotextual.com\\\/inicio\\\/#website\",\"url\":\"https:\\\/\\\/diariotextual.com\\\/inicio\\\/\",\"name\":\"Diario Textual\",\"description\":\"\",\"publisher\":{\"@id\":\"https:\\\/\\\/diariotextual.com\\\/inicio\\\/#organization\"},\"potentialAction\":[{\"@type\":\"SearchAction\",\"target\":{\"@type\":\"EntryPoint\",\"urlTemplate\":\"https:\\\/\\\/diariotextual.com\\\/inicio\\\/?s={search_term_string}\"},\"query-input\":{\"@type\":\"PropertyValueSpecification\",\"valueRequired\":true,\"valueName\":\"search_term_string\"}}],\"inLanguage\":\"es\"},{\"@type\":\"Organization\",\"@id\":\"https:\\\/\\\/diariotextual.com\\\/inicio\\\/#organization\",\"name\":\"Diario Textual\",\"url\":\"https:\\\/\\\/diariotextual.com\\\/inicio\\\/\",\"logo\":{\"@type\":\"ImageObject\",\"inLanguage\":\"es\",\"@id\":\"https:\\\/\\\/diariotextual.com\\\/inicio\\\/#\\\/schema\\\/logo\\\/image\\\/\",\"url\":\"https:\\\/\\\/diariotextual.com\\\/inicio\\\/wp-content\\\/uploads\\\/2023\\\/05\\\/logotextual1.jpg\",\"contentUrl\":\"https:\\\/\\\/diariotextual.com\\\/inicio\\\/wp-content\\\/uploads\\\/2023\\\/05\\\/logotextual1.jpg\",\"width\":516,\"height\":76,\"caption\":\"Diario Textual\"},\"image\":{\"@id\":\"https:\\\/\\\/diariotextual.com\\\/inicio\\\/#\\\/schema\\\/logo\\\/image\\\/\"},\"sameAs\":[\"https:\\\/\\\/www.facebook.com\\\/eltextual\",\"https:\\\/\\\/x.com\\\/eltextual\",\"http:\\\/\\\/www.instagram.com\\\/eltextual\"]},{\"@type\":\"Person\",\"@id\":\"https:\\\/\\\/diariotextual.com\\\/inicio\\\/#\\\/schema\\\/person\\\/418fc4093c33e86ed41562db3508f958\",\"name\":\"Diario1 Diario1\",\"image\":{\"@type\":\"ImageObject\",\"inLanguage\":\"es\",\"@id\":\"https:\\\/\\\/secure.gravatar.com\\\/avatar\\\/9167d280179c85bc18be67aa7eda765854300033af4896dd779b608640f2ef7a?s=96&d=mm&r=g\",\"url\":\"https:\\\/\\\/secure.gravatar.com\\\/avatar\\\/9167d280179c85bc18be67aa7eda765854300033af4896dd779b608640f2ef7a?s=96&d=mm&r=g\",\"contentUrl\":\"https:\\\/\\\/secure.gravatar.com\\\/avatar\\\/9167d280179c85bc18be67aa7eda765854300033af4896dd779b608640f2ef7a?s=96&d=mm&r=g\",\"caption\":\"Diario1 Diario1\"},\"url\":\"https:\\\/\\\/diariotextual.com\\\/inicio\\\/index.php\\\/author\\\/diario1\\\/\"}]}<\/script>\n<!-- \/ Yoast SEO plugin. -->","yoast_head_json":{"title":"Lionel Messi, el \u00fanico argentino en el once ideal de 2023 - Diario Textual","robots":{"index":"index","follow":"follow","max-snippet":"max-snippet:-1","max-image-preview":"max-image-preview:large","max-video-preview":"max-video-preview:-1"},"canonical":"https:\/\/diariotextual.com\/inicio\/index.php\/2024\/01\/06\/lionel-messi-el-unico-argentino-en-el-once-ideal-de-2023\/","og_locale":"es_ES","og_type":"article","og_title":"Lionel Messi, el \u00fanico argentino en el once ideal de 2023 - Diario Textual","og_description":"La Federaci\u00f3n Internacional de Historia y Estad\u00edstica de F\u00fatbol (IFFHS) public\u00f3 su equipo ideal de 2023 con Lionel Messi como el \u00fanico argentino presente en la selecci\u00f3n del centro estad\u00edstico.&hellip;","og_url":"https:\/\/diariotextual.com\/inicio\/index.php\/2024\/01\/06\/lionel-messi-el-unico-argentino-en-el-once-ideal-de-2023\/","og_site_name":"Diario Textual","article_publisher":"https:\/\/www.facebook.com\/eltextual","article_published_time":"2024-01-06T09:43:21+00:00","article_modified_time":"2024-01-06T15:30:02+00:00","og_image":[{"width":2560,"height":1707,"url":"https:\/\/diariotextual.com\/inicio\/wp-content\/uploads\/2023\/03\/messilionelseleccion2023-1-scaled.jpg","type":"image\/jpeg"}],"author":"Diario1 Diario1","twitter_card":"summary_large_image","twitter_creator":"@eltextual","twitter_site":"@eltextual","twitter_misc":{"Escrito por":"Diario1 Diario1","Tiempo de lectura":"2 minutos"},"schema":{"@context":"https:\/\/schema.org","@graph":[{"@type":"Article","@id":"https:\/\/diariotextual.com\/inicio\/index.php\/2024\/01\/06\/lionel-messi-el-unico-argentino-en-el-once-ideal-de-2023\/#article","isPartOf":{"@id":"https:\/\/diariotextual.com\/inicio\/index.php\/2024\/01\/06\/lionel-messi-el-unico-argentino-en-el-once-ideal-de-2023\/"},"author":{"name":"Diario1 Diario1","@id":"https:\/\/diariotextual.com\/inicio\/#\/schema\/person\/418fc4093c33e86ed41562db3508f958"},"headline":"Lionel Messi, el \u00fanico argentino en el once ideal de 2023","datePublished":"2024-01-06T09:43:21+00:00","dateModified":"2024-01-06T15:30:02+00:00","mainEntityOfPage":{"@id":"https:\/\/diariotextual.com\/inicio\/index.php\/2024\/01\/06\/lionel-messi-el-unico-argentino-en-el-once-ideal-de-2023\/"},"wordCount":338,"publisher":{"@id":"https:\/\/diariotextual.com\/inicio\/#organization"},"image":{"@id":"https:\/\/diariotextual.com\/inicio\/index.php\/2024\/01\/06\/lionel-messi-el-unico-argentino-en-el-once-ideal-de-2023\/#primaryimage"},"thumbnailUrl":"https:\/\/diariotextual.com\/inicio\/wp-content\/uploads\/2023\/03\/messilionelseleccion2023-1-scaled.jpg","articleSection":["A - ES NOTICIA (van abajo)","DEPORTES"],"inLanguage":"es"},{"@type":"WebPage","@id":"https:\/\/diariotextual.com\/inicio\/index.php\/2024\/01\/06\/lionel-messi-el-unico-argentino-en-el-once-ideal-de-2023\/","url":"https:\/\/diariotextual.com\/inicio\/index.php\/2024\/01\/06\/lionel-messi-el-unico-argentino-en-el-once-ideal-de-2023\/","name":"Lionel Messi, el \u00fanico argentino en el once ideal de 2023 - Diario Textual","isPartOf":{"@id":"https:\/\/diariotextual.com\/inicio\/#website"},"primaryImageOfPage":{"@id":"https:\/\/diariotextual.com\/inicio\/index.php\/2024\/01\/06\/lionel-messi-el-unico-argentino-en-el-once-ideal-de-2023\/#primaryimage"},"image":{"@id":"https:\/\/diariotextual.com\/inicio\/index.php\/2024\/01\/06\/lionel-messi-el-unico-argentino-en-el-once-ideal-de-2023\/#primaryimage"},"thumbnailUrl":"https:\/\/diariotextual.com\/inicio\/wp-content\/uploads\/2023\/03\/messilionelseleccion2023-1-scaled.jpg","datePublished":"2024-01-06T09:43:21+00:00","dateModified":"2024-01-06T15:30:02+00:00","breadcrumb":{"@id":"https:\/\/diariotextual.com\/inicio\/index.php\/2024\/01\/06\/lionel-messi-el-unico-argentino-en-el-once-ideal-de-2023\/#breadcrumb"},"inLanguage":"es","potentialAction":[{"@type":"ReadAction","target":["https:\/\/diariotextual.com\/inicio\/index.php\/2024\/01\/06\/lionel-messi-el-unico-argentino-en-el-once-ideal-de-2023\/"]}]},{"@type":"ImageObject","inLanguage":"es","@id":"https:\/\/diariotextual.com\/inicio\/index.php\/2024\/01\/06\/lionel-messi-el-unico-argentino-en-el-once-ideal-de-2023\/#primaryimage","url":"https:\/\/diariotextual.com\/inicio\/wp-content\/uploads\/2023\/03\/messilionelseleccion2023-1-scaled.jpg","contentUrl":"https:\/\/diariotextual.com\/inicio\/wp-content\/uploads\/2023\/03\/messilionelseleccion2023-1-scaled.jpg","width":2560,"height":1707},{"@type":"BreadcrumbList","@id":"https:\/\/diariotextual.com\/inicio\/index.php\/2024\/01\/06\/lionel-messi-el-unico-argentino-en-el-once-ideal-de-2023\/#breadcrumb","itemListElement":[{"@type":"ListItem","position":1,"name":"Portada","item":"https:\/\/diariotextual.com\/inicio\/"},{"@type":"ListItem","position":2,"name":"Lionel Messi, el \u00fanico argentino en el once ideal de 2023"}]},{"@type":"WebSite","@id":"https:\/\/diariotextual.com\/inicio\/#website","url":"https:\/\/diariotextual.com\/inicio\/","name":"Diario Textual","description":"","publisher":{"@id":"https:\/\/diariotextual.com\/inicio\/#organization"},"potentialAction":[{"@type":"SearchAction","target":{"@type":"EntryPoint","urlTemplate":"https:\/\/diariotextual.com\/inicio\/?s={search_term_string}"},"query-input":{"@type":"PropertyValueSpecification","valueRequired":true,"valueName":"search_term_string"}}],"inLanguage":"es"},{"@type":"Organization","@id":"https:\/\/diariotextual.com\/inicio\/#organization","name":"Diario Textual","url":"https:\/\/diariotextual.com\/inicio\/","logo":{"@type":"ImageObject","inLanguage":"es","@id":"https:\/\/diariotextual.com\/inicio\/#\/schema\/logo\/image\/","url":"https:\/\/diariotextual.com\/inicio\/wp-content\/uploads\/2023\/05\/logotextual1.jpg","contentUrl":"https:\/\/diariotextual.com\/inicio\/wp-content\/uploads\/2023\/05\/logotextual1.jpg","width":516,"height":76,"caption":"Diario Textual"},"image":{"@id":"https:\/\/diariotextual.com\/inicio\/#\/schema\/logo\/image\/"},"sameAs":["https:\/\/www.facebook.com\/eltextual","https:\/\/x.com\/eltextual","http:\/\/www.instagram.com\/eltextual"]},{"@type":"Person","@id":"https:\/\/diariotextual.com\/inicio\/#\/schema\/person\/418fc4093c33e86ed41562db3508f958","name":"Diario1 Diario1","image":{"@type":"ImageObject","inLanguage":"es","@id":"https:\/\/secure.gravatar.com\/avatar\/9167d280179c85bc18be67aa7eda765854300033af4896dd779b608640f2ef7a?s=96&d=mm&r=g","url":"https:\/\/secure.gravatar.com\/avatar\/9167d280179c85bc18be67aa7eda765854300033af4896dd779b608640f2ef7a?s=96&d=mm&r=g","contentUrl":"https:\/\/secure.gravatar.com\/avatar\/9167d280179c85bc18be67aa7eda765854300033af4896dd779b608640f2ef7a?s=96&d=mm&r=g","caption":"Diario1 Diario1"},"url":"https:\/\/diariotextual.com\/inicio\/index.php\/author\/diario1\/"}]}},"_links":{"self":[{"href":"https:\/\/diariotextual.com\/inicio\/index.php\/wp-json\/wp\/v2\/posts\/250356","targetHints":{"allow":["GET"]}}],"collection":[{"href":"https:\/\/diariotextual.com\/inicio\/index.php\/wp-json\/wp\/v2\/posts"}],"about":[{"href":"https:\/\/diariotextual.com\/inicio\/index.php\/wp-json\/wp\/v2\/types\/post"}],"author":[{"embeddable":true,"href":"https:\/\/diariotextual.com\/inicio\/index.php\/wp-json\/wp\/v2\/users\/3"}],"replies":[{"embeddable":true,"href":"https:\/\/diariotextual.com\/inicio\/index.php\/wp-json\/wp\/v2\/comments?post=250356"}],"version-history":[{"count":3,"href":"https:\/\/diariotextual.com\/inicio\/index.php\/wp-json\/wp\/v2\/posts\/250356\/revisions"}],"predecessor-version":[{"id":250359,"href":"https:\/\/diariotextual.com\/inicio\/index.php\/wp-json\/wp\/v2\/posts\/250356\/revisions\/250359"}],"wp:featuredmedia":[{"embeddable":true,"href":"https:\/\/diariotextual.com\/inicio\/index.php\/wp-json\/wp\/v2\/media\/220283"}],"wp:attachment":[{"href":"https:\/\/diariotextual.com\/inicio\/index.php\/wp-json\/wp\/v2\/media?parent=250356"}],"wp:term":[{"taxonomy":"category","embeddable":true,"href":"https:\/\/diariotextual.com\/inicio\/index.php\/wp-json\/wp\/v2\/categories?post=250356"},{"taxonomy":"post_tag","embeddable":true,"href":"https:\/\/diariotextual.com\/inicio\/index.php\/wp-json\/wp\/v2\/tags?post=250356"}],"curies":[{"name":"wp","href":"https:\/\/api.w.org\/{rel}","templated":true}]}}