{"id":250385,"date":"2024-01-06T17:22:04","date_gmt":"2024-01-06T20:22:04","guid":{"rendered":"https:\/\/diariotextual.com\/inicio\/?p=250385"},"modified":"2024-01-07T11:41:20","modified_gmt":"2024-01-07T14:41:20","slug":"el-desarme-del-proceso-colectivo-desato-una-lluvia-de-amparos-contra-el-dnu","status":"publish","type":"post","link":"https:\/\/diariotextual.com\/inicio\/index.php\/2024\/01\/06\/el-desarme-del-proceso-colectivo-desato-una-lluvia-de-amparos-contra-el-dnu\/","title":{"rendered":"El desarme del proceso colectivo desat\u00f3 una lluvia de amparos contra el DNU"},"content":{"rendered":"\n<p>La decisi\u00f3n del juez del fuero contencioso administrativo federal <strong>Enrique Lavi\u00e9 Pico<\/strong> de desarmar el proceso colectivo provoc\u00f3 que vuelva a acelerarse la presentaci\u00f3n de recursos judiciales contra el mega <strong>Decreto de Necesidad y Urgencia (DNU) 70\/2023<\/strong> cuya caracter\u00edstica saliente es la desregulaci\u00f3n de la actividad econ\u00f3mica.<\/p>\n\n\n\n<p>La mayor cantidad de presentaciones recayeron en el fuero contencioso administrativo federal con asiento en la Ciudad Aut\u00f3noma de Buenos Aires, donde <strong>hasta el viernes hab\u00eda m\u00e1s de 40 recursos,<\/strong> seg\u00fan pudo constatar T\u00e9lam a trav\u00e9s del sistema inform\u00e1tico del Poder Judicial de la Naci\u00f3n.<\/p>\n\n\n\n<p>Entre las presentaciones detectadas por esta agencia estaba la de la Federaci\u00f3n Argentina de Trabajadores de Prensa (Fatpren) y la de la Federaci\u00f3n Argentina de Empresas de Viajes y Turismo (Faevyt), mientras que la de la Federaci\u00f3n de Municipios (FAM), que hab\u00eda sido presentada el dos de enero, reci\u00e9n el viernes registr\u00f3 sus primeros movimientos.<\/p>\n\n\n\n<p>Otra presentaci\u00f3n que comenz\u00f3 a moverse fue la de la&nbsp;<strong>Asociaci\u00f3n Civil Inquilinos Agrupados<\/strong>, algo que tambi\u00e9n ocurri\u00f3 con el recurso presentado por la&nbsp;<strong>Confederaci\u00f3n Argentina de Deportes<\/strong>&nbsp;(CAD): en todos esos casos se dio vista a la fiscal\u00eda para que opine sobre el pedido de habilitar la feria judicial para tratar los planteos.<\/p>\n\n\n\n<p>Por fuera del Contencioso Administrativo federal, los planteos judiciales vinculados a los temas como el de las&nbsp;<strong>prepagas&nbsp;<\/strong>comenzaron a multiplicarse en el&nbsp;<strong>Fuero Civil y Comercial Federal<\/strong>, a la vez que tambi\u00e9n se dispararon las presentaciones ante los tribunales federales con asiento en distintas jurisdicciones contra el mega DNU, por motivos diversos.<\/p>\n\n\n\n<p>Un caso simb\u00f3lico fue el de&nbsp;<strong>un juez de primera instancia&nbsp;<\/strong>en lo Contencioso Administrativo de Avellaneda-Lan\u00fas que&nbsp;<strong>se present\u00f3 ante la justicia federal en lo Civil y Comercial de Lomas de Zamora para para frenar los efectos del DNU que impacto directo en su bolsillo a trav\u00e9s de la suba del valor de la prepaga<\/strong>, seg\u00fan surge de la presentaci\u00f3n a la que accedi\u00f3 T\u00e9lam.<\/p>\n\n\n\n<p>El magistrado\u00a0<strong>Maximiliano Alberto Ceballos<\/strong>\u00a0reclam\u00f3 que se declare la inconstitucionalidad del DNU 70\/2023 \u201cen relaci\u00f3n a los aspectos desregulatorios de las empresas de medicina prepaga y ordene a la empresa Swiss Medical S.A. a actualizar los aranceles del suscripto, conforme a las autorizaciones que le disponga el Ministerio de Salud\u201d.<\/p>\n\n\n\n<p>La multiplicaci\u00f3n de las presentaciones judiciales es uno de los efectos de la decisi\u00f3n del juez Lavi\u00e9 Pico en el expediente iniciado por una presentaci\u00f3n de la&nbsp;<strong>Asociaci\u00f3n Civil Observatorio por el Derecho a la Ciudad<\/strong>, donde dispuso desarmar el proceso colectivo hac\u00eda donde el Gobierno nacional pretend\u00eda hacer confluir todas las presentaciones contra el DNU.<br><br>El juez Lavi\u00e9 Pico resolvi\u00f3 \u201cdeclarar la&nbsp;<strong>inadmisibilidad formal de la acci\u00f3n como proceso colectivo y comunicarlo al Registro de Procesos Colectivos, a fin de su desvinculaci\u00f3n inmediata y remitir -a las jurisdicciones correspondientes- las actuaciones que hubieran sido vinculadas al presente proceso<\/strong>\u201d.<br><br>En ese mismo fallo el magistrado argument\u00f3 que \u201cno puede dejar de advertirse que dentro de la generalidad de las personas que la Asociaci\u00f3n actora dice representar, podr\u00edan existir personas que no se hayan visto alcanzadas por la normativa atacada, o que el nivel de afectaci\u00f3n resulte diferente en cada situaci\u00f3n\u201d.<br><br>\u201cEllo es as\u00ed, toda vez que la normativa cuestionada modifica leyes que regulan materias muy dis\u00edmiles entre s\u00ed\u201d, sostuvo el magistrado, que luego enumer\u00f3:&nbsp;<strong>Farmacias, Hidrocarburos, Turismo, Energ\u00eda El\u00e9ctrica, C\u00f3digo Civil y Comercial, Registro Automotor, Trabajo, Salud, Comercio Exterior, Reforma del Estado, C\u00f3digo Aeron\u00e1utico<\/strong>, entre otras.<\/p>\n","protected":false},"excerpt":{"rendered":"<p>La decisi\u00f3n del juez del fuero contencioso administrativo federal Enrique Lavi\u00e9 Pico de desarmar el proceso colectivo provoc\u00f3 que vuelva a acelerarse la presentaci\u00f3n de recursos judiciales contra el mega&hellip;<\/p>\n","protected":false},"author":3,"featured_media":250386,"comment_status":"closed","ping_status":"open","sticky":false,"template":"","format":"standard","meta":{"_acf_changed":false,"footnotes":""},"categories":[1,8],"tags":[],"class_list":["post-250385","post","type-post","status-publish","format-standard","has-post-thumbnail","hentry","category-es-noticia","category-politica"],"acf":[],"yoast_head":"<!-- This site is optimized with the Yoast SEO plugin v27.5 - https:\/\/yoast.com\/product\/yoast-seo-wordpress\/ -->\n<title>El desarme del proceso colectivo desat\u00f3 una lluvia de amparos contra el DNU - Diario Textual<\/title>\n<meta name=\"robots\" content=\"index, follow, max-snippet:-1, max-image-preview:large, max-video-preview:-1\" \/>\n<link rel=\"canonical\" href=\"https:\/\/diariotextual.com\/inicio\/index.php\/2024\/01\/06\/el-desarme-del-proceso-colectivo-desato-una-lluvia-de-amparos-contra-el-dnu\/\" \/>\n<meta property=\"og:locale\" content=\"es_ES\" \/>\n<meta property=\"og:type\" content=\"article\" \/>\n<meta property=\"og:title\" content=\"El desarme del proceso colectivo desat\u00f3 una lluvia de amparos contra el DNU - Diario Textual\" \/>\n<meta property=\"og:description\" content=\"La decisi\u00f3n del juez del fuero contencioso administrativo federal Enrique Lavi\u00e9 Pico de desarmar el proceso colectivo provoc\u00f3 que vuelva a acelerarse la presentaci\u00f3n de recursos judiciales contra el mega&hellip;\" \/>\n<meta property=\"og:url\" content=\"https:\/\/diariotextual.com\/inicio\/index.php\/2024\/01\/06\/el-desarme-del-proceso-colectivo-desato-una-lluvia-de-amparos-contra-el-dnu\/\" \/>\n<meta property=\"og:site_name\" content=\"Diario Textual\" \/>\n<meta property=\"article:publisher\" content=\"https:\/\/www.facebook.com\/eltextual\" \/>\n<meta property=\"article:published_time\" content=\"2024-01-06T20:22:04+00:00\" \/>\n<meta property=\"article:modified_time\" content=\"2024-01-07T14:41:20+00:00\" \/>\n<meta property=\"og:image\" content=\"https:\/\/diariotextual.com\/inicio\/wp-content\/uploads\/2024\/01\/cacerolazocontradnumileitelam2024-123.jpg\" \/>\n\t<meta property=\"og:image:width\" content=\"1200\" \/>\n\t<meta property=\"og:image:height\" content=\"675\" \/>\n\t<meta property=\"og:image:type\" content=\"image\/jpeg\" \/>\n<meta name=\"author\" content=\"Diario1 Diario1\" \/>\n<meta name=\"twitter:card\" content=\"summary_large_image\" \/>\n<meta name=\"twitter:creator\" content=\"@eltextual\" \/>\n<meta name=\"twitter:site\" content=\"@eltextual\" \/>\n<meta name=\"twitter:label1\" content=\"Escrito por\" \/>\n\t<meta name=\"twitter:data1\" content=\"Diario1 Diario1\" \/>\n\t<meta name=\"twitter:label2\" content=\"Tiempo de lectura\" \/>\n\t<meta name=\"twitter:data2\" content=\"3 minutos\" \/>\n<script type=\"application\/ld+json\" class=\"yoast-schema-graph\">{\"@context\":\"https:\\\/\\\/schema.org\",\"@graph\":[{\"@type\":\"Article\",\"@id\":\"https:\\\/\\\/diariotextual.com\\\/inicio\\\/index.php\\\/2024\\\/01\\\/06\\\/el-desarme-del-proceso-colectivo-desato-una-lluvia-de-amparos-contra-el-dnu\\\/#article\",\"isPartOf\":{\"@id\":\"https:\\\/\\\/diariotextual.com\\\/inicio\\\/index.php\\\/2024\\\/01\\\/06\\\/el-desarme-del-proceso-colectivo-desato-una-lluvia-de-amparos-contra-el-dnu\\\/\"},\"author\":{\"name\":\"Diario1 Diario1\",\"@id\":\"https:\\\/\\\/diariotextual.com\\\/inicio\\\/#\\\/schema\\\/person\\\/418fc4093c33e86ed41562db3508f958\"},\"headline\":\"El desarme del proceso colectivo desat\u00f3 una lluvia de amparos contra el DNU\",\"datePublished\":\"2024-01-06T20:22:04+00:00\",\"dateModified\":\"2024-01-07T14:41:20+00:00\",\"mainEntityOfPage\":{\"@id\":\"https:\\\/\\\/diariotextual.com\\\/inicio\\\/index.php\\\/2024\\\/01\\\/06\\\/el-desarme-del-proceso-colectivo-desato-una-lluvia-de-amparos-contra-el-dnu\\\/\"},\"wordCount\":639,\"publisher\":{\"@id\":\"https:\\\/\\\/diariotextual.com\\\/inicio\\\/#organization\"},\"image\":{\"@id\":\"https:\\\/\\\/diariotextual.com\\\/inicio\\\/index.php\\\/2024\\\/01\\\/06\\\/el-desarme-del-proceso-colectivo-desato-una-lluvia-de-amparos-contra-el-dnu\\\/#primaryimage\"},\"thumbnailUrl\":\"https:\\\/\\\/diariotextual.com\\\/inicio\\\/wp-content\\\/uploads\\\/2024\\\/01\\\/cacerolazocontradnumileitelam2024-123.jpg\",\"articleSection\":[\"A - ES NOTICIA (van abajo)\",\"POLITICA\"],\"inLanguage\":\"es\"},{\"@type\":\"WebPage\",\"@id\":\"https:\\\/\\\/diariotextual.com\\\/inicio\\\/index.php\\\/2024\\\/01\\\/06\\\/el-desarme-del-proceso-colectivo-desato-una-lluvia-de-amparos-contra-el-dnu\\\/\",\"url\":\"https:\\\/\\\/diariotextual.com\\\/inicio\\\/index.php\\\/2024\\\/01\\\/06\\\/el-desarme-del-proceso-colectivo-desato-una-lluvia-de-amparos-contra-el-dnu\\\/\",\"name\":\"El desarme del proceso colectivo desat\u00f3 una lluvia de amparos contra el DNU - Diario Textual\",\"isPartOf\":{\"@id\":\"https:\\\/\\\/diariotextual.com\\\/inicio\\\/#website\"},\"primaryImageOfPage\":{\"@id\":\"https:\\\/\\\/diariotextual.com\\\/inicio\\\/index.php\\\/2024\\\/01\\\/06\\\/el-desarme-del-proceso-colectivo-desato-una-lluvia-de-amparos-contra-el-dnu\\\/#primaryimage\"},\"image\":{\"@id\":\"https:\\\/\\\/diariotextual.com\\\/inicio\\\/index.php\\\/2024\\\/01\\\/06\\\/el-desarme-del-proceso-colectivo-desato-una-lluvia-de-amparos-contra-el-dnu\\\/#primaryimage\"},\"thumbnailUrl\":\"https:\\\/\\\/diariotextual.com\\\/inicio\\\/wp-content\\\/uploads\\\/2024\\\/01\\\/cacerolazocontradnumileitelam2024-123.jpg\",\"datePublished\":\"2024-01-06T20:22:04+00:00\",\"dateModified\":\"2024-01-07T14:41:20+00:00\",\"breadcrumb\":{\"@id\":\"https:\\\/\\\/diariotextual.com\\\/inicio\\\/index.php\\\/2024\\\/01\\\/06\\\/el-desarme-del-proceso-colectivo-desato-una-lluvia-de-amparos-contra-el-dnu\\\/#breadcrumb\"},\"inLanguage\":\"es\",\"potentialAction\":[{\"@type\":\"ReadAction\",\"target\":[\"https:\\\/\\\/diariotextual.com\\\/inicio\\\/index.php\\\/2024\\\/01\\\/06\\\/el-desarme-del-proceso-colectivo-desato-una-lluvia-de-amparos-contra-el-dnu\\\/\"]}]},{\"@type\":\"ImageObject\",\"inLanguage\":\"es\",\"@id\":\"https:\\\/\\\/diariotextual.com\\\/inicio\\\/index.php\\\/2024\\\/01\\\/06\\\/el-desarme-del-proceso-colectivo-desato-una-lluvia-de-amparos-contra-el-dnu\\\/#primaryimage\",\"url\":\"https:\\\/\\\/diariotextual.com\\\/inicio\\\/wp-content\\\/uploads\\\/2024\\\/01\\\/cacerolazocontradnumileitelam2024-123.jpg\",\"contentUrl\":\"https:\\\/\\\/diariotextual.com\\\/inicio\\\/wp-content\\\/uploads\\\/2024\\\/01\\\/cacerolazocontradnumileitelam2024-123.jpg\",\"width\":1200,\"height\":675},{\"@type\":\"BreadcrumbList\",\"@id\":\"https:\\\/\\\/diariotextual.com\\\/inicio\\\/index.php\\\/2024\\\/01\\\/06\\\/el-desarme-del-proceso-colectivo-desato-una-lluvia-de-amparos-contra-el-dnu\\\/#breadcrumb\",\"itemListElement\":[{\"@type\":\"ListItem\",\"position\":1,\"name\":\"Portada\",\"item\":\"https:\\\/\\\/diariotextual.com\\\/inicio\\\/\"},{\"@type\":\"ListItem\",\"position\":2,\"name\":\"El desarme del proceso colectivo desat\u00f3 una lluvia de amparos contra el DNU\"}]},{\"@type\":\"WebSite\",\"@id\":\"https:\\\/\\\/diariotextual.com\\\/inicio\\\/#website\",\"url\":\"https:\\\/\\\/diariotextual.com\\\/inicio\\\/\",\"name\":\"Diario Textual\",\"description\":\"\",\"publisher\":{\"@id\":\"https:\\\/\\\/diariotextual.com\\\/inicio\\\/#organization\"},\"potentialAction\":[{\"@type\":\"SearchAction\",\"target\":{\"@type\":\"EntryPoint\",\"urlTemplate\":\"https:\\\/\\\/diariotextual.com\\\/inicio\\\/?s={search_term_string}\"},\"query-input\":{\"@type\":\"PropertyValueSpecification\",\"valueRequired\":true,\"valueName\":\"search_term_string\"}}],\"inLanguage\":\"es\"},{\"@type\":\"Organization\",\"@id\":\"https:\\\/\\\/diariotextual.com\\\/inicio\\\/#organization\",\"name\":\"Diario Textual\",\"url\":\"https:\\\/\\\/diariotextual.com\\\/inicio\\\/\",\"logo\":{\"@type\":\"ImageObject\",\"inLanguage\":\"es\",\"@id\":\"https:\\\/\\\/diariotextual.com\\\/inicio\\\/#\\\/schema\\\/logo\\\/image\\\/\",\"url\":\"https:\\\/\\\/diariotextual.com\\\/inicio\\\/wp-content\\\/uploads\\\/2023\\\/05\\\/logotextual1.jpg\",\"contentUrl\":\"https:\\\/\\\/diariotextual.com\\\/inicio\\\/wp-content\\\/uploads\\\/2023\\\/05\\\/logotextual1.jpg\",\"width\":516,\"height\":76,\"caption\":\"Diario Textual\"},\"image\":{\"@id\":\"https:\\\/\\\/diariotextual.com\\\/inicio\\\/#\\\/schema\\\/logo\\\/image\\\/\"},\"sameAs\":[\"https:\\\/\\\/www.facebook.com\\\/eltextual\",\"https:\\\/\\\/x.com\\\/eltextual\",\"http:\\\/\\\/www.instagram.com\\\/eltextual\"]},{\"@type\":\"Person\",\"@id\":\"https:\\\/\\\/diariotextual.com\\\/inicio\\\/#\\\/schema\\\/person\\\/418fc4093c33e86ed41562db3508f958\",\"name\":\"Diario1 Diario1\",\"image\":{\"@type\":\"ImageObject\",\"inLanguage\":\"es\",\"@id\":\"https:\\\/\\\/secure.gravatar.com\\\/avatar\\\/9167d280179c85bc18be67aa7eda765854300033af4896dd779b608640f2ef7a?s=96&d=mm&r=g\",\"url\":\"https:\\\/\\\/secure.gravatar.com\\\/avatar\\\/9167d280179c85bc18be67aa7eda765854300033af4896dd779b608640f2ef7a?s=96&d=mm&r=g\",\"contentUrl\":\"https:\\\/\\\/secure.gravatar.com\\\/avatar\\\/9167d280179c85bc18be67aa7eda765854300033af4896dd779b608640f2ef7a?s=96&d=mm&r=g\",\"caption\":\"Diario1 Diario1\"},\"url\":\"https:\\\/\\\/diariotextual.com\\\/inicio\\\/index.php\\\/author\\\/diario1\\\/\"}]}<\/script>\n<!-- \/ Yoast SEO plugin. -->","yoast_head_json":{"title":"El desarme del proceso colectivo desat\u00f3 una lluvia de amparos contra el DNU - Diario Textual","robots":{"index":"index","follow":"follow","max-snippet":"max-snippet:-1","max-image-preview":"max-image-preview:large","max-video-preview":"max-video-preview:-1"},"canonical":"https:\/\/diariotextual.com\/inicio\/index.php\/2024\/01\/06\/el-desarme-del-proceso-colectivo-desato-una-lluvia-de-amparos-contra-el-dnu\/","og_locale":"es_ES","og_type":"article","og_title":"El desarme del proceso colectivo desat\u00f3 una lluvia de amparos contra el DNU - Diario Textual","og_description":"La decisi\u00f3n del juez del fuero contencioso administrativo federal Enrique Lavi\u00e9 Pico de desarmar el proceso colectivo provoc\u00f3 que vuelva a acelerarse la presentaci\u00f3n de recursos judiciales contra el mega&hellip;","og_url":"https:\/\/diariotextual.com\/inicio\/index.php\/2024\/01\/06\/el-desarme-del-proceso-colectivo-desato-una-lluvia-de-amparos-contra-el-dnu\/","og_site_name":"Diario Textual","article_publisher":"https:\/\/www.facebook.com\/eltextual","article_published_time":"2024-01-06T20:22:04+00:00","article_modified_time":"2024-01-07T14:41:20+00:00","og_image":[{"width":1200,"height":675,"url":"https:\/\/diariotextual.com\/inicio\/wp-content\/uploads\/2024\/01\/cacerolazocontradnumileitelam2024-123.jpg","type":"image\/jpeg"}],"author":"Diario1 Diario1","twitter_card":"summary_large_image","twitter_creator":"@eltextual","twitter_site":"@eltextual","twitter_misc":{"Escrito por":"Diario1 Diario1","Tiempo de lectura":"3 minutos"},"schema":{"@context":"https:\/\/schema.org","@graph":[{"@type":"Article","@id":"https:\/\/diariotextual.com\/inicio\/index.php\/2024\/01\/06\/el-desarme-del-proceso-colectivo-desato-una-lluvia-de-amparos-contra-el-dnu\/#article","isPartOf":{"@id":"https:\/\/diariotextual.com\/inicio\/index.php\/2024\/01\/06\/el-desarme-del-proceso-colectivo-desato-una-lluvia-de-amparos-contra-el-dnu\/"},"author":{"name":"Diario1 Diario1","@id":"https:\/\/diariotextual.com\/inicio\/#\/schema\/person\/418fc4093c33e86ed41562db3508f958"},"headline":"El desarme del proceso colectivo desat\u00f3 una lluvia de amparos contra el DNU","datePublished":"2024-01-06T20:22:04+00:00","dateModified":"2024-01-07T14:41:20+00:00","mainEntityOfPage":{"@id":"https:\/\/diariotextual.com\/inicio\/index.php\/2024\/01\/06\/el-desarme-del-proceso-colectivo-desato-una-lluvia-de-amparos-contra-el-dnu\/"},"wordCount":639,"publisher":{"@id":"https:\/\/diariotextual.com\/inicio\/#organization"},"image":{"@id":"https:\/\/diariotextual.com\/inicio\/index.php\/2024\/01\/06\/el-desarme-del-proceso-colectivo-desato-una-lluvia-de-amparos-contra-el-dnu\/#primaryimage"},"thumbnailUrl":"https:\/\/diariotextual.com\/inicio\/wp-content\/uploads\/2024\/01\/cacerolazocontradnumileitelam2024-123.jpg","articleSection":["A - ES NOTICIA (van abajo)","POLITICA"],"inLanguage":"es"},{"@type":"WebPage","@id":"https:\/\/diariotextual.com\/inicio\/index.php\/2024\/01\/06\/el-desarme-del-proceso-colectivo-desato-una-lluvia-de-amparos-contra-el-dnu\/","url":"https:\/\/diariotextual.com\/inicio\/index.php\/2024\/01\/06\/el-desarme-del-proceso-colectivo-desato-una-lluvia-de-amparos-contra-el-dnu\/","name":"El desarme del proceso colectivo desat\u00f3 una lluvia de amparos contra el DNU - Diario Textual","isPartOf":{"@id":"https:\/\/diariotextual.com\/inicio\/#website"},"primaryImageOfPage":{"@id":"https:\/\/diariotextual.com\/inicio\/index.php\/2024\/01\/06\/el-desarme-del-proceso-colectivo-desato-una-lluvia-de-amparos-contra-el-dnu\/#primaryimage"},"image":{"@id":"https:\/\/diariotextual.com\/inicio\/index.php\/2024\/01\/06\/el-desarme-del-proceso-colectivo-desato-una-lluvia-de-amparos-contra-el-dnu\/#primaryimage"},"thumbnailUrl":"https:\/\/diariotextual.com\/inicio\/wp-content\/uploads\/2024\/01\/cacerolazocontradnumileitelam2024-123.jpg","datePublished":"2024-01-06T20:22:04+00:00","dateModified":"2024-01-07T14:41:20+00:00","breadcrumb":{"@id":"https:\/\/diariotextual.com\/inicio\/index.php\/2024\/01\/06\/el-desarme-del-proceso-colectivo-desato-una-lluvia-de-amparos-contra-el-dnu\/#breadcrumb"},"inLanguage":"es","potentialAction":[{"@type":"ReadAction","target":["https:\/\/diariotextual.com\/inicio\/index.php\/2024\/01\/06\/el-desarme-del-proceso-colectivo-desato-una-lluvia-de-amparos-contra-el-dnu\/"]}]},{"@type":"ImageObject","inLanguage":"es","@id":"https:\/\/diariotextual.com\/inicio\/index.php\/2024\/01\/06\/el-desarme-del-proceso-colectivo-desato-una-lluvia-de-amparos-contra-el-dnu\/#primaryimage","url":"https:\/\/diariotextual.com\/inicio\/wp-content\/uploads\/2024\/01\/cacerolazocontradnumileitelam2024-123.jpg","contentUrl":"https:\/\/diariotextual.com\/inicio\/wp-content\/uploads\/2024\/01\/cacerolazocontradnumileitelam2024-123.jpg","width":1200,"height":675},{"@type":"BreadcrumbList","@id":"https:\/\/diariotextual.com\/inicio\/index.php\/2024\/01\/06\/el-desarme-del-proceso-colectivo-desato-una-lluvia-de-amparos-contra-el-dnu\/#breadcrumb","itemListElement":[{"@type":"ListItem","position":1,"name":"Portada","item":"https:\/\/diariotextual.com\/inicio\/"},{"@type":"ListItem","position":2,"name":"El desarme del proceso colectivo desat\u00f3 una lluvia de amparos contra el DNU"}]},{"@type":"WebSite","@id":"https:\/\/diariotextual.com\/inicio\/#website","url":"https:\/\/diariotextual.com\/inicio\/","name":"Diario Textual","description":"","publisher":{"@id":"https:\/\/diariotextual.com\/inicio\/#organization"},"potentialAction":[{"@type":"SearchAction","target":{"@type":"EntryPoint","urlTemplate":"https:\/\/diariotextual.com\/inicio\/?s={search_term_string}"},"query-input":{"@type":"PropertyValueSpecification","valueRequired":true,"valueName":"search_term_string"}}],"inLanguage":"es"},{"@type":"Organization","@id":"https:\/\/diariotextual.com\/inicio\/#organization","name":"Diario Textual","url":"https:\/\/diariotextual.com\/inicio\/","logo":{"@type":"ImageObject","inLanguage":"es","@id":"https:\/\/diariotextual.com\/inicio\/#\/schema\/logo\/image\/","url":"https:\/\/diariotextual.com\/inicio\/wp-content\/uploads\/2023\/05\/logotextual1.jpg","contentUrl":"https:\/\/diariotextual.com\/inicio\/wp-content\/uploads\/2023\/05\/logotextual1.jpg","width":516,"height":76,"caption":"Diario Textual"},"image":{"@id":"https:\/\/diariotextual.com\/inicio\/#\/schema\/logo\/image\/"},"sameAs":["https:\/\/www.facebook.com\/eltextual","https:\/\/x.com\/eltextual","http:\/\/www.instagram.com\/eltextual"]},{"@type":"Person","@id":"https:\/\/diariotextual.com\/inicio\/#\/schema\/person\/418fc4093c33e86ed41562db3508f958","name":"Diario1 Diario1","image":{"@type":"ImageObject","inLanguage":"es","@id":"https:\/\/secure.gravatar.com\/avatar\/9167d280179c85bc18be67aa7eda765854300033af4896dd779b608640f2ef7a?s=96&d=mm&r=g","url":"https:\/\/secure.gravatar.com\/avatar\/9167d280179c85bc18be67aa7eda765854300033af4896dd779b608640f2ef7a?s=96&d=mm&r=g","contentUrl":"https:\/\/secure.gravatar.com\/avatar\/9167d280179c85bc18be67aa7eda765854300033af4896dd779b608640f2ef7a?s=96&d=mm&r=g","caption":"Diario1 Diario1"},"url":"https:\/\/diariotextual.com\/inicio\/index.php\/author\/diario1\/"}]}},"_links":{"self":[{"href":"https:\/\/diariotextual.com\/inicio\/index.php\/wp-json\/wp\/v2\/posts\/250385","targetHints":{"allow":["GET"]}}],"collection":[{"href":"https:\/\/diariotextual.com\/inicio\/index.php\/wp-json\/wp\/v2\/posts"}],"about":[{"href":"https:\/\/diariotextual.com\/inicio\/index.php\/wp-json\/wp\/v2\/types\/post"}],"author":[{"embeddable":true,"href":"https:\/\/diariotextual.com\/inicio\/index.php\/wp-json\/wp\/v2\/users\/3"}],"replies":[{"embeddable":true,"href":"https:\/\/diariotextual.com\/inicio\/index.php\/wp-json\/wp\/v2\/comments?post=250385"}],"version-history":[{"count":1,"href":"https:\/\/diariotextual.com\/inicio\/index.php\/wp-json\/wp\/v2\/posts\/250385\/revisions"}],"predecessor-version":[{"id":250387,"href":"https:\/\/diariotextual.com\/inicio\/index.php\/wp-json\/wp\/v2\/posts\/250385\/revisions\/250387"}],"wp:featuredmedia":[{"embeddable":true,"href":"https:\/\/diariotextual.com\/inicio\/index.php\/wp-json\/wp\/v2\/media\/250386"}],"wp:attachment":[{"href":"https:\/\/diariotextual.com\/inicio\/index.php\/wp-json\/wp\/v2\/media?parent=250385"}],"wp:term":[{"taxonomy":"category","embeddable":true,"href":"https:\/\/diariotextual.com\/inicio\/index.php\/wp-json\/wp\/v2\/categories?post=250385"},{"taxonomy":"post_tag","embeddable":true,"href":"https:\/\/diariotextual.com\/inicio\/index.php\/wp-json\/wp\/v2\/tags?post=250385"}],"curies":[{"name":"wp","href":"https:\/\/api.w.org\/{rel}","templated":true}]}}