{"id":250467,"date":"2024-01-11T03:04:00","date_gmt":"2024-01-11T06:04:00","guid":{"rendered":"https:\/\/diariotextual.com\/inicio\/?p=250467"},"modified":"2024-01-11T11:58:10","modified_gmt":"2024-01-11T14:58:10","slug":"ziliotto-va-a-una-cumbre-de-gobernadores-patagonicos-en-neuquen","status":"publish","type":"post","link":"https:\/\/diariotextual.com\/inicio\/index.php\/2024\/01\/11\/ziliotto-va-a-una-cumbre-de-gobernadores-patagonicos-en-neuquen\/","title":{"rendered":"DNU y ley \u00f3mnibus: Ziliotto viaj\u00f3 a cumbre de gobernadores patag\u00f3nicos en Neuqu\u00e9n"},"content":{"rendered":"\n<p>Los <strong>gobernadores de las provincias patag\u00f3nicas<\/strong>, entre ellos el pampeanos<strong> Sergio Ziliotto<\/strong>, se re\u00fanen este jueves para consolidar la agenda regional y avanzar en estrategias frente al escenario que se abri\u00f3 a partir del <strong>Decreto de Necesidad y Urgencia<\/strong> y el proyecto de <strong>Ley \u00d3mnibus<\/strong>.<\/p>\n\n\n\n<p>A los mandatarios les preocupa el eventual avance sobre derechos consagrados a las provincias, en especial en lo que hace a los recursos (entre ellos el petr\u00f3leo y el gas). Buscan consolidar los canales de di\u00e1logo con el Gobierno nacional para abordar las pol\u00edticas que son de inter\u00e9s regional y que, de hecho, ya se han abordado en encuentros con funcionarios del gabinete.<\/p>\n\n\n\n<p>El encuentro tendr\u00e1 lugar, este jueves en Villa La Angostura, donde Rolando Figueroa ser\u00e1 el anfitri\u00f3n. Al bloque patag\u00f3nico lo integran tambi\u00e9n Alberto Weretilneck (R\u00edo Negro), Gustavo Melella (Tierra del Fuego), Ignacio Torres (Chubut), Claudio Vidal (Santa Cruz) y Sergio Ziliotto (La Pampa).<\/p>\n\n\n\n<p>Con el relanzamiento de la Liga de Gobernadores Patag\u00f3nicos buscan dar una clara se\u00f1al sobre la defensa a ultranza de los recursos de las provincias patag\u00f3nicas.<\/p>\n\n\n\n<p><\/p>\n\n\n\n<p><\/p>\n\n\n\n<p><\/p>\n","protected":false},"excerpt":{"rendered":"<p>Los gobernadores de las provincias patag\u00f3nicas, entre ellos el pampeanos Sergio Ziliotto, se re\u00fanen este jueves para consolidar la agenda regional y avanzar en estrategias frente al escenario que se&hellip;<\/p>\n","protected":false},"author":3,"featured_media":249506,"comment_status":"closed","ping_status":"open","sticky":false,"template":"","format":"standard","meta":{"_acf_changed":false,"footnotes":""},"categories":[8],"tags":[],"class_list":["post-250467","post","type-post","status-publish","format-standard","has-post-thumbnail","hentry","category-politica"],"acf":[],"yoast_head":"<!-- This site is optimized with the Yoast SEO plugin v27.5 - https:\/\/yoast.com\/product\/yoast-seo-wordpress\/ -->\n<title>DNU y ley \u00f3mnibus: Ziliotto viaj\u00f3 a cumbre de gobernadores patag\u00f3nicos en Neuqu\u00e9n - Diario Textual<\/title>\n<meta name=\"robots\" content=\"index, follow, max-snippet:-1, max-image-preview:large, max-video-preview:-1\" \/>\n<link rel=\"canonical\" href=\"https:\/\/diariotextual.com\/inicio\/index.php\/2024\/01\/11\/ziliotto-va-a-una-cumbre-de-gobernadores-patagonicos-en-neuquen\/\" \/>\n<meta property=\"og:locale\" content=\"es_ES\" \/>\n<meta property=\"og:type\" content=\"article\" \/>\n<meta property=\"og:title\" content=\"DNU y ley \u00f3mnibus: Ziliotto viaj\u00f3 a cumbre de gobernadores patag\u00f3nicos en Neuqu\u00e9n - Diario Textual\" \/>\n<meta property=\"og:description\" content=\"Los gobernadores de las provincias patag\u00f3nicas, entre ellos el pampeanos Sergio Ziliotto, se re\u00fanen este jueves para consolidar la agenda regional y avanzar en estrategias frente al escenario que se&hellip;\" \/>\n<meta property=\"og:url\" content=\"https:\/\/diariotextual.com\/inicio\/index.php\/2024\/01\/11\/ziliotto-va-a-una-cumbre-de-gobernadores-patagonicos-en-neuquen\/\" \/>\n<meta property=\"og:site_name\" content=\"Diario Textual\" \/>\n<meta property=\"article:publisher\" content=\"https:\/\/www.facebook.com\/eltextual\" \/>\n<meta property=\"article:published_time\" content=\"2024-01-11T06:04:00+00:00\" \/>\n<meta property=\"article:modified_time\" content=\"2024-01-11T14:58:10+00:00\" \/>\n<meta property=\"og:image\" content=\"https:\/\/diariotextual.com\/inicio\/wp-content\/uploads\/2023\/12\/ziliottosergio2024-56.jpg\" \/>\n\t<meta property=\"og:image:width\" content=\"1500\" \/>\n\t<meta property=\"og:image:height\" content=\"1000\" \/>\n\t<meta property=\"og:image:type\" content=\"image\/jpeg\" \/>\n<meta name=\"author\" content=\"Diario1 Diario1\" \/>\n<meta name=\"twitter:card\" content=\"summary_large_image\" \/>\n<meta name=\"twitter:creator\" content=\"@eltextual\" \/>\n<meta name=\"twitter:site\" content=\"@eltextual\" \/>\n<meta name=\"twitter:label1\" content=\"Escrito por\" \/>\n\t<meta name=\"twitter:data1\" content=\"Diario1 Diario1\" \/>\n\t<meta name=\"twitter:label2\" content=\"Tiempo de lectura\" \/>\n\t<meta name=\"twitter:data2\" content=\"2 minutos\" \/>\n<script type=\"application\/ld+json\" class=\"yoast-schema-graph\">{\"@context\":\"https:\\\/\\\/schema.org\",\"@graph\":[{\"@type\":\"Article\",\"@id\":\"https:\\\/\\\/diariotextual.com\\\/inicio\\\/index.php\\\/2024\\\/01\\\/11\\\/ziliotto-va-a-una-cumbre-de-gobernadores-patagonicos-en-neuquen\\\/#article\",\"isPartOf\":{\"@id\":\"https:\\\/\\\/diariotextual.com\\\/inicio\\\/index.php\\\/2024\\\/01\\\/11\\\/ziliotto-va-a-una-cumbre-de-gobernadores-patagonicos-en-neuquen\\\/\"},\"author\":{\"name\":\"Diario1 Diario1\",\"@id\":\"https:\\\/\\\/diariotextual.com\\\/inicio\\\/#\\\/schema\\\/person\\\/418fc4093c33e86ed41562db3508f958\"},\"headline\":\"DNU y ley \u00f3mnibus: Ziliotto viaj\u00f3 a cumbre de gobernadores patag\u00f3nicos en Neuqu\u00e9n\",\"datePublished\":\"2024-01-11T06:04:00+00:00\",\"dateModified\":\"2024-01-11T14:58:10+00:00\",\"mainEntityOfPage\":{\"@id\":\"https:\\\/\\\/diariotextual.com\\\/inicio\\\/index.php\\\/2024\\\/01\\\/11\\\/ziliotto-va-a-una-cumbre-de-gobernadores-patagonicos-en-neuquen\\\/\"},\"wordCount\":205,\"publisher\":{\"@id\":\"https:\\\/\\\/diariotextual.com\\\/inicio\\\/#organization\"},\"image\":{\"@id\":\"https:\\\/\\\/diariotextual.com\\\/inicio\\\/index.php\\\/2024\\\/01\\\/11\\\/ziliotto-va-a-una-cumbre-de-gobernadores-patagonicos-en-neuquen\\\/#primaryimage\"},\"thumbnailUrl\":\"https:\\\/\\\/diariotextual.com\\\/inicio\\\/wp-content\\\/uploads\\\/2023\\\/12\\\/ziliottosergio2024-56.jpg\",\"articleSection\":[\"POLITICA\"],\"inLanguage\":\"es\"},{\"@type\":\"WebPage\",\"@id\":\"https:\\\/\\\/diariotextual.com\\\/inicio\\\/index.php\\\/2024\\\/01\\\/11\\\/ziliotto-va-a-una-cumbre-de-gobernadores-patagonicos-en-neuquen\\\/\",\"url\":\"https:\\\/\\\/diariotextual.com\\\/inicio\\\/index.php\\\/2024\\\/01\\\/11\\\/ziliotto-va-a-una-cumbre-de-gobernadores-patagonicos-en-neuquen\\\/\",\"name\":\"DNU y ley \u00f3mnibus: Ziliotto viaj\u00f3 a cumbre de gobernadores patag\u00f3nicos en Neuqu\u00e9n - Diario Textual\",\"isPartOf\":{\"@id\":\"https:\\\/\\\/diariotextual.com\\\/inicio\\\/#website\"},\"primaryImageOfPage\":{\"@id\":\"https:\\\/\\\/diariotextual.com\\\/inicio\\\/index.php\\\/2024\\\/01\\\/11\\\/ziliotto-va-a-una-cumbre-de-gobernadores-patagonicos-en-neuquen\\\/#primaryimage\"},\"image\":{\"@id\":\"https:\\\/\\\/diariotextual.com\\\/inicio\\\/index.php\\\/2024\\\/01\\\/11\\\/ziliotto-va-a-una-cumbre-de-gobernadores-patagonicos-en-neuquen\\\/#primaryimage\"},\"thumbnailUrl\":\"https:\\\/\\\/diariotextual.com\\\/inicio\\\/wp-content\\\/uploads\\\/2023\\\/12\\\/ziliottosergio2024-56.jpg\",\"datePublished\":\"2024-01-11T06:04:00+00:00\",\"dateModified\":\"2024-01-11T14:58:10+00:00\",\"breadcrumb\":{\"@id\":\"https:\\\/\\\/diariotextual.com\\\/inicio\\\/index.php\\\/2024\\\/01\\\/11\\\/ziliotto-va-a-una-cumbre-de-gobernadores-patagonicos-en-neuquen\\\/#breadcrumb\"},\"inLanguage\":\"es\",\"potentialAction\":[{\"@type\":\"ReadAction\",\"target\":[\"https:\\\/\\\/diariotextual.com\\\/inicio\\\/index.php\\\/2024\\\/01\\\/11\\\/ziliotto-va-a-una-cumbre-de-gobernadores-patagonicos-en-neuquen\\\/\"]}]},{\"@type\":\"ImageObject\",\"inLanguage\":\"es\",\"@id\":\"https:\\\/\\\/diariotextual.com\\\/inicio\\\/index.php\\\/2024\\\/01\\\/11\\\/ziliotto-va-a-una-cumbre-de-gobernadores-patagonicos-en-neuquen\\\/#primaryimage\",\"url\":\"https:\\\/\\\/diariotextual.com\\\/inicio\\\/wp-content\\\/uploads\\\/2023\\\/12\\\/ziliottosergio2024-56.jpg\",\"contentUrl\":\"https:\\\/\\\/diariotextual.com\\\/inicio\\\/wp-content\\\/uploads\\\/2023\\\/12\\\/ziliottosergio2024-56.jpg\",\"width\":1500,\"height\":1000},{\"@type\":\"BreadcrumbList\",\"@id\":\"https:\\\/\\\/diariotextual.com\\\/inicio\\\/index.php\\\/2024\\\/01\\\/11\\\/ziliotto-va-a-una-cumbre-de-gobernadores-patagonicos-en-neuquen\\\/#breadcrumb\",\"itemListElement\":[{\"@type\":\"ListItem\",\"position\":1,\"name\":\"Portada\",\"item\":\"https:\\\/\\\/diariotextual.com\\\/inicio\\\/\"},{\"@type\":\"ListItem\",\"position\":2,\"name\":\"DNU y ley \u00f3mnibus: Ziliotto viaj\u00f3 a cumbre de gobernadores patag\u00f3nicos en Neuqu\u00e9n\"}]},{\"@type\":\"WebSite\",\"@id\":\"https:\\\/\\\/diariotextual.com\\\/inicio\\\/#website\",\"url\":\"https:\\\/\\\/diariotextual.com\\\/inicio\\\/\",\"name\":\"Diario Textual\",\"description\":\"\",\"publisher\":{\"@id\":\"https:\\\/\\\/diariotextual.com\\\/inicio\\\/#organization\"},\"potentialAction\":[{\"@type\":\"SearchAction\",\"target\":{\"@type\":\"EntryPoint\",\"urlTemplate\":\"https:\\\/\\\/diariotextual.com\\\/inicio\\\/?s={search_term_string}\"},\"query-input\":{\"@type\":\"PropertyValueSpecification\",\"valueRequired\":true,\"valueName\":\"search_term_string\"}}],\"inLanguage\":\"es\"},{\"@type\":\"Organization\",\"@id\":\"https:\\\/\\\/diariotextual.com\\\/inicio\\\/#organization\",\"name\":\"Diario Textual\",\"url\":\"https:\\\/\\\/diariotextual.com\\\/inicio\\\/\",\"logo\":{\"@type\":\"ImageObject\",\"inLanguage\":\"es\",\"@id\":\"https:\\\/\\\/diariotextual.com\\\/inicio\\\/#\\\/schema\\\/logo\\\/image\\\/\",\"url\":\"https:\\\/\\\/diariotextual.com\\\/inicio\\\/wp-content\\\/uploads\\\/2023\\\/05\\\/logotextual1.jpg\",\"contentUrl\":\"https:\\\/\\\/diariotextual.com\\\/inicio\\\/wp-content\\\/uploads\\\/2023\\\/05\\\/logotextual1.jpg\",\"width\":516,\"height\":76,\"caption\":\"Diario Textual\"},\"image\":{\"@id\":\"https:\\\/\\\/diariotextual.com\\\/inicio\\\/#\\\/schema\\\/logo\\\/image\\\/\"},\"sameAs\":[\"https:\\\/\\\/www.facebook.com\\\/eltextual\",\"https:\\\/\\\/x.com\\\/eltextual\",\"http:\\\/\\\/www.instagram.com\\\/eltextual\"]},{\"@type\":\"Person\",\"@id\":\"https:\\\/\\\/diariotextual.com\\\/inicio\\\/#\\\/schema\\\/person\\\/418fc4093c33e86ed41562db3508f958\",\"name\":\"Diario1 Diario1\",\"image\":{\"@type\":\"ImageObject\",\"inLanguage\":\"es\",\"@id\":\"https:\\\/\\\/secure.gravatar.com\\\/avatar\\\/9167d280179c85bc18be67aa7eda765854300033af4896dd779b608640f2ef7a?s=96&d=mm&r=g\",\"url\":\"https:\\\/\\\/secure.gravatar.com\\\/avatar\\\/9167d280179c85bc18be67aa7eda765854300033af4896dd779b608640f2ef7a?s=96&d=mm&r=g\",\"contentUrl\":\"https:\\\/\\\/secure.gravatar.com\\\/avatar\\\/9167d280179c85bc18be67aa7eda765854300033af4896dd779b608640f2ef7a?s=96&d=mm&r=g\",\"caption\":\"Diario1 Diario1\"},\"url\":\"https:\\\/\\\/diariotextual.com\\\/inicio\\\/index.php\\\/author\\\/diario1\\\/\"}]}<\/script>\n<!-- \/ Yoast SEO plugin. -->","yoast_head_json":{"title":"DNU y ley \u00f3mnibus: Ziliotto viaj\u00f3 a cumbre de gobernadores patag\u00f3nicos en Neuqu\u00e9n - Diario Textual","robots":{"index":"index","follow":"follow","max-snippet":"max-snippet:-1","max-image-preview":"max-image-preview:large","max-video-preview":"max-video-preview:-1"},"canonical":"https:\/\/diariotextual.com\/inicio\/index.php\/2024\/01\/11\/ziliotto-va-a-una-cumbre-de-gobernadores-patagonicos-en-neuquen\/","og_locale":"es_ES","og_type":"article","og_title":"DNU y ley \u00f3mnibus: Ziliotto viaj\u00f3 a cumbre de gobernadores patag\u00f3nicos en Neuqu\u00e9n - Diario Textual","og_description":"Los gobernadores de las provincias patag\u00f3nicas, entre ellos el pampeanos Sergio Ziliotto, se re\u00fanen este jueves para consolidar la agenda regional y avanzar en estrategias frente al escenario que se&hellip;","og_url":"https:\/\/diariotextual.com\/inicio\/index.php\/2024\/01\/11\/ziliotto-va-a-una-cumbre-de-gobernadores-patagonicos-en-neuquen\/","og_site_name":"Diario Textual","article_publisher":"https:\/\/www.facebook.com\/eltextual","article_published_time":"2024-01-11T06:04:00+00:00","article_modified_time":"2024-01-11T14:58:10+00:00","og_image":[{"width":1500,"height":1000,"url":"https:\/\/diariotextual.com\/inicio\/wp-content\/uploads\/2023\/12\/ziliottosergio2024-56.jpg","type":"image\/jpeg"}],"author":"Diario1 Diario1","twitter_card":"summary_large_image","twitter_creator":"@eltextual","twitter_site":"@eltextual","twitter_misc":{"Escrito por":"Diario1 Diario1","Tiempo de lectura":"2 minutos"},"schema":{"@context":"https:\/\/schema.org","@graph":[{"@type":"Article","@id":"https:\/\/diariotextual.com\/inicio\/index.php\/2024\/01\/11\/ziliotto-va-a-una-cumbre-de-gobernadores-patagonicos-en-neuquen\/#article","isPartOf":{"@id":"https:\/\/diariotextual.com\/inicio\/index.php\/2024\/01\/11\/ziliotto-va-a-una-cumbre-de-gobernadores-patagonicos-en-neuquen\/"},"author":{"name":"Diario1 Diario1","@id":"https:\/\/diariotextual.com\/inicio\/#\/schema\/person\/418fc4093c33e86ed41562db3508f958"},"headline":"DNU y ley \u00f3mnibus: Ziliotto viaj\u00f3 a cumbre de gobernadores patag\u00f3nicos en Neuqu\u00e9n","datePublished":"2024-01-11T06:04:00+00:00","dateModified":"2024-01-11T14:58:10+00:00","mainEntityOfPage":{"@id":"https:\/\/diariotextual.com\/inicio\/index.php\/2024\/01\/11\/ziliotto-va-a-una-cumbre-de-gobernadores-patagonicos-en-neuquen\/"},"wordCount":205,"publisher":{"@id":"https:\/\/diariotextual.com\/inicio\/#organization"},"image":{"@id":"https:\/\/diariotextual.com\/inicio\/index.php\/2024\/01\/11\/ziliotto-va-a-una-cumbre-de-gobernadores-patagonicos-en-neuquen\/#primaryimage"},"thumbnailUrl":"https:\/\/diariotextual.com\/inicio\/wp-content\/uploads\/2023\/12\/ziliottosergio2024-56.jpg","articleSection":["POLITICA"],"inLanguage":"es"},{"@type":"WebPage","@id":"https:\/\/diariotextual.com\/inicio\/index.php\/2024\/01\/11\/ziliotto-va-a-una-cumbre-de-gobernadores-patagonicos-en-neuquen\/","url":"https:\/\/diariotextual.com\/inicio\/index.php\/2024\/01\/11\/ziliotto-va-a-una-cumbre-de-gobernadores-patagonicos-en-neuquen\/","name":"DNU y ley \u00f3mnibus: Ziliotto viaj\u00f3 a cumbre de gobernadores patag\u00f3nicos en Neuqu\u00e9n - Diario Textual","isPartOf":{"@id":"https:\/\/diariotextual.com\/inicio\/#website"},"primaryImageOfPage":{"@id":"https:\/\/diariotextual.com\/inicio\/index.php\/2024\/01\/11\/ziliotto-va-a-una-cumbre-de-gobernadores-patagonicos-en-neuquen\/#primaryimage"},"image":{"@id":"https:\/\/diariotextual.com\/inicio\/index.php\/2024\/01\/11\/ziliotto-va-a-una-cumbre-de-gobernadores-patagonicos-en-neuquen\/#primaryimage"},"thumbnailUrl":"https:\/\/diariotextual.com\/inicio\/wp-content\/uploads\/2023\/12\/ziliottosergio2024-56.jpg","datePublished":"2024-01-11T06:04:00+00:00","dateModified":"2024-01-11T14:58:10+00:00","breadcrumb":{"@id":"https:\/\/diariotextual.com\/inicio\/index.php\/2024\/01\/11\/ziliotto-va-a-una-cumbre-de-gobernadores-patagonicos-en-neuquen\/#breadcrumb"},"inLanguage":"es","potentialAction":[{"@type":"ReadAction","target":["https:\/\/diariotextual.com\/inicio\/index.php\/2024\/01\/11\/ziliotto-va-a-una-cumbre-de-gobernadores-patagonicos-en-neuquen\/"]}]},{"@type":"ImageObject","inLanguage":"es","@id":"https:\/\/diariotextual.com\/inicio\/index.php\/2024\/01\/11\/ziliotto-va-a-una-cumbre-de-gobernadores-patagonicos-en-neuquen\/#primaryimage","url":"https:\/\/diariotextual.com\/inicio\/wp-content\/uploads\/2023\/12\/ziliottosergio2024-56.jpg","contentUrl":"https:\/\/diariotextual.com\/inicio\/wp-content\/uploads\/2023\/12\/ziliottosergio2024-56.jpg","width":1500,"height":1000},{"@type":"BreadcrumbList","@id":"https:\/\/diariotextual.com\/inicio\/index.php\/2024\/01\/11\/ziliotto-va-a-una-cumbre-de-gobernadores-patagonicos-en-neuquen\/#breadcrumb","itemListElement":[{"@type":"ListItem","position":1,"name":"Portada","item":"https:\/\/diariotextual.com\/inicio\/"},{"@type":"ListItem","position":2,"name":"DNU y ley \u00f3mnibus: Ziliotto viaj\u00f3 a cumbre de gobernadores patag\u00f3nicos en Neuqu\u00e9n"}]},{"@type":"WebSite","@id":"https:\/\/diariotextual.com\/inicio\/#website","url":"https:\/\/diariotextual.com\/inicio\/","name":"Diario Textual","description":"","publisher":{"@id":"https:\/\/diariotextual.com\/inicio\/#organization"},"potentialAction":[{"@type":"SearchAction","target":{"@type":"EntryPoint","urlTemplate":"https:\/\/diariotextual.com\/inicio\/?s={search_term_string}"},"query-input":{"@type":"PropertyValueSpecification","valueRequired":true,"valueName":"search_term_string"}}],"inLanguage":"es"},{"@type":"Organization","@id":"https:\/\/diariotextual.com\/inicio\/#organization","name":"Diario Textual","url":"https:\/\/diariotextual.com\/inicio\/","logo":{"@type":"ImageObject","inLanguage":"es","@id":"https:\/\/diariotextual.com\/inicio\/#\/schema\/logo\/image\/","url":"https:\/\/diariotextual.com\/inicio\/wp-content\/uploads\/2023\/05\/logotextual1.jpg","contentUrl":"https:\/\/diariotextual.com\/inicio\/wp-content\/uploads\/2023\/05\/logotextual1.jpg","width":516,"height":76,"caption":"Diario Textual"},"image":{"@id":"https:\/\/diariotextual.com\/inicio\/#\/schema\/logo\/image\/"},"sameAs":["https:\/\/www.facebook.com\/eltextual","https:\/\/x.com\/eltextual","http:\/\/www.instagram.com\/eltextual"]},{"@type":"Person","@id":"https:\/\/diariotextual.com\/inicio\/#\/schema\/person\/418fc4093c33e86ed41562db3508f958","name":"Diario1 Diario1","image":{"@type":"ImageObject","inLanguage":"es","@id":"https:\/\/secure.gravatar.com\/avatar\/9167d280179c85bc18be67aa7eda765854300033af4896dd779b608640f2ef7a?s=96&d=mm&r=g","url":"https:\/\/secure.gravatar.com\/avatar\/9167d280179c85bc18be67aa7eda765854300033af4896dd779b608640f2ef7a?s=96&d=mm&r=g","contentUrl":"https:\/\/secure.gravatar.com\/avatar\/9167d280179c85bc18be67aa7eda765854300033af4896dd779b608640f2ef7a?s=96&d=mm&r=g","caption":"Diario1 Diario1"},"url":"https:\/\/diariotextual.com\/inicio\/index.php\/author\/diario1\/"}]}},"_links":{"self":[{"href":"https:\/\/diariotextual.com\/inicio\/index.php\/wp-json\/wp\/v2\/posts\/250467","targetHints":{"allow":["GET"]}}],"collection":[{"href":"https:\/\/diariotextual.com\/inicio\/index.php\/wp-json\/wp\/v2\/posts"}],"about":[{"href":"https:\/\/diariotextual.com\/inicio\/index.php\/wp-json\/wp\/v2\/types\/post"}],"author":[{"embeddable":true,"href":"https:\/\/diariotextual.com\/inicio\/index.php\/wp-json\/wp\/v2\/users\/3"}],"replies":[{"embeddable":true,"href":"https:\/\/diariotextual.com\/inicio\/index.php\/wp-json\/wp\/v2\/comments?post=250467"}],"version-history":[{"count":6,"href":"https:\/\/diariotextual.com\/inicio\/index.php\/wp-json\/wp\/v2\/posts\/250467\/revisions"}],"predecessor-version":[{"id":250799,"href":"https:\/\/diariotextual.com\/inicio\/index.php\/wp-json\/wp\/v2\/posts\/250467\/revisions\/250799"}],"wp:featuredmedia":[{"embeddable":true,"href":"https:\/\/diariotextual.com\/inicio\/index.php\/wp-json\/wp\/v2\/media\/249506"}],"wp:attachment":[{"href":"https:\/\/diariotextual.com\/inicio\/index.php\/wp-json\/wp\/v2\/media?parent=250467"}],"wp:term":[{"taxonomy":"category","embeddable":true,"href":"https:\/\/diariotextual.com\/inicio\/index.php\/wp-json\/wp\/v2\/categories?post=250467"},{"taxonomy":"post_tag","embeddable":true,"href":"https:\/\/diariotextual.com\/inicio\/index.php\/wp-json\/wp\/v2\/tags?post=250467"}],"curies":[{"name":"wp","href":"https:\/\/api.w.org\/{rel}","templated":true}]}}