{"id":250495,"date":"2024-01-08T10:36:30","date_gmt":"2024-01-08T13:36:30","guid":{"rendered":"https:\/\/diariotextual.com\/inicio\/?p=250495"},"modified":"2024-01-08T11:44:27","modified_gmt":"2024-01-08T14:44:27","slug":"ardohain-pide-declarar-la-emergencia-hidrica-por-la-crecida-del-rio-colorado","status":"publish","type":"post","link":"https:\/\/diariotextual.com\/inicio\/index.php\/2024\/01\/08\/ardohain-pide-declarar-la-emergencia-hidrica-por-la-crecida-del-rio-colorado\/","title":{"rendered":"Ardohain pide declarar la emergencia h\u00eddrica por la crecida del r\u00edo Colorado"},"content":{"rendered":"\n<p>El diputado nacional <strong>Martin Ardohain (JxC)<\/strong> solicit\u00f3 al Poder Ejecutivo Nacional que declare de manera urgente la <strong>emergencia h\u00eddrica en la Ruta Nacional N\u00b0 151<\/strong>, desde la zona de El Sauzal, 25 de Mayo, 25 de Mayo viejo y Colonia Chica provincia de La Pampa, ocasionado por el <strong>incremento del caudal del r\u00edo Colorado.<\/strong><\/p>\n\n\n\n<figure class=\"wp-block-embed is-type-wp-embed is-provider-diario-textual wp-block-embed-diario-textual\"><div class=\"wp-block-embed__wrapper\">\n<blockquote class=\"wp-embedded-content\" data-secret=\"5x0hhC68SR\"><a href=\"https:\/\/diariotextual.com\/inicio\/index.php\/2024\/01\/07\/25-de-mayo-siguen-este-domingo-trabajando-para-que-el-rio-colorado-no-se-coma-a-la-ruta-151\/\">25 de Mayo: siguen trabajando para que el r\u00edo Colorado no se \u201ccoma\u201d a la ruta 151<\/a><\/blockquote><iframe class=\"wp-embedded-content\" sandbox=\"allow-scripts\" security=\"restricted\" style=\"position: absolute; clip: rect(1px, 1px, 1px, 1px);\" title=\"\u00ab25 de Mayo: siguen trabajando para que el r\u00edo Colorado no se \u201ccoma\u201d a la ruta 151\u00bb \u2014 Diario Textual\" src=\"https:\/\/diariotextual.com\/inicio\/index.php\/2024\/01\/07\/25-de-mayo-siguen-este-domingo-trabajando-para-que-el-rio-colorado-no-se-coma-a-la-ruta-151\/embed\/#?secret=xsQv90sEWn#?secret=5x0hhC68SR\" data-secret=\"5x0hhC68SR\" width=\"600\" height=\"338\" frameborder=\"0\" marginwidth=\"0\" marginheight=\"0\" scrolling=\"no\"><\/iframe>\n<\/div><\/figure>\n\n\n\n<p>Solicit\u00f3 que se instrumenten los mecanismos necesarios para avanzar en la refacci\u00f3n del tramo de la RN151, entre el Puente Dique y Cruce del Desierto (RP20), con motivo de prevenci\u00f3n y a fin de evitar el desborde del r\u00edo hacia la zona de El Sauzal y 25 de Mayo.<\/p>\n\n\n\n<p>\u201cEl caudal del r\u00edo aument\u00f3 de tal manera que el agua avanz\u00f3 hasta quedar a tan solo siete metros de la Ruta Nacional N\u00b0 151, arrasando con los sauces de gran porte que durante a\u00f1os funcionaron como barrera, adem\u00e1s de ocasionar da\u00f1os materiales en el camping municipal del cual queda un solo banco, el resto fue arrastrado por el agua\u201d, advirti\u00f3 el legislador.<\/p>\n\n\n\n<p>\u201cHoy la mayor preocupaci\u00f3n est\u00e1 en que la calzada no est\u00e1 preparada para funcionar como contenci\u00f3n de agua y que del otro lado la Ruta Nacional N\u00b0 151 hay un desnivel de 4 mts aproximadamente, que de sufrir alg\u00fan desborde de agua tomar\u00eda curso hacia El Sauzal zona poblada por vecinos y tambi\u00e9n llegando a la zona de 25 de Mayo, por la Ruta Provincial N\u00b0 34\u201d, alert\u00f3.<\/p>\n\n\n\n<p>\u201cM\u00e1s all\u00e1, de los esfuerzos mancomunados de las autoridades locales, provinciales y empresas del medio, los riesgos siguen siendo altos y es necesario seguir sumando actores para ayudar en las medidas de prevenci\u00f3n\u201d finaliz\u00f3. <\/p>\n\n\n\n<p>Acompa\u00f1an el proyecto las diputadas y diputados nacionales Mart\u00edn Maquieyra, Marcela Coli, Anibal Tortoriello, Jos\u00e9 Nu\u00f1ez, Mar\u00eda Florencia De Sensi, Patricia Vasquez, Sergio Capozzi, Karina Backey, Maril\u00fa Quir\u00f3z, H\u00e9ctor Stefani, Alejandro Finocchiaro y Sof\u00eda Brambrilla.<\/p>\n","protected":false},"excerpt":{"rendered":"<p>El diputado nacional Martin Ardohain (JxC) solicit\u00f3 al Poder Ejecutivo Nacional que declare de manera urgente la emergencia h\u00eddrica en la Ruta Nacional N\u00b0 151, desde la zona de El&hellip;<\/p>\n","protected":false},"author":7,"featured_media":250496,"comment_status":"closed","ping_status":"open","sticky":false,"template":"","format":"standard","meta":{"_acf_changed":false,"footnotes":""},"categories":[1,8],"tags":[],"class_list":["post-250495","post","type-post","status-publish","format-standard","has-post-thumbnail","hentry","category-es-noticia","category-politica"],"acf":[],"yoast_head":"<!-- This site is optimized with the Yoast SEO plugin v27.5 - https:\/\/yoast.com\/product\/yoast-seo-wordpress\/ -->\n<title>Ardohain pide declarar la emergencia h\u00eddrica por la crecida del r\u00edo Colorado - Diario Textual<\/title>\n<meta name=\"robots\" content=\"index, follow, max-snippet:-1, max-image-preview:large, max-video-preview:-1\" \/>\n<link rel=\"canonical\" href=\"https:\/\/diariotextual.com\/inicio\/index.php\/2024\/01\/08\/ardohain-pide-declarar-la-emergencia-hidrica-por-la-crecida-del-rio-colorado\/\" \/>\n<meta property=\"og:locale\" content=\"es_ES\" \/>\n<meta property=\"og:type\" content=\"article\" \/>\n<meta property=\"og:title\" content=\"Ardohain pide declarar la emergencia h\u00eddrica por la crecida del r\u00edo Colorado - Diario Textual\" \/>\n<meta property=\"og:description\" content=\"El diputado nacional Martin Ardohain (JxC) solicit\u00f3 al Poder Ejecutivo Nacional que declare de manera urgente la emergencia h\u00eddrica en la Ruta Nacional N\u00b0 151, desde la zona de El&hellip;\" \/>\n<meta property=\"og:url\" content=\"https:\/\/diariotextual.com\/inicio\/index.php\/2024\/01\/08\/ardohain-pide-declarar-la-emergencia-hidrica-por-la-crecida-del-rio-colorado\/\" \/>\n<meta property=\"og:site_name\" content=\"Diario Textual\" \/>\n<meta property=\"article:publisher\" content=\"https:\/\/www.facebook.com\/eltextual\" \/>\n<meta property=\"article:published_time\" content=\"2024-01-08T13:36:30+00:00\" \/>\n<meta property=\"article:modified_time\" content=\"2024-01-08T14:44:27+00:00\" \/>\n<meta property=\"og:image\" content=\"https:\/\/diariotextual.com\/inicio\/wp-content\/uploads\/2024\/01\/riocoloradocrecidaruta151.jpg\" \/>\n\t<meta property=\"og:image:width\" content=\"717\" \/>\n\t<meta property=\"og:image:height\" content=\"541\" \/>\n\t<meta property=\"og:image:type\" content=\"image\/jpeg\" \/>\n<meta name=\"author\" content=\"diario5\" \/>\n<meta name=\"twitter:card\" content=\"summary_large_image\" \/>\n<meta name=\"twitter:creator\" content=\"@eltextual\" \/>\n<meta name=\"twitter:site\" content=\"@eltextual\" \/>\n<meta name=\"twitter:label1\" content=\"Escrito por\" \/>\n\t<meta name=\"twitter:data1\" content=\"diario5\" \/>\n\t<meta name=\"twitter:label2\" content=\"Tiempo de lectura\" \/>\n\t<meta name=\"twitter:data2\" content=\"2 minutos\" \/>\n<script type=\"application\/ld+json\" class=\"yoast-schema-graph\">{\"@context\":\"https:\\\/\\\/schema.org\",\"@graph\":[{\"@type\":\"Article\",\"@id\":\"https:\\\/\\\/diariotextual.com\\\/inicio\\\/index.php\\\/2024\\\/01\\\/08\\\/ardohain-pide-declarar-la-emergencia-hidrica-por-la-crecida-del-rio-colorado\\\/#article\",\"isPartOf\":{\"@id\":\"https:\\\/\\\/diariotextual.com\\\/inicio\\\/index.php\\\/2024\\\/01\\\/08\\\/ardohain-pide-declarar-la-emergencia-hidrica-por-la-crecida-del-rio-colorado\\\/\"},\"author\":{\"name\":\"diario5\",\"@id\":\"https:\\\/\\\/diariotextual.com\\\/inicio\\\/#\\\/schema\\\/person\\\/c7834961ad8b29b1d9cdbf4571299067\"},\"headline\":\"Ardohain pide declarar la emergencia h\u00eddrica por la crecida del r\u00edo Colorado\",\"datePublished\":\"2024-01-08T13:36:30+00:00\",\"dateModified\":\"2024-01-08T14:44:27+00:00\",\"mainEntityOfPage\":{\"@id\":\"https:\\\/\\\/diariotextual.com\\\/inicio\\\/index.php\\\/2024\\\/01\\\/08\\\/ardohain-pide-declarar-la-emergencia-hidrica-por-la-crecida-del-rio-colorado\\\/\"},\"wordCount\":338,\"publisher\":{\"@id\":\"https:\\\/\\\/diariotextual.com\\\/inicio\\\/#organization\"},\"image\":{\"@id\":\"https:\\\/\\\/diariotextual.com\\\/inicio\\\/index.php\\\/2024\\\/01\\\/08\\\/ardohain-pide-declarar-la-emergencia-hidrica-por-la-crecida-del-rio-colorado\\\/#primaryimage\"},\"thumbnailUrl\":\"https:\\\/\\\/diariotextual.com\\\/inicio\\\/wp-content\\\/uploads\\\/2024\\\/01\\\/riocoloradocrecidaruta151.jpg\",\"articleSection\":[\"A - ES NOTICIA (van abajo)\",\"POLITICA\"],\"inLanguage\":\"es\"},{\"@type\":\"WebPage\",\"@id\":\"https:\\\/\\\/diariotextual.com\\\/inicio\\\/index.php\\\/2024\\\/01\\\/08\\\/ardohain-pide-declarar-la-emergencia-hidrica-por-la-crecida-del-rio-colorado\\\/\",\"url\":\"https:\\\/\\\/diariotextual.com\\\/inicio\\\/index.php\\\/2024\\\/01\\\/08\\\/ardohain-pide-declarar-la-emergencia-hidrica-por-la-crecida-del-rio-colorado\\\/\",\"name\":\"Ardohain pide declarar la emergencia h\u00eddrica por la crecida del r\u00edo Colorado - Diario Textual\",\"isPartOf\":{\"@id\":\"https:\\\/\\\/diariotextual.com\\\/inicio\\\/#website\"},\"primaryImageOfPage\":{\"@id\":\"https:\\\/\\\/diariotextual.com\\\/inicio\\\/index.php\\\/2024\\\/01\\\/08\\\/ardohain-pide-declarar-la-emergencia-hidrica-por-la-crecida-del-rio-colorado\\\/#primaryimage\"},\"image\":{\"@id\":\"https:\\\/\\\/diariotextual.com\\\/inicio\\\/index.php\\\/2024\\\/01\\\/08\\\/ardohain-pide-declarar-la-emergencia-hidrica-por-la-crecida-del-rio-colorado\\\/#primaryimage\"},\"thumbnailUrl\":\"https:\\\/\\\/diariotextual.com\\\/inicio\\\/wp-content\\\/uploads\\\/2024\\\/01\\\/riocoloradocrecidaruta151.jpg\",\"datePublished\":\"2024-01-08T13:36:30+00:00\",\"dateModified\":\"2024-01-08T14:44:27+00:00\",\"breadcrumb\":{\"@id\":\"https:\\\/\\\/diariotextual.com\\\/inicio\\\/index.php\\\/2024\\\/01\\\/08\\\/ardohain-pide-declarar-la-emergencia-hidrica-por-la-crecida-del-rio-colorado\\\/#breadcrumb\"},\"inLanguage\":\"es\",\"potentialAction\":[{\"@type\":\"ReadAction\",\"target\":[\"https:\\\/\\\/diariotextual.com\\\/inicio\\\/index.php\\\/2024\\\/01\\\/08\\\/ardohain-pide-declarar-la-emergencia-hidrica-por-la-crecida-del-rio-colorado\\\/\"]}]},{\"@type\":\"ImageObject\",\"inLanguage\":\"es\",\"@id\":\"https:\\\/\\\/diariotextual.com\\\/inicio\\\/index.php\\\/2024\\\/01\\\/08\\\/ardohain-pide-declarar-la-emergencia-hidrica-por-la-crecida-del-rio-colorado\\\/#primaryimage\",\"url\":\"https:\\\/\\\/diariotextual.com\\\/inicio\\\/wp-content\\\/uploads\\\/2024\\\/01\\\/riocoloradocrecidaruta151.jpg\",\"contentUrl\":\"https:\\\/\\\/diariotextual.com\\\/inicio\\\/wp-content\\\/uploads\\\/2024\\\/01\\\/riocoloradocrecidaruta151.jpg\",\"width\":717,\"height\":541},{\"@type\":\"BreadcrumbList\",\"@id\":\"https:\\\/\\\/diariotextual.com\\\/inicio\\\/index.php\\\/2024\\\/01\\\/08\\\/ardohain-pide-declarar-la-emergencia-hidrica-por-la-crecida-del-rio-colorado\\\/#breadcrumb\",\"itemListElement\":[{\"@type\":\"ListItem\",\"position\":1,\"name\":\"Portada\",\"item\":\"https:\\\/\\\/diariotextual.com\\\/inicio\\\/\"},{\"@type\":\"ListItem\",\"position\":2,\"name\":\"Ardohain pide declarar la emergencia h\u00eddrica por la crecida del r\u00edo Colorado\"}]},{\"@type\":\"WebSite\",\"@id\":\"https:\\\/\\\/diariotextual.com\\\/inicio\\\/#website\",\"url\":\"https:\\\/\\\/diariotextual.com\\\/inicio\\\/\",\"name\":\"Diario Textual\",\"description\":\"\",\"publisher\":{\"@id\":\"https:\\\/\\\/diariotextual.com\\\/inicio\\\/#organization\"},\"potentialAction\":[{\"@type\":\"SearchAction\",\"target\":{\"@type\":\"EntryPoint\",\"urlTemplate\":\"https:\\\/\\\/diariotextual.com\\\/inicio\\\/?s={search_term_string}\"},\"query-input\":{\"@type\":\"PropertyValueSpecification\",\"valueRequired\":true,\"valueName\":\"search_term_string\"}}],\"inLanguage\":\"es\"},{\"@type\":\"Organization\",\"@id\":\"https:\\\/\\\/diariotextual.com\\\/inicio\\\/#organization\",\"name\":\"Diario Textual\",\"url\":\"https:\\\/\\\/diariotextual.com\\\/inicio\\\/\",\"logo\":{\"@type\":\"ImageObject\",\"inLanguage\":\"es\",\"@id\":\"https:\\\/\\\/diariotextual.com\\\/inicio\\\/#\\\/schema\\\/logo\\\/image\\\/\",\"url\":\"https:\\\/\\\/diariotextual.com\\\/inicio\\\/wp-content\\\/uploads\\\/2023\\\/05\\\/logotextual1.jpg\",\"contentUrl\":\"https:\\\/\\\/diariotextual.com\\\/inicio\\\/wp-content\\\/uploads\\\/2023\\\/05\\\/logotextual1.jpg\",\"width\":516,\"height\":76,\"caption\":\"Diario Textual\"},\"image\":{\"@id\":\"https:\\\/\\\/diariotextual.com\\\/inicio\\\/#\\\/schema\\\/logo\\\/image\\\/\"},\"sameAs\":[\"https:\\\/\\\/www.facebook.com\\\/eltextual\",\"https:\\\/\\\/x.com\\\/eltextual\",\"http:\\\/\\\/www.instagram.com\\\/eltextual\"]},{\"@type\":\"Person\",\"@id\":\"https:\\\/\\\/diariotextual.com\\\/inicio\\\/#\\\/schema\\\/person\\\/c7834961ad8b29b1d9cdbf4571299067\",\"name\":\"diario5\",\"image\":{\"@type\":\"ImageObject\",\"inLanguage\":\"es\",\"@id\":\"https:\\\/\\\/secure.gravatar.com\\\/avatar\\\/948c893b847ca6df68216ead81b63f363408ec9b0f600fefc0641ce78613b111?s=96&d=mm&r=g\",\"url\":\"https:\\\/\\\/secure.gravatar.com\\\/avatar\\\/948c893b847ca6df68216ead81b63f363408ec9b0f600fefc0641ce78613b111?s=96&d=mm&r=g\",\"contentUrl\":\"https:\\\/\\\/secure.gravatar.com\\\/avatar\\\/948c893b847ca6df68216ead81b63f363408ec9b0f600fefc0641ce78613b111?s=96&d=mm&r=g\",\"caption\":\"diario5\"},\"url\":\"https:\\\/\\\/diariotextual.com\\\/inicio\\\/index.php\\\/author\\\/diario5\\\/\"}]}<\/script>\n<!-- \/ Yoast SEO plugin. -->","yoast_head_json":{"title":"Ardohain pide declarar la emergencia h\u00eddrica por la crecida del r\u00edo Colorado - Diario Textual","robots":{"index":"index","follow":"follow","max-snippet":"max-snippet:-1","max-image-preview":"max-image-preview:large","max-video-preview":"max-video-preview:-1"},"canonical":"https:\/\/diariotextual.com\/inicio\/index.php\/2024\/01\/08\/ardohain-pide-declarar-la-emergencia-hidrica-por-la-crecida-del-rio-colorado\/","og_locale":"es_ES","og_type":"article","og_title":"Ardohain pide declarar la emergencia h\u00eddrica por la crecida del r\u00edo Colorado - Diario Textual","og_description":"El diputado nacional Martin Ardohain (JxC) solicit\u00f3 al Poder Ejecutivo Nacional que declare de manera urgente la emergencia h\u00eddrica en la Ruta Nacional N\u00b0 151, desde la zona de El&hellip;","og_url":"https:\/\/diariotextual.com\/inicio\/index.php\/2024\/01\/08\/ardohain-pide-declarar-la-emergencia-hidrica-por-la-crecida-del-rio-colorado\/","og_site_name":"Diario Textual","article_publisher":"https:\/\/www.facebook.com\/eltextual","article_published_time":"2024-01-08T13:36:30+00:00","article_modified_time":"2024-01-08T14:44:27+00:00","og_image":[{"width":717,"height":541,"url":"https:\/\/diariotextual.com\/inicio\/wp-content\/uploads\/2024\/01\/riocoloradocrecidaruta151.jpg","type":"image\/jpeg"}],"author":"diario5","twitter_card":"summary_large_image","twitter_creator":"@eltextual","twitter_site":"@eltextual","twitter_misc":{"Escrito por":"diario5","Tiempo de lectura":"2 minutos"},"schema":{"@context":"https:\/\/schema.org","@graph":[{"@type":"Article","@id":"https:\/\/diariotextual.com\/inicio\/index.php\/2024\/01\/08\/ardohain-pide-declarar-la-emergencia-hidrica-por-la-crecida-del-rio-colorado\/#article","isPartOf":{"@id":"https:\/\/diariotextual.com\/inicio\/index.php\/2024\/01\/08\/ardohain-pide-declarar-la-emergencia-hidrica-por-la-crecida-del-rio-colorado\/"},"author":{"name":"diario5","@id":"https:\/\/diariotextual.com\/inicio\/#\/schema\/person\/c7834961ad8b29b1d9cdbf4571299067"},"headline":"Ardohain pide declarar la emergencia h\u00eddrica por la crecida del r\u00edo Colorado","datePublished":"2024-01-08T13:36:30+00:00","dateModified":"2024-01-08T14:44:27+00:00","mainEntityOfPage":{"@id":"https:\/\/diariotextual.com\/inicio\/index.php\/2024\/01\/08\/ardohain-pide-declarar-la-emergencia-hidrica-por-la-crecida-del-rio-colorado\/"},"wordCount":338,"publisher":{"@id":"https:\/\/diariotextual.com\/inicio\/#organization"},"image":{"@id":"https:\/\/diariotextual.com\/inicio\/index.php\/2024\/01\/08\/ardohain-pide-declarar-la-emergencia-hidrica-por-la-crecida-del-rio-colorado\/#primaryimage"},"thumbnailUrl":"https:\/\/diariotextual.com\/inicio\/wp-content\/uploads\/2024\/01\/riocoloradocrecidaruta151.jpg","articleSection":["A - ES NOTICIA (van abajo)","POLITICA"],"inLanguage":"es"},{"@type":"WebPage","@id":"https:\/\/diariotextual.com\/inicio\/index.php\/2024\/01\/08\/ardohain-pide-declarar-la-emergencia-hidrica-por-la-crecida-del-rio-colorado\/","url":"https:\/\/diariotextual.com\/inicio\/index.php\/2024\/01\/08\/ardohain-pide-declarar-la-emergencia-hidrica-por-la-crecida-del-rio-colorado\/","name":"Ardohain pide declarar la emergencia h\u00eddrica por la crecida del r\u00edo Colorado - Diario Textual","isPartOf":{"@id":"https:\/\/diariotextual.com\/inicio\/#website"},"primaryImageOfPage":{"@id":"https:\/\/diariotextual.com\/inicio\/index.php\/2024\/01\/08\/ardohain-pide-declarar-la-emergencia-hidrica-por-la-crecida-del-rio-colorado\/#primaryimage"},"image":{"@id":"https:\/\/diariotextual.com\/inicio\/index.php\/2024\/01\/08\/ardohain-pide-declarar-la-emergencia-hidrica-por-la-crecida-del-rio-colorado\/#primaryimage"},"thumbnailUrl":"https:\/\/diariotextual.com\/inicio\/wp-content\/uploads\/2024\/01\/riocoloradocrecidaruta151.jpg","datePublished":"2024-01-08T13:36:30+00:00","dateModified":"2024-01-08T14:44:27+00:00","breadcrumb":{"@id":"https:\/\/diariotextual.com\/inicio\/index.php\/2024\/01\/08\/ardohain-pide-declarar-la-emergencia-hidrica-por-la-crecida-del-rio-colorado\/#breadcrumb"},"inLanguage":"es","potentialAction":[{"@type":"ReadAction","target":["https:\/\/diariotextual.com\/inicio\/index.php\/2024\/01\/08\/ardohain-pide-declarar-la-emergencia-hidrica-por-la-crecida-del-rio-colorado\/"]}]},{"@type":"ImageObject","inLanguage":"es","@id":"https:\/\/diariotextual.com\/inicio\/index.php\/2024\/01\/08\/ardohain-pide-declarar-la-emergencia-hidrica-por-la-crecida-del-rio-colorado\/#primaryimage","url":"https:\/\/diariotextual.com\/inicio\/wp-content\/uploads\/2024\/01\/riocoloradocrecidaruta151.jpg","contentUrl":"https:\/\/diariotextual.com\/inicio\/wp-content\/uploads\/2024\/01\/riocoloradocrecidaruta151.jpg","width":717,"height":541},{"@type":"BreadcrumbList","@id":"https:\/\/diariotextual.com\/inicio\/index.php\/2024\/01\/08\/ardohain-pide-declarar-la-emergencia-hidrica-por-la-crecida-del-rio-colorado\/#breadcrumb","itemListElement":[{"@type":"ListItem","position":1,"name":"Portada","item":"https:\/\/diariotextual.com\/inicio\/"},{"@type":"ListItem","position":2,"name":"Ardohain pide declarar la emergencia h\u00eddrica por la crecida del r\u00edo Colorado"}]},{"@type":"WebSite","@id":"https:\/\/diariotextual.com\/inicio\/#website","url":"https:\/\/diariotextual.com\/inicio\/","name":"Diario Textual","description":"","publisher":{"@id":"https:\/\/diariotextual.com\/inicio\/#organization"},"potentialAction":[{"@type":"SearchAction","target":{"@type":"EntryPoint","urlTemplate":"https:\/\/diariotextual.com\/inicio\/?s={search_term_string}"},"query-input":{"@type":"PropertyValueSpecification","valueRequired":true,"valueName":"search_term_string"}}],"inLanguage":"es"},{"@type":"Organization","@id":"https:\/\/diariotextual.com\/inicio\/#organization","name":"Diario Textual","url":"https:\/\/diariotextual.com\/inicio\/","logo":{"@type":"ImageObject","inLanguage":"es","@id":"https:\/\/diariotextual.com\/inicio\/#\/schema\/logo\/image\/","url":"https:\/\/diariotextual.com\/inicio\/wp-content\/uploads\/2023\/05\/logotextual1.jpg","contentUrl":"https:\/\/diariotextual.com\/inicio\/wp-content\/uploads\/2023\/05\/logotextual1.jpg","width":516,"height":76,"caption":"Diario Textual"},"image":{"@id":"https:\/\/diariotextual.com\/inicio\/#\/schema\/logo\/image\/"},"sameAs":["https:\/\/www.facebook.com\/eltextual","https:\/\/x.com\/eltextual","http:\/\/www.instagram.com\/eltextual"]},{"@type":"Person","@id":"https:\/\/diariotextual.com\/inicio\/#\/schema\/person\/c7834961ad8b29b1d9cdbf4571299067","name":"diario5","image":{"@type":"ImageObject","inLanguage":"es","@id":"https:\/\/secure.gravatar.com\/avatar\/948c893b847ca6df68216ead81b63f363408ec9b0f600fefc0641ce78613b111?s=96&d=mm&r=g","url":"https:\/\/secure.gravatar.com\/avatar\/948c893b847ca6df68216ead81b63f363408ec9b0f600fefc0641ce78613b111?s=96&d=mm&r=g","contentUrl":"https:\/\/secure.gravatar.com\/avatar\/948c893b847ca6df68216ead81b63f363408ec9b0f600fefc0641ce78613b111?s=96&d=mm&r=g","caption":"diario5"},"url":"https:\/\/diariotextual.com\/inicio\/index.php\/author\/diario5\/"}]}},"_links":{"self":[{"href":"https:\/\/diariotextual.com\/inicio\/index.php\/wp-json\/wp\/v2\/posts\/250495","targetHints":{"allow":["GET"]}}],"collection":[{"href":"https:\/\/diariotextual.com\/inicio\/index.php\/wp-json\/wp\/v2\/posts"}],"about":[{"href":"https:\/\/diariotextual.com\/inicio\/index.php\/wp-json\/wp\/v2\/types\/post"}],"author":[{"embeddable":true,"href":"https:\/\/diariotextual.com\/inicio\/index.php\/wp-json\/wp\/v2\/users\/7"}],"replies":[{"embeddable":true,"href":"https:\/\/diariotextual.com\/inicio\/index.php\/wp-json\/wp\/v2\/comments?post=250495"}],"version-history":[{"count":3,"href":"https:\/\/diariotextual.com\/inicio\/index.php\/wp-json\/wp\/v2\/posts\/250495\/revisions"}],"predecessor-version":[{"id":250502,"href":"https:\/\/diariotextual.com\/inicio\/index.php\/wp-json\/wp\/v2\/posts\/250495\/revisions\/250502"}],"wp:featuredmedia":[{"embeddable":true,"href":"https:\/\/diariotextual.com\/inicio\/index.php\/wp-json\/wp\/v2\/media\/250496"}],"wp:attachment":[{"href":"https:\/\/diariotextual.com\/inicio\/index.php\/wp-json\/wp\/v2\/media?parent=250495"}],"wp:term":[{"taxonomy":"category","embeddable":true,"href":"https:\/\/diariotextual.com\/inicio\/index.php\/wp-json\/wp\/v2\/categories?post=250495"},{"taxonomy":"post_tag","embeddable":true,"href":"https:\/\/diariotextual.com\/inicio\/index.php\/wp-json\/wp\/v2\/tags?post=250495"}],"curies":[{"name":"wp","href":"https:\/\/api.w.org\/{rel}","templated":true}]}}