{"id":250562,"date":"2024-01-09T18:00:00","date_gmt":"2024-01-09T21:00:00","guid":{"rendered":"https:\/\/diariotextual.com\/inicio\/?p=250562"},"modified":"2024-01-10T00:01:51","modified_gmt":"2024-01-10T03:01:51","slug":"a-contrarreloj-arranca-el-debate-de-la-ley-omnibus-y-el-gobierno-concede-nuevos-cambios","status":"publish","type":"post","link":"https:\/\/diariotextual.com\/inicio\/index.php\/2024\/01\/09\/a-contrarreloj-arranca-el-debate-de-la-ley-omnibus-y-el-gobierno-concede-nuevos-cambios\/","title":{"rendered":"Arranc\u00f3 el debate de la Ley \u00d3mnibus en comisiones"},"content":{"rendered":"\n<p>La C\u00e1mara de Diputados analizaba esta tarde el proyecto de&nbsp;<strong>ley de \u201cBases y Puntos de Partida para la Libertad de los Argentinos\u201d<\/strong>, en un plenario de comisiones con la presencia de funcionarios del Poder Ejecutivo.<br><br>El proyecto comenz\u00f3 a ser debatido en un plenario de las Comisiones de&nbsp;<strong>Legislaci\u00f3n General<\/strong>,&nbsp;<strong>Asuntos Constitucionales<\/strong>&nbsp;y de&nbsp;<strong>Presupuesto<\/strong>, donde expon\u00edan el Procurador del Tesoro,&nbsp;<strong>Rodolfo Barra<\/strong>; el secretario de Energ\u00eda,&nbsp;<strong>Eduardo Rodr\u00edguez Chirillo<\/strong>, y el ministro de Justicia,&nbsp;<strong>Mariano C\u00faneo Libarona<\/strong>.<br><br>El encargado de llevar adelante el plenario era el diputado de La Libertad Avanza&nbsp;<strong>Gabriel Bornoroni<\/strong>, presidente de la comisi\u00f3n de Legislaci\u00f3n General, quien dio a conocer el cronograma de trabajo de los legisladores para esta jornada.<\/p>\n\n\n\n<p>\u201cVamos a dar la palabra a un grupo de diputados de a cinco, con cinco minutos cada uno. El funcionario va a responder preguntas y as\u00ed sucesivamente. Es importante que todos utilicen los cinco minutos para que todos puedan preguntar. Antes expone el funcionario\u201d, afirm\u00f3 Bornoroni, al iniciar la reuni\u00f3n que se desarroll\u00f3 en un clima de tensi\u00f3n.<br><br>Desde la oposici\u00f3n, el jefe del bloque de diputados de Uni\u00f3n por la Patria,&nbsp;<strong>Germ\u00e1n Mart\u00ednez<\/strong>, pidi\u00f3 que concurran el jefe de Gabinete de ministros,&nbsp;<strong>Nicol\u00e1s Posse<\/strong>, y el ministro de Econom\u00eda,&nbsp;<strong>Luis Caputo<\/strong>, a la vez que reclam\u00f3 la exposici\u00f3n de manera presencial del asesor presidencial&nbsp;<strong>Federico Sturzenegger<\/strong>&nbsp;y de todos los ministros del Poder Ejecutivo, en virtud de los temas contemplados en la ley.<br><br>Germ\u00e1n Mart\u00ednez plante\u00f3 adem\u00e1s que se contemple la presencia de colectivos y organizaciones afectadas por el DNU y por la ley \u00f3mnibus.<\/p>\n\n\n\n<p>A su turno, la diputada del Frente de Izquierda,&nbsp;<strong>Myriam Bregman<\/strong>, cuestion\u00f3 a&nbsp;<strong>Jos\u00e9 Luis Espert<\/strong>, presidente de la comisi\u00f3n de Presupuesto y Hacienda, \u201cpor haber pedido balas\u201d para legisladores de izquierda, y pidi\u00f3 ampliar el giro a otras comisiones, a la vez que dijo que \u201cm\u00e1s que un (ley) \u00f3mnibus esto parece un tren fantasma\u201d.<br><br>En el marco del plenario, el diputado de UxP y secretario general de la Asociaci\u00f3n Bancaria,&nbsp;<strong>Sergio Palazzo<\/strong>, pidi\u00f3 que los presidentes de las comisiones que participan del plenario digan si \u201chan recibido pedidos de coimas de diputadas o diputados\u201d, como plante\u00f3 el presidente Javier Milei, d\u00edas atr\u00e1s en una entrevista televisiva.<\/p>\n\n\n\n<p>\u201cNo tiene ning\u00fan asidero su pregunta, diputado, no estamos tratando el tema en cuesti\u00f3n\u201d, asever\u00f3 Bornoroni, quien ante la insistencia de Palazzo sobre si hab\u00eda recibido alg\u00fan pedido en ese sentido asegur\u00f3: \u201cNo, obvio que no\u201d.<br><br>El plenario continuaba con la exposici\u00f3n de Jos\u00e9 Rolandi, Secretario Ejecutivo de Gobierno de la Jefatura de Gabinete; Rodr\u00edguez Chirillo y Barra, quienes precisaron alcances de la reforma del Estado.<\/p>\n\n\n\n<p>El Procurador del Tesoro de la Naci\u00f3n,&nbsp;<strong>Rodolfo Barra<\/strong>, dijo que el proyecto de ley \u00f3mnibus que era debatido esta tarde en el Congreso \u201ces una verdadera reforma del Estado\u201d.<br><br>\u201cEsta es la muestra de que las instituciones funcionan con toda perfecci\u00f3n.&nbsp;<strong>Esta es una verdadera reforma del Estado<\/strong>\u201d, destac\u00f3 el funcionario ante un centenar de diputados de varias comisiones que asistieron a la primera jornada de discusi\u00f3n.<br><br>Barra asegur\u00f3 que \u201cciertamente, nuestro pa\u00eds est\u00e1 en una situaci\u00f3n grave\u201d y afirm\u00f3 que \u201cla culpa es objetiva, no subjetiva\u201d.<\/p>\n\n\n\n<p>El funcionario asever\u00f3 que<strong>&nbsp;\u201cel Estado es deudor de todos sus contratistas\u201d y asever\u00f3 que eso \u201ces algo que hay que empezar a solucionar\u201d.<\/strong><br><br>\u201cEs como si fuera una quiebra: el quebrado con el s\u00edndico va a ordenar c\u00f3mo paga\u201d, dijo.<br><br>Por otro lado, Barra enfatiz\u00f3 que \u201ccuanto m\u00e1s gobierno, menos libertad\u201d pero que \u201ccuanto menos gobierno, si lo elimin\u00e1ramos, tambi\u00e9n menos libertad porque nadie la proteger\u00eda\u201d.<br><br>En ese sentido, cit\u00f3 el art\u00edculo 19 de la Constituci\u00f3n Nacional que, seg\u00fan evalu\u00f3, \u201cexpresa la regla de la libertad y la autoridad\u201d y que dice que \u201clas acciones privadas de los hombres que de ning\u00fan modo ofenden el orden y la moral p\u00fablicas ni perjudiquen a un tercero, est\u00e1n solo reservadas a Dios\u201d.<br><br>Fue en ese momento en el que&nbsp;<strong>el discurso de Barra gener\u00f3 la reacci\u00f3n de la bancada de Uni\u00f3n por Todos: cuando cit\u00f3 al general Juan Domingo Per\u00f3n y su idea de la \u201cComunidad Organizada\u201d.<\/strong><br><br>\u201cLavate la boca antes de hablar de Per\u00f3n\u201d, le grit\u00f3 la diputada kirchnerista porte\u00f1a Lorena Pokoik Garc\u00eda, lo que gener\u00f3 el griter\u00edo y el repudio de la mayor\u00eda de los presentes en el Sal\u00f3n del edificio anexo donde se realizaba el plenario.<\/p>\n\n\n\n<p>En tanto, el secretario de Energ\u00eda de la Naci\u00f3n y uno de los autores de la ley \u00f3mnibus,&nbsp;<strong>Eduardo Rodr\u00edguez Chirillo<\/strong>, aclar\u00f3 este martes que la inclusi\u00f3n del pedido de facultades delegadas al Poder Ejecutivo por parte del Parlamento \u201cno se trata de un pedido de un cheque en blanco ni que se est\u00e1 pretendiendo cerrar al Congreso\u201d.<\/p>\n\n\n\n<p><strong>\u201cAlgunos bloques nos plantearon que el plazo de las facultades delegadas por dos a\u00f1os con posibilidad de pr\u00f3rroga por dos a\u00f1os m\u00e1s pod\u00eda ser mucho, y estamos considerando que sea uno y uno para incluirlo en la versi\u00f3n final\u201d<\/strong>, agreg\u00f3.<\/p>\n\n\n\n<p><\/p>\n\n\n\n<p><\/p>\n","protected":false},"excerpt":{"rendered":"<p>La C\u00e1mara de Diputados analizaba esta tarde el proyecto de&nbsp;ley de \u201cBases y Puntos de Partida para la Libertad de los Argentinos\u201d, en un plenario de comisiones con la presencia&hellip;<\/p>\n","protected":false},"author":3,"featured_media":250628,"comment_status":"closed","ping_status":"open","sticky":false,"template":"","format":"standard","meta":{"_acf_changed":false,"footnotes":""},"categories":[1,8],"tags":[],"class_list":["post-250562","post","type-post","status-publish","format-standard","has-post-thumbnail","hentry","category-es-noticia","category-politica"],"acf":[],"yoast_head":"<!-- This site is optimized with the Yoast SEO plugin v27.5 - https:\/\/yoast.com\/product\/yoast-seo-wordpress\/ -->\n<title>Arranc\u00f3 el debate de la Ley \u00d3mnibus en comisiones - Diario Textual<\/title>\n<meta name=\"robots\" content=\"index, follow, max-snippet:-1, max-image-preview:large, max-video-preview:-1\" \/>\n<link rel=\"canonical\" href=\"https:\/\/diariotextual.com\/inicio\/index.php\/2024\/01\/09\/a-contrarreloj-arranca-el-debate-de-la-ley-omnibus-y-el-gobierno-concede-nuevos-cambios\/\" \/>\n<meta property=\"og:locale\" content=\"es_ES\" \/>\n<meta property=\"og:type\" content=\"article\" \/>\n<meta property=\"og:title\" content=\"Arranc\u00f3 el debate de la Ley \u00d3mnibus en comisiones - Diario Textual\" \/>\n<meta property=\"og:description\" content=\"La C\u00e1mara de Diputados analizaba esta tarde el proyecto de&nbsp;ley de \u201cBases y Puntos de Partida para la Libertad de los Argentinos\u201d, en un plenario de comisiones con la presencia&hellip;\" \/>\n<meta property=\"og:url\" content=\"https:\/\/diariotextual.com\/inicio\/index.php\/2024\/01\/09\/a-contrarreloj-arranca-el-debate-de-la-ley-omnibus-y-el-gobierno-concede-nuevos-cambios\/\" \/>\n<meta property=\"og:site_name\" content=\"Diario Textual\" \/>\n<meta property=\"article:publisher\" content=\"https:\/\/www.facebook.com\/eltextual\" \/>\n<meta property=\"article:published_time\" content=\"2024-01-09T21:00:00+00:00\" \/>\n<meta property=\"article:modified_time\" content=\"2024-01-10T03:01:51+00:00\" \/>\n<meta property=\"og:image\" content=\"https:\/\/diariotextual.com\/inicio\/wp-content\/uploads\/2024\/01\/barrarodolfotelam2024-1.jpg\" \/>\n\t<meta property=\"og:image:width\" content=\"1200\" \/>\n\t<meta property=\"og:image:height\" content=\"675\" \/>\n\t<meta property=\"og:image:type\" content=\"image\/jpeg\" \/>\n<meta name=\"author\" content=\"Diario1 Diario1\" \/>\n<meta name=\"twitter:card\" content=\"summary_large_image\" \/>\n<meta name=\"twitter:creator\" content=\"@eltextual\" \/>\n<meta name=\"twitter:site\" content=\"@eltextual\" \/>\n<meta name=\"twitter:label1\" content=\"Escrito por\" \/>\n\t<meta name=\"twitter:data1\" content=\"Diario1 Diario1\" \/>\n\t<meta name=\"twitter:label2\" content=\"Tiempo de lectura\" \/>\n\t<meta name=\"twitter:data2\" content=\"4 minutos\" \/>\n<script type=\"application\/ld+json\" class=\"yoast-schema-graph\">{\"@context\":\"https:\\\/\\\/schema.org\",\"@graph\":[{\"@type\":\"Article\",\"@id\":\"https:\\\/\\\/diariotextual.com\\\/inicio\\\/index.php\\\/2024\\\/01\\\/09\\\/a-contrarreloj-arranca-el-debate-de-la-ley-omnibus-y-el-gobierno-concede-nuevos-cambios\\\/#article\",\"isPartOf\":{\"@id\":\"https:\\\/\\\/diariotextual.com\\\/inicio\\\/index.php\\\/2024\\\/01\\\/09\\\/a-contrarreloj-arranca-el-debate-de-la-ley-omnibus-y-el-gobierno-concede-nuevos-cambios\\\/\"},\"author\":{\"name\":\"Diario1 Diario1\",\"@id\":\"https:\\\/\\\/diariotextual.com\\\/inicio\\\/#\\\/schema\\\/person\\\/418fc4093c33e86ed41562db3508f958\"},\"headline\":\"Arranc\u00f3 el debate de la Ley \u00d3mnibus en comisiones\",\"datePublished\":\"2024-01-09T21:00:00+00:00\",\"dateModified\":\"2024-01-10T03:01:51+00:00\",\"mainEntityOfPage\":{\"@id\":\"https:\\\/\\\/diariotextual.com\\\/inicio\\\/index.php\\\/2024\\\/01\\\/09\\\/a-contrarreloj-arranca-el-debate-de-la-ley-omnibus-y-el-gobierno-concede-nuevos-cambios\\\/\"},\"wordCount\":917,\"publisher\":{\"@id\":\"https:\\\/\\\/diariotextual.com\\\/inicio\\\/#organization\"},\"image\":{\"@id\":\"https:\\\/\\\/diariotextual.com\\\/inicio\\\/index.php\\\/2024\\\/01\\\/09\\\/a-contrarreloj-arranca-el-debate-de-la-ley-omnibus-y-el-gobierno-concede-nuevos-cambios\\\/#primaryimage\"},\"thumbnailUrl\":\"https:\\\/\\\/diariotextual.com\\\/inicio\\\/wp-content\\\/uploads\\\/2024\\\/01\\\/barrarodolfotelam2024-1.jpg\",\"articleSection\":[\"A - ES NOTICIA (van abajo)\",\"POLITICA\"],\"inLanguage\":\"es\"},{\"@type\":\"WebPage\",\"@id\":\"https:\\\/\\\/diariotextual.com\\\/inicio\\\/index.php\\\/2024\\\/01\\\/09\\\/a-contrarreloj-arranca-el-debate-de-la-ley-omnibus-y-el-gobierno-concede-nuevos-cambios\\\/\",\"url\":\"https:\\\/\\\/diariotextual.com\\\/inicio\\\/index.php\\\/2024\\\/01\\\/09\\\/a-contrarreloj-arranca-el-debate-de-la-ley-omnibus-y-el-gobierno-concede-nuevos-cambios\\\/\",\"name\":\"Arranc\u00f3 el debate de la Ley \u00d3mnibus en comisiones - Diario Textual\",\"isPartOf\":{\"@id\":\"https:\\\/\\\/diariotextual.com\\\/inicio\\\/#website\"},\"primaryImageOfPage\":{\"@id\":\"https:\\\/\\\/diariotextual.com\\\/inicio\\\/index.php\\\/2024\\\/01\\\/09\\\/a-contrarreloj-arranca-el-debate-de-la-ley-omnibus-y-el-gobierno-concede-nuevos-cambios\\\/#primaryimage\"},\"image\":{\"@id\":\"https:\\\/\\\/diariotextual.com\\\/inicio\\\/index.php\\\/2024\\\/01\\\/09\\\/a-contrarreloj-arranca-el-debate-de-la-ley-omnibus-y-el-gobierno-concede-nuevos-cambios\\\/#primaryimage\"},\"thumbnailUrl\":\"https:\\\/\\\/diariotextual.com\\\/inicio\\\/wp-content\\\/uploads\\\/2024\\\/01\\\/barrarodolfotelam2024-1.jpg\",\"datePublished\":\"2024-01-09T21:00:00+00:00\",\"dateModified\":\"2024-01-10T03:01:51+00:00\",\"breadcrumb\":{\"@id\":\"https:\\\/\\\/diariotextual.com\\\/inicio\\\/index.php\\\/2024\\\/01\\\/09\\\/a-contrarreloj-arranca-el-debate-de-la-ley-omnibus-y-el-gobierno-concede-nuevos-cambios\\\/#breadcrumb\"},\"inLanguage\":\"es\",\"potentialAction\":[{\"@type\":\"ReadAction\",\"target\":[\"https:\\\/\\\/diariotextual.com\\\/inicio\\\/index.php\\\/2024\\\/01\\\/09\\\/a-contrarreloj-arranca-el-debate-de-la-ley-omnibus-y-el-gobierno-concede-nuevos-cambios\\\/\"]}]},{\"@type\":\"ImageObject\",\"inLanguage\":\"es\",\"@id\":\"https:\\\/\\\/diariotextual.com\\\/inicio\\\/index.php\\\/2024\\\/01\\\/09\\\/a-contrarreloj-arranca-el-debate-de-la-ley-omnibus-y-el-gobierno-concede-nuevos-cambios\\\/#primaryimage\",\"url\":\"https:\\\/\\\/diariotextual.com\\\/inicio\\\/wp-content\\\/uploads\\\/2024\\\/01\\\/barrarodolfotelam2024-1.jpg\",\"contentUrl\":\"https:\\\/\\\/diariotextual.com\\\/inicio\\\/wp-content\\\/uploads\\\/2024\\\/01\\\/barrarodolfotelam2024-1.jpg\",\"width\":1200,\"height\":675},{\"@type\":\"BreadcrumbList\",\"@id\":\"https:\\\/\\\/diariotextual.com\\\/inicio\\\/index.php\\\/2024\\\/01\\\/09\\\/a-contrarreloj-arranca-el-debate-de-la-ley-omnibus-y-el-gobierno-concede-nuevos-cambios\\\/#breadcrumb\",\"itemListElement\":[{\"@type\":\"ListItem\",\"position\":1,\"name\":\"Portada\",\"item\":\"https:\\\/\\\/diariotextual.com\\\/inicio\\\/\"},{\"@type\":\"ListItem\",\"position\":2,\"name\":\"Arranc\u00f3 el debate de la Ley \u00d3mnibus en comisiones\"}]},{\"@type\":\"WebSite\",\"@id\":\"https:\\\/\\\/diariotextual.com\\\/inicio\\\/#website\",\"url\":\"https:\\\/\\\/diariotextual.com\\\/inicio\\\/\",\"name\":\"Diario Textual\",\"description\":\"\",\"publisher\":{\"@id\":\"https:\\\/\\\/diariotextual.com\\\/inicio\\\/#organization\"},\"potentialAction\":[{\"@type\":\"SearchAction\",\"target\":{\"@type\":\"EntryPoint\",\"urlTemplate\":\"https:\\\/\\\/diariotextual.com\\\/inicio\\\/?s={search_term_string}\"},\"query-input\":{\"@type\":\"PropertyValueSpecification\",\"valueRequired\":true,\"valueName\":\"search_term_string\"}}],\"inLanguage\":\"es\"},{\"@type\":\"Organization\",\"@id\":\"https:\\\/\\\/diariotextual.com\\\/inicio\\\/#organization\",\"name\":\"Diario Textual\",\"url\":\"https:\\\/\\\/diariotextual.com\\\/inicio\\\/\",\"logo\":{\"@type\":\"ImageObject\",\"inLanguage\":\"es\",\"@id\":\"https:\\\/\\\/diariotextual.com\\\/inicio\\\/#\\\/schema\\\/logo\\\/image\\\/\",\"url\":\"https:\\\/\\\/diariotextual.com\\\/inicio\\\/wp-content\\\/uploads\\\/2023\\\/05\\\/logotextual1.jpg\",\"contentUrl\":\"https:\\\/\\\/diariotextual.com\\\/inicio\\\/wp-content\\\/uploads\\\/2023\\\/05\\\/logotextual1.jpg\",\"width\":516,\"height\":76,\"caption\":\"Diario Textual\"},\"image\":{\"@id\":\"https:\\\/\\\/diariotextual.com\\\/inicio\\\/#\\\/schema\\\/logo\\\/image\\\/\"},\"sameAs\":[\"https:\\\/\\\/www.facebook.com\\\/eltextual\",\"https:\\\/\\\/x.com\\\/eltextual\",\"http:\\\/\\\/www.instagram.com\\\/eltextual\"]},{\"@type\":\"Person\",\"@id\":\"https:\\\/\\\/diariotextual.com\\\/inicio\\\/#\\\/schema\\\/person\\\/418fc4093c33e86ed41562db3508f958\",\"name\":\"Diario1 Diario1\",\"image\":{\"@type\":\"ImageObject\",\"inLanguage\":\"es\",\"@id\":\"https:\\\/\\\/secure.gravatar.com\\\/avatar\\\/9167d280179c85bc18be67aa7eda765854300033af4896dd779b608640f2ef7a?s=96&d=mm&r=g\",\"url\":\"https:\\\/\\\/secure.gravatar.com\\\/avatar\\\/9167d280179c85bc18be67aa7eda765854300033af4896dd779b608640f2ef7a?s=96&d=mm&r=g\",\"contentUrl\":\"https:\\\/\\\/secure.gravatar.com\\\/avatar\\\/9167d280179c85bc18be67aa7eda765854300033af4896dd779b608640f2ef7a?s=96&d=mm&r=g\",\"caption\":\"Diario1 Diario1\"},\"url\":\"https:\\\/\\\/diariotextual.com\\\/inicio\\\/index.php\\\/author\\\/diario1\\\/\"}]}<\/script>\n<!-- \/ Yoast SEO plugin. -->","yoast_head_json":{"title":"Arranc\u00f3 el debate de la Ley \u00d3mnibus en comisiones - Diario Textual","robots":{"index":"index","follow":"follow","max-snippet":"max-snippet:-1","max-image-preview":"max-image-preview:large","max-video-preview":"max-video-preview:-1"},"canonical":"https:\/\/diariotextual.com\/inicio\/index.php\/2024\/01\/09\/a-contrarreloj-arranca-el-debate-de-la-ley-omnibus-y-el-gobierno-concede-nuevos-cambios\/","og_locale":"es_ES","og_type":"article","og_title":"Arranc\u00f3 el debate de la Ley \u00d3mnibus en comisiones - Diario Textual","og_description":"La C\u00e1mara de Diputados analizaba esta tarde el proyecto de&nbsp;ley de \u201cBases y Puntos de Partida para la Libertad de los Argentinos\u201d, en un plenario de comisiones con la presencia&hellip;","og_url":"https:\/\/diariotextual.com\/inicio\/index.php\/2024\/01\/09\/a-contrarreloj-arranca-el-debate-de-la-ley-omnibus-y-el-gobierno-concede-nuevos-cambios\/","og_site_name":"Diario Textual","article_publisher":"https:\/\/www.facebook.com\/eltextual","article_published_time":"2024-01-09T21:00:00+00:00","article_modified_time":"2024-01-10T03:01:51+00:00","og_image":[{"width":1200,"height":675,"url":"https:\/\/diariotextual.com\/inicio\/wp-content\/uploads\/2024\/01\/barrarodolfotelam2024-1.jpg","type":"image\/jpeg"}],"author":"Diario1 Diario1","twitter_card":"summary_large_image","twitter_creator":"@eltextual","twitter_site":"@eltextual","twitter_misc":{"Escrito por":"Diario1 Diario1","Tiempo de lectura":"4 minutos"},"schema":{"@context":"https:\/\/schema.org","@graph":[{"@type":"Article","@id":"https:\/\/diariotextual.com\/inicio\/index.php\/2024\/01\/09\/a-contrarreloj-arranca-el-debate-de-la-ley-omnibus-y-el-gobierno-concede-nuevos-cambios\/#article","isPartOf":{"@id":"https:\/\/diariotextual.com\/inicio\/index.php\/2024\/01\/09\/a-contrarreloj-arranca-el-debate-de-la-ley-omnibus-y-el-gobierno-concede-nuevos-cambios\/"},"author":{"name":"Diario1 Diario1","@id":"https:\/\/diariotextual.com\/inicio\/#\/schema\/person\/418fc4093c33e86ed41562db3508f958"},"headline":"Arranc\u00f3 el debate de la Ley \u00d3mnibus en comisiones","datePublished":"2024-01-09T21:00:00+00:00","dateModified":"2024-01-10T03:01:51+00:00","mainEntityOfPage":{"@id":"https:\/\/diariotextual.com\/inicio\/index.php\/2024\/01\/09\/a-contrarreloj-arranca-el-debate-de-la-ley-omnibus-y-el-gobierno-concede-nuevos-cambios\/"},"wordCount":917,"publisher":{"@id":"https:\/\/diariotextual.com\/inicio\/#organization"},"image":{"@id":"https:\/\/diariotextual.com\/inicio\/index.php\/2024\/01\/09\/a-contrarreloj-arranca-el-debate-de-la-ley-omnibus-y-el-gobierno-concede-nuevos-cambios\/#primaryimage"},"thumbnailUrl":"https:\/\/diariotextual.com\/inicio\/wp-content\/uploads\/2024\/01\/barrarodolfotelam2024-1.jpg","articleSection":["A - ES NOTICIA (van abajo)","POLITICA"],"inLanguage":"es"},{"@type":"WebPage","@id":"https:\/\/diariotextual.com\/inicio\/index.php\/2024\/01\/09\/a-contrarreloj-arranca-el-debate-de-la-ley-omnibus-y-el-gobierno-concede-nuevos-cambios\/","url":"https:\/\/diariotextual.com\/inicio\/index.php\/2024\/01\/09\/a-contrarreloj-arranca-el-debate-de-la-ley-omnibus-y-el-gobierno-concede-nuevos-cambios\/","name":"Arranc\u00f3 el debate de la Ley \u00d3mnibus en comisiones - Diario Textual","isPartOf":{"@id":"https:\/\/diariotextual.com\/inicio\/#website"},"primaryImageOfPage":{"@id":"https:\/\/diariotextual.com\/inicio\/index.php\/2024\/01\/09\/a-contrarreloj-arranca-el-debate-de-la-ley-omnibus-y-el-gobierno-concede-nuevos-cambios\/#primaryimage"},"image":{"@id":"https:\/\/diariotextual.com\/inicio\/index.php\/2024\/01\/09\/a-contrarreloj-arranca-el-debate-de-la-ley-omnibus-y-el-gobierno-concede-nuevos-cambios\/#primaryimage"},"thumbnailUrl":"https:\/\/diariotextual.com\/inicio\/wp-content\/uploads\/2024\/01\/barrarodolfotelam2024-1.jpg","datePublished":"2024-01-09T21:00:00+00:00","dateModified":"2024-01-10T03:01:51+00:00","breadcrumb":{"@id":"https:\/\/diariotextual.com\/inicio\/index.php\/2024\/01\/09\/a-contrarreloj-arranca-el-debate-de-la-ley-omnibus-y-el-gobierno-concede-nuevos-cambios\/#breadcrumb"},"inLanguage":"es","potentialAction":[{"@type":"ReadAction","target":["https:\/\/diariotextual.com\/inicio\/index.php\/2024\/01\/09\/a-contrarreloj-arranca-el-debate-de-la-ley-omnibus-y-el-gobierno-concede-nuevos-cambios\/"]}]},{"@type":"ImageObject","inLanguage":"es","@id":"https:\/\/diariotextual.com\/inicio\/index.php\/2024\/01\/09\/a-contrarreloj-arranca-el-debate-de-la-ley-omnibus-y-el-gobierno-concede-nuevos-cambios\/#primaryimage","url":"https:\/\/diariotextual.com\/inicio\/wp-content\/uploads\/2024\/01\/barrarodolfotelam2024-1.jpg","contentUrl":"https:\/\/diariotextual.com\/inicio\/wp-content\/uploads\/2024\/01\/barrarodolfotelam2024-1.jpg","width":1200,"height":675},{"@type":"BreadcrumbList","@id":"https:\/\/diariotextual.com\/inicio\/index.php\/2024\/01\/09\/a-contrarreloj-arranca-el-debate-de-la-ley-omnibus-y-el-gobierno-concede-nuevos-cambios\/#breadcrumb","itemListElement":[{"@type":"ListItem","position":1,"name":"Portada","item":"https:\/\/diariotextual.com\/inicio\/"},{"@type":"ListItem","position":2,"name":"Arranc\u00f3 el debate de la Ley \u00d3mnibus en comisiones"}]},{"@type":"WebSite","@id":"https:\/\/diariotextual.com\/inicio\/#website","url":"https:\/\/diariotextual.com\/inicio\/","name":"Diario Textual","description":"","publisher":{"@id":"https:\/\/diariotextual.com\/inicio\/#organization"},"potentialAction":[{"@type":"SearchAction","target":{"@type":"EntryPoint","urlTemplate":"https:\/\/diariotextual.com\/inicio\/?s={search_term_string}"},"query-input":{"@type":"PropertyValueSpecification","valueRequired":true,"valueName":"search_term_string"}}],"inLanguage":"es"},{"@type":"Organization","@id":"https:\/\/diariotextual.com\/inicio\/#organization","name":"Diario Textual","url":"https:\/\/diariotextual.com\/inicio\/","logo":{"@type":"ImageObject","inLanguage":"es","@id":"https:\/\/diariotextual.com\/inicio\/#\/schema\/logo\/image\/","url":"https:\/\/diariotextual.com\/inicio\/wp-content\/uploads\/2023\/05\/logotextual1.jpg","contentUrl":"https:\/\/diariotextual.com\/inicio\/wp-content\/uploads\/2023\/05\/logotextual1.jpg","width":516,"height":76,"caption":"Diario Textual"},"image":{"@id":"https:\/\/diariotextual.com\/inicio\/#\/schema\/logo\/image\/"},"sameAs":["https:\/\/www.facebook.com\/eltextual","https:\/\/x.com\/eltextual","http:\/\/www.instagram.com\/eltextual"]},{"@type":"Person","@id":"https:\/\/diariotextual.com\/inicio\/#\/schema\/person\/418fc4093c33e86ed41562db3508f958","name":"Diario1 Diario1","image":{"@type":"ImageObject","inLanguage":"es","@id":"https:\/\/secure.gravatar.com\/avatar\/9167d280179c85bc18be67aa7eda765854300033af4896dd779b608640f2ef7a?s=96&d=mm&r=g","url":"https:\/\/secure.gravatar.com\/avatar\/9167d280179c85bc18be67aa7eda765854300033af4896dd779b608640f2ef7a?s=96&d=mm&r=g","contentUrl":"https:\/\/secure.gravatar.com\/avatar\/9167d280179c85bc18be67aa7eda765854300033af4896dd779b608640f2ef7a?s=96&d=mm&r=g","caption":"Diario1 Diario1"},"url":"https:\/\/diariotextual.com\/inicio\/index.php\/author\/diario1\/"}]}},"_links":{"self":[{"href":"https:\/\/diariotextual.com\/inicio\/index.php\/wp-json\/wp\/v2\/posts\/250562","targetHints":{"allow":["GET"]}}],"collection":[{"href":"https:\/\/diariotextual.com\/inicio\/index.php\/wp-json\/wp\/v2\/posts"}],"about":[{"href":"https:\/\/diariotextual.com\/inicio\/index.php\/wp-json\/wp\/v2\/types\/post"}],"author":[{"embeddable":true,"href":"https:\/\/diariotextual.com\/inicio\/index.php\/wp-json\/wp\/v2\/users\/3"}],"replies":[{"embeddable":true,"href":"https:\/\/diariotextual.com\/inicio\/index.php\/wp-json\/wp\/v2\/comments?post=250562"}],"version-history":[{"count":3,"href":"https:\/\/diariotextual.com\/inicio\/index.php\/wp-json\/wp\/v2\/posts\/250562\/revisions"}],"predecessor-version":[{"id":250629,"href":"https:\/\/diariotextual.com\/inicio\/index.php\/wp-json\/wp\/v2\/posts\/250562\/revisions\/250629"}],"wp:featuredmedia":[{"embeddable":true,"href":"https:\/\/diariotextual.com\/inicio\/index.php\/wp-json\/wp\/v2\/media\/250628"}],"wp:attachment":[{"href":"https:\/\/diariotextual.com\/inicio\/index.php\/wp-json\/wp\/v2\/media?parent=250562"}],"wp:term":[{"taxonomy":"category","embeddable":true,"href":"https:\/\/diariotextual.com\/inicio\/index.php\/wp-json\/wp\/v2\/categories?post=250562"},{"taxonomy":"post_tag","embeddable":true,"href":"https:\/\/diariotextual.com\/inicio\/index.php\/wp-json\/wp\/v2\/tags?post=250562"}],"curies":[{"name":"wp","href":"https:\/\/api.w.org\/{rel}","templated":true}]}}