{"id":250653,"date":"2024-01-09T20:46:22","date_gmt":"2024-01-09T23:46:22","guid":{"rendered":"https:\/\/diariotextual.com\/inicio\/?p=250653"},"modified":"2024-01-09T20:46:24","modified_gmt":"2024-01-09T23:46:24","slug":"ley-omnibus-funcionario-admite-que-podria-reducir-la-duracion-de-las-emergencias","status":"publish","type":"post","link":"https:\/\/diariotextual.com\/inicio\/index.php\/2024\/01\/09\/ley-omnibus-funcionario-admite-que-podria-reducir-la-duracion-de-las-emergencias\/","title":{"rendered":"Ley \u00f3mnibus: funcionario admite que podr\u00eda reducir la duraci\u00f3n de las emergencias"},"content":{"rendered":"\n<p>El secretario de Energ\u00eda, Eduardo Rodr\u00edguez Chirillo, admiti\u00f3 que <strong>el Gobierno podr\u00eda reducir la duraci\u00f3n de las emergencias que propone en la ley \u00f3mnibus que present\u00f3 el presidente Javier Milei.<\/strong><\/p>\n\n\n\n<p>Seg\u00fan el funcionario, entre las modificaciones que aceptar\u00eda el Poder Ejecutivo estar\u00eda la de bajar el per\u00edodo de las emergencias econ\u00f3mica, financiera, fiscal, previsional, de seguridad, defensa, tarifaria, energ\u00e9tica, sanitaria, administrativa y social.<\/p>\n\n\n\n<p><strong>\u201c(La emergencia) tiene un plazo determinado y nos est\u00e1n sugiriendo que se acorte, algo que podr\u00edamos aceptar\u201d<\/strong>, admiti\u00f3 Chirillo.<\/p>\n\n\n\n<p>La Ley de Bases establece en su art\u00edculo 3 la declaraci\u00f3n de las emergencias \u201chasta el 31 de diciembre de 2025\u2033, con la posibilidad de prorrogarlas por dos a\u00f1os m\u00e1s, a consideraci\u00f3n del Poder Ejecutivo.<\/p>\n\n\n\n<p>La oposici\u00f3n fue muy cr\u00edtica de ese punto y pidi\u00f3 que tambi\u00e9n se ponga una cl\u00e1usula para que sea el Congreso el que autorice si hay pr\u00f3rroga o no, inform\u00f3 la agencia NA.<\/p>\n\n\n\n<p>A la vez, Chirillo rechaz\u00f3 las cr\u00edticas de la oposici\u00f3n y asegur\u00f3 que el Gobierno \u201cno pretende que se cierre el Congreso\u201d, al hablar en la primera jornada de debate de la ley \u00f3mnibus en la C\u00e1mara baja.<\/p>\n\n\n\n<p>La ley \u00f3mnibus propone que el plazo de emergencia podr\u00e1 ser prorrogado por el Poder Ejecutivo nacional por el plazo m\u00e1ximo de dos (2) a\u00f1os.<\/p>\n\n\n\n<p>\u201cDel\u00e9gase en el Poder Ejecutivo nacional las facultades comprendidas en la presente ley y en los t\u00e9rminos del art\u00edculo 76 de la Constituci\u00f3n Nacional, con arreglo a las bases de delegaci\u00f3n aqu\u00ed establecidas y por el plazo arriba dispuesto\u201d, establece la norma presentada por el Gobierno.<\/p>\n\n\n\n<p>Y agrega: \u00abLas normas que se dicten en el ejercicio de esta delegaci\u00f3n ser\u00e1n permanentes, excepto cuando la naturaleza de la medida determine su car\u00e1cter transitorio y as\u00ed se lo disponga en forma expresa. Los t\u00e9rminos del presente cap\u00edtulo de la ley y dem\u00e1s art\u00edculos concordantes, se aplicar\u00e1n a todas aquellas disposiciones que se dicten posteriormente y hagan referencia expresa a la emergencia p\u00fablica que se declara\u201d.<\/p>\n","protected":false},"excerpt":{"rendered":"<p>El secretario de Energ\u00eda, Eduardo Rodr\u00edguez Chirillo, admiti\u00f3 que el Gobierno podr\u00eda reducir la duraci\u00f3n de las emergencias que propone en la ley \u00f3mnibus que present\u00f3 el presidente Javier Milei.&hellip;<\/p>\n","protected":false},"author":5,"featured_media":250654,"comment_status":"closed","ping_status":"open","sticky":false,"template":"","format":"standard","meta":{"_acf_changed":false,"footnotes":""},"categories":[1,8],"tags":[],"class_list":["post-250653","post","type-post","status-publish","format-standard","has-post-thumbnail","hentry","category-es-noticia","category-politica"],"acf":[],"yoast_head":"<!-- This site is optimized with the Yoast SEO plugin v27.5 - https:\/\/yoast.com\/product\/yoast-seo-wordpress\/ -->\n<title>Ley \u00f3mnibus: funcionario admite que podr\u00eda reducir la duraci\u00f3n de las emergencias - Diario Textual<\/title>\n<meta name=\"robots\" content=\"index, follow, max-snippet:-1, max-image-preview:large, max-video-preview:-1\" \/>\n<link rel=\"canonical\" href=\"https:\/\/diariotextual.com\/inicio\/index.php\/2024\/01\/09\/ley-omnibus-funcionario-admite-que-podria-reducir-la-duracion-de-las-emergencias\/\" \/>\n<meta property=\"og:locale\" content=\"es_ES\" \/>\n<meta property=\"og:type\" content=\"article\" \/>\n<meta property=\"og:title\" content=\"Ley \u00f3mnibus: funcionario admite que podr\u00eda reducir la duraci\u00f3n de las emergencias - Diario Textual\" \/>\n<meta property=\"og:description\" content=\"El secretario de Energ\u00eda, Eduardo Rodr\u00edguez Chirillo, admiti\u00f3 que el Gobierno podr\u00eda reducir la duraci\u00f3n de las emergencias que propone en la ley \u00f3mnibus que present\u00f3 el presidente Javier Milei.&hellip;\" \/>\n<meta property=\"og:url\" content=\"https:\/\/diariotextual.com\/inicio\/index.php\/2024\/01\/09\/ley-omnibus-funcionario-admite-que-podria-reducir-la-duracion-de-las-emergencias\/\" \/>\n<meta property=\"og:site_name\" content=\"Diario Textual\" \/>\n<meta property=\"article:publisher\" content=\"https:\/\/www.facebook.com\/eltextual\" \/>\n<meta property=\"article:published_time\" content=\"2024-01-09T23:46:22+00:00\" \/>\n<meta property=\"article:modified_time\" content=\"2024-01-09T23:46:24+00:00\" \/>\n<meta property=\"og:image\" content=\"https:\/\/diariotextual.com\/inicio\/wp-content\/uploads\/2024\/01\/chirillo2024.webp\" \/>\n\t<meta property=\"og:image:width\" content=\"750\" \/>\n\t<meta property=\"og:image:height\" content=\"500\" \/>\n\t<meta property=\"og:image:type\" content=\"image\/webp\" \/>\n<meta name=\"author\" content=\"diario3\" \/>\n<meta name=\"twitter:card\" content=\"summary_large_image\" \/>\n<meta name=\"twitter:creator\" content=\"@eltextual\" \/>\n<meta name=\"twitter:site\" content=\"@eltextual\" \/>\n<meta name=\"twitter:label1\" content=\"Escrito por\" \/>\n\t<meta name=\"twitter:data1\" content=\"diario3\" \/>\n\t<meta name=\"twitter:label2\" content=\"Tiempo de lectura\" \/>\n\t<meta name=\"twitter:data2\" content=\"2 minutos\" \/>\n<script type=\"application\/ld+json\" class=\"yoast-schema-graph\">{\"@context\":\"https:\\\/\\\/schema.org\",\"@graph\":[{\"@type\":\"Article\",\"@id\":\"https:\\\/\\\/diariotextual.com\\\/inicio\\\/index.php\\\/2024\\\/01\\\/09\\\/ley-omnibus-funcionario-admite-que-podria-reducir-la-duracion-de-las-emergencias\\\/#article\",\"isPartOf\":{\"@id\":\"https:\\\/\\\/diariotextual.com\\\/inicio\\\/index.php\\\/2024\\\/01\\\/09\\\/ley-omnibus-funcionario-admite-que-podria-reducir-la-duracion-de-las-emergencias\\\/\"},\"author\":{\"name\":\"diario3\",\"@id\":\"https:\\\/\\\/diariotextual.com\\\/inicio\\\/#\\\/schema\\\/person\\\/a1b6f563e0ee944c60f98119389a4d9f\"},\"headline\":\"Ley \u00f3mnibus: funcionario admite que podr\u00eda reducir la duraci\u00f3n de las emergencias\",\"datePublished\":\"2024-01-09T23:46:22+00:00\",\"dateModified\":\"2024-01-09T23:46:24+00:00\",\"mainEntityOfPage\":{\"@id\":\"https:\\\/\\\/diariotextual.com\\\/inicio\\\/index.php\\\/2024\\\/01\\\/09\\\/ley-omnibus-funcionario-admite-que-podria-reducir-la-duracion-de-las-emergencias\\\/\"},\"wordCount\":376,\"publisher\":{\"@id\":\"https:\\\/\\\/diariotextual.com\\\/inicio\\\/#organization\"},\"image\":{\"@id\":\"https:\\\/\\\/diariotextual.com\\\/inicio\\\/index.php\\\/2024\\\/01\\\/09\\\/ley-omnibus-funcionario-admite-que-podria-reducir-la-duracion-de-las-emergencias\\\/#primaryimage\"},\"thumbnailUrl\":\"https:\\\/\\\/diariotextual.com\\\/inicio\\\/wp-content\\\/uploads\\\/2024\\\/01\\\/chirillo2024.webp\",\"articleSection\":[\"A - ES NOTICIA (van abajo)\",\"POLITICA\"],\"inLanguage\":\"es\"},{\"@type\":\"WebPage\",\"@id\":\"https:\\\/\\\/diariotextual.com\\\/inicio\\\/index.php\\\/2024\\\/01\\\/09\\\/ley-omnibus-funcionario-admite-que-podria-reducir-la-duracion-de-las-emergencias\\\/\",\"url\":\"https:\\\/\\\/diariotextual.com\\\/inicio\\\/index.php\\\/2024\\\/01\\\/09\\\/ley-omnibus-funcionario-admite-que-podria-reducir-la-duracion-de-las-emergencias\\\/\",\"name\":\"Ley \u00f3mnibus: funcionario admite que podr\u00eda reducir la duraci\u00f3n de las emergencias - Diario Textual\",\"isPartOf\":{\"@id\":\"https:\\\/\\\/diariotextual.com\\\/inicio\\\/#website\"},\"primaryImageOfPage\":{\"@id\":\"https:\\\/\\\/diariotextual.com\\\/inicio\\\/index.php\\\/2024\\\/01\\\/09\\\/ley-omnibus-funcionario-admite-que-podria-reducir-la-duracion-de-las-emergencias\\\/#primaryimage\"},\"image\":{\"@id\":\"https:\\\/\\\/diariotextual.com\\\/inicio\\\/index.php\\\/2024\\\/01\\\/09\\\/ley-omnibus-funcionario-admite-que-podria-reducir-la-duracion-de-las-emergencias\\\/#primaryimage\"},\"thumbnailUrl\":\"https:\\\/\\\/diariotextual.com\\\/inicio\\\/wp-content\\\/uploads\\\/2024\\\/01\\\/chirillo2024.webp\",\"datePublished\":\"2024-01-09T23:46:22+00:00\",\"dateModified\":\"2024-01-09T23:46:24+00:00\",\"breadcrumb\":{\"@id\":\"https:\\\/\\\/diariotextual.com\\\/inicio\\\/index.php\\\/2024\\\/01\\\/09\\\/ley-omnibus-funcionario-admite-que-podria-reducir-la-duracion-de-las-emergencias\\\/#breadcrumb\"},\"inLanguage\":\"es\",\"potentialAction\":[{\"@type\":\"ReadAction\",\"target\":[\"https:\\\/\\\/diariotextual.com\\\/inicio\\\/index.php\\\/2024\\\/01\\\/09\\\/ley-omnibus-funcionario-admite-que-podria-reducir-la-duracion-de-las-emergencias\\\/\"]}]},{\"@type\":\"ImageObject\",\"inLanguage\":\"es\",\"@id\":\"https:\\\/\\\/diariotextual.com\\\/inicio\\\/index.php\\\/2024\\\/01\\\/09\\\/ley-omnibus-funcionario-admite-que-podria-reducir-la-duracion-de-las-emergencias\\\/#primaryimage\",\"url\":\"https:\\\/\\\/diariotextual.com\\\/inicio\\\/wp-content\\\/uploads\\\/2024\\\/01\\\/chirillo2024.webp\",\"contentUrl\":\"https:\\\/\\\/diariotextual.com\\\/inicio\\\/wp-content\\\/uploads\\\/2024\\\/01\\\/chirillo2024.webp\",\"width\":750,\"height\":500},{\"@type\":\"BreadcrumbList\",\"@id\":\"https:\\\/\\\/diariotextual.com\\\/inicio\\\/index.php\\\/2024\\\/01\\\/09\\\/ley-omnibus-funcionario-admite-que-podria-reducir-la-duracion-de-las-emergencias\\\/#breadcrumb\",\"itemListElement\":[{\"@type\":\"ListItem\",\"position\":1,\"name\":\"Portada\",\"item\":\"https:\\\/\\\/diariotextual.com\\\/inicio\\\/\"},{\"@type\":\"ListItem\",\"position\":2,\"name\":\"Ley \u00f3mnibus: funcionario admite que podr\u00eda reducir la duraci\u00f3n de las emergencias\"}]},{\"@type\":\"WebSite\",\"@id\":\"https:\\\/\\\/diariotextual.com\\\/inicio\\\/#website\",\"url\":\"https:\\\/\\\/diariotextual.com\\\/inicio\\\/\",\"name\":\"Diario Textual\",\"description\":\"\",\"publisher\":{\"@id\":\"https:\\\/\\\/diariotextual.com\\\/inicio\\\/#organization\"},\"potentialAction\":[{\"@type\":\"SearchAction\",\"target\":{\"@type\":\"EntryPoint\",\"urlTemplate\":\"https:\\\/\\\/diariotextual.com\\\/inicio\\\/?s={search_term_string}\"},\"query-input\":{\"@type\":\"PropertyValueSpecification\",\"valueRequired\":true,\"valueName\":\"search_term_string\"}}],\"inLanguage\":\"es\"},{\"@type\":\"Organization\",\"@id\":\"https:\\\/\\\/diariotextual.com\\\/inicio\\\/#organization\",\"name\":\"Diario Textual\",\"url\":\"https:\\\/\\\/diariotextual.com\\\/inicio\\\/\",\"logo\":{\"@type\":\"ImageObject\",\"inLanguage\":\"es\",\"@id\":\"https:\\\/\\\/diariotextual.com\\\/inicio\\\/#\\\/schema\\\/logo\\\/image\\\/\",\"url\":\"https:\\\/\\\/diariotextual.com\\\/inicio\\\/wp-content\\\/uploads\\\/2023\\\/05\\\/logotextual1.jpg\",\"contentUrl\":\"https:\\\/\\\/diariotextual.com\\\/inicio\\\/wp-content\\\/uploads\\\/2023\\\/05\\\/logotextual1.jpg\",\"width\":516,\"height\":76,\"caption\":\"Diario Textual\"},\"image\":{\"@id\":\"https:\\\/\\\/diariotextual.com\\\/inicio\\\/#\\\/schema\\\/logo\\\/image\\\/\"},\"sameAs\":[\"https:\\\/\\\/www.facebook.com\\\/eltextual\",\"https:\\\/\\\/x.com\\\/eltextual\",\"http:\\\/\\\/www.instagram.com\\\/eltextual\"]},{\"@type\":\"Person\",\"@id\":\"https:\\\/\\\/diariotextual.com\\\/inicio\\\/#\\\/schema\\\/person\\\/a1b6f563e0ee944c60f98119389a4d9f\",\"name\":\"diario3\",\"image\":{\"@type\":\"ImageObject\",\"inLanguage\":\"es\",\"@id\":\"https:\\\/\\\/secure.gravatar.com\\\/avatar\\\/5e7ee62c82fc04d9dd79d746a390d93c69c43223e5faeeb3ea9461ef752bfc5d?s=96&d=mm&r=g\",\"url\":\"https:\\\/\\\/secure.gravatar.com\\\/avatar\\\/5e7ee62c82fc04d9dd79d746a390d93c69c43223e5faeeb3ea9461ef752bfc5d?s=96&d=mm&r=g\",\"contentUrl\":\"https:\\\/\\\/secure.gravatar.com\\\/avatar\\\/5e7ee62c82fc04d9dd79d746a390d93c69c43223e5faeeb3ea9461ef752bfc5d?s=96&d=mm&r=g\",\"caption\":\"diario3\"},\"url\":\"https:\\\/\\\/diariotextual.com\\\/inicio\\\/index.php\\\/author\\\/diario3\\\/\"}]}<\/script>\n<!-- \/ Yoast SEO plugin. -->","yoast_head_json":{"title":"Ley \u00f3mnibus: funcionario admite que podr\u00eda reducir la duraci\u00f3n de las emergencias - Diario Textual","robots":{"index":"index","follow":"follow","max-snippet":"max-snippet:-1","max-image-preview":"max-image-preview:large","max-video-preview":"max-video-preview:-1"},"canonical":"https:\/\/diariotextual.com\/inicio\/index.php\/2024\/01\/09\/ley-omnibus-funcionario-admite-que-podria-reducir-la-duracion-de-las-emergencias\/","og_locale":"es_ES","og_type":"article","og_title":"Ley \u00f3mnibus: funcionario admite que podr\u00eda reducir la duraci\u00f3n de las emergencias - Diario Textual","og_description":"El secretario de Energ\u00eda, Eduardo Rodr\u00edguez Chirillo, admiti\u00f3 que el Gobierno podr\u00eda reducir la duraci\u00f3n de las emergencias que propone en la ley \u00f3mnibus que present\u00f3 el presidente Javier Milei.&hellip;","og_url":"https:\/\/diariotextual.com\/inicio\/index.php\/2024\/01\/09\/ley-omnibus-funcionario-admite-que-podria-reducir-la-duracion-de-las-emergencias\/","og_site_name":"Diario Textual","article_publisher":"https:\/\/www.facebook.com\/eltextual","article_published_time":"2024-01-09T23:46:22+00:00","article_modified_time":"2024-01-09T23:46:24+00:00","og_image":[{"width":750,"height":500,"url":"https:\/\/diariotextual.com\/inicio\/wp-content\/uploads\/2024\/01\/chirillo2024.webp","type":"image\/webp"}],"author":"diario3","twitter_card":"summary_large_image","twitter_creator":"@eltextual","twitter_site":"@eltextual","twitter_misc":{"Escrito por":"diario3","Tiempo de lectura":"2 minutos"},"schema":{"@context":"https:\/\/schema.org","@graph":[{"@type":"Article","@id":"https:\/\/diariotextual.com\/inicio\/index.php\/2024\/01\/09\/ley-omnibus-funcionario-admite-que-podria-reducir-la-duracion-de-las-emergencias\/#article","isPartOf":{"@id":"https:\/\/diariotextual.com\/inicio\/index.php\/2024\/01\/09\/ley-omnibus-funcionario-admite-que-podria-reducir-la-duracion-de-las-emergencias\/"},"author":{"name":"diario3","@id":"https:\/\/diariotextual.com\/inicio\/#\/schema\/person\/a1b6f563e0ee944c60f98119389a4d9f"},"headline":"Ley \u00f3mnibus: funcionario admite que podr\u00eda reducir la duraci\u00f3n de las emergencias","datePublished":"2024-01-09T23:46:22+00:00","dateModified":"2024-01-09T23:46:24+00:00","mainEntityOfPage":{"@id":"https:\/\/diariotextual.com\/inicio\/index.php\/2024\/01\/09\/ley-omnibus-funcionario-admite-que-podria-reducir-la-duracion-de-las-emergencias\/"},"wordCount":376,"publisher":{"@id":"https:\/\/diariotextual.com\/inicio\/#organization"},"image":{"@id":"https:\/\/diariotextual.com\/inicio\/index.php\/2024\/01\/09\/ley-omnibus-funcionario-admite-que-podria-reducir-la-duracion-de-las-emergencias\/#primaryimage"},"thumbnailUrl":"https:\/\/diariotextual.com\/inicio\/wp-content\/uploads\/2024\/01\/chirillo2024.webp","articleSection":["A - ES NOTICIA (van abajo)","POLITICA"],"inLanguage":"es"},{"@type":"WebPage","@id":"https:\/\/diariotextual.com\/inicio\/index.php\/2024\/01\/09\/ley-omnibus-funcionario-admite-que-podria-reducir-la-duracion-de-las-emergencias\/","url":"https:\/\/diariotextual.com\/inicio\/index.php\/2024\/01\/09\/ley-omnibus-funcionario-admite-que-podria-reducir-la-duracion-de-las-emergencias\/","name":"Ley \u00f3mnibus: funcionario admite que podr\u00eda reducir la duraci\u00f3n de las emergencias - Diario Textual","isPartOf":{"@id":"https:\/\/diariotextual.com\/inicio\/#website"},"primaryImageOfPage":{"@id":"https:\/\/diariotextual.com\/inicio\/index.php\/2024\/01\/09\/ley-omnibus-funcionario-admite-que-podria-reducir-la-duracion-de-las-emergencias\/#primaryimage"},"image":{"@id":"https:\/\/diariotextual.com\/inicio\/index.php\/2024\/01\/09\/ley-omnibus-funcionario-admite-que-podria-reducir-la-duracion-de-las-emergencias\/#primaryimage"},"thumbnailUrl":"https:\/\/diariotextual.com\/inicio\/wp-content\/uploads\/2024\/01\/chirillo2024.webp","datePublished":"2024-01-09T23:46:22+00:00","dateModified":"2024-01-09T23:46:24+00:00","breadcrumb":{"@id":"https:\/\/diariotextual.com\/inicio\/index.php\/2024\/01\/09\/ley-omnibus-funcionario-admite-que-podria-reducir-la-duracion-de-las-emergencias\/#breadcrumb"},"inLanguage":"es","potentialAction":[{"@type":"ReadAction","target":["https:\/\/diariotextual.com\/inicio\/index.php\/2024\/01\/09\/ley-omnibus-funcionario-admite-que-podria-reducir-la-duracion-de-las-emergencias\/"]}]},{"@type":"ImageObject","inLanguage":"es","@id":"https:\/\/diariotextual.com\/inicio\/index.php\/2024\/01\/09\/ley-omnibus-funcionario-admite-que-podria-reducir-la-duracion-de-las-emergencias\/#primaryimage","url":"https:\/\/diariotextual.com\/inicio\/wp-content\/uploads\/2024\/01\/chirillo2024.webp","contentUrl":"https:\/\/diariotextual.com\/inicio\/wp-content\/uploads\/2024\/01\/chirillo2024.webp","width":750,"height":500},{"@type":"BreadcrumbList","@id":"https:\/\/diariotextual.com\/inicio\/index.php\/2024\/01\/09\/ley-omnibus-funcionario-admite-que-podria-reducir-la-duracion-de-las-emergencias\/#breadcrumb","itemListElement":[{"@type":"ListItem","position":1,"name":"Portada","item":"https:\/\/diariotextual.com\/inicio\/"},{"@type":"ListItem","position":2,"name":"Ley \u00f3mnibus: funcionario admite que podr\u00eda reducir la duraci\u00f3n de las emergencias"}]},{"@type":"WebSite","@id":"https:\/\/diariotextual.com\/inicio\/#website","url":"https:\/\/diariotextual.com\/inicio\/","name":"Diario Textual","description":"","publisher":{"@id":"https:\/\/diariotextual.com\/inicio\/#organization"},"potentialAction":[{"@type":"SearchAction","target":{"@type":"EntryPoint","urlTemplate":"https:\/\/diariotextual.com\/inicio\/?s={search_term_string}"},"query-input":{"@type":"PropertyValueSpecification","valueRequired":true,"valueName":"search_term_string"}}],"inLanguage":"es"},{"@type":"Organization","@id":"https:\/\/diariotextual.com\/inicio\/#organization","name":"Diario Textual","url":"https:\/\/diariotextual.com\/inicio\/","logo":{"@type":"ImageObject","inLanguage":"es","@id":"https:\/\/diariotextual.com\/inicio\/#\/schema\/logo\/image\/","url":"https:\/\/diariotextual.com\/inicio\/wp-content\/uploads\/2023\/05\/logotextual1.jpg","contentUrl":"https:\/\/diariotextual.com\/inicio\/wp-content\/uploads\/2023\/05\/logotextual1.jpg","width":516,"height":76,"caption":"Diario Textual"},"image":{"@id":"https:\/\/diariotextual.com\/inicio\/#\/schema\/logo\/image\/"},"sameAs":["https:\/\/www.facebook.com\/eltextual","https:\/\/x.com\/eltextual","http:\/\/www.instagram.com\/eltextual"]},{"@type":"Person","@id":"https:\/\/diariotextual.com\/inicio\/#\/schema\/person\/a1b6f563e0ee944c60f98119389a4d9f","name":"diario3","image":{"@type":"ImageObject","inLanguage":"es","@id":"https:\/\/secure.gravatar.com\/avatar\/5e7ee62c82fc04d9dd79d746a390d93c69c43223e5faeeb3ea9461ef752bfc5d?s=96&d=mm&r=g","url":"https:\/\/secure.gravatar.com\/avatar\/5e7ee62c82fc04d9dd79d746a390d93c69c43223e5faeeb3ea9461ef752bfc5d?s=96&d=mm&r=g","contentUrl":"https:\/\/secure.gravatar.com\/avatar\/5e7ee62c82fc04d9dd79d746a390d93c69c43223e5faeeb3ea9461ef752bfc5d?s=96&d=mm&r=g","caption":"diario3"},"url":"https:\/\/diariotextual.com\/inicio\/index.php\/author\/diario3\/"}]}},"_links":{"self":[{"href":"https:\/\/diariotextual.com\/inicio\/index.php\/wp-json\/wp\/v2\/posts\/250653","targetHints":{"allow":["GET"]}}],"collection":[{"href":"https:\/\/diariotextual.com\/inicio\/index.php\/wp-json\/wp\/v2\/posts"}],"about":[{"href":"https:\/\/diariotextual.com\/inicio\/index.php\/wp-json\/wp\/v2\/types\/post"}],"author":[{"embeddable":true,"href":"https:\/\/diariotextual.com\/inicio\/index.php\/wp-json\/wp\/v2\/users\/5"}],"replies":[{"embeddable":true,"href":"https:\/\/diariotextual.com\/inicio\/index.php\/wp-json\/wp\/v2\/comments?post=250653"}],"version-history":[{"count":1,"href":"https:\/\/diariotextual.com\/inicio\/index.php\/wp-json\/wp\/v2\/posts\/250653\/revisions"}],"predecessor-version":[{"id":250655,"href":"https:\/\/diariotextual.com\/inicio\/index.php\/wp-json\/wp\/v2\/posts\/250653\/revisions\/250655"}],"wp:featuredmedia":[{"embeddable":true,"href":"https:\/\/diariotextual.com\/inicio\/index.php\/wp-json\/wp\/v2\/media\/250654"}],"wp:attachment":[{"href":"https:\/\/diariotextual.com\/inicio\/index.php\/wp-json\/wp\/v2\/media?parent=250653"}],"wp:term":[{"taxonomy":"category","embeddable":true,"href":"https:\/\/diariotextual.com\/inicio\/index.php\/wp-json\/wp\/v2\/categories?post=250653"},{"taxonomy":"post_tag","embeddable":true,"href":"https:\/\/diariotextual.com\/inicio\/index.php\/wp-json\/wp\/v2\/tags?post=250653"}],"curies":[{"name":"wp","href":"https:\/\/api.w.org\/{rel}","templated":true}]}}