{"id":250765,"date":"2024-01-10T19:34:41","date_gmt":"2024-01-10T22:34:41","guid":{"rendered":"https:\/\/diariotextual.com\/inicio\/?p=250765"},"modified":"2024-01-10T21:06:56","modified_gmt":"2024-01-11T00:06:56","slug":"ardohain-metio-la-pata-sobre-el-cfi-y-curciarello-lo-trato-de-bruto","status":"publish","type":"post","link":"https:\/\/diariotextual.com\/inicio\/index.php\/2024\/01\/10\/ardohain-metio-la-pata-sobre-el-cfi-y-curciarello-lo-trato-de-bruto\/","title":{"rendered":"Ardohain meti\u00f3 la pata sobre el CFI y Curciarello lo trat\u00f3 de \u201cbruto\u201d"},"content":{"rendered":"\n<p>El <strong>Consejo Federal de Inversiones (CFI)<\/strong> es un organismo p\u00fablico interestadual, creado y financiado por <strong>las provincias argentinas<\/strong>. Pero <strong>Mart\u00edn Ardohain<\/strong>, quien asumi\u00f3 el cargo de diputado nacional por Juntos por el Cambio hace un mes,<strong> meti\u00f3 la pata al tratar de vincularlo con la agrupaci\u00f3n kirchnerista La C\u00e1mpora<\/strong>.<strong> Antonio Curciarello<\/strong>, ministro de Conectividad de La Pampa<strong>, no dej\u00f3 pasar el error: lo trat\u00f3 de \u201cbruto\u201d y lo mand\u00f3 a estudiar.<\/strong><\/p>\n\n\n\n<blockquote class=\"twitter-tweet\"><p lang=\"es\" dir=\"ltr\">YA SABEMOS QUE DECIA PERON SOBRE UN BRUTO Y UN MALO&#8230;<a href=\"https:\/\/twitter.com\/catoardohain?ref_src=twsrc%5Etfw\">@catoardohain<\/a> pide al gobierno nacional cambiar autoridades del CFI, donde no tiene competencia.<br><br>El CFI es un organismo federal, sus fondos son de las provincias y sus autoridades son elegidas por estas.<br><br>Hay que estudiar. <a href=\"https:\/\/t.co\/frHD9lvZ34\">https:\/\/t.co\/frHD9lvZ34<\/a><\/p>&mdash; Antonio Curciarello (@acurciarello) <a href=\"https:\/\/twitter.com\/acurciarello\/status\/1745211689543356914?ref_src=twsrc%5Etfw\">January 10, 2024<\/a><\/blockquote> <script async src=\"https:\/\/platform.twitter.com\/widgets.js\" charset=\"utf-8\"><\/script>\n\n\n\n<p>\u201cEl Consejo Federal de Inversiones, solo en el a\u00f1o 2023 gasto m\u00e1s $60.000 millones sin rendir cuenta. Una multimillonaria caja pol\u00edtica, que La C\u00e1mpora siguen usando para financiar la resistencia al gobierno nacional\u201d, escribi\u00f3 en X el legislador nacional.<\/p>\n\n\n\n<p>Curciarello sali\u00f3 a cruzarlo. \u201cYa sabemos que dec\u00eda Per\u00f3n sobre un bruto y un malo\u2026 Ardohan pide al pide al gobierno nacional cambiar autoridades del CFI, donde no tiene competencia. El CFI es un organismo federal, sus fondos son de las provincias y sus autoridades son elegidas por estas\u201d, le aclar\u00f3. \u201cHay que estudiar\u201d, le pidi\u00f3.<\/p>\n\n\n\n<p>\u201cEn nada interviene el Gobierno nacional, ni este ni los anteriores\u201d, agreg\u00f3 en otro posteo.<\/p>\n\n\n\n<p>\u201cNo cuesta tanto tomarse 15 minutos y leer. Todo est\u00e1 en la Carta Constitutiva del CFI, en la web del organismo se puede consultar\u201d.<\/p>\n\n\n\n<p>\u201cUn dato no menor m\u00e1s all\u00e1 de la burrada del diputado es que este tema del CFI ayer mismo comenz\u00f3 a ser operado por Clar\u00edn. Hay algunos que tienen jefes m\u00e1s all\u00e1 del voto popular\u201d, finaliz\u00f3.<\/p>\n\n\n\n<p><\/p>\n","protected":false},"excerpt":{"rendered":"<p>El Consejo Federal de Inversiones (CFI) es un organismo p\u00fablico interestadual, creado y financiado por las provincias argentinas. Pero Mart\u00edn Ardohain, quien asumi\u00f3 el cargo de diputado nacional por Juntos&hellip;<\/p>\n","protected":false},"author":3,"featured_media":174102,"comment_status":"closed","ping_status":"open","sticky":false,"template":"","format":"standard","meta":{"_acf_changed":false,"footnotes":""},"categories":[1,8],"tags":[],"class_list":["post-250765","post","type-post","status-publish","format-standard","has-post-thumbnail","hentry","category-es-noticia","category-politica"],"acf":[],"yoast_head":"<!-- This site is optimized with the Yoast SEO plugin v27.5 - https:\/\/yoast.com\/product\/yoast-seo-wordpress\/ -->\n<title>Ardohain meti\u00f3 la pata sobre el CFI y Curciarello lo trat\u00f3 de \u201cbruto\u201d - Diario Textual<\/title>\n<meta name=\"robots\" content=\"index, follow, max-snippet:-1, max-image-preview:large, max-video-preview:-1\" \/>\n<link rel=\"canonical\" href=\"https:\/\/diariotextual.com\/inicio\/index.php\/2024\/01\/10\/ardohain-metio-la-pata-sobre-el-cfi-y-curciarello-lo-trato-de-bruto\/\" \/>\n<meta property=\"og:locale\" content=\"es_ES\" \/>\n<meta property=\"og:type\" content=\"article\" \/>\n<meta property=\"og:title\" content=\"Ardohain meti\u00f3 la pata sobre el CFI y Curciarello lo trat\u00f3 de \u201cbruto\u201d - Diario Textual\" \/>\n<meta property=\"og:description\" content=\"El Consejo Federal de Inversiones (CFI) es un organismo p\u00fablico interestadual, creado y financiado por las provincias argentinas. Pero Mart\u00edn Ardohain, quien asumi\u00f3 el cargo de diputado nacional por Juntos&hellip;\" \/>\n<meta property=\"og:url\" content=\"https:\/\/diariotextual.com\/inicio\/index.php\/2024\/01\/10\/ardohain-metio-la-pata-sobre-el-cfi-y-curciarello-lo-trato-de-bruto\/\" \/>\n<meta property=\"og:site_name\" content=\"Diario Textual\" \/>\n<meta property=\"article:publisher\" content=\"https:\/\/www.facebook.com\/eltextual\" \/>\n<meta property=\"article:published_time\" content=\"2024-01-10T22:34:41+00:00\" \/>\n<meta property=\"article:modified_time\" content=\"2024-01-11T00:06:56+00:00\" \/>\n<meta property=\"og:image\" content=\"https:\/\/diariotextual.com\/inicio\/wp-content\/uploads\/2021\/12\/curciarellodiciembre2021.jpg\" \/>\n\t<meta property=\"og:image:width\" content=\"700\" \/>\n\t<meta property=\"og:image:height\" content=\"467\" \/>\n\t<meta property=\"og:image:type\" content=\"image\/jpeg\" \/>\n<meta name=\"author\" content=\"Diario1 Diario1\" \/>\n<meta name=\"twitter:card\" content=\"summary_large_image\" \/>\n<meta name=\"twitter:creator\" content=\"@eltextual\" \/>\n<meta name=\"twitter:site\" content=\"@eltextual\" \/>\n<meta name=\"twitter:label1\" content=\"Escrito por\" \/>\n\t<meta name=\"twitter:data1\" content=\"Diario1 Diario1\" \/>\n\t<meta name=\"twitter:label2\" content=\"Tiempo de lectura\" \/>\n\t<meta name=\"twitter:data2\" content=\"2 minutos\" \/>\n<script type=\"application\/ld+json\" class=\"yoast-schema-graph\">{\"@context\":\"https:\\\/\\\/schema.org\",\"@graph\":[{\"@type\":\"Article\",\"@id\":\"https:\\\/\\\/diariotextual.com\\\/inicio\\\/index.php\\\/2024\\\/01\\\/10\\\/ardohain-metio-la-pata-sobre-el-cfi-y-curciarello-lo-trato-de-bruto\\\/#article\",\"isPartOf\":{\"@id\":\"https:\\\/\\\/diariotextual.com\\\/inicio\\\/index.php\\\/2024\\\/01\\\/10\\\/ardohain-metio-la-pata-sobre-el-cfi-y-curciarello-lo-trato-de-bruto\\\/\"},\"author\":{\"name\":\"Diario1 Diario1\",\"@id\":\"https:\\\/\\\/diariotextual.com\\\/inicio\\\/#\\\/schema\\\/person\\\/418fc4093c33e86ed41562db3508f958\"},\"headline\":\"Ardohain meti\u00f3 la pata sobre el CFI y Curciarello lo trat\u00f3 de \u201cbruto\u201d\",\"datePublished\":\"2024-01-10T22:34:41+00:00\",\"dateModified\":\"2024-01-11T00:06:56+00:00\",\"mainEntityOfPage\":{\"@id\":\"https:\\\/\\\/diariotextual.com\\\/inicio\\\/index.php\\\/2024\\\/01\\\/10\\\/ardohain-metio-la-pata-sobre-el-cfi-y-curciarello-lo-trato-de-bruto\\\/\"},\"wordCount\":320,\"publisher\":{\"@id\":\"https:\\\/\\\/diariotextual.com\\\/inicio\\\/#organization\"},\"image\":{\"@id\":\"https:\\\/\\\/diariotextual.com\\\/inicio\\\/index.php\\\/2024\\\/01\\\/10\\\/ardohain-metio-la-pata-sobre-el-cfi-y-curciarello-lo-trato-de-bruto\\\/#primaryimage\"},\"thumbnailUrl\":\"https:\\\/\\\/diariotextual.com\\\/inicio\\\/wp-content\\\/uploads\\\/2021\\\/12\\\/curciarellodiciembre2021.jpg\",\"articleSection\":[\"A - ES NOTICIA (van abajo)\",\"POLITICA\"],\"inLanguage\":\"es\"},{\"@type\":\"WebPage\",\"@id\":\"https:\\\/\\\/diariotextual.com\\\/inicio\\\/index.php\\\/2024\\\/01\\\/10\\\/ardohain-metio-la-pata-sobre-el-cfi-y-curciarello-lo-trato-de-bruto\\\/\",\"url\":\"https:\\\/\\\/diariotextual.com\\\/inicio\\\/index.php\\\/2024\\\/01\\\/10\\\/ardohain-metio-la-pata-sobre-el-cfi-y-curciarello-lo-trato-de-bruto\\\/\",\"name\":\"Ardohain meti\u00f3 la pata sobre el CFI y Curciarello lo trat\u00f3 de \u201cbruto\u201d - Diario Textual\",\"isPartOf\":{\"@id\":\"https:\\\/\\\/diariotextual.com\\\/inicio\\\/#website\"},\"primaryImageOfPage\":{\"@id\":\"https:\\\/\\\/diariotextual.com\\\/inicio\\\/index.php\\\/2024\\\/01\\\/10\\\/ardohain-metio-la-pata-sobre-el-cfi-y-curciarello-lo-trato-de-bruto\\\/#primaryimage\"},\"image\":{\"@id\":\"https:\\\/\\\/diariotextual.com\\\/inicio\\\/index.php\\\/2024\\\/01\\\/10\\\/ardohain-metio-la-pata-sobre-el-cfi-y-curciarello-lo-trato-de-bruto\\\/#primaryimage\"},\"thumbnailUrl\":\"https:\\\/\\\/diariotextual.com\\\/inicio\\\/wp-content\\\/uploads\\\/2021\\\/12\\\/curciarellodiciembre2021.jpg\",\"datePublished\":\"2024-01-10T22:34:41+00:00\",\"dateModified\":\"2024-01-11T00:06:56+00:00\",\"breadcrumb\":{\"@id\":\"https:\\\/\\\/diariotextual.com\\\/inicio\\\/index.php\\\/2024\\\/01\\\/10\\\/ardohain-metio-la-pata-sobre-el-cfi-y-curciarello-lo-trato-de-bruto\\\/#breadcrumb\"},\"inLanguage\":\"es\",\"potentialAction\":[{\"@type\":\"ReadAction\",\"target\":[\"https:\\\/\\\/diariotextual.com\\\/inicio\\\/index.php\\\/2024\\\/01\\\/10\\\/ardohain-metio-la-pata-sobre-el-cfi-y-curciarello-lo-trato-de-bruto\\\/\"]}]},{\"@type\":\"ImageObject\",\"inLanguage\":\"es\",\"@id\":\"https:\\\/\\\/diariotextual.com\\\/inicio\\\/index.php\\\/2024\\\/01\\\/10\\\/ardohain-metio-la-pata-sobre-el-cfi-y-curciarello-lo-trato-de-bruto\\\/#primaryimage\",\"url\":\"https:\\\/\\\/diariotextual.com\\\/inicio\\\/wp-content\\\/uploads\\\/2021\\\/12\\\/curciarellodiciembre2021.jpg\",\"contentUrl\":\"https:\\\/\\\/diariotextual.com\\\/inicio\\\/wp-content\\\/uploads\\\/2021\\\/12\\\/curciarellodiciembre2021.jpg\",\"width\":700,\"height\":467},{\"@type\":\"BreadcrumbList\",\"@id\":\"https:\\\/\\\/diariotextual.com\\\/inicio\\\/index.php\\\/2024\\\/01\\\/10\\\/ardohain-metio-la-pata-sobre-el-cfi-y-curciarello-lo-trato-de-bruto\\\/#breadcrumb\",\"itemListElement\":[{\"@type\":\"ListItem\",\"position\":1,\"name\":\"Portada\",\"item\":\"https:\\\/\\\/diariotextual.com\\\/inicio\\\/\"},{\"@type\":\"ListItem\",\"position\":2,\"name\":\"Ardohain meti\u00f3 la pata sobre el CFI y Curciarello lo trat\u00f3 de \u201cbruto\u201d\"}]},{\"@type\":\"WebSite\",\"@id\":\"https:\\\/\\\/diariotextual.com\\\/inicio\\\/#website\",\"url\":\"https:\\\/\\\/diariotextual.com\\\/inicio\\\/\",\"name\":\"Diario Textual\",\"description\":\"\",\"publisher\":{\"@id\":\"https:\\\/\\\/diariotextual.com\\\/inicio\\\/#organization\"},\"potentialAction\":[{\"@type\":\"SearchAction\",\"target\":{\"@type\":\"EntryPoint\",\"urlTemplate\":\"https:\\\/\\\/diariotextual.com\\\/inicio\\\/?s={search_term_string}\"},\"query-input\":{\"@type\":\"PropertyValueSpecification\",\"valueRequired\":true,\"valueName\":\"search_term_string\"}}],\"inLanguage\":\"es\"},{\"@type\":\"Organization\",\"@id\":\"https:\\\/\\\/diariotextual.com\\\/inicio\\\/#organization\",\"name\":\"Diario Textual\",\"url\":\"https:\\\/\\\/diariotextual.com\\\/inicio\\\/\",\"logo\":{\"@type\":\"ImageObject\",\"inLanguage\":\"es\",\"@id\":\"https:\\\/\\\/diariotextual.com\\\/inicio\\\/#\\\/schema\\\/logo\\\/image\\\/\",\"url\":\"https:\\\/\\\/diariotextual.com\\\/inicio\\\/wp-content\\\/uploads\\\/2023\\\/05\\\/logotextual1.jpg\",\"contentUrl\":\"https:\\\/\\\/diariotextual.com\\\/inicio\\\/wp-content\\\/uploads\\\/2023\\\/05\\\/logotextual1.jpg\",\"width\":516,\"height\":76,\"caption\":\"Diario Textual\"},\"image\":{\"@id\":\"https:\\\/\\\/diariotextual.com\\\/inicio\\\/#\\\/schema\\\/logo\\\/image\\\/\"},\"sameAs\":[\"https:\\\/\\\/www.facebook.com\\\/eltextual\",\"https:\\\/\\\/x.com\\\/eltextual\",\"http:\\\/\\\/www.instagram.com\\\/eltextual\"]},{\"@type\":\"Person\",\"@id\":\"https:\\\/\\\/diariotextual.com\\\/inicio\\\/#\\\/schema\\\/person\\\/418fc4093c33e86ed41562db3508f958\",\"name\":\"Diario1 Diario1\",\"image\":{\"@type\":\"ImageObject\",\"inLanguage\":\"es\",\"@id\":\"https:\\\/\\\/secure.gravatar.com\\\/avatar\\\/9167d280179c85bc18be67aa7eda765854300033af4896dd779b608640f2ef7a?s=96&d=mm&r=g\",\"url\":\"https:\\\/\\\/secure.gravatar.com\\\/avatar\\\/9167d280179c85bc18be67aa7eda765854300033af4896dd779b608640f2ef7a?s=96&d=mm&r=g\",\"contentUrl\":\"https:\\\/\\\/secure.gravatar.com\\\/avatar\\\/9167d280179c85bc18be67aa7eda765854300033af4896dd779b608640f2ef7a?s=96&d=mm&r=g\",\"caption\":\"Diario1 Diario1\"},\"url\":\"https:\\\/\\\/diariotextual.com\\\/inicio\\\/index.php\\\/author\\\/diario1\\\/\"}]}<\/script>\n<!-- \/ Yoast SEO plugin. -->","yoast_head_json":{"title":"Ardohain meti\u00f3 la pata sobre el CFI y Curciarello lo trat\u00f3 de \u201cbruto\u201d - Diario Textual","robots":{"index":"index","follow":"follow","max-snippet":"max-snippet:-1","max-image-preview":"max-image-preview:large","max-video-preview":"max-video-preview:-1"},"canonical":"https:\/\/diariotextual.com\/inicio\/index.php\/2024\/01\/10\/ardohain-metio-la-pata-sobre-el-cfi-y-curciarello-lo-trato-de-bruto\/","og_locale":"es_ES","og_type":"article","og_title":"Ardohain meti\u00f3 la pata sobre el CFI y Curciarello lo trat\u00f3 de \u201cbruto\u201d - Diario Textual","og_description":"El Consejo Federal de Inversiones (CFI) es un organismo p\u00fablico interestadual, creado y financiado por las provincias argentinas. Pero Mart\u00edn Ardohain, quien asumi\u00f3 el cargo de diputado nacional por Juntos&hellip;","og_url":"https:\/\/diariotextual.com\/inicio\/index.php\/2024\/01\/10\/ardohain-metio-la-pata-sobre-el-cfi-y-curciarello-lo-trato-de-bruto\/","og_site_name":"Diario Textual","article_publisher":"https:\/\/www.facebook.com\/eltextual","article_published_time":"2024-01-10T22:34:41+00:00","article_modified_time":"2024-01-11T00:06:56+00:00","og_image":[{"width":700,"height":467,"url":"https:\/\/diariotextual.com\/inicio\/wp-content\/uploads\/2021\/12\/curciarellodiciembre2021.jpg","type":"image\/jpeg"}],"author":"Diario1 Diario1","twitter_card":"summary_large_image","twitter_creator":"@eltextual","twitter_site":"@eltextual","twitter_misc":{"Escrito por":"Diario1 Diario1","Tiempo de lectura":"2 minutos"},"schema":{"@context":"https:\/\/schema.org","@graph":[{"@type":"Article","@id":"https:\/\/diariotextual.com\/inicio\/index.php\/2024\/01\/10\/ardohain-metio-la-pata-sobre-el-cfi-y-curciarello-lo-trato-de-bruto\/#article","isPartOf":{"@id":"https:\/\/diariotextual.com\/inicio\/index.php\/2024\/01\/10\/ardohain-metio-la-pata-sobre-el-cfi-y-curciarello-lo-trato-de-bruto\/"},"author":{"name":"Diario1 Diario1","@id":"https:\/\/diariotextual.com\/inicio\/#\/schema\/person\/418fc4093c33e86ed41562db3508f958"},"headline":"Ardohain meti\u00f3 la pata sobre el CFI y Curciarello lo trat\u00f3 de \u201cbruto\u201d","datePublished":"2024-01-10T22:34:41+00:00","dateModified":"2024-01-11T00:06:56+00:00","mainEntityOfPage":{"@id":"https:\/\/diariotextual.com\/inicio\/index.php\/2024\/01\/10\/ardohain-metio-la-pata-sobre-el-cfi-y-curciarello-lo-trato-de-bruto\/"},"wordCount":320,"publisher":{"@id":"https:\/\/diariotextual.com\/inicio\/#organization"},"image":{"@id":"https:\/\/diariotextual.com\/inicio\/index.php\/2024\/01\/10\/ardohain-metio-la-pata-sobre-el-cfi-y-curciarello-lo-trato-de-bruto\/#primaryimage"},"thumbnailUrl":"https:\/\/diariotextual.com\/inicio\/wp-content\/uploads\/2021\/12\/curciarellodiciembre2021.jpg","articleSection":["A - ES NOTICIA (van abajo)","POLITICA"],"inLanguage":"es"},{"@type":"WebPage","@id":"https:\/\/diariotextual.com\/inicio\/index.php\/2024\/01\/10\/ardohain-metio-la-pata-sobre-el-cfi-y-curciarello-lo-trato-de-bruto\/","url":"https:\/\/diariotextual.com\/inicio\/index.php\/2024\/01\/10\/ardohain-metio-la-pata-sobre-el-cfi-y-curciarello-lo-trato-de-bruto\/","name":"Ardohain meti\u00f3 la pata sobre el CFI y Curciarello lo trat\u00f3 de \u201cbruto\u201d - Diario Textual","isPartOf":{"@id":"https:\/\/diariotextual.com\/inicio\/#website"},"primaryImageOfPage":{"@id":"https:\/\/diariotextual.com\/inicio\/index.php\/2024\/01\/10\/ardohain-metio-la-pata-sobre-el-cfi-y-curciarello-lo-trato-de-bruto\/#primaryimage"},"image":{"@id":"https:\/\/diariotextual.com\/inicio\/index.php\/2024\/01\/10\/ardohain-metio-la-pata-sobre-el-cfi-y-curciarello-lo-trato-de-bruto\/#primaryimage"},"thumbnailUrl":"https:\/\/diariotextual.com\/inicio\/wp-content\/uploads\/2021\/12\/curciarellodiciembre2021.jpg","datePublished":"2024-01-10T22:34:41+00:00","dateModified":"2024-01-11T00:06:56+00:00","breadcrumb":{"@id":"https:\/\/diariotextual.com\/inicio\/index.php\/2024\/01\/10\/ardohain-metio-la-pata-sobre-el-cfi-y-curciarello-lo-trato-de-bruto\/#breadcrumb"},"inLanguage":"es","potentialAction":[{"@type":"ReadAction","target":["https:\/\/diariotextual.com\/inicio\/index.php\/2024\/01\/10\/ardohain-metio-la-pata-sobre-el-cfi-y-curciarello-lo-trato-de-bruto\/"]}]},{"@type":"ImageObject","inLanguage":"es","@id":"https:\/\/diariotextual.com\/inicio\/index.php\/2024\/01\/10\/ardohain-metio-la-pata-sobre-el-cfi-y-curciarello-lo-trato-de-bruto\/#primaryimage","url":"https:\/\/diariotextual.com\/inicio\/wp-content\/uploads\/2021\/12\/curciarellodiciembre2021.jpg","contentUrl":"https:\/\/diariotextual.com\/inicio\/wp-content\/uploads\/2021\/12\/curciarellodiciembre2021.jpg","width":700,"height":467},{"@type":"BreadcrumbList","@id":"https:\/\/diariotextual.com\/inicio\/index.php\/2024\/01\/10\/ardohain-metio-la-pata-sobre-el-cfi-y-curciarello-lo-trato-de-bruto\/#breadcrumb","itemListElement":[{"@type":"ListItem","position":1,"name":"Portada","item":"https:\/\/diariotextual.com\/inicio\/"},{"@type":"ListItem","position":2,"name":"Ardohain meti\u00f3 la pata sobre el CFI y Curciarello lo trat\u00f3 de \u201cbruto\u201d"}]},{"@type":"WebSite","@id":"https:\/\/diariotextual.com\/inicio\/#website","url":"https:\/\/diariotextual.com\/inicio\/","name":"Diario Textual","description":"","publisher":{"@id":"https:\/\/diariotextual.com\/inicio\/#organization"},"potentialAction":[{"@type":"SearchAction","target":{"@type":"EntryPoint","urlTemplate":"https:\/\/diariotextual.com\/inicio\/?s={search_term_string}"},"query-input":{"@type":"PropertyValueSpecification","valueRequired":true,"valueName":"search_term_string"}}],"inLanguage":"es"},{"@type":"Organization","@id":"https:\/\/diariotextual.com\/inicio\/#organization","name":"Diario Textual","url":"https:\/\/diariotextual.com\/inicio\/","logo":{"@type":"ImageObject","inLanguage":"es","@id":"https:\/\/diariotextual.com\/inicio\/#\/schema\/logo\/image\/","url":"https:\/\/diariotextual.com\/inicio\/wp-content\/uploads\/2023\/05\/logotextual1.jpg","contentUrl":"https:\/\/diariotextual.com\/inicio\/wp-content\/uploads\/2023\/05\/logotextual1.jpg","width":516,"height":76,"caption":"Diario Textual"},"image":{"@id":"https:\/\/diariotextual.com\/inicio\/#\/schema\/logo\/image\/"},"sameAs":["https:\/\/www.facebook.com\/eltextual","https:\/\/x.com\/eltextual","http:\/\/www.instagram.com\/eltextual"]},{"@type":"Person","@id":"https:\/\/diariotextual.com\/inicio\/#\/schema\/person\/418fc4093c33e86ed41562db3508f958","name":"Diario1 Diario1","image":{"@type":"ImageObject","inLanguage":"es","@id":"https:\/\/secure.gravatar.com\/avatar\/9167d280179c85bc18be67aa7eda765854300033af4896dd779b608640f2ef7a?s=96&d=mm&r=g","url":"https:\/\/secure.gravatar.com\/avatar\/9167d280179c85bc18be67aa7eda765854300033af4896dd779b608640f2ef7a?s=96&d=mm&r=g","contentUrl":"https:\/\/secure.gravatar.com\/avatar\/9167d280179c85bc18be67aa7eda765854300033af4896dd779b608640f2ef7a?s=96&d=mm&r=g","caption":"Diario1 Diario1"},"url":"https:\/\/diariotextual.com\/inicio\/index.php\/author\/diario1\/"}]}},"_links":{"self":[{"href":"https:\/\/diariotextual.com\/inicio\/index.php\/wp-json\/wp\/v2\/posts\/250765","targetHints":{"allow":["GET"]}}],"collection":[{"href":"https:\/\/diariotextual.com\/inicio\/index.php\/wp-json\/wp\/v2\/posts"}],"about":[{"href":"https:\/\/diariotextual.com\/inicio\/index.php\/wp-json\/wp\/v2\/types\/post"}],"author":[{"embeddable":true,"href":"https:\/\/diariotextual.com\/inicio\/index.php\/wp-json\/wp\/v2\/users\/3"}],"replies":[{"embeddable":true,"href":"https:\/\/diariotextual.com\/inicio\/index.php\/wp-json\/wp\/v2\/comments?post=250765"}],"version-history":[{"count":3,"href":"https:\/\/diariotextual.com\/inicio\/index.php\/wp-json\/wp\/v2\/posts\/250765\/revisions"}],"predecessor-version":[{"id":250768,"href":"https:\/\/diariotextual.com\/inicio\/index.php\/wp-json\/wp\/v2\/posts\/250765\/revisions\/250768"}],"wp:featuredmedia":[{"embeddable":true,"href":"https:\/\/diariotextual.com\/inicio\/index.php\/wp-json\/wp\/v2\/media\/174102"}],"wp:attachment":[{"href":"https:\/\/diariotextual.com\/inicio\/index.php\/wp-json\/wp\/v2\/media?parent=250765"}],"wp:term":[{"taxonomy":"category","embeddable":true,"href":"https:\/\/diariotextual.com\/inicio\/index.php\/wp-json\/wp\/v2\/categories?post=250765"},{"taxonomy":"post_tag","embeddable":true,"href":"https:\/\/diariotextual.com\/inicio\/index.php\/wp-json\/wp\/v2\/tags?post=250765"}],"curies":[{"name":"wp","href":"https:\/\/api.w.org\/{rel}","templated":true}]}}