{"id":250769,"date":"2024-01-11T05:05:38","date_gmt":"2024-01-11T08:05:38","guid":{"rendered":"https:\/\/diariotextual.com\/inicio\/?p=250769"},"modified":"2024-01-11T10:58:58","modified_gmt":"2024-01-11T13:58:58","slug":"el-primero-en-la-pampa-la-intersindical-analiza-presentar-un-amparo-contra-el-mega-dnu","status":"publish","type":"post","link":"https:\/\/diariotextual.com\/inicio\/index.php\/2024\/01\/11\/el-primero-en-la-pampa-la-intersindical-analiza-presentar-un-amparo-contra-el-mega-dnu\/","title":{"rendered":"El primero en La Pampa: la Intersindical analiza presentar un amparo contra el mega DNU"},"content":{"rendered":"\n<p>La <strong>Mesa Intersindical <\/strong>-que integran una decena de gremios estatales pampeanos- analiza presentar en las pr\u00f3ximas horas <strong>un amparo <\/strong>en el <strong>Juzgado Federal de Santa Rosa <\/strong>contra el <strong>mega DNU 70\/23 de Javier Mile<\/strong>i, con el que <strong>pretende sentar nuevas bases para la econom\u00eda argentina al terminar con las regulaciones que favorecen a los trabajadores y las trabajadoras.<\/strong><\/p>\n\n\n\n<p>La decisi\u00f3n se conocer\u00e1 este mismo jueves: hay algunos sindicalistas que lo impulsan y otros que ponen ciertos reparos.<\/p>\n\n\n\n<p>En caso de avanzar, se espera -pudo saber <strong>Diario Textual<\/strong>&#8211; que la presentaci\u00f3n se haga esta misma semana. Hasta el momento, <strong>no hay otra presentaci\u00f3n de este tenor en el Juzgado Federal de Santa Rosa, a cargo de Juan Jos\u00e9 Baric.<\/strong><\/p>\n\n\n\n<p>En otras jurisdicciones, sin embargo, han llovido amparos. En ese marco, el mega DNU de reformas econ\u00f3micas del presidente Javier Milei sigue trabado en la Justicia en su apartado de reformas laborales e incluso podr\u00eda sumar nuevos reveses en otros art\u00edculos con el correr de los d\u00edas.<\/p>\n\n\n\n<p>El sindicalismo fue el primero en salir a manifestar su rechazo al DNU.<strong> La CGT present\u00f3 una cautelar por \u00abinconstitucionalidad\u00bb que fue aceptada por la C\u00e1mara Nacional del Trabajo.<\/strong><\/p>\n\n\n\n<p><strong>La parte que qued\u00f3 suspendida temporalmente por Milei establec\u00eda normas como la reducci\u00f3n de multas en caso de despido, ampliaci\u00f3n a 8 meses de los per\u00edodos de prueba, y la obligaci\u00f3n de prestar al menos la mitad de servicios en el marco de una medida de fuerza en el caso de ciertas actividades consideradas de importancia esencial.<\/strong><\/p>\n\n\n\n<p>Eso puso el grito en el cielo de los gremialistas de la CGT y las dos CTA, pero luego comenzaron a llegar nuevos amparos de otros sectores.<\/p>\n\n\n\n<p><strong>Uno de los amparos que comenzar\u00e1 a analizarse es el presentado por la Federaci\u00f3n Argentina de Municipios (FAM), presidida por el intendente de La Matanza, Fernando Espinoza<\/strong>, en representaci\u00f3n de m\u00e1s de 500 intendentes de todo el pa\u00eds.&nbsp;Tambi\u00e9n el presentado por el Observatorio del Derecho a la Ciudad y por el expresidente del Colegio P\u00fablico de Abogados de la Capital Federal Jorge Rizzo.<\/p>\n\n\n\n<p>Hasta ahora,&nbsp;<strong>Milei tuvo dos reveses en la C\u00e1mara Nacional del Trabajo (amparos de la CGT y de la CTA de los Trabajadores) y una tercera sentencia desfavorable en el fuero Contencioso Administrativo<\/strong>, donde se dirimen las contiendas por inconstitucionalidad del DNU.&nbsp;<\/p>\n\n\n\n<p>El Gobierno apel\u00f3 las cautelares y buscar\u00e1 llevar el caso a la Corte Suprema para correr al fuero laboral de la pelea judicial.<\/p>\n\n\n\n<p><\/p>\n\n\n\n<p><\/p>\n","protected":false},"excerpt":{"rendered":"<p>La Mesa Intersindical -que integran una decena de gremios estatales pampeanos- analiza presentar en las pr\u00f3ximas horas un amparo en el Juzgado Federal de Santa Rosa contra el mega DNU&hellip;<\/p>\n","protected":false},"author":3,"featured_media":45295,"comment_status":"closed","ping_status":"open","sticky":false,"template":"","format":"standard","meta":{"_acf_changed":false,"footnotes":""},"categories":[1,8],"tags":[],"class_list":["post-250769","post","type-post","status-publish","format-standard","has-post-thumbnail","hentry","category-es-noticia","category-politica"],"acf":[],"yoast_head":"<!-- This site is optimized with the Yoast SEO plugin v27.5 - https:\/\/yoast.com\/product\/yoast-seo-wordpress\/ -->\n<title>El primero en La Pampa: la Intersindical analiza presentar un amparo contra el mega DNU - Diario Textual<\/title>\n<meta name=\"robots\" content=\"index, follow, max-snippet:-1, max-image-preview:large, max-video-preview:-1\" \/>\n<link rel=\"canonical\" href=\"https:\/\/diariotextual.com\/inicio\/index.php\/2024\/01\/11\/el-primero-en-la-pampa-la-intersindical-analiza-presentar-un-amparo-contra-el-mega-dnu\/\" \/>\n<meta property=\"og:locale\" content=\"es_ES\" \/>\n<meta property=\"og:type\" content=\"article\" \/>\n<meta property=\"og:title\" content=\"El primero en La Pampa: la Intersindical analiza presentar un amparo contra el mega DNU - Diario Textual\" \/>\n<meta property=\"og:description\" content=\"La Mesa Intersindical -que integran una decena de gremios estatales pampeanos- analiza presentar en las pr\u00f3ximas horas un amparo en el Juzgado Federal de Santa Rosa contra el mega DNU&hellip;\" \/>\n<meta property=\"og:url\" content=\"https:\/\/diariotextual.com\/inicio\/index.php\/2024\/01\/11\/el-primero-en-la-pampa-la-intersindical-analiza-presentar-un-amparo-contra-el-mega-dnu\/\" \/>\n<meta property=\"og:site_name\" content=\"Diario Textual\" \/>\n<meta property=\"article:publisher\" content=\"https:\/\/www.facebook.com\/eltextual\" \/>\n<meta property=\"article:published_time\" content=\"2024-01-11T08:05:38+00:00\" \/>\n<meta property=\"article:modified_time\" content=\"2024-01-11T13:58:58+00:00\" \/>\n<meta property=\"og:image\" content=\"https:\/\/diariotextual.com\/inicio\/wp-content\/uploads\/2019\/04\/juzgadofederalsantarosa2019-01.jpg\" \/>\n\t<meta property=\"og:image:width\" content=\"1410\" \/>\n\t<meta property=\"og:image:height\" content=\"871\" \/>\n\t<meta property=\"og:image:type\" content=\"image\/jpeg\" \/>\n<meta name=\"author\" content=\"Diario1 Diario1\" \/>\n<meta name=\"twitter:card\" content=\"summary_large_image\" \/>\n<meta name=\"twitter:creator\" content=\"@eltextual\" \/>\n<meta name=\"twitter:site\" content=\"@eltextual\" \/>\n<meta name=\"twitter:label1\" content=\"Escrito por\" \/>\n\t<meta name=\"twitter:data1\" content=\"Diario1 Diario1\" \/>\n\t<meta name=\"twitter:label2\" content=\"Tiempo de lectura\" \/>\n\t<meta name=\"twitter:data2\" content=\"3 minutos\" \/>\n<script type=\"application\/ld+json\" class=\"yoast-schema-graph\">{\"@context\":\"https:\\\/\\\/schema.org\",\"@graph\":[{\"@type\":\"Article\",\"@id\":\"https:\\\/\\\/diariotextual.com\\\/inicio\\\/index.php\\\/2024\\\/01\\\/11\\\/el-primero-en-la-pampa-la-intersindical-analiza-presentar-un-amparo-contra-el-mega-dnu\\\/#article\",\"isPartOf\":{\"@id\":\"https:\\\/\\\/diariotextual.com\\\/inicio\\\/index.php\\\/2024\\\/01\\\/11\\\/el-primero-en-la-pampa-la-intersindical-analiza-presentar-un-amparo-contra-el-mega-dnu\\\/\"},\"author\":{\"name\":\"Diario1 Diario1\",\"@id\":\"https:\\\/\\\/diariotextual.com\\\/inicio\\\/#\\\/schema\\\/person\\\/418fc4093c33e86ed41562db3508f958\"},\"headline\":\"El primero en La Pampa: la Intersindical analiza presentar un amparo contra el mega DNU\",\"datePublished\":\"2024-01-11T08:05:38+00:00\",\"dateModified\":\"2024-01-11T13:58:58+00:00\",\"mainEntityOfPage\":{\"@id\":\"https:\\\/\\\/diariotextual.com\\\/inicio\\\/index.php\\\/2024\\\/01\\\/11\\\/el-primero-en-la-pampa-la-intersindical-analiza-presentar-un-amparo-contra-el-mega-dnu\\\/\"},\"wordCount\":444,\"publisher\":{\"@id\":\"https:\\\/\\\/diariotextual.com\\\/inicio\\\/#organization\"},\"image\":{\"@id\":\"https:\\\/\\\/diariotextual.com\\\/inicio\\\/index.php\\\/2024\\\/01\\\/11\\\/el-primero-en-la-pampa-la-intersindical-analiza-presentar-un-amparo-contra-el-mega-dnu\\\/#primaryimage\"},\"thumbnailUrl\":\"https:\\\/\\\/diariotextual.com\\\/inicio\\\/wp-content\\\/uploads\\\/2019\\\/04\\\/juzgadofederalsantarosa2019-01.jpg\",\"articleSection\":[\"A - ES NOTICIA (van abajo)\",\"POLITICA\"],\"inLanguage\":\"es\"},{\"@type\":\"WebPage\",\"@id\":\"https:\\\/\\\/diariotextual.com\\\/inicio\\\/index.php\\\/2024\\\/01\\\/11\\\/el-primero-en-la-pampa-la-intersindical-analiza-presentar-un-amparo-contra-el-mega-dnu\\\/\",\"url\":\"https:\\\/\\\/diariotextual.com\\\/inicio\\\/index.php\\\/2024\\\/01\\\/11\\\/el-primero-en-la-pampa-la-intersindical-analiza-presentar-un-amparo-contra-el-mega-dnu\\\/\",\"name\":\"El primero en La Pampa: la Intersindical analiza presentar un amparo contra el mega DNU - Diario Textual\",\"isPartOf\":{\"@id\":\"https:\\\/\\\/diariotextual.com\\\/inicio\\\/#website\"},\"primaryImageOfPage\":{\"@id\":\"https:\\\/\\\/diariotextual.com\\\/inicio\\\/index.php\\\/2024\\\/01\\\/11\\\/el-primero-en-la-pampa-la-intersindical-analiza-presentar-un-amparo-contra-el-mega-dnu\\\/#primaryimage\"},\"image\":{\"@id\":\"https:\\\/\\\/diariotextual.com\\\/inicio\\\/index.php\\\/2024\\\/01\\\/11\\\/el-primero-en-la-pampa-la-intersindical-analiza-presentar-un-amparo-contra-el-mega-dnu\\\/#primaryimage\"},\"thumbnailUrl\":\"https:\\\/\\\/diariotextual.com\\\/inicio\\\/wp-content\\\/uploads\\\/2019\\\/04\\\/juzgadofederalsantarosa2019-01.jpg\",\"datePublished\":\"2024-01-11T08:05:38+00:00\",\"dateModified\":\"2024-01-11T13:58:58+00:00\",\"breadcrumb\":{\"@id\":\"https:\\\/\\\/diariotextual.com\\\/inicio\\\/index.php\\\/2024\\\/01\\\/11\\\/el-primero-en-la-pampa-la-intersindical-analiza-presentar-un-amparo-contra-el-mega-dnu\\\/#breadcrumb\"},\"inLanguage\":\"es\",\"potentialAction\":[{\"@type\":\"ReadAction\",\"target\":[\"https:\\\/\\\/diariotextual.com\\\/inicio\\\/index.php\\\/2024\\\/01\\\/11\\\/el-primero-en-la-pampa-la-intersindical-analiza-presentar-un-amparo-contra-el-mega-dnu\\\/\"]}]},{\"@type\":\"ImageObject\",\"inLanguage\":\"es\",\"@id\":\"https:\\\/\\\/diariotextual.com\\\/inicio\\\/index.php\\\/2024\\\/01\\\/11\\\/el-primero-en-la-pampa-la-intersindical-analiza-presentar-un-amparo-contra-el-mega-dnu\\\/#primaryimage\",\"url\":\"https:\\\/\\\/diariotextual.com\\\/inicio\\\/wp-content\\\/uploads\\\/2019\\\/04\\\/juzgadofederalsantarosa2019-01.jpg\",\"contentUrl\":\"https:\\\/\\\/diariotextual.com\\\/inicio\\\/wp-content\\\/uploads\\\/2019\\\/04\\\/juzgadofederalsantarosa2019-01.jpg\",\"width\":1410,\"height\":871},{\"@type\":\"BreadcrumbList\",\"@id\":\"https:\\\/\\\/diariotextual.com\\\/inicio\\\/index.php\\\/2024\\\/01\\\/11\\\/el-primero-en-la-pampa-la-intersindical-analiza-presentar-un-amparo-contra-el-mega-dnu\\\/#breadcrumb\",\"itemListElement\":[{\"@type\":\"ListItem\",\"position\":1,\"name\":\"Portada\",\"item\":\"https:\\\/\\\/diariotextual.com\\\/inicio\\\/\"},{\"@type\":\"ListItem\",\"position\":2,\"name\":\"El primero en La Pampa: la Intersindical analiza presentar un amparo contra el mega DNU\"}]},{\"@type\":\"WebSite\",\"@id\":\"https:\\\/\\\/diariotextual.com\\\/inicio\\\/#website\",\"url\":\"https:\\\/\\\/diariotextual.com\\\/inicio\\\/\",\"name\":\"Diario Textual\",\"description\":\"\",\"publisher\":{\"@id\":\"https:\\\/\\\/diariotextual.com\\\/inicio\\\/#organization\"},\"potentialAction\":[{\"@type\":\"SearchAction\",\"target\":{\"@type\":\"EntryPoint\",\"urlTemplate\":\"https:\\\/\\\/diariotextual.com\\\/inicio\\\/?s={search_term_string}\"},\"query-input\":{\"@type\":\"PropertyValueSpecification\",\"valueRequired\":true,\"valueName\":\"search_term_string\"}}],\"inLanguage\":\"es\"},{\"@type\":\"Organization\",\"@id\":\"https:\\\/\\\/diariotextual.com\\\/inicio\\\/#organization\",\"name\":\"Diario Textual\",\"url\":\"https:\\\/\\\/diariotextual.com\\\/inicio\\\/\",\"logo\":{\"@type\":\"ImageObject\",\"inLanguage\":\"es\",\"@id\":\"https:\\\/\\\/diariotextual.com\\\/inicio\\\/#\\\/schema\\\/logo\\\/image\\\/\",\"url\":\"https:\\\/\\\/diariotextual.com\\\/inicio\\\/wp-content\\\/uploads\\\/2023\\\/05\\\/logotextual1.jpg\",\"contentUrl\":\"https:\\\/\\\/diariotextual.com\\\/inicio\\\/wp-content\\\/uploads\\\/2023\\\/05\\\/logotextual1.jpg\",\"width\":516,\"height\":76,\"caption\":\"Diario Textual\"},\"image\":{\"@id\":\"https:\\\/\\\/diariotextual.com\\\/inicio\\\/#\\\/schema\\\/logo\\\/image\\\/\"},\"sameAs\":[\"https:\\\/\\\/www.facebook.com\\\/eltextual\",\"https:\\\/\\\/x.com\\\/eltextual\",\"http:\\\/\\\/www.instagram.com\\\/eltextual\"]},{\"@type\":\"Person\",\"@id\":\"https:\\\/\\\/diariotextual.com\\\/inicio\\\/#\\\/schema\\\/person\\\/418fc4093c33e86ed41562db3508f958\",\"name\":\"Diario1 Diario1\",\"image\":{\"@type\":\"ImageObject\",\"inLanguage\":\"es\",\"@id\":\"https:\\\/\\\/secure.gravatar.com\\\/avatar\\\/9167d280179c85bc18be67aa7eda765854300033af4896dd779b608640f2ef7a?s=96&d=mm&r=g\",\"url\":\"https:\\\/\\\/secure.gravatar.com\\\/avatar\\\/9167d280179c85bc18be67aa7eda765854300033af4896dd779b608640f2ef7a?s=96&d=mm&r=g\",\"contentUrl\":\"https:\\\/\\\/secure.gravatar.com\\\/avatar\\\/9167d280179c85bc18be67aa7eda765854300033af4896dd779b608640f2ef7a?s=96&d=mm&r=g\",\"caption\":\"Diario1 Diario1\"},\"url\":\"https:\\\/\\\/diariotextual.com\\\/inicio\\\/index.php\\\/author\\\/diario1\\\/\"}]}<\/script>\n<!-- \/ Yoast SEO plugin. -->","yoast_head_json":{"title":"El primero en La Pampa: la Intersindical analiza presentar un amparo contra el mega DNU - Diario Textual","robots":{"index":"index","follow":"follow","max-snippet":"max-snippet:-1","max-image-preview":"max-image-preview:large","max-video-preview":"max-video-preview:-1"},"canonical":"https:\/\/diariotextual.com\/inicio\/index.php\/2024\/01\/11\/el-primero-en-la-pampa-la-intersindical-analiza-presentar-un-amparo-contra-el-mega-dnu\/","og_locale":"es_ES","og_type":"article","og_title":"El primero en La Pampa: la Intersindical analiza presentar un amparo contra el mega DNU - Diario Textual","og_description":"La Mesa Intersindical -que integran una decena de gremios estatales pampeanos- analiza presentar en las pr\u00f3ximas horas un amparo en el Juzgado Federal de Santa Rosa contra el mega DNU&hellip;","og_url":"https:\/\/diariotextual.com\/inicio\/index.php\/2024\/01\/11\/el-primero-en-la-pampa-la-intersindical-analiza-presentar-un-amparo-contra-el-mega-dnu\/","og_site_name":"Diario Textual","article_publisher":"https:\/\/www.facebook.com\/eltextual","article_published_time":"2024-01-11T08:05:38+00:00","article_modified_time":"2024-01-11T13:58:58+00:00","og_image":[{"width":1410,"height":871,"url":"https:\/\/diariotextual.com\/inicio\/wp-content\/uploads\/2019\/04\/juzgadofederalsantarosa2019-01.jpg","type":"image\/jpeg"}],"author":"Diario1 Diario1","twitter_card":"summary_large_image","twitter_creator":"@eltextual","twitter_site":"@eltextual","twitter_misc":{"Escrito por":"Diario1 Diario1","Tiempo de lectura":"3 minutos"},"schema":{"@context":"https:\/\/schema.org","@graph":[{"@type":"Article","@id":"https:\/\/diariotextual.com\/inicio\/index.php\/2024\/01\/11\/el-primero-en-la-pampa-la-intersindical-analiza-presentar-un-amparo-contra-el-mega-dnu\/#article","isPartOf":{"@id":"https:\/\/diariotextual.com\/inicio\/index.php\/2024\/01\/11\/el-primero-en-la-pampa-la-intersindical-analiza-presentar-un-amparo-contra-el-mega-dnu\/"},"author":{"name":"Diario1 Diario1","@id":"https:\/\/diariotextual.com\/inicio\/#\/schema\/person\/418fc4093c33e86ed41562db3508f958"},"headline":"El primero en La Pampa: la Intersindical analiza presentar un amparo contra el mega DNU","datePublished":"2024-01-11T08:05:38+00:00","dateModified":"2024-01-11T13:58:58+00:00","mainEntityOfPage":{"@id":"https:\/\/diariotextual.com\/inicio\/index.php\/2024\/01\/11\/el-primero-en-la-pampa-la-intersindical-analiza-presentar-un-amparo-contra-el-mega-dnu\/"},"wordCount":444,"publisher":{"@id":"https:\/\/diariotextual.com\/inicio\/#organization"},"image":{"@id":"https:\/\/diariotextual.com\/inicio\/index.php\/2024\/01\/11\/el-primero-en-la-pampa-la-intersindical-analiza-presentar-un-amparo-contra-el-mega-dnu\/#primaryimage"},"thumbnailUrl":"https:\/\/diariotextual.com\/inicio\/wp-content\/uploads\/2019\/04\/juzgadofederalsantarosa2019-01.jpg","articleSection":["A - ES NOTICIA (van abajo)","POLITICA"],"inLanguage":"es"},{"@type":"WebPage","@id":"https:\/\/diariotextual.com\/inicio\/index.php\/2024\/01\/11\/el-primero-en-la-pampa-la-intersindical-analiza-presentar-un-amparo-contra-el-mega-dnu\/","url":"https:\/\/diariotextual.com\/inicio\/index.php\/2024\/01\/11\/el-primero-en-la-pampa-la-intersindical-analiza-presentar-un-amparo-contra-el-mega-dnu\/","name":"El primero en La Pampa: la Intersindical analiza presentar un amparo contra el mega DNU - Diario Textual","isPartOf":{"@id":"https:\/\/diariotextual.com\/inicio\/#website"},"primaryImageOfPage":{"@id":"https:\/\/diariotextual.com\/inicio\/index.php\/2024\/01\/11\/el-primero-en-la-pampa-la-intersindical-analiza-presentar-un-amparo-contra-el-mega-dnu\/#primaryimage"},"image":{"@id":"https:\/\/diariotextual.com\/inicio\/index.php\/2024\/01\/11\/el-primero-en-la-pampa-la-intersindical-analiza-presentar-un-amparo-contra-el-mega-dnu\/#primaryimage"},"thumbnailUrl":"https:\/\/diariotextual.com\/inicio\/wp-content\/uploads\/2019\/04\/juzgadofederalsantarosa2019-01.jpg","datePublished":"2024-01-11T08:05:38+00:00","dateModified":"2024-01-11T13:58:58+00:00","breadcrumb":{"@id":"https:\/\/diariotextual.com\/inicio\/index.php\/2024\/01\/11\/el-primero-en-la-pampa-la-intersindical-analiza-presentar-un-amparo-contra-el-mega-dnu\/#breadcrumb"},"inLanguage":"es","potentialAction":[{"@type":"ReadAction","target":["https:\/\/diariotextual.com\/inicio\/index.php\/2024\/01\/11\/el-primero-en-la-pampa-la-intersindical-analiza-presentar-un-amparo-contra-el-mega-dnu\/"]}]},{"@type":"ImageObject","inLanguage":"es","@id":"https:\/\/diariotextual.com\/inicio\/index.php\/2024\/01\/11\/el-primero-en-la-pampa-la-intersindical-analiza-presentar-un-amparo-contra-el-mega-dnu\/#primaryimage","url":"https:\/\/diariotextual.com\/inicio\/wp-content\/uploads\/2019\/04\/juzgadofederalsantarosa2019-01.jpg","contentUrl":"https:\/\/diariotextual.com\/inicio\/wp-content\/uploads\/2019\/04\/juzgadofederalsantarosa2019-01.jpg","width":1410,"height":871},{"@type":"BreadcrumbList","@id":"https:\/\/diariotextual.com\/inicio\/index.php\/2024\/01\/11\/el-primero-en-la-pampa-la-intersindical-analiza-presentar-un-amparo-contra-el-mega-dnu\/#breadcrumb","itemListElement":[{"@type":"ListItem","position":1,"name":"Portada","item":"https:\/\/diariotextual.com\/inicio\/"},{"@type":"ListItem","position":2,"name":"El primero en La Pampa: la Intersindical analiza presentar un amparo contra el mega DNU"}]},{"@type":"WebSite","@id":"https:\/\/diariotextual.com\/inicio\/#website","url":"https:\/\/diariotextual.com\/inicio\/","name":"Diario Textual","description":"","publisher":{"@id":"https:\/\/diariotextual.com\/inicio\/#organization"},"potentialAction":[{"@type":"SearchAction","target":{"@type":"EntryPoint","urlTemplate":"https:\/\/diariotextual.com\/inicio\/?s={search_term_string}"},"query-input":{"@type":"PropertyValueSpecification","valueRequired":true,"valueName":"search_term_string"}}],"inLanguage":"es"},{"@type":"Organization","@id":"https:\/\/diariotextual.com\/inicio\/#organization","name":"Diario Textual","url":"https:\/\/diariotextual.com\/inicio\/","logo":{"@type":"ImageObject","inLanguage":"es","@id":"https:\/\/diariotextual.com\/inicio\/#\/schema\/logo\/image\/","url":"https:\/\/diariotextual.com\/inicio\/wp-content\/uploads\/2023\/05\/logotextual1.jpg","contentUrl":"https:\/\/diariotextual.com\/inicio\/wp-content\/uploads\/2023\/05\/logotextual1.jpg","width":516,"height":76,"caption":"Diario Textual"},"image":{"@id":"https:\/\/diariotextual.com\/inicio\/#\/schema\/logo\/image\/"},"sameAs":["https:\/\/www.facebook.com\/eltextual","https:\/\/x.com\/eltextual","http:\/\/www.instagram.com\/eltextual"]},{"@type":"Person","@id":"https:\/\/diariotextual.com\/inicio\/#\/schema\/person\/418fc4093c33e86ed41562db3508f958","name":"Diario1 Diario1","image":{"@type":"ImageObject","inLanguage":"es","@id":"https:\/\/secure.gravatar.com\/avatar\/9167d280179c85bc18be67aa7eda765854300033af4896dd779b608640f2ef7a?s=96&d=mm&r=g","url":"https:\/\/secure.gravatar.com\/avatar\/9167d280179c85bc18be67aa7eda765854300033af4896dd779b608640f2ef7a?s=96&d=mm&r=g","contentUrl":"https:\/\/secure.gravatar.com\/avatar\/9167d280179c85bc18be67aa7eda765854300033af4896dd779b608640f2ef7a?s=96&d=mm&r=g","caption":"Diario1 Diario1"},"url":"https:\/\/diariotextual.com\/inicio\/index.php\/author\/diario1\/"}]}},"_links":{"self":[{"href":"https:\/\/diariotextual.com\/inicio\/index.php\/wp-json\/wp\/v2\/posts\/250769","targetHints":{"allow":["GET"]}}],"collection":[{"href":"https:\/\/diariotextual.com\/inicio\/index.php\/wp-json\/wp\/v2\/posts"}],"about":[{"href":"https:\/\/diariotextual.com\/inicio\/index.php\/wp-json\/wp\/v2\/types\/post"}],"author":[{"embeddable":true,"href":"https:\/\/diariotextual.com\/inicio\/index.php\/wp-json\/wp\/v2\/users\/3"}],"replies":[{"embeddable":true,"href":"https:\/\/diariotextual.com\/inicio\/index.php\/wp-json\/wp\/v2\/comments?post=250769"}],"version-history":[{"count":8,"href":"https:\/\/diariotextual.com\/inicio\/index.php\/wp-json\/wp\/v2\/posts\/250769\/revisions"}],"predecessor-version":[{"id":250800,"href":"https:\/\/diariotextual.com\/inicio\/index.php\/wp-json\/wp\/v2\/posts\/250769\/revisions\/250800"}],"wp:featuredmedia":[{"embeddable":true,"href":"https:\/\/diariotextual.com\/inicio\/index.php\/wp-json\/wp\/v2\/media\/45295"}],"wp:attachment":[{"href":"https:\/\/diariotextual.com\/inicio\/index.php\/wp-json\/wp\/v2\/media?parent=250769"}],"wp:term":[{"taxonomy":"category","embeddable":true,"href":"https:\/\/diariotextual.com\/inicio\/index.php\/wp-json\/wp\/v2\/categories?post=250769"},{"taxonomy":"post_tag","embeddable":true,"href":"https:\/\/diariotextual.com\/inicio\/index.php\/wp-json\/wp\/v2\/tags?post=250769"}],"curies":[{"name":"wp","href":"https:\/\/api.w.org\/{rel}","templated":true}]}}