{"id":250790,"date":"2024-01-10T21:06:35","date_gmt":"2024-01-11T00:06:35","guid":{"rendered":"https:\/\/diariotextual.com\/inicio\/?p=250790"},"modified":"2024-01-11T05:07:31","modified_gmt":"2024-01-11T08:07:31","slug":"milei-le-propuso-al-gobernador-de-santa-cruz-el-sistema-de-vouchers-en-las-escuelas","status":"publish","type":"post","link":"https:\/\/diariotextual.com\/inicio\/index.php\/2024\/01\/10\/milei-le-propuso-al-gobernador-de-santa-cruz-el-sistema-de-vouchers-en-las-escuelas\/","title":{"rendered":"Milei le propuso al gobernador de Santa Cruz el sistema de vouchers en las escuelas"},"content":{"rendered":"\n<p>La aplicaci\u00f3n de un\u00a0<strong>sistema de\u00a0<\/strong><em><strong>vouchers\u00a0<\/strong><\/em><strong>para regular la educaci\u00f3n,\u00a0<\/strong>una de las propuestas de la campa\u00f1a libertaria de\u00a0<strong>Javier Milei,\u00a0<\/strong>se col\u00f3 por primera vez en la gesti\u00f3n. En una incipiente demostraci\u00f3n de que el Presidente a\u00fan tiene intenciones de ponerlo en marcha, se lo propuso al gobernador de Santa Cruz,\u00a0<strong>Claudio Vidal,\u00a0<\/strong>como respuesta a un pedido de ayuda con la crisis en las escuelas de la provincia en medio del ajuste.<\/p>\n\n\n\n<p>La propuesta, public\u00f3<strong> Infobae<\/strong>, tuvo lugar durante una charla oficial en R\u00edo Gallegos, durante la escala previa del Presidente en su traves\u00eda hacia la Ant\u00e1rtida. El mandatario provincial le plante\u00f3 al jefe de Estado varios temas que afectan su econom\u00eda\u00a0<strong>mientras la Naci\u00f3n ejerce un fuerte ajuste en los fondos para las provincias y posterga la marcha atr\u00e1s de la reforma de Ganancias que piden los gobernadores.\u00a0<\/strong>Le habl\u00f3 de la situaci\u00f3n de Yacimientos Carbon\u00edferos de R\u00edo Turbio (YCRT), de la recuperaci\u00f3n de \u00e1reas de YPF y de las reformas pesqueras que el Gobierno ya se comprometi\u00f3 a revisar.\u00a0<strong>E hizo especial hincapi\u00e9 en la crisis educativa.<\/strong><\/p>\n\n\n\n<p>Vidal, antes de entregarle una placa con el escudo provincial, le describi\u00f3 al Presidente la escasa infraestructura que dej\u00f3 el gobierno de Alicia Kirchner; el impacto del clima durante el per\u00edodo invernal -dijo que afecta el normal dictado de clases-; y le dijo que el presupuesto qued\u00f3 \u201cdevastado\u201d por las \u201cmalas pol\u00edticas del kirchnerismo, que abandon\u00f3 a los pibes de la provincia\u201d, seg\u00fan contaron en la capital del distrito patag\u00f3nico.<\/p>\n\n\n\n<p>Fue entonces cuando el jefe de Estado, lejos de prometer m\u00e1s fondos y alejarse del objetivo del ajuste, le plante\u00f3 como posible soluci\u00f3n la aplicaci\u00f3n del famoso sistema de\u00a0<em>vouchers\u00a0<\/em>que hab\u00eda defendido antes de asumir<strong>.\u00a0<\/strong>Vidal lo escuch\u00f3 y tom\u00f3 nota, pero en la provincia aseguraron a posteriori que cualquier cambio en t\u00e9rminos de la pol\u00edtica educativa es una prerrogativa que le corresponde a la administraci\u00f3n del distrito. <\/p>\n\n\n\n<p>Despu\u00e9s, extraoficialmente, un funcionario santacruce\u00f1o, muy atento a las reacciones de los vecinos, fue m\u00e1s vehemente. \u201cNo hay chances. No estamos de acuerdo ni queremos hacerlo ni vamos a hacerlo. Ser\u00eda suicida\u201d, dijo.<\/p>\n","protected":false},"excerpt":{"rendered":"<p>La aplicaci\u00f3n de un\u00a0sistema de\u00a0vouchers\u00a0para regular la educaci\u00f3n,\u00a0una de las propuestas de la campa\u00f1a libertaria de\u00a0Javier Milei,\u00a0se col\u00f3 por primera vez en la gesti\u00f3n. En una incipiente demostraci\u00f3n de que&hellip;<\/p>\n","protected":false},"author":3,"featured_media":248673,"comment_status":"closed","ping_status":"open","sticky":false,"template":"","format":"standard","meta":{"_acf_changed":false,"footnotes":""},"categories":[1,8],"tags":[],"class_list":["post-250790","post","type-post","status-publish","format-standard","has-post-thumbnail","hentry","category-es-noticia","category-politica"],"acf":[],"yoast_head":"<!-- This site is optimized with the Yoast SEO plugin v27.5 - https:\/\/yoast.com\/product\/yoast-seo-wordpress\/ -->\n<title>Milei le propuso al gobernador de Santa Cruz el sistema de vouchers en las escuelas - Diario Textual<\/title>\n<meta name=\"robots\" content=\"index, follow, max-snippet:-1, max-image-preview:large, max-video-preview:-1\" \/>\n<link rel=\"canonical\" href=\"https:\/\/diariotextual.com\/inicio\/index.php\/2024\/01\/10\/milei-le-propuso-al-gobernador-de-santa-cruz-el-sistema-de-vouchers-en-las-escuelas\/\" \/>\n<meta property=\"og:locale\" content=\"es_ES\" \/>\n<meta property=\"og:type\" content=\"article\" \/>\n<meta property=\"og:title\" content=\"Milei le propuso al gobernador de Santa Cruz el sistema de vouchers en las escuelas - Diario Textual\" \/>\n<meta property=\"og:description\" content=\"La aplicaci\u00f3n de un\u00a0sistema de\u00a0vouchers\u00a0para regular la educaci\u00f3n,\u00a0una de las propuestas de la campa\u00f1a libertaria de\u00a0Javier Milei,\u00a0se col\u00f3 por primera vez en la gesti\u00f3n. En una incipiente demostraci\u00f3n de que&hellip;\" \/>\n<meta property=\"og:url\" content=\"https:\/\/diariotextual.com\/inicio\/index.php\/2024\/01\/10\/milei-le-propuso-al-gobernador-de-santa-cruz-el-sistema-de-vouchers-en-las-escuelas\/\" \/>\n<meta property=\"og:site_name\" content=\"Diario Textual\" \/>\n<meta property=\"article:publisher\" content=\"https:\/\/www.facebook.com\/eltextual\" \/>\n<meta property=\"article:published_time\" content=\"2024-01-11T00:06:35+00:00\" \/>\n<meta property=\"article:modified_time\" content=\"2024-01-11T08:07:31+00:00\" \/>\n<meta property=\"og:image\" content=\"https:\/\/diariotextual.com\/inicio\/wp-content\/uploads\/2023\/12\/mileijavierdespacho2023-1.jpg\" \/>\n\t<meta property=\"og:image:width\" content=\"1200\" \/>\n\t<meta property=\"og:image:height\" content=\"675\" \/>\n\t<meta property=\"og:image:type\" content=\"image\/jpeg\" \/>\n<meta name=\"author\" content=\"Diario1 Diario1\" \/>\n<meta name=\"twitter:card\" content=\"summary_large_image\" \/>\n<meta name=\"twitter:creator\" content=\"@eltextual\" \/>\n<meta name=\"twitter:site\" content=\"@eltextual\" \/>\n<meta name=\"twitter:label1\" content=\"Escrito por\" \/>\n\t<meta name=\"twitter:data1\" content=\"Diario1 Diario1\" \/>\n\t<meta name=\"twitter:label2\" content=\"Tiempo de lectura\" \/>\n\t<meta name=\"twitter:data2\" content=\"2 minutos\" \/>\n<script type=\"application\/ld+json\" class=\"yoast-schema-graph\">{\"@context\":\"https:\\\/\\\/schema.org\",\"@graph\":[{\"@type\":\"Article\",\"@id\":\"https:\\\/\\\/diariotextual.com\\\/inicio\\\/index.php\\\/2024\\\/01\\\/10\\\/milei-le-propuso-al-gobernador-de-santa-cruz-el-sistema-de-vouchers-en-las-escuelas\\\/#article\",\"isPartOf\":{\"@id\":\"https:\\\/\\\/diariotextual.com\\\/inicio\\\/index.php\\\/2024\\\/01\\\/10\\\/milei-le-propuso-al-gobernador-de-santa-cruz-el-sistema-de-vouchers-en-las-escuelas\\\/\"},\"author\":{\"name\":\"Diario1 Diario1\",\"@id\":\"https:\\\/\\\/diariotextual.com\\\/inicio\\\/#\\\/schema\\\/person\\\/418fc4093c33e86ed41562db3508f958\"},\"headline\":\"Milei le propuso al gobernador de Santa Cruz el sistema de vouchers en las escuelas\",\"datePublished\":\"2024-01-11T00:06:35+00:00\",\"dateModified\":\"2024-01-11T08:07:31+00:00\",\"mainEntityOfPage\":{\"@id\":\"https:\\\/\\\/diariotextual.com\\\/inicio\\\/index.php\\\/2024\\\/01\\\/10\\\/milei-le-propuso-al-gobernador-de-santa-cruz-el-sistema-de-vouchers-en-las-escuelas\\\/\"},\"wordCount\":400,\"publisher\":{\"@id\":\"https:\\\/\\\/diariotextual.com\\\/inicio\\\/#organization\"},\"image\":{\"@id\":\"https:\\\/\\\/diariotextual.com\\\/inicio\\\/index.php\\\/2024\\\/01\\\/10\\\/milei-le-propuso-al-gobernador-de-santa-cruz-el-sistema-de-vouchers-en-las-escuelas\\\/#primaryimage\"},\"thumbnailUrl\":\"https:\\\/\\\/diariotextual.com\\\/inicio\\\/wp-content\\\/uploads\\\/2023\\\/12\\\/mileijavierdespacho2023-1.jpg\",\"articleSection\":[\"A - ES NOTICIA (van abajo)\",\"POLITICA\"],\"inLanguage\":\"es\"},{\"@type\":\"WebPage\",\"@id\":\"https:\\\/\\\/diariotextual.com\\\/inicio\\\/index.php\\\/2024\\\/01\\\/10\\\/milei-le-propuso-al-gobernador-de-santa-cruz-el-sistema-de-vouchers-en-las-escuelas\\\/\",\"url\":\"https:\\\/\\\/diariotextual.com\\\/inicio\\\/index.php\\\/2024\\\/01\\\/10\\\/milei-le-propuso-al-gobernador-de-santa-cruz-el-sistema-de-vouchers-en-las-escuelas\\\/\",\"name\":\"Milei le propuso al gobernador de Santa Cruz el sistema de vouchers en las escuelas - Diario Textual\",\"isPartOf\":{\"@id\":\"https:\\\/\\\/diariotextual.com\\\/inicio\\\/#website\"},\"primaryImageOfPage\":{\"@id\":\"https:\\\/\\\/diariotextual.com\\\/inicio\\\/index.php\\\/2024\\\/01\\\/10\\\/milei-le-propuso-al-gobernador-de-santa-cruz-el-sistema-de-vouchers-en-las-escuelas\\\/#primaryimage\"},\"image\":{\"@id\":\"https:\\\/\\\/diariotextual.com\\\/inicio\\\/index.php\\\/2024\\\/01\\\/10\\\/milei-le-propuso-al-gobernador-de-santa-cruz-el-sistema-de-vouchers-en-las-escuelas\\\/#primaryimage\"},\"thumbnailUrl\":\"https:\\\/\\\/diariotextual.com\\\/inicio\\\/wp-content\\\/uploads\\\/2023\\\/12\\\/mileijavierdespacho2023-1.jpg\",\"datePublished\":\"2024-01-11T00:06:35+00:00\",\"dateModified\":\"2024-01-11T08:07:31+00:00\",\"breadcrumb\":{\"@id\":\"https:\\\/\\\/diariotextual.com\\\/inicio\\\/index.php\\\/2024\\\/01\\\/10\\\/milei-le-propuso-al-gobernador-de-santa-cruz-el-sistema-de-vouchers-en-las-escuelas\\\/#breadcrumb\"},\"inLanguage\":\"es\",\"potentialAction\":[{\"@type\":\"ReadAction\",\"target\":[\"https:\\\/\\\/diariotextual.com\\\/inicio\\\/index.php\\\/2024\\\/01\\\/10\\\/milei-le-propuso-al-gobernador-de-santa-cruz-el-sistema-de-vouchers-en-las-escuelas\\\/\"]}]},{\"@type\":\"ImageObject\",\"inLanguage\":\"es\",\"@id\":\"https:\\\/\\\/diariotextual.com\\\/inicio\\\/index.php\\\/2024\\\/01\\\/10\\\/milei-le-propuso-al-gobernador-de-santa-cruz-el-sistema-de-vouchers-en-las-escuelas\\\/#primaryimage\",\"url\":\"https:\\\/\\\/diariotextual.com\\\/inicio\\\/wp-content\\\/uploads\\\/2023\\\/12\\\/mileijavierdespacho2023-1.jpg\",\"contentUrl\":\"https:\\\/\\\/diariotextual.com\\\/inicio\\\/wp-content\\\/uploads\\\/2023\\\/12\\\/mileijavierdespacho2023-1.jpg\",\"width\":1200,\"height\":675},{\"@type\":\"BreadcrumbList\",\"@id\":\"https:\\\/\\\/diariotextual.com\\\/inicio\\\/index.php\\\/2024\\\/01\\\/10\\\/milei-le-propuso-al-gobernador-de-santa-cruz-el-sistema-de-vouchers-en-las-escuelas\\\/#breadcrumb\",\"itemListElement\":[{\"@type\":\"ListItem\",\"position\":1,\"name\":\"Portada\",\"item\":\"https:\\\/\\\/diariotextual.com\\\/inicio\\\/\"},{\"@type\":\"ListItem\",\"position\":2,\"name\":\"Milei le propuso al gobernador de Santa Cruz el sistema de vouchers en las escuelas\"}]},{\"@type\":\"WebSite\",\"@id\":\"https:\\\/\\\/diariotextual.com\\\/inicio\\\/#website\",\"url\":\"https:\\\/\\\/diariotextual.com\\\/inicio\\\/\",\"name\":\"Diario Textual\",\"description\":\"\",\"publisher\":{\"@id\":\"https:\\\/\\\/diariotextual.com\\\/inicio\\\/#organization\"},\"potentialAction\":[{\"@type\":\"SearchAction\",\"target\":{\"@type\":\"EntryPoint\",\"urlTemplate\":\"https:\\\/\\\/diariotextual.com\\\/inicio\\\/?s={search_term_string}\"},\"query-input\":{\"@type\":\"PropertyValueSpecification\",\"valueRequired\":true,\"valueName\":\"search_term_string\"}}],\"inLanguage\":\"es\"},{\"@type\":\"Organization\",\"@id\":\"https:\\\/\\\/diariotextual.com\\\/inicio\\\/#organization\",\"name\":\"Diario Textual\",\"url\":\"https:\\\/\\\/diariotextual.com\\\/inicio\\\/\",\"logo\":{\"@type\":\"ImageObject\",\"inLanguage\":\"es\",\"@id\":\"https:\\\/\\\/diariotextual.com\\\/inicio\\\/#\\\/schema\\\/logo\\\/image\\\/\",\"url\":\"https:\\\/\\\/diariotextual.com\\\/inicio\\\/wp-content\\\/uploads\\\/2023\\\/05\\\/logotextual1.jpg\",\"contentUrl\":\"https:\\\/\\\/diariotextual.com\\\/inicio\\\/wp-content\\\/uploads\\\/2023\\\/05\\\/logotextual1.jpg\",\"width\":516,\"height\":76,\"caption\":\"Diario Textual\"},\"image\":{\"@id\":\"https:\\\/\\\/diariotextual.com\\\/inicio\\\/#\\\/schema\\\/logo\\\/image\\\/\"},\"sameAs\":[\"https:\\\/\\\/www.facebook.com\\\/eltextual\",\"https:\\\/\\\/x.com\\\/eltextual\",\"http:\\\/\\\/www.instagram.com\\\/eltextual\"]},{\"@type\":\"Person\",\"@id\":\"https:\\\/\\\/diariotextual.com\\\/inicio\\\/#\\\/schema\\\/person\\\/418fc4093c33e86ed41562db3508f958\",\"name\":\"Diario1 Diario1\",\"image\":{\"@type\":\"ImageObject\",\"inLanguage\":\"es\",\"@id\":\"https:\\\/\\\/secure.gravatar.com\\\/avatar\\\/9167d280179c85bc18be67aa7eda765854300033af4896dd779b608640f2ef7a?s=96&d=mm&r=g\",\"url\":\"https:\\\/\\\/secure.gravatar.com\\\/avatar\\\/9167d280179c85bc18be67aa7eda765854300033af4896dd779b608640f2ef7a?s=96&d=mm&r=g\",\"contentUrl\":\"https:\\\/\\\/secure.gravatar.com\\\/avatar\\\/9167d280179c85bc18be67aa7eda765854300033af4896dd779b608640f2ef7a?s=96&d=mm&r=g\",\"caption\":\"Diario1 Diario1\"},\"url\":\"https:\\\/\\\/diariotextual.com\\\/inicio\\\/index.php\\\/author\\\/diario1\\\/\"}]}<\/script>\n<!-- \/ Yoast SEO plugin. -->","yoast_head_json":{"title":"Milei le propuso al gobernador de Santa Cruz el sistema de vouchers en las escuelas - Diario Textual","robots":{"index":"index","follow":"follow","max-snippet":"max-snippet:-1","max-image-preview":"max-image-preview:large","max-video-preview":"max-video-preview:-1"},"canonical":"https:\/\/diariotextual.com\/inicio\/index.php\/2024\/01\/10\/milei-le-propuso-al-gobernador-de-santa-cruz-el-sistema-de-vouchers-en-las-escuelas\/","og_locale":"es_ES","og_type":"article","og_title":"Milei le propuso al gobernador de Santa Cruz el sistema de vouchers en las escuelas - Diario Textual","og_description":"La aplicaci\u00f3n de un\u00a0sistema de\u00a0vouchers\u00a0para regular la educaci\u00f3n,\u00a0una de las propuestas de la campa\u00f1a libertaria de\u00a0Javier Milei,\u00a0se col\u00f3 por primera vez en la gesti\u00f3n. En una incipiente demostraci\u00f3n de que&hellip;","og_url":"https:\/\/diariotextual.com\/inicio\/index.php\/2024\/01\/10\/milei-le-propuso-al-gobernador-de-santa-cruz-el-sistema-de-vouchers-en-las-escuelas\/","og_site_name":"Diario Textual","article_publisher":"https:\/\/www.facebook.com\/eltextual","article_published_time":"2024-01-11T00:06:35+00:00","article_modified_time":"2024-01-11T08:07:31+00:00","og_image":[{"width":1200,"height":675,"url":"https:\/\/diariotextual.com\/inicio\/wp-content\/uploads\/2023\/12\/mileijavierdespacho2023-1.jpg","type":"image\/jpeg"}],"author":"Diario1 Diario1","twitter_card":"summary_large_image","twitter_creator":"@eltextual","twitter_site":"@eltextual","twitter_misc":{"Escrito por":"Diario1 Diario1","Tiempo de lectura":"2 minutos"},"schema":{"@context":"https:\/\/schema.org","@graph":[{"@type":"Article","@id":"https:\/\/diariotextual.com\/inicio\/index.php\/2024\/01\/10\/milei-le-propuso-al-gobernador-de-santa-cruz-el-sistema-de-vouchers-en-las-escuelas\/#article","isPartOf":{"@id":"https:\/\/diariotextual.com\/inicio\/index.php\/2024\/01\/10\/milei-le-propuso-al-gobernador-de-santa-cruz-el-sistema-de-vouchers-en-las-escuelas\/"},"author":{"name":"Diario1 Diario1","@id":"https:\/\/diariotextual.com\/inicio\/#\/schema\/person\/418fc4093c33e86ed41562db3508f958"},"headline":"Milei le propuso al gobernador de Santa Cruz el sistema de vouchers en las escuelas","datePublished":"2024-01-11T00:06:35+00:00","dateModified":"2024-01-11T08:07:31+00:00","mainEntityOfPage":{"@id":"https:\/\/diariotextual.com\/inicio\/index.php\/2024\/01\/10\/milei-le-propuso-al-gobernador-de-santa-cruz-el-sistema-de-vouchers-en-las-escuelas\/"},"wordCount":400,"publisher":{"@id":"https:\/\/diariotextual.com\/inicio\/#organization"},"image":{"@id":"https:\/\/diariotextual.com\/inicio\/index.php\/2024\/01\/10\/milei-le-propuso-al-gobernador-de-santa-cruz-el-sistema-de-vouchers-en-las-escuelas\/#primaryimage"},"thumbnailUrl":"https:\/\/diariotextual.com\/inicio\/wp-content\/uploads\/2023\/12\/mileijavierdespacho2023-1.jpg","articleSection":["A - ES NOTICIA (van abajo)","POLITICA"],"inLanguage":"es"},{"@type":"WebPage","@id":"https:\/\/diariotextual.com\/inicio\/index.php\/2024\/01\/10\/milei-le-propuso-al-gobernador-de-santa-cruz-el-sistema-de-vouchers-en-las-escuelas\/","url":"https:\/\/diariotextual.com\/inicio\/index.php\/2024\/01\/10\/milei-le-propuso-al-gobernador-de-santa-cruz-el-sistema-de-vouchers-en-las-escuelas\/","name":"Milei le propuso al gobernador de Santa Cruz el sistema de vouchers en las escuelas - Diario Textual","isPartOf":{"@id":"https:\/\/diariotextual.com\/inicio\/#website"},"primaryImageOfPage":{"@id":"https:\/\/diariotextual.com\/inicio\/index.php\/2024\/01\/10\/milei-le-propuso-al-gobernador-de-santa-cruz-el-sistema-de-vouchers-en-las-escuelas\/#primaryimage"},"image":{"@id":"https:\/\/diariotextual.com\/inicio\/index.php\/2024\/01\/10\/milei-le-propuso-al-gobernador-de-santa-cruz-el-sistema-de-vouchers-en-las-escuelas\/#primaryimage"},"thumbnailUrl":"https:\/\/diariotextual.com\/inicio\/wp-content\/uploads\/2023\/12\/mileijavierdespacho2023-1.jpg","datePublished":"2024-01-11T00:06:35+00:00","dateModified":"2024-01-11T08:07:31+00:00","breadcrumb":{"@id":"https:\/\/diariotextual.com\/inicio\/index.php\/2024\/01\/10\/milei-le-propuso-al-gobernador-de-santa-cruz-el-sistema-de-vouchers-en-las-escuelas\/#breadcrumb"},"inLanguage":"es","potentialAction":[{"@type":"ReadAction","target":["https:\/\/diariotextual.com\/inicio\/index.php\/2024\/01\/10\/milei-le-propuso-al-gobernador-de-santa-cruz-el-sistema-de-vouchers-en-las-escuelas\/"]}]},{"@type":"ImageObject","inLanguage":"es","@id":"https:\/\/diariotextual.com\/inicio\/index.php\/2024\/01\/10\/milei-le-propuso-al-gobernador-de-santa-cruz-el-sistema-de-vouchers-en-las-escuelas\/#primaryimage","url":"https:\/\/diariotextual.com\/inicio\/wp-content\/uploads\/2023\/12\/mileijavierdespacho2023-1.jpg","contentUrl":"https:\/\/diariotextual.com\/inicio\/wp-content\/uploads\/2023\/12\/mileijavierdespacho2023-1.jpg","width":1200,"height":675},{"@type":"BreadcrumbList","@id":"https:\/\/diariotextual.com\/inicio\/index.php\/2024\/01\/10\/milei-le-propuso-al-gobernador-de-santa-cruz-el-sistema-de-vouchers-en-las-escuelas\/#breadcrumb","itemListElement":[{"@type":"ListItem","position":1,"name":"Portada","item":"https:\/\/diariotextual.com\/inicio\/"},{"@type":"ListItem","position":2,"name":"Milei le propuso al gobernador de Santa Cruz el sistema de vouchers en las escuelas"}]},{"@type":"WebSite","@id":"https:\/\/diariotextual.com\/inicio\/#website","url":"https:\/\/diariotextual.com\/inicio\/","name":"Diario Textual","description":"","publisher":{"@id":"https:\/\/diariotextual.com\/inicio\/#organization"},"potentialAction":[{"@type":"SearchAction","target":{"@type":"EntryPoint","urlTemplate":"https:\/\/diariotextual.com\/inicio\/?s={search_term_string}"},"query-input":{"@type":"PropertyValueSpecification","valueRequired":true,"valueName":"search_term_string"}}],"inLanguage":"es"},{"@type":"Organization","@id":"https:\/\/diariotextual.com\/inicio\/#organization","name":"Diario Textual","url":"https:\/\/diariotextual.com\/inicio\/","logo":{"@type":"ImageObject","inLanguage":"es","@id":"https:\/\/diariotextual.com\/inicio\/#\/schema\/logo\/image\/","url":"https:\/\/diariotextual.com\/inicio\/wp-content\/uploads\/2023\/05\/logotextual1.jpg","contentUrl":"https:\/\/diariotextual.com\/inicio\/wp-content\/uploads\/2023\/05\/logotextual1.jpg","width":516,"height":76,"caption":"Diario Textual"},"image":{"@id":"https:\/\/diariotextual.com\/inicio\/#\/schema\/logo\/image\/"},"sameAs":["https:\/\/www.facebook.com\/eltextual","https:\/\/x.com\/eltextual","http:\/\/www.instagram.com\/eltextual"]},{"@type":"Person","@id":"https:\/\/diariotextual.com\/inicio\/#\/schema\/person\/418fc4093c33e86ed41562db3508f958","name":"Diario1 Diario1","image":{"@type":"ImageObject","inLanguage":"es","@id":"https:\/\/secure.gravatar.com\/avatar\/9167d280179c85bc18be67aa7eda765854300033af4896dd779b608640f2ef7a?s=96&d=mm&r=g","url":"https:\/\/secure.gravatar.com\/avatar\/9167d280179c85bc18be67aa7eda765854300033af4896dd779b608640f2ef7a?s=96&d=mm&r=g","contentUrl":"https:\/\/secure.gravatar.com\/avatar\/9167d280179c85bc18be67aa7eda765854300033af4896dd779b608640f2ef7a?s=96&d=mm&r=g","caption":"Diario1 Diario1"},"url":"https:\/\/diariotextual.com\/inicio\/index.php\/author\/diario1\/"}]}},"_links":{"self":[{"href":"https:\/\/diariotextual.com\/inicio\/index.php\/wp-json\/wp\/v2\/posts\/250790","targetHints":{"allow":["GET"]}}],"collection":[{"href":"https:\/\/diariotextual.com\/inicio\/index.php\/wp-json\/wp\/v2\/posts"}],"about":[{"href":"https:\/\/diariotextual.com\/inicio\/index.php\/wp-json\/wp\/v2\/types\/post"}],"author":[{"embeddable":true,"href":"https:\/\/diariotextual.com\/inicio\/index.php\/wp-json\/wp\/v2\/users\/3"}],"replies":[{"embeddable":true,"href":"https:\/\/diariotextual.com\/inicio\/index.php\/wp-json\/wp\/v2\/comments?post=250790"}],"version-history":[{"count":1,"href":"https:\/\/diariotextual.com\/inicio\/index.php\/wp-json\/wp\/v2\/posts\/250790\/revisions"}],"predecessor-version":[{"id":250791,"href":"https:\/\/diariotextual.com\/inicio\/index.php\/wp-json\/wp\/v2\/posts\/250790\/revisions\/250791"}],"wp:featuredmedia":[{"embeddable":true,"href":"https:\/\/diariotextual.com\/inicio\/index.php\/wp-json\/wp\/v2\/media\/248673"}],"wp:attachment":[{"href":"https:\/\/diariotextual.com\/inicio\/index.php\/wp-json\/wp\/v2\/media?parent=250790"}],"wp:term":[{"taxonomy":"category","embeddable":true,"href":"https:\/\/diariotextual.com\/inicio\/index.php\/wp-json\/wp\/v2\/categories?post=250790"},{"taxonomy":"post_tag","embeddable":true,"href":"https:\/\/diariotextual.com\/inicio\/index.php\/wp-json\/wp\/v2\/tags?post=250790"}],"curies":[{"name":"wp","href":"https:\/\/api.w.org\/{rel}","templated":true}]}}