{"id":250866,"date":"2024-01-11T15:34:45","date_gmt":"2024-01-11T18:34:45","guid":{"rendered":"https:\/\/diariotextual.com\/inicio\/?p=250866"},"modified":"2024-01-11T16:29:26","modified_gmt":"2024-01-11T19:29:26","slug":"despues-de-insultarlo-milei-invito-al-papa-su-presencia-traera-pacificacion","status":"publish","type":"post","link":"https:\/\/diariotextual.com\/inicio\/index.php\/2024\/01\/11\/despues-de-insultarlo-milei-invito-al-papa-su-presencia-traera-pacificacion\/","title":{"rendered":"Despu\u00e9s de insultarlo, Milei invit\u00f3 al papa: \u201cSu presencia traer\u00e1 pacificaci\u00f3n\u201d"},"content":{"rendered":"\n<p>El presidente <strong>Javier Milei<\/strong> invit\u00f3 este jueves, por medio de una carta, al papa Francisco a visitar el pa\u00eds tras considerar que su presencia\u00a0<strong>\u201ctraer\u00e1 frutos de pacificaci\u00f3n y de hermanamiento de todos los argentinos\u201d<\/strong>\u00a0que se encuentran, dijo, \u201cansiosos de superar divisiones y enfrentamientos\u201d.<br><br>En el texto oficial, fechado el 8 de enero pasado pero reci\u00e9n conocido este jueves, Milei tambi\u00e9n\u00a0<strong>agradeci\u00f3 a la Iglesia cat\u00f3lica la \u201ccolaboraci\u00f3n\u201d y \u201cacci\u00f3n invalorable en el campo social\u201d<\/strong>, en especial debido a que las decisiones tomadas en materia econ\u00f3mica desde que est\u00e1 al frente del pa\u00eds, hace poco m\u00e1s de un mes,\u00a0<strong>\u201cpueden profundizar equidades\u201d<\/strong>\u00a0en la sociedad pese a que su \u201cprioridad m\u00e1xima\u201d, afirm\u00f3, es \u201cproteger a los m\u00e1s vulnerables\u201d.<br><br>\u201cSu presencia y su mensaje contribuir\u00e1n a la tan deseada unidad de todos nuestros compatriotas y nos brindar\u00e1 la fuerza colectiva necesaria para preservar nuestra paz y trabajar por la prosperidad y el engrandecimiento de nuestra querida Rep\u00fablica Argentina\u201d, expres\u00f3 el jefe de Estado en la carta, que fue difundida por medio de la cuenta que la Oficina del Presidente Javier Milei tiene en la redes sociales.<br><br>El texto fue hecho p\u00fablico acompa\u00f1ado por una fotograf\u00eda en la que se vio a Milei firmando el texto en compa\u00f1\u00eda de su hermana Karina, secretaria general de la Presidencia.<br><br><strong>El tono de la carta dista considerablemente de los modos en que Milei se hab\u00eda referido al papa cuando era un mero candidato a presidente. Por esos d\u00edas de campa\u00f1a, el ahora presidente acus\u00f3 a Jorge Bergoglio de ser \u201cel representante del maligno en la Tierra, ocupando el trono de la casa de Dios\u201d.<\/strong><\/p>\n\n\n\n<p>Es m\u00e1s, con su macartismo inocultable lo acus\u00f3 de comunista. \u201c\u00bfVos sab\u00edas que el papa impulsa el comunismo, con todos los desastres que provoc\u00f3?\u201d, le pregunt\u00f3 a su interlocutor.<br><br>\u201c<strong>Hoy firm\u00e9 la carta de invitaci\u00f3n. Imagino que tiene una agenda m\u00e1s complicada que yo Esperemos que (el papa Francisco) efectivamente pueda venir. Siendo el argentino un pueblo cat\u00f3lico, (su presencia) va a generar mucha expectativa y esperanza, sobre todo para buscar cerrar algunas diferencias que no tienen sentido\u201d<\/strong>, declar\u00f3 Milei en una entrevista concedida a Radio La Red tras difundirse la misiva.<br><br>En el texto Milei le agradeci\u00f3 al principal referente de la Iglesia cat\u00f3lica en el mundo el \u201cmuy significativo llamado telef\u00f3nico\u201d que le hizo el 22 de noviembre \u00faltimo, d\u00edas despu\u00e9s de haber sido consagrado presidente del pa\u00eds al imponerse en el balotaje por el 55 por ciento de los votos al candidato de Uni\u00f3n por la Patria (UxP), Sergio Massa.<\/p>\n","protected":false},"excerpt":{"rendered":"<p>El presidente Javier Milei invit\u00f3 este jueves, por medio de una carta, al papa Francisco a visitar el pa\u00eds tras considerar que su presencia\u00a0\u201ctraer\u00e1 frutos de pacificaci\u00f3n y de hermanamiento&hellip;<\/p>\n","protected":false},"author":3,"featured_media":250868,"comment_status":"closed","ping_status":"open","sticky":false,"template":"","format":"standard","meta":{"_acf_changed":false,"footnotes":""},"categories":[1,8],"tags":[],"class_list":["post-250866","post","type-post","status-publish","format-standard","has-post-thumbnail","hentry","category-es-noticia","category-politica"],"acf":[],"yoast_head":"<!-- This site is optimized with the Yoast SEO plugin v27.5 - https:\/\/yoast.com\/product\/yoast-seo-wordpress\/ -->\n<title>Despu\u00e9s de insultarlo, Milei invit\u00f3 al papa: \u201cSu presencia traer\u00e1 pacificaci\u00f3n\u201d - Diario Textual<\/title>\n<meta name=\"robots\" content=\"index, follow, max-snippet:-1, max-image-preview:large, max-video-preview:-1\" \/>\n<link rel=\"canonical\" href=\"https:\/\/diariotextual.com\/inicio\/index.php\/2024\/01\/11\/despues-de-insultarlo-milei-invito-al-papa-su-presencia-traera-pacificacion\/\" \/>\n<meta property=\"og:locale\" content=\"es_ES\" \/>\n<meta property=\"og:type\" content=\"article\" \/>\n<meta property=\"og:title\" content=\"Despu\u00e9s de insultarlo, Milei invit\u00f3 al papa: \u201cSu presencia traer\u00e1 pacificaci\u00f3n\u201d - Diario Textual\" \/>\n<meta property=\"og:description\" content=\"El presidente Javier Milei invit\u00f3 este jueves, por medio de una carta, al papa Francisco a visitar el pa\u00eds tras considerar que su presencia\u00a0\u201ctraer\u00e1 frutos de pacificaci\u00f3n y de hermanamiento&hellip;\" \/>\n<meta property=\"og:url\" content=\"https:\/\/diariotextual.com\/inicio\/index.php\/2024\/01\/11\/despues-de-insultarlo-milei-invito-al-papa-su-presencia-traera-pacificacion\/\" \/>\n<meta property=\"og:site_name\" content=\"Diario Textual\" \/>\n<meta property=\"article:publisher\" content=\"https:\/\/www.facebook.com\/eltextual\" \/>\n<meta property=\"article:published_time\" content=\"2024-01-11T18:34:45+00:00\" \/>\n<meta property=\"article:modified_time\" content=\"2024-01-11T19:29:26+00:00\" \/>\n<meta property=\"og:image\" content=\"https:\/\/diariotextual.com\/inicio\/wp-content\/uploads\/2024\/01\/mileijaviermileikarina2024-1.jpg\" \/>\n\t<meta property=\"og:image:width\" content=\"1200\" \/>\n\t<meta property=\"og:image:height\" content=\"675\" \/>\n\t<meta property=\"og:image:type\" content=\"image\/jpeg\" \/>\n<meta name=\"author\" content=\"Diario1 Diario1\" \/>\n<meta name=\"twitter:card\" content=\"summary_large_image\" \/>\n<meta name=\"twitter:creator\" content=\"@eltextual\" \/>\n<meta name=\"twitter:site\" content=\"@eltextual\" \/>\n<meta name=\"twitter:label1\" content=\"Escrito por\" \/>\n\t<meta name=\"twitter:data1\" content=\"Diario1 Diario1\" \/>\n\t<meta name=\"twitter:label2\" content=\"Tiempo de lectura\" \/>\n\t<meta name=\"twitter:data2\" content=\"3 minutos\" \/>\n<script type=\"application\/ld+json\" class=\"yoast-schema-graph\">{\"@context\":\"https:\\\/\\\/schema.org\",\"@graph\":[{\"@type\":\"Article\",\"@id\":\"https:\\\/\\\/diariotextual.com\\\/inicio\\\/index.php\\\/2024\\\/01\\\/11\\\/despues-de-insultarlo-milei-invito-al-papa-su-presencia-traera-pacificacion\\\/#article\",\"isPartOf\":{\"@id\":\"https:\\\/\\\/diariotextual.com\\\/inicio\\\/index.php\\\/2024\\\/01\\\/11\\\/despues-de-insultarlo-milei-invito-al-papa-su-presencia-traera-pacificacion\\\/\"},\"author\":{\"name\":\"Diario1 Diario1\",\"@id\":\"https:\\\/\\\/diariotextual.com\\\/inicio\\\/#\\\/schema\\\/person\\\/418fc4093c33e86ed41562db3508f958\"},\"headline\":\"Despu\u00e9s de insultarlo, Milei invit\u00f3 al papa: \u201cSu presencia traer\u00e1 pacificaci\u00f3n\u201d\",\"datePublished\":\"2024-01-11T18:34:45+00:00\",\"dateModified\":\"2024-01-11T19:29:26+00:00\",\"mainEntityOfPage\":{\"@id\":\"https:\\\/\\\/diariotextual.com\\\/inicio\\\/index.php\\\/2024\\\/01\\\/11\\\/despues-de-insultarlo-milei-invito-al-papa-su-presencia-traera-pacificacion\\\/\"},\"wordCount\":465,\"publisher\":{\"@id\":\"https:\\\/\\\/diariotextual.com\\\/inicio\\\/#organization\"},\"image\":{\"@id\":\"https:\\\/\\\/diariotextual.com\\\/inicio\\\/index.php\\\/2024\\\/01\\\/11\\\/despues-de-insultarlo-milei-invito-al-papa-su-presencia-traera-pacificacion\\\/#primaryimage\"},\"thumbnailUrl\":\"https:\\\/\\\/diariotextual.com\\\/inicio\\\/wp-content\\\/uploads\\\/2024\\\/01\\\/mileijaviermileikarina2024-1.jpg\",\"articleSection\":[\"A - ES NOTICIA (van abajo)\",\"POLITICA\"],\"inLanguage\":\"es\"},{\"@type\":\"WebPage\",\"@id\":\"https:\\\/\\\/diariotextual.com\\\/inicio\\\/index.php\\\/2024\\\/01\\\/11\\\/despues-de-insultarlo-milei-invito-al-papa-su-presencia-traera-pacificacion\\\/\",\"url\":\"https:\\\/\\\/diariotextual.com\\\/inicio\\\/index.php\\\/2024\\\/01\\\/11\\\/despues-de-insultarlo-milei-invito-al-papa-su-presencia-traera-pacificacion\\\/\",\"name\":\"Despu\u00e9s de insultarlo, Milei invit\u00f3 al papa: \u201cSu presencia traer\u00e1 pacificaci\u00f3n\u201d - Diario Textual\",\"isPartOf\":{\"@id\":\"https:\\\/\\\/diariotextual.com\\\/inicio\\\/#website\"},\"primaryImageOfPage\":{\"@id\":\"https:\\\/\\\/diariotextual.com\\\/inicio\\\/index.php\\\/2024\\\/01\\\/11\\\/despues-de-insultarlo-milei-invito-al-papa-su-presencia-traera-pacificacion\\\/#primaryimage\"},\"image\":{\"@id\":\"https:\\\/\\\/diariotextual.com\\\/inicio\\\/index.php\\\/2024\\\/01\\\/11\\\/despues-de-insultarlo-milei-invito-al-papa-su-presencia-traera-pacificacion\\\/#primaryimage\"},\"thumbnailUrl\":\"https:\\\/\\\/diariotextual.com\\\/inicio\\\/wp-content\\\/uploads\\\/2024\\\/01\\\/mileijaviermileikarina2024-1.jpg\",\"datePublished\":\"2024-01-11T18:34:45+00:00\",\"dateModified\":\"2024-01-11T19:29:26+00:00\",\"breadcrumb\":{\"@id\":\"https:\\\/\\\/diariotextual.com\\\/inicio\\\/index.php\\\/2024\\\/01\\\/11\\\/despues-de-insultarlo-milei-invito-al-papa-su-presencia-traera-pacificacion\\\/#breadcrumb\"},\"inLanguage\":\"es\",\"potentialAction\":[{\"@type\":\"ReadAction\",\"target\":[\"https:\\\/\\\/diariotextual.com\\\/inicio\\\/index.php\\\/2024\\\/01\\\/11\\\/despues-de-insultarlo-milei-invito-al-papa-su-presencia-traera-pacificacion\\\/\"]}]},{\"@type\":\"ImageObject\",\"inLanguage\":\"es\",\"@id\":\"https:\\\/\\\/diariotextual.com\\\/inicio\\\/index.php\\\/2024\\\/01\\\/11\\\/despues-de-insultarlo-milei-invito-al-papa-su-presencia-traera-pacificacion\\\/#primaryimage\",\"url\":\"https:\\\/\\\/diariotextual.com\\\/inicio\\\/wp-content\\\/uploads\\\/2024\\\/01\\\/mileijaviermileikarina2024-1.jpg\",\"contentUrl\":\"https:\\\/\\\/diariotextual.com\\\/inicio\\\/wp-content\\\/uploads\\\/2024\\\/01\\\/mileijaviermileikarina2024-1.jpg\",\"width\":1200,\"height\":675},{\"@type\":\"BreadcrumbList\",\"@id\":\"https:\\\/\\\/diariotextual.com\\\/inicio\\\/index.php\\\/2024\\\/01\\\/11\\\/despues-de-insultarlo-milei-invito-al-papa-su-presencia-traera-pacificacion\\\/#breadcrumb\",\"itemListElement\":[{\"@type\":\"ListItem\",\"position\":1,\"name\":\"Portada\",\"item\":\"https:\\\/\\\/diariotextual.com\\\/inicio\\\/\"},{\"@type\":\"ListItem\",\"position\":2,\"name\":\"Despu\u00e9s de insultarlo, Milei invit\u00f3 al papa: \u201cSu presencia traer\u00e1 pacificaci\u00f3n\u201d\"}]},{\"@type\":\"WebSite\",\"@id\":\"https:\\\/\\\/diariotextual.com\\\/inicio\\\/#website\",\"url\":\"https:\\\/\\\/diariotextual.com\\\/inicio\\\/\",\"name\":\"Diario Textual\",\"description\":\"\",\"publisher\":{\"@id\":\"https:\\\/\\\/diariotextual.com\\\/inicio\\\/#organization\"},\"potentialAction\":[{\"@type\":\"SearchAction\",\"target\":{\"@type\":\"EntryPoint\",\"urlTemplate\":\"https:\\\/\\\/diariotextual.com\\\/inicio\\\/?s={search_term_string}\"},\"query-input\":{\"@type\":\"PropertyValueSpecification\",\"valueRequired\":true,\"valueName\":\"search_term_string\"}}],\"inLanguage\":\"es\"},{\"@type\":\"Organization\",\"@id\":\"https:\\\/\\\/diariotextual.com\\\/inicio\\\/#organization\",\"name\":\"Diario Textual\",\"url\":\"https:\\\/\\\/diariotextual.com\\\/inicio\\\/\",\"logo\":{\"@type\":\"ImageObject\",\"inLanguage\":\"es\",\"@id\":\"https:\\\/\\\/diariotextual.com\\\/inicio\\\/#\\\/schema\\\/logo\\\/image\\\/\",\"url\":\"https:\\\/\\\/diariotextual.com\\\/inicio\\\/wp-content\\\/uploads\\\/2023\\\/05\\\/logotextual1.jpg\",\"contentUrl\":\"https:\\\/\\\/diariotextual.com\\\/inicio\\\/wp-content\\\/uploads\\\/2023\\\/05\\\/logotextual1.jpg\",\"width\":516,\"height\":76,\"caption\":\"Diario Textual\"},\"image\":{\"@id\":\"https:\\\/\\\/diariotextual.com\\\/inicio\\\/#\\\/schema\\\/logo\\\/image\\\/\"},\"sameAs\":[\"https:\\\/\\\/www.facebook.com\\\/eltextual\",\"https:\\\/\\\/x.com\\\/eltextual\",\"http:\\\/\\\/www.instagram.com\\\/eltextual\"]},{\"@type\":\"Person\",\"@id\":\"https:\\\/\\\/diariotextual.com\\\/inicio\\\/#\\\/schema\\\/person\\\/418fc4093c33e86ed41562db3508f958\",\"name\":\"Diario1 Diario1\",\"image\":{\"@type\":\"ImageObject\",\"inLanguage\":\"es\",\"@id\":\"https:\\\/\\\/secure.gravatar.com\\\/avatar\\\/9167d280179c85bc18be67aa7eda765854300033af4896dd779b608640f2ef7a?s=96&d=mm&r=g\",\"url\":\"https:\\\/\\\/secure.gravatar.com\\\/avatar\\\/9167d280179c85bc18be67aa7eda765854300033af4896dd779b608640f2ef7a?s=96&d=mm&r=g\",\"contentUrl\":\"https:\\\/\\\/secure.gravatar.com\\\/avatar\\\/9167d280179c85bc18be67aa7eda765854300033af4896dd779b608640f2ef7a?s=96&d=mm&r=g\",\"caption\":\"Diario1 Diario1\"},\"url\":\"https:\\\/\\\/diariotextual.com\\\/inicio\\\/index.php\\\/author\\\/diario1\\\/\"}]}<\/script>\n<!-- \/ Yoast SEO plugin. -->","yoast_head_json":{"title":"Despu\u00e9s de insultarlo, Milei invit\u00f3 al papa: \u201cSu presencia traer\u00e1 pacificaci\u00f3n\u201d - Diario Textual","robots":{"index":"index","follow":"follow","max-snippet":"max-snippet:-1","max-image-preview":"max-image-preview:large","max-video-preview":"max-video-preview:-1"},"canonical":"https:\/\/diariotextual.com\/inicio\/index.php\/2024\/01\/11\/despues-de-insultarlo-milei-invito-al-papa-su-presencia-traera-pacificacion\/","og_locale":"es_ES","og_type":"article","og_title":"Despu\u00e9s de insultarlo, Milei invit\u00f3 al papa: \u201cSu presencia traer\u00e1 pacificaci\u00f3n\u201d - Diario Textual","og_description":"El presidente Javier Milei invit\u00f3 este jueves, por medio de una carta, al papa Francisco a visitar el pa\u00eds tras considerar que su presencia\u00a0\u201ctraer\u00e1 frutos de pacificaci\u00f3n y de hermanamiento&hellip;","og_url":"https:\/\/diariotextual.com\/inicio\/index.php\/2024\/01\/11\/despues-de-insultarlo-milei-invito-al-papa-su-presencia-traera-pacificacion\/","og_site_name":"Diario Textual","article_publisher":"https:\/\/www.facebook.com\/eltextual","article_published_time":"2024-01-11T18:34:45+00:00","article_modified_time":"2024-01-11T19:29:26+00:00","og_image":[{"width":1200,"height":675,"url":"https:\/\/diariotextual.com\/inicio\/wp-content\/uploads\/2024\/01\/mileijaviermileikarina2024-1.jpg","type":"image\/jpeg"}],"author":"Diario1 Diario1","twitter_card":"summary_large_image","twitter_creator":"@eltextual","twitter_site":"@eltextual","twitter_misc":{"Escrito por":"Diario1 Diario1","Tiempo de lectura":"3 minutos"},"schema":{"@context":"https:\/\/schema.org","@graph":[{"@type":"Article","@id":"https:\/\/diariotextual.com\/inicio\/index.php\/2024\/01\/11\/despues-de-insultarlo-milei-invito-al-papa-su-presencia-traera-pacificacion\/#article","isPartOf":{"@id":"https:\/\/diariotextual.com\/inicio\/index.php\/2024\/01\/11\/despues-de-insultarlo-milei-invito-al-papa-su-presencia-traera-pacificacion\/"},"author":{"name":"Diario1 Diario1","@id":"https:\/\/diariotextual.com\/inicio\/#\/schema\/person\/418fc4093c33e86ed41562db3508f958"},"headline":"Despu\u00e9s de insultarlo, Milei invit\u00f3 al papa: \u201cSu presencia traer\u00e1 pacificaci\u00f3n\u201d","datePublished":"2024-01-11T18:34:45+00:00","dateModified":"2024-01-11T19:29:26+00:00","mainEntityOfPage":{"@id":"https:\/\/diariotextual.com\/inicio\/index.php\/2024\/01\/11\/despues-de-insultarlo-milei-invito-al-papa-su-presencia-traera-pacificacion\/"},"wordCount":465,"publisher":{"@id":"https:\/\/diariotextual.com\/inicio\/#organization"},"image":{"@id":"https:\/\/diariotextual.com\/inicio\/index.php\/2024\/01\/11\/despues-de-insultarlo-milei-invito-al-papa-su-presencia-traera-pacificacion\/#primaryimage"},"thumbnailUrl":"https:\/\/diariotextual.com\/inicio\/wp-content\/uploads\/2024\/01\/mileijaviermileikarina2024-1.jpg","articleSection":["A - ES NOTICIA (van abajo)","POLITICA"],"inLanguage":"es"},{"@type":"WebPage","@id":"https:\/\/diariotextual.com\/inicio\/index.php\/2024\/01\/11\/despues-de-insultarlo-milei-invito-al-papa-su-presencia-traera-pacificacion\/","url":"https:\/\/diariotextual.com\/inicio\/index.php\/2024\/01\/11\/despues-de-insultarlo-milei-invito-al-papa-su-presencia-traera-pacificacion\/","name":"Despu\u00e9s de insultarlo, Milei invit\u00f3 al papa: \u201cSu presencia traer\u00e1 pacificaci\u00f3n\u201d - Diario Textual","isPartOf":{"@id":"https:\/\/diariotextual.com\/inicio\/#website"},"primaryImageOfPage":{"@id":"https:\/\/diariotextual.com\/inicio\/index.php\/2024\/01\/11\/despues-de-insultarlo-milei-invito-al-papa-su-presencia-traera-pacificacion\/#primaryimage"},"image":{"@id":"https:\/\/diariotextual.com\/inicio\/index.php\/2024\/01\/11\/despues-de-insultarlo-milei-invito-al-papa-su-presencia-traera-pacificacion\/#primaryimage"},"thumbnailUrl":"https:\/\/diariotextual.com\/inicio\/wp-content\/uploads\/2024\/01\/mileijaviermileikarina2024-1.jpg","datePublished":"2024-01-11T18:34:45+00:00","dateModified":"2024-01-11T19:29:26+00:00","breadcrumb":{"@id":"https:\/\/diariotextual.com\/inicio\/index.php\/2024\/01\/11\/despues-de-insultarlo-milei-invito-al-papa-su-presencia-traera-pacificacion\/#breadcrumb"},"inLanguage":"es","potentialAction":[{"@type":"ReadAction","target":["https:\/\/diariotextual.com\/inicio\/index.php\/2024\/01\/11\/despues-de-insultarlo-milei-invito-al-papa-su-presencia-traera-pacificacion\/"]}]},{"@type":"ImageObject","inLanguage":"es","@id":"https:\/\/diariotextual.com\/inicio\/index.php\/2024\/01\/11\/despues-de-insultarlo-milei-invito-al-papa-su-presencia-traera-pacificacion\/#primaryimage","url":"https:\/\/diariotextual.com\/inicio\/wp-content\/uploads\/2024\/01\/mileijaviermileikarina2024-1.jpg","contentUrl":"https:\/\/diariotextual.com\/inicio\/wp-content\/uploads\/2024\/01\/mileijaviermileikarina2024-1.jpg","width":1200,"height":675},{"@type":"BreadcrumbList","@id":"https:\/\/diariotextual.com\/inicio\/index.php\/2024\/01\/11\/despues-de-insultarlo-milei-invito-al-papa-su-presencia-traera-pacificacion\/#breadcrumb","itemListElement":[{"@type":"ListItem","position":1,"name":"Portada","item":"https:\/\/diariotextual.com\/inicio\/"},{"@type":"ListItem","position":2,"name":"Despu\u00e9s de insultarlo, Milei invit\u00f3 al papa: \u201cSu presencia traer\u00e1 pacificaci\u00f3n\u201d"}]},{"@type":"WebSite","@id":"https:\/\/diariotextual.com\/inicio\/#website","url":"https:\/\/diariotextual.com\/inicio\/","name":"Diario Textual","description":"","publisher":{"@id":"https:\/\/diariotextual.com\/inicio\/#organization"},"potentialAction":[{"@type":"SearchAction","target":{"@type":"EntryPoint","urlTemplate":"https:\/\/diariotextual.com\/inicio\/?s={search_term_string}"},"query-input":{"@type":"PropertyValueSpecification","valueRequired":true,"valueName":"search_term_string"}}],"inLanguage":"es"},{"@type":"Organization","@id":"https:\/\/diariotextual.com\/inicio\/#organization","name":"Diario Textual","url":"https:\/\/diariotextual.com\/inicio\/","logo":{"@type":"ImageObject","inLanguage":"es","@id":"https:\/\/diariotextual.com\/inicio\/#\/schema\/logo\/image\/","url":"https:\/\/diariotextual.com\/inicio\/wp-content\/uploads\/2023\/05\/logotextual1.jpg","contentUrl":"https:\/\/diariotextual.com\/inicio\/wp-content\/uploads\/2023\/05\/logotextual1.jpg","width":516,"height":76,"caption":"Diario Textual"},"image":{"@id":"https:\/\/diariotextual.com\/inicio\/#\/schema\/logo\/image\/"},"sameAs":["https:\/\/www.facebook.com\/eltextual","https:\/\/x.com\/eltextual","http:\/\/www.instagram.com\/eltextual"]},{"@type":"Person","@id":"https:\/\/diariotextual.com\/inicio\/#\/schema\/person\/418fc4093c33e86ed41562db3508f958","name":"Diario1 Diario1","image":{"@type":"ImageObject","inLanguage":"es","@id":"https:\/\/secure.gravatar.com\/avatar\/9167d280179c85bc18be67aa7eda765854300033af4896dd779b608640f2ef7a?s=96&d=mm&r=g","url":"https:\/\/secure.gravatar.com\/avatar\/9167d280179c85bc18be67aa7eda765854300033af4896dd779b608640f2ef7a?s=96&d=mm&r=g","contentUrl":"https:\/\/secure.gravatar.com\/avatar\/9167d280179c85bc18be67aa7eda765854300033af4896dd779b608640f2ef7a?s=96&d=mm&r=g","caption":"Diario1 Diario1"},"url":"https:\/\/diariotextual.com\/inicio\/index.php\/author\/diario1\/"}]}},"_links":{"self":[{"href":"https:\/\/diariotextual.com\/inicio\/index.php\/wp-json\/wp\/v2\/posts\/250866","targetHints":{"allow":["GET"]}}],"collection":[{"href":"https:\/\/diariotextual.com\/inicio\/index.php\/wp-json\/wp\/v2\/posts"}],"about":[{"href":"https:\/\/diariotextual.com\/inicio\/index.php\/wp-json\/wp\/v2\/types\/post"}],"author":[{"embeddable":true,"href":"https:\/\/diariotextual.com\/inicio\/index.php\/wp-json\/wp\/v2\/users\/3"}],"replies":[{"embeddable":true,"href":"https:\/\/diariotextual.com\/inicio\/index.php\/wp-json\/wp\/v2\/comments?post=250866"}],"version-history":[{"count":2,"href":"https:\/\/diariotextual.com\/inicio\/index.php\/wp-json\/wp\/v2\/posts\/250866\/revisions"}],"predecessor-version":[{"id":250869,"href":"https:\/\/diariotextual.com\/inicio\/index.php\/wp-json\/wp\/v2\/posts\/250866\/revisions\/250869"}],"wp:featuredmedia":[{"embeddable":true,"href":"https:\/\/diariotextual.com\/inicio\/index.php\/wp-json\/wp\/v2\/media\/250868"}],"wp:attachment":[{"href":"https:\/\/diariotextual.com\/inicio\/index.php\/wp-json\/wp\/v2\/media?parent=250866"}],"wp:term":[{"taxonomy":"category","embeddable":true,"href":"https:\/\/diariotextual.com\/inicio\/index.php\/wp-json\/wp\/v2\/categories?post=250866"},{"taxonomy":"post_tag","embeddable":true,"href":"https:\/\/diariotextual.com\/inicio\/index.php\/wp-json\/wp\/v2\/tags?post=250866"}],"curies":[{"name":"wp","href":"https:\/\/api.w.org\/{rel}","templated":true}]}}