{"id":250968,"date":"2024-01-12T12:45:20","date_gmt":"2024-01-12T15:45:20","guid":{"rendered":"https:\/\/diariotextual.com\/inicio\/?p=250968"},"modified":"2024-01-12T12:45:22","modified_gmt":"2024-01-12T15:45:22","slug":"asamblea-autoconvocada-contra-milei-cuestiona-a-legisladores-y-rechaza-aumento-de-camuzzi-del-421","status":"publish","type":"post","link":"https:\/\/diariotextual.com\/inicio\/index.php\/2024\/01\/12\/asamblea-autoconvocada-contra-milei-cuestiona-a-legisladores-y-rechaza-aumento-de-camuzzi-del-421\/","title":{"rendered":"Asamblea Autoconvocada contra Milei cuestiona a legisladores y rechaza aumento de Camuzzi del 421%"},"content":{"rendered":"\n<p>La Asamblea Autoconvocada contra el Ajuste de Milei, que sesiona todos los jueves en la plaza San Mart\u00edn de Santa Rosa, dijo en un documento \u201clamenta\u201d la \u201cactitud antidemocr\u00e1tica y de desconocimiento para con este espacio por parte de las y los&nbsp; legisladoras\/es nacionales por La Pampa ante el Congreso Nacional\u201d, quienes fueron invitados a dialogar pero no concurrieron.<\/p>\n\n\n\n<p>\u201cComo es de p\u00fablico conocimiento esta Asamblea con fecha del 30 de Diciembre del 2023 invit\u00f3 por nota personal y tambi\u00e9n por el correo personal de cada legislador\/a a exponer el d\u00eda 11 de enero&nbsp; en la Asamblea abierta a la ciudadan\u00eda pampeana su posici\u00f3n ante el DNU y la Ley \u00d3mnibus normas presentada por el Gobierno Nacional al Congreso. Lamentablemente ning\u00fan\/a legislador\/a o alguien de sus equipos se comunic\u00f3 con la Asamblea para confirmar su presencia o no a la misma en una total falta de respeto y desconsideraci\u00f3n\u201d, expres\u00f3.<\/p>\n\n\n\n<p>\u201cDesde esta Asamblea ratificamos nuestra posici\u00f3n de un rotundo rechazo a la aprobaci\u00f3n total o parcial tanto del DNU como de la Ley \u00d3mnibus, tenemos el convencimiento de lo peligroso que ser\u00e1 para el bienestar del pueblo argentino la aprobaci\u00f3n de estas normas, incluso con la modificaci\u00f3n de algunos de sus art\u00edculos como se pretende negociar ya que eso no modificar\u00e1 el esp\u00edritu de fondo m\u00e1s que nada en la Ley \u00d3mnibus\u201d, sostuvo.<\/p>\n\n\n\n<p>Por otro lado, la asamblea aprob\u00f3 la difusi\u00f3n de material de comunicaci\u00f3n donde se muestran las \u201cconsecuencias nefastas\u201d que genera el DNU en la vida diaria de las personas. Esta folleter\u00eda est\u00e1 a disposici\u00f3n de todo el pueblo pampeano y de quienes lo requieran, sostuvo.<\/p>\n\n\n\n<p>Tambi\u00e9n aprob\u00f3 rechazar \u201cenf\u00e1ticamente\u201d el pedido del aumento del gas en un 421% en nuestra provincia por parte de Camuzzi en las audiencias p\u00fablicas.<\/p>\n\n\n\n<p>Por \u00faltimo, la asamblea convoc\u00f3 a todo el pueblo pampeano a participar de las asambleas y de las marchas contra el DNU y la Ley \u00d3mnibus que todos jueves realizan en la plaza San Mart\u00edn de Santa Rosa.<\/p>\n\n\n\n<p><\/p>\n","protected":false},"excerpt":{"rendered":"<p>La Asamblea Autoconvocada contra el Ajuste de Milei, que sesiona todos los jueves en la plaza San Mart\u00edn de Santa Rosa, dijo en un documento \u201clamenta\u201d la \u201cactitud antidemocr\u00e1tica y&hellip;<\/p>\n","protected":false},"author":3,"featured_media":249550,"comment_status":"closed","ping_status":"open","sticky":false,"template":"","format":"standard","meta":{"_acf_changed":false,"footnotes":""},"categories":[1,8],"tags":[],"class_list":["post-250968","post","type-post","status-publish","format-standard","has-post-thumbnail","hentry","category-es-noticia","category-politica"],"acf":[],"yoast_head":"<!-- This site is optimized with the Yoast SEO plugin v27.5 - https:\/\/yoast.com\/product\/yoast-seo-wordpress\/ -->\n<title>Asamblea Autoconvocada contra Milei cuestiona a legisladores y rechaza aumento de Camuzzi del 421% - Diario Textual<\/title>\n<meta name=\"robots\" content=\"index, follow, max-snippet:-1, max-image-preview:large, max-video-preview:-1\" \/>\n<link rel=\"canonical\" href=\"https:\/\/diariotextual.com\/inicio\/index.php\/2024\/01\/12\/asamblea-autoconvocada-contra-milei-cuestiona-a-legisladores-y-rechaza-aumento-de-camuzzi-del-421\/\" \/>\n<meta property=\"og:locale\" content=\"es_ES\" \/>\n<meta property=\"og:type\" content=\"article\" \/>\n<meta property=\"og:title\" content=\"Asamblea Autoconvocada contra Milei cuestiona a legisladores y rechaza aumento de Camuzzi del 421% - Diario Textual\" \/>\n<meta property=\"og:description\" content=\"La Asamblea Autoconvocada contra el Ajuste de Milei, que sesiona todos los jueves en la plaza San Mart\u00edn de Santa Rosa, dijo en un documento \u201clamenta\u201d la \u201cactitud antidemocr\u00e1tica y&hellip;\" \/>\n<meta property=\"og:url\" content=\"https:\/\/diariotextual.com\/inicio\/index.php\/2024\/01\/12\/asamblea-autoconvocada-contra-milei-cuestiona-a-legisladores-y-rechaza-aumento-de-camuzzi-del-421\/\" \/>\n<meta property=\"og:site_name\" content=\"Diario Textual\" \/>\n<meta property=\"article:publisher\" content=\"https:\/\/www.facebook.com\/eltextual\" \/>\n<meta property=\"article:published_time\" content=\"2024-01-12T15:45:20+00:00\" \/>\n<meta property=\"article:modified_time\" content=\"2024-01-12T15:45:22+00:00\" \/>\n<meta property=\"og:image\" content=\"https:\/\/diariotextual.com\/inicio\/wp-content\/uploads\/2023\/12\/manifestacionantimileisantarosa202-10.jpg\" \/>\n\t<meta property=\"og:image:width\" content=\"1500\" \/>\n\t<meta property=\"og:image:height\" content=\"844\" \/>\n\t<meta property=\"og:image:type\" content=\"image\/jpeg\" \/>\n<meta name=\"author\" content=\"Diario1 Diario1\" \/>\n<meta name=\"twitter:card\" content=\"summary_large_image\" \/>\n<meta name=\"twitter:creator\" content=\"@eltextual\" \/>\n<meta name=\"twitter:site\" content=\"@eltextual\" \/>\n<meta name=\"twitter:label1\" content=\"Escrito por\" \/>\n\t<meta name=\"twitter:data1\" content=\"Diario1 Diario1\" \/>\n\t<meta name=\"twitter:label2\" content=\"Tiempo de lectura\" \/>\n\t<meta name=\"twitter:data2\" content=\"2 minutos\" \/>\n<script type=\"application\/ld+json\" class=\"yoast-schema-graph\">{\"@context\":\"https:\\\/\\\/schema.org\",\"@graph\":[{\"@type\":\"Article\",\"@id\":\"https:\\\/\\\/diariotextual.com\\\/inicio\\\/index.php\\\/2024\\\/01\\\/12\\\/asamblea-autoconvocada-contra-milei-cuestiona-a-legisladores-y-rechaza-aumento-de-camuzzi-del-421\\\/#article\",\"isPartOf\":{\"@id\":\"https:\\\/\\\/diariotextual.com\\\/inicio\\\/index.php\\\/2024\\\/01\\\/12\\\/asamblea-autoconvocada-contra-milei-cuestiona-a-legisladores-y-rechaza-aumento-de-camuzzi-del-421\\\/\"},\"author\":{\"name\":\"Diario1 Diario1\",\"@id\":\"https:\\\/\\\/diariotextual.com\\\/inicio\\\/#\\\/schema\\\/person\\\/418fc4093c33e86ed41562db3508f958\"},\"headline\":\"Asamblea Autoconvocada contra Milei cuestiona a legisladores y rechaza aumento de Camuzzi del 421%\",\"datePublished\":\"2024-01-12T15:45:20+00:00\",\"dateModified\":\"2024-01-12T15:45:22+00:00\",\"mainEntityOfPage\":{\"@id\":\"https:\\\/\\\/diariotextual.com\\\/inicio\\\/index.php\\\/2024\\\/01\\\/12\\\/asamblea-autoconvocada-contra-milei-cuestiona-a-legisladores-y-rechaza-aumento-de-camuzzi-del-421\\\/\"},\"wordCount\":369,\"publisher\":{\"@id\":\"https:\\\/\\\/diariotextual.com\\\/inicio\\\/#organization\"},\"image\":{\"@id\":\"https:\\\/\\\/diariotextual.com\\\/inicio\\\/index.php\\\/2024\\\/01\\\/12\\\/asamblea-autoconvocada-contra-milei-cuestiona-a-legisladores-y-rechaza-aumento-de-camuzzi-del-421\\\/#primaryimage\"},\"thumbnailUrl\":\"https:\\\/\\\/diariotextual.com\\\/inicio\\\/wp-content\\\/uploads\\\/2023\\\/12\\\/manifestacionantimileisantarosa202-10.jpg\",\"articleSection\":[\"A - ES NOTICIA (van abajo)\",\"POLITICA\"],\"inLanguage\":\"es\"},{\"@type\":\"WebPage\",\"@id\":\"https:\\\/\\\/diariotextual.com\\\/inicio\\\/index.php\\\/2024\\\/01\\\/12\\\/asamblea-autoconvocada-contra-milei-cuestiona-a-legisladores-y-rechaza-aumento-de-camuzzi-del-421\\\/\",\"url\":\"https:\\\/\\\/diariotextual.com\\\/inicio\\\/index.php\\\/2024\\\/01\\\/12\\\/asamblea-autoconvocada-contra-milei-cuestiona-a-legisladores-y-rechaza-aumento-de-camuzzi-del-421\\\/\",\"name\":\"Asamblea Autoconvocada contra Milei cuestiona a legisladores y rechaza aumento de Camuzzi del 421% - Diario Textual\",\"isPartOf\":{\"@id\":\"https:\\\/\\\/diariotextual.com\\\/inicio\\\/#website\"},\"primaryImageOfPage\":{\"@id\":\"https:\\\/\\\/diariotextual.com\\\/inicio\\\/index.php\\\/2024\\\/01\\\/12\\\/asamblea-autoconvocada-contra-milei-cuestiona-a-legisladores-y-rechaza-aumento-de-camuzzi-del-421\\\/#primaryimage\"},\"image\":{\"@id\":\"https:\\\/\\\/diariotextual.com\\\/inicio\\\/index.php\\\/2024\\\/01\\\/12\\\/asamblea-autoconvocada-contra-milei-cuestiona-a-legisladores-y-rechaza-aumento-de-camuzzi-del-421\\\/#primaryimage\"},\"thumbnailUrl\":\"https:\\\/\\\/diariotextual.com\\\/inicio\\\/wp-content\\\/uploads\\\/2023\\\/12\\\/manifestacionantimileisantarosa202-10.jpg\",\"datePublished\":\"2024-01-12T15:45:20+00:00\",\"dateModified\":\"2024-01-12T15:45:22+00:00\",\"breadcrumb\":{\"@id\":\"https:\\\/\\\/diariotextual.com\\\/inicio\\\/index.php\\\/2024\\\/01\\\/12\\\/asamblea-autoconvocada-contra-milei-cuestiona-a-legisladores-y-rechaza-aumento-de-camuzzi-del-421\\\/#breadcrumb\"},\"inLanguage\":\"es\",\"potentialAction\":[{\"@type\":\"ReadAction\",\"target\":[\"https:\\\/\\\/diariotextual.com\\\/inicio\\\/index.php\\\/2024\\\/01\\\/12\\\/asamblea-autoconvocada-contra-milei-cuestiona-a-legisladores-y-rechaza-aumento-de-camuzzi-del-421\\\/\"]}]},{\"@type\":\"ImageObject\",\"inLanguage\":\"es\",\"@id\":\"https:\\\/\\\/diariotextual.com\\\/inicio\\\/index.php\\\/2024\\\/01\\\/12\\\/asamblea-autoconvocada-contra-milei-cuestiona-a-legisladores-y-rechaza-aumento-de-camuzzi-del-421\\\/#primaryimage\",\"url\":\"https:\\\/\\\/diariotextual.com\\\/inicio\\\/wp-content\\\/uploads\\\/2023\\\/12\\\/manifestacionantimileisantarosa202-10.jpg\",\"contentUrl\":\"https:\\\/\\\/diariotextual.com\\\/inicio\\\/wp-content\\\/uploads\\\/2023\\\/12\\\/manifestacionantimileisantarosa202-10.jpg\",\"width\":1500,\"height\":844},{\"@type\":\"BreadcrumbList\",\"@id\":\"https:\\\/\\\/diariotextual.com\\\/inicio\\\/index.php\\\/2024\\\/01\\\/12\\\/asamblea-autoconvocada-contra-milei-cuestiona-a-legisladores-y-rechaza-aumento-de-camuzzi-del-421\\\/#breadcrumb\",\"itemListElement\":[{\"@type\":\"ListItem\",\"position\":1,\"name\":\"Portada\",\"item\":\"https:\\\/\\\/diariotextual.com\\\/inicio\\\/\"},{\"@type\":\"ListItem\",\"position\":2,\"name\":\"Asamblea Autoconvocada contra Milei cuestiona a legisladores y rechaza aumento de Camuzzi del 421%\"}]},{\"@type\":\"WebSite\",\"@id\":\"https:\\\/\\\/diariotextual.com\\\/inicio\\\/#website\",\"url\":\"https:\\\/\\\/diariotextual.com\\\/inicio\\\/\",\"name\":\"Diario Textual\",\"description\":\"\",\"publisher\":{\"@id\":\"https:\\\/\\\/diariotextual.com\\\/inicio\\\/#organization\"},\"potentialAction\":[{\"@type\":\"SearchAction\",\"target\":{\"@type\":\"EntryPoint\",\"urlTemplate\":\"https:\\\/\\\/diariotextual.com\\\/inicio\\\/?s={search_term_string}\"},\"query-input\":{\"@type\":\"PropertyValueSpecification\",\"valueRequired\":true,\"valueName\":\"search_term_string\"}}],\"inLanguage\":\"es\"},{\"@type\":\"Organization\",\"@id\":\"https:\\\/\\\/diariotextual.com\\\/inicio\\\/#organization\",\"name\":\"Diario Textual\",\"url\":\"https:\\\/\\\/diariotextual.com\\\/inicio\\\/\",\"logo\":{\"@type\":\"ImageObject\",\"inLanguage\":\"es\",\"@id\":\"https:\\\/\\\/diariotextual.com\\\/inicio\\\/#\\\/schema\\\/logo\\\/image\\\/\",\"url\":\"https:\\\/\\\/diariotextual.com\\\/inicio\\\/wp-content\\\/uploads\\\/2023\\\/05\\\/logotextual1.jpg\",\"contentUrl\":\"https:\\\/\\\/diariotextual.com\\\/inicio\\\/wp-content\\\/uploads\\\/2023\\\/05\\\/logotextual1.jpg\",\"width\":516,\"height\":76,\"caption\":\"Diario Textual\"},\"image\":{\"@id\":\"https:\\\/\\\/diariotextual.com\\\/inicio\\\/#\\\/schema\\\/logo\\\/image\\\/\"},\"sameAs\":[\"https:\\\/\\\/www.facebook.com\\\/eltextual\",\"https:\\\/\\\/x.com\\\/eltextual\",\"http:\\\/\\\/www.instagram.com\\\/eltextual\"]},{\"@type\":\"Person\",\"@id\":\"https:\\\/\\\/diariotextual.com\\\/inicio\\\/#\\\/schema\\\/person\\\/418fc4093c33e86ed41562db3508f958\",\"name\":\"Diario1 Diario1\",\"image\":{\"@type\":\"ImageObject\",\"inLanguage\":\"es\",\"@id\":\"https:\\\/\\\/secure.gravatar.com\\\/avatar\\\/9167d280179c85bc18be67aa7eda765854300033af4896dd779b608640f2ef7a?s=96&d=mm&r=g\",\"url\":\"https:\\\/\\\/secure.gravatar.com\\\/avatar\\\/9167d280179c85bc18be67aa7eda765854300033af4896dd779b608640f2ef7a?s=96&d=mm&r=g\",\"contentUrl\":\"https:\\\/\\\/secure.gravatar.com\\\/avatar\\\/9167d280179c85bc18be67aa7eda765854300033af4896dd779b608640f2ef7a?s=96&d=mm&r=g\",\"caption\":\"Diario1 Diario1\"},\"url\":\"https:\\\/\\\/diariotextual.com\\\/inicio\\\/index.php\\\/author\\\/diario1\\\/\"}]}<\/script>\n<!-- \/ Yoast SEO plugin. -->","yoast_head_json":{"title":"Asamblea Autoconvocada contra Milei cuestiona a legisladores y rechaza aumento de Camuzzi del 421% - Diario Textual","robots":{"index":"index","follow":"follow","max-snippet":"max-snippet:-1","max-image-preview":"max-image-preview:large","max-video-preview":"max-video-preview:-1"},"canonical":"https:\/\/diariotextual.com\/inicio\/index.php\/2024\/01\/12\/asamblea-autoconvocada-contra-milei-cuestiona-a-legisladores-y-rechaza-aumento-de-camuzzi-del-421\/","og_locale":"es_ES","og_type":"article","og_title":"Asamblea Autoconvocada contra Milei cuestiona a legisladores y rechaza aumento de Camuzzi del 421% - Diario Textual","og_description":"La Asamblea Autoconvocada contra el Ajuste de Milei, que sesiona todos los jueves en la plaza San Mart\u00edn de Santa Rosa, dijo en un documento \u201clamenta\u201d la \u201cactitud antidemocr\u00e1tica y&hellip;","og_url":"https:\/\/diariotextual.com\/inicio\/index.php\/2024\/01\/12\/asamblea-autoconvocada-contra-milei-cuestiona-a-legisladores-y-rechaza-aumento-de-camuzzi-del-421\/","og_site_name":"Diario Textual","article_publisher":"https:\/\/www.facebook.com\/eltextual","article_published_time":"2024-01-12T15:45:20+00:00","article_modified_time":"2024-01-12T15:45:22+00:00","og_image":[{"width":1500,"height":844,"url":"https:\/\/diariotextual.com\/inicio\/wp-content\/uploads\/2023\/12\/manifestacionantimileisantarosa202-10.jpg","type":"image\/jpeg"}],"author":"Diario1 Diario1","twitter_card":"summary_large_image","twitter_creator":"@eltextual","twitter_site":"@eltextual","twitter_misc":{"Escrito por":"Diario1 Diario1","Tiempo de lectura":"2 minutos"},"schema":{"@context":"https:\/\/schema.org","@graph":[{"@type":"Article","@id":"https:\/\/diariotextual.com\/inicio\/index.php\/2024\/01\/12\/asamblea-autoconvocada-contra-milei-cuestiona-a-legisladores-y-rechaza-aumento-de-camuzzi-del-421\/#article","isPartOf":{"@id":"https:\/\/diariotextual.com\/inicio\/index.php\/2024\/01\/12\/asamblea-autoconvocada-contra-milei-cuestiona-a-legisladores-y-rechaza-aumento-de-camuzzi-del-421\/"},"author":{"name":"Diario1 Diario1","@id":"https:\/\/diariotextual.com\/inicio\/#\/schema\/person\/418fc4093c33e86ed41562db3508f958"},"headline":"Asamblea Autoconvocada contra Milei cuestiona a legisladores y rechaza aumento de Camuzzi del 421%","datePublished":"2024-01-12T15:45:20+00:00","dateModified":"2024-01-12T15:45:22+00:00","mainEntityOfPage":{"@id":"https:\/\/diariotextual.com\/inicio\/index.php\/2024\/01\/12\/asamblea-autoconvocada-contra-milei-cuestiona-a-legisladores-y-rechaza-aumento-de-camuzzi-del-421\/"},"wordCount":369,"publisher":{"@id":"https:\/\/diariotextual.com\/inicio\/#organization"},"image":{"@id":"https:\/\/diariotextual.com\/inicio\/index.php\/2024\/01\/12\/asamblea-autoconvocada-contra-milei-cuestiona-a-legisladores-y-rechaza-aumento-de-camuzzi-del-421\/#primaryimage"},"thumbnailUrl":"https:\/\/diariotextual.com\/inicio\/wp-content\/uploads\/2023\/12\/manifestacionantimileisantarosa202-10.jpg","articleSection":["A - ES NOTICIA (van abajo)","POLITICA"],"inLanguage":"es"},{"@type":"WebPage","@id":"https:\/\/diariotextual.com\/inicio\/index.php\/2024\/01\/12\/asamblea-autoconvocada-contra-milei-cuestiona-a-legisladores-y-rechaza-aumento-de-camuzzi-del-421\/","url":"https:\/\/diariotextual.com\/inicio\/index.php\/2024\/01\/12\/asamblea-autoconvocada-contra-milei-cuestiona-a-legisladores-y-rechaza-aumento-de-camuzzi-del-421\/","name":"Asamblea Autoconvocada contra Milei cuestiona a legisladores y rechaza aumento de Camuzzi del 421% - Diario Textual","isPartOf":{"@id":"https:\/\/diariotextual.com\/inicio\/#website"},"primaryImageOfPage":{"@id":"https:\/\/diariotextual.com\/inicio\/index.php\/2024\/01\/12\/asamblea-autoconvocada-contra-milei-cuestiona-a-legisladores-y-rechaza-aumento-de-camuzzi-del-421\/#primaryimage"},"image":{"@id":"https:\/\/diariotextual.com\/inicio\/index.php\/2024\/01\/12\/asamblea-autoconvocada-contra-milei-cuestiona-a-legisladores-y-rechaza-aumento-de-camuzzi-del-421\/#primaryimage"},"thumbnailUrl":"https:\/\/diariotextual.com\/inicio\/wp-content\/uploads\/2023\/12\/manifestacionantimileisantarosa202-10.jpg","datePublished":"2024-01-12T15:45:20+00:00","dateModified":"2024-01-12T15:45:22+00:00","breadcrumb":{"@id":"https:\/\/diariotextual.com\/inicio\/index.php\/2024\/01\/12\/asamblea-autoconvocada-contra-milei-cuestiona-a-legisladores-y-rechaza-aumento-de-camuzzi-del-421\/#breadcrumb"},"inLanguage":"es","potentialAction":[{"@type":"ReadAction","target":["https:\/\/diariotextual.com\/inicio\/index.php\/2024\/01\/12\/asamblea-autoconvocada-contra-milei-cuestiona-a-legisladores-y-rechaza-aumento-de-camuzzi-del-421\/"]}]},{"@type":"ImageObject","inLanguage":"es","@id":"https:\/\/diariotextual.com\/inicio\/index.php\/2024\/01\/12\/asamblea-autoconvocada-contra-milei-cuestiona-a-legisladores-y-rechaza-aumento-de-camuzzi-del-421\/#primaryimage","url":"https:\/\/diariotextual.com\/inicio\/wp-content\/uploads\/2023\/12\/manifestacionantimileisantarosa202-10.jpg","contentUrl":"https:\/\/diariotextual.com\/inicio\/wp-content\/uploads\/2023\/12\/manifestacionantimileisantarosa202-10.jpg","width":1500,"height":844},{"@type":"BreadcrumbList","@id":"https:\/\/diariotextual.com\/inicio\/index.php\/2024\/01\/12\/asamblea-autoconvocada-contra-milei-cuestiona-a-legisladores-y-rechaza-aumento-de-camuzzi-del-421\/#breadcrumb","itemListElement":[{"@type":"ListItem","position":1,"name":"Portada","item":"https:\/\/diariotextual.com\/inicio\/"},{"@type":"ListItem","position":2,"name":"Asamblea Autoconvocada contra Milei cuestiona a legisladores y rechaza aumento de Camuzzi del 421%"}]},{"@type":"WebSite","@id":"https:\/\/diariotextual.com\/inicio\/#website","url":"https:\/\/diariotextual.com\/inicio\/","name":"Diario Textual","description":"","publisher":{"@id":"https:\/\/diariotextual.com\/inicio\/#organization"},"potentialAction":[{"@type":"SearchAction","target":{"@type":"EntryPoint","urlTemplate":"https:\/\/diariotextual.com\/inicio\/?s={search_term_string}"},"query-input":{"@type":"PropertyValueSpecification","valueRequired":true,"valueName":"search_term_string"}}],"inLanguage":"es"},{"@type":"Organization","@id":"https:\/\/diariotextual.com\/inicio\/#organization","name":"Diario Textual","url":"https:\/\/diariotextual.com\/inicio\/","logo":{"@type":"ImageObject","inLanguage":"es","@id":"https:\/\/diariotextual.com\/inicio\/#\/schema\/logo\/image\/","url":"https:\/\/diariotextual.com\/inicio\/wp-content\/uploads\/2023\/05\/logotextual1.jpg","contentUrl":"https:\/\/diariotextual.com\/inicio\/wp-content\/uploads\/2023\/05\/logotextual1.jpg","width":516,"height":76,"caption":"Diario Textual"},"image":{"@id":"https:\/\/diariotextual.com\/inicio\/#\/schema\/logo\/image\/"},"sameAs":["https:\/\/www.facebook.com\/eltextual","https:\/\/x.com\/eltextual","http:\/\/www.instagram.com\/eltextual"]},{"@type":"Person","@id":"https:\/\/diariotextual.com\/inicio\/#\/schema\/person\/418fc4093c33e86ed41562db3508f958","name":"Diario1 Diario1","image":{"@type":"ImageObject","inLanguage":"es","@id":"https:\/\/secure.gravatar.com\/avatar\/9167d280179c85bc18be67aa7eda765854300033af4896dd779b608640f2ef7a?s=96&d=mm&r=g","url":"https:\/\/secure.gravatar.com\/avatar\/9167d280179c85bc18be67aa7eda765854300033af4896dd779b608640f2ef7a?s=96&d=mm&r=g","contentUrl":"https:\/\/secure.gravatar.com\/avatar\/9167d280179c85bc18be67aa7eda765854300033af4896dd779b608640f2ef7a?s=96&d=mm&r=g","caption":"Diario1 Diario1"},"url":"https:\/\/diariotextual.com\/inicio\/index.php\/author\/diario1\/"}]}},"_links":{"self":[{"href":"https:\/\/diariotextual.com\/inicio\/index.php\/wp-json\/wp\/v2\/posts\/250968","targetHints":{"allow":["GET"]}}],"collection":[{"href":"https:\/\/diariotextual.com\/inicio\/index.php\/wp-json\/wp\/v2\/posts"}],"about":[{"href":"https:\/\/diariotextual.com\/inicio\/index.php\/wp-json\/wp\/v2\/types\/post"}],"author":[{"embeddable":true,"href":"https:\/\/diariotextual.com\/inicio\/index.php\/wp-json\/wp\/v2\/users\/3"}],"replies":[{"embeddable":true,"href":"https:\/\/diariotextual.com\/inicio\/index.php\/wp-json\/wp\/v2\/comments?post=250968"}],"version-history":[{"count":1,"href":"https:\/\/diariotextual.com\/inicio\/index.php\/wp-json\/wp\/v2\/posts\/250968\/revisions"}],"predecessor-version":[{"id":250969,"href":"https:\/\/diariotextual.com\/inicio\/index.php\/wp-json\/wp\/v2\/posts\/250968\/revisions\/250969"}],"wp:featuredmedia":[{"embeddable":true,"href":"https:\/\/diariotextual.com\/inicio\/index.php\/wp-json\/wp\/v2\/media\/249550"}],"wp:attachment":[{"href":"https:\/\/diariotextual.com\/inicio\/index.php\/wp-json\/wp\/v2\/media?parent=250968"}],"wp:term":[{"taxonomy":"category","embeddable":true,"href":"https:\/\/diariotextual.com\/inicio\/index.php\/wp-json\/wp\/v2\/categories?post=250968"},{"taxonomy":"post_tag","embeddable":true,"href":"https:\/\/diariotextual.com\/inicio\/index.php\/wp-json\/wp\/v2\/tags?post=250968"}],"curies":[{"name":"wp","href":"https:\/\/api.w.org\/{rel}","templated":true}]}}