{"id":251009,"date":"2024-01-13T10:57:43","date_gmt":"2024-01-13T13:57:43","guid":{"rendered":"https:\/\/diariotextual.com\/inicio\/?p=251009"},"modified":"2024-01-13T17:20:23","modified_gmt":"2024-01-13T20:20:23","slug":"el-gobierno-apelo-el-fallo-que-frena-la-reforma-laboral-de-milei","status":"publish","type":"post","link":"https:\/\/diariotextual.com\/inicio\/index.php\/2024\/01\/13\/el-gobierno-apelo-el-fallo-que-frena-la-reforma-laboral-de-milei\/","title":{"rendered":"El Gobierno apel\u00f3 el fallo que frena la reforma laboral de Milei"},"content":{"rendered":"\n<p>El procurador general del Tesoro,\u00a0<strong>Rodolfo Barra<\/strong>,\u00a0present\u00f3 este viernes\u00a0un recurso extraordinario ante la C\u00e1mara del Trabajo contra la cautelar que suspendi\u00f3 la reforma laboral del DNU firmado por el presidente Javier Milei.<\/p>\n\n\n\n<p>Con el recurso&nbsp;<strong>Barra<\/strong>&nbsp;pretende llegar a la&nbsp;<strong>Corte<\/strong>&nbsp;para que anule el fallo del tribunal que acept\u00f3 una cautelar de la CGT y la CTA mientras estudia si el DNU es constitucional.&nbsp;La C\u00e1mara&nbsp;puede aceptar la v\u00eda extraordinaria y pasar el recurso a la Corte&nbsp;o rechazarlo y forzar a Barra a presentar un recurso en queja.<\/p>\n\n\n\n<p><strong>Barra<\/strong>\u00a0pretende que las m\u00e1s de 50 amparos presentados en distintos fueros\u00a0se unifiquen\u00a0en el juzgado del juez en lo Contencioso Administrativo Federal\u00a0Esteban Furnari, quien est\u00e1 de vacaciones y es reemplazado por Enrique Lavi\u00e9 Pico. Y se aplique\u00a0un reglamento de la Corte\u00a0para evitar esa dispersi\u00f3n de cautelares en juzgados de distintos fueros.<\/p>\n\n\n\n<p>\u201cEn el caso del cap\u00edtulo cuarto del DNU, la C\u00e1mara del Trabajo se&nbsp;salt\u00f3&nbsp;al juez de instrucci\u00f3n -que no dict\u00f3 ninguna medida precautoria- y \u00e9ste es uno de nuestros agravios porque no nos dio derecho a la defensa\u201d, explic\u00f3 Barra sobre el recurso presentado.<\/p>\n\n\n\n<p><strong>Barra<\/strong>&nbsp;hab\u00eda anticipado que el recurso \u201cllegar\u00e1&nbsp;a la Corte en la \u00faltima semana de enero. Vamos a pedir la habilitaci\u00f3n de la feria, pero la Corte creo lo va a tratar en febrero porque ya lo dijo en el caso del gobernador de La Rioja&#8230; El problema es que nosotros ya estamos en casi 50 amparos contra el DNU\u201d.<\/p>\n\n\n\n<p>A principios de mes, la decisi\u00f3n de la C\u00e1mara Nacional del Trabajo fue respaldada por los jueces&nbsp;Jos\u00e9 Alejandro Sudera y Andrea Garc\u00eda Vior.&nbsp;En disidencia, la tercera jueza Dora Gonz\u00e1lez pidi\u00f3 que el expediente sea remitido a la C\u00e1mara de Apelaciones en lo Contencioso, como hab\u00eda solicitado el fiscal del caso.<\/p>\n\n\n\n<p>\u201cD\u00edctase una medida cautelar suspendiendo la aplicabilidad de lo dispuesto en el Titulo IV Trabajo del Decreto de Necesidad y Urgencia n.\u00b0 70\/23 hasta tanto recaiga sentencia definitiva sobre la cuesti\u00f3n de fondo ventilada en estos actuados\u201d, decidieron los jueces en el marco del expediente inaugurado a partir de una presentaci\u00f3n de la CGT.<\/p>\n\n\n\n<p>El martes,&nbsp;<strong>Barra<\/strong>&nbsp;en una presentaci\u00f3n ante el juez en lo Contencioso Administrativa Federal, Enrique Lavi\u00e9 Pico, afirm\u00f3 que las \u201crazones de urgencia y necesidad\u201d que motivaron el DNU 70\/2023&nbsp;\u201cconstituyen cuestiones pol\u00edticas no justiciables\u201d, tras lo cual reclam\u00f3 que el Poder Judicial no intervenga en las causas contra el decreto del presidente Javier Milei porque ya est\u00e1 a consideraci\u00f3n del Congreso.<\/p>\n\n\n\n<p>La opini\u00f3n del Gobierno nacional qued\u00f3 plasmada en distintas presentaciones realizadas&nbsp;por abogados de la Procuraci\u00f3n del Tesoro de la Naci\u00f3n antes jueces que tramitan cautelares por el DNU.&nbsp;En los \u00faltimos d\u00edas se hab\u00eda&nbsp;habilitado la feria judicial por distintos pedidos de cautelares, en el marco de la \u201clluvia de amparos\u201d que pronostic\u00f3 el exdiputado K H\u00e9ctor Recalde.<\/p>\n","protected":false},"excerpt":{"rendered":"<p>El procurador general del Tesoro,\u00a0Rodolfo Barra,\u00a0present\u00f3 este viernes\u00a0un recurso extraordinario ante la C\u00e1mara del Trabajo contra la cautelar que suspendi\u00f3 la reforma laboral del DNU firmado por el presidente Javier&hellip;<\/p>\n","protected":false},"author":3,"featured_media":250628,"comment_status":"closed","ping_status":"open","sticky":false,"template":"","format":"standard","meta":{"_acf_changed":false,"footnotes":""},"categories":[1,8],"tags":[],"class_list":["post-251009","post","type-post","status-publish","format-standard","has-post-thumbnail","hentry","category-es-noticia","category-politica"],"acf":[],"yoast_head":"<!-- This site is optimized with the Yoast SEO plugin v27.5 - https:\/\/yoast.com\/product\/yoast-seo-wordpress\/ -->\n<title>El Gobierno apel\u00f3 el fallo que frena la reforma laboral de Milei - Diario Textual<\/title>\n<meta name=\"robots\" content=\"index, follow, max-snippet:-1, max-image-preview:large, max-video-preview:-1\" \/>\n<link rel=\"canonical\" href=\"https:\/\/diariotextual.com\/inicio\/index.php\/2024\/01\/13\/el-gobierno-apelo-el-fallo-que-frena-la-reforma-laboral-de-milei\/\" \/>\n<meta property=\"og:locale\" content=\"es_ES\" \/>\n<meta property=\"og:type\" content=\"article\" \/>\n<meta property=\"og:title\" content=\"El Gobierno apel\u00f3 el fallo que frena la reforma laboral de Milei - Diario Textual\" \/>\n<meta property=\"og:description\" content=\"El procurador general del Tesoro,\u00a0Rodolfo Barra,\u00a0present\u00f3 este viernes\u00a0un recurso extraordinario ante la C\u00e1mara del Trabajo contra la cautelar que suspendi\u00f3 la reforma laboral del DNU firmado por el presidente Javier&hellip;\" \/>\n<meta property=\"og:url\" content=\"https:\/\/diariotextual.com\/inicio\/index.php\/2024\/01\/13\/el-gobierno-apelo-el-fallo-que-frena-la-reforma-laboral-de-milei\/\" \/>\n<meta property=\"og:site_name\" content=\"Diario Textual\" \/>\n<meta property=\"article:publisher\" content=\"https:\/\/www.facebook.com\/eltextual\" \/>\n<meta property=\"article:published_time\" content=\"2024-01-13T13:57:43+00:00\" \/>\n<meta property=\"article:modified_time\" content=\"2024-01-13T20:20:23+00:00\" \/>\n<meta property=\"og:image\" content=\"https:\/\/diariotextual.com\/inicio\/wp-content\/uploads\/2024\/01\/barrarodolfotelam2024-1.jpg\" \/>\n\t<meta property=\"og:image:width\" content=\"1200\" \/>\n\t<meta property=\"og:image:height\" content=\"675\" \/>\n\t<meta property=\"og:image:type\" content=\"image\/jpeg\" \/>\n<meta name=\"author\" content=\"Diario1 Diario1\" \/>\n<meta name=\"twitter:card\" content=\"summary_large_image\" \/>\n<meta name=\"twitter:creator\" content=\"@eltextual\" \/>\n<meta name=\"twitter:site\" content=\"@eltextual\" \/>\n<meta name=\"twitter:label1\" content=\"Escrito por\" \/>\n\t<meta name=\"twitter:data1\" content=\"Diario1 Diario1\" \/>\n\t<meta name=\"twitter:label2\" content=\"Tiempo de lectura\" \/>\n\t<meta name=\"twitter:data2\" content=\"3 minutos\" \/>\n<script type=\"application\/ld+json\" class=\"yoast-schema-graph\">{\"@context\":\"https:\\\/\\\/schema.org\",\"@graph\":[{\"@type\":\"Article\",\"@id\":\"https:\\\/\\\/diariotextual.com\\\/inicio\\\/index.php\\\/2024\\\/01\\\/13\\\/el-gobierno-apelo-el-fallo-que-frena-la-reforma-laboral-de-milei\\\/#article\",\"isPartOf\":{\"@id\":\"https:\\\/\\\/diariotextual.com\\\/inicio\\\/index.php\\\/2024\\\/01\\\/13\\\/el-gobierno-apelo-el-fallo-que-frena-la-reforma-laboral-de-milei\\\/\"},\"author\":{\"name\":\"Diario1 Diario1\",\"@id\":\"https:\\\/\\\/diariotextual.com\\\/inicio\\\/#\\\/schema\\\/person\\\/418fc4093c33e86ed41562db3508f958\"},\"headline\":\"El Gobierno apel\u00f3 el fallo que frena la reforma laboral de Milei\",\"datePublished\":\"2024-01-13T13:57:43+00:00\",\"dateModified\":\"2024-01-13T20:20:23+00:00\",\"mainEntityOfPage\":{\"@id\":\"https:\\\/\\\/diariotextual.com\\\/inicio\\\/index.php\\\/2024\\\/01\\\/13\\\/el-gobierno-apelo-el-fallo-que-frena-la-reforma-laboral-de-milei\\\/\"},\"wordCount\":536,\"publisher\":{\"@id\":\"https:\\\/\\\/diariotextual.com\\\/inicio\\\/#organization\"},\"image\":{\"@id\":\"https:\\\/\\\/diariotextual.com\\\/inicio\\\/index.php\\\/2024\\\/01\\\/13\\\/el-gobierno-apelo-el-fallo-que-frena-la-reforma-laboral-de-milei\\\/#primaryimage\"},\"thumbnailUrl\":\"https:\\\/\\\/diariotextual.com\\\/inicio\\\/wp-content\\\/uploads\\\/2024\\\/01\\\/barrarodolfotelam2024-1.jpg\",\"articleSection\":[\"A - ES NOTICIA (van abajo)\",\"POLITICA\"],\"inLanguage\":\"es\"},{\"@type\":\"WebPage\",\"@id\":\"https:\\\/\\\/diariotextual.com\\\/inicio\\\/index.php\\\/2024\\\/01\\\/13\\\/el-gobierno-apelo-el-fallo-que-frena-la-reforma-laboral-de-milei\\\/\",\"url\":\"https:\\\/\\\/diariotextual.com\\\/inicio\\\/index.php\\\/2024\\\/01\\\/13\\\/el-gobierno-apelo-el-fallo-que-frena-la-reforma-laboral-de-milei\\\/\",\"name\":\"El Gobierno apel\u00f3 el fallo que frena la reforma laboral de Milei - Diario Textual\",\"isPartOf\":{\"@id\":\"https:\\\/\\\/diariotextual.com\\\/inicio\\\/#website\"},\"primaryImageOfPage\":{\"@id\":\"https:\\\/\\\/diariotextual.com\\\/inicio\\\/index.php\\\/2024\\\/01\\\/13\\\/el-gobierno-apelo-el-fallo-que-frena-la-reforma-laboral-de-milei\\\/#primaryimage\"},\"image\":{\"@id\":\"https:\\\/\\\/diariotextual.com\\\/inicio\\\/index.php\\\/2024\\\/01\\\/13\\\/el-gobierno-apelo-el-fallo-que-frena-la-reforma-laboral-de-milei\\\/#primaryimage\"},\"thumbnailUrl\":\"https:\\\/\\\/diariotextual.com\\\/inicio\\\/wp-content\\\/uploads\\\/2024\\\/01\\\/barrarodolfotelam2024-1.jpg\",\"datePublished\":\"2024-01-13T13:57:43+00:00\",\"dateModified\":\"2024-01-13T20:20:23+00:00\",\"breadcrumb\":{\"@id\":\"https:\\\/\\\/diariotextual.com\\\/inicio\\\/index.php\\\/2024\\\/01\\\/13\\\/el-gobierno-apelo-el-fallo-que-frena-la-reforma-laboral-de-milei\\\/#breadcrumb\"},\"inLanguage\":\"es\",\"potentialAction\":[{\"@type\":\"ReadAction\",\"target\":[\"https:\\\/\\\/diariotextual.com\\\/inicio\\\/index.php\\\/2024\\\/01\\\/13\\\/el-gobierno-apelo-el-fallo-que-frena-la-reforma-laboral-de-milei\\\/\"]}]},{\"@type\":\"ImageObject\",\"inLanguage\":\"es\",\"@id\":\"https:\\\/\\\/diariotextual.com\\\/inicio\\\/index.php\\\/2024\\\/01\\\/13\\\/el-gobierno-apelo-el-fallo-que-frena-la-reforma-laboral-de-milei\\\/#primaryimage\",\"url\":\"https:\\\/\\\/diariotextual.com\\\/inicio\\\/wp-content\\\/uploads\\\/2024\\\/01\\\/barrarodolfotelam2024-1.jpg\",\"contentUrl\":\"https:\\\/\\\/diariotextual.com\\\/inicio\\\/wp-content\\\/uploads\\\/2024\\\/01\\\/barrarodolfotelam2024-1.jpg\",\"width\":1200,\"height\":675},{\"@type\":\"BreadcrumbList\",\"@id\":\"https:\\\/\\\/diariotextual.com\\\/inicio\\\/index.php\\\/2024\\\/01\\\/13\\\/el-gobierno-apelo-el-fallo-que-frena-la-reforma-laboral-de-milei\\\/#breadcrumb\",\"itemListElement\":[{\"@type\":\"ListItem\",\"position\":1,\"name\":\"Portada\",\"item\":\"https:\\\/\\\/diariotextual.com\\\/inicio\\\/\"},{\"@type\":\"ListItem\",\"position\":2,\"name\":\"El Gobierno apel\u00f3 el fallo que frena la reforma laboral de Milei\"}]},{\"@type\":\"WebSite\",\"@id\":\"https:\\\/\\\/diariotextual.com\\\/inicio\\\/#website\",\"url\":\"https:\\\/\\\/diariotextual.com\\\/inicio\\\/\",\"name\":\"Diario Textual\",\"description\":\"\",\"publisher\":{\"@id\":\"https:\\\/\\\/diariotextual.com\\\/inicio\\\/#organization\"},\"potentialAction\":[{\"@type\":\"SearchAction\",\"target\":{\"@type\":\"EntryPoint\",\"urlTemplate\":\"https:\\\/\\\/diariotextual.com\\\/inicio\\\/?s={search_term_string}\"},\"query-input\":{\"@type\":\"PropertyValueSpecification\",\"valueRequired\":true,\"valueName\":\"search_term_string\"}}],\"inLanguage\":\"es\"},{\"@type\":\"Organization\",\"@id\":\"https:\\\/\\\/diariotextual.com\\\/inicio\\\/#organization\",\"name\":\"Diario Textual\",\"url\":\"https:\\\/\\\/diariotextual.com\\\/inicio\\\/\",\"logo\":{\"@type\":\"ImageObject\",\"inLanguage\":\"es\",\"@id\":\"https:\\\/\\\/diariotextual.com\\\/inicio\\\/#\\\/schema\\\/logo\\\/image\\\/\",\"url\":\"https:\\\/\\\/diariotextual.com\\\/inicio\\\/wp-content\\\/uploads\\\/2023\\\/05\\\/logotextual1.jpg\",\"contentUrl\":\"https:\\\/\\\/diariotextual.com\\\/inicio\\\/wp-content\\\/uploads\\\/2023\\\/05\\\/logotextual1.jpg\",\"width\":516,\"height\":76,\"caption\":\"Diario Textual\"},\"image\":{\"@id\":\"https:\\\/\\\/diariotextual.com\\\/inicio\\\/#\\\/schema\\\/logo\\\/image\\\/\"},\"sameAs\":[\"https:\\\/\\\/www.facebook.com\\\/eltextual\",\"https:\\\/\\\/x.com\\\/eltextual\",\"http:\\\/\\\/www.instagram.com\\\/eltextual\"]},{\"@type\":\"Person\",\"@id\":\"https:\\\/\\\/diariotextual.com\\\/inicio\\\/#\\\/schema\\\/person\\\/418fc4093c33e86ed41562db3508f958\",\"name\":\"Diario1 Diario1\",\"image\":{\"@type\":\"ImageObject\",\"inLanguage\":\"es\",\"@id\":\"https:\\\/\\\/secure.gravatar.com\\\/avatar\\\/9167d280179c85bc18be67aa7eda765854300033af4896dd779b608640f2ef7a?s=96&d=mm&r=g\",\"url\":\"https:\\\/\\\/secure.gravatar.com\\\/avatar\\\/9167d280179c85bc18be67aa7eda765854300033af4896dd779b608640f2ef7a?s=96&d=mm&r=g\",\"contentUrl\":\"https:\\\/\\\/secure.gravatar.com\\\/avatar\\\/9167d280179c85bc18be67aa7eda765854300033af4896dd779b608640f2ef7a?s=96&d=mm&r=g\",\"caption\":\"Diario1 Diario1\"},\"url\":\"https:\\\/\\\/diariotextual.com\\\/inicio\\\/index.php\\\/author\\\/diario1\\\/\"}]}<\/script>\n<!-- \/ Yoast SEO plugin. -->","yoast_head_json":{"title":"El Gobierno apel\u00f3 el fallo que frena la reforma laboral de Milei - Diario Textual","robots":{"index":"index","follow":"follow","max-snippet":"max-snippet:-1","max-image-preview":"max-image-preview:large","max-video-preview":"max-video-preview:-1"},"canonical":"https:\/\/diariotextual.com\/inicio\/index.php\/2024\/01\/13\/el-gobierno-apelo-el-fallo-que-frena-la-reforma-laboral-de-milei\/","og_locale":"es_ES","og_type":"article","og_title":"El Gobierno apel\u00f3 el fallo que frena la reforma laboral de Milei - Diario Textual","og_description":"El procurador general del Tesoro,\u00a0Rodolfo Barra,\u00a0present\u00f3 este viernes\u00a0un recurso extraordinario ante la C\u00e1mara del Trabajo contra la cautelar que suspendi\u00f3 la reforma laboral del DNU firmado por el presidente Javier&hellip;","og_url":"https:\/\/diariotextual.com\/inicio\/index.php\/2024\/01\/13\/el-gobierno-apelo-el-fallo-que-frena-la-reforma-laboral-de-milei\/","og_site_name":"Diario Textual","article_publisher":"https:\/\/www.facebook.com\/eltextual","article_published_time":"2024-01-13T13:57:43+00:00","article_modified_time":"2024-01-13T20:20:23+00:00","og_image":[{"width":1200,"height":675,"url":"https:\/\/diariotextual.com\/inicio\/wp-content\/uploads\/2024\/01\/barrarodolfotelam2024-1.jpg","type":"image\/jpeg"}],"author":"Diario1 Diario1","twitter_card":"summary_large_image","twitter_creator":"@eltextual","twitter_site":"@eltextual","twitter_misc":{"Escrito por":"Diario1 Diario1","Tiempo de lectura":"3 minutos"},"schema":{"@context":"https:\/\/schema.org","@graph":[{"@type":"Article","@id":"https:\/\/diariotextual.com\/inicio\/index.php\/2024\/01\/13\/el-gobierno-apelo-el-fallo-que-frena-la-reforma-laboral-de-milei\/#article","isPartOf":{"@id":"https:\/\/diariotextual.com\/inicio\/index.php\/2024\/01\/13\/el-gobierno-apelo-el-fallo-que-frena-la-reforma-laboral-de-milei\/"},"author":{"name":"Diario1 Diario1","@id":"https:\/\/diariotextual.com\/inicio\/#\/schema\/person\/418fc4093c33e86ed41562db3508f958"},"headline":"El Gobierno apel\u00f3 el fallo que frena la reforma laboral de Milei","datePublished":"2024-01-13T13:57:43+00:00","dateModified":"2024-01-13T20:20:23+00:00","mainEntityOfPage":{"@id":"https:\/\/diariotextual.com\/inicio\/index.php\/2024\/01\/13\/el-gobierno-apelo-el-fallo-que-frena-la-reforma-laboral-de-milei\/"},"wordCount":536,"publisher":{"@id":"https:\/\/diariotextual.com\/inicio\/#organization"},"image":{"@id":"https:\/\/diariotextual.com\/inicio\/index.php\/2024\/01\/13\/el-gobierno-apelo-el-fallo-que-frena-la-reforma-laboral-de-milei\/#primaryimage"},"thumbnailUrl":"https:\/\/diariotextual.com\/inicio\/wp-content\/uploads\/2024\/01\/barrarodolfotelam2024-1.jpg","articleSection":["A - ES NOTICIA (van abajo)","POLITICA"],"inLanguage":"es"},{"@type":"WebPage","@id":"https:\/\/diariotextual.com\/inicio\/index.php\/2024\/01\/13\/el-gobierno-apelo-el-fallo-que-frena-la-reforma-laboral-de-milei\/","url":"https:\/\/diariotextual.com\/inicio\/index.php\/2024\/01\/13\/el-gobierno-apelo-el-fallo-que-frena-la-reforma-laboral-de-milei\/","name":"El Gobierno apel\u00f3 el fallo que frena la reforma laboral de Milei - Diario Textual","isPartOf":{"@id":"https:\/\/diariotextual.com\/inicio\/#website"},"primaryImageOfPage":{"@id":"https:\/\/diariotextual.com\/inicio\/index.php\/2024\/01\/13\/el-gobierno-apelo-el-fallo-que-frena-la-reforma-laboral-de-milei\/#primaryimage"},"image":{"@id":"https:\/\/diariotextual.com\/inicio\/index.php\/2024\/01\/13\/el-gobierno-apelo-el-fallo-que-frena-la-reforma-laboral-de-milei\/#primaryimage"},"thumbnailUrl":"https:\/\/diariotextual.com\/inicio\/wp-content\/uploads\/2024\/01\/barrarodolfotelam2024-1.jpg","datePublished":"2024-01-13T13:57:43+00:00","dateModified":"2024-01-13T20:20:23+00:00","breadcrumb":{"@id":"https:\/\/diariotextual.com\/inicio\/index.php\/2024\/01\/13\/el-gobierno-apelo-el-fallo-que-frena-la-reforma-laboral-de-milei\/#breadcrumb"},"inLanguage":"es","potentialAction":[{"@type":"ReadAction","target":["https:\/\/diariotextual.com\/inicio\/index.php\/2024\/01\/13\/el-gobierno-apelo-el-fallo-que-frena-la-reforma-laboral-de-milei\/"]}]},{"@type":"ImageObject","inLanguage":"es","@id":"https:\/\/diariotextual.com\/inicio\/index.php\/2024\/01\/13\/el-gobierno-apelo-el-fallo-que-frena-la-reforma-laboral-de-milei\/#primaryimage","url":"https:\/\/diariotextual.com\/inicio\/wp-content\/uploads\/2024\/01\/barrarodolfotelam2024-1.jpg","contentUrl":"https:\/\/diariotextual.com\/inicio\/wp-content\/uploads\/2024\/01\/barrarodolfotelam2024-1.jpg","width":1200,"height":675},{"@type":"BreadcrumbList","@id":"https:\/\/diariotextual.com\/inicio\/index.php\/2024\/01\/13\/el-gobierno-apelo-el-fallo-que-frena-la-reforma-laboral-de-milei\/#breadcrumb","itemListElement":[{"@type":"ListItem","position":1,"name":"Portada","item":"https:\/\/diariotextual.com\/inicio\/"},{"@type":"ListItem","position":2,"name":"El Gobierno apel\u00f3 el fallo que frena la reforma laboral de Milei"}]},{"@type":"WebSite","@id":"https:\/\/diariotextual.com\/inicio\/#website","url":"https:\/\/diariotextual.com\/inicio\/","name":"Diario Textual","description":"","publisher":{"@id":"https:\/\/diariotextual.com\/inicio\/#organization"},"potentialAction":[{"@type":"SearchAction","target":{"@type":"EntryPoint","urlTemplate":"https:\/\/diariotextual.com\/inicio\/?s={search_term_string}"},"query-input":{"@type":"PropertyValueSpecification","valueRequired":true,"valueName":"search_term_string"}}],"inLanguage":"es"},{"@type":"Organization","@id":"https:\/\/diariotextual.com\/inicio\/#organization","name":"Diario Textual","url":"https:\/\/diariotextual.com\/inicio\/","logo":{"@type":"ImageObject","inLanguage":"es","@id":"https:\/\/diariotextual.com\/inicio\/#\/schema\/logo\/image\/","url":"https:\/\/diariotextual.com\/inicio\/wp-content\/uploads\/2023\/05\/logotextual1.jpg","contentUrl":"https:\/\/diariotextual.com\/inicio\/wp-content\/uploads\/2023\/05\/logotextual1.jpg","width":516,"height":76,"caption":"Diario Textual"},"image":{"@id":"https:\/\/diariotextual.com\/inicio\/#\/schema\/logo\/image\/"},"sameAs":["https:\/\/www.facebook.com\/eltextual","https:\/\/x.com\/eltextual","http:\/\/www.instagram.com\/eltextual"]},{"@type":"Person","@id":"https:\/\/diariotextual.com\/inicio\/#\/schema\/person\/418fc4093c33e86ed41562db3508f958","name":"Diario1 Diario1","image":{"@type":"ImageObject","inLanguage":"es","@id":"https:\/\/secure.gravatar.com\/avatar\/9167d280179c85bc18be67aa7eda765854300033af4896dd779b608640f2ef7a?s=96&d=mm&r=g","url":"https:\/\/secure.gravatar.com\/avatar\/9167d280179c85bc18be67aa7eda765854300033af4896dd779b608640f2ef7a?s=96&d=mm&r=g","contentUrl":"https:\/\/secure.gravatar.com\/avatar\/9167d280179c85bc18be67aa7eda765854300033af4896dd779b608640f2ef7a?s=96&d=mm&r=g","caption":"Diario1 Diario1"},"url":"https:\/\/diariotextual.com\/inicio\/index.php\/author\/diario1\/"}]}},"_links":{"self":[{"href":"https:\/\/diariotextual.com\/inicio\/index.php\/wp-json\/wp\/v2\/posts\/251009","targetHints":{"allow":["GET"]}}],"collection":[{"href":"https:\/\/diariotextual.com\/inicio\/index.php\/wp-json\/wp\/v2\/posts"}],"about":[{"href":"https:\/\/diariotextual.com\/inicio\/index.php\/wp-json\/wp\/v2\/types\/post"}],"author":[{"embeddable":true,"href":"https:\/\/diariotextual.com\/inicio\/index.php\/wp-json\/wp\/v2\/users\/3"}],"replies":[{"embeddable":true,"href":"https:\/\/diariotextual.com\/inicio\/index.php\/wp-json\/wp\/v2\/comments?post=251009"}],"version-history":[{"count":2,"href":"https:\/\/diariotextual.com\/inicio\/index.php\/wp-json\/wp\/v2\/posts\/251009\/revisions"}],"predecessor-version":[{"id":251011,"href":"https:\/\/diariotextual.com\/inicio\/index.php\/wp-json\/wp\/v2\/posts\/251009\/revisions\/251011"}],"wp:featuredmedia":[{"embeddable":true,"href":"https:\/\/diariotextual.com\/inicio\/index.php\/wp-json\/wp\/v2\/media\/250628"}],"wp:attachment":[{"href":"https:\/\/diariotextual.com\/inicio\/index.php\/wp-json\/wp\/v2\/media?parent=251009"}],"wp:term":[{"taxonomy":"category","embeddable":true,"href":"https:\/\/diariotextual.com\/inicio\/index.php\/wp-json\/wp\/v2\/categories?post=251009"},{"taxonomy":"post_tag","embeddable":true,"href":"https:\/\/diariotextual.com\/inicio\/index.php\/wp-json\/wp\/v2\/tags?post=251009"}],"curies":[{"name":"wp","href":"https:\/\/api.w.org\/{rel}","templated":true}]}}