{"id":251046,"date":"2024-01-14T09:38:22","date_gmt":"2024-01-14T12:38:22","guid":{"rendered":"https:\/\/diariotextual.com\/inicio\/?p=251046"},"modified":"2024-01-14T16:12:12","modified_gmt":"2024-01-14T19:12:12","slug":"milei-viaja-a-davos-busca-respaldo-para-lograr-los-us4-700-millones-del-fmi","status":"publish","type":"post","link":"https:\/\/diariotextual.com\/inicio\/index.php\/2024\/01\/14\/milei-viaja-a-davos-busca-respaldo-para-lograr-los-us4-700-millones-del-fmi\/","title":{"rendered":"Milei viaja a Davos: busca respaldo para lograr los U$S4.700 millones del FMI"},"content":{"rendered":"\n<p>El presidente<strong> Javier Milei <\/strong>participar\u00e1 la semana pr\u00f3xima de la 54\u00aa Reuni\u00f3n Anual del Foro Econ\u00f3mico Mundial, conocida tambi\u00e9n como Foro de Davos, que nuclea en cada enero en esa ciudad suiza a mandatarios, funcionarios y empresarios de todo el mundo.<\/p>\n\n\n\n<p>En su\u00a0<strong>primer viaje internacional como mandatario<\/strong>, Milei expondr\u00e1 el mi\u00e9rcoles, entre las 15.45 y 16.15 (11.45 y 12.15 de la Argentina), dentro de la tem\u00e1tica denominada\u00a0\u201c<strong>Lograr la seguridad y la cooperaci\u00f3n en un mundo fracturado\u201d<\/strong>.<\/p>\n\n\n\n<p>El jefe de Estado estar\u00e1 acompa\u00f1ado por\u00a0<strong>Klaus Schwab<\/strong>, fundador y presidente ejecutivo del Foro Econ\u00f3mico Mundial, que en esta edici\u00f3n tambi\u00e9n tendr\u00e1 como disertante a la canciller\u00a0<strong>Diana Mondino<\/strong>.<\/p>\n\n\n\n<p>La jefa de la diplomacia argentina expondr\u00e1 tambi\u00e9n el mi\u00e9rcoles, entre las 17:30 a 18.15 hora de Suiza (13.30 y 14.15), dentro de la tem\u00e1tica&nbsp;<strong>\u201cCrear crecimiento y empleo para una nueva era\u201d<\/strong>&nbsp;y puntualmente abordar\u00e1 el t\u00f3pico&nbsp;<strong>\u201cEl realismo econ\u00f3mico de Am\u00e9rica Latina\u201d<\/strong>.<\/p>\n\n\n\n<p>Junto a Mondino ser\u00e1n oradores&nbsp;<strong>Mauricio C\u00e1rdenas<\/strong>, exministro de Hacienda de Colombia y actual profesor y director en Maestr\u00eda en Administraci\u00f3n P\u00fablica en Liderazgo Global de la Universidad de Columbia;&nbsp;<strong>Mario Marcel<\/strong>, ministro de Hacienda de Chile;&nbsp;<strong>Marina del Pilar \u00c1vila Olmeda<\/strong>, Gobernadora del Estado de Baja California, en M\u00e9xico;&nbsp;<strong>Luis Henrique Guimar\u00e3es<\/strong>, director ejecutivo de Cosan Limited, empresa de energ\u00eda renovable e infraestructura de Brasil; y&nbsp;<strong>Julio Velarde<\/strong>, presidente del Directorio del Banco Central de Reserva del Per\u00fa.<br><br><strong>Precisamente Mondino recibi\u00f3 el lunes en su despacho al embajador de Suiza en el pa\u00eds, Hans-Ruedi Bortis<\/strong>, y calific\u00f3 su pr\u00f3xima participaci\u00f3n en el Foro de Davos como \u00abuna excelente oportunidad de contar lo que estamos haciendo; por qu\u00e9 y de qu\u00e9 manera\u00bb.<br><br>Adem\u00e1s del Presidente y de la canciller, integrar\u00e1n la comitiva la secretaria general de la Presidencia,&nbsp;<strong>Karina Milei<\/strong>; el jefe de Gabinete,&nbsp;<strong>Nicol\u00e1s Posse<\/strong>; y el ministro de Econom\u00eda,&nbsp;<strong>Luis Caputo<\/strong>; indicaron a T\u00e9lam fuentes del Gobierno.<\/p>\n\n\n\n<p>La delegaci\u00f3n argentina partir\u00e1 el lunes a las 17.50 desde el aeropuerto internacional Ministro Pistarini de la localidad bonaerense de Ezeiza hacia el aeropuerto alem\u00e1n de Frankfurt, en un vuelo estimado de 13 horas de duraci\u00f3n.<br><br>La comitiva arribar\u00e1 el martes a las 11.05, hora local (15.05 de la Argentina) y a las 13.05 (17.05) se trasladar\u00e1 hacia el aeropuerto de Z\u00farich, en Suiza, para continuar luego v\u00eda terrestre a Davos.<br><br>El viernes a las 7.55 est\u00e1 previsto el arribo el presidente y su comitiva al aeropuerto internacional de Ezeiza.<br><br>El jueves \u00faltimo, Milei dijo a Radio La Red que tiene \u201cm\u00e1s de 60 pedidos bilaterales\u201d de todo el mundo. \u201c<strong>Voy y vuelvo porque no tengo forma de dar respuesta f\u00edsica a semejante demanda\u201d, dijo<\/strong>.<br><br><br>Justamente el Gobierno de Ucrania invit\u00f3 a representantes argentinos a una reuni\u00f3n de asesores de seguridad nacional y asesores pol\u00edticos de jefes de Estado que se desarrollar\u00e1 en Davos, tras la conversaci\u00f3n telef\u00f3nica que mantuvieron el mi\u00e9rcoles pasado Karina Milei y el jefe de la Presidencia de Ucrania, Andriy Yermak.<\/p>\n\n\n\n<p>Estar\u00e1n presentes en el Foro de Davos, que&nbsp;<strong>se realizar\u00e1 entre el lunes y viernes<\/strong>&nbsp;y que tendr\u00e1 como lema&nbsp;<strong>\u201cReconstruir la confianza\u201d<\/strong>, los presidentes de Francia,&nbsp;<strong>Emmanuel Macron<\/strong>; de Ucrania,&nbsp;<strong>Volodomir Zelenski<\/strong>; de Colombia,&nbsp;<strong>Gustavo Petro<\/strong>; y de Ecuador,&nbsp;<strong>Daniel Noboa<\/strong>.<br><br>Adem\u00e1s estar\u00e1n presentes el presidente de Gobierno de Espa\u00f1a,&nbsp;<strong>Pedro S\u00e1nchez&nbsp;<\/strong>y la titular de la Comisi\u00f3n Europea,&nbsp;<strong>Ursula&nbsp;<\/strong>von&nbsp;<strong>der Leyen<\/strong>.<br><br>Tambi\u00e9n asistir\u00e1n la directora gerente del Fondo Monetario Internacional (FMI),&nbsp;<strong>Kristalina Georgieva<\/strong>; la directora general de la Organizaci\u00f3n Mundial del Comercio,<strong>&nbsp;Ngozi Okonjo-Iweala<\/strong>; el secretario General de la Organizaci\u00f3n de las Naciones Unidas,&nbsp;<strong>Ant\u00f3nio Guterres<\/strong>; la extitular del FMI y actual presidenta del Banco Central Europeo,&nbsp;<strong>Cristine Lagarde<\/strong>; el asesor de Seguridad Nacional de Estados Unidos,&nbsp;<strong>Jake Sullivan<\/strong>; el enviado presidencial especial de Estados Unidos para el Clima,&nbsp;<strong>John Kerry<\/strong>; y el exvicepresidente de Estados Unidos,&nbsp;<strong>Al Gore<\/strong>.<br><br>Y los primeros ministros de Qatar,&nbsp;<strong>Mohammed Bin Abdulrahman Al Thani<\/strong>; de Irak,&nbsp;<strong>Mohammed Shyaa Al Sudani<\/strong>; y de Grecia,&nbsp;<strong>Kyriakos Mitsotakis<\/strong>; entre otros.<\/p>\n","protected":false},"excerpt":{"rendered":"<p>El presidente Javier Milei participar\u00e1 la semana pr\u00f3xima de la 54\u00aa Reuni\u00f3n Anual del Foro Econ\u00f3mico Mundial, conocida tambi\u00e9n como Foro de Davos, que nuclea en cada enero en esa&hellip;<\/p>\n","protected":false},"author":3,"featured_media":250348,"comment_status":"closed","ping_status":"open","sticky":false,"template":"","format":"standard","meta":{"_acf_changed":false,"footnotes":""},"categories":[1,8],"tags":[],"class_list":["post-251046","post","type-post","status-publish","format-standard","has-post-thumbnail","hentry","category-es-noticia","category-politica"],"acf":[],"yoast_head":"<!-- This site is optimized with the Yoast SEO plugin v27.5 - https:\/\/yoast.com\/product\/yoast-seo-wordpress\/ -->\n<title>Milei viaja a Davos: busca respaldo para lograr los U$S4.700 millones del FMI - Diario Textual<\/title>\n<meta name=\"robots\" content=\"index, follow, max-snippet:-1, max-image-preview:large, max-video-preview:-1\" \/>\n<link rel=\"canonical\" href=\"https:\/\/diariotextual.com\/inicio\/index.php\/2024\/01\/14\/milei-viaja-a-davos-busca-respaldo-para-lograr-los-us4-700-millones-del-fmi\/\" \/>\n<meta property=\"og:locale\" content=\"es_ES\" \/>\n<meta property=\"og:type\" content=\"article\" \/>\n<meta property=\"og:title\" content=\"Milei viaja a Davos: busca respaldo para lograr los U$S4.700 millones del FMI - Diario Textual\" \/>\n<meta property=\"og:description\" content=\"El presidente Javier Milei participar\u00e1 la semana pr\u00f3xima de la 54\u00aa Reuni\u00f3n Anual del Foro Econ\u00f3mico Mundial, conocida tambi\u00e9n como Foro de Davos, que nuclea en cada enero en esa&hellip;\" \/>\n<meta property=\"og:url\" content=\"https:\/\/diariotextual.com\/inicio\/index.php\/2024\/01\/14\/milei-viaja-a-davos-busca-respaldo-para-lograr-los-us4-700-millones-del-fmi\/\" \/>\n<meta property=\"og:site_name\" content=\"Diario Textual\" \/>\n<meta property=\"article:publisher\" content=\"https:\/\/www.facebook.com\/eltextual\" \/>\n<meta property=\"article:published_time\" content=\"2024-01-14T12:38:22+00:00\" \/>\n<meta property=\"article:modified_time\" content=\"2024-01-14T19:12:12+00:00\" \/>\n<meta property=\"og:image\" content=\"https:\/\/diariotextual.com\/inicio\/wp-content\/uploads\/2024\/01\/mileijavieravion2024-1.jpg\" \/>\n\t<meta property=\"og:image:width\" content=\"1200\" \/>\n\t<meta property=\"og:image:height\" content=\"675\" \/>\n\t<meta property=\"og:image:type\" content=\"image\/jpeg\" \/>\n<meta name=\"author\" content=\"Diario1 Diario1\" \/>\n<meta name=\"twitter:card\" content=\"summary_large_image\" \/>\n<meta name=\"twitter:creator\" content=\"@eltextual\" \/>\n<meta name=\"twitter:site\" content=\"@eltextual\" \/>\n<meta name=\"twitter:label1\" content=\"Escrito por\" \/>\n\t<meta name=\"twitter:data1\" content=\"Diario1 Diario1\" \/>\n\t<meta name=\"twitter:label2\" content=\"Tiempo de lectura\" \/>\n\t<meta name=\"twitter:data2\" content=\"4 minutos\" \/>\n<script type=\"application\/ld+json\" class=\"yoast-schema-graph\">{\"@context\":\"https:\\\/\\\/schema.org\",\"@graph\":[{\"@type\":\"Article\",\"@id\":\"https:\\\/\\\/diariotextual.com\\\/inicio\\\/index.php\\\/2024\\\/01\\\/14\\\/milei-viaja-a-davos-busca-respaldo-para-lograr-los-us4-700-millones-del-fmi\\\/#article\",\"isPartOf\":{\"@id\":\"https:\\\/\\\/diariotextual.com\\\/inicio\\\/index.php\\\/2024\\\/01\\\/14\\\/milei-viaja-a-davos-busca-respaldo-para-lograr-los-us4-700-millones-del-fmi\\\/\"},\"author\":{\"name\":\"Diario1 Diario1\",\"@id\":\"https:\\\/\\\/diariotextual.com\\\/inicio\\\/#\\\/schema\\\/person\\\/418fc4093c33e86ed41562db3508f958\"},\"headline\":\"Milei viaja a Davos: busca respaldo para lograr los U$S4.700 millones del FMI\",\"datePublished\":\"2024-01-14T12:38:22+00:00\",\"dateModified\":\"2024-01-14T19:12:12+00:00\",\"mainEntityOfPage\":{\"@id\":\"https:\\\/\\\/diariotextual.com\\\/inicio\\\/index.php\\\/2024\\\/01\\\/14\\\/milei-viaja-a-davos-busca-respaldo-para-lograr-los-us4-700-millones-del-fmi\\\/\"},\"wordCount\":738,\"publisher\":{\"@id\":\"https:\\\/\\\/diariotextual.com\\\/inicio\\\/#organization\"},\"image\":{\"@id\":\"https:\\\/\\\/diariotextual.com\\\/inicio\\\/index.php\\\/2024\\\/01\\\/14\\\/milei-viaja-a-davos-busca-respaldo-para-lograr-los-us4-700-millones-del-fmi\\\/#primaryimage\"},\"thumbnailUrl\":\"https:\\\/\\\/diariotextual.com\\\/inicio\\\/wp-content\\\/uploads\\\/2024\\\/01\\\/mileijavieravion2024-1.jpg\",\"articleSection\":[\"A - ES NOTICIA (van abajo)\",\"POLITICA\"],\"inLanguage\":\"es\"},{\"@type\":\"WebPage\",\"@id\":\"https:\\\/\\\/diariotextual.com\\\/inicio\\\/index.php\\\/2024\\\/01\\\/14\\\/milei-viaja-a-davos-busca-respaldo-para-lograr-los-us4-700-millones-del-fmi\\\/\",\"url\":\"https:\\\/\\\/diariotextual.com\\\/inicio\\\/index.php\\\/2024\\\/01\\\/14\\\/milei-viaja-a-davos-busca-respaldo-para-lograr-los-us4-700-millones-del-fmi\\\/\",\"name\":\"Milei viaja a Davos: busca respaldo para lograr los U$S4.700 millones del FMI - Diario Textual\",\"isPartOf\":{\"@id\":\"https:\\\/\\\/diariotextual.com\\\/inicio\\\/#website\"},\"primaryImageOfPage\":{\"@id\":\"https:\\\/\\\/diariotextual.com\\\/inicio\\\/index.php\\\/2024\\\/01\\\/14\\\/milei-viaja-a-davos-busca-respaldo-para-lograr-los-us4-700-millones-del-fmi\\\/#primaryimage\"},\"image\":{\"@id\":\"https:\\\/\\\/diariotextual.com\\\/inicio\\\/index.php\\\/2024\\\/01\\\/14\\\/milei-viaja-a-davos-busca-respaldo-para-lograr-los-us4-700-millones-del-fmi\\\/#primaryimage\"},\"thumbnailUrl\":\"https:\\\/\\\/diariotextual.com\\\/inicio\\\/wp-content\\\/uploads\\\/2024\\\/01\\\/mileijavieravion2024-1.jpg\",\"datePublished\":\"2024-01-14T12:38:22+00:00\",\"dateModified\":\"2024-01-14T19:12:12+00:00\",\"breadcrumb\":{\"@id\":\"https:\\\/\\\/diariotextual.com\\\/inicio\\\/index.php\\\/2024\\\/01\\\/14\\\/milei-viaja-a-davos-busca-respaldo-para-lograr-los-us4-700-millones-del-fmi\\\/#breadcrumb\"},\"inLanguage\":\"es\",\"potentialAction\":[{\"@type\":\"ReadAction\",\"target\":[\"https:\\\/\\\/diariotextual.com\\\/inicio\\\/index.php\\\/2024\\\/01\\\/14\\\/milei-viaja-a-davos-busca-respaldo-para-lograr-los-us4-700-millones-del-fmi\\\/\"]}]},{\"@type\":\"ImageObject\",\"inLanguage\":\"es\",\"@id\":\"https:\\\/\\\/diariotextual.com\\\/inicio\\\/index.php\\\/2024\\\/01\\\/14\\\/milei-viaja-a-davos-busca-respaldo-para-lograr-los-us4-700-millones-del-fmi\\\/#primaryimage\",\"url\":\"https:\\\/\\\/diariotextual.com\\\/inicio\\\/wp-content\\\/uploads\\\/2024\\\/01\\\/mileijavieravion2024-1.jpg\",\"contentUrl\":\"https:\\\/\\\/diariotextual.com\\\/inicio\\\/wp-content\\\/uploads\\\/2024\\\/01\\\/mileijavieravion2024-1.jpg\",\"width\":1200,\"height\":675},{\"@type\":\"BreadcrumbList\",\"@id\":\"https:\\\/\\\/diariotextual.com\\\/inicio\\\/index.php\\\/2024\\\/01\\\/14\\\/milei-viaja-a-davos-busca-respaldo-para-lograr-los-us4-700-millones-del-fmi\\\/#breadcrumb\",\"itemListElement\":[{\"@type\":\"ListItem\",\"position\":1,\"name\":\"Portada\",\"item\":\"https:\\\/\\\/diariotextual.com\\\/inicio\\\/\"},{\"@type\":\"ListItem\",\"position\":2,\"name\":\"Milei viaja a Davos: busca respaldo para lograr los U$S4.700 millones del FMI\"}]},{\"@type\":\"WebSite\",\"@id\":\"https:\\\/\\\/diariotextual.com\\\/inicio\\\/#website\",\"url\":\"https:\\\/\\\/diariotextual.com\\\/inicio\\\/\",\"name\":\"Diario Textual\",\"description\":\"\",\"publisher\":{\"@id\":\"https:\\\/\\\/diariotextual.com\\\/inicio\\\/#organization\"},\"potentialAction\":[{\"@type\":\"SearchAction\",\"target\":{\"@type\":\"EntryPoint\",\"urlTemplate\":\"https:\\\/\\\/diariotextual.com\\\/inicio\\\/?s={search_term_string}\"},\"query-input\":{\"@type\":\"PropertyValueSpecification\",\"valueRequired\":true,\"valueName\":\"search_term_string\"}}],\"inLanguage\":\"es\"},{\"@type\":\"Organization\",\"@id\":\"https:\\\/\\\/diariotextual.com\\\/inicio\\\/#organization\",\"name\":\"Diario Textual\",\"url\":\"https:\\\/\\\/diariotextual.com\\\/inicio\\\/\",\"logo\":{\"@type\":\"ImageObject\",\"inLanguage\":\"es\",\"@id\":\"https:\\\/\\\/diariotextual.com\\\/inicio\\\/#\\\/schema\\\/logo\\\/image\\\/\",\"url\":\"https:\\\/\\\/diariotextual.com\\\/inicio\\\/wp-content\\\/uploads\\\/2023\\\/05\\\/logotextual1.jpg\",\"contentUrl\":\"https:\\\/\\\/diariotextual.com\\\/inicio\\\/wp-content\\\/uploads\\\/2023\\\/05\\\/logotextual1.jpg\",\"width\":516,\"height\":76,\"caption\":\"Diario Textual\"},\"image\":{\"@id\":\"https:\\\/\\\/diariotextual.com\\\/inicio\\\/#\\\/schema\\\/logo\\\/image\\\/\"},\"sameAs\":[\"https:\\\/\\\/www.facebook.com\\\/eltextual\",\"https:\\\/\\\/x.com\\\/eltextual\",\"http:\\\/\\\/www.instagram.com\\\/eltextual\"]},{\"@type\":\"Person\",\"@id\":\"https:\\\/\\\/diariotextual.com\\\/inicio\\\/#\\\/schema\\\/person\\\/418fc4093c33e86ed41562db3508f958\",\"name\":\"Diario1 Diario1\",\"image\":{\"@type\":\"ImageObject\",\"inLanguage\":\"es\",\"@id\":\"https:\\\/\\\/secure.gravatar.com\\\/avatar\\\/9167d280179c85bc18be67aa7eda765854300033af4896dd779b608640f2ef7a?s=96&d=mm&r=g\",\"url\":\"https:\\\/\\\/secure.gravatar.com\\\/avatar\\\/9167d280179c85bc18be67aa7eda765854300033af4896dd779b608640f2ef7a?s=96&d=mm&r=g\",\"contentUrl\":\"https:\\\/\\\/secure.gravatar.com\\\/avatar\\\/9167d280179c85bc18be67aa7eda765854300033af4896dd779b608640f2ef7a?s=96&d=mm&r=g\",\"caption\":\"Diario1 Diario1\"},\"url\":\"https:\\\/\\\/diariotextual.com\\\/inicio\\\/index.php\\\/author\\\/diario1\\\/\"}]}<\/script>\n<!-- \/ Yoast SEO plugin. -->","yoast_head_json":{"title":"Milei viaja a Davos: busca respaldo para lograr los U$S4.700 millones del FMI - Diario Textual","robots":{"index":"index","follow":"follow","max-snippet":"max-snippet:-1","max-image-preview":"max-image-preview:large","max-video-preview":"max-video-preview:-1"},"canonical":"https:\/\/diariotextual.com\/inicio\/index.php\/2024\/01\/14\/milei-viaja-a-davos-busca-respaldo-para-lograr-los-us4-700-millones-del-fmi\/","og_locale":"es_ES","og_type":"article","og_title":"Milei viaja a Davos: busca respaldo para lograr los U$S4.700 millones del FMI - Diario Textual","og_description":"El presidente Javier Milei participar\u00e1 la semana pr\u00f3xima de la 54\u00aa Reuni\u00f3n Anual del Foro Econ\u00f3mico Mundial, conocida tambi\u00e9n como Foro de Davos, que nuclea en cada enero en esa&hellip;","og_url":"https:\/\/diariotextual.com\/inicio\/index.php\/2024\/01\/14\/milei-viaja-a-davos-busca-respaldo-para-lograr-los-us4-700-millones-del-fmi\/","og_site_name":"Diario Textual","article_publisher":"https:\/\/www.facebook.com\/eltextual","article_published_time":"2024-01-14T12:38:22+00:00","article_modified_time":"2024-01-14T19:12:12+00:00","og_image":[{"width":1200,"height":675,"url":"https:\/\/diariotextual.com\/inicio\/wp-content\/uploads\/2024\/01\/mileijavieravion2024-1.jpg","type":"image\/jpeg"}],"author":"Diario1 Diario1","twitter_card":"summary_large_image","twitter_creator":"@eltextual","twitter_site":"@eltextual","twitter_misc":{"Escrito por":"Diario1 Diario1","Tiempo de lectura":"4 minutos"},"schema":{"@context":"https:\/\/schema.org","@graph":[{"@type":"Article","@id":"https:\/\/diariotextual.com\/inicio\/index.php\/2024\/01\/14\/milei-viaja-a-davos-busca-respaldo-para-lograr-los-us4-700-millones-del-fmi\/#article","isPartOf":{"@id":"https:\/\/diariotextual.com\/inicio\/index.php\/2024\/01\/14\/milei-viaja-a-davos-busca-respaldo-para-lograr-los-us4-700-millones-del-fmi\/"},"author":{"name":"Diario1 Diario1","@id":"https:\/\/diariotextual.com\/inicio\/#\/schema\/person\/418fc4093c33e86ed41562db3508f958"},"headline":"Milei viaja a Davos: busca respaldo para lograr los U$S4.700 millones del FMI","datePublished":"2024-01-14T12:38:22+00:00","dateModified":"2024-01-14T19:12:12+00:00","mainEntityOfPage":{"@id":"https:\/\/diariotextual.com\/inicio\/index.php\/2024\/01\/14\/milei-viaja-a-davos-busca-respaldo-para-lograr-los-us4-700-millones-del-fmi\/"},"wordCount":738,"publisher":{"@id":"https:\/\/diariotextual.com\/inicio\/#organization"},"image":{"@id":"https:\/\/diariotextual.com\/inicio\/index.php\/2024\/01\/14\/milei-viaja-a-davos-busca-respaldo-para-lograr-los-us4-700-millones-del-fmi\/#primaryimage"},"thumbnailUrl":"https:\/\/diariotextual.com\/inicio\/wp-content\/uploads\/2024\/01\/mileijavieravion2024-1.jpg","articleSection":["A - ES NOTICIA (van abajo)","POLITICA"],"inLanguage":"es"},{"@type":"WebPage","@id":"https:\/\/diariotextual.com\/inicio\/index.php\/2024\/01\/14\/milei-viaja-a-davos-busca-respaldo-para-lograr-los-us4-700-millones-del-fmi\/","url":"https:\/\/diariotextual.com\/inicio\/index.php\/2024\/01\/14\/milei-viaja-a-davos-busca-respaldo-para-lograr-los-us4-700-millones-del-fmi\/","name":"Milei viaja a Davos: busca respaldo para lograr los U$S4.700 millones del FMI - Diario Textual","isPartOf":{"@id":"https:\/\/diariotextual.com\/inicio\/#website"},"primaryImageOfPage":{"@id":"https:\/\/diariotextual.com\/inicio\/index.php\/2024\/01\/14\/milei-viaja-a-davos-busca-respaldo-para-lograr-los-us4-700-millones-del-fmi\/#primaryimage"},"image":{"@id":"https:\/\/diariotextual.com\/inicio\/index.php\/2024\/01\/14\/milei-viaja-a-davos-busca-respaldo-para-lograr-los-us4-700-millones-del-fmi\/#primaryimage"},"thumbnailUrl":"https:\/\/diariotextual.com\/inicio\/wp-content\/uploads\/2024\/01\/mileijavieravion2024-1.jpg","datePublished":"2024-01-14T12:38:22+00:00","dateModified":"2024-01-14T19:12:12+00:00","breadcrumb":{"@id":"https:\/\/diariotextual.com\/inicio\/index.php\/2024\/01\/14\/milei-viaja-a-davos-busca-respaldo-para-lograr-los-us4-700-millones-del-fmi\/#breadcrumb"},"inLanguage":"es","potentialAction":[{"@type":"ReadAction","target":["https:\/\/diariotextual.com\/inicio\/index.php\/2024\/01\/14\/milei-viaja-a-davos-busca-respaldo-para-lograr-los-us4-700-millones-del-fmi\/"]}]},{"@type":"ImageObject","inLanguage":"es","@id":"https:\/\/diariotextual.com\/inicio\/index.php\/2024\/01\/14\/milei-viaja-a-davos-busca-respaldo-para-lograr-los-us4-700-millones-del-fmi\/#primaryimage","url":"https:\/\/diariotextual.com\/inicio\/wp-content\/uploads\/2024\/01\/mileijavieravion2024-1.jpg","contentUrl":"https:\/\/diariotextual.com\/inicio\/wp-content\/uploads\/2024\/01\/mileijavieravion2024-1.jpg","width":1200,"height":675},{"@type":"BreadcrumbList","@id":"https:\/\/diariotextual.com\/inicio\/index.php\/2024\/01\/14\/milei-viaja-a-davos-busca-respaldo-para-lograr-los-us4-700-millones-del-fmi\/#breadcrumb","itemListElement":[{"@type":"ListItem","position":1,"name":"Portada","item":"https:\/\/diariotextual.com\/inicio\/"},{"@type":"ListItem","position":2,"name":"Milei viaja a Davos: busca respaldo para lograr los U$S4.700 millones del FMI"}]},{"@type":"WebSite","@id":"https:\/\/diariotextual.com\/inicio\/#website","url":"https:\/\/diariotextual.com\/inicio\/","name":"Diario Textual","description":"","publisher":{"@id":"https:\/\/diariotextual.com\/inicio\/#organization"},"potentialAction":[{"@type":"SearchAction","target":{"@type":"EntryPoint","urlTemplate":"https:\/\/diariotextual.com\/inicio\/?s={search_term_string}"},"query-input":{"@type":"PropertyValueSpecification","valueRequired":true,"valueName":"search_term_string"}}],"inLanguage":"es"},{"@type":"Organization","@id":"https:\/\/diariotextual.com\/inicio\/#organization","name":"Diario Textual","url":"https:\/\/diariotextual.com\/inicio\/","logo":{"@type":"ImageObject","inLanguage":"es","@id":"https:\/\/diariotextual.com\/inicio\/#\/schema\/logo\/image\/","url":"https:\/\/diariotextual.com\/inicio\/wp-content\/uploads\/2023\/05\/logotextual1.jpg","contentUrl":"https:\/\/diariotextual.com\/inicio\/wp-content\/uploads\/2023\/05\/logotextual1.jpg","width":516,"height":76,"caption":"Diario Textual"},"image":{"@id":"https:\/\/diariotextual.com\/inicio\/#\/schema\/logo\/image\/"},"sameAs":["https:\/\/www.facebook.com\/eltextual","https:\/\/x.com\/eltextual","http:\/\/www.instagram.com\/eltextual"]},{"@type":"Person","@id":"https:\/\/diariotextual.com\/inicio\/#\/schema\/person\/418fc4093c33e86ed41562db3508f958","name":"Diario1 Diario1","image":{"@type":"ImageObject","inLanguage":"es","@id":"https:\/\/secure.gravatar.com\/avatar\/9167d280179c85bc18be67aa7eda765854300033af4896dd779b608640f2ef7a?s=96&d=mm&r=g","url":"https:\/\/secure.gravatar.com\/avatar\/9167d280179c85bc18be67aa7eda765854300033af4896dd779b608640f2ef7a?s=96&d=mm&r=g","contentUrl":"https:\/\/secure.gravatar.com\/avatar\/9167d280179c85bc18be67aa7eda765854300033af4896dd779b608640f2ef7a?s=96&d=mm&r=g","caption":"Diario1 Diario1"},"url":"https:\/\/diariotextual.com\/inicio\/index.php\/author\/diario1\/"}]}},"_links":{"self":[{"href":"https:\/\/diariotextual.com\/inicio\/index.php\/wp-json\/wp\/v2\/posts\/251046","targetHints":{"allow":["GET"]}}],"collection":[{"href":"https:\/\/diariotextual.com\/inicio\/index.php\/wp-json\/wp\/v2\/posts"}],"about":[{"href":"https:\/\/diariotextual.com\/inicio\/index.php\/wp-json\/wp\/v2\/types\/post"}],"author":[{"embeddable":true,"href":"https:\/\/diariotextual.com\/inicio\/index.php\/wp-json\/wp\/v2\/users\/3"}],"replies":[{"embeddable":true,"href":"https:\/\/diariotextual.com\/inicio\/index.php\/wp-json\/wp\/v2\/comments?post=251046"}],"version-history":[{"count":3,"href":"https:\/\/diariotextual.com\/inicio\/index.php\/wp-json\/wp\/v2\/posts\/251046\/revisions"}],"predecessor-version":[{"id":251050,"href":"https:\/\/diariotextual.com\/inicio\/index.php\/wp-json\/wp\/v2\/posts\/251046\/revisions\/251050"}],"wp:featuredmedia":[{"embeddable":true,"href":"https:\/\/diariotextual.com\/inicio\/index.php\/wp-json\/wp\/v2\/media\/250348"}],"wp:attachment":[{"href":"https:\/\/diariotextual.com\/inicio\/index.php\/wp-json\/wp\/v2\/media?parent=251046"}],"wp:term":[{"taxonomy":"category","embeddable":true,"href":"https:\/\/diariotextual.com\/inicio\/index.php\/wp-json\/wp\/v2\/categories?post=251046"},{"taxonomy":"post_tag","embeddable":true,"href":"https:\/\/diariotextual.com\/inicio\/index.php\/wp-json\/wp\/v2\/tags?post=251046"}],"curies":[{"name":"wp","href":"https:\/\/api.w.org\/{rel}","templated":true}]}}