{"id":251117,"date":"2024-01-15T12:25:16","date_gmt":"2024-01-15T15:25:16","guid":{"rendered":"https:\/\/diariotextual.com\/inicio\/?p=251117"},"modified":"2024-01-15T19:27:41","modified_gmt":"2024-01-15T22:27:41","slug":"el-gobierno-analiza-descontarle-el-dia-a-los-estatales-que-se-sumen-al-paro-general","status":"publish","type":"post","link":"https:\/\/diariotextual.com\/inicio\/index.php\/2024\/01\/15\/el-gobierno-analiza-descontarle-el-dia-a-los-estatales-que-se-sumen-al-paro-general\/","title":{"rendered":"El Gobierno analiza descontarle el d\u00eda a los estatales que se sumen al paro general"},"content":{"rendered":"\n<p>El Gobierno nacional reconoci\u00f3 este lunes que<strong> se est\u00e1 analizando la posibilidad de descontarle el d\u00eda a los trabajadores estatales que se plieguen al paro general <\/strong>convocado por la CGT para el pr\u00f3ximo 24 de enero. As\u00ed lo confirm\u00f3 en conferencia de prensa el vocero presidencial, <strong>Manuel Adorni.<\/strong><\/p>\n\n\n\n<p>\u201cLo estamos analizando como una posibilidad cierta\u201d, dijo el funcionario al ser consultado por la posibilidad de sancionar de esa manera a los trabajadores del Estado que se plieguen al paro, con movilizaci\u00f3n incluida, que convoc\u00f3 la Confederaci\u00f3n General del Trabajo para el 24 de enero, desde las 12 del mediod\u00eda.<\/p>\n\n\n\n<p>En ese sentido, dijo que el Gobierno quiere que el mega paquete de la ley de \u201cBases\u201d sea aprobado \u201clo antes posible por el bien de todos\u201d y aclar\u00f3 que ese prop\u00f3sito es \u201cindependientemente de la fecha del paro\u201d del 24 de enero, convocado por la CGT.<\/p>\n\n\n\n<p>\u201cTenemos intenci\u00f3n de que efectivamente se debata en la C\u00e1mara de Diputados lo antes posible\u201d, dijo el vocero presidencial, Manuel Adorni, ante una consulta en la conferencia de prensa ofrecida en la Casa de Gobierno.<\/p>\n\n\n\n<p>\u201cSi es esta semana bienvenido sea, independientemente de la fecha del paro\u201d de la CGT en contra del DNU de desregulaci\u00f3n econ\u00f3mica, expres\u00f3.<\/p>\n\n\n\n<p>\u201cEse es un dato que est\u00e1 determinado y la sesi\u00f3n depende de variables que no manejamos nosotros, as\u00ed que no sabemos el d\u00eda que se va a dar ese debate\u201d, grafic\u00f3.<\/p>\n\n\n\n<p><\/p>\n\n\n\n<p><\/p>\n","protected":false},"excerpt":{"rendered":"<p>El Gobierno nacional reconoci\u00f3 este lunes que se est\u00e1 analizando la posibilidad de descontarle el d\u00eda a los trabajadores estatales que se plieguen al paro general convocado por la CGT&hellip;<\/p>\n","protected":false},"author":3,"featured_media":250140,"comment_status":"closed","ping_status":"open","sticky":false,"template":"","format":"standard","meta":{"_acf_changed":false,"footnotes":""},"categories":[1,8],"tags":[],"class_list":["post-251117","post","type-post","status-publish","format-standard","has-post-thumbnail","hentry","category-es-noticia","category-politica"],"acf":[],"yoast_head":"<!-- This site is optimized with the Yoast SEO plugin v27.5 - https:\/\/yoast.com\/product\/yoast-seo-wordpress\/ -->\n<title>El Gobierno analiza descontarle el d\u00eda a los estatales que se sumen al paro general - Diario Textual<\/title>\n<meta name=\"robots\" content=\"index, follow, max-snippet:-1, max-image-preview:large, max-video-preview:-1\" \/>\n<link rel=\"canonical\" href=\"https:\/\/diariotextual.com\/inicio\/index.php\/2024\/01\/15\/el-gobierno-analiza-descontarle-el-dia-a-los-estatales-que-se-sumen-al-paro-general\/\" \/>\n<meta property=\"og:locale\" content=\"es_ES\" \/>\n<meta property=\"og:type\" content=\"article\" \/>\n<meta property=\"og:title\" content=\"El Gobierno analiza descontarle el d\u00eda a los estatales que se sumen al paro general - Diario Textual\" \/>\n<meta property=\"og:description\" content=\"El Gobierno nacional reconoci\u00f3 este lunes que se est\u00e1 analizando la posibilidad de descontarle el d\u00eda a los trabajadores estatales que se plieguen al paro general convocado por la CGT&hellip;\" \/>\n<meta property=\"og:url\" content=\"https:\/\/diariotextual.com\/inicio\/index.php\/2024\/01\/15\/el-gobierno-analiza-descontarle-el-dia-a-los-estatales-que-se-sumen-al-paro-general\/\" \/>\n<meta property=\"og:site_name\" content=\"Diario Textual\" \/>\n<meta property=\"article:publisher\" content=\"https:\/\/www.facebook.com\/eltextual\" \/>\n<meta property=\"article:published_time\" content=\"2024-01-15T15:25:16+00:00\" \/>\n<meta property=\"article:modified_time\" content=\"2024-01-15T22:27:41+00:00\" \/>\n<meta property=\"og:image\" content=\"https:\/\/diariotextual.com\/inicio\/wp-content\/uploads\/2024\/01\/adornimanuel2024-10.jpg\" \/>\n\t<meta property=\"og:image:width\" content=\"1024\" \/>\n\t<meta property=\"og:image:height\" content=\"683\" \/>\n\t<meta property=\"og:image:type\" content=\"image\/jpeg\" \/>\n<meta name=\"author\" content=\"Diario1 Diario1\" \/>\n<meta name=\"twitter:card\" content=\"summary_large_image\" \/>\n<meta name=\"twitter:creator\" content=\"@eltextual\" \/>\n<meta name=\"twitter:site\" content=\"@eltextual\" \/>\n<meta name=\"twitter:label1\" content=\"Escrito por\" \/>\n\t<meta name=\"twitter:data1\" content=\"Diario1 Diario1\" \/>\n\t<meta name=\"twitter:label2\" content=\"Tiempo de lectura\" \/>\n\t<meta name=\"twitter:data2\" content=\"1 minuto\" \/>\n<script type=\"application\/ld+json\" class=\"yoast-schema-graph\">{\"@context\":\"https:\\\/\\\/schema.org\",\"@graph\":[{\"@type\":\"Article\",\"@id\":\"https:\\\/\\\/diariotextual.com\\\/inicio\\\/index.php\\\/2024\\\/01\\\/15\\\/el-gobierno-analiza-descontarle-el-dia-a-los-estatales-que-se-sumen-al-paro-general\\\/#article\",\"isPartOf\":{\"@id\":\"https:\\\/\\\/diariotextual.com\\\/inicio\\\/index.php\\\/2024\\\/01\\\/15\\\/el-gobierno-analiza-descontarle-el-dia-a-los-estatales-que-se-sumen-al-paro-general\\\/\"},\"author\":{\"name\":\"Diario1 Diario1\",\"@id\":\"https:\\\/\\\/diariotextual.com\\\/inicio\\\/#\\\/schema\\\/person\\\/418fc4093c33e86ed41562db3508f958\"},\"headline\":\"El Gobierno analiza descontarle el d\u00eda a los estatales que se sumen al paro general\",\"datePublished\":\"2024-01-15T15:25:16+00:00\",\"dateModified\":\"2024-01-15T22:27:41+00:00\",\"mainEntityOfPage\":{\"@id\":\"https:\\\/\\\/diariotextual.com\\\/inicio\\\/index.php\\\/2024\\\/01\\\/15\\\/el-gobierno-analiza-descontarle-el-dia-a-los-estatales-que-se-sumen-al-paro-general\\\/\"},\"wordCount\":259,\"publisher\":{\"@id\":\"https:\\\/\\\/diariotextual.com\\\/inicio\\\/#organization\"},\"image\":{\"@id\":\"https:\\\/\\\/diariotextual.com\\\/inicio\\\/index.php\\\/2024\\\/01\\\/15\\\/el-gobierno-analiza-descontarle-el-dia-a-los-estatales-que-se-sumen-al-paro-general\\\/#primaryimage\"},\"thumbnailUrl\":\"https:\\\/\\\/diariotextual.com\\\/inicio\\\/wp-content\\\/uploads\\\/2024\\\/01\\\/adornimanuel2024-10.jpg\",\"articleSection\":[\"A - ES NOTICIA (van abajo)\",\"POLITICA\"],\"inLanguage\":\"es\"},{\"@type\":\"WebPage\",\"@id\":\"https:\\\/\\\/diariotextual.com\\\/inicio\\\/index.php\\\/2024\\\/01\\\/15\\\/el-gobierno-analiza-descontarle-el-dia-a-los-estatales-que-se-sumen-al-paro-general\\\/\",\"url\":\"https:\\\/\\\/diariotextual.com\\\/inicio\\\/index.php\\\/2024\\\/01\\\/15\\\/el-gobierno-analiza-descontarle-el-dia-a-los-estatales-que-se-sumen-al-paro-general\\\/\",\"name\":\"El Gobierno analiza descontarle el d\u00eda a los estatales que se sumen al paro general - Diario Textual\",\"isPartOf\":{\"@id\":\"https:\\\/\\\/diariotextual.com\\\/inicio\\\/#website\"},\"primaryImageOfPage\":{\"@id\":\"https:\\\/\\\/diariotextual.com\\\/inicio\\\/index.php\\\/2024\\\/01\\\/15\\\/el-gobierno-analiza-descontarle-el-dia-a-los-estatales-que-se-sumen-al-paro-general\\\/#primaryimage\"},\"image\":{\"@id\":\"https:\\\/\\\/diariotextual.com\\\/inicio\\\/index.php\\\/2024\\\/01\\\/15\\\/el-gobierno-analiza-descontarle-el-dia-a-los-estatales-que-se-sumen-al-paro-general\\\/#primaryimage\"},\"thumbnailUrl\":\"https:\\\/\\\/diariotextual.com\\\/inicio\\\/wp-content\\\/uploads\\\/2024\\\/01\\\/adornimanuel2024-10.jpg\",\"datePublished\":\"2024-01-15T15:25:16+00:00\",\"dateModified\":\"2024-01-15T22:27:41+00:00\",\"breadcrumb\":{\"@id\":\"https:\\\/\\\/diariotextual.com\\\/inicio\\\/index.php\\\/2024\\\/01\\\/15\\\/el-gobierno-analiza-descontarle-el-dia-a-los-estatales-que-se-sumen-al-paro-general\\\/#breadcrumb\"},\"inLanguage\":\"es\",\"potentialAction\":[{\"@type\":\"ReadAction\",\"target\":[\"https:\\\/\\\/diariotextual.com\\\/inicio\\\/index.php\\\/2024\\\/01\\\/15\\\/el-gobierno-analiza-descontarle-el-dia-a-los-estatales-que-se-sumen-al-paro-general\\\/\"]}]},{\"@type\":\"ImageObject\",\"inLanguage\":\"es\",\"@id\":\"https:\\\/\\\/diariotextual.com\\\/inicio\\\/index.php\\\/2024\\\/01\\\/15\\\/el-gobierno-analiza-descontarle-el-dia-a-los-estatales-que-se-sumen-al-paro-general\\\/#primaryimage\",\"url\":\"https:\\\/\\\/diariotextual.com\\\/inicio\\\/wp-content\\\/uploads\\\/2024\\\/01\\\/adornimanuel2024-10.jpg\",\"contentUrl\":\"https:\\\/\\\/diariotextual.com\\\/inicio\\\/wp-content\\\/uploads\\\/2024\\\/01\\\/adornimanuel2024-10.jpg\",\"width\":1024,\"height\":683},{\"@type\":\"BreadcrumbList\",\"@id\":\"https:\\\/\\\/diariotextual.com\\\/inicio\\\/index.php\\\/2024\\\/01\\\/15\\\/el-gobierno-analiza-descontarle-el-dia-a-los-estatales-que-se-sumen-al-paro-general\\\/#breadcrumb\",\"itemListElement\":[{\"@type\":\"ListItem\",\"position\":1,\"name\":\"Portada\",\"item\":\"https:\\\/\\\/diariotextual.com\\\/inicio\\\/\"},{\"@type\":\"ListItem\",\"position\":2,\"name\":\"El Gobierno analiza descontarle el d\u00eda a los estatales que se sumen al paro general\"}]},{\"@type\":\"WebSite\",\"@id\":\"https:\\\/\\\/diariotextual.com\\\/inicio\\\/#website\",\"url\":\"https:\\\/\\\/diariotextual.com\\\/inicio\\\/\",\"name\":\"Diario Textual\",\"description\":\"\",\"publisher\":{\"@id\":\"https:\\\/\\\/diariotextual.com\\\/inicio\\\/#organization\"},\"potentialAction\":[{\"@type\":\"SearchAction\",\"target\":{\"@type\":\"EntryPoint\",\"urlTemplate\":\"https:\\\/\\\/diariotextual.com\\\/inicio\\\/?s={search_term_string}\"},\"query-input\":{\"@type\":\"PropertyValueSpecification\",\"valueRequired\":true,\"valueName\":\"search_term_string\"}}],\"inLanguage\":\"es\"},{\"@type\":\"Organization\",\"@id\":\"https:\\\/\\\/diariotextual.com\\\/inicio\\\/#organization\",\"name\":\"Diario Textual\",\"url\":\"https:\\\/\\\/diariotextual.com\\\/inicio\\\/\",\"logo\":{\"@type\":\"ImageObject\",\"inLanguage\":\"es\",\"@id\":\"https:\\\/\\\/diariotextual.com\\\/inicio\\\/#\\\/schema\\\/logo\\\/image\\\/\",\"url\":\"https:\\\/\\\/diariotextual.com\\\/inicio\\\/wp-content\\\/uploads\\\/2023\\\/05\\\/logotextual1.jpg\",\"contentUrl\":\"https:\\\/\\\/diariotextual.com\\\/inicio\\\/wp-content\\\/uploads\\\/2023\\\/05\\\/logotextual1.jpg\",\"width\":516,\"height\":76,\"caption\":\"Diario Textual\"},\"image\":{\"@id\":\"https:\\\/\\\/diariotextual.com\\\/inicio\\\/#\\\/schema\\\/logo\\\/image\\\/\"},\"sameAs\":[\"https:\\\/\\\/www.facebook.com\\\/eltextual\",\"https:\\\/\\\/x.com\\\/eltextual\",\"http:\\\/\\\/www.instagram.com\\\/eltextual\"]},{\"@type\":\"Person\",\"@id\":\"https:\\\/\\\/diariotextual.com\\\/inicio\\\/#\\\/schema\\\/person\\\/418fc4093c33e86ed41562db3508f958\",\"name\":\"Diario1 Diario1\",\"image\":{\"@type\":\"ImageObject\",\"inLanguage\":\"es\",\"@id\":\"https:\\\/\\\/secure.gravatar.com\\\/avatar\\\/9167d280179c85bc18be67aa7eda765854300033af4896dd779b608640f2ef7a?s=96&d=mm&r=g\",\"url\":\"https:\\\/\\\/secure.gravatar.com\\\/avatar\\\/9167d280179c85bc18be67aa7eda765854300033af4896dd779b608640f2ef7a?s=96&d=mm&r=g\",\"contentUrl\":\"https:\\\/\\\/secure.gravatar.com\\\/avatar\\\/9167d280179c85bc18be67aa7eda765854300033af4896dd779b608640f2ef7a?s=96&d=mm&r=g\",\"caption\":\"Diario1 Diario1\"},\"url\":\"https:\\\/\\\/diariotextual.com\\\/inicio\\\/index.php\\\/author\\\/diario1\\\/\"}]}<\/script>\n<!-- \/ Yoast SEO plugin. -->","yoast_head_json":{"title":"El Gobierno analiza descontarle el d\u00eda a los estatales que se sumen al paro general - Diario Textual","robots":{"index":"index","follow":"follow","max-snippet":"max-snippet:-1","max-image-preview":"max-image-preview:large","max-video-preview":"max-video-preview:-1"},"canonical":"https:\/\/diariotextual.com\/inicio\/index.php\/2024\/01\/15\/el-gobierno-analiza-descontarle-el-dia-a-los-estatales-que-se-sumen-al-paro-general\/","og_locale":"es_ES","og_type":"article","og_title":"El Gobierno analiza descontarle el d\u00eda a los estatales que se sumen al paro general - Diario Textual","og_description":"El Gobierno nacional reconoci\u00f3 este lunes que se est\u00e1 analizando la posibilidad de descontarle el d\u00eda a los trabajadores estatales que se plieguen al paro general convocado por la CGT&hellip;","og_url":"https:\/\/diariotextual.com\/inicio\/index.php\/2024\/01\/15\/el-gobierno-analiza-descontarle-el-dia-a-los-estatales-que-se-sumen-al-paro-general\/","og_site_name":"Diario Textual","article_publisher":"https:\/\/www.facebook.com\/eltextual","article_published_time":"2024-01-15T15:25:16+00:00","article_modified_time":"2024-01-15T22:27:41+00:00","og_image":[{"width":1024,"height":683,"url":"https:\/\/diariotextual.com\/inicio\/wp-content\/uploads\/2024\/01\/adornimanuel2024-10.jpg","type":"image\/jpeg"}],"author":"Diario1 Diario1","twitter_card":"summary_large_image","twitter_creator":"@eltextual","twitter_site":"@eltextual","twitter_misc":{"Escrito por":"Diario1 Diario1","Tiempo de lectura":"1 minuto"},"schema":{"@context":"https:\/\/schema.org","@graph":[{"@type":"Article","@id":"https:\/\/diariotextual.com\/inicio\/index.php\/2024\/01\/15\/el-gobierno-analiza-descontarle-el-dia-a-los-estatales-que-se-sumen-al-paro-general\/#article","isPartOf":{"@id":"https:\/\/diariotextual.com\/inicio\/index.php\/2024\/01\/15\/el-gobierno-analiza-descontarle-el-dia-a-los-estatales-que-se-sumen-al-paro-general\/"},"author":{"name":"Diario1 Diario1","@id":"https:\/\/diariotextual.com\/inicio\/#\/schema\/person\/418fc4093c33e86ed41562db3508f958"},"headline":"El Gobierno analiza descontarle el d\u00eda a los estatales que se sumen al paro general","datePublished":"2024-01-15T15:25:16+00:00","dateModified":"2024-01-15T22:27:41+00:00","mainEntityOfPage":{"@id":"https:\/\/diariotextual.com\/inicio\/index.php\/2024\/01\/15\/el-gobierno-analiza-descontarle-el-dia-a-los-estatales-que-se-sumen-al-paro-general\/"},"wordCount":259,"publisher":{"@id":"https:\/\/diariotextual.com\/inicio\/#organization"},"image":{"@id":"https:\/\/diariotextual.com\/inicio\/index.php\/2024\/01\/15\/el-gobierno-analiza-descontarle-el-dia-a-los-estatales-que-se-sumen-al-paro-general\/#primaryimage"},"thumbnailUrl":"https:\/\/diariotextual.com\/inicio\/wp-content\/uploads\/2024\/01\/adornimanuel2024-10.jpg","articleSection":["A - ES NOTICIA (van abajo)","POLITICA"],"inLanguage":"es"},{"@type":"WebPage","@id":"https:\/\/diariotextual.com\/inicio\/index.php\/2024\/01\/15\/el-gobierno-analiza-descontarle-el-dia-a-los-estatales-que-se-sumen-al-paro-general\/","url":"https:\/\/diariotextual.com\/inicio\/index.php\/2024\/01\/15\/el-gobierno-analiza-descontarle-el-dia-a-los-estatales-que-se-sumen-al-paro-general\/","name":"El Gobierno analiza descontarle el d\u00eda a los estatales que se sumen al paro general - Diario Textual","isPartOf":{"@id":"https:\/\/diariotextual.com\/inicio\/#website"},"primaryImageOfPage":{"@id":"https:\/\/diariotextual.com\/inicio\/index.php\/2024\/01\/15\/el-gobierno-analiza-descontarle-el-dia-a-los-estatales-que-se-sumen-al-paro-general\/#primaryimage"},"image":{"@id":"https:\/\/diariotextual.com\/inicio\/index.php\/2024\/01\/15\/el-gobierno-analiza-descontarle-el-dia-a-los-estatales-que-se-sumen-al-paro-general\/#primaryimage"},"thumbnailUrl":"https:\/\/diariotextual.com\/inicio\/wp-content\/uploads\/2024\/01\/adornimanuel2024-10.jpg","datePublished":"2024-01-15T15:25:16+00:00","dateModified":"2024-01-15T22:27:41+00:00","breadcrumb":{"@id":"https:\/\/diariotextual.com\/inicio\/index.php\/2024\/01\/15\/el-gobierno-analiza-descontarle-el-dia-a-los-estatales-que-se-sumen-al-paro-general\/#breadcrumb"},"inLanguage":"es","potentialAction":[{"@type":"ReadAction","target":["https:\/\/diariotextual.com\/inicio\/index.php\/2024\/01\/15\/el-gobierno-analiza-descontarle-el-dia-a-los-estatales-que-se-sumen-al-paro-general\/"]}]},{"@type":"ImageObject","inLanguage":"es","@id":"https:\/\/diariotextual.com\/inicio\/index.php\/2024\/01\/15\/el-gobierno-analiza-descontarle-el-dia-a-los-estatales-que-se-sumen-al-paro-general\/#primaryimage","url":"https:\/\/diariotextual.com\/inicio\/wp-content\/uploads\/2024\/01\/adornimanuel2024-10.jpg","contentUrl":"https:\/\/diariotextual.com\/inicio\/wp-content\/uploads\/2024\/01\/adornimanuel2024-10.jpg","width":1024,"height":683},{"@type":"BreadcrumbList","@id":"https:\/\/diariotextual.com\/inicio\/index.php\/2024\/01\/15\/el-gobierno-analiza-descontarle-el-dia-a-los-estatales-que-se-sumen-al-paro-general\/#breadcrumb","itemListElement":[{"@type":"ListItem","position":1,"name":"Portada","item":"https:\/\/diariotextual.com\/inicio\/"},{"@type":"ListItem","position":2,"name":"El Gobierno analiza descontarle el d\u00eda a los estatales que se sumen al paro general"}]},{"@type":"WebSite","@id":"https:\/\/diariotextual.com\/inicio\/#website","url":"https:\/\/diariotextual.com\/inicio\/","name":"Diario Textual","description":"","publisher":{"@id":"https:\/\/diariotextual.com\/inicio\/#organization"},"potentialAction":[{"@type":"SearchAction","target":{"@type":"EntryPoint","urlTemplate":"https:\/\/diariotextual.com\/inicio\/?s={search_term_string}"},"query-input":{"@type":"PropertyValueSpecification","valueRequired":true,"valueName":"search_term_string"}}],"inLanguage":"es"},{"@type":"Organization","@id":"https:\/\/diariotextual.com\/inicio\/#organization","name":"Diario Textual","url":"https:\/\/diariotextual.com\/inicio\/","logo":{"@type":"ImageObject","inLanguage":"es","@id":"https:\/\/diariotextual.com\/inicio\/#\/schema\/logo\/image\/","url":"https:\/\/diariotextual.com\/inicio\/wp-content\/uploads\/2023\/05\/logotextual1.jpg","contentUrl":"https:\/\/diariotextual.com\/inicio\/wp-content\/uploads\/2023\/05\/logotextual1.jpg","width":516,"height":76,"caption":"Diario Textual"},"image":{"@id":"https:\/\/diariotextual.com\/inicio\/#\/schema\/logo\/image\/"},"sameAs":["https:\/\/www.facebook.com\/eltextual","https:\/\/x.com\/eltextual","http:\/\/www.instagram.com\/eltextual"]},{"@type":"Person","@id":"https:\/\/diariotextual.com\/inicio\/#\/schema\/person\/418fc4093c33e86ed41562db3508f958","name":"Diario1 Diario1","image":{"@type":"ImageObject","inLanguage":"es","@id":"https:\/\/secure.gravatar.com\/avatar\/9167d280179c85bc18be67aa7eda765854300033af4896dd779b608640f2ef7a?s=96&d=mm&r=g","url":"https:\/\/secure.gravatar.com\/avatar\/9167d280179c85bc18be67aa7eda765854300033af4896dd779b608640f2ef7a?s=96&d=mm&r=g","contentUrl":"https:\/\/secure.gravatar.com\/avatar\/9167d280179c85bc18be67aa7eda765854300033af4896dd779b608640f2ef7a?s=96&d=mm&r=g","caption":"Diario1 Diario1"},"url":"https:\/\/diariotextual.com\/inicio\/index.php\/author\/diario1\/"}]}},"_links":{"self":[{"href":"https:\/\/diariotextual.com\/inicio\/index.php\/wp-json\/wp\/v2\/posts\/251117","targetHints":{"allow":["GET"]}}],"collection":[{"href":"https:\/\/diariotextual.com\/inicio\/index.php\/wp-json\/wp\/v2\/posts"}],"about":[{"href":"https:\/\/diariotextual.com\/inicio\/index.php\/wp-json\/wp\/v2\/types\/post"}],"author":[{"embeddable":true,"href":"https:\/\/diariotextual.com\/inicio\/index.php\/wp-json\/wp\/v2\/users\/3"}],"replies":[{"embeddable":true,"href":"https:\/\/diariotextual.com\/inicio\/index.php\/wp-json\/wp\/v2\/comments?post=251117"}],"version-history":[{"count":2,"href":"https:\/\/diariotextual.com\/inicio\/index.php\/wp-json\/wp\/v2\/posts\/251117\/revisions"}],"predecessor-version":[{"id":251119,"href":"https:\/\/diariotextual.com\/inicio\/index.php\/wp-json\/wp\/v2\/posts\/251117\/revisions\/251119"}],"wp:featuredmedia":[{"embeddable":true,"href":"https:\/\/diariotextual.com\/inicio\/index.php\/wp-json\/wp\/v2\/media\/250140"}],"wp:attachment":[{"href":"https:\/\/diariotextual.com\/inicio\/index.php\/wp-json\/wp\/v2\/media?parent=251117"}],"wp:term":[{"taxonomy":"category","embeddable":true,"href":"https:\/\/diariotextual.com\/inicio\/index.php\/wp-json\/wp\/v2\/categories?post=251117"},{"taxonomy":"post_tag","embeddable":true,"href":"https:\/\/diariotextual.com\/inicio\/index.php\/wp-json\/wp\/v2\/tags?post=251117"}],"curies":[{"name":"wp","href":"https:\/\/api.w.org\/{rel}","templated":true}]}}