{"id":251142,"date":"2024-01-15T19:27:25","date_gmt":"2024-01-15T22:27:25","guid":{"rendered":"https:\/\/diariotextual.com\/inicio\/?p=251142"},"modified":"2024-01-16T07:32:28","modified_gmt":"2024-01-16T10:32:28","slug":"milei-partio-hacia-davos-junto-a-caputo-posse-y-mondino","status":"publish","type":"post","link":"https:\/\/diariotextual.com\/inicio\/index.php\/2024\/01\/15\/milei-partio-hacia-davos-junto-a-caputo-posse-y-mondino\/","title":{"rendered":"Milei parti\u00f3 hacia Davos junto a Caputo, Posse y Mondino"},"content":{"rendered":"\n<p>Pasadas las 18, el presidente&nbsp;<strong>Javier Milei<\/strong>&nbsp;parti\u00f3 hacia el Foro Econ\u00f3mico de Davos junto a la canciller Diana Mondino; el ministro de Econom\u00eda, Luis Caputo y el jefe de Gabinete, Nicol\u00e1s Posse.<\/p>\n\n\n\n<p>El vuelo comercial de la empresa Lufthansa despeg\u00f3 a las 18.21 desde el aeropuerto internacional Ministro Pistarini, en la localidad bonaerense de Ezeiza, hacia el Aeropuerto de Frankfurt, Alemania.<\/p>\n\n\n\n<p>La comitiva arribar\u00e1 ma\u00f1ana a las 11.05, hora local (7.05 de la Argentina), y a las 13.05 de Alemania (9.05) partir\u00e1 hacia el Aeropuerto de Zurich, adonde llegar\u00e1 a las 14, hora de Suiza (las 10 de la Argentina).<\/p>\n\n\n\n<p><strong>Milei<\/strong>&nbsp;ser\u00e1 recibido all\u00ed por el embajador argentino ante la Confederaci\u00f3n Suiza, Gustavo Mart\u00ednez Pandiani, y luego la comitiva continuar\u00e1 su recorrido por v\u00eda terrestre hacia Davos, localidad de 11 mil habitantes ubicada a 148 kil\u00f3metros de Zurich.<\/p>\n\n\n\n<p>Posse y Caputo tendr\u00e1n una audiencia con la directora Gerente del Fondo Monetario Internacional (FMI),&nbsp;<strong>Kristalina Georgieva<\/strong>. Ser\u00e1 una \u00abreuni\u00f3n t\u00e9cnica\u00bb, indicaron a T\u00e9lam fuentes de la Jefatura de Gabinete; mientras el mi\u00e9rcoles a las 17.30, hora local (las 13.30 de la Argentina), Milei mantendr\u00e1 su encuentro con la titular del FMI.<\/p>\n\n\n\n<p>El presidente se reunir\u00e1 con\u00a0<strong>Georgieva<\/strong>\u00a0para analizar el reciente acuerdo alcanzado por el pa\u00eds con el organismo multilateral de cr\u00e9dito, en el marco de la s\u00e9ptima revisi\u00f3n del Programa de Facilidades Extendidas, indicaron fuentes oficiales.<\/p>\n\n\n\n<p><\/p>\n","protected":false},"excerpt":{"rendered":"<p>Pasadas las 18, el presidente&nbsp;Javier Milei&nbsp;parti\u00f3 hacia el Foro Econ\u00f3mico de Davos junto a la canciller Diana Mondino; el ministro de Econom\u00eda, Luis Caputo y el jefe de Gabinete, Nicol\u00e1s&hellip;<\/p>\n","protected":false},"author":3,"featured_media":251145,"comment_status":"closed","ping_status":"open","sticky":false,"template":"","format":"standard","meta":{"_acf_changed":false,"footnotes":""},"categories":[1,8],"tags":[],"class_list":["post-251142","post","type-post","status-publish","format-standard","has-post-thumbnail","hentry","category-es-noticia","category-politica"],"acf":[],"yoast_head":"<!-- This site is optimized with the Yoast SEO plugin v27.5 - https:\/\/yoast.com\/product\/yoast-seo-wordpress\/ -->\n<title>Milei parti\u00f3 hacia Davos junto a Caputo, Posse y Mondino - Diario Textual<\/title>\n<meta name=\"robots\" content=\"index, follow, max-snippet:-1, max-image-preview:large, max-video-preview:-1\" \/>\n<link rel=\"canonical\" href=\"https:\/\/diariotextual.com\/inicio\/index.php\/2024\/01\/15\/milei-partio-hacia-davos-junto-a-caputo-posse-y-mondino\/\" \/>\n<meta property=\"og:locale\" content=\"es_ES\" \/>\n<meta property=\"og:type\" content=\"article\" \/>\n<meta property=\"og:title\" content=\"Milei parti\u00f3 hacia Davos junto a Caputo, Posse y Mondino - Diario Textual\" \/>\n<meta property=\"og:description\" content=\"Pasadas las 18, el presidente&nbsp;Javier Milei&nbsp;parti\u00f3 hacia el Foro Econ\u00f3mico de Davos junto a la canciller Diana Mondino; el ministro de Econom\u00eda, Luis Caputo y el jefe de Gabinete, Nicol\u00e1s&hellip;\" \/>\n<meta property=\"og:url\" content=\"https:\/\/diariotextual.com\/inicio\/index.php\/2024\/01\/15\/milei-partio-hacia-davos-junto-a-caputo-posse-y-mondino\/\" \/>\n<meta property=\"og:site_name\" content=\"Diario Textual\" \/>\n<meta property=\"article:publisher\" content=\"https:\/\/www.facebook.com\/eltextual\" \/>\n<meta property=\"article:published_time\" content=\"2024-01-15T22:27:25+00:00\" \/>\n<meta property=\"article:modified_time\" content=\"2024-01-16T10:32:28+00:00\" \/>\n<meta property=\"og:image\" content=\"https:\/\/diariotextual.com\/inicio\/wp-content\/uploads\/2024\/01\/mileijavierdavs2024-78.jpg\" \/>\n\t<meta property=\"og:image:width\" content=\"1522\" \/>\n\t<meta property=\"og:image:height\" content=\"999\" \/>\n\t<meta property=\"og:image:type\" content=\"image\/jpeg\" \/>\n<meta name=\"author\" content=\"Diario1 Diario1\" \/>\n<meta name=\"twitter:card\" content=\"summary_large_image\" \/>\n<meta name=\"twitter:creator\" content=\"@eltextual\" \/>\n<meta name=\"twitter:site\" content=\"@eltextual\" \/>\n<meta name=\"twitter:label1\" content=\"Escrito por\" \/>\n\t<meta name=\"twitter:data1\" content=\"Diario1 Diario1\" \/>\n\t<meta name=\"twitter:label2\" content=\"Tiempo de lectura\" \/>\n\t<meta name=\"twitter:data2\" content=\"2 minutos\" \/>\n<script type=\"application\/ld+json\" class=\"yoast-schema-graph\">{\"@context\":\"https:\\\/\\\/schema.org\",\"@graph\":[{\"@type\":\"Article\",\"@id\":\"https:\\\/\\\/diariotextual.com\\\/inicio\\\/index.php\\\/2024\\\/01\\\/15\\\/milei-partio-hacia-davos-junto-a-caputo-posse-y-mondino\\\/#article\",\"isPartOf\":{\"@id\":\"https:\\\/\\\/diariotextual.com\\\/inicio\\\/index.php\\\/2024\\\/01\\\/15\\\/milei-partio-hacia-davos-junto-a-caputo-posse-y-mondino\\\/\"},\"author\":{\"name\":\"Diario1 Diario1\",\"@id\":\"https:\\\/\\\/diariotextual.com\\\/inicio\\\/#\\\/schema\\\/person\\\/418fc4093c33e86ed41562db3508f958\"},\"headline\":\"Milei parti\u00f3 hacia Davos junto a Caputo, Posse y Mondino\",\"datePublished\":\"2024-01-15T22:27:25+00:00\",\"dateModified\":\"2024-01-16T10:32:28+00:00\",\"mainEntityOfPage\":{\"@id\":\"https:\\\/\\\/diariotextual.com\\\/inicio\\\/index.php\\\/2024\\\/01\\\/15\\\/milei-partio-hacia-davos-junto-a-caputo-posse-y-mondino\\\/\"},\"wordCount\":246,\"publisher\":{\"@id\":\"https:\\\/\\\/diariotextual.com\\\/inicio\\\/#organization\"},\"image\":{\"@id\":\"https:\\\/\\\/diariotextual.com\\\/inicio\\\/index.php\\\/2024\\\/01\\\/15\\\/milei-partio-hacia-davos-junto-a-caputo-posse-y-mondino\\\/#primaryimage\"},\"thumbnailUrl\":\"https:\\\/\\\/diariotextual.com\\\/inicio\\\/wp-content\\\/uploads\\\/2024\\\/01\\\/mileijavierdavs2024-78.jpg\",\"articleSection\":[\"A - ES NOTICIA (van abajo)\",\"POLITICA\"],\"inLanguage\":\"es\"},{\"@type\":\"WebPage\",\"@id\":\"https:\\\/\\\/diariotextual.com\\\/inicio\\\/index.php\\\/2024\\\/01\\\/15\\\/milei-partio-hacia-davos-junto-a-caputo-posse-y-mondino\\\/\",\"url\":\"https:\\\/\\\/diariotextual.com\\\/inicio\\\/index.php\\\/2024\\\/01\\\/15\\\/milei-partio-hacia-davos-junto-a-caputo-posse-y-mondino\\\/\",\"name\":\"Milei parti\u00f3 hacia Davos junto a Caputo, Posse y Mondino - Diario Textual\",\"isPartOf\":{\"@id\":\"https:\\\/\\\/diariotextual.com\\\/inicio\\\/#website\"},\"primaryImageOfPage\":{\"@id\":\"https:\\\/\\\/diariotextual.com\\\/inicio\\\/index.php\\\/2024\\\/01\\\/15\\\/milei-partio-hacia-davos-junto-a-caputo-posse-y-mondino\\\/#primaryimage\"},\"image\":{\"@id\":\"https:\\\/\\\/diariotextual.com\\\/inicio\\\/index.php\\\/2024\\\/01\\\/15\\\/milei-partio-hacia-davos-junto-a-caputo-posse-y-mondino\\\/#primaryimage\"},\"thumbnailUrl\":\"https:\\\/\\\/diariotextual.com\\\/inicio\\\/wp-content\\\/uploads\\\/2024\\\/01\\\/mileijavierdavs2024-78.jpg\",\"datePublished\":\"2024-01-15T22:27:25+00:00\",\"dateModified\":\"2024-01-16T10:32:28+00:00\",\"breadcrumb\":{\"@id\":\"https:\\\/\\\/diariotextual.com\\\/inicio\\\/index.php\\\/2024\\\/01\\\/15\\\/milei-partio-hacia-davos-junto-a-caputo-posse-y-mondino\\\/#breadcrumb\"},\"inLanguage\":\"es\",\"potentialAction\":[{\"@type\":\"ReadAction\",\"target\":[\"https:\\\/\\\/diariotextual.com\\\/inicio\\\/index.php\\\/2024\\\/01\\\/15\\\/milei-partio-hacia-davos-junto-a-caputo-posse-y-mondino\\\/\"]}]},{\"@type\":\"ImageObject\",\"inLanguage\":\"es\",\"@id\":\"https:\\\/\\\/diariotextual.com\\\/inicio\\\/index.php\\\/2024\\\/01\\\/15\\\/milei-partio-hacia-davos-junto-a-caputo-posse-y-mondino\\\/#primaryimage\",\"url\":\"https:\\\/\\\/diariotextual.com\\\/inicio\\\/wp-content\\\/uploads\\\/2024\\\/01\\\/mileijavierdavs2024-78.jpg\",\"contentUrl\":\"https:\\\/\\\/diariotextual.com\\\/inicio\\\/wp-content\\\/uploads\\\/2024\\\/01\\\/mileijavierdavs2024-78.jpg\",\"width\":1522,\"height\":999},{\"@type\":\"BreadcrumbList\",\"@id\":\"https:\\\/\\\/diariotextual.com\\\/inicio\\\/index.php\\\/2024\\\/01\\\/15\\\/milei-partio-hacia-davos-junto-a-caputo-posse-y-mondino\\\/#breadcrumb\",\"itemListElement\":[{\"@type\":\"ListItem\",\"position\":1,\"name\":\"Portada\",\"item\":\"https:\\\/\\\/diariotextual.com\\\/inicio\\\/\"},{\"@type\":\"ListItem\",\"position\":2,\"name\":\"Milei parti\u00f3 hacia Davos junto a Caputo, Posse y Mondino\"}]},{\"@type\":\"WebSite\",\"@id\":\"https:\\\/\\\/diariotextual.com\\\/inicio\\\/#website\",\"url\":\"https:\\\/\\\/diariotextual.com\\\/inicio\\\/\",\"name\":\"Diario Textual\",\"description\":\"\",\"publisher\":{\"@id\":\"https:\\\/\\\/diariotextual.com\\\/inicio\\\/#organization\"},\"potentialAction\":[{\"@type\":\"SearchAction\",\"target\":{\"@type\":\"EntryPoint\",\"urlTemplate\":\"https:\\\/\\\/diariotextual.com\\\/inicio\\\/?s={search_term_string}\"},\"query-input\":{\"@type\":\"PropertyValueSpecification\",\"valueRequired\":true,\"valueName\":\"search_term_string\"}}],\"inLanguage\":\"es\"},{\"@type\":\"Organization\",\"@id\":\"https:\\\/\\\/diariotextual.com\\\/inicio\\\/#organization\",\"name\":\"Diario Textual\",\"url\":\"https:\\\/\\\/diariotextual.com\\\/inicio\\\/\",\"logo\":{\"@type\":\"ImageObject\",\"inLanguage\":\"es\",\"@id\":\"https:\\\/\\\/diariotextual.com\\\/inicio\\\/#\\\/schema\\\/logo\\\/image\\\/\",\"url\":\"https:\\\/\\\/diariotextual.com\\\/inicio\\\/wp-content\\\/uploads\\\/2023\\\/05\\\/logotextual1.jpg\",\"contentUrl\":\"https:\\\/\\\/diariotextual.com\\\/inicio\\\/wp-content\\\/uploads\\\/2023\\\/05\\\/logotextual1.jpg\",\"width\":516,\"height\":76,\"caption\":\"Diario Textual\"},\"image\":{\"@id\":\"https:\\\/\\\/diariotextual.com\\\/inicio\\\/#\\\/schema\\\/logo\\\/image\\\/\"},\"sameAs\":[\"https:\\\/\\\/www.facebook.com\\\/eltextual\",\"https:\\\/\\\/x.com\\\/eltextual\",\"http:\\\/\\\/www.instagram.com\\\/eltextual\"]},{\"@type\":\"Person\",\"@id\":\"https:\\\/\\\/diariotextual.com\\\/inicio\\\/#\\\/schema\\\/person\\\/418fc4093c33e86ed41562db3508f958\",\"name\":\"Diario1 Diario1\",\"image\":{\"@type\":\"ImageObject\",\"inLanguage\":\"es\",\"@id\":\"https:\\\/\\\/secure.gravatar.com\\\/avatar\\\/9167d280179c85bc18be67aa7eda765854300033af4896dd779b608640f2ef7a?s=96&d=mm&r=g\",\"url\":\"https:\\\/\\\/secure.gravatar.com\\\/avatar\\\/9167d280179c85bc18be67aa7eda765854300033af4896dd779b608640f2ef7a?s=96&d=mm&r=g\",\"contentUrl\":\"https:\\\/\\\/secure.gravatar.com\\\/avatar\\\/9167d280179c85bc18be67aa7eda765854300033af4896dd779b608640f2ef7a?s=96&d=mm&r=g\",\"caption\":\"Diario1 Diario1\"},\"url\":\"https:\\\/\\\/diariotextual.com\\\/inicio\\\/index.php\\\/author\\\/diario1\\\/\"}]}<\/script>\n<!-- \/ Yoast SEO plugin. -->","yoast_head_json":{"title":"Milei parti\u00f3 hacia Davos junto a Caputo, Posse y Mondino - Diario Textual","robots":{"index":"index","follow":"follow","max-snippet":"max-snippet:-1","max-image-preview":"max-image-preview:large","max-video-preview":"max-video-preview:-1"},"canonical":"https:\/\/diariotextual.com\/inicio\/index.php\/2024\/01\/15\/milei-partio-hacia-davos-junto-a-caputo-posse-y-mondino\/","og_locale":"es_ES","og_type":"article","og_title":"Milei parti\u00f3 hacia Davos junto a Caputo, Posse y Mondino - Diario Textual","og_description":"Pasadas las 18, el presidente&nbsp;Javier Milei&nbsp;parti\u00f3 hacia el Foro Econ\u00f3mico de Davos junto a la canciller Diana Mondino; el ministro de Econom\u00eda, Luis Caputo y el jefe de Gabinete, Nicol\u00e1s&hellip;","og_url":"https:\/\/diariotextual.com\/inicio\/index.php\/2024\/01\/15\/milei-partio-hacia-davos-junto-a-caputo-posse-y-mondino\/","og_site_name":"Diario Textual","article_publisher":"https:\/\/www.facebook.com\/eltextual","article_published_time":"2024-01-15T22:27:25+00:00","article_modified_time":"2024-01-16T10:32:28+00:00","og_image":[{"width":1522,"height":999,"url":"https:\/\/diariotextual.com\/inicio\/wp-content\/uploads\/2024\/01\/mileijavierdavs2024-78.jpg","type":"image\/jpeg"}],"author":"Diario1 Diario1","twitter_card":"summary_large_image","twitter_creator":"@eltextual","twitter_site":"@eltextual","twitter_misc":{"Escrito por":"Diario1 Diario1","Tiempo de lectura":"2 minutos"},"schema":{"@context":"https:\/\/schema.org","@graph":[{"@type":"Article","@id":"https:\/\/diariotextual.com\/inicio\/index.php\/2024\/01\/15\/milei-partio-hacia-davos-junto-a-caputo-posse-y-mondino\/#article","isPartOf":{"@id":"https:\/\/diariotextual.com\/inicio\/index.php\/2024\/01\/15\/milei-partio-hacia-davos-junto-a-caputo-posse-y-mondino\/"},"author":{"name":"Diario1 Diario1","@id":"https:\/\/diariotextual.com\/inicio\/#\/schema\/person\/418fc4093c33e86ed41562db3508f958"},"headline":"Milei parti\u00f3 hacia Davos junto a Caputo, Posse y Mondino","datePublished":"2024-01-15T22:27:25+00:00","dateModified":"2024-01-16T10:32:28+00:00","mainEntityOfPage":{"@id":"https:\/\/diariotextual.com\/inicio\/index.php\/2024\/01\/15\/milei-partio-hacia-davos-junto-a-caputo-posse-y-mondino\/"},"wordCount":246,"publisher":{"@id":"https:\/\/diariotextual.com\/inicio\/#organization"},"image":{"@id":"https:\/\/diariotextual.com\/inicio\/index.php\/2024\/01\/15\/milei-partio-hacia-davos-junto-a-caputo-posse-y-mondino\/#primaryimage"},"thumbnailUrl":"https:\/\/diariotextual.com\/inicio\/wp-content\/uploads\/2024\/01\/mileijavierdavs2024-78.jpg","articleSection":["A - ES NOTICIA (van abajo)","POLITICA"],"inLanguage":"es"},{"@type":"WebPage","@id":"https:\/\/diariotextual.com\/inicio\/index.php\/2024\/01\/15\/milei-partio-hacia-davos-junto-a-caputo-posse-y-mondino\/","url":"https:\/\/diariotextual.com\/inicio\/index.php\/2024\/01\/15\/milei-partio-hacia-davos-junto-a-caputo-posse-y-mondino\/","name":"Milei parti\u00f3 hacia Davos junto a Caputo, Posse y Mondino - Diario Textual","isPartOf":{"@id":"https:\/\/diariotextual.com\/inicio\/#website"},"primaryImageOfPage":{"@id":"https:\/\/diariotextual.com\/inicio\/index.php\/2024\/01\/15\/milei-partio-hacia-davos-junto-a-caputo-posse-y-mondino\/#primaryimage"},"image":{"@id":"https:\/\/diariotextual.com\/inicio\/index.php\/2024\/01\/15\/milei-partio-hacia-davos-junto-a-caputo-posse-y-mondino\/#primaryimage"},"thumbnailUrl":"https:\/\/diariotextual.com\/inicio\/wp-content\/uploads\/2024\/01\/mileijavierdavs2024-78.jpg","datePublished":"2024-01-15T22:27:25+00:00","dateModified":"2024-01-16T10:32:28+00:00","breadcrumb":{"@id":"https:\/\/diariotextual.com\/inicio\/index.php\/2024\/01\/15\/milei-partio-hacia-davos-junto-a-caputo-posse-y-mondino\/#breadcrumb"},"inLanguage":"es","potentialAction":[{"@type":"ReadAction","target":["https:\/\/diariotextual.com\/inicio\/index.php\/2024\/01\/15\/milei-partio-hacia-davos-junto-a-caputo-posse-y-mondino\/"]}]},{"@type":"ImageObject","inLanguage":"es","@id":"https:\/\/diariotextual.com\/inicio\/index.php\/2024\/01\/15\/milei-partio-hacia-davos-junto-a-caputo-posse-y-mondino\/#primaryimage","url":"https:\/\/diariotextual.com\/inicio\/wp-content\/uploads\/2024\/01\/mileijavierdavs2024-78.jpg","contentUrl":"https:\/\/diariotextual.com\/inicio\/wp-content\/uploads\/2024\/01\/mileijavierdavs2024-78.jpg","width":1522,"height":999},{"@type":"BreadcrumbList","@id":"https:\/\/diariotextual.com\/inicio\/index.php\/2024\/01\/15\/milei-partio-hacia-davos-junto-a-caputo-posse-y-mondino\/#breadcrumb","itemListElement":[{"@type":"ListItem","position":1,"name":"Portada","item":"https:\/\/diariotextual.com\/inicio\/"},{"@type":"ListItem","position":2,"name":"Milei parti\u00f3 hacia Davos junto a Caputo, Posse y Mondino"}]},{"@type":"WebSite","@id":"https:\/\/diariotextual.com\/inicio\/#website","url":"https:\/\/diariotextual.com\/inicio\/","name":"Diario Textual","description":"","publisher":{"@id":"https:\/\/diariotextual.com\/inicio\/#organization"},"potentialAction":[{"@type":"SearchAction","target":{"@type":"EntryPoint","urlTemplate":"https:\/\/diariotextual.com\/inicio\/?s={search_term_string}"},"query-input":{"@type":"PropertyValueSpecification","valueRequired":true,"valueName":"search_term_string"}}],"inLanguage":"es"},{"@type":"Organization","@id":"https:\/\/diariotextual.com\/inicio\/#organization","name":"Diario Textual","url":"https:\/\/diariotextual.com\/inicio\/","logo":{"@type":"ImageObject","inLanguage":"es","@id":"https:\/\/diariotextual.com\/inicio\/#\/schema\/logo\/image\/","url":"https:\/\/diariotextual.com\/inicio\/wp-content\/uploads\/2023\/05\/logotextual1.jpg","contentUrl":"https:\/\/diariotextual.com\/inicio\/wp-content\/uploads\/2023\/05\/logotextual1.jpg","width":516,"height":76,"caption":"Diario Textual"},"image":{"@id":"https:\/\/diariotextual.com\/inicio\/#\/schema\/logo\/image\/"},"sameAs":["https:\/\/www.facebook.com\/eltextual","https:\/\/x.com\/eltextual","http:\/\/www.instagram.com\/eltextual"]},{"@type":"Person","@id":"https:\/\/diariotextual.com\/inicio\/#\/schema\/person\/418fc4093c33e86ed41562db3508f958","name":"Diario1 Diario1","image":{"@type":"ImageObject","inLanguage":"es","@id":"https:\/\/secure.gravatar.com\/avatar\/9167d280179c85bc18be67aa7eda765854300033af4896dd779b608640f2ef7a?s=96&d=mm&r=g","url":"https:\/\/secure.gravatar.com\/avatar\/9167d280179c85bc18be67aa7eda765854300033af4896dd779b608640f2ef7a?s=96&d=mm&r=g","contentUrl":"https:\/\/secure.gravatar.com\/avatar\/9167d280179c85bc18be67aa7eda765854300033af4896dd779b608640f2ef7a?s=96&d=mm&r=g","caption":"Diario1 Diario1"},"url":"https:\/\/diariotextual.com\/inicio\/index.php\/author\/diario1\/"}]}},"_links":{"self":[{"href":"https:\/\/diariotextual.com\/inicio\/index.php\/wp-json\/wp\/v2\/posts\/251142","targetHints":{"allow":["GET"]}}],"collection":[{"href":"https:\/\/diariotextual.com\/inicio\/index.php\/wp-json\/wp\/v2\/posts"}],"about":[{"href":"https:\/\/diariotextual.com\/inicio\/index.php\/wp-json\/wp\/v2\/types\/post"}],"author":[{"embeddable":true,"href":"https:\/\/diariotextual.com\/inicio\/index.php\/wp-json\/wp\/v2\/users\/3"}],"replies":[{"embeddable":true,"href":"https:\/\/diariotextual.com\/inicio\/index.php\/wp-json\/wp\/v2\/comments?post=251142"}],"version-history":[{"count":2,"href":"https:\/\/diariotextual.com\/inicio\/index.php\/wp-json\/wp\/v2\/posts\/251142\/revisions"}],"predecessor-version":[{"id":251144,"href":"https:\/\/diariotextual.com\/inicio\/index.php\/wp-json\/wp\/v2\/posts\/251142\/revisions\/251144"}],"wp:featuredmedia":[{"embeddable":true,"href":"https:\/\/diariotextual.com\/inicio\/index.php\/wp-json\/wp\/v2\/media\/251145"}],"wp:attachment":[{"href":"https:\/\/diariotextual.com\/inicio\/index.php\/wp-json\/wp\/v2\/media?parent=251142"}],"wp:term":[{"taxonomy":"category","embeddable":true,"href":"https:\/\/diariotextual.com\/inicio\/index.php\/wp-json\/wp\/v2\/categories?post=251142"},{"taxonomy":"post_tag","embeddable":true,"href":"https:\/\/diariotextual.com\/inicio\/index.php\/wp-json\/wp\/v2\/tags?post=251142"}],"curies":[{"name":"wp","href":"https:\/\/api.w.org\/{rel}","templated":true}]}}