{"id":251243,"date":"2024-01-16T21:50:57","date_gmt":"2024-01-17T00:50:57","guid":{"rendered":"https:\/\/diariotextual.com\/inicio\/?p=251243"},"modified":"2024-01-17T05:23:47","modified_gmt":"2024-01-17T08:23:47","slug":"giro-de-milei-bienvenidas-las-monedas-provinciales-a-la-competencia","status":"publish","type":"post","link":"https:\/\/diariotextual.com\/inicio\/index.php\/2024\/01\/16\/giro-de-milei-bienvenidas-las-monedas-provinciales-a-la-competencia\/","title":{"rendered":"Giro de Milei: \u201cBienvenidas las monedas provinciales a la competencia\u201d"},"content":{"rendered":"\n<p>El presidente <strong>Javier Milei<\/strong>, quien d\u00edas atr\u00e1s hab\u00eda dicho que <strong><a href=\"https:\/\/diariotextual.com\/inicio\/index.php\/2024\/01\/14\/dura-critica-de-milei-a-gobernadores-que-amenazan-con-emitir-cuasimonedas-parecen-simios\/\">parec\u00edan \u201csimios\u201d los gobernadores que impulsaban las cuasimonedas<\/a><\/strong>, ahora cambi\u00f3 de ida:<strong> les dio la \u201cbienvenida\u201d a esas emisiones monetarias, aunque les advirti\u00f3 que tendr\u00e1n que competir libremente.<\/strong><\/p>\n\n\n\n<p><\/p>\n\n\n\n<blockquote class=\"twitter-tweet\"><p lang=\"es\" dir=\"ltr\">Pensar que en la campa\u00f1a me trataron de loco por postular un esquema en el que hubiera una libre competencia de monedas y ahora la impulsan&#8230;!!!<br>Bienvenidas las monedas provinciales a la competencia, las cuales, les quiero se\u00f1alar, a diferencia de lo que pas\u00f3 en el pasado, de\u2026 <a href=\"https:\/\/t.co\/R32q3gGiyh\">https:\/\/t.co\/R32q3gGiyh<\/a><\/p>&mdash; Javier Milei (@JMilei) <a href=\"https:\/\/twitter.com\/JMilei\/status\/1747406573004099769?ref_src=twsrc%5Etfw\">January 16, 2024<\/a><\/blockquote> <script async src=\"https:\/\/platform.twitter.com\/widgets.js\" charset=\"utf-8\"><\/script>\n\n\n\n<p><\/p>\n\n\n\n<p><strong>\u201cPensar que en la campa\u00f1a me trataron de loco por postular un esquema en el que hubiera una libre competencia de monedas y ahora la impulsan\u201d<\/strong>, escribi\u00f3 en X.<\/p>\n\n\n\n<p>\u201c<strong>Bienvenidas las monedas provinciales a la competencia, las cuales, les quiero se\u00f1alar, a diferencia de lo que pas\u00f3 en el pasado, de ning\u00fan modo van a ser rescatadas por el Gobierno Nacional<\/strong>\u201d, avis\u00f3.<\/p>\n\n\n\n<p>\u201cAl mismo tiempo, la cotizaci\u00f3n que las mismas tengan respecto a la paridad dar\u00e1 una evaluaci\u00f3n de mercado de la calidad del Gobierno que la emite\u201d, sostuvo.<\/p>\n\n\n\n<p><strong>\u201cPor lo tanto, viva la competencia, viva la libertad carajo\u201d,<\/strong> agreg\u00f3.<\/p>\n\n\n\n<p>Dej\u00f3 finalmente una advertencia. \u201cPD: no dejar de lado que la Naci\u00f3n ha tenido que enfrentar la correcci\u00f3n de un d\u00e9ficit de 15% del PIB, mientras que todas las provincias juntas suman 1% del PIB. Con semejante ventaja, salvo que sean muy malos, tendr\u00edan que cotizar sobre la par lejos&#8230;\u201d, sostuvo.<\/p>\n\n\n\n<p><\/p>\n\n\n\n<p><\/p>\n","protected":false},"excerpt":{"rendered":"<p>El presidente Javier Milei, quien d\u00edas atr\u00e1s hab\u00eda dicho que parec\u00edan \u201csimios\u201d los gobernadores que impulsaban las cuasimonedas, ahora cambi\u00f3 de ida: les dio la \u201cbienvenida\u201d a esas emisiones monetarias,&hellip;<\/p>\n","protected":false},"author":3,"featured_media":249050,"comment_status":"closed","ping_status":"open","sticky":false,"template":"","format":"standard","meta":{"_acf_changed":false,"footnotes":""},"categories":[8],"tags":[],"class_list":["post-251243","post","type-post","status-publish","format-standard","has-post-thumbnail","hentry","category-politica"],"acf":[],"yoast_head":"<!-- This site is optimized with the Yoast SEO plugin v27.5 - https:\/\/yoast.com\/product\/yoast-seo-wordpress\/ -->\n<title>Giro de Milei: \u201cBienvenidas las monedas provinciales a la competencia\u201d - Diario Textual<\/title>\n<meta name=\"robots\" content=\"index, follow, max-snippet:-1, max-image-preview:large, max-video-preview:-1\" \/>\n<link rel=\"canonical\" href=\"https:\/\/diariotextual.com\/inicio\/index.php\/2024\/01\/16\/giro-de-milei-bienvenidas-las-monedas-provinciales-a-la-competencia\/\" \/>\n<meta property=\"og:locale\" content=\"es_ES\" \/>\n<meta property=\"og:type\" content=\"article\" \/>\n<meta property=\"og:title\" content=\"Giro de Milei: \u201cBienvenidas las monedas provinciales a la competencia\u201d - Diario Textual\" \/>\n<meta property=\"og:description\" content=\"El presidente Javier Milei, quien d\u00edas atr\u00e1s hab\u00eda dicho que parec\u00edan \u201csimios\u201d los gobernadores que impulsaban las cuasimonedas, ahora cambi\u00f3 de ida: les dio la \u201cbienvenida\u201d a esas emisiones monetarias,&hellip;\" \/>\n<meta property=\"og:url\" content=\"https:\/\/diariotextual.com\/inicio\/index.php\/2024\/01\/16\/giro-de-milei-bienvenidas-las-monedas-provinciales-a-la-competencia\/\" \/>\n<meta property=\"og:site_name\" content=\"Diario Textual\" \/>\n<meta property=\"article:publisher\" content=\"https:\/\/www.facebook.com\/eltextual\" \/>\n<meta property=\"article:published_time\" content=\"2024-01-17T00:50:57+00:00\" \/>\n<meta property=\"article:modified_time\" content=\"2024-01-17T08:23:47+00:00\" \/>\n<meta property=\"og:image\" content=\"https:\/\/diariotextual.com\/inicio\/wp-content\/uploads\/2023\/12\/mileijavier2023-345.webp\" \/>\n\t<meta property=\"og:image:width\" content=\"1080\" \/>\n\t<meta property=\"og:image:height\" content=\"720\" \/>\n\t<meta property=\"og:image:type\" content=\"image\/webp\" \/>\n<meta name=\"author\" content=\"Diario1 Diario1\" \/>\n<meta name=\"twitter:card\" content=\"summary_large_image\" \/>\n<meta name=\"twitter:creator\" content=\"@eltextual\" \/>\n<meta name=\"twitter:site\" content=\"@eltextual\" \/>\n<meta name=\"twitter:label1\" content=\"Escrito por\" \/>\n\t<meta name=\"twitter:data1\" content=\"Diario1 Diario1\" \/>\n\t<meta name=\"twitter:label2\" content=\"Tiempo de lectura\" \/>\n\t<meta name=\"twitter:data2\" content=\"2 minutos\" \/>\n<script type=\"application\/ld+json\" class=\"yoast-schema-graph\">{\"@context\":\"https:\\\/\\\/schema.org\",\"@graph\":[{\"@type\":\"Article\",\"@id\":\"https:\\\/\\\/diariotextual.com\\\/inicio\\\/index.php\\\/2024\\\/01\\\/16\\\/giro-de-milei-bienvenidas-las-monedas-provinciales-a-la-competencia\\\/#article\",\"isPartOf\":{\"@id\":\"https:\\\/\\\/diariotextual.com\\\/inicio\\\/index.php\\\/2024\\\/01\\\/16\\\/giro-de-milei-bienvenidas-las-monedas-provinciales-a-la-competencia\\\/\"},\"author\":{\"name\":\"Diario1 Diario1\",\"@id\":\"https:\\\/\\\/diariotextual.com\\\/inicio\\\/#\\\/schema\\\/person\\\/418fc4093c33e86ed41562db3508f958\"},\"headline\":\"Giro de Milei: \u201cBienvenidas las monedas provinciales a la competencia\u201d\",\"datePublished\":\"2024-01-17T00:50:57+00:00\",\"dateModified\":\"2024-01-17T08:23:47+00:00\",\"mainEntityOfPage\":{\"@id\":\"https:\\\/\\\/diariotextual.com\\\/inicio\\\/index.php\\\/2024\\\/01\\\/16\\\/giro-de-milei-bienvenidas-las-monedas-provinciales-a-la-competencia\\\/\"},\"wordCount\":272,\"publisher\":{\"@id\":\"https:\\\/\\\/diariotextual.com\\\/inicio\\\/#organization\"},\"image\":{\"@id\":\"https:\\\/\\\/diariotextual.com\\\/inicio\\\/index.php\\\/2024\\\/01\\\/16\\\/giro-de-milei-bienvenidas-las-monedas-provinciales-a-la-competencia\\\/#primaryimage\"},\"thumbnailUrl\":\"https:\\\/\\\/diariotextual.com\\\/inicio\\\/wp-content\\\/uploads\\\/2023\\\/12\\\/mileijavier2023-345.webp\",\"articleSection\":[\"POLITICA\"],\"inLanguage\":\"es\"},{\"@type\":\"WebPage\",\"@id\":\"https:\\\/\\\/diariotextual.com\\\/inicio\\\/index.php\\\/2024\\\/01\\\/16\\\/giro-de-milei-bienvenidas-las-monedas-provinciales-a-la-competencia\\\/\",\"url\":\"https:\\\/\\\/diariotextual.com\\\/inicio\\\/index.php\\\/2024\\\/01\\\/16\\\/giro-de-milei-bienvenidas-las-monedas-provinciales-a-la-competencia\\\/\",\"name\":\"Giro de Milei: \u201cBienvenidas las monedas provinciales a la competencia\u201d - Diario Textual\",\"isPartOf\":{\"@id\":\"https:\\\/\\\/diariotextual.com\\\/inicio\\\/#website\"},\"primaryImageOfPage\":{\"@id\":\"https:\\\/\\\/diariotextual.com\\\/inicio\\\/index.php\\\/2024\\\/01\\\/16\\\/giro-de-milei-bienvenidas-las-monedas-provinciales-a-la-competencia\\\/#primaryimage\"},\"image\":{\"@id\":\"https:\\\/\\\/diariotextual.com\\\/inicio\\\/index.php\\\/2024\\\/01\\\/16\\\/giro-de-milei-bienvenidas-las-monedas-provinciales-a-la-competencia\\\/#primaryimage\"},\"thumbnailUrl\":\"https:\\\/\\\/diariotextual.com\\\/inicio\\\/wp-content\\\/uploads\\\/2023\\\/12\\\/mileijavier2023-345.webp\",\"datePublished\":\"2024-01-17T00:50:57+00:00\",\"dateModified\":\"2024-01-17T08:23:47+00:00\",\"breadcrumb\":{\"@id\":\"https:\\\/\\\/diariotextual.com\\\/inicio\\\/index.php\\\/2024\\\/01\\\/16\\\/giro-de-milei-bienvenidas-las-monedas-provinciales-a-la-competencia\\\/#breadcrumb\"},\"inLanguage\":\"es\",\"potentialAction\":[{\"@type\":\"ReadAction\",\"target\":[\"https:\\\/\\\/diariotextual.com\\\/inicio\\\/index.php\\\/2024\\\/01\\\/16\\\/giro-de-milei-bienvenidas-las-monedas-provinciales-a-la-competencia\\\/\"]}]},{\"@type\":\"ImageObject\",\"inLanguage\":\"es\",\"@id\":\"https:\\\/\\\/diariotextual.com\\\/inicio\\\/index.php\\\/2024\\\/01\\\/16\\\/giro-de-milei-bienvenidas-las-monedas-provinciales-a-la-competencia\\\/#primaryimage\",\"url\":\"https:\\\/\\\/diariotextual.com\\\/inicio\\\/wp-content\\\/uploads\\\/2023\\\/12\\\/mileijavier2023-345.webp\",\"contentUrl\":\"https:\\\/\\\/diariotextual.com\\\/inicio\\\/wp-content\\\/uploads\\\/2023\\\/12\\\/mileijavier2023-345.webp\",\"width\":1080,\"height\":720},{\"@type\":\"BreadcrumbList\",\"@id\":\"https:\\\/\\\/diariotextual.com\\\/inicio\\\/index.php\\\/2024\\\/01\\\/16\\\/giro-de-milei-bienvenidas-las-monedas-provinciales-a-la-competencia\\\/#breadcrumb\",\"itemListElement\":[{\"@type\":\"ListItem\",\"position\":1,\"name\":\"Portada\",\"item\":\"https:\\\/\\\/diariotextual.com\\\/inicio\\\/\"},{\"@type\":\"ListItem\",\"position\":2,\"name\":\"Giro de Milei: \u201cBienvenidas las monedas provinciales a la competencia\u201d\"}]},{\"@type\":\"WebSite\",\"@id\":\"https:\\\/\\\/diariotextual.com\\\/inicio\\\/#website\",\"url\":\"https:\\\/\\\/diariotextual.com\\\/inicio\\\/\",\"name\":\"Diario Textual\",\"description\":\"\",\"publisher\":{\"@id\":\"https:\\\/\\\/diariotextual.com\\\/inicio\\\/#organization\"},\"potentialAction\":[{\"@type\":\"SearchAction\",\"target\":{\"@type\":\"EntryPoint\",\"urlTemplate\":\"https:\\\/\\\/diariotextual.com\\\/inicio\\\/?s={search_term_string}\"},\"query-input\":{\"@type\":\"PropertyValueSpecification\",\"valueRequired\":true,\"valueName\":\"search_term_string\"}}],\"inLanguage\":\"es\"},{\"@type\":\"Organization\",\"@id\":\"https:\\\/\\\/diariotextual.com\\\/inicio\\\/#organization\",\"name\":\"Diario Textual\",\"url\":\"https:\\\/\\\/diariotextual.com\\\/inicio\\\/\",\"logo\":{\"@type\":\"ImageObject\",\"inLanguage\":\"es\",\"@id\":\"https:\\\/\\\/diariotextual.com\\\/inicio\\\/#\\\/schema\\\/logo\\\/image\\\/\",\"url\":\"https:\\\/\\\/diariotextual.com\\\/inicio\\\/wp-content\\\/uploads\\\/2023\\\/05\\\/logotextual1.jpg\",\"contentUrl\":\"https:\\\/\\\/diariotextual.com\\\/inicio\\\/wp-content\\\/uploads\\\/2023\\\/05\\\/logotextual1.jpg\",\"width\":516,\"height\":76,\"caption\":\"Diario Textual\"},\"image\":{\"@id\":\"https:\\\/\\\/diariotextual.com\\\/inicio\\\/#\\\/schema\\\/logo\\\/image\\\/\"},\"sameAs\":[\"https:\\\/\\\/www.facebook.com\\\/eltextual\",\"https:\\\/\\\/x.com\\\/eltextual\",\"http:\\\/\\\/www.instagram.com\\\/eltextual\"]},{\"@type\":\"Person\",\"@id\":\"https:\\\/\\\/diariotextual.com\\\/inicio\\\/#\\\/schema\\\/person\\\/418fc4093c33e86ed41562db3508f958\",\"name\":\"Diario1 Diario1\",\"image\":{\"@type\":\"ImageObject\",\"inLanguage\":\"es\",\"@id\":\"https:\\\/\\\/secure.gravatar.com\\\/avatar\\\/9167d280179c85bc18be67aa7eda765854300033af4896dd779b608640f2ef7a?s=96&d=mm&r=g\",\"url\":\"https:\\\/\\\/secure.gravatar.com\\\/avatar\\\/9167d280179c85bc18be67aa7eda765854300033af4896dd779b608640f2ef7a?s=96&d=mm&r=g\",\"contentUrl\":\"https:\\\/\\\/secure.gravatar.com\\\/avatar\\\/9167d280179c85bc18be67aa7eda765854300033af4896dd779b608640f2ef7a?s=96&d=mm&r=g\",\"caption\":\"Diario1 Diario1\"},\"url\":\"https:\\\/\\\/diariotextual.com\\\/inicio\\\/index.php\\\/author\\\/diario1\\\/\"}]}<\/script>\n<!-- \/ Yoast SEO plugin. -->","yoast_head_json":{"title":"Giro de Milei: \u201cBienvenidas las monedas provinciales a la competencia\u201d - Diario Textual","robots":{"index":"index","follow":"follow","max-snippet":"max-snippet:-1","max-image-preview":"max-image-preview:large","max-video-preview":"max-video-preview:-1"},"canonical":"https:\/\/diariotextual.com\/inicio\/index.php\/2024\/01\/16\/giro-de-milei-bienvenidas-las-monedas-provinciales-a-la-competencia\/","og_locale":"es_ES","og_type":"article","og_title":"Giro de Milei: \u201cBienvenidas las monedas provinciales a la competencia\u201d - Diario Textual","og_description":"El presidente Javier Milei, quien d\u00edas atr\u00e1s hab\u00eda dicho que parec\u00edan \u201csimios\u201d los gobernadores que impulsaban las cuasimonedas, ahora cambi\u00f3 de ida: les dio la \u201cbienvenida\u201d a esas emisiones monetarias,&hellip;","og_url":"https:\/\/diariotextual.com\/inicio\/index.php\/2024\/01\/16\/giro-de-milei-bienvenidas-las-monedas-provinciales-a-la-competencia\/","og_site_name":"Diario Textual","article_publisher":"https:\/\/www.facebook.com\/eltextual","article_published_time":"2024-01-17T00:50:57+00:00","article_modified_time":"2024-01-17T08:23:47+00:00","og_image":[{"width":1080,"height":720,"url":"https:\/\/diariotextual.com\/inicio\/wp-content\/uploads\/2023\/12\/mileijavier2023-345.webp","type":"image\/webp"}],"author":"Diario1 Diario1","twitter_card":"summary_large_image","twitter_creator":"@eltextual","twitter_site":"@eltextual","twitter_misc":{"Escrito por":"Diario1 Diario1","Tiempo de lectura":"2 minutos"},"schema":{"@context":"https:\/\/schema.org","@graph":[{"@type":"Article","@id":"https:\/\/diariotextual.com\/inicio\/index.php\/2024\/01\/16\/giro-de-milei-bienvenidas-las-monedas-provinciales-a-la-competencia\/#article","isPartOf":{"@id":"https:\/\/diariotextual.com\/inicio\/index.php\/2024\/01\/16\/giro-de-milei-bienvenidas-las-monedas-provinciales-a-la-competencia\/"},"author":{"name":"Diario1 Diario1","@id":"https:\/\/diariotextual.com\/inicio\/#\/schema\/person\/418fc4093c33e86ed41562db3508f958"},"headline":"Giro de Milei: \u201cBienvenidas las monedas provinciales a la competencia\u201d","datePublished":"2024-01-17T00:50:57+00:00","dateModified":"2024-01-17T08:23:47+00:00","mainEntityOfPage":{"@id":"https:\/\/diariotextual.com\/inicio\/index.php\/2024\/01\/16\/giro-de-milei-bienvenidas-las-monedas-provinciales-a-la-competencia\/"},"wordCount":272,"publisher":{"@id":"https:\/\/diariotextual.com\/inicio\/#organization"},"image":{"@id":"https:\/\/diariotextual.com\/inicio\/index.php\/2024\/01\/16\/giro-de-milei-bienvenidas-las-monedas-provinciales-a-la-competencia\/#primaryimage"},"thumbnailUrl":"https:\/\/diariotextual.com\/inicio\/wp-content\/uploads\/2023\/12\/mileijavier2023-345.webp","articleSection":["POLITICA"],"inLanguage":"es"},{"@type":"WebPage","@id":"https:\/\/diariotextual.com\/inicio\/index.php\/2024\/01\/16\/giro-de-milei-bienvenidas-las-monedas-provinciales-a-la-competencia\/","url":"https:\/\/diariotextual.com\/inicio\/index.php\/2024\/01\/16\/giro-de-milei-bienvenidas-las-monedas-provinciales-a-la-competencia\/","name":"Giro de Milei: \u201cBienvenidas las monedas provinciales a la competencia\u201d - Diario Textual","isPartOf":{"@id":"https:\/\/diariotextual.com\/inicio\/#website"},"primaryImageOfPage":{"@id":"https:\/\/diariotextual.com\/inicio\/index.php\/2024\/01\/16\/giro-de-milei-bienvenidas-las-monedas-provinciales-a-la-competencia\/#primaryimage"},"image":{"@id":"https:\/\/diariotextual.com\/inicio\/index.php\/2024\/01\/16\/giro-de-milei-bienvenidas-las-monedas-provinciales-a-la-competencia\/#primaryimage"},"thumbnailUrl":"https:\/\/diariotextual.com\/inicio\/wp-content\/uploads\/2023\/12\/mileijavier2023-345.webp","datePublished":"2024-01-17T00:50:57+00:00","dateModified":"2024-01-17T08:23:47+00:00","breadcrumb":{"@id":"https:\/\/diariotextual.com\/inicio\/index.php\/2024\/01\/16\/giro-de-milei-bienvenidas-las-monedas-provinciales-a-la-competencia\/#breadcrumb"},"inLanguage":"es","potentialAction":[{"@type":"ReadAction","target":["https:\/\/diariotextual.com\/inicio\/index.php\/2024\/01\/16\/giro-de-milei-bienvenidas-las-monedas-provinciales-a-la-competencia\/"]}]},{"@type":"ImageObject","inLanguage":"es","@id":"https:\/\/diariotextual.com\/inicio\/index.php\/2024\/01\/16\/giro-de-milei-bienvenidas-las-monedas-provinciales-a-la-competencia\/#primaryimage","url":"https:\/\/diariotextual.com\/inicio\/wp-content\/uploads\/2023\/12\/mileijavier2023-345.webp","contentUrl":"https:\/\/diariotextual.com\/inicio\/wp-content\/uploads\/2023\/12\/mileijavier2023-345.webp","width":1080,"height":720},{"@type":"BreadcrumbList","@id":"https:\/\/diariotextual.com\/inicio\/index.php\/2024\/01\/16\/giro-de-milei-bienvenidas-las-monedas-provinciales-a-la-competencia\/#breadcrumb","itemListElement":[{"@type":"ListItem","position":1,"name":"Portada","item":"https:\/\/diariotextual.com\/inicio\/"},{"@type":"ListItem","position":2,"name":"Giro de Milei: \u201cBienvenidas las monedas provinciales a la competencia\u201d"}]},{"@type":"WebSite","@id":"https:\/\/diariotextual.com\/inicio\/#website","url":"https:\/\/diariotextual.com\/inicio\/","name":"Diario Textual","description":"","publisher":{"@id":"https:\/\/diariotextual.com\/inicio\/#organization"},"potentialAction":[{"@type":"SearchAction","target":{"@type":"EntryPoint","urlTemplate":"https:\/\/diariotextual.com\/inicio\/?s={search_term_string}"},"query-input":{"@type":"PropertyValueSpecification","valueRequired":true,"valueName":"search_term_string"}}],"inLanguage":"es"},{"@type":"Organization","@id":"https:\/\/diariotextual.com\/inicio\/#organization","name":"Diario Textual","url":"https:\/\/diariotextual.com\/inicio\/","logo":{"@type":"ImageObject","inLanguage":"es","@id":"https:\/\/diariotextual.com\/inicio\/#\/schema\/logo\/image\/","url":"https:\/\/diariotextual.com\/inicio\/wp-content\/uploads\/2023\/05\/logotextual1.jpg","contentUrl":"https:\/\/diariotextual.com\/inicio\/wp-content\/uploads\/2023\/05\/logotextual1.jpg","width":516,"height":76,"caption":"Diario Textual"},"image":{"@id":"https:\/\/diariotextual.com\/inicio\/#\/schema\/logo\/image\/"},"sameAs":["https:\/\/www.facebook.com\/eltextual","https:\/\/x.com\/eltextual","http:\/\/www.instagram.com\/eltextual"]},{"@type":"Person","@id":"https:\/\/diariotextual.com\/inicio\/#\/schema\/person\/418fc4093c33e86ed41562db3508f958","name":"Diario1 Diario1","image":{"@type":"ImageObject","inLanguage":"es","@id":"https:\/\/secure.gravatar.com\/avatar\/9167d280179c85bc18be67aa7eda765854300033af4896dd779b608640f2ef7a?s=96&d=mm&r=g","url":"https:\/\/secure.gravatar.com\/avatar\/9167d280179c85bc18be67aa7eda765854300033af4896dd779b608640f2ef7a?s=96&d=mm&r=g","contentUrl":"https:\/\/secure.gravatar.com\/avatar\/9167d280179c85bc18be67aa7eda765854300033af4896dd779b608640f2ef7a?s=96&d=mm&r=g","caption":"Diario1 Diario1"},"url":"https:\/\/diariotextual.com\/inicio\/index.php\/author\/diario1\/"}]}},"_links":{"self":[{"href":"https:\/\/diariotextual.com\/inicio\/index.php\/wp-json\/wp\/v2\/posts\/251243","targetHints":{"allow":["GET"]}}],"collection":[{"href":"https:\/\/diariotextual.com\/inicio\/index.php\/wp-json\/wp\/v2\/posts"}],"about":[{"href":"https:\/\/diariotextual.com\/inicio\/index.php\/wp-json\/wp\/v2\/types\/post"}],"author":[{"embeddable":true,"href":"https:\/\/diariotextual.com\/inicio\/index.php\/wp-json\/wp\/v2\/users\/3"}],"replies":[{"embeddable":true,"href":"https:\/\/diariotextual.com\/inicio\/index.php\/wp-json\/wp\/v2\/comments?post=251243"}],"version-history":[{"count":1,"href":"https:\/\/diariotextual.com\/inicio\/index.php\/wp-json\/wp\/v2\/posts\/251243\/revisions"}],"predecessor-version":[{"id":251244,"href":"https:\/\/diariotextual.com\/inicio\/index.php\/wp-json\/wp\/v2\/posts\/251243\/revisions\/251244"}],"wp:featuredmedia":[{"embeddable":true,"href":"https:\/\/diariotextual.com\/inicio\/index.php\/wp-json\/wp\/v2\/media\/249050"}],"wp:attachment":[{"href":"https:\/\/diariotextual.com\/inicio\/index.php\/wp-json\/wp\/v2\/media?parent=251243"}],"wp:term":[{"taxonomy":"category","embeddable":true,"href":"https:\/\/diariotextual.com\/inicio\/index.php\/wp-json\/wp\/v2\/categories?post=251243"},{"taxonomy":"post_tag","embeddable":true,"href":"https:\/\/diariotextual.com\/inicio\/index.php\/wp-json\/wp\/v2\/tags?post=251243"}],"curies":[{"name":"wp","href":"https:\/\/api.w.org\/{rel}","templated":true}]}}