{"id":251245,"date":"2024-01-17T07:39:41","date_gmt":"2024-01-17T10:39:41","guid":{"rendered":"https:\/\/diariotextual.com\/inicio\/?p=251245"},"modified":"2024-01-17T12:29:36","modified_gmt":"2024-01-17T15:29:36","slug":"milei-habla-hoy-en-davos-y-planteara-las-ideas-de-la-libertad","status":"publish","type":"post","link":"https:\/\/diariotextual.com\/inicio\/index.php\/2024\/01\/17\/milei-habla-hoy-en-davos-y-planteara-las-ideas-de-la-libertad\/","title":{"rendered":"Milei habla hoy en Davos y plantear\u00e1 \u201clas ideas de la libertad\u201d"},"content":{"rendered":"\n<p>El presidente Javier Milei participar\u00e1 este mi\u00e9rcoles del Foro Econ\u00f3mico Mundial al que asistir\u00e1n mandatarios de diversos pa\u00edses y economistas de todo el mundo, a la vez que sostendr\u00e1 audiencias con autoridades del Fondo Monetario Internacional (FMI).<\/p>\n\n\n\n<p>Milei, quien parti\u00f3 desde Ezeiza el lunes a las 18.21 en un vuelo de Lufthansa, arrib\u00f3 este martes a Frankfurt (Alemania) a las 7.05 (hora argentina), y luego se dirigi\u00f3 por v\u00eda a\u00e9rea a Zurich (Suiza), desde donde traslad\u00f3 por carretera a Davos, una localidad de 11.000 habitantes ubicada a 148 kil\u00f3metros al sur de Zurich. donde el mi\u00e9rcoles poco antes del mediod\u00eda dar\u00e1 un discurso.<\/p>\n\n\n\n<p>Acompa\u00f1an al presidente el jefe de Gabinete, Nicol\u00e1s Posse; los ministros de Relaciones Exteriores, Comercio Internacional y Culto, Diana Mondino, y de Econom\u00eda, Luis Caputo, y la Secretaria General de la Presidencia, Karina Milei.<\/p>\n\n\n\n<p>El jefe de Estado asegur\u00f3 que el objetivo de su viaje a Davos ser\u00e1 \u201cplantar las ideas de la libertad en un foro contaminado por la agenda socialista 2030 y que lo \u00fanico que va a traer es miseria\u201d al mundo.<\/p>\n\n\n\n<p>Ser\u00e1 a las 15.50 hora local (11.50 de la Argentina), exposici\u00f3n que se podr\u00e1 extender hasta 25 minutos, en el Forum Venue-Congress Center Area- Jakobshorn Session Room (Level 1), donde ser\u00e1 presentado por el presidente ejecutivo y fundador del Foro Econ\u00f3mico Mundial, Klaus Schwab.<\/p>\n","protected":false},"excerpt":{"rendered":"<p>El presidente Javier Milei participar\u00e1 este mi\u00e9rcoles del Foro Econ\u00f3mico Mundial al que asistir\u00e1n mandatarios de diversos pa\u00edses y economistas de todo el mundo, a la vez que sostendr\u00e1 audiencias&hellip;<\/p>\n","protected":false},"author":3,"featured_media":247331,"comment_status":"closed","ping_status":"open","sticky":false,"template":"","format":"standard","meta":{"_acf_changed":false,"footnotes":""},"categories":[8],"tags":[],"class_list":["post-251245","post","type-post","status-publish","format-standard","has-post-thumbnail","hentry","category-politica"],"acf":[],"yoast_head":"<!-- This site is optimized with the Yoast SEO plugin v27.5 - https:\/\/yoast.com\/product\/yoast-seo-wordpress\/ -->\n<title>Milei habla hoy en Davos y plantear\u00e1 \u201clas ideas de la libertad\u201d - Diario Textual<\/title>\n<meta name=\"robots\" content=\"index, follow, max-snippet:-1, max-image-preview:large, max-video-preview:-1\" \/>\n<link rel=\"canonical\" href=\"https:\/\/diariotextual.com\/inicio\/index.php\/2024\/01\/17\/milei-habla-hoy-en-davos-y-planteara-las-ideas-de-la-libertad\/\" \/>\n<meta property=\"og:locale\" content=\"es_ES\" \/>\n<meta property=\"og:type\" content=\"article\" \/>\n<meta property=\"og:title\" content=\"Milei habla hoy en Davos y plantear\u00e1 \u201clas ideas de la libertad\u201d - Diario Textual\" \/>\n<meta property=\"og:description\" content=\"El presidente Javier Milei participar\u00e1 este mi\u00e9rcoles del Foro Econ\u00f3mico Mundial al que asistir\u00e1n mandatarios de diversos pa\u00edses y economistas de todo el mundo, a la vez que sostendr\u00e1 audiencias&hellip;\" \/>\n<meta property=\"og:url\" content=\"https:\/\/diariotextual.com\/inicio\/index.php\/2024\/01\/17\/milei-habla-hoy-en-davos-y-planteara-las-ideas-de-la-libertad\/\" \/>\n<meta property=\"og:site_name\" content=\"Diario Textual\" \/>\n<meta property=\"article:publisher\" content=\"https:\/\/www.facebook.com\/eltextual\" \/>\n<meta property=\"article:published_time\" content=\"2024-01-17T10:39:41+00:00\" \/>\n<meta property=\"article:modified_time\" content=\"2024-01-17T15:29:36+00:00\" \/>\n<meta property=\"og:image\" content=\"https:\/\/diariotextual.com\/inicio\/wp-content\/uploads\/2023\/12\/mileijaviertelam2023-987.jpg\" \/>\n\t<meta property=\"og:image:width\" content=\"1200\" \/>\n\t<meta property=\"og:image:height\" content=\"675\" \/>\n\t<meta property=\"og:image:type\" content=\"image\/jpeg\" \/>\n<meta name=\"author\" content=\"Diario1 Diario1\" \/>\n<meta name=\"twitter:card\" content=\"summary_large_image\" \/>\n<meta name=\"twitter:creator\" content=\"@eltextual\" \/>\n<meta name=\"twitter:site\" content=\"@eltextual\" \/>\n<meta name=\"twitter:label1\" content=\"Escrito por\" \/>\n\t<meta name=\"twitter:data1\" content=\"Diario1 Diario1\" \/>\n\t<meta name=\"twitter:label2\" content=\"Tiempo de lectura\" \/>\n\t<meta name=\"twitter:data2\" content=\"2 minutos\" \/>\n<script type=\"application\/ld+json\" class=\"yoast-schema-graph\">{\"@context\":\"https:\\\/\\\/schema.org\",\"@graph\":[{\"@type\":\"Article\",\"@id\":\"https:\\\/\\\/diariotextual.com\\\/inicio\\\/index.php\\\/2024\\\/01\\\/17\\\/milei-habla-hoy-en-davos-y-planteara-las-ideas-de-la-libertad\\\/#article\",\"isPartOf\":{\"@id\":\"https:\\\/\\\/diariotextual.com\\\/inicio\\\/index.php\\\/2024\\\/01\\\/17\\\/milei-habla-hoy-en-davos-y-planteara-las-ideas-de-la-libertad\\\/\"},\"author\":{\"name\":\"Diario1 Diario1\",\"@id\":\"https:\\\/\\\/diariotextual.com\\\/inicio\\\/#\\\/schema\\\/person\\\/418fc4093c33e86ed41562db3508f958\"},\"headline\":\"Milei habla hoy en Davos y plantear\u00e1 \u201clas ideas de la libertad\u201d\",\"datePublished\":\"2024-01-17T10:39:41+00:00\",\"dateModified\":\"2024-01-17T15:29:36+00:00\",\"mainEntityOfPage\":{\"@id\":\"https:\\\/\\\/diariotextual.com\\\/inicio\\\/index.php\\\/2024\\\/01\\\/17\\\/milei-habla-hoy-en-davos-y-planteara-las-ideas-de-la-libertad\\\/\"},\"wordCount\":239,\"publisher\":{\"@id\":\"https:\\\/\\\/diariotextual.com\\\/inicio\\\/#organization\"},\"image\":{\"@id\":\"https:\\\/\\\/diariotextual.com\\\/inicio\\\/index.php\\\/2024\\\/01\\\/17\\\/milei-habla-hoy-en-davos-y-planteara-las-ideas-de-la-libertad\\\/#primaryimage\"},\"thumbnailUrl\":\"https:\\\/\\\/diariotextual.com\\\/inicio\\\/wp-content\\\/uploads\\\/2023\\\/12\\\/mileijaviertelam2023-987.jpg\",\"articleSection\":[\"POLITICA\"],\"inLanguage\":\"es\"},{\"@type\":\"WebPage\",\"@id\":\"https:\\\/\\\/diariotextual.com\\\/inicio\\\/index.php\\\/2024\\\/01\\\/17\\\/milei-habla-hoy-en-davos-y-planteara-las-ideas-de-la-libertad\\\/\",\"url\":\"https:\\\/\\\/diariotextual.com\\\/inicio\\\/index.php\\\/2024\\\/01\\\/17\\\/milei-habla-hoy-en-davos-y-planteara-las-ideas-de-la-libertad\\\/\",\"name\":\"Milei habla hoy en Davos y plantear\u00e1 \u201clas ideas de la libertad\u201d - Diario Textual\",\"isPartOf\":{\"@id\":\"https:\\\/\\\/diariotextual.com\\\/inicio\\\/#website\"},\"primaryImageOfPage\":{\"@id\":\"https:\\\/\\\/diariotextual.com\\\/inicio\\\/index.php\\\/2024\\\/01\\\/17\\\/milei-habla-hoy-en-davos-y-planteara-las-ideas-de-la-libertad\\\/#primaryimage\"},\"image\":{\"@id\":\"https:\\\/\\\/diariotextual.com\\\/inicio\\\/index.php\\\/2024\\\/01\\\/17\\\/milei-habla-hoy-en-davos-y-planteara-las-ideas-de-la-libertad\\\/#primaryimage\"},\"thumbnailUrl\":\"https:\\\/\\\/diariotextual.com\\\/inicio\\\/wp-content\\\/uploads\\\/2023\\\/12\\\/mileijaviertelam2023-987.jpg\",\"datePublished\":\"2024-01-17T10:39:41+00:00\",\"dateModified\":\"2024-01-17T15:29:36+00:00\",\"breadcrumb\":{\"@id\":\"https:\\\/\\\/diariotextual.com\\\/inicio\\\/index.php\\\/2024\\\/01\\\/17\\\/milei-habla-hoy-en-davos-y-planteara-las-ideas-de-la-libertad\\\/#breadcrumb\"},\"inLanguage\":\"es\",\"potentialAction\":[{\"@type\":\"ReadAction\",\"target\":[\"https:\\\/\\\/diariotextual.com\\\/inicio\\\/index.php\\\/2024\\\/01\\\/17\\\/milei-habla-hoy-en-davos-y-planteara-las-ideas-de-la-libertad\\\/\"]}]},{\"@type\":\"ImageObject\",\"inLanguage\":\"es\",\"@id\":\"https:\\\/\\\/diariotextual.com\\\/inicio\\\/index.php\\\/2024\\\/01\\\/17\\\/milei-habla-hoy-en-davos-y-planteara-las-ideas-de-la-libertad\\\/#primaryimage\",\"url\":\"https:\\\/\\\/diariotextual.com\\\/inicio\\\/wp-content\\\/uploads\\\/2023\\\/12\\\/mileijaviertelam2023-987.jpg\",\"contentUrl\":\"https:\\\/\\\/diariotextual.com\\\/inicio\\\/wp-content\\\/uploads\\\/2023\\\/12\\\/mileijaviertelam2023-987.jpg\",\"width\":1200,\"height\":675},{\"@type\":\"BreadcrumbList\",\"@id\":\"https:\\\/\\\/diariotextual.com\\\/inicio\\\/index.php\\\/2024\\\/01\\\/17\\\/milei-habla-hoy-en-davos-y-planteara-las-ideas-de-la-libertad\\\/#breadcrumb\",\"itemListElement\":[{\"@type\":\"ListItem\",\"position\":1,\"name\":\"Portada\",\"item\":\"https:\\\/\\\/diariotextual.com\\\/inicio\\\/\"},{\"@type\":\"ListItem\",\"position\":2,\"name\":\"Milei habla hoy en Davos y plantear\u00e1 \u201clas ideas de la libertad\u201d\"}]},{\"@type\":\"WebSite\",\"@id\":\"https:\\\/\\\/diariotextual.com\\\/inicio\\\/#website\",\"url\":\"https:\\\/\\\/diariotextual.com\\\/inicio\\\/\",\"name\":\"Diario Textual\",\"description\":\"\",\"publisher\":{\"@id\":\"https:\\\/\\\/diariotextual.com\\\/inicio\\\/#organization\"},\"potentialAction\":[{\"@type\":\"SearchAction\",\"target\":{\"@type\":\"EntryPoint\",\"urlTemplate\":\"https:\\\/\\\/diariotextual.com\\\/inicio\\\/?s={search_term_string}\"},\"query-input\":{\"@type\":\"PropertyValueSpecification\",\"valueRequired\":true,\"valueName\":\"search_term_string\"}}],\"inLanguage\":\"es\"},{\"@type\":\"Organization\",\"@id\":\"https:\\\/\\\/diariotextual.com\\\/inicio\\\/#organization\",\"name\":\"Diario Textual\",\"url\":\"https:\\\/\\\/diariotextual.com\\\/inicio\\\/\",\"logo\":{\"@type\":\"ImageObject\",\"inLanguage\":\"es\",\"@id\":\"https:\\\/\\\/diariotextual.com\\\/inicio\\\/#\\\/schema\\\/logo\\\/image\\\/\",\"url\":\"https:\\\/\\\/diariotextual.com\\\/inicio\\\/wp-content\\\/uploads\\\/2023\\\/05\\\/logotextual1.jpg\",\"contentUrl\":\"https:\\\/\\\/diariotextual.com\\\/inicio\\\/wp-content\\\/uploads\\\/2023\\\/05\\\/logotextual1.jpg\",\"width\":516,\"height\":76,\"caption\":\"Diario Textual\"},\"image\":{\"@id\":\"https:\\\/\\\/diariotextual.com\\\/inicio\\\/#\\\/schema\\\/logo\\\/image\\\/\"},\"sameAs\":[\"https:\\\/\\\/www.facebook.com\\\/eltextual\",\"https:\\\/\\\/x.com\\\/eltextual\",\"http:\\\/\\\/www.instagram.com\\\/eltextual\"]},{\"@type\":\"Person\",\"@id\":\"https:\\\/\\\/diariotextual.com\\\/inicio\\\/#\\\/schema\\\/person\\\/418fc4093c33e86ed41562db3508f958\",\"name\":\"Diario1 Diario1\",\"image\":{\"@type\":\"ImageObject\",\"inLanguage\":\"es\",\"@id\":\"https:\\\/\\\/secure.gravatar.com\\\/avatar\\\/9167d280179c85bc18be67aa7eda765854300033af4896dd779b608640f2ef7a?s=96&d=mm&r=g\",\"url\":\"https:\\\/\\\/secure.gravatar.com\\\/avatar\\\/9167d280179c85bc18be67aa7eda765854300033af4896dd779b608640f2ef7a?s=96&d=mm&r=g\",\"contentUrl\":\"https:\\\/\\\/secure.gravatar.com\\\/avatar\\\/9167d280179c85bc18be67aa7eda765854300033af4896dd779b608640f2ef7a?s=96&d=mm&r=g\",\"caption\":\"Diario1 Diario1\"},\"url\":\"https:\\\/\\\/diariotextual.com\\\/inicio\\\/index.php\\\/author\\\/diario1\\\/\"}]}<\/script>\n<!-- \/ Yoast SEO plugin. -->","yoast_head_json":{"title":"Milei habla hoy en Davos y plantear\u00e1 \u201clas ideas de la libertad\u201d - Diario Textual","robots":{"index":"index","follow":"follow","max-snippet":"max-snippet:-1","max-image-preview":"max-image-preview:large","max-video-preview":"max-video-preview:-1"},"canonical":"https:\/\/diariotextual.com\/inicio\/index.php\/2024\/01\/17\/milei-habla-hoy-en-davos-y-planteara-las-ideas-de-la-libertad\/","og_locale":"es_ES","og_type":"article","og_title":"Milei habla hoy en Davos y plantear\u00e1 \u201clas ideas de la libertad\u201d - Diario Textual","og_description":"El presidente Javier Milei participar\u00e1 este mi\u00e9rcoles del Foro Econ\u00f3mico Mundial al que asistir\u00e1n mandatarios de diversos pa\u00edses y economistas de todo el mundo, a la vez que sostendr\u00e1 audiencias&hellip;","og_url":"https:\/\/diariotextual.com\/inicio\/index.php\/2024\/01\/17\/milei-habla-hoy-en-davos-y-planteara-las-ideas-de-la-libertad\/","og_site_name":"Diario Textual","article_publisher":"https:\/\/www.facebook.com\/eltextual","article_published_time":"2024-01-17T10:39:41+00:00","article_modified_time":"2024-01-17T15:29:36+00:00","og_image":[{"width":1200,"height":675,"url":"https:\/\/diariotextual.com\/inicio\/wp-content\/uploads\/2023\/12\/mileijaviertelam2023-987.jpg","type":"image\/jpeg"}],"author":"Diario1 Diario1","twitter_card":"summary_large_image","twitter_creator":"@eltextual","twitter_site":"@eltextual","twitter_misc":{"Escrito por":"Diario1 Diario1","Tiempo de lectura":"2 minutos"},"schema":{"@context":"https:\/\/schema.org","@graph":[{"@type":"Article","@id":"https:\/\/diariotextual.com\/inicio\/index.php\/2024\/01\/17\/milei-habla-hoy-en-davos-y-planteara-las-ideas-de-la-libertad\/#article","isPartOf":{"@id":"https:\/\/diariotextual.com\/inicio\/index.php\/2024\/01\/17\/milei-habla-hoy-en-davos-y-planteara-las-ideas-de-la-libertad\/"},"author":{"name":"Diario1 Diario1","@id":"https:\/\/diariotextual.com\/inicio\/#\/schema\/person\/418fc4093c33e86ed41562db3508f958"},"headline":"Milei habla hoy en Davos y plantear\u00e1 \u201clas ideas de la libertad\u201d","datePublished":"2024-01-17T10:39:41+00:00","dateModified":"2024-01-17T15:29:36+00:00","mainEntityOfPage":{"@id":"https:\/\/diariotextual.com\/inicio\/index.php\/2024\/01\/17\/milei-habla-hoy-en-davos-y-planteara-las-ideas-de-la-libertad\/"},"wordCount":239,"publisher":{"@id":"https:\/\/diariotextual.com\/inicio\/#organization"},"image":{"@id":"https:\/\/diariotextual.com\/inicio\/index.php\/2024\/01\/17\/milei-habla-hoy-en-davos-y-planteara-las-ideas-de-la-libertad\/#primaryimage"},"thumbnailUrl":"https:\/\/diariotextual.com\/inicio\/wp-content\/uploads\/2023\/12\/mileijaviertelam2023-987.jpg","articleSection":["POLITICA"],"inLanguage":"es"},{"@type":"WebPage","@id":"https:\/\/diariotextual.com\/inicio\/index.php\/2024\/01\/17\/milei-habla-hoy-en-davos-y-planteara-las-ideas-de-la-libertad\/","url":"https:\/\/diariotextual.com\/inicio\/index.php\/2024\/01\/17\/milei-habla-hoy-en-davos-y-planteara-las-ideas-de-la-libertad\/","name":"Milei habla hoy en Davos y plantear\u00e1 \u201clas ideas de la libertad\u201d - Diario Textual","isPartOf":{"@id":"https:\/\/diariotextual.com\/inicio\/#website"},"primaryImageOfPage":{"@id":"https:\/\/diariotextual.com\/inicio\/index.php\/2024\/01\/17\/milei-habla-hoy-en-davos-y-planteara-las-ideas-de-la-libertad\/#primaryimage"},"image":{"@id":"https:\/\/diariotextual.com\/inicio\/index.php\/2024\/01\/17\/milei-habla-hoy-en-davos-y-planteara-las-ideas-de-la-libertad\/#primaryimage"},"thumbnailUrl":"https:\/\/diariotextual.com\/inicio\/wp-content\/uploads\/2023\/12\/mileijaviertelam2023-987.jpg","datePublished":"2024-01-17T10:39:41+00:00","dateModified":"2024-01-17T15:29:36+00:00","breadcrumb":{"@id":"https:\/\/diariotextual.com\/inicio\/index.php\/2024\/01\/17\/milei-habla-hoy-en-davos-y-planteara-las-ideas-de-la-libertad\/#breadcrumb"},"inLanguage":"es","potentialAction":[{"@type":"ReadAction","target":["https:\/\/diariotextual.com\/inicio\/index.php\/2024\/01\/17\/milei-habla-hoy-en-davos-y-planteara-las-ideas-de-la-libertad\/"]}]},{"@type":"ImageObject","inLanguage":"es","@id":"https:\/\/diariotextual.com\/inicio\/index.php\/2024\/01\/17\/milei-habla-hoy-en-davos-y-planteara-las-ideas-de-la-libertad\/#primaryimage","url":"https:\/\/diariotextual.com\/inicio\/wp-content\/uploads\/2023\/12\/mileijaviertelam2023-987.jpg","contentUrl":"https:\/\/diariotextual.com\/inicio\/wp-content\/uploads\/2023\/12\/mileijaviertelam2023-987.jpg","width":1200,"height":675},{"@type":"BreadcrumbList","@id":"https:\/\/diariotextual.com\/inicio\/index.php\/2024\/01\/17\/milei-habla-hoy-en-davos-y-planteara-las-ideas-de-la-libertad\/#breadcrumb","itemListElement":[{"@type":"ListItem","position":1,"name":"Portada","item":"https:\/\/diariotextual.com\/inicio\/"},{"@type":"ListItem","position":2,"name":"Milei habla hoy en Davos y plantear\u00e1 \u201clas ideas de la libertad\u201d"}]},{"@type":"WebSite","@id":"https:\/\/diariotextual.com\/inicio\/#website","url":"https:\/\/diariotextual.com\/inicio\/","name":"Diario Textual","description":"","publisher":{"@id":"https:\/\/diariotextual.com\/inicio\/#organization"},"potentialAction":[{"@type":"SearchAction","target":{"@type":"EntryPoint","urlTemplate":"https:\/\/diariotextual.com\/inicio\/?s={search_term_string}"},"query-input":{"@type":"PropertyValueSpecification","valueRequired":true,"valueName":"search_term_string"}}],"inLanguage":"es"},{"@type":"Organization","@id":"https:\/\/diariotextual.com\/inicio\/#organization","name":"Diario Textual","url":"https:\/\/diariotextual.com\/inicio\/","logo":{"@type":"ImageObject","inLanguage":"es","@id":"https:\/\/diariotextual.com\/inicio\/#\/schema\/logo\/image\/","url":"https:\/\/diariotextual.com\/inicio\/wp-content\/uploads\/2023\/05\/logotextual1.jpg","contentUrl":"https:\/\/diariotextual.com\/inicio\/wp-content\/uploads\/2023\/05\/logotextual1.jpg","width":516,"height":76,"caption":"Diario Textual"},"image":{"@id":"https:\/\/diariotextual.com\/inicio\/#\/schema\/logo\/image\/"},"sameAs":["https:\/\/www.facebook.com\/eltextual","https:\/\/x.com\/eltextual","http:\/\/www.instagram.com\/eltextual"]},{"@type":"Person","@id":"https:\/\/diariotextual.com\/inicio\/#\/schema\/person\/418fc4093c33e86ed41562db3508f958","name":"Diario1 Diario1","image":{"@type":"ImageObject","inLanguage":"es","@id":"https:\/\/secure.gravatar.com\/avatar\/9167d280179c85bc18be67aa7eda765854300033af4896dd779b608640f2ef7a?s=96&d=mm&r=g","url":"https:\/\/secure.gravatar.com\/avatar\/9167d280179c85bc18be67aa7eda765854300033af4896dd779b608640f2ef7a?s=96&d=mm&r=g","contentUrl":"https:\/\/secure.gravatar.com\/avatar\/9167d280179c85bc18be67aa7eda765854300033af4896dd779b608640f2ef7a?s=96&d=mm&r=g","caption":"Diario1 Diario1"},"url":"https:\/\/diariotextual.com\/inicio\/index.php\/author\/diario1\/"}]}},"_links":{"self":[{"href":"https:\/\/diariotextual.com\/inicio\/index.php\/wp-json\/wp\/v2\/posts\/251245","targetHints":{"allow":["GET"]}}],"collection":[{"href":"https:\/\/diariotextual.com\/inicio\/index.php\/wp-json\/wp\/v2\/posts"}],"about":[{"href":"https:\/\/diariotextual.com\/inicio\/index.php\/wp-json\/wp\/v2\/types\/post"}],"author":[{"embeddable":true,"href":"https:\/\/diariotextual.com\/inicio\/index.php\/wp-json\/wp\/v2\/users\/3"}],"replies":[{"embeddable":true,"href":"https:\/\/diariotextual.com\/inicio\/index.php\/wp-json\/wp\/v2\/comments?post=251245"}],"version-history":[{"count":3,"href":"https:\/\/diariotextual.com\/inicio\/index.php\/wp-json\/wp\/v2\/posts\/251245\/revisions"}],"predecessor-version":[{"id":251248,"href":"https:\/\/diariotextual.com\/inicio\/index.php\/wp-json\/wp\/v2\/posts\/251245\/revisions\/251248"}],"wp:featuredmedia":[{"embeddable":true,"href":"https:\/\/diariotextual.com\/inicio\/index.php\/wp-json\/wp\/v2\/media\/247331"}],"wp:attachment":[{"href":"https:\/\/diariotextual.com\/inicio\/index.php\/wp-json\/wp\/v2\/media?parent=251245"}],"wp:term":[{"taxonomy":"category","embeddable":true,"href":"https:\/\/diariotextual.com\/inicio\/index.php\/wp-json\/wp\/v2\/categories?post=251245"},{"taxonomy":"post_tag","embeddable":true,"href":"https:\/\/diariotextual.com\/inicio\/index.php\/wp-json\/wp\/v2\/tags?post=251245"}],"curies":[{"name":"wp","href":"https:\/\/api.w.org\/{rel}","templated":true}]}}