{"id":251258,"date":"2024-01-17T08:40:15","date_gmt":"2024-01-17T11:40:15","guid":{"rendered":"https:\/\/diariotextual.com\/inicio\/?p=251258"},"modified":"2024-01-17T20:34:07","modified_gmt":"2024-01-17T23:34:07","slug":"ley-omnibus-dnu-y-apoyo-al-paro-gobernadores-peronistas-se-reunen-este-jueves-en-buenos-aires","status":"publish","type":"post","link":"https:\/\/diariotextual.com\/inicio\/index.php\/2024\/01\/17\/ley-omnibus-dnu-y-apoyo-al-paro-gobernadores-peronistas-se-reunen-este-jueves-en-buenos-aires\/","title":{"rendered":"Ziliotto en reuni\u00f3n de provincias petroleras y cumbre de gobernadores peronistas"},"content":{"rendered":"\n<p>El gobernador Sergio Ziliotto\u00a0participar\u00e1 este mi\u00e9rcoles en Buenos Aires de una reuni\u00f3n de provincias petroleras en la que los mandatarios de diversos puntos geogr\u00e1ficos y de diferentes espacios pol\u00edticos analizar\u00e1n la pol\u00edtica energ\u00e9tica del presidente\u00a0Javier\u00a0Milei. En tanto, ma\u00f1ana, participar\u00e1 de una reuni\u00f3n de gobernadores peronistas.<\/p>\n\n\n\n<p>La reuni\u00f3n de hoy es en el Consejo Federal de Inversiones. Participar\u00e1n los gobernadores de las provincias que integran la\u00a0Organizaci\u00f3n Federal de Estados Productores de Hidrocarburos (OFEPHI). <\/p>\n\n\n\n<p>La decisi\u00f3n de reunir a las diez provincias petroleras fue luego de\u00a0la cumbre de gobernadores patag\u00f3nicos que tuvo lugar en Villa La Angostura.\u00a0All\u00ed el mandatario neuquino Rolando Figueroa fue anfitri\u00f3n y reuni\u00f3 a\u00a0Alberto Weretilneck\u00a0(R\u00edo Negro),\u00a0Gustavo Melella\u00a0(Tierra del Fuego),\u00a0Ignacio Torres\u00a0(Chubut) y\u00a0Sergio Ziliotto\u00a0(La Pampa).<\/p>\n\n\n\n<p>\u201cHemos decidido convocar urgentemente a la OFEPHI para el d\u00eda mi\u00e9rcoles a las 15 horas en el CFI.\u00a0Es importante que sea tenida en cuenta no solo la opini\u00f3n de las provincias Patag\u00f3nicas y las que integran la OFEPHI, sino que las decisiones que se tomen est\u00e9n convalidadas por todas la provincias\u201d, afirm\u00f3 Figueroa.<\/p>\n\n\n\n<p>Tanto el Mega DNU como la Ley \u00d3mnibus que envi\u00f3 el Gobierno nacional al Congreso buscar desregular la econom\u00eda en general y\u00a0cambiar las reglas de juego en el sector hidrocarbur\u00edfero, en muchos casos chocando con el federalismo y la potestad de las provincias con sus recursos.<\/p>\n\n\n\n<div style=\"height:100px\" aria-hidden=\"true\" class=\"wp-block-spacer\"><\/div>\n\n\n\n<p><strong>Reuni\u00f3n de gobernadores peronistas<\/strong><\/p>\n\n\n\n<p>El jueves, en tanto, los gobernadores\u00a0peronistas, entre ellos el pampeano Sergio Ziliotto, se reunir\u00e1n para analizar los principales lineamientos\u00a0de la Ley \u00d3mnibus impulsada por la\u00a0Casa Rosada\u00a0y del mega\u00a0Decreto de Necesidad y Urgencia lanzado por\u00a0Javier Milei.<\/p>\n\n\n\n<p>El c\u00f3nclave tiene como objetivo delinear una estrategia com\u00fan de los paquetes de medidas en el Congreso. A la vez, los mandatarios conversar\u00e1n sobre el paro convocado por la CGT para el 24 de enero, seg\u00fan inform\u00f3 el diario Ambito Financiero.<\/p>\n\n\n\n<p>Se descuenta que apoyar\u00e1n la medida de fuerza. El martes \u00faltimo, Ziliotto recibi\u00f3 en Casa de Gobierno a\u00a034 gremios que integran la Confederaci\u00f3n General del Trabajo Regional Centro Sur La Pampa\u00a0y\u00a0expres\u00f3 su respaldo el paro.\u00a0\u201cLa situaci\u00f3n socioecon\u00f3mica del pa\u00eds amerita emprender acciones conjuntas en la defensa de los derechos de las y los trabajadores pampeanos\u201d, les dijo a los gremialistas.<\/p>\n\n\n\n<p>Del encuentro del jueves en Capital Federal participar\u00e1n Axel Kicillof&nbsp;(Buenos Aires);&nbsp;Ricardo Quintela&nbsp;(La Rioja);&nbsp;Ra\u00fal Jalil&nbsp;(Catamarca);&nbsp;Gerardo Zamora&nbsp;(Santiago del Estero);&nbsp;Osvaldo Jaldo&nbsp;(Tucum\u00e1n);&nbsp;Gildo Insfr\u00e1n&nbsp;(Formosa);&nbsp;Gustavo Melella&nbsp;(Tierra del Fuego); y&nbsp;Sergio Ziliotto&nbsp;(La Pampa).<\/p>\n\n\n\n<figure class=\"wp-block-embed is-type-wp-embed is-provider-diario-textual wp-block-embed-diario-textual\"><div class=\"wp-block-embed__wrapper\">\n<blockquote class=\"wp-embedded-content\" data-secret=\"tad2HUpBEj\"><a href=\"https:\/\/diariotextual.com\/inicio\/index.php\/2024\/01\/16\/ziliotto-salio-a-respaldar-el-paro-de-la-cgt-contra-las-medidas-de-milei\/\">Ziliotto se par\u00f3 de manos y respald\u00f3 la huelga de la CGT contra Milei<\/a><\/blockquote><iframe class=\"wp-embedded-content\" sandbox=\"allow-scripts\" security=\"restricted\" style=\"position: absolute; clip: rect(1px, 1px, 1px, 1px);\" title=\"\u00abZiliotto se par\u00f3 de manos y respald\u00f3 la huelga de la CGT contra Milei\u00bb \u2014 Diario Textual\" src=\"https:\/\/diariotextual.com\/inicio\/index.php\/2024\/01\/16\/ziliotto-salio-a-respaldar-el-paro-de-la-cgt-contra-las-medidas-de-milei\/embed\/#?secret=gUh1UOXMnS#?secret=tad2HUpBEj\" data-secret=\"tad2HUpBEj\" width=\"600\" height=\"338\" frameborder=\"0\" marginwidth=\"0\" marginheight=\"0\" scrolling=\"no\"><\/iframe>\n<\/div><\/figure>\n","protected":false},"excerpt":{"rendered":"<p>El gobernador Sergio Ziliotto\u00a0participar\u00e1 este mi\u00e9rcoles en Buenos Aires de una reuni\u00f3n de provincias petroleras en la que los mandatarios de diversos puntos geogr\u00e1ficos y de diferentes espacios pol\u00edticos analizar\u00e1n&hellip;<\/p>\n","protected":false},"author":7,"featured_media":251194,"comment_status":"closed","ping_status":"open","sticky":false,"template":"","format":"standard","meta":{"_acf_changed":false,"footnotes":""},"categories":[8],"tags":[],"class_list":["post-251258","post","type-post","status-publish","format-standard","has-post-thumbnail","hentry","category-politica"],"acf":[],"yoast_head":"<!-- This site is optimized with the Yoast SEO plugin v27.5 - https:\/\/yoast.com\/product\/yoast-seo-wordpress\/ -->\n<title>Ziliotto en reuni\u00f3n de provincias petroleras y cumbre de gobernadores peronistas - Diario Textual<\/title>\n<meta name=\"robots\" content=\"index, follow, max-snippet:-1, max-image-preview:large, max-video-preview:-1\" \/>\n<link rel=\"canonical\" href=\"https:\/\/diariotextual.com\/inicio\/index.php\/2024\/01\/17\/ley-omnibus-dnu-y-apoyo-al-paro-gobernadores-peronistas-se-reunen-este-jueves-en-buenos-aires\/\" \/>\n<meta property=\"og:locale\" content=\"es_ES\" \/>\n<meta property=\"og:type\" content=\"article\" \/>\n<meta property=\"og:title\" content=\"Ziliotto en reuni\u00f3n de provincias petroleras y cumbre de gobernadores peronistas - Diario Textual\" \/>\n<meta property=\"og:description\" content=\"El gobernador Sergio Ziliotto\u00a0participar\u00e1 este mi\u00e9rcoles en Buenos Aires de una reuni\u00f3n de provincias petroleras en la que los mandatarios de diversos puntos geogr\u00e1ficos y de diferentes espacios pol\u00edticos analizar\u00e1n&hellip;\" \/>\n<meta property=\"og:url\" content=\"https:\/\/diariotextual.com\/inicio\/index.php\/2024\/01\/17\/ley-omnibus-dnu-y-apoyo-al-paro-gobernadores-peronistas-se-reunen-este-jueves-en-buenos-aires\/\" \/>\n<meta property=\"og:site_name\" content=\"Diario Textual\" \/>\n<meta property=\"article:publisher\" content=\"https:\/\/www.facebook.com\/eltextual\" \/>\n<meta property=\"article:published_time\" content=\"2024-01-17T11:40:15+00:00\" \/>\n<meta property=\"article:modified_time\" content=\"2024-01-17T23:34:07+00:00\" \/>\n<meta property=\"og:image\" content=\"https:\/\/diariotextual.com\/inicio\/wp-content\/uploads\/2024\/01\/ziliottosergio2024-89.jpg\" \/>\n\t<meta property=\"og:image:width\" content=\"1200\" \/>\n\t<meta property=\"og:image:height\" content=\"675\" \/>\n\t<meta property=\"og:image:type\" content=\"image\/jpeg\" \/>\n<meta name=\"author\" content=\"diario5\" \/>\n<meta name=\"twitter:card\" content=\"summary_large_image\" \/>\n<meta name=\"twitter:creator\" content=\"@eltextual\" \/>\n<meta name=\"twitter:site\" content=\"@eltextual\" \/>\n<meta name=\"twitter:label1\" content=\"Escrito por\" \/>\n\t<meta name=\"twitter:data1\" content=\"diario5\" \/>\n\t<meta name=\"twitter:label2\" content=\"Tiempo de lectura\" \/>\n\t<meta name=\"twitter:data2\" content=\"3 minutos\" \/>\n<script type=\"application\/ld+json\" class=\"yoast-schema-graph\">{\"@context\":\"https:\\\/\\\/schema.org\",\"@graph\":[{\"@type\":\"Article\",\"@id\":\"https:\\\/\\\/diariotextual.com\\\/inicio\\\/index.php\\\/2024\\\/01\\\/17\\\/ley-omnibus-dnu-y-apoyo-al-paro-gobernadores-peronistas-se-reunen-este-jueves-en-buenos-aires\\\/#article\",\"isPartOf\":{\"@id\":\"https:\\\/\\\/diariotextual.com\\\/inicio\\\/index.php\\\/2024\\\/01\\\/17\\\/ley-omnibus-dnu-y-apoyo-al-paro-gobernadores-peronistas-se-reunen-este-jueves-en-buenos-aires\\\/\"},\"author\":{\"name\":\"diario5\",\"@id\":\"https:\\\/\\\/diariotextual.com\\\/inicio\\\/#\\\/schema\\\/person\\\/c7834961ad8b29b1d9cdbf4571299067\"},\"headline\":\"Ziliotto en reuni\u00f3n de provincias petroleras y cumbre de gobernadores peronistas\",\"datePublished\":\"2024-01-17T11:40:15+00:00\",\"dateModified\":\"2024-01-17T23:34:07+00:00\",\"mainEntityOfPage\":{\"@id\":\"https:\\\/\\\/diariotextual.com\\\/inicio\\\/index.php\\\/2024\\\/01\\\/17\\\/ley-omnibus-dnu-y-apoyo-al-paro-gobernadores-peronistas-se-reunen-este-jueves-en-buenos-aires\\\/\"},\"wordCount\":488,\"publisher\":{\"@id\":\"https:\\\/\\\/diariotextual.com\\\/inicio\\\/#organization\"},\"image\":{\"@id\":\"https:\\\/\\\/diariotextual.com\\\/inicio\\\/index.php\\\/2024\\\/01\\\/17\\\/ley-omnibus-dnu-y-apoyo-al-paro-gobernadores-peronistas-se-reunen-este-jueves-en-buenos-aires\\\/#primaryimage\"},\"thumbnailUrl\":\"https:\\\/\\\/diariotextual.com\\\/inicio\\\/wp-content\\\/uploads\\\/2024\\\/01\\\/ziliottosergio2024-89.jpg\",\"articleSection\":[\"POLITICA\"],\"inLanguage\":\"es\"},{\"@type\":\"WebPage\",\"@id\":\"https:\\\/\\\/diariotextual.com\\\/inicio\\\/index.php\\\/2024\\\/01\\\/17\\\/ley-omnibus-dnu-y-apoyo-al-paro-gobernadores-peronistas-se-reunen-este-jueves-en-buenos-aires\\\/\",\"url\":\"https:\\\/\\\/diariotextual.com\\\/inicio\\\/index.php\\\/2024\\\/01\\\/17\\\/ley-omnibus-dnu-y-apoyo-al-paro-gobernadores-peronistas-se-reunen-este-jueves-en-buenos-aires\\\/\",\"name\":\"Ziliotto en reuni\u00f3n de provincias petroleras y cumbre de gobernadores peronistas - Diario Textual\",\"isPartOf\":{\"@id\":\"https:\\\/\\\/diariotextual.com\\\/inicio\\\/#website\"},\"primaryImageOfPage\":{\"@id\":\"https:\\\/\\\/diariotextual.com\\\/inicio\\\/index.php\\\/2024\\\/01\\\/17\\\/ley-omnibus-dnu-y-apoyo-al-paro-gobernadores-peronistas-se-reunen-este-jueves-en-buenos-aires\\\/#primaryimage\"},\"image\":{\"@id\":\"https:\\\/\\\/diariotextual.com\\\/inicio\\\/index.php\\\/2024\\\/01\\\/17\\\/ley-omnibus-dnu-y-apoyo-al-paro-gobernadores-peronistas-se-reunen-este-jueves-en-buenos-aires\\\/#primaryimage\"},\"thumbnailUrl\":\"https:\\\/\\\/diariotextual.com\\\/inicio\\\/wp-content\\\/uploads\\\/2024\\\/01\\\/ziliottosergio2024-89.jpg\",\"datePublished\":\"2024-01-17T11:40:15+00:00\",\"dateModified\":\"2024-01-17T23:34:07+00:00\",\"breadcrumb\":{\"@id\":\"https:\\\/\\\/diariotextual.com\\\/inicio\\\/index.php\\\/2024\\\/01\\\/17\\\/ley-omnibus-dnu-y-apoyo-al-paro-gobernadores-peronistas-se-reunen-este-jueves-en-buenos-aires\\\/#breadcrumb\"},\"inLanguage\":\"es\",\"potentialAction\":[{\"@type\":\"ReadAction\",\"target\":[\"https:\\\/\\\/diariotextual.com\\\/inicio\\\/index.php\\\/2024\\\/01\\\/17\\\/ley-omnibus-dnu-y-apoyo-al-paro-gobernadores-peronistas-se-reunen-este-jueves-en-buenos-aires\\\/\"]}]},{\"@type\":\"ImageObject\",\"inLanguage\":\"es\",\"@id\":\"https:\\\/\\\/diariotextual.com\\\/inicio\\\/index.php\\\/2024\\\/01\\\/17\\\/ley-omnibus-dnu-y-apoyo-al-paro-gobernadores-peronistas-se-reunen-este-jueves-en-buenos-aires\\\/#primaryimage\",\"url\":\"https:\\\/\\\/diariotextual.com\\\/inicio\\\/wp-content\\\/uploads\\\/2024\\\/01\\\/ziliottosergio2024-89.jpg\",\"contentUrl\":\"https:\\\/\\\/diariotextual.com\\\/inicio\\\/wp-content\\\/uploads\\\/2024\\\/01\\\/ziliottosergio2024-89.jpg\",\"width\":1200,\"height\":675},{\"@type\":\"BreadcrumbList\",\"@id\":\"https:\\\/\\\/diariotextual.com\\\/inicio\\\/index.php\\\/2024\\\/01\\\/17\\\/ley-omnibus-dnu-y-apoyo-al-paro-gobernadores-peronistas-se-reunen-este-jueves-en-buenos-aires\\\/#breadcrumb\",\"itemListElement\":[{\"@type\":\"ListItem\",\"position\":1,\"name\":\"Portada\",\"item\":\"https:\\\/\\\/diariotextual.com\\\/inicio\\\/\"},{\"@type\":\"ListItem\",\"position\":2,\"name\":\"Ziliotto en reuni\u00f3n de provincias petroleras y cumbre de gobernadores peronistas\"}]},{\"@type\":\"WebSite\",\"@id\":\"https:\\\/\\\/diariotextual.com\\\/inicio\\\/#website\",\"url\":\"https:\\\/\\\/diariotextual.com\\\/inicio\\\/\",\"name\":\"Diario Textual\",\"description\":\"\",\"publisher\":{\"@id\":\"https:\\\/\\\/diariotextual.com\\\/inicio\\\/#organization\"},\"potentialAction\":[{\"@type\":\"SearchAction\",\"target\":{\"@type\":\"EntryPoint\",\"urlTemplate\":\"https:\\\/\\\/diariotextual.com\\\/inicio\\\/?s={search_term_string}\"},\"query-input\":{\"@type\":\"PropertyValueSpecification\",\"valueRequired\":true,\"valueName\":\"search_term_string\"}}],\"inLanguage\":\"es\"},{\"@type\":\"Organization\",\"@id\":\"https:\\\/\\\/diariotextual.com\\\/inicio\\\/#organization\",\"name\":\"Diario Textual\",\"url\":\"https:\\\/\\\/diariotextual.com\\\/inicio\\\/\",\"logo\":{\"@type\":\"ImageObject\",\"inLanguage\":\"es\",\"@id\":\"https:\\\/\\\/diariotextual.com\\\/inicio\\\/#\\\/schema\\\/logo\\\/image\\\/\",\"url\":\"https:\\\/\\\/diariotextual.com\\\/inicio\\\/wp-content\\\/uploads\\\/2023\\\/05\\\/logotextual1.jpg\",\"contentUrl\":\"https:\\\/\\\/diariotextual.com\\\/inicio\\\/wp-content\\\/uploads\\\/2023\\\/05\\\/logotextual1.jpg\",\"width\":516,\"height\":76,\"caption\":\"Diario Textual\"},\"image\":{\"@id\":\"https:\\\/\\\/diariotextual.com\\\/inicio\\\/#\\\/schema\\\/logo\\\/image\\\/\"},\"sameAs\":[\"https:\\\/\\\/www.facebook.com\\\/eltextual\",\"https:\\\/\\\/x.com\\\/eltextual\",\"http:\\\/\\\/www.instagram.com\\\/eltextual\"]},{\"@type\":\"Person\",\"@id\":\"https:\\\/\\\/diariotextual.com\\\/inicio\\\/#\\\/schema\\\/person\\\/c7834961ad8b29b1d9cdbf4571299067\",\"name\":\"diario5\",\"image\":{\"@type\":\"ImageObject\",\"inLanguage\":\"es\",\"@id\":\"https:\\\/\\\/secure.gravatar.com\\\/avatar\\\/948c893b847ca6df68216ead81b63f363408ec9b0f600fefc0641ce78613b111?s=96&d=mm&r=g\",\"url\":\"https:\\\/\\\/secure.gravatar.com\\\/avatar\\\/948c893b847ca6df68216ead81b63f363408ec9b0f600fefc0641ce78613b111?s=96&d=mm&r=g\",\"contentUrl\":\"https:\\\/\\\/secure.gravatar.com\\\/avatar\\\/948c893b847ca6df68216ead81b63f363408ec9b0f600fefc0641ce78613b111?s=96&d=mm&r=g\",\"caption\":\"diario5\"},\"url\":\"https:\\\/\\\/diariotextual.com\\\/inicio\\\/index.php\\\/author\\\/diario5\\\/\"}]}<\/script>\n<!-- \/ Yoast SEO plugin. -->","yoast_head_json":{"title":"Ziliotto en reuni\u00f3n de provincias petroleras y cumbre de gobernadores peronistas - Diario Textual","robots":{"index":"index","follow":"follow","max-snippet":"max-snippet:-1","max-image-preview":"max-image-preview:large","max-video-preview":"max-video-preview:-1"},"canonical":"https:\/\/diariotextual.com\/inicio\/index.php\/2024\/01\/17\/ley-omnibus-dnu-y-apoyo-al-paro-gobernadores-peronistas-se-reunen-este-jueves-en-buenos-aires\/","og_locale":"es_ES","og_type":"article","og_title":"Ziliotto en reuni\u00f3n de provincias petroleras y cumbre de gobernadores peronistas - Diario Textual","og_description":"El gobernador Sergio Ziliotto\u00a0participar\u00e1 este mi\u00e9rcoles en Buenos Aires de una reuni\u00f3n de provincias petroleras en la que los mandatarios de diversos puntos geogr\u00e1ficos y de diferentes espacios pol\u00edticos analizar\u00e1n&hellip;","og_url":"https:\/\/diariotextual.com\/inicio\/index.php\/2024\/01\/17\/ley-omnibus-dnu-y-apoyo-al-paro-gobernadores-peronistas-se-reunen-este-jueves-en-buenos-aires\/","og_site_name":"Diario Textual","article_publisher":"https:\/\/www.facebook.com\/eltextual","article_published_time":"2024-01-17T11:40:15+00:00","article_modified_time":"2024-01-17T23:34:07+00:00","og_image":[{"width":1200,"height":675,"url":"https:\/\/diariotextual.com\/inicio\/wp-content\/uploads\/2024\/01\/ziliottosergio2024-89.jpg","type":"image\/jpeg"}],"author":"diario5","twitter_card":"summary_large_image","twitter_creator":"@eltextual","twitter_site":"@eltextual","twitter_misc":{"Escrito por":"diario5","Tiempo de lectura":"3 minutos"},"schema":{"@context":"https:\/\/schema.org","@graph":[{"@type":"Article","@id":"https:\/\/diariotextual.com\/inicio\/index.php\/2024\/01\/17\/ley-omnibus-dnu-y-apoyo-al-paro-gobernadores-peronistas-se-reunen-este-jueves-en-buenos-aires\/#article","isPartOf":{"@id":"https:\/\/diariotextual.com\/inicio\/index.php\/2024\/01\/17\/ley-omnibus-dnu-y-apoyo-al-paro-gobernadores-peronistas-se-reunen-este-jueves-en-buenos-aires\/"},"author":{"name":"diario5","@id":"https:\/\/diariotextual.com\/inicio\/#\/schema\/person\/c7834961ad8b29b1d9cdbf4571299067"},"headline":"Ziliotto en reuni\u00f3n de provincias petroleras y cumbre de gobernadores peronistas","datePublished":"2024-01-17T11:40:15+00:00","dateModified":"2024-01-17T23:34:07+00:00","mainEntityOfPage":{"@id":"https:\/\/diariotextual.com\/inicio\/index.php\/2024\/01\/17\/ley-omnibus-dnu-y-apoyo-al-paro-gobernadores-peronistas-se-reunen-este-jueves-en-buenos-aires\/"},"wordCount":488,"publisher":{"@id":"https:\/\/diariotextual.com\/inicio\/#organization"},"image":{"@id":"https:\/\/diariotextual.com\/inicio\/index.php\/2024\/01\/17\/ley-omnibus-dnu-y-apoyo-al-paro-gobernadores-peronistas-se-reunen-este-jueves-en-buenos-aires\/#primaryimage"},"thumbnailUrl":"https:\/\/diariotextual.com\/inicio\/wp-content\/uploads\/2024\/01\/ziliottosergio2024-89.jpg","articleSection":["POLITICA"],"inLanguage":"es"},{"@type":"WebPage","@id":"https:\/\/diariotextual.com\/inicio\/index.php\/2024\/01\/17\/ley-omnibus-dnu-y-apoyo-al-paro-gobernadores-peronistas-se-reunen-este-jueves-en-buenos-aires\/","url":"https:\/\/diariotextual.com\/inicio\/index.php\/2024\/01\/17\/ley-omnibus-dnu-y-apoyo-al-paro-gobernadores-peronistas-se-reunen-este-jueves-en-buenos-aires\/","name":"Ziliotto en reuni\u00f3n de provincias petroleras y cumbre de gobernadores peronistas - Diario Textual","isPartOf":{"@id":"https:\/\/diariotextual.com\/inicio\/#website"},"primaryImageOfPage":{"@id":"https:\/\/diariotextual.com\/inicio\/index.php\/2024\/01\/17\/ley-omnibus-dnu-y-apoyo-al-paro-gobernadores-peronistas-se-reunen-este-jueves-en-buenos-aires\/#primaryimage"},"image":{"@id":"https:\/\/diariotextual.com\/inicio\/index.php\/2024\/01\/17\/ley-omnibus-dnu-y-apoyo-al-paro-gobernadores-peronistas-se-reunen-este-jueves-en-buenos-aires\/#primaryimage"},"thumbnailUrl":"https:\/\/diariotextual.com\/inicio\/wp-content\/uploads\/2024\/01\/ziliottosergio2024-89.jpg","datePublished":"2024-01-17T11:40:15+00:00","dateModified":"2024-01-17T23:34:07+00:00","breadcrumb":{"@id":"https:\/\/diariotextual.com\/inicio\/index.php\/2024\/01\/17\/ley-omnibus-dnu-y-apoyo-al-paro-gobernadores-peronistas-se-reunen-este-jueves-en-buenos-aires\/#breadcrumb"},"inLanguage":"es","potentialAction":[{"@type":"ReadAction","target":["https:\/\/diariotextual.com\/inicio\/index.php\/2024\/01\/17\/ley-omnibus-dnu-y-apoyo-al-paro-gobernadores-peronistas-se-reunen-este-jueves-en-buenos-aires\/"]}]},{"@type":"ImageObject","inLanguage":"es","@id":"https:\/\/diariotextual.com\/inicio\/index.php\/2024\/01\/17\/ley-omnibus-dnu-y-apoyo-al-paro-gobernadores-peronistas-se-reunen-este-jueves-en-buenos-aires\/#primaryimage","url":"https:\/\/diariotextual.com\/inicio\/wp-content\/uploads\/2024\/01\/ziliottosergio2024-89.jpg","contentUrl":"https:\/\/diariotextual.com\/inicio\/wp-content\/uploads\/2024\/01\/ziliottosergio2024-89.jpg","width":1200,"height":675},{"@type":"BreadcrumbList","@id":"https:\/\/diariotextual.com\/inicio\/index.php\/2024\/01\/17\/ley-omnibus-dnu-y-apoyo-al-paro-gobernadores-peronistas-se-reunen-este-jueves-en-buenos-aires\/#breadcrumb","itemListElement":[{"@type":"ListItem","position":1,"name":"Portada","item":"https:\/\/diariotextual.com\/inicio\/"},{"@type":"ListItem","position":2,"name":"Ziliotto en reuni\u00f3n de provincias petroleras y cumbre de gobernadores peronistas"}]},{"@type":"WebSite","@id":"https:\/\/diariotextual.com\/inicio\/#website","url":"https:\/\/diariotextual.com\/inicio\/","name":"Diario Textual","description":"","publisher":{"@id":"https:\/\/diariotextual.com\/inicio\/#organization"},"potentialAction":[{"@type":"SearchAction","target":{"@type":"EntryPoint","urlTemplate":"https:\/\/diariotextual.com\/inicio\/?s={search_term_string}"},"query-input":{"@type":"PropertyValueSpecification","valueRequired":true,"valueName":"search_term_string"}}],"inLanguage":"es"},{"@type":"Organization","@id":"https:\/\/diariotextual.com\/inicio\/#organization","name":"Diario Textual","url":"https:\/\/diariotextual.com\/inicio\/","logo":{"@type":"ImageObject","inLanguage":"es","@id":"https:\/\/diariotextual.com\/inicio\/#\/schema\/logo\/image\/","url":"https:\/\/diariotextual.com\/inicio\/wp-content\/uploads\/2023\/05\/logotextual1.jpg","contentUrl":"https:\/\/diariotextual.com\/inicio\/wp-content\/uploads\/2023\/05\/logotextual1.jpg","width":516,"height":76,"caption":"Diario Textual"},"image":{"@id":"https:\/\/diariotextual.com\/inicio\/#\/schema\/logo\/image\/"},"sameAs":["https:\/\/www.facebook.com\/eltextual","https:\/\/x.com\/eltextual","http:\/\/www.instagram.com\/eltextual"]},{"@type":"Person","@id":"https:\/\/diariotextual.com\/inicio\/#\/schema\/person\/c7834961ad8b29b1d9cdbf4571299067","name":"diario5","image":{"@type":"ImageObject","inLanguage":"es","@id":"https:\/\/secure.gravatar.com\/avatar\/948c893b847ca6df68216ead81b63f363408ec9b0f600fefc0641ce78613b111?s=96&d=mm&r=g","url":"https:\/\/secure.gravatar.com\/avatar\/948c893b847ca6df68216ead81b63f363408ec9b0f600fefc0641ce78613b111?s=96&d=mm&r=g","contentUrl":"https:\/\/secure.gravatar.com\/avatar\/948c893b847ca6df68216ead81b63f363408ec9b0f600fefc0641ce78613b111?s=96&d=mm&r=g","caption":"diario5"},"url":"https:\/\/diariotextual.com\/inicio\/index.php\/author\/diario5\/"}]}},"_links":{"self":[{"href":"https:\/\/diariotextual.com\/inicio\/index.php\/wp-json\/wp\/v2\/posts\/251258","targetHints":{"allow":["GET"]}}],"collection":[{"href":"https:\/\/diariotextual.com\/inicio\/index.php\/wp-json\/wp\/v2\/posts"}],"about":[{"href":"https:\/\/diariotextual.com\/inicio\/index.php\/wp-json\/wp\/v2\/types\/post"}],"author":[{"embeddable":true,"href":"https:\/\/diariotextual.com\/inicio\/index.php\/wp-json\/wp\/v2\/users\/7"}],"replies":[{"embeddable":true,"href":"https:\/\/diariotextual.com\/inicio\/index.php\/wp-json\/wp\/v2\/comments?post=251258"}],"version-history":[{"count":3,"href":"https:\/\/diariotextual.com\/inicio\/index.php\/wp-json\/wp\/v2\/posts\/251258\/revisions"}],"predecessor-version":[{"id":251264,"href":"https:\/\/diariotextual.com\/inicio\/index.php\/wp-json\/wp\/v2\/posts\/251258\/revisions\/251264"}],"wp:featuredmedia":[{"embeddable":true,"href":"https:\/\/diariotextual.com\/inicio\/index.php\/wp-json\/wp\/v2\/media\/251194"}],"wp:attachment":[{"href":"https:\/\/diariotextual.com\/inicio\/index.php\/wp-json\/wp\/v2\/media?parent=251258"}],"wp:term":[{"taxonomy":"category","embeddable":true,"href":"https:\/\/diariotextual.com\/inicio\/index.php\/wp-json\/wp\/v2\/categories?post=251258"},{"taxonomy":"post_tag","embeddable":true,"href":"https:\/\/diariotextual.com\/inicio\/index.php\/wp-json\/wp\/v2\/tags?post=251258"}],"curies":[{"name":"wp","href":"https:\/\/api.w.org\/{rel}","templated":true}]}}