{"id":251381,"date":"2024-01-18T11:37:54","date_gmt":"2024-01-18T14:37:54","guid":{"rendered":"https:\/\/diariotextual.com\/inicio\/?p=251381"},"modified":"2024-01-18T18:27:54","modified_gmt":"2024-01-18T21:27:54","slug":"el-gobierno-anuncio-que-descontara-el-dia-a-los-empleados-estatales-nacionales-que-adhieran-al-paro","status":"publish","type":"post","link":"https:\/\/diariotextual.com\/inicio\/index.php\/2024\/01\/18\/el-gobierno-anuncio-que-descontara-el-dia-a-los-empleados-estatales-nacionales-que-adhieran-al-paro\/","title":{"rendered":"El Gobierno anunci\u00f3 que descontar\u00e1 el d\u00eda a los empleados estatales nacionales que adhieran al paro"},"content":{"rendered":"\n<p>El vocero presidencial <strong>Manuel Adorni<\/strong> oficializ\u00f3 en la rueda de prensa que ofreci\u00f3 en Casa Rosada que los empleados estatales nacionales que adhieran al paro del d\u00eda 24 sufrir\u00e1n un descuento del d\u00eda. <strong>\u201cQuien no trabaja es razonable que no cobre\u201d<\/strong>, apunt\u00f3. Adem\u00e1s reiter\u00f3 que se abri\u00f3 la l\u00ednea 134 para quienes quieran denunciar que son amenazados para sumarse a la medida de fuerza.<\/p>\n\n\n\n<p>\u201cSe ha tomado la decisi\u00f3n de\u00a0<strong>descontar el d\u00eda a los empleados estatales nacionales que se adhieran al paro<\/strong>. El salario es una contraprestaci\u00f3n y\u00a0<strong>quien no trabaja es razonable que no cobre<\/strong>\u201d, expres\u00f3.<\/p>\n\n\n\n<p>\u201c<strong>Seguimos esperando los argumentos del por qu\u00e9 del paro<\/strong>, que no nos terminan de quedar claro\u201d, agreg\u00f3 Adorni antes de recordar que ya est\u00e1 abierta la\u00a0<strong>l\u00ednea 134<\/strong>\u00a0para que hagan la denuncia quienes se sientan amenazados y obligados a adherir a la medida de fuerza.<\/p>\n\n\n\n<p>Luego puso la mira en <strong>Pablo Moyano<\/strong>, quien ha ganado centralidad en lo que tiene que ver con el impulso de de la medida de fuerza. \u201cEscuch\u00e9 al hijo de Hugo Moyano decir que el pa\u00eds est\u00e1 funcionando y que no era necesario el DNU ni la ley (\u00f3mnibus)\u2026 Hay que ver qu\u00e9 considera \u00e9l lo que es un pa\u00eds funcionando o para qui\u00e9nes funciona ese pa\u00eds que \u00e9l describe o ve con aparente claridad\u201d, reflexion\u00f3 el vocero presidencial.<\/p>\n\n\n\n<p>\u00a0<\/p>\n\n\n\n<p><\/p>\n\n\n\n<p><\/p>\n","protected":false},"excerpt":{"rendered":"<p>El vocero presidencial Manuel Adorni oficializ\u00f3 en la rueda de prensa que ofreci\u00f3 en Casa Rosada que los empleados estatales nacionales que adhieran al paro del d\u00eda 24 sufrir\u00e1n un&hellip;<\/p>\n","protected":false},"author":3,"featured_media":250140,"comment_status":"closed","ping_status":"open","sticky":false,"template":"","format":"standard","meta":{"_acf_changed":false,"footnotes":""},"categories":[1,8],"tags":[],"class_list":["post-251381","post","type-post","status-publish","format-standard","has-post-thumbnail","hentry","category-es-noticia","category-politica"],"acf":[],"yoast_head":"<!-- This site is optimized with the Yoast SEO plugin v27.5 - https:\/\/yoast.com\/product\/yoast-seo-wordpress\/ -->\n<title>El Gobierno anunci\u00f3 que descontar\u00e1 el d\u00eda a los empleados estatales nacionales que adhieran al paro - Diario Textual<\/title>\n<meta name=\"robots\" content=\"index, follow, max-snippet:-1, max-image-preview:large, max-video-preview:-1\" \/>\n<link rel=\"canonical\" href=\"https:\/\/diariotextual.com\/inicio\/index.php\/2024\/01\/18\/el-gobierno-anuncio-que-descontara-el-dia-a-los-empleados-estatales-nacionales-que-adhieran-al-paro\/\" \/>\n<meta property=\"og:locale\" content=\"es_ES\" \/>\n<meta property=\"og:type\" content=\"article\" \/>\n<meta property=\"og:title\" content=\"El Gobierno anunci\u00f3 que descontar\u00e1 el d\u00eda a los empleados estatales nacionales que adhieran al paro - Diario Textual\" \/>\n<meta property=\"og:description\" content=\"El vocero presidencial Manuel Adorni oficializ\u00f3 en la rueda de prensa que ofreci\u00f3 en Casa Rosada que los empleados estatales nacionales que adhieran al paro del d\u00eda 24 sufrir\u00e1n un&hellip;\" \/>\n<meta property=\"og:url\" content=\"https:\/\/diariotextual.com\/inicio\/index.php\/2024\/01\/18\/el-gobierno-anuncio-que-descontara-el-dia-a-los-empleados-estatales-nacionales-que-adhieran-al-paro\/\" \/>\n<meta property=\"og:site_name\" content=\"Diario Textual\" \/>\n<meta property=\"article:publisher\" content=\"https:\/\/www.facebook.com\/eltextual\" \/>\n<meta property=\"article:published_time\" content=\"2024-01-18T14:37:54+00:00\" \/>\n<meta property=\"article:modified_time\" content=\"2024-01-18T21:27:54+00:00\" \/>\n<meta property=\"og:image\" content=\"https:\/\/diariotextual.com\/inicio\/wp-content\/uploads\/2024\/01\/adornimanuel2024-10.jpg\" \/>\n\t<meta property=\"og:image:width\" content=\"1024\" \/>\n\t<meta property=\"og:image:height\" content=\"683\" \/>\n\t<meta property=\"og:image:type\" content=\"image\/jpeg\" \/>\n<meta name=\"author\" content=\"Diario1 Diario1\" \/>\n<meta name=\"twitter:card\" content=\"summary_large_image\" \/>\n<meta name=\"twitter:creator\" content=\"@eltextual\" \/>\n<meta name=\"twitter:site\" content=\"@eltextual\" \/>\n<meta name=\"twitter:label1\" content=\"Escrito por\" \/>\n\t<meta name=\"twitter:data1\" content=\"Diario1 Diario1\" \/>\n\t<meta name=\"twitter:label2\" content=\"Tiempo de lectura\" \/>\n\t<meta name=\"twitter:data2\" content=\"2 minutos\" \/>\n<script type=\"application\/ld+json\" class=\"yoast-schema-graph\">{\"@context\":\"https:\\\/\\\/schema.org\",\"@graph\":[{\"@type\":\"Article\",\"@id\":\"https:\\\/\\\/diariotextual.com\\\/inicio\\\/index.php\\\/2024\\\/01\\\/18\\\/el-gobierno-anuncio-que-descontara-el-dia-a-los-empleados-estatales-nacionales-que-adhieran-al-paro\\\/#article\",\"isPartOf\":{\"@id\":\"https:\\\/\\\/diariotextual.com\\\/inicio\\\/index.php\\\/2024\\\/01\\\/18\\\/el-gobierno-anuncio-que-descontara-el-dia-a-los-empleados-estatales-nacionales-que-adhieran-al-paro\\\/\"},\"author\":{\"name\":\"Diario1 Diario1\",\"@id\":\"https:\\\/\\\/diariotextual.com\\\/inicio\\\/#\\\/schema\\\/person\\\/418fc4093c33e86ed41562db3508f958\"},\"headline\":\"El Gobierno anunci\u00f3 que descontar\u00e1 el d\u00eda a los empleados estatales nacionales que adhieran al paro\",\"datePublished\":\"2024-01-18T14:37:54+00:00\",\"dateModified\":\"2024-01-18T21:27:54+00:00\",\"mainEntityOfPage\":{\"@id\":\"https:\\\/\\\/diariotextual.com\\\/inicio\\\/index.php\\\/2024\\\/01\\\/18\\\/el-gobierno-anuncio-que-descontara-el-dia-a-los-empleados-estatales-nacionales-que-adhieran-al-paro\\\/\"},\"wordCount\":250,\"publisher\":{\"@id\":\"https:\\\/\\\/diariotextual.com\\\/inicio\\\/#organization\"},\"image\":{\"@id\":\"https:\\\/\\\/diariotextual.com\\\/inicio\\\/index.php\\\/2024\\\/01\\\/18\\\/el-gobierno-anuncio-que-descontara-el-dia-a-los-empleados-estatales-nacionales-que-adhieran-al-paro\\\/#primaryimage\"},\"thumbnailUrl\":\"https:\\\/\\\/diariotextual.com\\\/inicio\\\/wp-content\\\/uploads\\\/2024\\\/01\\\/adornimanuel2024-10.jpg\",\"articleSection\":[\"A - ES NOTICIA (van abajo)\",\"POLITICA\"],\"inLanguage\":\"es\"},{\"@type\":\"WebPage\",\"@id\":\"https:\\\/\\\/diariotextual.com\\\/inicio\\\/index.php\\\/2024\\\/01\\\/18\\\/el-gobierno-anuncio-que-descontara-el-dia-a-los-empleados-estatales-nacionales-que-adhieran-al-paro\\\/\",\"url\":\"https:\\\/\\\/diariotextual.com\\\/inicio\\\/index.php\\\/2024\\\/01\\\/18\\\/el-gobierno-anuncio-que-descontara-el-dia-a-los-empleados-estatales-nacionales-que-adhieran-al-paro\\\/\",\"name\":\"El Gobierno anunci\u00f3 que descontar\u00e1 el d\u00eda a los empleados estatales nacionales que adhieran al paro - Diario Textual\",\"isPartOf\":{\"@id\":\"https:\\\/\\\/diariotextual.com\\\/inicio\\\/#website\"},\"primaryImageOfPage\":{\"@id\":\"https:\\\/\\\/diariotextual.com\\\/inicio\\\/index.php\\\/2024\\\/01\\\/18\\\/el-gobierno-anuncio-que-descontara-el-dia-a-los-empleados-estatales-nacionales-que-adhieran-al-paro\\\/#primaryimage\"},\"image\":{\"@id\":\"https:\\\/\\\/diariotextual.com\\\/inicio\\\/index.php\\\/2024\\\/01\\\/18\\\/el-gobierno-anuncio-que-descontara-el-dia-a-los-empleados-estatales-nacionales-que-adhieran-al-paro\\\/#primaryimage\"},\"thumbnailUrl\":\"https:\\\/\\\/diariotextual.com\\\/inicio\\\/wp-content\\\/uploads\\\/2024\\\/01\\\/adornimanuel2024-10.jpg\",\"datePublished\":\"2024-01-18T14:37:54+00:00\",\"dateModified\":\"2024-01-18T21:27:54+00:00\",\"breadcrumb\":{\"@id\":\"https:\\\/\\\/diariotextual.com\\\/inicio\\\/index.php\\\/2024\\\/01\\\/18\\\/el-gobierno-anuncio-que-descontara-el-dia-a-los-empleados-estatales-nacionales-que-adhieran-al-paro\\\/#breadcrumb\"},\"inLanguage\":\"es\",\"potentialAction\":[{\"@type\":\"ReadAction\",\"target\":[\"https:\\\/\\\/diariotextual.com\\\/inicio\\\/index.php\\\/2024\\\/01\\\/18\\\/el-gobierno-anuncio-que-descontara-el-dia-a-los-empleados-estatales-nacionales-que-adhieran-al-paro\\\/\"]}]},{\"@type\":\"ImageObject\",\"inLanguage\":\"es\",\"@id\":\"https:\\\/\\\/diariotextual.com\\\/inicio\\\/index.php\\\/2024\\\/01\\\/18\\\/el-gobierno-anuncio-que-descontara-el-dia-a-los-empleados-estatales-nacionales-que-adhieran-al-paro\\\/#primaryimage\",\"url\":\"https:\\\/\\\/diariotextual.com\\\/inicio\\\/wp-content\\\/uploads\\\/2024\\\/01\\\/adornimanuel2024-10.jpg\",\"contentUrl\":\"https:\\\/\\\/diariotextual.com\\\/inicio\\\/wp-content\\\/uploads\\\/2024\\\/01\\\/adornimanuel2024-10.jpg\",\"width\":1024,\"height\":683},{\"@type\":\"BreadcrumbList\",\"@id\":\"https:\\\/\\\/diariotextual.com\\\/inicio\\\/index.php\\\/2024\\\/01\\\/18\\\/el-gobierno-anuncio-que-descontara-el-dia-a-los-empleados-estatales-nacionales-que-adhieran-al-paro\\\/#breadcrumb\",\"itemListElement\":[{\"@type\":\"ListItem\",\"position\":1,\"name\":\"Portada\",\"item\":\"https:\\\/\\\/diariotextual.com\\\/inicio\\\/\"},{\"@type\":\"ListItem\",\"position\":2,\"name\":\"El Gobierno anunci\u00f3 que descontar\u00e1 el d\u00eda a los empleados estatales nacionales que adhieran al paro\"}]},{\"@type\":\"WebSite\",\"@id\":\"https:\\\/\\\/diariotextual.com\\\/inicio\\\/#website\",\"url\":\"https:\\\/\\\/diariotextual.com\\\/inicio\\\/\",\"name\":\"Diario Textual\",\"description\":\"\",\"publisher\":{\"@id\":\"https:\\\/\\\/diariotextual.com\\\/inicio\\\/#organization\"},\"potentialAction\":[{\"@type\":\"SearchAction\",\"target\":{\"@type\":\"EntryPoint\",\"urlTemplate\":\"https:\\\/\\\/diariotextual.com\\\/inicio\\\/?s={search_term_string}\"},\"query-input\":{\"@type\":\"PropertyValueSpecification\",\"valueRequired\":true,\"valueName\":\"search_term_string\"}}],\"inLanguage\":\"es\"},{\"@type\":\"Organization\",\"@id\":\"https:\\\/\\\/diariotextual.com\\\/inicio\\\/#organization\",\"name\":\"Diario Textual\",\"url\":\"https:\\\/\\\/diariotextual.com\\\/inicio\\\/\",\"logo\":{\"@type\":\"ImageObject\",\"inLanguage\":\"es\",\"@id\":\"https:\\\/\\\/diariotextual.com\\\/inicio\\\/#\\\/schema\\\/logo\\\/image\\\/\",\"url\":\"https:\\\/\\\/diariotextual.com\\\/inicio\\\/wp-content\\\/uploads\\\/2023\\\/05\\\/logotextual1.jpg\",\"contentUrl\":\"https:\\\/\\\/diariotextual.com\\\/inicio\\\/wp-content\\\/uploads\\\/2023\\\/05\\\/logotextual1.jpg\",\"width\":516,\"height\":76,\"caption\":\"Diario Textual\"},\"image\":{\"@id\":\"https:\\\/\\\/diariotextual.com\\\/inicio\\\/#\\\/schema\\\/logo\\\/image\\\/\"},\"sameAs\":[\"https:\\\/\\\/www.facebook.com\\\/eltextual\",\"https:\\\/\\\/x.com\\\/eltextual\",\"http:\\\/\\\/www.instagram.com\\\/eltextual\"]},{\"@type\":\"Person\",\"@id\":\"https:\\\/\\\/diariotextual.com\\\/inicio\\\/#\\\/schema\\\/person\\\/418fc4093c33e86ed41562db3508f958\",\"name\":\"Diario1 Diario1\",\"image\":{\"@type\":\"ImageObject\",\"inLanguage\":\"es\",\"@id\":\"https:\\\/\\\/secure.gravatar.com\\\/avatar\\\/9167d280179c85bc18be67aa7eda765854300033af4896dd779b608640f2ef7a?s=96&d=mm&r=g\",\"url\":\"https:\\\/\\\/secure.gravatar.com\\\/avatar\\\/9167d280179c85bc18be67aa7eda765854300033af4896dd779b608640f2ef7a?s=96&d=mm&r=g\",\"contentUrl\":\"https:\\\/\\\/secure.gravatar.com\\\/avatar\\\/9167d280179c85bc18be67aa7eda765854300033af4896dd779b608640f2ef7a?s=96&d=mm&r=g\",\"caption\":\"Diario1 Diario1\"},\"url\":\"https:\\\/\\\/diariotextual.com\\\/inicio\\\/index.php\\\/author\\\/diario1\\\/\"}]}<\/script>\n<!-- \/ Yoast SEO plugin. -->","yoast_head_json":{"title":"El Gobierno anunci\u00f3 que descontar\u00e1 el d\u00eda a los empleados estatales nacionales que adhieran al paro - Diario Textual","robots":{"index":"index","follow":"follow","max-snippet":"max-snippet:-1","max-image-preview":"max-image-preview:large","max-video-preview":"max-video-preview:-1"},"canonical":"https:\/\/diariotextual.com\/inicio\/index.php\/2024\/01\/18\/el-gobierno-anuncio-que-descontara-el-dia-a-los-empleados-estatales-nacionales-que-adhieran-al-paro\/","og_locale":"es_ES","og_type":"article","og_title":"El Gobierno anunci\u00f3 que descontar\u00e1 el d\u00eda a los empleados estatales nacionales que adhieran al paro - Diario Textual","og_description":"El vocero presidencial Manuel Adorni oficializ\u00f3 en la rueda de prensa que ofreci\u00f3 en Casa Rosada que los empleados estatales nacionales que adhieran al paro del d\u00eda 24 sufrir\u00e1n un&hellip;","og_url":"https:\/\/diariotextual.com\/inicio\/index.php\/2024\/01\/18\/el-gobierno-anuncio-que-descontara-el-dia-a-los-empleados-estatales-nacionales-que-adhieran-al-paro\/","og_site_name":"Diario Textual","article_publisher":"https:\/\/www.facebook.com\/eltextual","article_published_time":"2024-01-18T14:37:54+00:00","article_modified_time":"2024-01-18T21:27:54+00:00","og_image":[{"width":1024,"height":683,"url":"https:\/\/diariotextual.com\/inicio\/wp-content\/uploads\/2024\/01\/adornimanuel2024-10.jpg","type":"image\/jpeg"}],"author":"Diario1 Diario1","twitter_card":"summary_large_image","twitter_creator":"@eltextual","twitter_site":"@eltextual","twitter_misc":{"Escrito por":"Diario1 Diario1","Tiempo de lectura":"2 minutos"},"schema":{"@context":"https:\/\/schema.org","@graph":[{"@type":"Article","@id":"https:\/\/diariotextual.com\/inicio\/index.php\/2024\/01\/18\/el-gobierno-anuncio-que-descontara-el-dia-a-los-empleados-estatales-nacionales-que-adhieran-al-paro\/#article","isPartOf":{"@id":"https:\/\/diariotextual.com\/inicio\/index.php\/2024\/01\/18\/el-gobierno-anuncio-que-descontara-el-dia-a-los-empleados-estatales-nacionales-que-adhieran-al-paro\/"},"author":{"name":"Diario1 Diario1","@id":"https:\/\/diariotextual.com\/inicio\/#\/schema\/person\/418fc4093c33e86ed41562db3508f958"},"headline":"El Gobierno anunci\u00f3 que descontar\u00e1 el d\u00eda a los empleados estatales nacionales que adhieran al paro","datePublished":"2024-01-18T14:37:54+00:00","dateModified":"2024-01-18T21:27:54+00:00","mainEntityOfPage":{"@id":"https:\/\/diariotextual.com\/inicio\/index.php\/2024\/01\/18\/el-gobierno-anuncio-que-descontara-el-dia-a-los-empleados-estatales-nacionales-que-adhieran-al-paro\/"},"wordCount":250,"publisher":{"@id":"https:\/\/diariotextual.com\/inicio\/#organization"},"image":{"@id":"https:\/\/diariotextual.com\/inicio\/index.php\/2024\/01\/18\/el-gobierno-anuncio-que-descontara-el-dia-a-los-empleados-estatales-nacionales-que-adhieran-al-paro\/#primaryimage"},"thumbnailUrl":"https:\/\/diariotextual.com\/inicio\/wp-content\/uploads\/2024\/01\/adornimanuel2024-10.jpg","articleSection":["A - ES NOTICIA (van abajo)","POLITICA"],"inLanguage":"es"},{"@type":"WebPage","@id":"https:\/\/diariotextual.com\/inicio\/index.php\/2024\/01\/18\/el-gobierno-anuncio-que-descontara-el-dia-a-los-empleados-estatales-nacionales-que-adhieran-al-paro\/","url":"https:\/\/diariotextual.com\/inicio\/index.php\/2024\/01\/18\/el-gobierno-anuncio-que-descontara-el-dia-a-los-empleados-estatales-nacionales-que-adhieran-al-paro\/","name":"El Gobierno anunci\u00f3 que descontar\u00e1 el d\u00eda a los empleados estatales nacionales que adhieran al paro - Diario Textual","isPartOf":{"@id":"https:\/\/diariotextual.com\/inicio\/#website"},"primaryImageOfPage":{"@id":"https:\/\/diariotextual.com\/inicio\/index.php\/2024\/01\/18\/el-gobierno-anuncio-que-descontara-el-dia-a-los-empleados-estatales-nacionales-que-adhieran-al-paro\/#primaryimage"},"image":{"@id":"https:\/\/diariotextual.com\/inicio\/index.php\/2024\/01\/18\/el-gobierno-anuncio-que-descontara-el-dia-a-los-empleados-estatales-nacionales-que-adhieran-al-paro\/#primaryimage"},"thumbnailUrl":"https:\/\/diariotextual.com\/inicio\/wp-content\/uploads\/2024\/01\/adornimanuel2024-10.jpg","datePublished":"2024-01-18T14:37:54+00:00","dateModified":"2024-01-18T21:27:54+00:00","breadcrumb":{"@id":"https:\/\/diariotextual.com\/inicio\/index.php\/2024\/01\/18\/el-gobierno-anuncio-que-descontara-el-dia-a-los-empleados-estatales-nacionales-que-adhieran-al-paro\/#breadcrumb"},"inLanguage":"es","potentialAction":[{"@type":"ReadAction","target":["https:\/\/diariotextual.com\/inicio\/index.php\/2024\/01\/18\/el-gobierno-anuncio-que-descontara-el-dia-a-los-empleados-estatales-nacionales-que-adhieran-al-paro\/"]}]},{"@type":"ImageObject","inLanguage":"es","@id":"https:\/\/diariotextual.com\/inicio\/index.php\/2024\/01\/18\/el-gobierno-anuncio-que-descontara-el-dia-a-los-empleados-estatales-nacionales-que-adhieran-al-paro\/#primaryimage","url":"https:\/\/diariotextual.com\/inicio\/wp-content\/uploads\/2024\/01\/adornimanuel2024-10.jpg","contentUrl":"https:\/\/diariotextual.com\/inicio\/wp-content\/uploads\/2024\/01\/adornimanuel2024-10.jpg","width":1024,"height":683},{"@type":"BreadcrumbList","@id":"https:\/\/diariotextual.com\/inicio\/index.php\/2024\/01\/18\/el-gobierno-anuncio-que-descontara-el-dia-a-los-empleados-estatales-nacionales-que-adhieran-al-paro\/#breadcrumb","itemListElement":[{"@type":"ListItem","position":1,"name":"Portada","item":"https:\/\/diariotextual.com\/inicio\/"},{"@type":"ListItem","position":2,"name":"El Gobierno anunci\u00f3 que descontar\u00e1 el d\u00eda a los empleados estatales nacionales que adhieran al paro"}]},{"@type":"WebSite","@id":"https:\/\/diariotextual.com\/inicio\/#website","url":"https:\/\/diariotextual.com\/inicio\/","name":"Diario Textual","description":"","publisher":{"@id":"https:\/\/diariotextual.com\/inicio\/#organization"},"potentialAction":[{"@type":"SearchAction","target":{"@type":"EntryPoint","urlTemplate":"https:\/\/diariotextual.com\/inicio\/?s={search_term_string}"},"query-input":{"@type":"PropertyValueSpecification","valueRequired":true,"valueName":"search_term_string"}}],"inLanguage":"es"},{"@type":"Organization","@id":"https:\/\/diariotextual.com\/inicio\/#organization","name":"Diario Textual","url":"https:\/\/diariotextual.com\/inicio\/","logo":{"@type":"ImageObject","inLanguage":"es","@id":"https:\/\/diariotextual.com\/inicio\/#\/schema\/logo\/image\/","url":"https:\/\/diariotextual.com\/inicio\/wp-content\/uploads\/2023\/05\/logotextual1.jpg","contentUrl":"https:\/\/diariotextual.com\/inicio\/wp-content\/uploads\/2023\/05\/logotextual1.jpg","width":516,"height":76,"caption":"Diario Textual"},"image":{"@id":"https:\/\/diariotextual.com\/inicio\/#\/schema\/logo\/image\/"},"sameAs":["https:\/\/www.facebook.com\/eltextual","https:\/\/x.com\/eltextual","http:\/\/www.instagram.com\/eltextual"]},{"@type":"Person","@id":"https:\/\/diariotextual.com\/inicio\/#\/schema\/person\/418fc4093c33e86ed41562db3508f958","name":"Diario1 Diario1","image":{"@type":"ImageObject","inLanguage":"es","@id":"https:\/\/secure.gravatar.com\/avatar\/9167d280179c85bc18be67aa7eda765854300033af4896dd779b608640f2ef7a?s=96&d=mm&r=g","url":"https:\/\/secure.gravatar.com\/avatar\/9167d280179c85bc18be67aa7eda765854300033af4896dd779b608640f2ef7a?s=96&d=mm&r=g","contentUrl":"https:\/\/secure.gravatar.com\/avatar\/9167d280179c85bc18be67aa7eda765854300033af4896dd779b608640f2ef7a?s=96&d=mm&r=g","caption":"Diario1 Diario1"},"url":"https:\/\/diariotextual.com\/inicio\/index.php\/author\/diario1\/"}]}},"_links":{"self":[{"href":"https:\/\/diariotextual.com\/inicio\/index.php\/wp-json\/wp\/v2\/posts\/251381","targetHints":{"allow":["GET"]}}],"collection":[{"href":"https:\/\/diariotextual.com\/inicio\/index.php\/wp-json\/wp\/v2\/posts"}],"about":[{"href":"https:\/\/diariotextual.com\/inicio\/index.php\/wp-json\/wp\/v2\/types\/post"}],"author":[{"embeddable":true,"href":"https:\/\/diariotextual.com\/inicio\/index.php\/wp-json\/wp\/v2\/users\/3"}],"replies":[{"embeddable":true,"href":"https:\/\/diariotextual.com\/inicio\/index.php\/wp-json\/wp\/v2\/comments?post=251381"}],"version-history":[{"count":4,"href":"https:\/\/diariotextual.com\/inicio\/index.php\/wp-json\/wp\/v2\/posts\/251381\/revisions"}],"predecessor-version":[{"id":251385,"href":"https:\/\/diariotextual.com\/inicio\/index.php\/wp-json\/wp\/v2\/posts\/251381\/revisions\/251385"}],"wp:featuredmedia":[{"embeddable":true,"href":"https:\/\/diariotextual.com\/inicio\/index.php\/wp-json\/wp\/v2\/media\/250140"}],"wp:attachment":[{"href":"https:\/\/diariotextual.com\/inicio\/index.php\/wp-json\/wp\/v2\/media?parent=251381"}],"wp:term":[{"taxonomy":"category","embeddable":true,"href":"https:\/\/diariotextual.com\/inicio\/index.php\/wp-json\/wp\/v2\/categories?post=251381"},{"taxonomy":"post_tag","embeddable":true,"href":"https:\/\/diariotextual.com\/inicio\/index.php\/wp-json\/wp\/v2\/tags?post=251381"}],"curies":[{"name":"wp","href":"https:\/\/api.w.org\/{rel}","templated":true}]}}