{"id":251398,"date":"2024-01-18T13:54:40","date_gmt":"2024-01-18T16:54:40","guid":{"rendered":"https:\/\/diariotextual.com\/inicio\/?p=251398"},"modified":"2024-01-18T13:54:43","modified_gmt":"2024-01-18T16:54:43","slug":"la-corte-suprema-define-reclamo-de-la-cgt-contra-dnu-de-milei","status":"publish","type":"post","link":"https:\/\/diariotextual.com\/inicio\/index.php\/2024\/01\/18\/la-corte-suprema-define-reclamo-de-la-cgt-contra-dnu-de-milei\/","title":{"rendered":"La Corte Suprema define reclamo de la CGT contra DNU de Milei"},"content":{"rendered":"\n<p>La C\u00e1mara Nacional de Trabajo concedi\u00f3 el recurso extraordinario presentado por el Gobierno nacional y elevar\u00e1 a la Corte Suprema la causa de la CGT contra el Decreto de Necesidad y Urgencia del presidente Javier Milei.<\/p>\n\n\n\n<p>De este modo, ser\u00e1 el m\u00e1ximo tribunal de Justicia encabezado por Horacio Rosatti el encargado de definir la cuesti\u00f3n del cap\u00edtulo referido al trabajo, en el marco del DNU de desregulaci\u00f3n de la econom\u00eda enviado por el mandatario nacional al Congreso hace un mes.<\/p>\n\n\n\n<p>Hasta aqu\u00ed, la CGT ya consigui\u00f3 el dictado de una medida cautelar que suspendi\u00f3 provisoriamente los efectos del cap\u00edtulo laboral del DNU.<\/p>\n\n\n\n<p>La C\u00e1mara Nacional del Trabajo concedi\u00f3 la apelaci\u00f3n del Gobierno contra su propio fallo y lo hizo con efecto \u201cdevolutivo\u201d, esto es que mientras se est\u00e1 a la espera de lo que resuelva la Corte Suprema de Justicia, la reforma laboral sigue suspendida.<\/p>\n\n\n\n<p>Es un recurso extraordinario que interpuso la Procuraci\u00f3n del Tesoro contra la cautelar que fren\u00f3 las modificaciones laborales que se fijaron en el DNU 70\/2023 del presidente Javier Milei.<\/p>\n\n\n\n<p>La CGT considera que el DNU 70\/2023 viola el principio de divisi\u00f3n de poderes y establece una reforma laboral con modificaciones \u201cpeyorativas y permanentes\u201d en los derechos de los trabajadores y sus organizaciones sindicales, garantizados por los tratados internacionales y la propia Constituci\u00f3n Nacional.<\/p>\n\n\n\n<p>El pedido de habilitaci\u00f3n de feria hab\u00eda sido formulado esta ma\u00f1ana a trav\u00e9s de un escrito presentado por H\u00e9ctor Daer, en su car\u00e1cter del secretario General de la CGT, con el patrocinio del abogado Pablo Topet.<\/p>\n\n\n\n<p>El cap\u00edtulo que objeta la principal representaci\u00f3n sindical de los asalariados de la Argentina contempla, entre otras cosas, la ampliaci\u00f3n del per\u00edodo de prueba hasta los ocho meses, la incorporaci\u00f3n de los bloqueos o tomas de establecimientos como causa de despido y cambios en el sistema de indemnizaciones.<\/p>\n\n\n\n<p>La jueza nacional del Trabajo Silvia Garzini habilit\u00f3 la feria judicial y le hab\u00eda concedido 72 horas al Poder Ejecutivo Nacional para emitir su informe por la acci\u00f3n de amparo presentada por la Confederaci\u00f3n General del Trabajo (CGT) contra el cap\u00edtulo laboral del Decreto de Necesidad y Urgencia (DNU) de desregulaci\u00f3n econ\u00f3mica del presidente Javier Milei.<\/p>\n\n\n\n<p>La jueza dispuso \u201crequerir al Poder Ejecutivo Nacional que en el plazo de 72 horas evacue el informe circunstanciado al que alude el art\u00edculo 8 de la ley 16.986\u201d, seg\u00fan surge de la resoluci\u00f3n de tres p\u00e1ginas. Despu\u00e9s de cumplido el plazo fijado por la jueza, la magistrada estar\u00e1 en condiciones de dictar un fallo.<\/p>\n","protected":false},"excerpt":{"rendered":"<p>La C\u00e1mara Nacional de Trabajo concedi\u00f3 el recurso extraordinario presentado por el Gobierno nacional y elevar\u00e1 a la Corte Suprema la causa de la CGT contra el Decreto de Necesidad&hellip;<\/p>\n","protected":false},"author":5,"featured_media":251399,"comment_status":"closed","ping_status":"open","sticky":false,"template":"","format":"standard","meta":{"_acf_changed":false,"footnotes":""},"categories":[1,8],"tags":[1474,6313],"class_list":["post-251398","post","type-post","status-publish","format-standard","has-post-thumbnail","hentry","category-es-noticia","category-politica","tag-dnu","tag-milei"],"acf":[],"yoast_head":"<!-- This site is optimized with the Yoast SEO plugin v27.5 - https:\/\/yoast.com\/product\/yoast-seo-wordpress\/ -->\n<title>La Corte Suprema define reclamo de la CGT contra DNU de Milei - Diario Textual<\/title>\n<meta name=\"robots\" content=\"index, follow, max-snippet:-1, max-image-preview:large, max-video-preview:-1\" \/>\n<link rel=\"canonical\" href=\"https:\/\/diariotextual.com\/inicio\/index.php\/2024\/01\/18\/la-corte-suprema-define-reclamo-de-la-cgt-contra-dnu-de-milei\/\" \/>\n<meta property=\"og:locale\" content=\"es_ES\" \/>\n<meta property=\"og:type\" content=\"article\" \/>\n<meta property=\"og:title\" content=\"La Corte Suprema define reclamo de la CGT contra DNU de Milei - Diario Textual\" \/>\n<meta property=\"og:description\" content=\"La C\u00e1mara Nacional de Trabajo concedi\u00f3 el recurso extraordinario presentado por el Gobierno nacional y elevar\u00e1 a la Corte Suprema la causa de la CGT contra el Decreto de Necesidad&hellip;\" \/>\n<meta property=\"og:url\" content=\"https:\/\/diariotextual.com\/inicio\/index.php\/2024\/01\/18\/la-corte-suprema-define-reclamo-de-la-cgt-contra-dnu-de-milei\/\" \/>\n<meta property=\"og:site_name\" content=\"Diario Textual\" \/>\n<meta property=\"article:publisher\" content=\"https:\/\/www.facebook.com\/eltextual\" \/>\n<meta property=\"article:published_time\" content=\"2024-01-18T16:54:40+00:00\" \/>\n<meta property=\"article:modified_time\" content=\"2024-01-18T16:54:43+00:00\" \/>\n<meta property=\"og:image\" content=\"https:\/\/diariotextual.com\/inicio\/wp-content\/uploads\/2024\/01\/cortesupremadejusticia2024.jpg\" \/>\n\t<meta property=\"og:image:width\" content=\"900\" \/>\n\t<meta property=\"og:image:height\" content=\"506\" \/>\n\t<meta property=\"og:image:type\" content=\"image\/jpeg\" \/>\n<meta name=\"author\" content=\"diario3\" \/>\n<meta name=\"twitter:card\" content=\"summary_large_image\" \/>\n<meta name=\"twitter:creator\" content=\"@eltextual\" \/>\n<meta name=\"twitter:site\" content=\"@eltextual\" \/>\n<meta name=\"twitter:label1\" content=\"Escrito por\" \/>\n\t<meta name=\"twitter:data1\" content=\"diario3\" \/>\n\t<meta name=\"twitter:label2\" content=\"Tiempo de lectura\" \/>\n\t<meta name=\"twitter:data2\" content=\"3 minutos\" \/>\n<script type=\"application\/ld+json\" class=\"yoast-schema-graph\">{\"@context\":\"https:\\\/\\\/schema.org\",\"@graph\":[{\"@type\":\"Article\",\"@id\":\"https:\\\/\\\/diariotextual.com\\\/inicio\\\/index.php\\\/2024\\\/01\\\/18\\\/la-corte-suprema-define-reclamo-de-la-cgt-contra-dnu-de-milei\\\/#article\",\"isPartOf\":{\"@id\":\"https:\\\/\\\/diariotextual.com\\\/inicio\\\/index.php\\\/2024\\\/01\\\/18\\\/la-corte-suprema-define-reclamo-de-la-cgt-contra-dnu-de-milei\\\/\"},\"author\":{\"name\":\"diario3\",\"@id\":\"https:\\\/\\\/diariotextual.com\\\/inicio\\\/#\\\/schema\\\/person\\\/a1b6f563e0ee944c60f98119389a4d9f\"},\"headline\":\"La Corte Suprema define reclamo de la CGT contra DNU de Milei\",\"datePublished\":\"2024-01-18T16:54:40+00:00\",\"dateModified\":\"2024-01-18T16:54:43+00:00\",\"mainEntityOfPage\":{\"@id\":\"https:\\\/\\\/diariotextual.com\\\/inicio\\\/index.php\\\/2024\\\/01\\\/18\\\/la-corte-suprema-define-reclamo-de-la-cgt-contra-dnu-de-milei\\\/\"},\"wordCount\":453,\"publisher\":{\"@id\":\"https:\\\/\\\/diariotextual.com\\\/inicio\\\/#organization\"},\"image\":{\"@id\":\"https:\\\/\\\/diariotextual.com\\\/inicio\\\/index.php\\\/2024\\\/01\\\/18\\\/la-corte-suprema-define-reclamo-de-la-cgt-contra-dnu-de-milei\\\/#primaryimage\"},\"thumbnailUrl\":\"https:\\\/\\\/diariotextual.com\\\/inicio\\\/wp-content\\\/uploads\\\/2024\\\/01\\\/cortesupremadejusticia2024.jpg\",\"keywords\":[\"DNU\",\"milei\"],\"articleSection\":[\"A - ES NOTICIA (van abajo)\",\"POLITICA\"],\"inLanguage\":\"es\"},{\"@type\":\"WebPage\",\"@id\":\"https:\\\/\\\/diariotextual.com\\\/inicio\\\/index.php\\\/2024\\\/01\\\/18\\\/la-corte-suprema-define-reclamo-de-la-cgt-contra-dnu-de-milei\\\/\",\"url\":\"https:\\\/\\\/diariotextual.com\\\/inicio\\\/index.php\\\/2024\\\/01\\\/18\\\/la-corte-suprema-define-reclamo-de-la-cgt-contra-dnu-de-milei\\\/\",\"name\":\"La Corte Suprema define reclamo de la CGT contra DNU de Milei - Diario Textual\",\"isPartOf\":{\"@id\":\"https:\\\/\\\/diariotextual.com\\\/inicio\\\/#website\"},\"primaryImageOfPage\":{\"@id\":\"https:\\\/\\\/diariotextual.com\\\/inicio\\\/index.php\\\/2024\\\/01\\\/18\\\/la-corte-suprema-define-reclamo-de-la-cgt-contra-dnu-de-milei\\\/#primaryimage\"},\"image\":{\"@id\":\"https:\\\/\\\/diariotextual.com\\\/inicio\\\/index.php\\\/2024\\\/01\\\/18\\\/la-corte-suprema-define-reclamo-de-la-cgt-contra-dnu-de-milei\\\/#primaryimage\"},\"thumbnailUrl\":\"https:\\\/\\\/diariotextual.com\\\/inicio\\\/wp-content\\\/uploads\\\/2024\\\/01\\\/cortesupremadejusticia2024.jpg\",\"datePublished\":\"2024-01-18T16:54:40+00:00\",\"dateModified\":\"2024-01-18T16:54:43+00:00\",\"breadcrumb\":{\"@id\":\"https:\\\/\\\/diariotextual.com\\\/inicio\\\/index.php\\\/2024\\\/01\\\/18\\\/la-corte-suprema-define-reclamo-de-la-cgt-contra-dnu-de-milei\\\/#breadcrumb\"},\"inLanguage\":\"es\",\"potentialAction\":[{\"@type\":\"ReadAction\",\"target\":[\"https:\\\/\\\/diariotextual.com\\\/inicio\\\/index.php\\\/2024\\\/01\\\/18\\\/la-corte-suprema-define-reclamo-de-la-cgt-contra-dnu-de-milei\\\/\"]}]},{\"@type\":\"ImageObject\",\"inLanguage\":\"es\",\"@id\":\"https:\\\/\\\/diariotextual.com\\\/inicio\\\/index.php\\\/2024\\\/01\\\/18\\\/la-corte-suprema-define-reclamo-de-la-cgt-contra-dnu-de-milei\\\/#primaryimage\",\"url\":\"https:\\\/\\\/diariotextual.com\\\/inicio\\\/wp-content\\\/uploads\\\/2024\\\/01\\\/cortesupremadejusticia2024.jpg\",\"contentUrl\":\"https:\\\/\\\/diariotextual.com\\\/inicio\\\/wp-content\\\/uploads\\\/2024\\\/01\\\/cortesupremadejusticia2024.jpg\",\"width\":900,\"height\":506},{\"@type\":\"BreadcrumbList\",\"@id\":\"https:\\\/\\\/diariotextual.com\\\/inicio\\\/index.php\\\/2024\\\/01\\\/18\\\/la-corte-suprema-define-reclamo-de-la-cgt-contra-dnu-de-milei\\\/#breadcrumb\",\"itemListElement\":[{\"@type\":\"ListItem\",\"position\":1,\"name\":\"Portada\",\"item\":\"https:\\\/\\\/diariotextual.com\\\/inicio\\\/\"},{\"@type\":\"ListItem\",\"position\":2,\"name\":\"La Corte Suprema define reclamo de la CGT contra DNU de Milei\"}]},{\"@type\":\"WebSite\",\"@id\":\"https:\\\/\\\/diariotextual.com\\\/inicio\\\/#website\",\"url\":\"https:\\\/\\\/diariotextual.com\\\/inicio\\\/\",\"name\":\"Diario Textual\",\"description\":\"\",\"publisher\":{\"@id\":\"https:\\\/\\\/diariotextual.com\\\/inicio\\\/#organization\"},\"potentialAction\":[{\"@type\":\"SearchAction\",\"target\":{\"@type\":\"EntryPoint\",\"urlTemplate\":\"https:\\\/\\\/diariotextual.com\\\/inicio\\\/?s={search_term_string}\"},\"query-input\":{\"@type\":\"PropertyValueSpecification\",\"valueRequired\":true,\"valueName\":\"search_term_string\"}}],\"inLanguage\":\"es\"},{\"@type\":\"Organization\",\"@id\":\"https:\\\/\\\/diariotextual.com\\\/inicio\\\/#organization\",\"name\":\"Diario Textual\",\"url\":\"https:\\\/\\\/diariotextual.com\\\/inicio\\\/\",\"logo\":{\"@type\":\"ImageObject\",\"inLanguage\":\"es\",\"@id\":\"https:\\\/\\\/diariotextual.com\\\/inicio\\\/#\\\/schema\\\/logo\\\/image\\\/\",\"url\":\"https:\\\/\\\/diariotextual.com\\\/inicio\\\/wp-content\\\/uploads\\\/2023\\\/05\\\/logotextual1.jpg\",\"contentUrl\":\"https:\\\/\\\/diariotextual.com\\\/inicio\\\/wp-content\\\/uploads\\\/2023\\\/05\\\/logotextual1.jpg\",\"width\":516,\"height\":76,\"caption\":\"Diario Textual\"},\"image\":{\"@id\":\"https:\\\/\\\/diariotextual.com\\\/inicio\\\/#\\\/schema\\\/logo\\\/image\\\/\"},\"sameAs\":[\"https:\\\/\\\/www.facebook.com\\\/eltextual\",\"https:\\\/\\\/x.com\\\/eltextual\",\"http:\\\/\\\/www.instagram.com\\\/eltextual\"]},{\"@type\":\"Person\",\"@id\":\"https:\\\/\\\/diariotextual.com\\\/inicio\\\/#\\\/schema\\\/person\\\/a1b6f563e0ee944c60f98119389a4d9f\",\"name\":\"diario3\",\"image\":{\"@type\":\"ImageObject\",\"inLanguage\":\"es\",\"@id\":\"https:\\\/\\\/secure.gravatar.com\\\/avatar\\\/5e7ee62c82fc04d9dd79d746a390d93c69c43223e5faeeb3ea9461ef752bfc5d?s=96&d=mm&r=g\",\"url\":\"https:\\\/\\\/secure.gravatar.com\\\/avatar\\\/5e7ee62c82fc04d9dd79d746a390d93c69c43223e5faeeb3ea9461ef752bfc5d?s=96&d=mm&r=g\",\"contentUrl\":\"https:\\\/\\\/secure.gravatar.com\\\/avatar\\\/5e7ee62c82fc04d9dd79d746a390d93c69c43223e5faeeb3ea9461ef752bfc5d?s=96&d=mm&r=g\",\"caption\":\"diario3\"},\"url\":\"https:\\\/\\\/diariotextual.com\\\/inicio\\\/index.php\\\/author\\\/diario3\\\/\"}]}<\/script>\n<!-- \/ Yoast SEO plugin. -->","yoast_head_json":{"title":"La Corte Suprema define reclamo de la CGT contra DNU de Milei - Diario Textual","robots":{"index":"index","follow":"follow","max-snippet":"max-snippet:-1","max-image-preview":"max-image-preview:large","max-video-preview":"max-video-preview:-1"},"canonical":"https:\/\/diariotextual.com\/inicio\/index.php\/2024\/01\/18\/la-corte-suprema-define-reclamo-de-la-cgt-contra-dnu-de-milei\/","og_locale":"es_ES","og_type":"article","og_title":"La Corte Suprema define reclamo de la CGT contra DNU de Milei - Diario Textual","og_description":"La C\u00e1mara Nacional de Trabajo concedi\u00f3 el recurso extraordinario presentado por el Gobierno nacional y elevar\u00e1 a la Corte Suprema la causa de la CGT contra el Decreto de Necesidad&hellip;","og_url":"https:\/\/diariotextual.com\/inicio\/index.php\/2024\/01\/18\/la-corte-suprema-define-reclamo-de-la-cgt-contra-dnu-de-milei\/","og_site_name":"Diario Textual","article_publisher":"https:\/\/www.facebook.com\/eltextual","article_published_time":"2024-01-18T16:54:40+00:00","article_modified_time":"2024-01-18T16:54:43+00:00","og_image":[{"width":900,"height":506,"url":"https:\/\/diariotextual.com\/inicio\/wp-content\/uploads\/2024\/01\/cortesupremadejusticia2024.jpg","type":"image\/jpeg"}],"author":"diario3","twitter_card":"summary_large_image","twitter_creator":"@eltextual","twitter_site":"@eltextual","twitter_misc":{"Escrito por":"diario3","Tiempo de lectura":"3 minutos"},"schema":{"@context":"https:\/\/schema.org","@graph":[{"@type":"Article","@id":"https:\/\/diariotextual.com\/inicio\/index.php\/2024\/01\/18\/la-corte-suprema-define-reclamo-de-la-cgt-contra-dnu-de-milei\/#article","isPartOf":{"@id":"https:\/\/diariotextual.com\/inicio\/index.php\/2024\/01\/18\/la-corte-suprema-define-reclamo-de-la-cgt-contra-dnu-de-milei\/"},"author":{"name":"diario3","@id":"https:\/\/diariotextual.com\/inicio\/#\/schema\/person\/a1b6f563e0ee944c60f98119389a4d9f"},"headline":"La Corte Suprema define reclamo de la CGT contra DNU de Milei","datePublished":"2024-01-18T16:54:40+00:00","dateModified":"2024-01-18T16:54:43+00:00","mainEntityOfPage":{"@id":"https:\/\/diariotextual.com\/inicio\/index.php\/2024\/01\/18\/la-corte-suprema-define-reclamo-de-la-cgt-contra-dnu-de-milei\/"},"wordCount":453,"publisher":{"@id":"https:\/\/diariotextual.com\/inicio\/#organization"},"image":{"@id":"https:\/\/diariotextual.com\/inicio\/index.php\/2024\/01\/18\/la-corte-suprema-define-reclamo-de-la-cgt-contra-dnu-de-milei\/#primaryimage"},"thumbnailUrl":"https:\/\/diariotextual.com\/inicio\/wp-content\/uploads\/2024\/01\/cortesupremadejusticia2024.jpg","keywords":["DNU","milei"],"articleSection":["A - ES NOTICIA (van abajo)","POLITICA"],"inLanguage":"es"},{"@type":"WebPage","@id":"https:\/\/diariotextual.com\/inicio\/index.php\/2024\/01\/18\/la-corte-suprema-define-reclamo-de-la-cgt-contra-dnu-de-milei\/","url":"https:\/\/diariotextual.com\/inicio\/index.php\/2024\/01\/18\/la-corte-suprema-define-reclamo-de-la-cgt-contra-dnu-de-milei\/","name":"La Corte Suprema define reclamo de la CGT contra DNU de Milei - Diario Textual","isPartOf":{"@id":"https:\/\/diariotextual.com\/inicio\/#website"},"primaryImageOfPage":{"@id":"https:\/\/diariotextual.com\/inicio\/index.php\/2024\/01\/18\/la-corte-suprema-define-reclamo-de-la-cgt-contra-dnu-de-milei\/#primaryimage"},"image":{"@id":"https:\/\/diariotextual.com\/inicio\/index.php\/2024\/01\/18\/la-corte-suprema-define-reclamo-de-la-cgt-contra-dnu-de-milei\/#primaryimage"},"thumbnailUrl":"https:\/\/diariotextual.com\/inicio\/wp-content\/uploads\/2024\/01\/cortesupremadejusticia2024.jpg","datePublished":"2024-01-18T16:54:40+00:00","dateModified":"2024-01-18T16:54:43+00:00","breadcrumb":{"@id":"https:\/\/diariotextual.com\/inicio\/index.php\/2024\/01\/18\/la-corte-suprema-define-reclamo-de-la-cgt-contra-dnu-de-milei\/#breadcrumb"},"inLanguage":"es","potentialAction":[{"@type":"ReadAction","target":["https:\/\/diariotextual.com\/inicio\/index.php\/2024\/01\/18\/la-corte-suprema-define-reclamo-de-la-cgt-contra-dnu-de-milei\/"]}]},{"@type":"ImageObject","inLanguage":"es","@id":"https:\/\/diariotextual.com\/inicio\/index.php\/2024\/01\/18\/la-corte-suprema-define-reclamo-de-la-cgt-contra-dnu-de-milei\/#primaryimage","url":"https:\/\/diariotextual.com\/inicio\/wp-content\/uploads\/2024\/01\/cortesupremadejusticia2024.jpg","contentUrl":"https:\/\/diariotextual.com\/inicio\/wp-content\/uploads\/2024\/01\/cortesupremadejusticia2024.jpg","width":900,"height":506},{"@type":"BreadcrumbList","@id":"https:\/\/diariotextual.com\/inicio\/index.php\/2024\/01\/18\/la-corte-suprema-define-reclamo-de-la-cgt-contra-dnu-de-milei\/#breadcrumb","itemListElement":[{"@type":"ListItem","position":1,"name":"Portada","item":"https:\/\/diariotextual.com\/inicio\/"},{"@type":"ListItem","position":2,"name":"La Corte Suprema define reclamo de la CGT contra DNU de Milei"}]},{"@type":"WebSite","@id":"https:\/\/diariotextual.com\/inicio\/#website","url":"https:\/\/diariotextual.com\/inicio\/","name":"Diario Textual","description":"","publisher":{"@id":"https:\/\/diariotextual.com\/inicio\/#organization"},"potentialAction":[{"@type":"SearchAction","target":{"@type":"EntryPoint","urlTemplate":"https:\/\/diariotextual.com\/inicio\/?s={search_term_string}"},"query-input":{"@type":"PropertyValueSpecification","valueRequired":true,"valueName":"search_term_string"}}],"inLanguage":"es"},{"@type":"Organization","@id":"https:\/\/diariotextual.com\/inicio\/#organization","name":"Diario Textual","url":"https:\/\/diariotextual.com\/inicio\/","logo":{"@type":"ImageObject","inLanguage":"es","@id":"https:\/\/diariotextual.com\/inicio\/#\/schema\/logo\/image\/","url":"https:\/\/diariotextual.com\/inicio\/wp-content\/uploads\/2023\/05\/logotextual1.jpg","contentUrl":"https:\/\/diariotextual.com\/inicio\/wp-content\/uploads\/2023\/05\/logotextual1.jpg","width":516,"height":76,"caption":"Diario Textual"},"image":{"@id":"https:\/\/diariotextual.com\/inicio\/#\/schema\/logo\/image\/"},"sameAs":["https:\/\/www.facebook.com\/eltextual","https:\/\/x.com\/eltextual","http:\/\/www.instagram.com\/eltextual"]},{"@type":"Person","@id":"https:\/\/diariotextual.com\/inicio\/#\/schema\/person\/a1b6f563e0ee944c60f98119389a4d9f","name":"diario3","image":{"@type":"ImageObject","inLanguage":"es","@id":"https:\/\/secure.gravatar.com\/avatar\/5e7ee62c82fc04d9dd79d746a390d93c69c43223e5faeeb3ea9461ef752bfc5d?s=96&d=mm&r=g","url":"https:\/\/secure.gravatar.com\/avatar\/5e7ee62c82fc04d9dd79d746a390d93c69c43223e5faeeb3ea9461ef752bfc5d?s=96&d=mm&r=g","contentUrl":"https:\/\/secure.gravatar.com\/avatar\/5e7ee62c82fc04d9dd79d746a390d93c69c43223e5faeeb3ea9461ef752bfc5d?s=96&d=mm&r=g","caption":"diario3"},"url":"https:\/\/diariotextual.com\/inicio\/index.php\/author\/diario3\/"}]}},"_links":{"self":[{"href":"https:\/\/diariotextual.com\/inicio\/index.php\/wp-json\/wp\/v2\/posts\/251398","targetHints":{"allow":["GET"]}}],"collection":[{"href":"https:\/\/diariotextual.com\/inicio\/index.php\/wp-json\/wp\/v2\/posts"}],"about":[{"href":"https:\/\/diariotextual.com\/inicio\/index.php\/wp-json\/wp\/v2\/types\/post"}],"author":[{"embeddable":true,"href":"https:\/\/diariotextual.com\/inicio\/index.php\/wp-json\/wp\/v2\/users\/5"}],"replies":[{"embeddable":true,"href":"https:\/\/diariotextual.com\/inicio\/index.php\/wp-json\/wp\/v2\/comments?post=251398"}],"version-history":[{"count":1,"href":"https:\/\/diariotextual.com\/inicio\/index.php\/wp-json\/wp\/v2\/posts\/251398\/revisions"}],"predecessor-version":[{"id":251400,"href":"https:\/\/diariotextual.com\/inicio\/index.php\/wp-json\/wp\/v2\/posts\/251398\/revisions\/251400"}],"wp:featuredmedia":[{"embeddable":true,"href":"https:\/\/diariotextual.com\/inicio\/index.php\/wp-json\/wp\/v2\/media\/251399"}],"wp:attachment":[{"href":"https:\/\/diariotextual.com\/inicio\/index.php\/wp-json\/wp\/v2\/media?parent=251398"}],"wp:term":[{"taxonomy":"category","embeddable":true,"href":"https:\/\/diariotextual.com\/inicio\/index.php\/wp-json\/wp\/v2\/categories?post=251398"},{"taxonomy":"post_tag","embeddable":true,"href":"https:\/\/diariotextual.com\/inicio\/index.php\/wp-json\/wp\/v2\/tags?post=251398"}],"curies":[{"name":"wp","href":"https:\/\/api.w.org\/{rel}","templated":true}]}}