{"id":251429,"date":"2024-01-18T19:40:11","date_gmt":"2024-01-18T22:40:11","guid":{"rendered":"https:\/\/diariotextual.com\/inicio\/?p=251429"},"modified":"2024-01-18T21:47:40","modified_gmt":"2024-01-19T00:47:40","slug":"ley-omnibus-los-puntos-que-quedarian-fuera-del-dictamen-oficialista","status":"publish","type":"post","link":"https:\/\/diariotextual.com\/inicio\/index.php\/2024\/01\/18\/ley-omnibus-los-puntos-que-quedarian-fuera-del-dictamen-oficialista\/","title":{"rendered":"Ley \u00d3mnibus: los puntos que quedar\u00edan fuera del dictamen oficialista"},"content":{"rendered":"\n<p>Sin la aprobaci\u00f3n final del presidente Javier Milei, funcionarios del Gobierno nacional avanzan en una serie de cambios al proyecto de ley <a href=\"http:\/\/www.saij.gob.ar\/proyecto-ley-bases-puntos-partida-para-libertad-argentinos-proyecto-ley-bases-puntos-partida-para-libertad-argentinos-nv40785-2023-12-27\/123456789-0abc-587-04ti-lpssedadevon?\"><strong>\u201cBases y puntos de partida para la libertad de los argentinos\u201d<\/strong><\/a> que fueron consensuados con bloques legislativos de la oposici\u00f3n \u201camigable\u201d.<\/p>\n\n\n\n<p>Seg\u00fan el diario \u00c1mbito Financiero,<strong> la redacci\u00f3n original de la ley \u00f3mnibus ha sufrido una serie de modificaciones a partir de la presi\u00f3n de gobernadores, las demandas de los diputados opositores <\/strong>que acceden a las mesas de negociaci\u00f3n y las intervenciones de actores de la sociedad civil en Diputados.<\/p>\n\n\n\n<p>Estas reformas habr\u00edan dado forma al dictamen final que dar\u00e1 a conocer al Gobierno: representar\u00eda una apuesta, ya que -por la postura del Presidente- no habr\u00eda posibilidad de nuevos cambios.<\/p>\n\n\n\n<p>El <strong>ministro del Interior, Guillermo Francos, el diputado y presidente de la C\u00e1mara baja, Mart\u00edn Menem y el asesor Santiago Caputo, se re\u00fanen por separado con representantes de cada uno de los bloques<\/strong> para intentar acordar un dictamen com\u00fan. Buscar\u00e1n dictaminar el martes y sesionar el jueves.<\/p>\n\n\n\n<p>Algunas de los puntos de la ley original que <strong>no ser\u00edan incluidos en el nuevo borrador <\/strong>son:<\/p>\n\n\n\n<p><strong>-Derogaci\u00f3n de la f\u00f3rmula de movilidad jubilatoria.<\/strong><\/p>\n\n\n\n<p><strong>-Incremento de retenciones a econom\u00edas regionales. La soja y el trigo s\u00ed conservar\u00edan los valores del 33%<\/strong> que dispuso la ley \u00f3mnibus.<\/p>\n\n\n\n<p>&#8211;<strong>Facultades extraordinarias para el Ejecutivo. Pasar\u00edan de dos a\u00f1os a uno<\/strong>, con posibilidad de pr\u00f3rroga aprobada por el Congreso. Se quitar\u00edan los alcances del Presidente sobre defensa, salud y esquema previsional.<\/p>\n\n\n\n<p>&#8211;<strong>Declarar \u00absusceptible de privatizaciones\u00bb a 41 empresas p\u00fablicas.<\/strong><\/p>\n\n\n\n<p>&#8211;<strong>Transformaciones a la ley de salud mental.<\/strong><\/p>\n\n\n\n<p>&#8211;<strong>Financiamiento que alcanzan a la producci\u00f3n art\u00edstica y cultural.<\/strong><\/p>\n\n\n\n<p>-Reforma electoral. Se podr\u00eda avanzar con la eliminaci\u00f3n de las PASO.<\/p>\n\n\n\n<p>&#8211;<strong>Modificaci\u00f3n a la Ley de Hidrocarburos.<\/strong><\/p>\n\n\n\n<p>-Cambios en el R\u00e9gimen Federal de Pesca.<\/p>\n\n\n\n<p>-Reformas pertinentes a la industria del az\u00facar.<\/p>\n\n\n\n<p>-Modificaciones en el C\u00f3digo Civil.<\/p>\n\n\n\n<p>-Prohibici\u00f3n de los encuentros de tres personas o m\u00e1s, en el marco de la Ley de Tr\u00e1nsito.<\/p>\n\n\n\n<p>-Implementaci\u00f3n del juicio por jurados.<\/p>\n\n\n\n<p>-Transformaciones que afectan al sector de biocombustibles.<\/p>\n\n\n\n<p>-Las propuestas de blanqueo y del impuesto a Bienes Personales ser\u00edan incluidas con alteraciones.<\/p>\n\n\n\n<figure class=\"wp-block-embed is-type-wp-embed is-provider-diario-textual wp-block-embed-diario-textual\"><div class=\"wp-block-embed__wrapper\">\n<blockquote class=\"wp-embedded-content\" data-secret=\"xnUlfw776k\"><a href=\"https:\/\/diariotextual.com\/inicio\/index.php\/2024\/01\/17\/ley-omnibus-gobernadores-exigieron-cambios-al-capitulo-sobre-hidrocarburos\/\">Ley \u00d3mnibus: gobernadores exigieron cambios al cap\u00edtulo sobre hidrocarburos<\/a><\/blockquote><iframe class=\"wp-embedded-content\" sandbox=\"allow-scripts\" security=\"restricted\" style=\"position: absolute; clip: rect(1px, 1px, 1px, 1px);\" title=\"\u00abLey \u00d3mnibus: gobernadores exigieron cambios al cap\u00edtulo sobre hidrocarburos\u00bb \u2014 Diario Textual\" src=\"https:\/\/diariotextual.com\/inicio\/index.php\/2024\/01\/17\/ley-omnibus-gobernadores-exigieron-cambios-al-capitulo-sobre-hidrocarburos\/embed\/#?secret=vDPKDU9U7C#?secret=xnUlfw776k\" data-secret=\"xnUlfw776k\" width=\"600\" height=\"338\" frameborder=\"0\" marginwidth=\"0\" marginheight=\"0\" scrolling=\"no\"><\/iframe>\n<\/div><\/figure>\n","protected":false},"excerpt":{"rendered":"<p>Sin la aprobaci\u00f3n final del presidente Javier Milei, funcionarios del Gobierno nacional avanzan en una serie de cambios al proyecto de ley \u201cBases y puntos de partida para la libertad&hellip;<\/p>\n","protected":false},"author":5,"featured_media":246560,"comment_status":"closed","ping_status":"open","sticky":false,"template":"","format":"standard","meta":{"_acf_changed":false,"footnotes":""},"categories":[8],"tags":[7772],"class_list":["post-251429","post","type-post","status-publish","format-standard","has-post-thumbnail","hentry","category-politica","tag-ley-omnibus"],"acf":[],"yoast_head":"<!-- This site is optimized with the Yoast SEO plugin v27.5 - https:\/\/yoast.com\/product\/yoast-seo-wordpress\/ -->\n<title>Ley \u00d3mnibus: los puntos que quedar\u00edan fuera del dictamen oficialista - Diario Textual<\/title>\n<meta name=\"robots\" content=\"index, follow, max-snippet:-1, max-image-preview:large, max-video-preview:-1\" \/>\n<link rel=\"canonical\" href=\"https:\/\/diariotextual.com\/inicio\/index.php\/2024\/01\/18\/ley-omnibus-los-puntos-que-quedarian-fuera-del-dictamen-oficialista\/\" \/>\n<meta property=\"og:locale\" content=\"es_ES\" \/>\n<meta property=\"og:type\" content=\"article\" \/>\n<meta property=\"og:title\" content=\"Ley \u00d3mnibus: los puntos que quedar\u00edan fuera del dictamen oficialista - Diario Textual\" \/>\n<meta property=\"og:description\" content=\"Sin la aprobaci\u00f3n final del presidente Javier Milei, funcionarios del Gobierno nacional avanzan en una serie de cambios al proyecto de ley \u201cBases y puntos de partida para la libertad&hellip;\" \/>\n<meta property=\"og:url\" content=\"https:\/\/diariotextual.com\/inicio\/index.php\/2024\/01\/18\/ley-omnibus-los-puntos-que-quedarian-fuera-del-dictamen-oficialista\/\" \/>\n<meta property=\"og:site_name\" content=\"Diario Textual\" \/>\n<meta property=\"article:publisher\" content=\"https:\/\/www.facebook.com\/eltextual\" \/>\n<meta property=\"article:published_time\" content=\"2024-01-18T22:40:11+00:00\" \/>\n<meta property=\"article:modified_time\" content=\"2024-01-19T00:47:40+00:00\" \/>\n<meta property=\"og:image\" content=\"https:\/\/diariotextual.com\/inicio\/wp-content\/uploads\/2023\/12\/francosguillermotelam2023-123.jpg\" \/>\n\t<meta property=\"og:image:width\" content=\"1200\" \/>\n\t<meta property=\"og:image:height\" content=\"675\" \/>\n\t<meta property=\"og:image:type\" content=\"image\/jpeg\" \/>\n<meta name=\"author\" content=\"diario3\" \/>\n<meta name=\"twitter:card\" content=\"summary_large_image\" \/>\n<meta name=\"twitter:creator\" content=\"@eltextual\" \/>\n<meta name=\"twitter:site\" content=\"@eltextual\" \/>\n<meta name=\"twitter:label1\" content=\"Escrito por\" \/>\n\t<meta name=\"twitter:data1\" content=\"diario3\" \/>\n\t<meta name=\"twitter:label2\" content=\"Tiempo de lectura\" \/>\n\t<meta name=\"twitter:data2\" content=\"2 minutos\" \/>\n<script type=\"application\/ld+json\" class=\"yoast-schema-graph\">{\"@context\":\"https:\\\/\\\/schema.org\",\"@graph\":[{\"@type\":\"Article\",\"@id\":\"https:\\\/\\\/diariotextual.com\\\/inicio\\\/index.php\\\/2024\\\/01\\\/18\\\/ley-omnibus-los-puntos-que-quedarian-fuera-del-dictamen-oficialista\\\/#article\",\"isPartOf\":{\"@id\":\"https:\\\/\\\/diariotextual.com\\\/inicio\\\/index.php\\\/2024\\\/01\\\/18\\\/ley-omnibus-los-puntos-que-quedarian-fuera-del-dictamen-oficialista\\\/\"},\"author\":{\"name\":\"diario3\",\"@id\":\"https:\\\/\\\/diariotextual.com\\\/inicio\\\/#\\\/schema\\\/person\\\/a1b6f563e0ee944c60f98119389a4d9f\"},\"headline\":\"Ley \u00d3mnibus: los puntos que quedar\u00edan fuera del dictamen oficialista\",\"datePublished\":\"2024-01-18T22:40:11+00:00\",\"dateModified\":\"2024-01-19T00:47:40+00:00\",\"mainEntityOfPage\":{\"@id\":\"https:\\\/\\\/diariotextual.com\\\/inicio\\\/index.php\\\/2024\\\/01\\\/18\\\/ley-omnibus-los-puntos-que-quedarian-fuera-del-dictamen-oficialista\\\/\"},\"wordCount\":402,\"publisher\":{\"@id\":\"https:\\\/\\\/diariotextual.com\\\/inicio\\\/#organization\"},\"image\":{\"@id\":\"https:\\\/\\\/diariotextual.com\\\/inicio\\\/index.php\\\/2024\\\/01\\\/18\\\/ley-omnibus-los-puntos-que-quedarian-fuera-del-dictamen-oficialista\\\/#primaryimage\"},\"thumbnailUrl\":\"https:\\\/\\\/diariotextual.com\\\/inicio\\\/wp-content\\\/uploads\\\/2023\\\/12\\\/francosguillermotelam2023-123.jpg\",\"keywords\":[\"ley omnibus\"],\"articleSection\":[\"POLITICA\"],\"inLanguage\":\"es\"},{\"@type\":\"WebPage\",\"@id\":\"https:\\\/\\\/diariotextual.com\\\/inicio\\\/index.php\\\/2024\\\/01\\\/18\\\/ley-omnibus-los-puntos-que-quedarian-fuera-del-dictamen-oficialista\\\/\",\"url\":\"https:\\\/\\\/diariotextual.com\\\/inicio\\\/index.php\\\/2024\\\/01\\\/18\\\/ley-omnibus-los-puntos-que-quedarian-fuera-del-dictamen-oficialista\\\/\",\"name\":\"Ley \u00d3mnibus: los puntos que quedar\u00edan fuera del dictamen oficialista - Diario Textual\",\"isPartOf\":{\"@id\":\"https:\\\/\\\/diariotextual.com\\\/inicio\\\/#website\"},\"primaryImageOfPage\":{\"@id\":\"https:\\\/\\\/diariotextual.com\\\/inicio\\\/index.php\\\/2024\\\/01\\\/18\\\/ley-omnibus-los-puntos-que-quedarian-fuera-del-dictamen-oficialista\\\/#primaryimage\"},\"image\":{\"@id\":\"https:\\\/\\\/diariotextual.com\\\/inicio\\\/index.php\\\/2024\\\/01\\\/18\\\/ley-omnibus-los-puntos-que-quedarian-fuera-del-dictamen-oficialista\\\/#primaryimage\"},\"thumbnailUrl\":\"https:\\\/\\\/diariotextual.com\\\/inicio\\\/wp-content\\\/uploads\\\/2023\\\/12\\\/francosguillermotelam2023-123.jpg\",\"datePublished\":\"2024-01-18T22:40:11+00:00\",\"dateModified\":\"2024-01-19T00:47:40+00:00\",\"breadcrumb\":{\"@id\":\"https:\\\/\\\/diariotextual.com\\\/inicio\\\/index.php\\\/2024\\\/01\\\/18\\\/ley-omnibus-los-puntos-que-quedarian-fuera-del-dictamen-oficialista\\\/#breadcrumb\"},\"inLanguage\":\"es\",\"potentialAction\":[{\"@type\":\"ReadAction\",\"target\":[\"https:\\\/\\\/diariotextual.com\\\/inicio\\\/index.php\\\/2024\\\/01\\\/18\\\/ley-omnibus-los-puntos-que-quedarian-fuera-del-dictamen-oficialista\\\/\"]}]},{\"@type\":\"ImageObject\",\"inLanguage\":\"es\",\"@id\":\"https:\\\/\\\/diariotextual.com\\\/inicio\\\/index.php\\\/2024\\\/01\\\/18\\\/ley-omnibus-los-puntos-que-quedarian-fuera-del-dictamen-oficialista\\\/#primaryimage\",\"url\":\"https:\\\/\\\/diariotextual.com\\\/inicio\\\/wp-content\\\/uploads\\\/2023\\\/12\\\/francosguillermotelam2023-123.jpg\",\"contentUrl\":\"https:\\\/\\\/diariotextual.com\\\/inicio\\\/wp-content\\\/uploads\\\/2023\\\/12\\\/francosguillermotelam2023-123.jpg\",\"width\":1200,\"height\":675},{\"@type\":\"BreadcrumbList\",\"@id\":\"https:\\\/\\\/diariotextual.com\\\/inicio\\\/index.php\\\/2024\\\/01\\\/18\\\/ley-omnibus-los-puntos-que-quedarian-fuera-del-dictamen-oficialista\\\/#breadcrumb\",\"itemListElement\":[{\"@type\":\"ListItem\",\"position\":1,\"name\":\"Portada\",\"item\":\"https:\\\/\\\/diariotextual.com\\\/inicio\\\/\"},{\"@type\":\"ListItem\",\"position\":2,\"name\":\"Ley \u00d3mnibus: los puntos que quedar\u00edan fuera del dictamen oficialista\"}]},{\"@type\":\"WebSite\",\"@id\":\"https:\\\/\\\/diariotextual.com\\\/inicio\\\/#website\",\"url\":\"https:\\\/\\\/diariotextual.com\\\/inicio\\\/\",\"name\":\"Diario Textual\",\"description\":\"\",\"publisher\":{\"@id\":\"https:\\\/\\\/diariotextual.com\\\/inicio\\\/#organization\"},\"potentialAction\":[{\"@type\":\"SearchAction\",\"target\":{\"@type\":\"EntryPoint\",\"urlTemplate\":\"https:\\\/\\\/diariotextual.com\\\/inicio\\\/?s={search_term_string}\"},\"query-input\":{\"@type\":\"PropertyValueSpecification\",\"valueRequired\":true,\"valueName\":\"search_term_string\"}}],\"inLanguage\":\"es\"},{\"@type\":\"Organization\",\"@id\":\"https:\\\/\\\/diariotextual.com\\\/inicio\\\/#organization\",\"name\":\"Diario Textual\",\"url\":\"https:\\\/\\\/diariotextual.com\\\/inicio\\\/\",\"logo\":{\"@type\":\"ImageObject\",\"inLanguage\":\"es\",\"@id\":\"https:\\\/\\\/diariotextual.com\\\/inicio\\\/#\\\/schema\\\/logo\\\/image\\\/\",\"url\":\"https:\\\/\\\/diariotextual.com\\\/inicio\\\/wp-content\\\/uploads\\\/2023\\\/05\\\/logotextual1.jpg\",\"contentUrl\":\"https:\\\/\\\/diariotextual.com\\\/inicio\\\/wp-content\\\/uploads\\\/2023\\\/05\\\/logotextual1.jpg\",\"width\":516,\"height\":76,\"caption\":\"Diario Textual\"},\"image\":{\"@id\":\"https:\\\/\\\/diariotextual.com\\\/inicio\\\/#\\\/schema\\\/logo\\\/image\\\/\"},\"sameAs\":[\"https:\\\/\\\/www.facebook.com\\\/eltextual\",\"https:\\\/\\\/x.com\\\/eltextual\",\"http:\\\/\\\/www.instagram.com\\\/eltextual\"]},{\"@type\":\"Person\",\"@id\":\"https:\\\/\\\/diariotextual.com\\\/inicio\\\/#\\\/schema\\\/person\\\/a1b6f563e0ee944c60f98119389a4d9f\",\"name\":\"diario3\",\"image\":{\"@type\":\"ImageObject\",\"inLanguage\":\"es\",\"@id\":\"https:\\\/\\\/secure.gravatar.com\\\/avatar\\\/5e7ee62c82fc04d9dd79d746a390d93c69c43223e5faeeb3ea9461ef752bfc5d?s=96&d=mm&r=g\",\"url\":\"https:\\\/\\\/secure.gravatar.com\\\/avatar\\\/5e7ee62c82fc04d9dd79d746a390d93c69c43223e5faeeb3ea9461ef752bfc5d?s=96&d=mm&r=g\",\"contentUrl\":\"https:\\\/\\\/secure.gravatar.com\\\/avatar\\\/5e7ee62c82fc04d9dd79d746a390d93c69c43223e5faeeb3ea9461ef752bfc5d?s=96&d=mm&r=g\",\"caption\":\"diario3\"},\"url\":\"https:\\\/\\\/diariotextual.com\\\/inicio\\\/index.php\\\/author\\\/diario3\\\/\"}]}<\/script>\n<!-- \/ Yoast SEO plugin. -->","yoast_head_json":{"title":"Ley \u00d3mnibus: los puntos que quedar\u00edan fuera del dictamen oficialista - Diario Textual","robots":{"index":"index","follow":"follow","max-snippet":"max-snippet:-1","max-image-preview":"max-image-preview:large","max-video-preview":"max-video-preview:-1"},"canonical":"https:\/\/diariotextual.com\/inicio\/index.php\/2024\/01\/18\/ley-omnibus-los-puntos-que-quedarian-fuera-del-dictamen-oficialista\/","og_locale":"es_ES","og_type":"article","og_title":"Ley \u00d3mnibus: los puntos que quedar\u00edan fuera del dictamen oficialista - Diario Textual","og_description":"Sin la aprobaci\u00f3n final del presidente Javier Milei, funcionarios del Gobierno nacional avanzan en una serie de cambios al proyecto de ley \u201cBases y puntos de partida para la libertad&hellip;","og_url":"https:\/\/diariotextual.com\/inicio\/index.php\/2024\/01\/18\/ley-omnibus-los-puntos-que-quedarian-fuera-del-dictamen-oficialista\/","og_site_name":"Diario Textual","article_publisher":"https:\/\/www.facebook.com\/eltextual","article_published_time":"2024-01-18T22:40:11+00:00","article_modified_time":"2024-01-19T00:47:40+00:00","og_image":[{"width":1200,"height":675,"url":"https:\/\/diariotextual.com\/inicio\/wp-content\/uploads\/2023\/12\/francosguillermotelam2023-123.jpg","type":"image\/jpeg"}],"author":"diario3","twitter_card":"summary_large_image","twitter_creator":"@eltextual","twitter_site":"@eltextual","twitter_misc":{"Escrito por":"diario3","Tiempo de lectura":"2 minutos"},"schema":{"@context":"https:\/\/schema.org","@graph":[{"@type":"Article","@id":"https:\/\/diariotextual.com\/inicio\/index.php\/2024\/01\/18\/ley-omnibus-los-puntos-que-quedarian-fuera-del-dictamen-oficialista\/#article","isPartOf":{"@id":"https:\/\/diariotextual.com\/inicio\/index.php\/2024\/01\/18\/ley-omnibus-los-puntos-que-quedarian-fuera-del-dictamen-oficialista\/"},"author":{"name":"diario3","@id":"https:\/\/diariotextual.com\/inicio\/#\/schema\/person\/a1b6f563e0ee944c60f98119389a4d9f"},"headline":"Ley \u00d3mnibus: los puntos que quedar\u00edan fuera del dictamen oficialista","datePublished":"2024-01-18T22:40:11+00:00","dateModified":"2024-01-19T00:47:40+00:00","mainEntityOfPage":{"@id":"https:\/\/diariotextual.com\/inicio\/index.php\/2024\/01\/18\/ley-omnibus-los-puntos-que-quedarian-fuera-del-dictamen-oficialista\/"},"wordCount":402,"publisher":{"@id":"https:\/\/diariotextual.com\/inicio\/#organization"},"image":{"@id":"https:\/\/diariotextual.com\/inicio\/index.php\/2024\/01\/18\/ley-omnibus-los-puntos-que-quedarian-fuera-del-dictamen-oficialista\/#primaryimage"},"thumbnailUrl":"https:\/\/diariotextual.com\/inicio\/wp-content\/uploads\/2023\/12\/francosguillermotelam2023-123.jpg","keywords":["ley omnibus"],"articleSection":["POLITICA"],"inLanguage":"es"},{"@type":"WebPage","@id":"https:\/\/diariotextual.com\/inicio\/index.php\/2024\/01\/18\/ley-omnibus-los-puntos-que-quedarian-fuera-del-dictamen-oficialista\/","url":"https:\/\/diariotextual.com\/inicio\/index.php\/2024\/01\/18\/ley-omnibus-los-puntos-que-quedarian-fuera-del-dictamen-oficialista\/","name":"Ley \u00d3mnibus: los puntos que quedar\u00edan fuera del dictamen oficialista - Diario Textual","isPartOf":{"@id":"https:\/\/diariotextual.com\/inicio\/#website"},"primaryImageOfPage":{"@id":"https:\/\/diariotextual.com\/inicio\/index.php\/2024\/01\/18\/ley-omnibus-los-puntos-que-quedarian-fuera-del-dictamen-oficialista\/#primaryimage"},"image":{"@id":"https:\/\/diariotextual.com\/inicio\/index.php\/2024\/01\/18\/ley-omnibus-los-puntos-que-quedarian-fuera-del-dictamen-oficialista\/#primaryimage"},"thumbnailUrl":"https:\/\/diariotextual.com\/inicio\/wp-content\/uploads\/2023\/12\/francosguillermotelam2023-123.jpg","datePublished":"2024-01-18T22:40:11+00:00","dateModified":"2024-01-19T00:47:40+00:00","breadcrumb":{"@id":"https:\/\/diariotextual.com\/inicio\/index.php\/2024\/01\/18\/ley-omnibus-los-puntos-que-quedarian-fuera-del-dictamen-oficialista\/#breadcrumb"},"inLanguage":"es","potentialAction":[{"@type":"ReadAction","target":["https:\/\/diariotextual.com\/inicio\/index.php\/2024\/01\/18\/ley-omnibus-los-puntos-que-quedarian-fuera-del-dictamen-oficialista\/"]}]},{"@type":"ImageObject","inLanguage":"es","@id":"https:\/\/diariotextual.com\/inicio\/index.php\/2024\/01\/18\/ley-omnibus-los-puntos-que-quedarian-fuera-del-dictamen-oficialista\/#primaryimage","url":"https:\/\/diariotextual.com\/inicio\/wp-content\/uploads\/2023\/12\/francosguillermotelam2023-123.jpg","contentUrl":"https:\/\/diariotextual.com\/inicio\/wp-content\/uploads\/2023\/12\/francosguillermotelam2023-123.jpg","width":1200,"height":675},{"@type":"BreadcrumbList","@id":"https:\/\/diariotextual.com\/inicio\/index.php\/2024\/01\/18\/ley-omnibus-los-puntos-que-quedarian-fuera-del-dictamen-oficialista\/#breadcrumb","itemListElement":[{"@type":"ListItem","position":1,"name":"Portada","item":"https:\/\/diariotextual.com\/inicio\/"},{"@type":"ListItem","position":2,"name":"Ley \u00d3mnibus: los puntos que quedar\u00edan fuera del dictamen oficialista"}]},{"@type":"WebSite","@id":"https:\/\/diariotextual.com\/inicio\/#website","url":"https:\/\/diariotextual.com\/inicio\/","name":"Diario Textual","description":"","publisher":{"@id":"https:\/\/diariotextual.com\/inicio\/#organization"},"potentialAction":[{"@type":"SearchAction","target":{"@type":"EntryPoint","urlTemplate":"https:\/\/diariotextual.com\/inicio\/?s={search_term_string}"},"query-input":{"@type":"PropertyValueSpecification","valueRequired":true,"valueName":"search_term_string"}}],"inLanguage":"es"},{"@type":"Organization","@id":"https:\/\/diariotextual.com\/inicio\/#organization","name":"Diario Textual","url":"https:\/\/diariotextual.com\/inicio\/","logo":{"@type":"ImageObject","inLanguage":"es","@id":"https:\/\/diariotextual.com\/inicio\/#\/schema\/logo\/image\/","url":"https:\/\/diariotextual.com\/inicio\/wp-content\/uploads\/2023\/05\/logotextual1.jpg","contentUrl":"https:\/\/diariotextual.com\/inicio\/wp-content\/uploads\/2023\/05\/logotextual1.jpg","width":516,"height":76,"caption":"Diario Textual"},"image":{"@id":"https:\/\/diariotextual.com\/inicio\/#\/schema\/logo\/image\/"},"sameAs":["https:\/\/www.facebook.com\/eltextual","https:\/\/x.com\/eltextual","http:\/\/www.instagram.com\/eltextual"]},{"@type":"Person","@id":"https:\/\/diariotextual.com\/inicio\/#\/schema\/person\/a1b6f563e0ee944c60f98119389a4d9f","name":"diario3","image":{"@type":"ImageObject","inLanguage":"es","@id":"https:\/\/secure.gravatar.com\/avatar\/5e7ee62c82fc04d9dd79d746a390d93c69c43223e5faeeb3ea9461ef752bfc5d?s=96&d=mm&r=g","url":"https:\/\/secure.gravatar.com\/avatar\/5e7ee62c82fc04d9dd79d746a390d93c69c43223e5faeeb3ea9461ef752bfc5d?s=96&d=mm&r=g","contentUrl":"https:\/\/secure.gravatar.com\/avatar\/5e7ee62c82fc04d9dd79d746a390d93c69c43223e5faeeb3ea9461ef752bfc5d?s=96&d=mm&r=g","caption":"diario3"},"url":"https:\/\/diariotextual.com\/inicio\/index.php\/author\/diario3\/"}]}},"_links":{"self":[{"href":"https:\/\/diariotextual.com\/inicio\/index.php\/wp-json\/wp\/v2\/posts\/251429","targetHints":{"allow":["GET"]}}],"collection":[{"href":"https:\/\/diariotextual.com\/inicio\/index.php\/wp-json\/wp\/v2\/posts"}],"about":[{"href":"https:\/\/diariotextual.com\/inicio\/index.php\/wp-json\/wp\/v2\/types\/post"}],"author":[{"embeddable":true,"href":"https:\/\/diariotextual.com\/inicio\/index.php\/wp-json\/wp\/v2\/users\/5"}],"replies":[{"embeddable":true,"href":"https:\/\/diariotextual.com\/inicio\/index.php\/wp-json\/wp\/v2\/comments?post=251429"}],"version-history":[{"count":1,"href":"https:\/\/diariotextual.com\/inicio\/index.php\/wp-json\/wp\/v2\/posts\/251429\/revisions"}],"predecessor-version":[{"id":251430,"href":"https:\/\/diariotextual.com\/inicio\/index.php\/wp-json\/wp\/v2\/posts\/251429\/revisions\/251430"}],"wp:featuredmedia":[{"embeddable":true,"href":"https:\/\/diariotextual.com\/inicio\/index.php\/wp-json\/wp\/v2\/media\/246560"}],"wp:attachment":[{"href":"https:\/\/diariotextual.com\/inicio\/index.php\/wp-json\/wp\/v2\/media?parent=251429"}],"wp:term":[{"taxonomy":"category","embeddable":true,"href":"https:\/\/diariotextual.com\/inicio\/index.php\/wp-json\/wp\/v2\/categories?post=251429"},{"taxonomy":"post_tag","embeddable":true,"href":"https:\/\/diariotextual.com\/inicio\/index.php\/wp-json\/wp\/v2\/tags?post=251429"}],"curies":[{"name":"wp","href":"https:\/\/api.w.org\/{rel}","templated":true}]}}