{"id":251479,"date":"2024-01-19T06:39:08","date_gmt":"2024-01-19T09:39:08","guid":{"rendered":"https:\/\/diariotextual.com\/inicio\/?p=251479"},"modified":"2024-01-19T10:15:31","modified_gmt":"2024-01-19T13:15:31","slug":"paro-del-24-en-la-pampa-casi-no-habra-actividad-por-la-huelga","status":"publish","type":"post","link":"https:\/\/diariotextual.com\/inicio\/index.php\/2024\/01\/19\/paro-del-24-en-la-pampa-casi-no-habra-actividad-por-la-huelga\/","title":{"rendered":"Paro del 24: en La Pampa casi no habr\u00e1 actividad por la huelga"},"content":{"rendered":"\n<p><strong>El paro nacional del mi\u00e9rcoles 24 se sentir\u00e1 con fuerza en La Pampa: la mayor\u00eda de los sindicatos que integran la CGT y las dos CTA confirmaron su adhesi\u00f3n.<\/strong> Se sentir\u00e1 con fuerza en las oficinas p\u00fablicas -tanto nacionales (aunque hay ciertas dudas por las amenazas de Naci\u00f3n de descontarles el d\u00eda), como provinciales y municipales- y hasta en los comercios.<\/p>\n\n\n\n<p>Entre los que ya confirmaron, <strong>aparecen UTA (trabajadores de colectivos), a partir de las 19 horas de ese mi\u00e9rcoles; bancarios, mercantiles, trabajadores de la administraci\u00f3n p\u00fablica provincial, municipales, m\u00e9dicos, profesionales de la salud, docentes p\u00fablicos y privados, universitarios y viales<\/strong>, entre otros. Se sumaron tambi\u00e9n <strong>jubilados, pensionados y desocupados pampeanos.<\/strong><\/p>\n\n\n\n<p>El DNU, el proyecto de ley \u00f3mnibus, la desregularizaci\u00f3n de la econom\u00eda, la reforma laboral y la p\u00e9rdida del poder adquisitivo aparecen entre los reclamos que exponen los sindicatos para levantarse, a menos de 40 d\u00edas de haber asumido, frente al Gobierno de Javier Milei.<\/p>\n\n\n\n<p>La medida de fuerza, incluso, tuvo el expl\u00edcito respaldo del gobernador Sergio Ziliotto: en la semana recibi\u00f3 a dirigentes de la CGT.<\/p>\n\n\n\n<p>En Santa Rosa se desarrollar\u00e1 una manifestaci\u00f3n desde el mediod\u00eda en la plaza San Mart\u00edn, en sinton\u00eda con reclamos en Capital Federal y todo el pa\u00eds, contra las pol\u00edticas de ajuste.<\/p>\n\n\n\n<p><\/p>\n","protected":false},"excerpt":{"rendered":"<p>El paro nacional del mi\u00e9rcoles 24 se sentir\u00e1 con fuerza en La Pampa: la mayor\u00eda de los sindicatos que integran la CGT y las dos CTA confirmaron su adhesi\u00f3n. Se&hellip;<\/p>\n","protected":false},"author":3,"featured_media":249550,"comment_status":"closed","ping_status":"open","sticky":false,"template":"","format":"standard","meta":{"_acf_changed":false,"footnotes":""},"categories":[1,8],"tags":[],"class_list":["post-251479","post","type-post","status-publish","format-standard","has-post-thumbnail","hentry","category-es-noticia","category-politica"],"acf":[],"yoast_head":"<!-- This site is optimized with the Yoast SEO plugin v27.5 - https:\/\/yoast.com\/product\/yoast-seo-wordpress\/ -->\n<title>Paro del 24: en La Pampa casi no habr\u00e1 actividad por la huelga - Diario Textual<\/title>\n<meta name=\"robots\" content=\"index, follow, max-snippet:-1, max-image-preview:large, max-video-preview:-1\" \/>\n<link rel=\"canonical\" href=\"https:\/\/diariotextual.com\/inicio\/index.php\/2024\/01\/19\/paro-del-24-en-la-pampa-casi-no-habra-actividad-por-la-huelga\/\" \/>\n<meta property=\"og:locale\" content=\"es_ES\" \/>\n<meta property=\"og:type\" content=\"article\" \/>\n<meta property=\"og:title\" content=\"Paro del 24: en La Pampa casi no habr\u00e1 actividad por la huelga - Diario Textual\" \/>\n<meta property=\"og:description\" content=\"El paro nacional del mi\u00e9rcoles 24 se sentir\u00e1 con fuerza en La Pampa: la mayor\u00eda de los sindicatos que integran la CGT y las dos CTA confirmaron su adhesi\u00f3n. Se&hellip;\" \/>\n<meta property=\"og:url\" content=\"https:\/\/diariotextual.com\/inicio\/index.php\/2024\/01\/19\/paro-del-24-en-la-pampa-casi-no-habra-actividad-por-la-huelga\/\" \/>\n<meta property=\"og:site_name\" content=\"Diario Textual\" \/>\n<meta property=\"article:publisher\" content=\"https:\/\/www.facebook.com\/eltextual\" \/>\n<meta property=\"article:published_time\" content=\"2024-01-19T09:39:08+00:00\" \/>\n<meta property=\"article:modified_time\" content=\"2024-01-19T13:15:31+00:00\" \/>\n<meta property=\"og:image\" content=\"https:\/\/diariotextual.com\/inicio\/wp-content\/uploads\/2023\/12\/manifestacionantimileisantarosa202-10.jpg\" \/>\n\t<meta property=\"og:image:width\" content=\"1500\" \/>\n\t<meta property=\"og:image:height\" content=\"844\" \/>\n\t<meta property=\"og:image:type\" content=\"image\/jpeg\" \/>\n<meta name=\"author\" content=\"Diario1 Diario1\" \/>\n<meta name=\"twitter:card\" content=\"summary_large_image\" \/>\n<meta name=\"twitter:creator\" content=\"@eltextual\" \/>\n<meta name=\"twitter:site\" content=\"@eltextual\" \/>\n<meta name=\"twitter:label1\" content=\"Escrito por\" \/>\n\t<meta name=\"twitter:data1\" content=\"Diario1 Diario1\" \/>\n\t<meta name=\"twitter:label2\" content=\"Tiempo de lectura\" \/>\n\t<meta name=\"twitter:data2\" content=\"2 minutos\" \/>\n<script type=\"application\/ld+json\" class=\"yoast-schema-graph\">{\"@context\":\"https:\\\/\\\/schema.org\",\"@graph\":[{\"@type\":\"Article\",\"@id\":\"https:\\\/\\\/diariotextual.com\\\/inicio\\\/index.php\\\/2024\\\/01\\\/19\\\/paro-del-24-en-la-pampa-casi-no-habra-actividad-por-la-huelga\\\/#article\",\"isPartOf\":{\"@id\":\"https:\\\/\\\/diariotextual.com\\\/inicio\\\/index.php\\\/2024\\\/01\\\/19\\\/paro-del-24-en-la-pampa-casi-no-habra-actividad-por-la-huelga\\\/\"},\"author\":{\"name\":\"Diario1 Diario1\",\"@id\":\"https:\\\/\\\/diariotextual.com\\\/inicio\\\/#\\\/schema\\\/person\\\/418fc4093c33e86ed41562db3508f958\"},\"headline\":\"Paro del 24: en La Pampa casi no habr\u00e1 actividad por la huelga\",\"datePublished\":\"2024-01-19T09:39:08+00:00\",\"dateModified\":\"2024-01-19T13:15:31+00:00\",\"mainEntityOfPage\":{\"@id\":\"https:\\\/\\\/diariotextual.com\\\/inicio\\\/index.php\\\/2024\\\/01\\\/19\\\/paro-del-24-en-la-pampa-casi-no-habra-actividad-por-la-huelga\\\/\"},\"wordCount\":241,\"publisher\":{\"@id\":\"https:\\\/\\\/diariotextual.com\\\/inicio\\\/#organization\"},\"image\":{\"@id\":\"https:\\\/\\\/diariotextual.com\\\/inicio\\\/index.php\\\/2024\\\/01\\\/19\\\/paro-del-24-en-la-pampa-casi-no-habra-actividad-por-la-huelga\\\/#primaryimage\"},\"thumbnailUrl\":\"https:\\\/\\\/diariotextual.com\\\/inicio\\\/wp-content\\\/uploads\\\/2023\\\/12\\\/manifestacionantimileisantarosa202-10.jpg\",\"articleSection\":[\"A - ES NOTICIA (van abajo)\",\"POLITICA\"],\"inLanguage\":\"es\"},{\"@type\":\"WebPage\",\"@id\":\"https:\\\/\\\/diariotextual.com\\\/inicio\\\/index.php\\\/2024\\\/01\\\/19\\\/paro-del-24-en-la-pampa-casi-no-habra-actividad-por-la-huelga\\\/\",\"url\":\"https:\\\/\\\/diariotextual.com\\\/inicio\\\/index.php\\\/2024\\\/01\\\/19\\\/paro-del-24-en-la-pampa-casi-no-habra-actividad-por-la-huelga\\\/\",\"name\":\"Paro del 24: en La Pampa casi no habr\u00e1 actividad por la huelga - Diario Textual\",\"isPartOf\":{\"@id\":\"https:\\\/\\\/diariotextual.com\\\/inicio\\\/#website\"},\"primaryImageOfPage\":{\"@id\":\"https:\\\/\\\/diariotextual.com\\\/inicio\\\/index.php\\\/2024\\\/01\\\/19\\\/paro-del-24-en-la-pampa-casi-no-habra-actividad-por-la-huelga\\\/#primaryimage\"},\"image\":{\"@id\":\"https:\\\/\\\/diariotextual.com\\\/inicio\\\/index.php\\\/2024\\\/01\\\/19\\\/paro-del-24-en-la-pampa-casi-no-habra-actividad-por-la-huelga\\\/#primaryimage\"},\"thumbnailUrl\":\"https:\\\/\\\/diariotextual.com\\\/inicio\\\/wp-content\\\/uploads\\\/2023\\\/12\\\/manifestacionantimileisantarosa202-10.jpg\",\"datePublished\":\"2024-01-19T09:39:08+00:00\",\"dateModified\":\"2024-01-19T13:15:31+00:00\",\"breadcrumb\":{\"@id\":\"https:\\\/\\\/diariotextual.com\\\/inicio\\\/index.php\\\/2024\\\/01\\\/19\\\/paro-del-24-en-la-pampa-casi-no-habra-actividad-por-la-huelga\\\/#breadcrumb\"},\"inLanguage\":\"es\",\"potentialAction\":[{\"@type\":\"ReadAction\",\"target\":[\"https:\\\/\\\/diariotextual.com\\\/inicio\\\/index.php\\\/2024\\\/01\\\/19\\\/paro-del-24-en-la-pampa-casi-no-habra-actividad-por-la-huelga\\\/\"]}]},{\"@type\":\"ImageObject\",\"inLanguage\":\"es\",\"@id\":\"https:\\\/\\\/diariotextual.com\\\/inicio\\\/index.php\\\/2024\\\/01\\\/19\\\/paro-del-24-en-la-pampa-casi-no-habra-actividad-por-la-huelga\\\/#primaryimage\",\"url\":\"https:\\\/\\\/diariotextual.com\\\/inicio\\\/wp-content\\\/uploads\\\/2023\\\/12\\\/manifestacionantimileisantarosa202-10.jpg\",\"contentUrl\":\"https:\\\/\\\/diariotextual.com\\\/inicio\\\/wp-content\\\/uploads\\\/2023\\\/12\\\/manifestacionantimileisantarosa202-10.jpg\",\"width\":1500,\"height\":844},{\"@type\":\"BreadcrumbList\",\"@id\":\"https:\\\/\\\/diariotextual.com\\\/inicio\\\/index.php\\\/2024\\\/01\\\/19\\\/paro-del-24-en-la-pampa-casi-no-habra-actividad-por-la-huelga\\\/#breadcrumb\",\"itemListElement\":[{\"@type\":\"ListItem\",\"position\":1,\"name\":\"Portada\",\"item\":\"https:\\\/\\\/diariotextual.com\\\/inicio\\\/\"},{\"@type\":\"ListItem\",\"position\":2,\"name\":\"Paro del 24: en La Pampa casi no habr\u00e1 actividad por la huelga\"}]},{\"@type\":\"WebSite\",\"@id\":\"https:\\\/\\\/diariotextual.com\\\/inicio\\\/#website\",\"url\":\"https:\\\/\\\/diariotextual.com\\\/inicio\\\/\",\"name\":\"Diario Textual\",\"description\":\"\",\"publisher\":{\"@id\":\"https:\\\/\\\/diariotextual.com\\\/inicio\\\/#organization\"},\"potentialAction\":[{\"@type\":\"SearchAction\",\"target\":{\"@type\":\"EntryPoint\",\"urlTemplate\":\"https:\\\/\\\/diariotextual.com\\\/inicio\\\/?s={search_term_string}\"},\"query-input\":{\"@type\":\"PropertyValueSpecification\",\"valueRequired\":true,\"valueName\":\"search_term_string\"}}],\"inLanguage\":\"es\"},{\"@type\":\"Organization\",\"@id\":\"https:\\\/\\\/diariotextual.com\\\/inicio\\\/#organization\",\"name\":\"Diario Textual\",\"url\":\"https:\\\/\\\/diariotextual.com\\\/inicio\\\/\",\"logo\":{\"@type\":\"ImageObject\",\"inLanguage\":\"es\",\"@id\":\"https:\\\/\\\/diariotextual.com\\\/inicio\\\/#\\\/schema\\\/logo\\\/image\\\/\",\"url\":\"https:\\\/\\\/diariotextual.com\\\/inicio\\\/wp-content\\\/uploads\\\/2023\\\/05\\\/logotextual1.jpg\",\"contentUrl\":\"https:\\\/\\\/diariotextual.com\\\/inicio\\\/wp-content\\\/uploads\\\/2023\\\/05\\\/logotextual1.jpg\",\"width\":516,\"height\":76,\"caption\":\"Diario Textual\"},\"image\":{\"@id\":\"https:\\\/\\\/diariotextual.com\\\/inicio\\\/#\\\/schema\\\/logo\\\/image\\\/\"},\"sameAs\":[\"https:\\\/\\\/www.facebook.com\\\/eltextual\",\"https:\\\/\\\/x.com\\\/eltextual\",\"http:\\\/\\\/www.instagram.com\\\/eltextual\"]},{\"@type\":\"Person\",\"@id\":\"https:\\\/\\\/diariotextual.com\\\/inicio\\\/#\\\/schema\\\/person\\\/418fc4093c33e86ed41562db3508f958\",\"name\":\"Diario1 Diario1\",\"image\":{\"@type\":\"ImageObject\",\"inLanguage\":\"es\",\"@id\":\"https:\\\/\\\/secure.gravatar.com\\\/avatar\\\/9167d280179c85bc18be67aa7eda765854300033af4896dd779b608640f2ef7a?s=96&d=mm&r=g\",\"url\":\"https:\\\/\\\/secure.gravatar.com\\\/avatar\\\/9167d280179c85bc18be67aa7eda765854300033af4896dd779b608640f2ef7a?s=96&d=mm&r=g\",\"contentUrl\":\"https:\\\/\\\/secure.gravatar.com\\\/avatar\\\/9167d280179c85bc18be67aa7eda765854300033af4896dd779b608640f2ef7a?s=96&d=mm&r=g\",\"caption\":\"Diario1 Diario1\"},\"url\":\"https:\\\/\\\/diariotextual.com\\\/inicio\\\/index.php\\\/author\\\/diario1\\\/\"}]}<\/script>\n<!-- \/ Yoast SEO plugin. -->","yoast_head_json":{"title":"Paro del 24: en La Pampa casi no habr\u00e1 actividad por la huelga - Diario Textual","robots":{"index":"index","follow":"follow","max-snippet":"max-snippet:-1","max-image-preview":"max-image-preview:large","max-video-preview":"max-video-preview:-1"},"canonical":"https:\/\/diariotextual.com\/inicio\/index.php\/2024\/01\/19\/paro-del-24-en-la-pampa-casi-no-habra-actividad-por-la-huelga\/","og_locale":"es_ES","og_type":"article","og_title":"Paro del 24: en La Pampa casi no habr\u00e1 actividad por la huelga - Diario Textual","og_description":"El paro nacional del mi\u00e9rcoles 24 se sentir\u00e1 con fuerza en La Pampa: la mayor\u00eda de los sindicatos que integran la CGT y las dos CTA confirmaron su adhesi\u00f3n. Se&hellip;","og_url":"https:\/\/diariotextual.com\/inicio\/index.php\/2024\/01\/19\/paro-del-24-en-la-pampa-casi-no-habra-actividad-por-la-huelga\/","og_site_name":"Diario Textual","article_publisher":"https:\/\/www.facebook.com\/eltextual","article_published_time":"2024-01-19T09:39:08+00:00","article_modified_time":"2024-01-19T13:15:31+00:00","og_image":[{"width":1500,"height":844,"url":"https:\/\/diariotextual.com\/inicio\/wp-content\/uploads\/2023\/12\/manifestacionantimileisantarosa202-10.jpg","type":"image\/jpeg"}],"author":"Diario1 Diario1","twitter_card":"summary_large_image","twitter_creator":"@eltextual","twitter_site":"@eltextual","twitter_misc":{"Escrito por":"Diario1 Diario1","Tiempo de lectura":"2 minutos"},"schema":{"@context":"https:\/\/schema.org","@graph":[{"@type":"Article","@id":"https:\/\/diariotextual.com\/inicio\/index.php\/2024\/01\/19\/paro-del-24-en-la-pampa-casi-no-habra-actividad-por-la-huelga\/#article","isPartOf":{"@id":"https:\/\/diariotextual.com\/inicio\/index.php\/2024\/01\/19\/paro-del-24-en-la-pampa-casi-no-habra-actividad-por-la-huelga\/"},"author":{"name":"Diario1 Diario1","@id":"https:\/\/diariotextual.com\/inicio\/#\/schema\/person\/418fc4093c33e86ed41562db3508f958"},"headline":"Paro del 24: en La Pampa casi no habr\u00e1 actividad por la huelga","datePublished":"2024-01-19T09:39:08+00:00","dateModified":"2024-01-19T13:15:31+00:00","mainEntityOfPage":{"@id":"https:\/\/diariotextual.com\/inicio\/index.php\/2024\/01\/19\/paro-del-24-en-la-pampa-casi-no-habra-actividad-por-la-huelga\/"},"wordCount":241,"publisher":{"@id":"https:\/\/diariotextual.com\/inicio\/#organization"},"image":{"@id":"https:\/\/diariotextual.com\/inicio\/index.php\/2024\/01\/19\/paro-del-24-en-la-pampa-casi-no-habra-actividad-por-la-huelga\/#primaryimage"},"thumbnailUrl":"https:\/\/diariotextual.com\/inicio\/wp-content\/uploads\/2023\/12\/manifestacionantimileisantarosa202-10.jpg","articleSection":["A - ES NOTICIA (van abajo)","POLITICA"],"inLanguage":"es"},{"@type":"WebPage","@id":"https:\/\/diariotextual.com\/inicio\/index.php\/2024\/01\/19\/paro-del-24-en-la-pampa-casi-no-habra-actividad-por-la-huelga\/","url":"https:\/\/diariotextual.com\/inicio\/index.php\/2024\/01\/19\/paro-del-24-en-la-pampa-casi-no-habra-actividad-por-la-huelga\/","name":"Paro del 24: en La Pampa casi no habr\u00e1 actividad por la huelga - Diario Textual","isPartOf":{"@id":"https:\/\/diariotextual.com\/inicio\/#website"},"primaryImageOfPage":{"@id":"https:\/\/diariotextual.com\/inicio\/index.php\/2024\/01\/19\/paro-del-24-en-la-pampa-casi-no-habra-actividad-por-la-huelga\/#primaryimage"},"image":{"@id":"https:\/\/diariotextual.com\/inicio\/index.php\/2024\/01\/19\/paro-del-24-en-la-pampa-casi-no-habra-actividad-por-la-huelga\/#primaryimage"},"thumbnailUrl":"https:\/\/diariotextual.com\/inicio\/wp-content\/uploads\/2023\/12\/manifestacionantimileisantarosa202-10.jpg","datePublished":"2024-01-19T09:39:08+00:00","dateModified":"2024-01-19T13:15:31+00:00","breadcrumb":{"@id":"https:\/\/diariotextual.com\/inicio\/index.php\/2024\/01\/19\/paro-del-24-en-la-pampa-casi-no-habra-actividad-por-la-huelga\/#breadcrumb"},"inLanguage":"es","potentialAction":[{"@type":"ReadAction","target":["https:\/\/diariotextual.com\/inicio\/index.php\/2024\/01\/19\/paro-del-24-en-la-pampa-casi-no-habra-actividad-por-la-huelga\/"]}]},{"@type":"ImageObject","inLanguage":"es","@id":"https:\/\/diariotextual.com\/inicio\/index.php\/2024\/01\/19\/paro-del-24-en-la-pampa-casi-no-habra-actividad-por-la-huelga\/#primaryimage","url":"https:\/\/diariotextual.com\/inicio\/wp-content\/uploads\/2023\/12\/manifestacionantimileisantarosa202-10.jpg","contentUrl":"https:\/\/diariotextual.com\/inicio\/wp-content\/uploads\/2023\/12\/manifestacionantimileisantarosa202-10.jpg","width":1500,"height":844},{"@type":"BreadcrumbList","@id":"https:\/\/diariotextual.com\/inicio\/index.php\/2024\/01\/19\/paro-del-24-en-la-pampa-casi-no-habra-actividad-por-la-huelga\/#breadcrumb","itemListElement":[{"@type":"ListItem","position":1,"name":"Portada","item":"https:\/\/diariotextual.com\/inicio\/"},{"@type":"ListItem","position":2,"name":"Paro del 24: en La Pampa casi no habr\u00e1 actividad por la huelga"}]},{"@type":"WebSite","@id":"https:\/\/diariotextual.com\/inicio\/#website","url":"https:\/\/diariotextual.com\/inicio\/","name":"Diario Textual","description":"","publisher":{"@id":"https:\/\/diariotextual.com\/inicio\/#organization"},"potentialAction":[{"@type":"SearchAction","target":{"@type":"EntryPoint","urlTemplate":"https:\/\/diariotextual.com\/inicio\/?s={search_term_string}"},"query-input":{"@type":"PropertyValueSpecification","valueRequired":true,"valueName":"search_term_string"}}],"inLanguage":"es"},{"@type":"Organization","@id":"https:\/\/diariotextual.com\/inicio\/#organization","name":"Diario Textual","url":"https:\/\/diariotextual.com\/inicio\/","logo":{"@type":"ImageObject","inLanguage":"es","@id":"https:\/\/diariotextual.com\/inicio\/#\/schema\/logo\/image\/","url":"https:\/\/diariotextual.com\/inicio\/wp-content\/uploads\/2023\/05\/logotextual1.jpg","contentUrl":"https:\/\/diariotextual.com\/inicio\/wp-content\/uploads\/2023\/05\/logotextual1.jpg","width":516,"height":76,"caption":"Diario Textual"},"image":{"@id":"https:\/\/diariotextual.com\/inicio\/#\/schema\/logo\/image\/"},"sameAs":["https:\/\/www.facebook.com\/eltextual","https:\/\/x.com\/eltextual","http:\/\/www.instagram.com\/eltextual"]},{"@type":"Person","@id":"https:\/\/diariotextual.com\/inicio\/#\/schema\/person\/418fc4093c33e86ed41562db3508f958","name":"Diario1 Diario1","image":{"@type":"ImageObject","inLanguage":"es","@id":"https:\/\/secure.gravatar.com\/avatar\/9167d280179c85bc18be67aa7eda765854300033af4896dd779b608640f2ef7a?s=96&d=mm&r=g","url":"https:\/\/secure.gravatar.com\/avatar\/9167d280179c85bc18be67aa7eda765854300033af4896dd779b608640f2ef7a?s=96&d=mm&r=g","contentUrl":"https:\/\/secure.gravatar.com\/avatar\/9167d280179c85bc18be67aa7eda765854300033af4896dd779b608640f2ef7a?s=96&d=mm&r=g","caption":"Diario1 Diario1"},"url":"https:\/\/diariotextual.com\/inicio\/index.php\/author\/diario1\/"}]}},"_links":{"self":[{"href":"https:\/\/diariotextual.com\/inicio\/index.php\/wp-json\/wp\/v2\/posts\/251479","targetHints":{"allow":["GET"]}}],"collection":[{"href":"https:\/\/diariotextual.com\/inicio\/index.php\/wp-json\/wp\/v2\/posts"}],"about":[{"href":"https:\/\/diariotextual.com\/inicio\/index.php\/wp-json\/wp\/v2\/types\/post"}],"author":[{"embeddable":true,"href":"https:\/\/diariotextual.com\/inicio\/index.php\/wp-json\/wp\/v2\/users\/3"}],"replies":[{"embeddable":true,"href":"https:\/\/diariotextual.com\/inicio\/index.php\/wp-json\/wp\/v2\/comments?post=251479"}],"version-history":[{"count":4,"href":"https:\/\/diariotextual.com\/inicio\/index.php\/wp-json\/wp\/v2\/posts\/251479\/revisions"}],"predecessor-version":[{"id":251483,"href":"https:\/\/diariotextual.com\/inicio\/index.php\/wp-json\/wp\/v2\/posts\/251479\/revisions\/251483"}],"wp:featuredmedia":[{"embeddable":true,"href":"https:\/\/diariotextual.com\/inicio\/index.php\/wp-json\/wp\/v2\/media\/249550"}],"wp:attachment":[{"href":"https:\/\/diariotextual.com\/inicio\/index.php\/wp-json\/wp\/v2\/media?parent=251479"}],"wp:term":[{"taxonomy":"category","embeddable":true,"href":"https:\/\/diariotextual.com\/inicio\/index.php\/wp-json\/wp\/v2\/categories?post=251479"},{"taxonomy":"post_tag","embeddable":true,"href":"https:\/\/diariotextual.com\/inicio\/index.php\/wp-json\/wp\/v2\/tags?post=251479"}],"curies":[{"name":"wp","href":"https:\/\/api.w.org\/{rel}","templated":true}]}}