{"id":251545,"date":"2024-01-19T18:47:53","date_gmt":"2024-01-19T21:47:53","guid":{"rendered":"https:\/\/diariotextual.com\/inicio\/?p=251545"},"modified":"2024-01-19T20:58:29","modified_gmt":"2024-01-19T23:58:29","slug":"alicia-mayoral-y-otros-vicegobernadores-alertan-de-la-gravedad-de-la-crisis","status":"publish","type":"post","link":"https:\/\/diariotextual.com\/inicio\/index.php\/2024\/01\/19\/alicia-mayoral-y-otros-vicegobernadores-alertan-de-la-gravedad-de-la-crisis\/","title":{"rendered":"Alicia Mayoral y otros vicegobernadores alertan de la \u201cgravedad\u201d de la crisis"},"content":{"rendered":"\n<p>La vicegobernadora pampeana <strong>Alicia Mayoral<\/strong> particip\u00f3 en las \u00faltima horas de una jornada de trabajo en el marco del <strong>Foro Permanente de Vicegobernadoras y Vicegobernadores de la Rep\u00fablica Argentina (FOVIRA)<\/strong>, donde se realiz\u00f3 un intercambio informativo y an\u00e1lisis de la situaci\u00f3n actual.<br><\/p>\n\n\n\n<p>Durante el encuentro, <strong>se destac\u00f3 la realidad que enfrentan las provincias debido a la devaluaci\u00f3n, la inflaci\u00f3n, la apertura de importaciones selectivas y las medidas de desregulaci\u00f3n, cuyas consecuencias no fueron debidamente contempladas.<\/strong><br><\/p>\n\n\n\n<p>El encuentro v\u00eda Zoom fue encabezado por la vicegobernadora de Buenos Aires, Ver\u00f3nica Magario. Estuvieron presentes la vicegobernadora de La Pampa, Alicia Mayoral; el vicegobernador de Tucum\u00e1n, Miguel Acevedo; la vicegobernadora M\u00f3nica Urquiza, de Tierra del Fuego; el vicegobernador Antonio Marocco, de Salta; as\u00ed como Eber Sol\u00eds, vicegobernador de Formosa; Ruben Dusso, vicegobernador de Catamarca; Lucas Romero Spinelli, vicegobernador de Misiones y el vicegobernador de Santiago del Estero, Carlos Silva Neder.<br><\/p>\n\n\n\n<p><strong>El eje central de la reuni\u00f3n gir\u00f3 en torno a la crisis que afecta a las econom\u00edas regionales y a la significativa ca\u00edda en la actividad tur\u00edstica. Todos los participantes expresaron su preocupaci\u00f3n por estos temas cruciales que afectan a sus respectivas jurisdicciones.<\/strong><br><\/p>\n\n\n\n<p>En esta l\u00ednea, se puso de manifiesto que las decisiones del gobierno de<strong> Javier Milei<\/strong>, en particular la apertura de importaciones que impacta directamente en las producciones provinciales y regionales, as\u00ed como las medidas de desregulaci\u00f3n no evaluadas en t\u00e9rminos productivos, han dejado desprotegidas a numerosas actividades frente al avance del d\u00f3lar y al crecimiento desmedido de los precios.<\/p>\n\n\n\n<p><br><strong>Se\u00f1alaron que la crisis tur\u00edstica, con una dr\u00e1stica disminuci\u00f3n en la actividad, est\u00e1 castigando a todo el pa\u00eds, siendo diciembre pr\u00e1cticamente paralizado en las plazas con mayor afluencia. La primera quincena de enero tambi\u00e9n result\u00f3 severamente afectada a nivel nacional, generando una disminuci\u00f3n que pr\u00e1cticamente anula la rentabilidad necesaria para subsistir hasta la pr\u00f3xima temporada.<\/strong><br><\/p>\n\n\n\n<p>En este contexto, las y los vicegobernadores coincidieron en<strong> la gravedad de la situaci\u00f3n socioecon\u00f3mica <\/strong>en sus provincias desde el 10 de diciembre pasado, fecha en la que se han implementado pol\u00edticas nacionales que han tenido un impacto negativo en la realidad econ\u00f3mica y social del pa\u00eds.<br><\/p>\n\n\n\n<p>Adem\u00e1s de compartir su preocupaci\u00f3n, <strong>iniciaron la elaboraci\u00f3n de una agenda com\u00fan y la creaci\u00f3n de proyectos que permitan hacer frente a las serias consecuencias que estas pol\u00edticas est\u00e1n teniendo sobre la poblaci\u00f3n argentina. <\/strong>Es crucial, seg\u00fan manifestaron en un comunicado de prensa, abordar la situaci\u00f3n de manera conjunta para mitigar los efectos adversos de las medidas econ\u00f3micas que, en el pasado, han demostrado ser infructuosas en nuestro pa\u00eds.<br><\/p>\n\n\n\n<p>Las vicegobernadoras y vicegobernadores expresaron su compromiso de trabajar de manera coordinada para proteger los intereses de sus provincias y de los argentinos en general, ante los desaf\u00edos econ\u00f3micos actuales. Est\u00e1n convencidos de que es necesario buscar soluciones concertadas que promuevan el desarrollo sostenible y el bienestar de la sociedad en su conjunto.<\/p>\n\n\n\n<p><\/p>\n\n\n\n<p><\/p>\n","protected":false},"excerpt":{"rendered":"<p>La vicegobernadora pampeana Alicia Mayoral particip\u00f3 en las \u00faltima horas de una jornada de trabajo en el marco del Foro Permanente de Vicegobernadoras y Vicegobernadores de la Rep\u00fablica Argentina (FOVIRA),&hellip;<\/p>\n","protected":false},"author":3,"featured_media":251547,"comment_status":"closed","ping_status":"open","sticky":false,"template":"","format":"standard","meta":{"_acf_changed":false,"footnotes":""},"categories":[1,8],"tags":[],"class_list":["post-251545","post","type-post","status-publish","format-standard","has-post-thumbnail","hentry","category-es-noticia","category-politica"],"acf":[],"yoast_head":"<!-- This site is optimized with the Yoast SEO plugin v27.5 - https:\/\/yoast.com\/product\/yoast-seo-wordpress\/ -->\n<title>Alicia Mayoral y otros vicegobernadores alertan de la \u201cgravedad\u201d de la crisis - Diario Textual<\/title>\n<meta name=\"robots\" content=\"index, follow, max-snippet:-1, max-image-preview:large, max-video-preview:-1\" \/>\n<link rel=\"canonical\" href=\"https:\/\/diariotextual.com\/inicio\/index.php\/2024\/01\/19\/alicia-mayoral-y-otros-vicegobernadores-alertan-de-la-gravedad-de-la-crisis\/\" \/>\n<meta property=\"og:locale\" content=\"es_ES\" \/>\n<meta property=\"og:type\" content=\"article\" \/>\n<meta property=\"og:title\" content=\"Alicia Mayoral y otros vicegobernadores alertan de la \u201cgravedad\u201d de la crisis - Diario Textual\" \/>\n<meta property=\"og:description\" content=\"La vicegobernadora pampeana Alicia Mayoral particip\u00f3 en las \u00faltima horas de una jornada de trabajo en el marco del Foro Permanente de Vicegobernadoras y Vicegobernadores de la Rep\u00fablica Argentina (FOVIRA),&hellip;\" \/>\n<meta property=\"og:url\" content=\"https:\/\/diariotextual.com\/inicio\/index.php\/2024\/01\/19\/alicia-mayoral-y-otros-vicegobernadores-alertan-de-la-gravedad-de-la-crisis\/\" \/>\n<meta property=\"og:site_name\" content=\"Diario Textual\" \/>\n<meta property=\"article:publisher\" content=\"https:\/\/www.facebook.com\/eltextual\" \/>\n<meta property=\"article:published_time\" content=\"2024-01-19T21:47:53+00:00\" \/>\n<meta property=\"article:modified_time\" content=\"2024-01-19T23:58:29+00:00\" \/>\n<meta property=\"og:image\" content=\"https:\/\/diariotextual.com\/inicio\/wp-content\/uploads\/2024\/01\/mayoralalicia2024-9000-scaled.jpg\" \/>\n\t<meta property=\"og:image:width\" content=\"2560\" \/>\n\t<meta property=\"og:image:height\" content=\"1759\" \/>\n\t<meta property=\"og:image:type\" content=\"image\/jpeg\" \/>\n<meta name=\"author\" content=\"Diario1 Diario1\" \/>\n<meta name=\"twitter:card\" content=\"summary_large_image\" \/>\n<meta name=\"twitter:creator\" content=\"@eltextual\" \/>\n<meta name=\"twitter:site\" content=\"@eltextual\" \/>\n<meta name=\"twitter:label1\" content=\"Escrito por\" \/>\n\t<meta name=\"twitter:data1\" content=\"Diario1 Diario1\" \/>\n\t<meta name=\"twitter:label2\" content=\"Tiempo de lectura\" \/>\n\t<meta name=\"twitter:data2\" content=\"3 minutos\" \/>\n<script type=\"application\/ld+json\" class=\"yoast-schema-graph\">{\"@context\":\"https:\\\/\\\/schema.org\",\"@graph\":[{\"@type\":\"Article\",\"@id\":\"https:\\\/\\\/diariotextual.com\\\/inicio\\\/index.php\\\/2024\\\/01\\\/19\\\/alicia-mayoral-y-otros-vicegobernadores-alertan-de-la-gravedad-de-la-crisis\\\/#article\",\"isPartOf\":{\"@id\":\"https:\\\/\\\/diariotextual.com\\\/inicio\\\/index.php\\\/2024\\\/01\\\/19\\\/alicia-mayoral-y-otros-vicegobernadores-alertan-de-la-gravedad-de-la-crisis\\\/\"},\"author\":{\"name\":\"Diario1 Diario1\",\"@id\":\"https:\\\/\\\/diariotextual.com\\\/inicio\\\/#\\\/schema\\\/person\\\/418fc4093c33e86ed41562db3508f958\"},\"headline\":\"Alicia Mayoral y otros vicegobernadores alertan de la \u201cgravedad\u201d de la crisis\",\"datePublished\":\"2024-01-19T21:47:53+00:00\",\"dateModified\":\"2024-01-19T23:58:29+00:00\",\"mainEntityOfPage\":{\"@id\":\"https:\\\/\\\/diariotextual.com\\\/inicio\\\/index.php\\\/2024\\\/01\\\/19\\\/alicia-mayoral-y-otros-vicegobernadores-alertan-de-la-gravedad-de-la-crisis\\\/\"},\"wordCount\":533,\"publisher\":{\"@id\":\"https:\\\/\\\/diariotextual.com\\\/inicio\\\/#organization\"},\"image\":{\"@id\":\"https:\\\/\\\/diariotextual.com\\\/inicio\\\/index.php\\\/2024\\\/01\\\/19\\\/alicia-mayoral-y-otros-vicegobernadores-alertan-de-la-gravedad-de-la-crisis\\\/#primaryimage\"},\"thumbnailUrl\":\"https:\\\/\\\/diariotextual.com\\\/inicio\\\/wp-content\\\/uploads\\\/2024\\\/01\\\/mayoralalicia2024-9000-scaled.jpg\",\"articleSection\":[\"A - ES NOTICIA (van abajo)\",\"POLITICA\"],\"inLanguage\":\"es\"},{\"@type\":\"WebPage\",\"@id\":\"https:\\\/\\\/diariotextual.com\\\/inicio\\\/index.php\\\/2024\\\/01\\\/19\\\/alicia-mayoral-y-otros-vicegobernadores-alertan-de-la-gravedad-de-la-crisis\\\/\",\"url\":\"https:\\\/\\\/diariotextual.com\\\/inicio\\\/index.php\\\/2024\\\/01\\\/19\\\/alicia-mayoral-y-otros-vicegobernadores-alertan-de-la-gravedad-de-la-crisis\\\/\",\"name\":\"Alicia Mayoral y otros vicegobernadores alertan de la \u201cgravedad\u201d de la crisis - Diario Textual\",\"isPartOf\":{\"@id\":\"https:\\\/\\\/diariotextual.com\\\/inicio\\\/#website\"},\"primaryImageOfPage\":{\"@id\":\"https:\\\/\\\/diariotextual.com\\\/inicio\\\/index.php\\\/2024\\\/01\\\/19\\\/alicia-mayoral-y-otros-vicegobernadores-alertan-de-la-gravedad-de-la-crisis\\\/#primaryimage\"},\"image\":{\"@id\":\"https:\\\/\\\/diariotextual.com\\\/inicio\\\/index.php\\\/2024\\\/01\\\/19\\\/alicia-mayoral-y-otros-vicegobernadores-alertan-de-la-gravedad-de-la-crisis\\\/#primaryimage\"},\"thumbnailUrl\":\"https:\\\/\\\/diariotextual.com\\\/inicio\\\/wp-content\\\/uploads\\\/2024\\\/01\\\/mayoralalicia2024-9000-scaled.jpg\",\"datePublished\":\"2024-01-19T21:47:53+00:00\",\"dateModified\":\"2024-01-19T23:58:29+00:00\",\"breadcrumb\":{\"@id\":\"https:\\\/\\\/diariotextual.com\\\/inicio\\\/index.php\\\/2024\\\/01\\\/19\\\/alicia-mayoral-y-otros-vicegobernadores-alertan-de-la-gravedad-de-la-crisis\\\/#breadcrumb\"},\"inLanguage\":\"es\",\"potentialAction\":[{\"@type\":\"ReadAction\",\"target\":[\"https:\\\/\\\/diariotextual.com\\\/inicio\\\/index.php\\\/2024\\\/01\\\/19\\\/alicia-mayoral-y-otros-vicegobernadores-alertan-de-la-gravedad-de-la-crisis\\\/\"]}]},{\"@type\":\"ImageObject\",\"inLanguage\":\"es\",\"@id\":\"https:\\\/\\\/diariotextual.com\\\/inicio\\\/index.php\\\/2024\\\/01\\\/19\\\/alicia-mayoral-y-otros-vicegobernadores-alertan-de-la-gravedad-de-la-crisis\\\/#primaryimage\",\"url\":\"https:\\\/\\\/diariotextual.com\\\/inicio\\\/wp-content\\\/uploads\\\/2024\\\/01\\\/mayoralalicia2024-9000-scaled.jpg\",\"contentUrl\":\"https:\\\/\\\/diariotextual.com\\\/inicio\\\/wp-content\\\/uploads\\\/2024\\\/01\\\/mayoralalicia2024-9000-scaled.jpg\",\"width\":2560,\"height\":1759},{\"@type\":\"BreadcrumbList\",\"@id\":\"https:\\\/\\\/diariotextual.com\\\/inicio\\\/index.php\\\/2024\\\/01\\\/19\\\/alicia-mayoral-y-otros-vicegobernadores-alertan-de-la-gravedad-de-la-crisis\\\/#breadcrumb\",\"itemListElement\":[{\"@type\":\"ListItem\",\"position\":1,\"name\":\"Portada\",\"item\":\"https:\\\/\\\/diariotextual.com\\\/inicio\\\/\"},{\"@type\":\"ListItem\",\"position\":2,\"name\":\"Alicia Mayoral y otros vicegobernadores alertan de la \u201cgravedad\u201d de la crisis\"}]},{\"@type\":\"WebSite\",\"@id\":\"https:\\\/\\\/diariotextual.com\\\/inicio\\\/#website\",\"url\":\"https:\\\/\\\/diariotextual.com\\\/inicio\\\/\",\"name\":\"Diario Textual\",\"description\":\"\",\"publisher\":{\"@id\":\"https:\\\/\\\/diariotextual.com\\\/inicio\\\/#organization\"},\"potentialAction\":[{\"@type\":\"SearchAction\",\"target\":{\"@type\":\"EntryPoint\",\"urlTemplate\":\"https:\\\/\\\/diariotextual.com\\\/inicio\\\/?s={search_term_string}\"},\"query-input\":{\"@type\":\"PropertyValueSpecification\",\"valueRequired\":true,\"valueName\":\"search_term_string\"}}],\"inLanguage\":\"es\"},{\"@type\":\"Organization\",\"@id\":\"https:\\\/\\\/diariotextual.com\\\/inicio\\\/#organization\",\"name\":\"Diario Textual\",\"url\":\"https:\\\/\\\/diariotextual.com\\\/inicio\\\/\",\"logo\":{\"@type\":\"ImageObject\",\"inLanguage\":\"es\",\"@id\":\"https:\\\/\\\/diariotextual.com\\\/inicio\\\/#\\\/schema\\\/logo\\\/image\\\/\",\"url\":\"https:\\\/\\\/diariotextual.com\\\/inicio\\\/wp-content\\\/uploads\\\/2023\\\/05\\\/logotextual1.jpg\",\"contentUrl\":\"https:\\\/\\\/diariotextual.com\\\/inicio\\\/wp-content\\\/uploads\\\/2023\\\/05\\\/logotextual1.jpg\",\"width\":516,\"height\":76,\"caption\":\"Diario Textual\"},\"image\":{\"@id\":\"https:\\\/\\\/diariotextual.com\\\/inicio\\\/#\\\/schema\\\/logo\\\/image\\\/\"},\"sameAs\":[\"https:\\\/\\\/www.facebook.com\\\/eltextual\",\"https:\\\/\\\/x.com\\\/eltextual\",\"http:\\\/\\\/www.instagram.com\\\/eltextual\"]},{\"@type\":\"Person\",\"@id\":\"https:\\\/\\\/diariotextual.com\\\/inicio\\\/#\\\/schema\\\/person\\\/418fc4093c33e86ed41562db3508f958\",\"name\":\"Diario1 Diario1\",\"image\":{\"@type\":\"ImageObject\",\"inLanguage\":\"es\",\"@id\":\"https:\\\/\\\/secure.gravatar.com\\\/avatar\\\/9167d280179c85bc18be67aa7eda765854300033af4896dd779b608640f2ef7a?s=96&d=mm&r=g\",\"url\":\"https:\\\/\\\/secure.gravatar.com\\\/avatar\\\/9167d280179c85bc18be67aa7eda765854300033af4896dd779b608640f2ef7a?s=96&d=mm&r=g\",\"contentUrl\":\"https:\\\/\\\/secure.gravatar.com\\\/avatar\\\/9167d280179c85bc18be67aa7eda765854300033af4896dd779b608640f2ef7a?s=96&d=mm&r=g\",\"caption\":\"Diario1 Diario1\"},\"url\":\"https:\\\/\\\/diariotextual.com\\\/inicio\\\/index.php\\\/author\\\/diario1\\\/\"}]}<\/script>\n<!-- \/ Yoast SEO plugin. -->","yoast_head_json":{"title":"Alicia Mayoral y otros vicegobernadores alertan de la \u201cgravedad\u201d de la crisis - Diario Textual","robots":{"index":"index","follow":"follow","max-snippet":"max-snippet:-1","max-image-preview":"max-image-preview:large","max-video-preview":"max-video-preview:-1"},"canonical":"https:\/\/diariotextual.com\/inicio\/index.php\/2024\/01\/19\/alicia-mayoral-y-otros-vicegobernadores-alertan-de-la-gravedad-de-la-crisis\/","og_locale":"es_ES","og_type":"article","og_title":"Alicia Mayoral y otros vicegobernadores alertan de la \u201cgravedad\u201d de la crisis - Diario Textual","og_description":"La vicegobernadora pampeana Alicia Mayoral particip\u00f3 en las \u00faltima horas de una jornada de trabajo en el marco del Foro Permanente de Vicegobernadoras y Vicegobernadores de la Rep\u00fablica Argentina (FOVIRA),&hellip;","og_url":"https:\/\/diariotextual.com\/inicio\/index.php\/2024\/01\/19\/alicia-mayoral-y-otros-vicegobernadores-alertan-de-la-gravedad-de-la-crisis\/","og_site_name":"Diario Textual","article_publisher":"https:\/\/www.facebook.com\/eltextual","article_published_time":"2024-01-19T21:47:53+00:00","article_modified_time":"2024-01-19T23:58:29+00:00","og_image":[{"width":2560,"height":1759,"url":"https:\/\/diariotextual.com\/inicio\/wp-content\/uploads\/2024\/01\/mayoralalicia2024-9000-scaled.jpg","type":"image\/jpeg"}],"author":"Diario1 Diario1","twitter_card":"summary_large_image","twitter_creator":"@eltextual","twitter_site":"@eltextual","twitter_misc":{"Escrito por":"Diario1 Diario1","Tiempo de lectura":"3 minutos"},"schema":{"@context":"https:\/\/schema.org","@graph":[{"@type":"Article","@id":"https:\/\/diariotextual.com\/inicio\/index.php\/2024\/01\/19\/alicia-mayoral-y-otros-vicegobernadores-alertan-de-la-gravedad-de-la-crisis\/#article","isPartOf":{"@id":"https:\/\/diariotextual.com\/inicio\/index.php\/2024\/01\/19\/alicia-mayoral-y-otros-vicegobernadores-alertan-de-la-gravedad-de-la-crisis\/"},"author":{"name":"Diario1 Diario1","@id":"https:\/\/diariotextual.com\/inicio\/#\/schema\/person\/418fc4093c33e86ed41562db3508f958"},"headline":"Alicia Mayoral y otros vicegobernadores alertan de la \u201cgravedad\u201d de la crisis","datePublished":"2024-01-19T21:47:53+00:00","dateModified":"2024-01-19T23:58:29+00:00","mainEntityOfPage":{"@id":"https:\/\/diariotextual.com\/inicio\/index.php\/2024\/01\/19\/alicia-mayoral-y-otros-vicegobernadores-alertan-de-la-gravedad-de-la-crisis\/"},"wordCount":533,"publisher":{"@id":"https:\/\/diariotextual.com\/inicio\/#organization"},"image":{"@id":"https:\/\/diariotextual.com\/inicio\/index.php\/2024\/01\/19\/alicia-mayoral-y-otros-vicegobernadores-alertan-de-la-gravedad-de-la-crisis\/#primaryimage"},"thumbnailUrl":"https:\/\/diariotextual.com\/inicio\/wp-content\/uploads\/2024\/01\/mayoralalicia2024-9000-scaled.jpg","articleSection":["A - ES NOTICIA (van abajo)","POLITICA"],"inLanguage":"es"},{"@type":"WebPage","@id":"https:\/\/diariotextual.com\/inicio\/index.php\/2024\/01\/19\/alicia-mayoral-y-otros-vicegobernadores-alertan-de-la-gravedad-de-la-crisis\/","url":"https:\/\/diariotextual.com\/inicio\/index.php\/2024\/01\/19\/alicia-mayoral-y-otros-vicegobernadores-alertan-de-la-gravedad-de-la-crisis\/","name":"Alicia Mayoral y otros vicegobernadores alertan de la \u201cgravedad\u201d de la crisis - Diario Textual","isPartOf":{"@id":"https:\/\/diariotextual.com\/inicio\/#website"},"primaryImageOfPage":{"@id":"https:\/\/diariotextual.com\/inicio\/index.php\/2024\/01\/19\/alicia-mayoral-y-otros-vicegobernadores-alertan-de-la-gravedad-de-la-crisis\/#primaryimage"},"image":{"@id":"https:\/\/diariotextual.com\/inicio\/index.php\/2024\/01\/19\/alicia-mayoral-y-otros-vicegobernadores-alertan-de-la-gravedad-de-la-crisis\/#primaryimage"},"thumbnailUrl":"https:\/\/diariotextual.com\/inicio\/wp-content\/uploads\/2024\/01\/mayoralalicia2024-9000-scaled.jpg","datePublished":"2024-01-19T21:47:53+00:00","dateModified":"2024-01-19T23:58:29+00:00","breadcrumb":{"@id":"https:\/\/diariotextual.com\/inicio\/index.php\/2024\/01\/19\/alicia-mayoral-y-otros-vicegobernadores-alertan-de-la-gravedad-de-la-crisis\/#breadcrumb"},"inLanguage":"es","potentialAction":[{"@type":"ReadAction","target":["https:\/\/diariotextual.com\/inicio\/index.php\/2024\/01\/19\/alicia-mayoral-y-otros-vicegobernadores-alertan-de-la-gravedad-de-la-crisis\/"]}]},{"@type":"ImageObject","inLanguage":"es","@id":"https:\/\/diariotextual.com\/inicio\/index.php\/2024\/01\/19\/alicia-mayoral-y-otros-vicegobernadores-alertan-de-la-gravedad-de-la-crisis\/#primaryimage","url":"https:\/\/diariotextual.com\/inicio\/wp-content\/uploads\/2024\/01\/mayoralalicia2024-9000-scaled.jpg","contentUrl":"https:\/\/diariotextual.com\/inicio\/wp-content\/uploads\/2024\/01\/mayoralalicia2024-9000-scaled.jpg","width":2560,"height":1759},{"@type":"BreadcrumbList","@id":"https:\/\/diariotextual.com\/inicio\/index.php\/2024\/01\/19\/alicia-mayoral-y-otros-vicegobernadores-alertan-de-la-gravedad-de-la-crisis\/#breadcrumb","itemListElement":[{"@type":"ListItem","position":1,"name":"Portada","item":"https:\/\/diariotextual.com\/inicio\/"},{"@type":"ListItem","position":2,"name":"Alicia Mayoral y otros vicegobernadores alertan de la \u201cgravedad\u201d de la crisis"}]},{"@type":"WebSite","@id":"https:\/\/diariotextual.com\/inicio\/#website","url":"https:\/\/diariotextual.com\/inicio\/","name":"Diario Textual","description":"","publisher":{"@id":"https:\/\/diariotextual.com\/inicio\/#organization"},"potentialAction":[{"@type":"SearchAction","target":{"@type":"EntryPoint","urlTemplate":"https:\/\/diariotextual.com\/inicio\/?s={search_term_string}"},"query-input":{"@type":"PropertyValueSpecification","valueRequired":true,"valueName":"search_term_string"}}],"inLanguage":"es"},{"@type":"Organization","@id":"https:\/\/diariotextual.com\/inicio\/#organization","name":"Diario Textual","url":"https:\/\/diariotextual.com\/inicio\/","logo":{"@type":"ImageObject","inLanguage":"es","@id":"https:\/\/diariotextual.com\/inicio\/#\/schema\/logo\/image\/","url":"https:\/\/diariotextual.com\/inicio\/wp-content\/uploads\/2023\/05\/logotextual1.jpg","contentUrl":"https:\/\/diariotextual.com\/inicio\/wp-content\/uploads\/2023\/05\/logotextual1.jpg","width":516,"height":76,"caption":"Diario Textual"},"image":{"@id":"https:\/\/diariotextual.com\/inicio\/#\/schema\/logo\/image\/"},"sameAs":["https:\/\/www.facebook.com\/eltextual","https:\/\/x.com\/eltextual","http:\/\/www.instagram.com\/eltextual"]},{"@type":"Person","@id":"https:\/\/diariotextual.com\/inicio\/#\/schema\/person\/418fc4093c33e86ed41562db3508f958","name":"Diario1 Diario1","image":{"@type":"ImageObject","inLanguage":"es","@id":"https:\/\/secure.gravatar.com\/avatar\/9167d280179c85bc18be67aa7eda765854300033af4896dd779b608640f2ef7a?s=96&d=mm&r=g","url":"https:\/\/secure.gravatar.com\/avatar\/9167d280179c85bc18be67aa7eda765854300033af4896dd779b608640f2ef7a?s=96&d=mm&r=g","contentUrl":"https:\/\/secure.gravatar.com\/avatar\/9167d280179c85bc18be67aa7eda765854300033af4896dd779b608640f2ef7a?s=96&d=mm&r=g","caption":"Diario1 Diario1"},"url":"https:\/\/diariotextual.com\/inicio\/index.php\/author\/diario1\/"}]}},"_links":{"self":[{"href":"https:\/\/diariotextual.com\/inicio\/index.php\/wp-json\/wp\/v2\/posts\/251545","targetHints":{"allow":["GET"]}}],"collection":[{"href":"https:\/\/diariotextual.com\/inicio\/index.php\/wp-json\/wp\/v2\/posts"}],"about":[{"href":"https:\/\/diariotextual.com\/inicio\/index.php\/wp-json\/wp\/v2\/types\/post"}],"author":[{"embeddable":true,"href":"https:\/\/diariotextual.com\/inicio\/index.php\/wp-json\/wp\/v2\/users\/3"}],"replies":[{"embeddable":true,"href":"https:\/\/diariotextual.com\/inicio\/index.php\/wp-json\/wp\/v2\/comments?post=251545"}],"version-history":[{"count":3,"href":"https:\/\/diariotextual.com\/inicio\/index.php\/wp-json\/wp\/v2\/posts\/251545\/revisions"}],"predecessor-version":[{"id":251549,"href":"https:\/\/diariotextual.com\/inicio\/index.php\/wp-json\/wp\/v2\/posts\/251545\/revisions\/251549"}],"wp:featuredmedia":[{"embeddable":true,"href":"https:\/\/diariotextual.com\/inicio\/index.php\/wp-json\/wp\/v2\/media\/251547"}],"wp:attachment":[{"href":"https:\/\/diariotextual.com\/inicio\/index.php\/wp-json\/wp\/v2\/media?parent=251545"}],"wp:term":[{"taxonomy":"category","embeddable":true,"href":"https:\/\/diariotextual.com\/inicio\/index.php\/wp-json\/wp\/v2\/categories?post=251545"},{"taxonomy":"post_tag","embeddable":true,"href":"https:\/\/diariotextual.com\/inicio\/index.php\/wp-json\/wp\/v2\/tags?post=251545"}],"curies":[{"name":"wp","href":"https:\/\/api.w.org\/{rel}","templated":true}]}}