{"id":251565,"date":"2024-01-19T20:58:14","date_gmt":"2024-01-19T23:58:14","guid":{"rendered":"https:\/\/diariotextual.com\/inicio\/?p=251565"},"modified":"2024-01-20T09:53:17","modified_gmt":"2024-01-20T12:53:17","slug":"el-gobierno-prorrogo-las-sesiones-extraordinarias-del-congreso-para-poder-aprobar-la-ley-omnibus","status":"publish","type":"post","link":"https:\/\/diariotextual.com\/inicio\/index.php\/2024\/01\/19\/el-gobierno-prorrogo-las-sesiones-extraordinarias-del-congreso-para-poder-aprobar-la-ley-omnibus\/","title":{"rendered":"El Gobierno prorrog\u00f3 las sesiones extraordinarias del Congreso para poder aprobar la Ley \u00d3mnibus"},"content":{"rendered":"\n<p>El presidente <strong>Javier Milei<\/strong> prorrog\u00f3 el per\u00edodo de sesiones extraordinarias del Congreso hasta el 15 de febrero para tener tiempo suficiente para que ambas C\u00e1maras aprueben la Ley \u00d3mnibus.<\/p>\n\n\n\n<p>Si bien la negociaci\u00f3n con la oposici\u00f3n dialoguista avanz\u00f3 esta semana en Diputados y todo se encamina a lograr la media sanci\u00f3n en una sesi\u00f3n marat\u00f3nica entre jueves y viernes de la semana que viene,<strong>&nbsp;por reglamento el dictamen se debe firmar diez d\u00edas antes de la sesi\u00f3n.<\/strong><\/p>\n\n\n\n<p>La posibilidad de dictaminar hoy y sesionar este s\u00e1bado, como pretend\u00eda originalmente el oficialismo, se cay\u00f3 debido a que el Gobierno acept\u00f3 este jueves hacer cambios en m\u00e1s de 100 art\u00edculos para sumar apoyos del PRO, la UCR y Hacemos Coalici\u00f3n Federal. Por eso reglamentariamente ya no se pod\u00eda dictaminar entre el lunes y el martes de la semana que viene si no se extend\u00eda el per\u00edodo de sesiones.<\/p>\n\n\n\n<p>Adem\u00e1s, el Senado necesita firmar su propio dictamen siete d\u00edas antes de la sesi\u00f3n. Por lo que una eventual media sanci\u00f3n de la C\u00e1mara baja el jueves 25 tampoco dejar\u00eda margen para el trabajo en la C\u00e1mara alta.<\/p>\n\n\n\n<p>Durante el per\u00edodo de sesiones extraordinarias el Congreso s\u00f3lo puede tratar los proyectos previamente estipulados por el Poder Ejecutivo. La novedad de la extensi\u00f3n de las extraordinarias es que Milei incluy\u00f3 tres proyectos nuevos:<\/p>\n\n\n\n<p>1- Proyecto de Ley por cual se\u00a0<strong>autoriza la entrada de tropas extranjeras al territorio nacional\u00a0<\/strong>para participar en el ejercicio \u201cAdiestramiento Combinado para la Defensa de los Recursos Pesqueros Argentinos\u201d, que se llevar\u00e1 a cabo entre la Prefectura Naval de la Rep\u00fablica Argentina y el guardacostas USCG James de la Guardia Costera de los Estados Unidos durante el mes de abril de 2024;<\/p>\n\n\n\n<p>2- Proyecto de Ley por el que&nbsp;<strong>se sustituye el Cap\u00edtulo II \u2013Defensa Nacional- del T\u00edtulo IV \u2013Seguridad y Defensa- del Proyecto de Ley de Bases<\/strong>&nbsp;y Puntos de Partida para la Libertad de los Argentinos, comunicado por Mensaje N\u00b0 7 del 27 de diciembre de 2023.<\/p>\n\n\n\n<p>3- Proyecto de Ley modificatorio del C\u00f3digo Penal y de la Ley N\u00b0 25.246 respecto de la Prevenci\u00f3n y Represi\u00f3n del Lavado de Activos, la Financiaci\u00f3n del Terrorismo y el Financiamiento de la Proliferaci\u00f3n de Armas de Destrucci\u00f3n Masiva (Msje. 28\/2022 Exp. Senado 3-CD-2023).<\/p>\n","protected":false},"excerpt":{"rendered":"<p>El presidente Javier Milei prorrog\u00f3 el per\u00edodo de sesiones extraordinarias del Congreso hasta el 15 de febrero para tener tiempo suficiente para que ambas C\u00e1maras aprueben la Ley \u00d3mnibus. Si&hellip;<\/p>\n","protected":false},"author":3,"featured_media":248673,"comment_status":"closed","ping_status":"open","sticky":false,"template":"","format":"standard","meta":{"_acf_changed":false,"footnotes":""},"categories":[1,8],"tags":[],"class_list":["post-251565","post","type-post","status-publish","format-standard","has-post-thumbnail","hentry","category-es-noticia","category-politica"],"acf":[],"yoast_head":"<!-- This site is optimized with the Yoast SEO plugin v27.5 - https:\/\/yoast.com\/product\/yoast-seo-wordpress\/ -->\n<title>El Gobierno prorrog\u00f3 las sesiones extraordinarias del Congreso para poder aprobar la Ley \u00d3mnibus - Diario Textual<\/title>\n<meta name=\"robots\" content=\"index, follow, max-snippet:-1, max-image-preview:large, max-video-preview:-1\" \/>\n<link rel=\"canonical\" href=\"https:\/\/diariotextual.com\/inicio\/index.php\/2024\/01\/19\/el-gobierno-prorrogo-las-sesiones-extraordinarias-del-congreso-para-poder-aprobar-la-ley-omnibus\/\" \/>\n<meta property=\"og:locale\" content=\"es_ES\" \/>\n<meta property=\"og:type\" content=\"article\" \/>\n<meta property=\"og:title\" content=\"El Gobierno prorrog\u00f3 las sesiones extraordinarias del Congreso para poder aprobar la Ley \u00d3mnibus - Diario Textual\" \/>\n<meta property=\"og:description\" content=\"El presidente Javier Milei prorrog\u00f3 el per\u00edodo de sesiones extraordinarias del Congreso hasta el 15 de febrero para tener tiempo suficiente para que ambas C\u00e1maras aprueben la Ley \u00d3mnibus. Si&hellip;\" \/>\n<meta property=\"og:url\" content=\"https:\/\/diariotextual.com\/inicio\/index.php\/2024\/01\/19\/el-gobierno-prorrogo-las-sesiones-extraordinarias-del-congreso-para-poder-aprobar-la-ley-omnibus\/\" \/>\n<meta property=\"og:site_name\" content=\"Diario Textual\" \/>\n<meta property=\"article:publisher\" content=\"https:\/\/www.facebook.com\/eltextual\" \/>\n<meta property=\"article:published_time\" content=\"2024-01-19T23:58:14+00:00\" \/>\n<meta property=\"article:modified_time\" content=\"2024-01-20T12:53:17+00:00\" \/>\n<meta property=\"og:image\" content=\"https:\/\/diariotextual.com\/inicio\/wp-content\/uploads\/2023\/12\/mileijavierdespacho2023-1.jpg\" \/>\n\t<meta property=\"og:image:width\" content=\"1200\" \/>\n\t<meta property=\"og:image:height\" content=\"675\" \/>\n\t<meta property=\"og:image:type\" content=\"image\/jpeg\" \/>\n<meta name=\"author\" content=\"Diario1 Diario1\" \/>\n<meta name=\"twitter:card\" content=\"summary_large_image\" \/>\n<meta name=\"twitter:creator\" content=\"@eltextual\" \/>\n<meta name=\"twitter:site\" content=\"@eltextual\" \/>\n<meta name=\"twitter:label1\" content=\"Escrito por\" \/>\n\t<meta name=\"twitter:data1\" content=\"Diario1 Diario1\" \/>\n\t<meta name=\"twitter:label2\" content=\"Tiempo de lectura\" \/>\n\t<meta name=\"twitter:data2\" content=\"2 minutos\" \/>\n<script type=\"application\/ld+json\" class=\"yoast-schema-graph\">{\"@context\":\"https:\\\/\\\/schema.org\",\"@graph\":[{\"@type\":\"Article\",\"@id\":\"https:\\\/\\\/diariotextual.com\\\/inicio\\\/index.php\\\/2024\\\/01\\\/19\\\/el-gobierno-prorrogo-las-sesiones-extraordinarias-del-congreso-para-poder-aprobar-la-ley-omnibus\\\/#article\",\"isPartOf\":{\"@id\":\"https:\\\/\\\/diariotextual.com\\\/inicio\\\/index.php\\\/2024\\\/01\\\/19\\\/el-gobierno-prorrogo-las-sesiones-extraordinarias-del-congreso-para-poder-aprobar-la-ley-omnibus\\\/\"},\"author\":{\"name\":\"Diario1 Diario1\",\"@id\":\"https:\\\/\\\/diariotextual.com\\\/inicio\\\/#\\\/schema\\\/person\\\/418fc4093c33e86ed41562db3508f958\"},\"headline\":\"El Gobierno prorrog\u00f3 las sesiones extraordinarias del Congreso para poder aprobar la Ley \u00d3mnibus\",\"datePublished\":\"2024-01-19T23:58:14+00:00\",\"dateModified\":\"2024-01-20T12:53:17+00:00\",\"mainEntityOfPage\":{\"@id\":\"https:\\\/\\\/diariotextual.com\\\/inicio\\\/index.php\\\/2024\\\/01\\\/19\\\/el-gobierno-prorrogo-las-sesiones-extraordinarias-del-congreso-para-poder-aprobar-la-ley-omnibus\\\/\"},\"wordCount\":417,\"publisher\":{\"@id\":\"https:\\\/\\\/diariotextual.com\\\/inicio\\\/#organization\"},\"image\":{\"@id\":\"https:\\\/\\\/diariotextual.com\\\/inicio\\\/index.php\\\/2024\\\/01\\\/19\\\/el-gobierno-prorrogo-las-sesiones-extraordinarias-del-congreso-para-poder-aprobar-la-ley-omnibus\\\/#primaryimage\"},\"thumbnailUrl\":\"https:\\\/\\\/diariotextual.com\\\/inicio\\\/wp-content\\\/uploads\\\/2023\\\/12\\\/mileijavierdespacho2023-1.jpg\",\"articleSection\":[\"A - ES NOTICIA (van abajo)\",\"POLITICA\"],\"inLanguage\":\"es\"},{\"@type\":\"WebPage\",\"@id\":\"https:\\\/\\\/diariotextual.com\\\/inicio\\\/index.php\\\/2024\\\/01\\\/19\\\/el-gobierno-prorrogo-las-sesiones-extraordinarias-del-congreso-para-poder-aprobar-la-ley-omnibus\\\/\",\"url\":\"https:\\\/\\\/diariotextual.com\\\/inicio\\\/index.php\\\/2024\\\/01\\\/19\\\/el-gobierno-prorrogo-las-sesiones-extraordinarias-del-congreso-para-poder-aprobar-la-ley-omnibus\\\/\",\"name\":\"El Gobierno prorrog\u00f3 las sesiones extraordinarias del Congreso para poder aprobar la Ley \u00d3mnibus - Diario Textual\",\"isPartOf\":{\"@id\":\"https:\\\/\\\/diariotextual.com\\\/inicio\\\/#website\"},\"primaryImageOfPage\":{\"@id\":\"https:\\\/\\\/diariotextual.com\\\/inicio\\\/index.php\\\/2024\\\/01\\\/19\\\/el-gobierno-prorrogo-las-sesiones-extraordinarias-del-congreso-para-poder-aprobar-la-ley-omnibus\\\/#primaryimage\"},\"image\":{\"@id\":\"https:\\\/\\\/diariotextual.com\\\/inicio\\\/index.php\\\/2024\\\/01\\\/19\\\/el-gobierno-prorrogo-las-sesiones-extraordinarias-del-congreso-para-poder-aprobar-la-ley-omnibus\\\/#primaryimage\"},\"thumbnailUrl\":\"https:\\\/\\\/diariotextual.com\\\/inicio\\\/wp-content\\\/uploads\\\/2023\\\/12\\\/mileijavierdespacho2023-1.jpg\",\"datePublished\":\"2024-01-19T23:58:14+00:00\",\"dateModified\":\"2024-01-20T12:53:17+00:00\",\"breadcrumb\":{\"@id\":\"https:\\\/\\\/diariotextual.com\\\/inicio\\\/index.php\\\/2024\\\/01\\\/19\\\/el-gobierno-prorrogo-las-sesiones-extraordinarias-del-congreso-para-poder-aprobar-la-ley-omnibus\\\/#breadcrumb\"},\"inLanguage\":\"es\",\"potentialAction\":[{\"@type\":\"ReadAction\",\"target\":[\"https:\\\/\\\/diariotextual.com\\\/inicio\\\/index.php\\\/2024\\\/01\\\/19\\\/el-gobierno-prorrogo-las-sesiones-extraordinarias-del-congreso-para-poder-aprobar-la-ley-omnibus\\\/\"]}]},{\"@type\":\"ImageObject\",\"inLanguage\":\"es\",\"@id\":\"https:\\\/\\\/diariotextual.com\\\/inicio\\\/index.php\\\/2024\\\/01\\\/19\\\/el-gobierno-prorrogo-las-sesiones-extraordinarias-del-congreso-para-poder-aprobar-la-ley-omnibus\\\/#primaryimage\",\"url\":\"https:\\\/\\\/diariotextual.com\\\/inicio\\\/wp-content\\\/uploads\\\/2023\\\/12\\\/mileijavierdespacho2023-1.jpg\",\"contentUrl\":\"https:\\\/\\\/diariotextual.com\\\/inicio\\\/wp-content\\\/uploads\\\/2023\\\/12\\\/mileijavierdespacho2023-1.jpg\",\"width\":1200,\"height\":675},{\"@type\":\"BreadcrumbList\",\"@id\":\"https:\\\/\\\/diariotextual.com\\\/inicio\\\/index.php\\\/2024\\\/01\\\/19\\\/el-gobierno-prorrogo-las-sesiones-extraordinarias-del-congreso-para-poder-aprobar-la-ley-omnibus\\\/#breadcrumb\",\"itemListElement\":[{\"@type\":\"ListItem\",\"position\":1,\"name\":\"Portada\",\"item\":\"https:\\\/\\\/diariotextual.com\\\/inicio\\\/\"},{\"@type\":\"ListItem\",\"position\":2,\"name\":\"El Gobierno prorrog\u00f3 las sesiones extraordinarias del Congreso para poder aprobar la Ley \u00d3mnibus\"}]},{\"@type\":\"WebSite\",\"@id\":\"https:\\\/\\\/diariotextual.com\\\/inicio\\\/#website\",\"url\":\"https:\\\/\\\/diariotextual.com\\\/inicio\\\/\",\"name\":\"Diario Textual\",\"description\":\"\",\"publisher\":{\"@id\":\"https:\\\/\\\/diariotextual.com\\\/inicio\\\/#organization\"},\"potentialAction\":[{\"@type\":\"SearchAction\",\"target\":{\"@type\":\"EntryPoint\",\"urlTemplate\":\"https:\\\/\\\/diariotextual.com\\\/inicio\\\/?s={search_term_string}\"},\"query-input\":{\"@type\":\"PropertyValueSpecification\",\"valueRequired\":true,\"valueName\":\"search_term_string\"}}],\"inLanguage\":\"es\"},{\"@type\":\"Organization\",\"@id\":\"https:\\\/\\\/diariotextual.com\\\/inicio\\\/#organization\",\"name\":\"Diario Textual\",\"url\":\"https:\\\/\\\/diariotextual.com\\\/inicio\\\/\",\"logo\":{\"@type\":\"ImageObject\",\"inLanguage\":\"es\",\"@id\":\"https:\\\/\\\/diariotextual.com\\\/inicio\\\/#\\\/schema\\\/logo\\\/image\\\/\",\"url\":\"https:\\\/\\\/diariotextual.com\\\/inicio\\\/wp-content\\\/uploads\\\/2023\\\/05\\\/logotextual1.jpg\",\"contentUrl\":\"https:\\\/\\\/diariotextual.com\\\/inicio\\\/wp-content\\\/uploads\\\/2023\\\/05\\\/logotextual1.jpg\",\"width\":516,\"height\":76,\"caption\":\"Diario Textual\"},\"image\":{\"@id\":\"https:\\\/\\\/diariotextual.com\\\/inicio\\\/#\\\/schema\\\/logo\\\/image\\\/\"},\"sameAs\":[\"https:\\\/\\\/www.facebook.com\\\/eltextual\",\"https:\\\/\\\/x.com\\\/eltextual\",\"http:\\\/\\\/www.instagram.com\\\/eltextual\"]},{\"@type\":\"Person\",\"@id\":\"https:\\\/\\\/diariotextual.com\\\/inicio\\\/#\\\/schema\\\/person\\\/418fc4093c33e86ed41562db3508f958\",\"name\":\"Diario1 Diario1\",\"image\":{\"@type\":\"ImageObject\",\"inLanguage\":\"es\",\"@id\":\"https:\\\/\\\/secure.gravatar.com\\\/avatar\\\/9167d280179c85bc18be67aa7eda765854300033af4896dd779b608640f2ef7a?s=96&d=mm&r=g\",\"url\":\"https:\\\/\\\/secure.gravatar.com\\\/avatar\\\/9167d280179c85bc18be67aa7eda765854300033af4896dd779b608640f2ef7a?s=96&d=mm&r=g\",\"contentUrl\":\"https:\\\/\\\/secure.gravatar.com\\\/avatar\\\/9167d280179c85bc18be67aa7eda765854300033af4896dd779b608640f2ef7a?s=96&d=mm&r=g\",\"caption\":\"Diario1 Diario1\"},\"url\":\"https:\\\/\\\/diariotextual.com\\\/inicio\\\/index.php\\\/author\\\/diario1\\\/\"}]}<\/script>\n<!-- \/ Yoast SEO plugin. -->","yoast_head_json":{"title":"El Gobierno prorrog\u00f3 las sesiones extraordinarias del Congreso para poder aprobar la Ley \u00d3mnibus - Diario Textual","robots":{"index":"index","follow":"follow","max-snippet":"max-snippet:-1","max-image-preview":"max-image-preview:large","max-video-preview":"max-video-preview:-1"},"canonical":"https:\/\/diariotextual.com\/inicio\/index.php\/2024\/01\/19\/el-gobierno-prorrogo-las-sesiones-extraordinarias-del-congreso-para-poder-aprobar-la-ley-omnibus\/","og_locale":"es_ES","og_type":"article","og_title":"El Gobierno prorrog\u00f3 las sesiones extraordinarias del Congreso para poder aprobar la Ley \u00d3mnibus - Diario Textual","og_description":"El presidente Javier Milei prorrog\u00f3 el per\u00edodo de sesiones extraordinarias del Congreso hasta el 15 de febrero para tener tiempo suficiente para que ambas C\u00e1maras aprueben la Ley \u00d3mnibus. Si&hellip;","og_url":"https:\/\/diariotextual.com\/inicio\/index.php\/2024\/01\/19\/el-gobierno-prorrogo-las-sesiones-extraordinarias-del-congreso-para-poder-aprobar-la-ley-omnibus\/","og_site_name":"Diario Textual","article_publisher":"https:\/\/www.facebook.com\/eltextual","article_published_time":"2024-01-19T23:58:14+00:00","article_modified_time":"2024-01-20T12:53:17+00:00","og_image":[{"width":1200,"height":675,"url":"https:\/\/diariotextual.com\/inicio\/wp-content\/uploads\/2023\/12\/mileijavierdespacho2023-1.jpg","type":"image\/jpeg"}],"author":"Diario1 Diario1","twitter_card":"summary_large_image","twitter_creator":"@eltextual","twitter_site":"@eltextual","twitter_misc":{"Escrito por":"Diario1 Diario1","Tiempo de lectura":"2 minutos"},"schema":{"@context":"https:\/\/schema.org","@graph":[{"@type":"Article","@id":"https:\/\/diariotextual.com\/inicio\/index.php\/2024\/01\/19\/el-gobierno-prorrogo-las-sesiones-extraordinarias-del-congreso-para-poder-aprobar-la-ley-omnibus\/#article","isPartOf":{"@id":"https:\/\/diariotextual.com\/inicio\/index.php\/2024\/01\/19\/el-gobierno-prorrogo-las-sesiones-extraordinarias-del-congreso-para-poder-aprobar-la-ley-omnibus\/"},"author":{"name":"Diario1 Diario1","@id":"https:\/\/diariotextual.com\/inicio\/#\/schema\/person\/418fc4093c33e86ed41562db3508f958"},"headline":"El Gobierno prorrog\u00f3 las sesiones extraordinarias del Congreso para poder aprobar la Ley \u00d3mnibus","datePublished":"2024-01-19T23:58:14+00:00","dateModified":"2024-01-20T12:53:17+00:00","mainEntityOfPage":{"@id":"https:\/\/diariotextual.com\/inicio\/index.php\/2024\/01\/19\/el-gobierno-prorrogo-las-sesiones-extraordinarias-del-congreso-para-poder-aprobar-la-ley-omnibus\/"},"wordCount":417,"publisher":{"@id":"https:\/\/diariotextual.com\/inicio\/#organization"},"image":{"@id":"https:\/\/diariotextual.com\/inicio\/index.php\/2024\/01\/19\/el-gobierno-prorrogo-las-sesiones-extraordinarias-del-congreso-para-poder-aprobar-la-ley-omnibus\/#primaryimage"},"thumbnailUrl":"https:\/\/diariotextual.com\/inicio\/wp-content\/uploads\/2023\/12\/mileijavierdespacho2023-1.jpg","articleSection":["A - ES NOTICIA (van abajo)","POLITICA"],"inLanguage":"es"},{"@type":"WebPage","@id":"https:\/\/diariotextual.com\/inicio\/index.php\/2024\/01\/19\/el-gobierno-prorrogo-las-sesiones-extraordinarias-del-congreso-para-poder-aprobar-la-ley-omnibus\/","url":"https:\/\/diariotextual.com\/inicio\/index.php\/2024\/01\/19\/el-gobierno-prorrogo-las-sesiones-extraordinarias-del-congreso-para-poder-aprobar-la-ley-omnibus\/","name":"El Gobierno prorrog\u00f3 las sesiones extraordinarias del Congreso para poder aprobar la Ley \u00d3mnibus - Diario Textual","isPartOf":{"@id":"https:\/\/diariotextual.com\/inicio\/#website"},"primaryImageOfPage":{"@id":"https:\/\/diariotextual.com\/inicio\/index.php\/2024\/01\/19\/el-gobierno-prorrogo-las-sesiones-extraordinarias-del-congreso-para-poder-aprobar-la-ley-omnibus\/#primaryimage"},"image":{"@id":"https:\/\/diariotextual.com\/inicio\/index.php\/2024\/01\/19\/el-gobierno-prorrogo-las-sesiones-extraordinarias-del-congreso-para-poder-aprobar-la-ley-omnibus\/#primaryimage"},"thumbnailUrl":"https:\/\/diariotextual.com\/inicio\/wp-content\/uploads\/2023\/12\/mileijavierdespacho2023-1.jpg","datePublished":"2024-01-19T23:58:14+00:00","dateModified":"2024-01-20T12:53:17+00:00","breadcrumb":{"@id":"https:\/\/diariotextual.com\/inicio\/index.php\/2024\/01\/19\/el-gobierno-prorrogo-las-sesiones-extraordinarias-del-congreso-para-poder-aprobar-la-ley-omnibus\/#breadcrumb"},"inLanguage":"es","potentialAction":[{"@type":"ReadAction","target":["https:\/\/diariotextual.com\/inicio\/index.php\/2024\/01\/19\/el-gobierno-prorrogo-las-sesiones-extraordinarias-del-congreso-para-poder-aprobar-la-ley-omnibus\/"]}]},{"@type":"ImageObject","inLanguage":"es","@id":"https:\/\/diariotextual.com\/inicio\/index.php\/2024\/01\/19\/el-gobierno-prorrogo-las-sesiones-extraordinarias-del-congreso-para-poder-aprobar-la-ley-omnibus\/#primaryimage","url":"https:\/\/diariotextual.com\/inicio\/wp-content\/uploads\/2023\/12\/mileijavierdespacho2023-1.jpg","contentUrl":"https:\/\/diariotextual.com\/inicio\/wp-content\/uploads\/2023\/12\/mileijavierdespacho2023-1.jpg","width":1200,"height":675},{"@type":"BreadcrumbList","@id":"https:\/\/diariotextual.com\/inicio\/index.php\/2024\/01\/19\/el-gobierno-prorrogo-las-sesiones-extraordinarias-del-congreso-para-poder-aprobar-la-ley-omnibus\/#breadcrumb","itemListElement":[{"@type":"ListItem","position":1,"name":"Portada","item":"https:\/\/diariotextual.com\/inicio\/"},{"@type":"ListItem","position":2,"name":"El Gobierno prorrog\u00f3 las sesiones extraordinarias del Congreso para poder aprobar la Ley \u00d3mnibus"}]},{"@type":"WebSite","@id":"https:\/\/diariotextual.com\/inicio\/#website","url":"https:\/\/diariotextual.com\/inicio\/","name":"Diario Textual","description":"","publisher":{"@id":"https:\/\/diariotextual.com\/inicio\/#organization"},"potentialAction":[{"@type":"SearchAction","target":{"@type":"EntryPoint","urlTemplate":"https:\/\/diariotextual.com\/inicio\/?s={search_term_string}"},"query-input":{"@type":"PropertyValueSpecification","valueRequired":true,"valueName":"search_term_string"}}],"inLanguage":"es"},{"@type":"Organization","@id":"https:\/\/diariotextual.com\/inicio\/#organization","name":"Diario Textual","url":"https:\/\/diariotextual.com\/inicio\/","logo":{"@type":"ImageObject","inLanguage":"es","@id":"https:\/\/diariotextual.com\/inicio\/#\/schema\/logo\/image\/","url":"https:\/\/diariotextual.com\/inicio\/wp-content\/uploads\/2023\/05\/logotextual1.jpg","contentUrl":"https:\/\/diariotextual.com\/inicio\/wp-content\/uploads\/2023\/05\/logotextual1.jpg","width":516,"height":76,"caption":"Diario Textual"},"image":{"@id":"https:\/\/diariotextual.com\/inicio\/#\/schema\/logo\/image\/"},"sameAs":["https:\/\/www.facebook.com\/eltextual","https:\/\/x.com\/eltextual","http:\/\/www.instagram.com\/eltextual"]},{"@type":"Person","@id":"https:\/\/diariotextual.com\/inicio\/#\/schema\/person\/418fc4093c33e86ed41562db3508f958","name":"Diario1 Diario1","image":{"@type":"ImageObject","inLanguage":"es","@id":"https:\/\/secure.gravatar.com\/avatar\/9167d280179c85bc18be67aa7eda765854300033af4896dd779b608640f2ef7a?s=96&d=mm&r=g","url":"https:\/\/secure.gravatar.com\/avatar\/9167d280179c85bc18be67aa7eda765854300033af4896dd779b608640f2ef7a?s=96&d=mm&r=g","contentUrl":"https:\/\/secure.gravatar.com\/avatar\/9167d280179c85bc18be67aa7eda765854300033af4896dd779b608640f2ef7a?s=96&d=mm&r=g","caption":"Diario1 Diario1"},"url":"https:\/\/diariotextual.com\/inicio\/index.php\/author\/diario1\/"}]}},"_links":{"self":[{"href":"https:\/\/diariotextual.com\/inicio\/index.php\/wp-json\/wp\/v2\/posts\/251565","targetHints":{"allow":["GET"]}}],"collection":[{"href":"https:\/\/diariotextual.com\/inicio\/index.php\/wp-json\/wp\/v2\/posts"}],"about":[{"href":"https:\/\/diariotextual.com\/inicio\/index.php\/wp-json\/wp\/v2\/types\/post"}],"author":[{"embeddable":true,"href":"https:\/\/diariotextual.com\/inicio\/index.php\/wp-json\/wp\/v2\/users\/3"}],"replies":[{"embeddable":true,"href":"https:\/\/diariotextual.com\/inicio\/index.php\/wp-json\/wp\/v2\/comments?post=251565"}],"version-history":[{"count":1,"href":"https:\/\/diariotextual.com\/inicio\/index.php\/wp-json\/wp\/v2\/posts\/251565\/revisions"}],"predecessor-version":[{"id":251566,"href":"https:\/\/diariotextual.com\/inicio\/index.php\/wp-json\/wp\/v2\/posts\/251565\/revisions\/251566"}],"wp:featuredmedia":[{"embeddable":true,"href":"https:\/\/diariotextual.com\/inicio\/index.php\/wp-json\/wp\/v2\/media\/248673"}],"wp:attachment":[{"href":"https:\/\/diariotextual.com\/inicio\/index.php\/wp-json\/wp\/v2\/media?parent=251565"}],"wp:term":[{"taxonomy":"category","embeddable":true,"href":"https:\/\/diariotextual.com\/inicio\/index.php\/wp-json\/wp\/v2\/categories?post=251565"},{"taxonomy":"post_tag","embeddable":true,"href":"https:\/\/diariotextual.com\/inicio\/index.php\/wp-json\/wp\/v2\/tags?post=251565"}],"curies":[{"name":"wp","href":"https:\/\/api.w.org\/{rel}","templated":true}]}}