{"id":251577,"date":"2024-01-20T08:49:50","date_gmt":"2024-01-20T11:49:50","guid":{"rendered":"https:\/\/diariotextual.com\/inicio\/?p=251577"},"modified":"2024-01-20T11:37:03","modified_gmt":"2024-01-20T14:37:03","slug":"ley-omnibus-cuales-son-los-principios-de-acuerdo-entre-el-oficialismo-y-los-bloques-dialoguistas","status":"publish","type":"post","link":"https:\/\/diariotextual.com\/inicio\/index.php\/2024\/01\/20\/ley-omnibus-cuales-son-los-principios-de-acuerdo-entre-el-oficialismo-y-los-bloques-dialoguistas\/","title":{"rendered":"Ley \u00f3mnibus: cu\u00e1les son los principios de acuerdo entre el oficialismo y los bloques dialoguistas"},"content":{"rendered":"\n<p>El principio de&nbsp;<strong>acuerdo alcanzado en la C\u00e1mara de Diputados entre La Libertad Avanza (LLA) y los denominados bloques dialoguistas del PRO, la UCR, Hacemos Coalici\u00f3n Federal e Innovaci\u00f3n Federal<\/strong>, comprende cuestiones como la metodolog\u00eda de aumento de las jubilaciones, los sectores productivos alcanzados por las retenciones y con qu\u00e9 porcentajes y el detalle de las empresas a privatizar.<br><br>El acuerdo es analizado por los diferentes bloques de la C\u00e1mara y se propone<strong>&nbsp;limitar el plazo de vigencia de la emergencia solicitada por 4 a\u00f1os a un a\u00f1o<\/strong>, m\u00e1s otro prorrogable por el Poder Ejecutivo (lo que suma dos en total), y se eliminan las facultades delegadas en materia de defensa, social, previsional y sanitaria.<br><br>En otro&nbsp;<strong>punto el texto dice que se fijan en 0% las retenciones para econom\u00edas regionales<\/strong>, que originalmente se llevaban a un 15%,<strong>&nbsp;y se limita\/elimina la facultad para aumentar los derechos de exportaci\u00f3n<\/strong>.<br><br>En relaci\u00f3n al&nbsp;<strong>Fondo de Garant\u00eda de Sustentabilidad, se establece como requisito que el Poder Ejecutivo Nacional para poder liquidar dichos activos (luego de ser transferido al Tesoro)<\/strong>, \u00abdeber\u00e1 contar con un dictamen previo favorable de la Comisi\u00f3n Bicameral de Reforma del Estado y del Seguimiento de las Privatizaciones\u00bb.<br><br><strong>Sobre las empresas del Estado a privatizar, s\u00f3lo se excluir\u00eda a YPF, aunque el bloque radical tambi\u00e9n pide dejar al margen al Banco Naci\u00f3n y Arsat<\/strong>.<br><br>En materia de producci\u00f3n se prev\u00e9 un aumento en los cortes obligatorios de bioetanol (hasta alcanzar entre 18% y 27%) y biodi\u00e9sel (alcanzar en 2026 hasta 15%) y se elimina la posibilidad de libre importaci\u00f3n de biocombustibles. Tambi\u00e9n, se elimina la derogaci\u00f3n de Ley de Az\u00facar.<br><br>El texto&nbsp;<strong>establece un beneficio para contribuyentes cumplidores del impuesto a los Bienes Personales<\/strong>, aunque se sugiere que el cap\u00edtulo sobre este tributo podr\u00eda enviarse junto \u00abal proyecto de Ganancias\u00bb.<br><br>En materia de seguridad,&nbsp;<strong>se elimina el art\u00edculo que hac\u00eda referencia a considerar manifestaci\u00f3n a la reuni\u00f3n de tres personas, y se agregar\u00eda como \u201cpena en el C\u00f3digo Penal los bloqueos a comercio o industrias\u201d<\/strong>.<br><br>Se establecer\u00eda la eliminaci\u00f3n de todo el cap\u00edtulo de reforma a la Ley de Sociedades y el de salud p\u00fablica.<\/p>\n\n\n\n<p>A su vez, <strong>de la cuesti\u00f3n electoral s\u00f3lo avanzar\u00eda el referido a las PASO, quedando al margen la modificaci\u00f3n a la composici\u00f3n de la C\u00e1mara<\/strong>.<br><br>En relaci\u00f3n al R\u00e9gimen Federal de Pesca,\u00a0<strong>se precisa que \u201cse mantiene la obligaci\u00f3n de desembarcar en Argentina; se aclara que el sistema de licitaciones no va a ser internacional; y se mantienen los requisitos actuales con respecto a la tripulaci\u00f3n local\u201d<\/strong>.<br><br><strong>En tanto, sobre la Ley de Hidrocarburos se incluir\u00e1 \u201cla aclaraci\u00f3n &#8216;Nacional o Provincial\u2019<\/strong>, seg\u00fan corresponda, para evitar cualquier duda sobre competencias de las provincias en la materia, en todo el articulado\u201d y se mantendr\u00e1 la facultad de las provincias de controlar el plan de inversiones, con lo cual no se derogan los art\u00edculos 32 y 33 de la Ley 17.319.<\/p>\n\n\n\n<p><\/p>\n","protected":false},"excerpt":{"rendered":"<p>El principio de&nbsp;acuerdo alcanzado en la C\u00e1mara de Diputados entre La Libertad Avanza (LLA) y los denominados bloques dialoguistas del PRO, la UCR, Hacemos Coalici\u00f3n Federal e Innovaci\u00f3n Federal, comprende&hellip;<\/p>\n","protected":false},"author":3,"featured_media":250628,"comment_status":"closed","ping_status":"open","sticky":false,"template":"","format":"standard","meta":{"_acf_changed":false,"footnotes":""},"categories":[1,8],"tags":[],"class_list":["post-251577","post","type-post","status-publish","format-standard","has-post-thumbnail","hentry","category-es-noticia","category-politica"],"acf":[],"yoast_head":"<!-- This site is optimized with the Yoast SEO plugin v27.5 - https:\/\/yoast.com\/product\/yoast-seo-wordpress\/ -->\n<title>Ley \u00f3mnibus: cu\u00e1les son los principios de acuerdo entre el oficialismo y los bloques dialoguistas - Diario Textual<\/title>\n<meta name=\"robots\" content=\"index, follow, max-snippet:-1, max-image-preview:large, max-video-preview:-1\" \/>\n<link rel=\"canonical\" href=\"https:\/\/diariotextual.com\/inicio\/index.php\/2024\/01\/20\/ley-omnibus-cuales-son-los-principios-de-acuerdo-entre-el-oficialismo-y-los-bloques-dialoguistas\/\" \/>\n<meta property=\"og:locale\" content=\"es_ES\" \/>\n<meta property=\"og:type\" content=\"article\" \/>\n<meta property=\"og:title\" content=\"Ley \u00f3mnibus: cu\u00e1les son los principios de acuerdo entre el oficialismo y los bloques dialoguistas - Diario Textual\" \/>\n<meta property=\"og:description\" content=\"El principio de&nbsp;acuerdo alcanzado en la C\u00e1mara de Diputados entre La Libertad Avanza (LLA) y los denominados bloques dialoguistas del PRO, la UCR, Hacemos Coalici\u00f3n Federal e Innovaci\u00f3n Federal, comprende&hellip;\" \/>\n<meta property=\"og:url\" content=\"https:\/\/diariotextual.com\/inicio\/index.php\/2024\/01\/20\/ley-omnibus-cuales-son-los-principios-de-acuerdo-entre-el-oficialismo-y-los-bloques-dialoguistas\/\" \/>\n<meta property=\"og:site_name\" content=\"Diario Textual\" \/>\n<meta property=\"article:publisher\" content=\"https:\/\/www.facebook.com\/eltextual\" \/>\n<meta property=\"article:published_time\" content=\"2024-01-20T11:49:50+00:00\" \/>\n<meta property=\"article:modified_time\" content=\"2024-01-20T14:37:03+00:00\" \/>\n<meta property=\"og:image\" content=\"https:\/\/diariotextual.com\/inicio\/wp-content\/uploads\/2024\/01\/barrarodolfotelam2024-1.jpg\" \/>\n\t<meta property=\"og:image:width\" content=\"1200\" \/>\n\t<meta property=\"og:image:height\" content=\"675\" \/>\n\t<meta property=\"og:image:type\" content=\"image\/jpeg\" \/>\n<meta name=\"author\" content=\"Diario1 Diario1\" \/>\n<meta name=\"twitter:card\" content=\"summary_large_image\" \/>\n<meta name=\"twitter:creator\" content=\"@eltextual\" \/>\n<meta name=\"twitter:site\" content=\"@eltextual\" \/>\n<meta name=\"twitter:label1\" content=\"Escrito por\" \/>\n\t<meta name=\"twitter:data1\" content=\"Diario1 Diario1\" \/>\n\t<meta name=\"twitter:label2\" content=\"Tiempo de lectura\" \/>\n\t<meta name=\"twitter:data2\" content=\"3 minutos\" \/>\n<script type=\"application\/ld+json\" class=\"yoast-schema-graph\">{\"@context\":\"https:\\\/\\\/schema.org\",\"@graph\":[{\"@type\":\"Article\",\"@id\":\"https:\\\/\\\/diariotextual.com\\\/inicio\\\/index.php\\\/2024\\\/01\\\/20\\\/ley-omnibus-cuales-son-los-principios-de-acuerdo-entre-el-oficialismo-y-los-bloques-dialoguistas\\\/#article\",\"isPartOf\":{\"@id\":\"https:\\\/\\\/diariotextual.com\\\/inicio\\\/index.php\\\/2024\\\/01\\\/20\\\/ley-omnibus-cuales-son-los-principios-de-acuerdo-entre-el-oficialismo-y-los-bloques-dialoguistas\\\/\"},\"author\":{\"name\":\"Diario1 Diario1\",\"@id\":\"https:\\\/\\\/diariotextual.com\\\/inicio\\\/#\\\/schema\\\/person\\\/418fc4093c33e86ed41562db3508f958\"},\"headline\":\"Ley \u00f3mnibus: cu\u00e1les son los principios de acuerdo entre el oficialismo y los bloques dialoguistas\",\"datePublished\":\"2024-01-20T11:49:50+00:00\",\"dateModified\":\"2024-01-20T14:37:03+00:00\",\"mainEntityOfPage\":{\"@id\":\"https:\\\/\\\/diariotextual.com\\\/inicio\\\/index.php\\\/2024\\\/01\\\/20\\\/ley-omnibus-cuales-son-los-principios-de-acuerdo-entre-el-oficialismo-y-los-bloques-dialoguistas\\\/\"},\"wordCount\":545,\"publisher\":{\"@id\":\"https:\\\/\\\/diariotextual.com\\\/inicio\\\/#organization\"},\"image\":{\"@id\":\"https:\\\/\\\/diariotextual.com\\\/inicio\\\/index.php\\\/2024\\\/01\\\/20\\\/ley-omnibus-cuales-son-los-principios-de-acuerdo-entre-el-oficialismo-y-los-bloques-dialoguistas\\\/#primaryimage\"},\"thumbnailUrl\":\"https:\\\/\\\/diariotextual.com\\\/inicio\\\/wp-content\\\/uploads\\\/2024\\\/01\\\/barrarodolfotelam2024-1.jpg\",\"articleSection\":[\"A - ES NOTICIA (van abajo)\",\"POLITICA\"],\"inLanguage\":\"es\"},{\"@type\":\"WebPage\",\"@id\":\"https:\\\/\\\/diariotextual.com\\\/inicio\\\/index.php\\\/2024\\\/01\\\/20\\\/ley-omnibus-cuales-son-los-principios-de-acuerdo-entre-el-oficialismo-y-los-bloques-dialoguistas\\\/\",\"url\":\"https:\\\/\\\/diariotextual.com\\\/inicio\\\/index.php\\\/2024\\\/01\\\/20\\\/ley-omnibus-cuales-son-los-principios-de-acuerdo-entre-el-oficialismo-y-los-bloques-dialoguistas\\\/\",\"name\":\"Ley \u00f3mnibus: cu\u00e1les son los principios de acuerdo entre el oficialismo y los bloques dialoguistas - Diario Textual\",\"isPartOf\":{\"@id\":\"https:\\\/\\\/diariotextual.com\\\/inicio\\\/#website\"},\"primaryImageOfPage\":{\"@id\":\"https:\\\/\\\/diariotextual.com\\\/inicio\\\/index.php\\\/2024\\\/01\\\/20\\\/ley-omnibus-cuales-son-los-principios-de-acuerdo-entre-el-oficialismo-y-los-bloques-dialoguistas\\\/#primaryimage\"},\"image\":{\"@id\":\"https:\\\/\\\/diariotextual.com\\\/inicio\\\/index.php\\\/2024\\\/01\\\/20\\\/ley-omnibus-cuales-son-los-principios-de-acuerdo-entre-el-oficialismo-y-los-bloques-dialoguistas\\\/#primaryimage\"},\"thumbnailUrl\":\"https:\\\/\\\/diariotextual.com\\\/inicio\\\/wp-content\\\/uploads\\\/2024\\\/01\\\/barrarodolfotelam2024-1.jpg\",\"datePublished\":\"2024-01-20T11:49:50+00:00\",\"dateModified\":\"2024-01-20T14:37:03+00:00\",\"breadcrumb\":{\"@id\":\"https:\\\/\\\/diariotextual.com\\\/inicio\\\/index.php\\\/2024\\\/01\\\/20\\\/ley-omnibus-cuales-son-los-principios-de-acuerdo-entre-el-oficialismo-y-los-bloques-dialoguistas\\\/#breadcrumb\"},\"inLanguage\":\"es\",\"potentialAction\":[{\"@type\":\"ReadAction\",\"target\":[\"https:\\\/\\\/diariotextual.com\\\/inicio\\\/index.php\\\/2024\\\/01\\\/20\\\/ley-omnibus-cuales-son-los-principios-de-acuerdo-entre-el-oficialismo-y-los-bloques-dialoguistas\\\/\"]}]},{\"@type\":\"ImageObject\",\"inLanguage\":\"es\",\"@id\":\"https:\\\/\\\/diariotextual.com\\\/inicio\\\/index.php\\\/2024\\\/01\\\/20\\\/ley-omnibus-cuales-son-los-principios-de-acuerdo-entre-el-oficialismo-y-los-bloques-dialoguistas\\\/#primaryimage\",\"url\":\"https:\\\/\\\/diariotextual.com\\\/inicio\\\/wp-content\\\/uploads\\\/2024\\\/01\\\/barrarodolfotelam2024-1.jpg\",\"contentUrl\":\"https:\\\/\\\/diariotextual.com\\\/inicio\\\/wp-content\\\/uploads\\\/2024\\\/01\\\/barrarodolfotelam2024-1.jpg\",\"width\":1200,\"height\":675},{\"@type\":\"BreadcrumbList\",\"@id\":\"https:\\\/\\\/diariotextual.com\\\/inicio\\\/index.php\\\/2024\\\/01\\\/20\\\/ley-omnibus-cuales-son-los-principios-de-acuerdo-entre-el-oficialismo-y-los-bloques-dialoguistas\\\/#breadcrumb\",\"itemListElement\":[{\"@type\":\"ListItem\",\"position\":1,\"name\":\"Portada\",\"item\":\"https:\\\/\\\/diariotextual.com\\\/inicio\\\/\"},{\"@type\":\"ListItem\",\"position\":2,\"name\":\"Ley \u00f3mnibus: cu\u00e1les son los principios de acuerdo entre el oficialismo y los bloques dialoguistas\"}]},{\"@type\":\"WebSite\",\"@id\":\"https:\\\/\\\/diariotextual.com\\\/inicio\\\/#website\",\"url\":\"https:\\\/\\\/diariotextual.com\\\/inicio\\\/\",\"name\":\"Diario Textual\",\"description\":\"\",\"publisher\":{\"@id\":\"https:\\\/\\\/diariotextual.com\\\/inicio\\\/#organization\"},\"potentialAction\":[{\"@type\":\"SearchAction\",\"target\":{\"@type\":\"EntryPoint\",\"urlTemplate\":\"https:\\\/\\\/diariotextual.com\\\/inicio\\\/?s={search_term_string}\"},\"query-input\":{\"@type\":\"PropertyValueSpecification\",\"valueRequired\":true,\"valueName\":\"search_term_string\"}}],\"inLanguage\":\"es\"},{\"@type\":\"Organization\",\"@id\":\"https:\\\/\\\/diariotextual.com\\\/inicio\\\/#organization\",\"name\":\"Diario Textual\",\"url\":\"https:\\\/\\\/diariotextual.com\\\/inicio\\\/\",\"logo\":{\"@type\":\"ImageObject\",\"inLanguage\":\"es\",\"@id\":\"https:\\\/\\\/diariotextual.com\\\/inicio\\\/#\\\/schema\\\/logo\\\/image\\\/\",\"url\":\"https:\\\/\\\/diariotextual.com\\\/inicio\\\/wp-content\\\/uploads\\\/2023\\\/05\\\/logotextual1.jpg\",\"contentUrl\":\"https:\\\/\\\/diariotextual.com\\\/inicio\\\/wp-content\\\/uploads\\\/2023\\\/05\\\/logotextual1.jpg\",\"width\":516,\"height\":76,\"caption\":\"Diario Textual\"},\"image\":{\"@id\":\"https:\\\/\\\/diariotextual.com\\\/inicio\\\/#\\\/schema\\\/logo\\\/image\\\/\"},\"sameAs\":[\"https:\\\/\\\/www.facebook.com\\\/eltextual\",\"https:\\\/\\\/x.com\\\/eltextual\",\"http:\\\/\\\/www.instagram.com\\\/eltextual\"]},{\"@type\":\"Person\",\"@id\":\"https:\\\/\\\/diariotextual.com\\\/inicio\\\/#\\\/schema\\\/person\\\/418fc4093c33e86ed41562db3508f958\",\"name\":\"Diario1 Diario1\",\"image\":{\"@type\":\"ImageObject\",\"inLanguage\":\"es\",\"@id\":\"https:\\\/\\\/secure.gravatar.com\\\/avatar\\\/9167d280179c85bc18be67aa7eda765854300033af4896dd779b608640f2ef7a?s=96&d=mm&r=g\",\"url\":\"https:\\\/\\\/secure.gravatar.com\\\/avatar\\\/9167d280179c85bc18be67aa7eda765854300033af4896dd779b608640f2ef7a?s=96&d=mm&r=g\",\"contentUrl\":\"https:\\\/\\\/secure.gravatar.com\\\/avatar\\\/9167d280179c85bc18be67aa7eda765854300033af4896dd779b608640f2ef7a?s=96&d=mm&r=g\",\"caption\":\"Diario1 Diario1\"},\"url\":\"https:\\\/\\\/diariotextual.com\\\/inicio\\\/index.php\\\/author\\\/diario1\\\/\"}]}<\/script>\n<!-- \/ Yoast SEO plugin. -->","yoast_head_json":{"title":"Ley \u00f3mnibus: cu\u00e1les son los principios de acuerdo entre el oficialismo y los bloques dialoguistas - Diario Textual","robots":{"index":"index","follow":"follow","max-snippet":"max-snippet:-1","max-image-preview":"max-image-preview:large","max-video-preview":"max-video-preview:-1"},"canonical":"https:\/\/diariotextual.com\/inicio\/index.php\/2024\/01\/20\/ley-omnibus-cuales-son-los-principios-de-acuerdo-entre-el-oficialismo-y-los-bloques-dialoguistas\/","og_locale":"es_ES","og_type":"article","og_title":"Ley \u00f3mnibus: cu\u00e1les son los principios de acuerdo entre el oficialismo y los bloques dialoguistas - Diario Textual","og_description":"El principio de&nbsp;acuerdo alcanzado en la C\u00e1mara de Diputados entre La Libertad Avanza (LLA) y los denominados bloques dialoguistas del PRO, la UCR, Hacemos Coalici\u00f3n Federal e Innovaci\u00f3n Federal, comprende&hellip;","og_url":"https:\/\/diariotextual.com\/inicio\/index.php\/2024\/01\/20\/ley-omnibus-cuales-son-los-principios-de-acuerdo-entre-el-oficialismo-y-los-bloques-dialoguistas\/","og_site_name":"Diario Textual","article_publisher":"https:\/\/www.facebook.com\/eltextual","article_published_time":"2024-01-20T11:49:50+00:00","article_modified_time":"2024-01-20T14:37:03+00:00","og_image":[{"width":1200,"height":675,"url":"https:\/\/diariotextual.com\/inicio\/wp-content\/uploads\/2024\/01\/barrarodolfotelam2024-1.jpg","type":"image\/jpeg"}],"author":"Diario1 Diario1","twitter_card":"summary_large_image","twitter_creator":"@eltextual","twitter_site":"@eltextual","twitter_misc":{"Escrito por":"Diario1 Diario1","Tiempo de lectura":"3 minutos"},"schema":{"@context":"https:\/\/schema.org","@graph":[{"@type":"Article","@id":"https:\/\/diariotextual.com\/inicio\/index.php\/2024\/01\/20\/ley-omnibus-cuales-son-los-principios-de-acuerdo-entre-el-oficialismo-y-los-bloques-dialoguistas\/#article","isPartOf":{"@id":"https:\/\/diariotextual.com\/inicio\/index.php\/2024\/01\/20\/ley-omnibus-cuales-son-los-principios-de-acuerdo-entre-el-oficialismo-y-los-bloques-dialoguistas\/"},"author":{"name":"Diario1 Diario1","@id":"https:\/\/diariotextual.com\/inicio\/#\/schema\/person\/418fc4093c33e86ed41562db3508f958"},"headline":"Ley \u00f3mnibus: cu\u00e1les son los principios de acuerdo entre el oficialismo y los bloques dialoguistas","datePublished":"2024-01-20T11:49:50+00:00","dateModified":"2024-01-20T14:37:03+00:00","mainEntityOfPage":{"@id":"https:\/\/diariotextual.com\/inicio\/index.php\/2024\/01\/20\/ley-omnibus-cuales-son-los-principios-de-acuerdo-entre-el-oficialismo-y-los-bloques-dialoguistas\/"},"wordCount":545,"publisher":{"@id":"https:\/\/diariotextual.com\/inicio\/#organization"},"image":{"@id":"https:\/\/diariotextual.com\/inicio\/index.php\/2024\/01\/20\/ley-omnibus-cuales-son-los-principios-de-acuerdo-entre-el-oficialismo-y-los-bloques-dialoguistas\/#primaryimage"},"thumbnailUrl":"https:\/\/diariotextual.com\/inicio\/wp-content\/uploads\/2024\/01\/barrarodolfotelam2024-1.jpg","articleSection":["A - ES NOTICIA (van abajo)","POLITICA"],"inLanguage":"es"},{"@type":"WebPage","@id":"https:\/\/diariotextual.com\/inicio\/index.php\/2024\/01\/20\/ley-omnibus-cuales-son-los-principios-de-acuerdo-entre-el-oficialismo-y-los-bloques-dialoguistas\/","url":"https:\/\/diariotextual.com\/inicio\/index.php\/2024\/01\/20\/ley-omnibus-cuales-son-los-principios-de-acuerdo-entre-el-oficialismo-y-los-bloques-dialoguistas\/","name":"Ley \u00f3mnibus: cu\u00e1les son los principios de acuerdo entre el oficialismo y los bloques dialoguistas - Diario Textual","isPartOf":{"@id":"https:\/\/diariotextual.com\/inicio\/#website"},"primaryImageOfPage":{"@id":"https:\/\/diariotextual.com\/inicio\/index.php\/2024\/01\/20\/ley-omnibus-cuales-son-los-principios-de-acuerdo-entre-el-oficialismo-y-los-bloques-dialoguistas\/#primaryimage"},"image":{"@id":"https:\/\/diariotextual.com\/inicio\/index.php\/2024\/01\/20\/ley-omnibus-cuales-son-los-principios-de-acuerdo-entre-el-oficialismo-y-los-bloques-dialoguistas\/#primaryimage"},"thumbnailUrl":"https:\/\/diariotextual.com\/inicio\/wp-content\/uploads\/2024\/01\/barrarodolfotelam2024-1.jpg","datePublished":"2024-01-20T11:49:50+00:00","dateModified":"2024-01-20T14:37:03+00:00","breadcrumb":{"@id":"https:\/\/diariotextual.com\/inicio\/index.php\/2024\/01\/20\/ley-omnibus-cuales-son-los-principios-de-acuerdo-entre-el-oficialismo-y-los-bloques-dialoguistas\/#breadcrumb"},"inLanguage":"es","potentialAction":[{"@type":"ReadAction","target":["https:\/\/diariotextual.com\/inicio\/index.php\/2024\/01\/20\/ley-omnibus-cuales-son-los-principios-de-acuerdo-entre-el-oficialismo-y-los-bloques-dialoguistas\/"]}]},{"@type":"ImageObject","inLanguage":"es","@id":"https:\/\/diariotextual.com\/inicio\/index.php\/2024\/01\/20\/ley-omnibus-cuales-son-los-principios-de-acuerdo-entre-el-oficialismo-y-los-bloques-dialoguistas\/#primaryimage","url":"https:\/\/diariotextual.com\/inicio\/wp-content\/uploads\/2024\/01\/barrarodolfotelam2024-1.jpg","contentUrl":"https:\/\/diariotextual.com\/inicio\/wp-content\/uploads\/2024\/01\/barrarodolfotelam2024-1.jpg","width":1200,"height":675},{"@type":"BreadcrumbList","@id":"https:\/\/diariotextual.com\/inicio\/index.php\/2024\/01\/20\/ley-omnibus-cuales-son-los-principios-de-acuerdo-entre-el-oficialismo-y-los-bloques-dialoguistas\/#breadcrumb","itemListElement":[{"@type":"ListItem","position":1,"name":"Portada","item":"https:\/\/diariotextual.com\/inicio\/"},{"@type":"ListItem","position":2,"name":"Ley \u00f3mnibus: cu\u00e1les son los principios de acuerdo entre el oficialismo y los bloques dialoguistas"}]},{"@type":"WebSite","@id":"https:\/\/diariotextual.com\/inicio\/#website","url":"https:\/\/diariotextual.com\/inicio\/","name":"Diario Textual","description":"","publisher":{"@id":"https:\/\/diariotextual.com\/inicio\/#organization"},"potentialAction":[{"@type":"SearchAction","target":{"@type":"EntryPoint","urlTemplate":"https:\/\/diariotextual.com\/inicio\/?s={search_term_string}"},"query-input":{"@type":"PropertyValueSpecification","valueRequired":true,"valueName":"search_term_string"}}],"inLanguage":"es"},{"@type":"Organization","@id":"https:\/\/diariotextual.com\/inicio\/#organization","name":"Diario Textual","url":"https:\/\/diariotextual.com\/inicio\/","logo":{"@type":"ImageObject","inLanguage":"es","@id":"https:\/\/diariotextual.com\/inicio\/#\/schema\/logo\/image\/","url":"https:\/\/diariotextual.com\/inicio\/wp-content\/uploads\/2023\/05\/logotextual1.jpg","contentUrl":"https:\/\/diariotextual.com\/inicio\/wp-content\/uploads\/2023\/05\/logotextual1.jpg","width":516,"height":76,"caption":"Diario Textual"},"image":{"@id":"https:\/\/diariotextual.com\/inicio\/#\/schema\/logo\/image\/"},"sameAs":["https:\/\/www.facebook.com\/eltextual","https:\/\/x.com\/eltextual","http:\/\/www.instagram.com\/eltextual"]},{"@type":"Person","@id":"https:\/\/diariotextual.com\/inicio\/#\/schema\/person\/418fc4093c33e86ed41562db3508f958","name":"Diario1 Diario1","image":{"@type":"ImageObject","inLanguage":"es","@id":"https:\/\/secure.gravatar.com\/avatar\/9167d280179c85bc18be67aa7eda765854300033af4896dd779b608640f2ef7a?s=96&d=mm&r=g","url":"https:\/\/secure.gravatar.com\/avatar\/9167d280179c85bc18be67aa7eda765854300033af4896dd779b608640f2ef7a?s=96&d=mm&r=g","contentUrl":"https:\/\/secure.gravatar.com\/avatar\/9167d280179c85bc18be67aa7eda765854300033af4896dd779b608640f2ef7a?s=96&d=mm&r=g","caption":"Diario1 Diario1"},"url":"https:\/\/diariotextual.com\/inicio\/index.php\/author\/diario1\/"}]}},"_links":{"self":[{"href":"https:\/\/diariotextual.com\/inicio\/index.php\/wp-json\/wp\/v2\/posts\/251577","targetHints":{"allow":["GET"]}}],"collection":[{"href":"https:\/\/diariotextual.com\/inicio\/index.php\/wp-json\/wp\/v2\/posts"}],"about":[{"href":"https:\/\/diariotextual.com\/inicio\/index.php\/wp-json\/wp\/v2\/types\/post"}],"author":[{"embeddable":true,"href":"https:\/\/diariotextual.com\/inicio\/index.php\/wp-json\/wp\/v2\/users\/3"}],"replies":[{"embeddable":true,"href":"https:\/\/diariotextual.com\/inicio\/index.php\/wp-json\/wp\/v2\/comments?post=251577"}],"version-history":[{"count":1,"href":"https:\/\/diariotextual.com\/inicio\/index.php\/wp-json\/wp\/v2\/posts\/251577\/revisions"}],"predecessor-version":[{"id":251578,"href":"https:\/\/diariotextual.com\/inicio\/index.php\/wp-json\/wp\/v2\/posts\/251577\/revisions\/251578"}],"wp:featuredmedia":[{"embeddable":true,"href":"https:\/\/diariotextual.com\/inicio\/index.php\/wp-json\/wp\/v2\/media\/250628"}],"wp:attachment":[{"href":"https:\/\/diariotextual.com\/inicio\/index.php\/wp-json\/wp\/v2\/media?parent=251577"}],"wp:term":[{"taxonomy":"category","embeddable":true,"href":"https:\/\/diariotextual.com\/inicio\/index.php\/wp-json\/wp\/v2\/categories?post=251577"},{"taxonomy":"post_tag","embeddable":true,"href":"https:\/\/diariotextual.com\/inicio\/index.php\/wp-json\/wp\/v2\/tags?post=251577"}],"curies":[{"name":"wp","href":"https:\/\/api.w.org\/{rel}","templated":true}]}}