{"id":251579,"date":"2024-01-20T09:52:05","date_gmt":"2024-01-20T12:52:05","guid":{"rendered":"https:\/\/diariotextual.com\/inicio\/?p=251579"},"modified":"2024-01-20T17:52:57","modified_gmt":"2024-01-20T20:52:57","slug":"una-encuesta-midio-a-los-principales-funcionarios-del-gobierno","status":"publish","type":"post","link":"https:\/\/diariotextual.com\/inicio\/index.php\/2024\/01\/20\/una-encuesta-midio-a-los-principales-funcionarios-del-gobierno\/","title":{"rendered":"Una encuesta midi\u00f3 a los principales funcionarios del Gobierno"},"content":{"rendered":"\n<p>Una nueva encuesta midi\u00f3 la imagen de 12 funcionarios claves del Gabinete de <strong>Javier Milei<\/strong>. La Universidad de San Andr\u00e9s (Udesa) fue la encargada de pasar por el filtro de la opini\u00f3n p\u00fablica al jefe de Gabinete <strong>Nicol\u00e1s Posse<\/strong>; a los ministros <strong>Luis Caputo<\/strong> (Econom\u00eda),<strong> Diana Mondino<\/strong> (Relaciones Exteriores), <strong>Guillermo Francos <\/strong>(Interior),<strong> Sandra Pettovello<\/strong> (Capital Humano), <strong>Mariano C\u00faneo Libarona<\/strong> (Justicia), <strong>Patricia Bullrich<\/strong> (Seguridad),<strong> Guillermo Ferraro<\/strong> (Infraestructura) y <strong>Mario Russo<\/strong> (Salud); a los secretarios <strong>Karina Milei<\/strong> y <strong>Manuel Adorni<\/strong>; y al asesor econ\u00f3mico <strong>Federico Sturzenegger.<\/strong><\/p>\n\n\n\n<p>La casa de estudios hizo un relevamiento de 1.007 casos en todo el pa\u00eds, entre el 9 y el 16 de enero, y present\u00f3 los resultados con +\/- 3,15% de margen de error. Como otras consultoras, el sondeo se hizo para analizar el primer mes de gesti\u00f3n de la nueva administraci\u00f3n.<\/p>\n\n\n\n<p>Quien mejor imagen tiene en el Gobierno de Milei es la canciller Diana Mondino. Tiene 30 puntos de valoraci\u00f3n positiva y 29 de negativa. Como otros de sus colegas reci\u00e9n asumidos, mantiene un desconocimiento alto. Cuando Udesa pregunt\u00f3 por su figura, el 41% no sab\u00eda qu\u00e9 decir o no la conoc\u00eda.<\/p>\n\n\n\n<p>Debajo de la canciller, con un saldo de&nbsp;-1&nbsp;aparece&nbsp;<strong>Bullrich<\/strong>. Lo de la ministra de Seguridad es distinto. Su \u201cns\/nc\u201d es el m\u00e1s bajo de todos y el \u00fanico de un d\u00edgito: 9%. Entre los que s\u00ed la eval\u00faan, se forma una grieta:&nbsp;45% la ve bien y 46% la ve mal.<\/p>\n\n\n\n<p>El mismo balance de&nbsp;-1&nbsp;tiene el vocero&nbsp;Adorni. Pero en su caso, pese a que da una conferencia de prensa diaria, su \u201cns\/nc\u201d sigue siendo tan alto como el de Mondino. Sus n\u00fameros de imagen, en tanto, fueron&nbsp;+ 29% y &#8211; 30%.<\/p>\n\n\n\n<p>Luego, con&nbsp;&#8211; 2&nbsp;puntos de saldo, viene uno de los principales negociadores de la ley \u00f3mnibus, el ministro de Interior&nbsp;Francos. Con un \u201cns\/nc\u201d muy elevado (54%), combina&nbsp;22% de positiva y 24% de negativa.<\/p>\n\n\n\n<p>Despu\u00e9s figuran&nbsp;cuatro funcionarios con &#8211; 4&nbsp;de balance. Por una cuesti\u00f3n de ordenamiento, priorizando su imagen positiva, dos quedaron entre \u201clos mejores\u201d y dos entre \u201clos peores\u201d.&nbsp;Los beneficiados fueron&nbsp;C\u00faneo Libarona, con&nbsp;+ 28% y &#8211; 32%&nbsp;(40% de \u201cns\/nc\u201d, pese a haber sido un abogado muy medi\u00e1tico durante a\u00f1os) y&nbsp;Pettovello, con&nbsp;+ 22% y &#8211; 26%.<\/p>\n\n\n\n<p>La parte de abajo de la tabla&nbsp;puede dividirse en dos. Los que tienen saldo negativo de solo un d\u00edgito y los dos economistas que ya muestran un balance en contra m\u00e1s alto.&nbsp;Los peores de los peores son&nbsp;Sturzenegger, asesor de Milei y cerebro del DNU de desregulaci\u00f3n de la econom\u00eda; y&nbsp;Caputo, ministro de una Econom\u00eda que arranc\u00f3 con una inflaci\u00f3n de 25%.&nbsp;<\/p>\n\n\n\n<p>Sturzenegger&nbsp;termin\u00f3 con&nbsp;&#8211; 16 puntos de saldo, con&nbsp;23% de positiva y 39% de negativa&nbsp;(38% \u201cns\/nc\u201d).&nbsp;Caputo, en tanto, tuvo&nbsp;&#8211; 18 de saldo, con&nbsp;+ 30% y &#8211; 48%, m\u00e1s 22% de \u201cns\/nc\u201d.<\/p>\n","protected":false},"excerpt":{"rendered":"<p>Una nueva encuesta midi\u00f3 la imagen de 12 funcionarios claves del Gabinete de Javier Milei. La Universidad de San Andr\u00e9s (Udesa) fue la encargada de pasar por el filtro de&hellip;<\/p>\n","protected":false},"author":3,"featured_media":248836,"comment_status":"closed","ping_status":"open","sticky":false,"template":"","format":"standard","meta":{"_acf_changed":false,"footnotes":""},"categories":[1,8],"tags":[],"class_list":["post-251579","post","type-post","status-publish","format-standard","has-post-thumbnail","hentry","category-es-noticia","category-politica"],"acf":[],"yoast_head":"<!-- This site is optimized with the Yoast SEO plugin v27.5 - https:\/\/yoast.com\/product\/yoast-seo-wordpress\/ -->\n<title>Una encuesta midi\u00f3 a los principales funcionarios del Gobierno - Diario Textual<\/title>\n<meta name=\"robots\" content=\"index, follow, max-snippet:-1, max-image-preview:large, max-video-preview:-1\" \/>\n<link rel=\"canonical\" href=\"https:\/\/diariotextual.com\/inicio\/index.php\/2024\/01\/20\/una-encuesta-midio-a-los-principales-funcionarios-del-gobierno\/\" \/>\n<meta property=\"og:locale\" content=\"es_ES\" \/>\n<meta property=\"og:type\" content=\"article\" \/>\n<meta property=\"og:title\" content=\"Una encuesta midi\u00f3 a los principales funcionarios del Gobierno - Diario Textual\" \/>\n<meta property=\"og:description\" content=\"Una nueva encuesta midi\u00f3 la imagen de 12 funcionarios claves del Gabinete de Javier Milei. La Universidad de San Andr\u00e9s (Udesa) fue la encargada de pasar por el filtro de&hellip;\" \/>\n<meta property=\"og:url\" content=\"https:\/\/diariotextual.com\/inicio\/index.php\/2024\/01\/20\/una-encuesta-midio-a-los-principales-funcionarios-del-gobierno\/\" \/>\n<meta property=\"og:site_name\" content=\"Diario Textual\" \/>\n<meta property=\"article:publisher\" content=\"https:\/\/www.facebook.com\/eltextual\" \/>\n<meta property=\"article:published_time\" content=\"2024-01-20T12:52:05+00:00\" \/>\n<meta property=\"article:modified_time\" content=\"2024-01-20T20:52:57+00:00\" \/>\n<meta property=\"og:image\" content=\"https:\/\/diariotextual.com\/inicio\/wp-content\/uploads\/2023\/12\/mileicadenanacional2023.jpg\" \/>\n\t<meta property=\"og:image:width\" content=\"720\" \/>\n\t<meta property=\"og:image:height\" content=\"406\" \/>\n\t<meta property=\"og:image:type\" content=\"image\/jpeg\" \/>\n<meta name=\"author\" content=\"Diario1 Diario1\" \/>\n<meta name=\"twitter:card\" content=\"summary_large_image\" \/>\n<meta name=\"twitter:creator\" content=\"@eltextual\" \/>\n<meta name=\"twitter:site\" content=\"@eltextual\" \/>\n<meta name=\"twitter:label1\" content=\"Escrito por\" \/>\n\t<meta name=\"twitter:data1\" content=\"Diario1 Diario1\" \/>\n\t<meta name=\"twitter:label2\" content=\"Tiempo de lectura\" \/>\n\t<meta name=\"twitter:data2\" content=\"3 minutos\" \/>\n<script type=\"application\/ld+json\" class=\"yoast-schema-graph\">{\"@context\":\"https:\\\/\\\/schema.org\",\"@graph\":[{\"@type\":\"Article\",\"@id\":\"https:\\\/\\\/diariotextual.com\\\/inicio\\\/index.php\\\/2024\\\/01\\\/20\\\/una-encuesta-midio-a-los-principales-funcionarios-del-gobierno\\\/#article\",\"isPartOf\":{\"@id\":\"https:\\\/\\\/diariotextual.com\\\/inicio\\\/index.php\\\/2024\\\/01\\\/20\\\/una-encuesta-midio-a-los-principales-funcionarios-del-gobierno\\\/\"},\"author\":{\"name\":\"Diario1 Diario1\",\"@id\":\"https:\\\/\\\/diariotextual.com\\\/inicio\\\/#\\\/schema\\\/person\\\/418fc4093c33e86ed41562db3508f958\"},\"headline\":\"Una encuesta midi\u00f3 a los principales funcionarios del Gobierno\",\"datePublished\":\"2024-01-20T12:52:05+00:00\",\"dateModified\":\"2024-01-20T20:52:57+00:00\",\"mainEntityOfPage\":{\"@id\":\"https:\\\/\\\/diariotextual.com\\\/inicio\\\/index.php\\\/2024\\\/01\\\/20\\\/una-encuesta-midio-a-los-principales-funcionarios-del-gobierno\\\/\"},\"wordCount\":521,\"publisher\":{\"@id\":\"https:\\\/\\\/diariotextual.com\\\/inicio\\\/#organization\"},\"image\":{\"@id\":\"https:\\\/\\\/diariotextual.com\\\/inicio\\\/index.php\\\/2024\\\/01\\\/20\\\/una-encuesta-midio-a-los-principales-funcionarios-del-gobierno\\\/#primaryimage\"},\"thumbnailUrl\":\"https:\\\/\\\/diariotextual.com\\\/inicio\\\/wp-content\\\/uploads\\\/2023\\\/12\\\/mileicadenanacional2023.jpg\",\"articleSection\":[\"A - ES NOTICIA (van abajo)\",\"POLITICA\"],\"inLanguage\":\"es\"},{\"@type\":\"WebPage\",\"@id\":\"https:\\\/\\\/diariotextual.com\\\/inicio\\\/index.php\\\/2024\\\/01\\\/20\\\/una-encuesta-midio-a-los-principales-funcionarios-del-gobierno\\\/\",\"url\":\"https:\\\/\\\/diariotextual.com\\\/inicio\\\/index.php\\\/2024\\\/01\\\/20\\\/una-encuesta-midio-a-los-principales-funcionarios-del-gobierno\\\/\",\"name\":\"Una encuesta midi\u00f3 a los principales funcionarios del Gobierno - Diario Textual\",\"isPartOf\":{\"@id\":\"https:\\\/\\\/diariotextual.com\\\/inicio\\\/#website\"},\"primaryImageOfPage\":{\"@id\":\"https:\\\/\\\/diariotextual.com\\\/inicio\\\/index.php\\\/2024\\\/01\\\/20\\\/una-encuesta-midio-a-los-principales-funcionarios-del-gobierno\\\/#primaryimage\"},\"image\":{\"@id\":\"https:\\\/\\\/diariotextual.com\\\/inicio\\\/index.php\\\/2024\\\/01\\\/20\\\/una-encuesta-midio-a-los-principales-funcionarios-del-gobierno\\\/#primaryimage\"},\"thumbnailUrl\":\"https:\\\/\\\/diariotextual.com\\\/inicio\\\/wp-content\\\/uploads\\\/2023\\\/12\\\/mileicadenanacional2023.jpg\",\"datePublished\":\"2024-01-20T12:52:05+00:00\",\"dateModified\":\"2024-01-20T20:52:57+00:00\",\"breadcrumb\":{\"@id\":\"https:\\\/\\\/diariotextual.com\\\/inicio\\\/index.php\\\/2024\\\/01\\\/20\\\/una-encuesta-midio-a-los-principales-funcionarios-del-gobierno\\\/#breadcrumb\"},\"inLanguage\":\"es\",\"potentialAction\":[{\"@type\":\"ReadAction\",\"target\":[\"https:\\\/\\\/diariotextual.com\\\/inicio\\\/index.php\\\/2024\\\/01\\\/20\\\/una-encuesta-midio-a-los-principales-funcionarios-del-gobierno\\\/\"]}]},{\"@type\":\"ImageObject\",\"inLanguage\":\"es\",\"@id\":\"https:\\\/\\\/diariotextual.com\\\/inicio\\\/index.php\\\/2024\\\/01\\\/20\\\/una-encuesta-midio-a-los-principales-funcionarios-del-gobierno\\\/#primaryimage\",\"url\":\"https:\\\/\\\/diariotextual.com\\\/inicio\\\/wp-content\\\/uploads\\\/2023\\\/12\\\/mileicadenanacional2023.jpg\",\"contentUrl\":\"https:\\\/\\\/diariotextual.com\\\/inicio\\\/wp-content\\\/uploads\\\/2023\\\/12\\\/mileicadenanacional2023.jpg\",\"width\":720,\"height\":406},{\"@type\":\"BreadcrumbList\",\"@id\":\"https:\\\/\\\/diariotextual.com\\\/inicio\\\/index.php\\\/2024\\\/01\\\/20\\\/una-encuesta-midio-a-los-principales-funcionarios-del-gobierno\\\/#breadcrumb\",\"itemListElement\":[{\"@type\":\"ListItem\",\"position\":1,\"name\":\"Portada\",\"item\":\"https:\\\/\\\/diariotextual.com\\\/inicio\\\/\"},{\"@type\":\"ListItem\",\"position\":2,\"name\":\"Una encuesta midi\u00f3 a los principales funcionarios del Gobierno\"}]},{\"@type\":\"WebSite\",\"@id\":\"https:\\\/\\\/diariotextual.com\\\/inicio\\\/#website\",\"url\":\"https:\\\/\\\/diariotextual.com\\\/inicio\\\/\",\"name\":\"Diario Textual\",\"description\":\"\",\"publisher\":{\"@id\":\"https:\\\/\\\/diariotextual.com\\\/inicio\\\/#organization\"},\"potentialAction\":[{\"@type\":\"SearchAction\",\"target\":{\"@type\":\"EntryPoint\",\"urlTemplate\":\"https:\\\/\\\/diariotextual.com\\\/inicio\\\/?s={search_term_string}\"},\"query-input\":{\"@type\":\"PropertyValueSpecification\",\"valueRequired\":true,\"valueName\":\"search_term_string\"}}],\"inLanguage\":\"es\"},{\"@type\":\"Organization\",\"@id\":\"https:\\\/\\\/diariotextual.com\\\/inicio\\\/#organization\",\"name\":\"Diario Textual\",\"url\":\"https:\\\/\\\/diariotextual.com\\\/inicio\\\/\",\"logo\":{\"@type\":\"ImageObject\",\"inLanguage\":\"es\",\"@id\":\"https:\\\/\\\/diariotextual.com\\\/inicio\\\/#\\\/schema\\\/logo\\\/image\\\/\",\"url\":\"https:\\\/\\\/diariotextual.com\\\/inicio\\\/wp-content\\\/uploads\\\/2023\\\/05\\\/logotextual1.jpg\",\"contentUrl\":\"https:\\\/\\\/diariotextual.com\\\/inicio\\\/wp-content\\\/uploads\\\/2023\\\/05\\\/logotextual1.jpg\",\"width\":516,\"height\":76,\"caption\":\"Diario Textual\"},\"image\":{\"@id\":\"https:\\\/\\\/diariotextual.com\\\/inicio\\\/#\\\/schema\\\/logo\\\/image\\\/\"},\"sameAs\":[\"https:\\\/\\\/www.facebook.com\\\/eltextual\",\"https:\\\/\\\/x.com\\\/eltextual\",\"http:\\\/\\\/www.instagram.com\\\/eltextual\"]},{\"@type\":\"Person\",\"@id\":\"https:\\\/\\\/diariotextual.com\\\/inicio\\\/#\\\/schema\\\/person\\\/418fc4093c33e86ed41562db3508f958\",\"name\":\"Diario1 Diario1\",\"image\":{\"@type\":\"ImageObject\",\"inLanguage\":\"es\",\"@id\":\"https:\\\/\\\/secure.gravatar.com\\\/avatar\\\/9167d280179c85bc18be67aa7eda765854300033af4896dd779b608640f2ef7a?s=96&d=mm&r=g\",\"url\":\"https:\\\/\\\/secure.gravatar.com\\\/avatar\\\/9167d280179c85bc18be67aa7eda765854300033af4896dd779b608640f2ef7a?s=96&d=mm&r=g\",\"contentUrl\":\"https:\\\/\\\/secure.gravatar.com\\\/avatar\\\/9167d280179c85bc18be67aa7eda765854300033af4896dd779b608640f2ef7a?s=96&d=mm&r=g\",\"caption\":\"Diario1 Diario1\"},\"url\":\"https:\\\/\\\/diariotextual.com\\\/inicio\\\/index.php\\\/author\\\/diario1\\\/\"}]}<\/script>\n<!-- \/ Yoast SEO plugin. -->","yoast_head_json":{"title":"Una encuesta midi\u00f3 a los principales funcionarios del Gobierno - Diario Textual","robots":{"index":"index","follow":"follow","max-snippet":"max-snippet:-1","max-image-preview":"max-image-preview:large","max-video-preview":"max-video-preview:-1"},"canonical":"https:\/\/diariotextual.com\/inicio\/index.php\/2024\/01\/20\/una-encuesta-midio-a-los-principales-funcionarios-del-gobierno\/","og_locale":"es_ES","og_type":"article","og_title":"Una encuesta midi\u00f3 a los principales funcionarios del Gobierno - Diario Textual","og_description":"Una nueva encuesta midi\u00f3 la imagen de 12 funcionarios claves del Gabinete de Javier Milei. La Universidad de San Andr\u00e9s (Udesa) fue la encargada de pasar por el filtro de&hellip;","og_url":"https:\/\/diariotextual.com\/inicio\/index.php\/2024\/01\/20\/una-encuesta-midio-a-los-principales-funcionarios-del-gobierno\/","og_site_name":"Diario Textual","article_publisher":"https:\/\/www.facebook.com\/eltextual","article_published_time":"2024-01-20T12:52:05+00:00","article_modified_time":"2024-01-20T20:52:57+00:00","og_image":[{"width":720,"height":406,"url":"https:\/\/diariotextual.com\/inicio\/wp-content\/uploads\/2023\/12\/mileicadenanacional2023.jpg","type":"image\/jpeg"}],"author":"Diario1 Diario1","twitter_card":"summary_large_image","twitter_creator":"@eltextual","twitter_site":"@eltextual","twitter_misc":{"Escrito por":"Diario1 Diario1","Tiempo de lectura":"3 minutos"},"schema":{"@context":"https:\/\/schema.org","@graph":[{"@type":"Article","@id":"https:\/\/diariotextual.com\/inicio\/index.php\/2024\/01\/20\/una-encuesta-midio-a-los-principales-funcionarios-del-gobierno\/#article","isPartOf":{"@id":"https:\/\/diariotextual.com\/inicio\/index.php\/2024\/01\/20\/una-encuesta-midio-a-los-principales-funcionarios-del-gobierno\/"},"author":{"name":"Diario1 Diario1","@id":"https:\/\/diariotextual.com\/inicio\/#\/schema\/person\/418fc4093c33e86ed41562db3508f958"},"headline":"Una encuesta midi\u00f3 a los principales funcionarios del Gobierno","datePublished":"2024-01-20T12:52:05+00:00","dateModified":"2024-01-20T20:52:57+00:00","mainEntityOfPage":{"@id":"https:\/\/diariotextual.com\/inicio\/index.php\/2024\/01\/20\/una-encuesta-midio-a-los-principales-funcionarios-del-gobierno\/"},"wordCount":521,"publisher":{"@id":"https:\/\/diariotextual.com\/inicio\/#organization"},"image":{"@id":"https:\/\/diariotextual.com\/inicio\/index.php\/2024\/01\/20\/una-encuesta-midio-a-los-principales-funcionarios-del-gobierno\/#primaryimage"},"thumbnailUrl":"https:\/\/diariotextual.com\/inicio\/wp-content\/uploads\/2023\/12\/mileicadenanacional2023.jpg","articleSection":["A - ES NOTICIA (van abajo)","POLITICA"],"inLanguage":"es"},{"@type":"WebPage","@id":"https:\/\/diariotextual.com\/inicio\/index.php\/2024\/01\/20\/una-encuesta-midio-a-los-principales-funcionarios-del-gobierno\/","url":"https:\/\/diariotextual.com\/inicio\/index.php\/2024\/01\/20\/una-encuesta-midio-a-los-principales-funcionarios-del-gobierno\/","name":"Una encuesta midi\u00f3 a los principales funcionarios del Gobierno - Diario Textual","isPartOf":{"@id":"https:\/\/diariotextual.com\/inicio\/#website"},"primaryImageOfPage":{"@id":"https:\/\/diariotextual.com\/inicio\/index.php\/2024\/01\/20\/una-encuesta-midio-a-los-principales-funcionarios-del-gobierno\/#primaryimage"},"image":{"@id":"https:\/\/diariotextual.com\/inicio\/index.php\/2024\/01\/20\/una-encuesta-midio-a-los-principales-funcionarios-del-gobierno\/#primaryimage"},"thumbnailUrl":"https:\/\/diariotextual.com\/inicio\/wp-content\/uploads\/2023\/12\/mileicadenanacional2023.jpg","datePublished":"2024-01-20T12:52:05+00:00","dateModified":"2024-01-20T20:52:57+00:00","breadcrumb":{"@id":"https:\/\/diariotextual.com\/inicio\/index.php\/2024\/01\/20\/una-encuesta-midio-a-los-principales-funcionarios-del-gobierno\/#breadcrumb"},"inLanguage":"es","potentialAction":[{"@type":"ReadAction","target":["https:\/\/diariotextual.com\/inicio\/index.php\/2024\/01\/20\/una-encuesta-midio-a-los-principales-funcionarios-del-gobierno\/"]}]},{"@type":"ImageObject","inLanguage":"es","@id":"https:\/\/diariotextual.com\/inicio\/index.php\/2024\/01\/20\/una-encuesta-midio-a-los-principales-funcionarios-del-gobierno\/#primaryimage","url":"https:\/\/diariotextual.com\/inicio\/wp-content\/uploads\/2023\/12\/mileicadenanacional2023.jpg","contentUrl":"https:\/\/diariotextual.com\/inicio\/wp-content\/uploads\/2023\/12\/mileicadenanacional2023.jpg","width":720,"height":406},{"@type":"BreadcrumbList","@id":"https:\/\/diariotextual.com\/inicio\/index.php\/2024\/01\/20\/una-encuesta-midio-a-los-principales-funcionarios-del-gobierno\/#breadcrumb","itemListElement":[{"@type":"ListItem","position":1,"name":"Portada","item":"https:\/\/diariotextual.com\/inicio\/"},{"@type":"ListItem","position":2,"name":"Una encuesta midi\u00f3 a los principales funcionarios del Gobierno"}]},{"@type":"WebSite","@id":"https:\/\/diariotextual.com\/inicio\/#website","url":"https:\/\/diariotextual.com\/inicio\/","name":"Diario Textual","description":"","publisher":{"@id":"https:\/\/diariotextual.com\/inicio\/#organization"},"potentialAction":[{"@type":"SearchAction","target":{"@type":"EntryPoint","urlTemplate":"https:\/\/diariotextual.com\/inicio\/?s={search_term_string}"},"query-input":{"@type":"PropertyValueSpecification","valueRequired":true,"valueName":"search_term_string"}}],"inLanguage":"es"},{"@type":"Organization","@id":"https:\/\/diariotextual.com\/inicio\/#organization","name":"Diario Textual","url":"https:\/\/diariotextual.com\/inicio\/","logo":{"@type":"ImageObject","inLanguage":"es","@id":"https:\/\/diariotextual.com\/inicio\/#\/schema\/logo\/image\/","url":"https:\/\/diariotextual.com\/inicio\/wp-content\/uploads\/2023\/05\/logotextual1.jpg","contentUrl":"https:\/\/diariotextual.com\/inicio\/wp-content\/uploads\/2023\/05\/logotextual1.jpg","width":516,"height":76,"caption":"Diario Textual"},"image":{"@id":"https:\/\/diariotextual.com\/inicio\/#\/schema\/logo\/image\/"},"sameAs":["https:\/\/www.facebook.com\/eltextual","https:\/\/x.com\/eltextual","http:\/\/www.instagram.com\/eltextual"]},{"@type":"Person","@id":"https:\/\/diariotextual.com\/inicio\/#\/schema\/person\/418fc4093c33e86ed41562db3508f958","name":"Diario1 Diario1","image":{"@type":"ImageObject","inLanguage":"es","@id":"https:\/\/secure.gravatar.com\/avatar\/9167d280179c85bc18be67aa7eda765854300033af4896dd779b608640f2ef7a?s=96&d=mm&r=g","url":"https:\/\/secure.gravatar.com\/avatar\/9167d280179c85bc18be67aa7eda765854300033af4896dd779b608640f2ef7a?s=96&d=mm&r=g","contentUrl":"https:\/\/secure.gravatar.com\/avatar\/9167d280179c85bc18be67aa7eda765854300033af4896dd779b608640f2ef7a?s=96&d=mm&r=g","caption":"Diario1 Diario1"},"url":"https:\/\/diariotextual.com\/inicio\/index.php\/author\/diario1\/"}]}},"_links":{"self":[{"href":"https:\/\/diariotextual.com\/inicio\/index.php\/wp-json\/wp\/v2\/posts\/251579","targetHints":{"allow":["GET"]}}],"collection":[{"href":"https:\/\/diariotextual.com\/inicio\/index.php\/wp-json\/wp\/v2\/posts"}],"about":[{"href":"https:\/\/diariotextual.com\/inicio\/index.php\/wp-json\/wp\/v2\/types\/post"}],"author":[{"embeddable":true,"href":"https:\/\/diariotextual.com\/inicio\/index.php\/wp-json\/wp\/v2\/users\/3"}],"replies":[{"embeddable":true,"href":"https:\/\/diariotextual.com\/inicio\/index.php\/wp-json\/wp\/v2\/comments?post=251579"}],"version-history":[{"count":2,"href":"https:\/\/diariotextual.com\/inicio\/index.php\/wp-json\/wp\/v2\/posts\/251579\/revisions"}],"predecessor-version":[{"id":251581,"href":"https:\/\/diariotextual.com\/inicio\/index.php\/wp-json\/wp\/v2\/posts\/251579\/revisions\/251581"}],"wp:featuredmedia":[{"embeddable":true,"href":"https:\/\/diariotextual.com\/inicio\/index.php\/wp-json\/wp\/v2\/media\/248836"}],"wp:attachment":[{"href":"https:\/\/diariotextual.com\/inicio\/index.php\/wp-json\/wp\/v2\/media?parent=251579"}],"wp:term":[{"taxonomy":"category","embeddable":true,"href":"https:\/\/diariotextual.com\/inicio\/index.php\/wp-json\/wp\/v2\/categories?post=251579"},{"taxonomy":"post_tag","embeddable":true,"href":"https:\/\/diariotextual.com\/inicio\/index.php\/wp-json\/wp\/v2\/tags?post=251579"}],"curies":[{"name":"wp","href":"https:\/\/api.w.org\/{rel}","templated":true}]}}