{"id":251588,"date":"2024-01-20T17:52:28","date_gmt":"2024-01-20T20:52:28","guid":{"rendered":"https:\/\/diariotextual.com\/inicio\/?p=251588"},"modified":"2024-01-20T20:31:30","modified_gmt":"2024-01-20T23:31:30","slug":"daer-amenazo-a-los-dialoguistas-de-la-oposicion-no-van-a-poder-caminar-por-la-calle","status":"publish","type":"post","link":"https:\/\/diariotextual.com\/inicio\/index.php\/2024\/01\/20\/daer-amenazo-a-los-dialoguistas-de-la-oposicion-no-van-a-poder-caminar-por-la-calle\/","title":{"rendered":"Daer amenaz\u00f3 a los \u201cdialoguistas\u201d de la oposici\u00f3n: \u201cNo van a poder caminar por la calle\u201d"},"content":{"rendered":"\n<p>H\u00e9ctor Daer, secretario general de la CGT, ratific\u00f3 el paro y movilizaci\u00f3n del 24 de enero contra el Gobierno de Javier MIlei y lanz\u00f3 un gui\u00f1o inesperado hacia la UCR en medio de la interna que sacude a ese espacio por posiciones divididas respecto a la ley \u00f3mnibus que impulsa el Ejecutivo.<\/p>\n\n\n\n<p>\u201cEn la marcha se van a sorprender por la cantidad de radicales que van a venir, adem\u00e1s, es amplia a nivel pol\u00edtico: va a haber peronistas, sectores de la izquierda. Debemos ampliar\u201d, sostuvo el sindicalista en Radio Splendid.<\/p>\n\n\n\n<p>\u201cEl paro es inamovible, es el resultado de una cantidad de hechos que terminan agrediendo el derecho de los trabajadores. Termina agrediendo al 90% de la Argentina productiva\u201d, dijo.<\/p>\n\n\n\n<p>\u201cPara que no haya paro, tienen que retirar el DNU, la Ley \u00d3mnibus y establecer un debate serio sobre cada punto. Reconocer interlocuci\u00f3n en la CGT, las c\u00e1maras empresariales, escuchar a los cient\u00edficos, deportistas\u201d, agreg\u00f3.<\/p>\n\n\n\n<p>El l\u00edder sindicalista afirm\u00f3 que la convocatoria \u201ces muy amplia\u201d en diversos sectores de la sociedad. \u201cEl 24 no va a ser la CGT, van a ser los cient\u00edficos, las Pymes, los deportes, los artistas\u201d, dijo.<\/p>\n\n\n\n<p>\u201cEl objetivo (de la protesta) es decirle al Parlamento, no le den la espalda al pueblo\u201d, dijo. \u201cLos dialoguistas no van a poder caminar por la calle si se cierra el Banco Central\u201d, agreg\u00f3.<\/p>\n","protected":false},"excerpt":{"rendered":"<p>H\u00e9ctor Daer, secretario general de la CGT, ratific\u00f3 el paro y movilizaci\u00f3n del 24 de enero contra el Gobierno de Javier MIlei y lanz\u00f3 un gui\u00f1o inesperado hacia la UCR&hellip;<\/p>\n","protected":false},"author":3,"featured_media":194891,"comment_status":"closed","ping_status":"open","sticky":false,"template":"","format":"standard","meta":{"_acf_changed":false,"footnotes":""},"categories":[1,8],"tags":[],"class_list":["post-251588","post","type-post","status-publish","format-standard","has-post-thumbnail","hentry","category-es-noticia","category-politica"],"acf":[],"yoast_head":"<!-- This site is optimized with the Yoast SEO plugin v27.5 - https:\/\/yoast.com\/product\/yoast-seo-wordpress\/ -->\n<title>Daer amenaz\u00f3 a los \u201cdialoguistas\u201d de la oposici\u00f3n: \u201cNo van a poder caminar por la calle\u201d - Diario Textual<\/title>\n<meta name=\"robots\" content=\"index, follow, max-snippet:-1, max-image-preview:large, max-video-preview:-1\" \/>\n<link rel=\"canonical\" href=\"https:\/\/diariotextual.com\/inicio\/index.php\/2024\/01\/20\/daer-amenazo-a-los-dialoguistas-de-la-oposicion-no-van-a-poder-caminar-por-la-calle\/\" \/>\n<meta property=\"og:locale\" content=\"es_ES\" \/>\n<meta property=\"og:type\" content=\"article\" \/>\n<meta property=\"og:title\" content=\"Daer amenaz\u00f3 a los \u201cdialoguistas\u201d de la oposici\u00f3n: \u201cNo van a poder caminar por la calle\u201d - Diario Textual\" \/>\n<meta property=\"og:description\" content=\"H\u00e9ctor Daer, secretario general de la CGT, ratific\u00f3 el paro y movilizaci\u00f3n del 24 de enero contra el Gobierno de Javier MIlei y lanz\u00f3 un gui\u00f1o inesperado hacia la UCR&hellip;\" \/>\n<meta property=\"og:url\" content=\"https:\/\/diariotextual.com\/inicio\/index.php\/2024\/01\/20\/daer-amenazo-a-los-dialoguistas-de-la-oposicion-no-van-a-poder-caminar-por-la-calle\/\" \/>\n<meta property=\"og:site_name\" content=\"Diario Textual\" \/>\n<meta property=\"article:publisher\" content=\"https:\/\/www.facebook.com\/eltextual\" \/>\n<meta property=\"article:published_time\" content=\"2024-01-20T20:52:28+00:00\" \/>\n<meta property=\"article:modified_time\" content=\"2024-01-20T23:31:30+00:00\" \/>\n<meta property=\"og:image\" content=\"https:\/\/diariotextual.com\/inicio\/wp-content\/uploads\/2022\/07\/daerhectorcara.jpg\" \/>\n\t<meta property=\"og:image:width\" content=\"938\" \/>\n\t<meta property=\"og:image:height\" content=\"527\" \/>\n\t<meta property=\"og:image:type\" content=\"image\/jpeg\" \/>\n<meta name=\"author\" content=\"Diario1 Diario1\" \/>\n<meta name=\"twitter:card\" content=\"summary_large_image\" \/>\n<meta name=\"twitter:creator\" content=\"@eltextual\" \/>\n<meta name=\"twitter:site\" content=\"@eltextual\" \/>\n<meta name=\"twitter:label1\" content=\"Escrito por\" \/>\n\t<meta name=\"twitter:data1\" content=\"Diario1 Diario1\" \/>\n\t<meta name=\"twitter:label2\" content=\"Tiempo de lectura\" \/>\n\t<meta name=\"twitter:data2\" content=\"2 minutos\" \/>\n<script type=\"application\/ld+json\" class=\"yoast-schema-graph\">{\"@context\":\"https:\\\/\\\/schema.org\",\"@graph\":[{\"@type\":\"Article\",\"@id\":\"https:\\\/\\\/diariotextual.com\\\/inicio\\\/index.php\\\/2024\\\/01\\\/20\\\/daer-amenazo-a-los-dialoguistas-de-la-oposicion-no-van-a-poder-caminar-por-la-calle\\\/#article\",\"isPartOf\":{\"@id\":\"https:\\\/\\\/diariotextual.com\\\/inicio\\\/index.php\\\/2024\\\/01\\\/20\\\/daer-amenazo-a-los-dialoguistas-de-la-oposicion-no-van-a-poder-caminar-por-la-calle\\\/\"},\"author\":{\"name\":\"Diario1 Diario1\",\"@id\":\"https:\\\/\\\/diariotextual.com\\\/inicio\\\/#\\\/schema\\\/person\\\/418fc4093c33e86ed41562db3508f958\"},\"headline\":\"Daer amenaz\u00f3 a los \u201cdialoguistas\u201d de la oposici\u00f3n: \u201cNo van a poder caminar por la calle\u201d\",\"datePublished\":\"2024-01-20T20:52:28+00:00\",\"dateModified\":\"2024-01-20T23:31:30+00:00\",\"mainEntityOfPage\":{\"@id\":\"https:\\\/\\\/diariotextual.com\\\/inicio\\\/index.php\\\/2024\\\/01\\\/20\\\/daer-amenazo-a-los-dialoguistas-de-la-oposicion-no-van-a-poder-caminar-por-la-calle\\\/\"},\"wordCount\":248,\"publisher\":{\"@id\":\"https:\\\/\\\/diariotextual.com\\\/inicio\\\/#organization\"},\"image\":{\"@id\":\"https:\\\/\\\/diariotextual.com\\\/inicio\\\/index.php\\\/2024\\\/01\\\/20\\\/daer-amenazo-a-los-dialoguistas-de-la-oposicion-no-van-a-poder-caminar-por-la-calle\\\/#primaryimage\"},\"thumbnailUrl\":\"https:\\\/\\\/diariotextual.com\\\/inicio\\\/wp-content\\\/uploads\\\/2022\\\/07\\\/daerhectorcara.jpg\",\"articleSection\":[\"A - ES NOTICIA (van abajo)\",\"POLITICA\"],\"inLanguage\":\"es\"},{\"@type\":\"WebPage\",\"@id\":\"https:\\\/\\\/diariotextual.com\\\/inicio\\\/index.php\\\/2024\\\/01\\\/20\\\/daer-amenazo-a-los-dialoguistas-de-la-oposicion-no-van-a-poder-caminar-por-la-calle\\\/\",\"url\":\"https:\\\/\\\/diariotextual.com\\\/inicio\\\/index.php\\\/2024\\\/01\\\/20\\\/daer-amenazo-a-los-dialoguistas-de-la-oposicion-no-van-a-poder-caminar-por-la-calle\\\/\",\"name\":\"Daer amenaz\u00f3 a los \u201cdialoguistas\u201d de la oposici\u00f3n: \u201cNo van a poder caminar por la calle\u201d - Diario Textual\",\"isPartOf\":{\"@id\":\"https:\\\/\\\/diariotextual.com\\\/inicio\\\/#website\"},\"primaryImageOfPage\":{\"@id\":\"https:\\\/\\\/diariotextual.com\\\/inicio\\\/index.php\\\/2024\\\/01\\\/20\\\/daer-amenazo-a-los-dialoguistas-de-la-oposicion-no-van-a-poder-caminar-por-la-calle\\\/#primaryimage\"},\"image\":{\"@id\":\"https:\\\/\\\/diariotextual.com\\\/inicio\\\/index.php\\\/2024\\\/01\\\/20\\\/daer-amenazo-a-los-dialoguistas-de-la-oposicion-no-van-a-poder-caminar-por-la-calle\\\/#primaryimage\"},\"thumbnailUrl\":\"https:\\\/\\\/diariotextual.com\\\/inicio\\\/wp-content\\\/uploads\\\/2022\\\/07\\\/daerhectorcara.jpg\",\"datePublished\":\"2024-01-20T20:52:28+00:00\",\"dateModified\":\"2024-01-20T23:31:30+00:00\",\"breadcrumb\":{\"@id\":\"https:\\\/\\\/diariotextual.com\\\/inicio\\\/index.php\\\/2024\\\/01\\\/20\\\/daer-amenazo-a-los-dialoguistas-de-la-oposicion-no-van-a-poder-caminar-por-la-calle\\\/#breadcrumb\"},\"inLanguage\":\"es\",\"potentialAction\":[{\"@type\":\"ReadAction\",\"target\":[\"https:\\\/\\\/diariotextual.com\\\/inicio\\\/index.php\\\/2024\\\/01\\\/20\\\/daer-amenazo-a-los-dialoguistas-de-la-oposicion-no-van-a-poder-caminar-por-la-calle\\\/\"]}]},{\"@type\":\"ImageObject\",\"inLanguage\":\"es\",\"@id\":\"https:\\\/\\\/diariotextual.com\\\/inicio\\\/index.php\\\/2024\\\/01\\\/20\\\/daer-amenazo-a-los-dialoguistas-de-la-oposicion-no-van-a-poder-caminar-por-la-calle\\\/#primaryimage\",\"url\":\"https:\\\/\\\/diariotextual.com\\\/inicio\\\/wp-content\\\/uploads\\\/2022\\\/07\\\/daerhectorcara.jpg\",\"contentUrl\":\"https:\\\/\\\/diariotextual.com\\\/inicio\\\/wp-content\\\/uploads\\\/2022\\\/07\\\/daerhectorcara.jpg\",\"width\":938,\"height\":527},{\"@type\":\"BreadcrumbList\",\"@id\":\"https:\\\/\\\/diariotextual.com\\\/inicio\\\/index.php\\\/2024\\\/01\\\/20\\\/daer-amenazo-a-los-dialoguistas-de-la-oposicion-no-van-a-poder-caminar-por-la-calle\\\/#breadcrumb\",\"itemListElement\":[{\"@type\":\"ListItem\",\"position\":1,\"name\":\"Portada\",\"item\":\"https:\\\/\\\/diariotextual.com\\\/inicio\\\/\"},{\"@type\":\"ListItem\",\"position\":2,\"name\":\"Daer amenaz\u00f3 a los \u201cdialoguistas\u201d de la oposici\u00f3n: \u201cNo van a poder caminar por la calle\u201d\"}]},{\"@type\":\"WebSite\",\"@id\":\"https:\\\/\\\/diariotextual.com\\\/inicio\\\/#website\",\"url\":\"https:\\\/\\\/diariotextual.com\\\/inicio\\\/\",\"name\":\"Diario Textual\",\"description\":\"\",\"publisher\":{\"@id\":\"https:\\\/\\\/diariotextual.com\\\/inicio\\\/#organization\"},\"potentialAction\":[{\"@type\":\"SearchAction\",\"target\":{\"@type\":\"EntryPoint\",\"urlTemplate\":\"https:\\\/\\\/diariotextual.com\\\/inicio\\\/?s={search_term_string}\"},\"query-input\":{\"@type\":\"PropertyValueSpecification\",\"valueRequired\":true,\"valueName\":\"search_term_string\"}}],\"inLanguage\":\"es\"},{\"@type\":\"Organization\",\"@id\":\"https:\\\/\\\/diariotextual.com\\\/inicio\\\/#organization\",\"name\":\"Diario Textual\",\"url\":\"https:\\\/\\\/diariotextual.com\\\/inicio\\\/\",\"logo\":{\"@type\":\"ImageObject\",\"inLanguage\":\"es\",\"@id\":\"https:\\\/\\\/diariotextual.com\\\/inicio\\\/#\\\/schema\\\/logo\\\/image\\\/\",\"url\":\"https:\\\/\\\/diariotextual.com\\\/inicio\\\/wp-content\\\/uploads\\\/2023\\\/05\\\/logotextual1.jpg\",\"contentUrl\":\"https:\\\/\\\/diariotextual.com\\\/inicio\\\/wp-content\\\/uploads\\\/2023\\\/05\\\/logotextual1.jpg\",\"width\":516,\"height\":76,\"caption\":\"Diario Textual\"},\"image\":{\"@id\":\"https:\\\/\\\/diariotextual.com\\\/inicio\\\/#\\\/schema\\\/logo\\\/image\\\/\"},\"sameAs\":[\"https:\\\/\\\/www.facebook.com\\\/eltextual\",\"https:\\\/\\\/x.com\\\/eltextual\",\"http:\\\/\\\/www.instagram.com\\\/eltextual\"]},{\"@type\":\"Person\",\"@id\":\"https:\\\/\\\/diariotextual.com\\\/inicio\\\/#\\\/schema\\\/person\\\/418fc4093c33e86ed41562db3508f958\",\"name\":\"Diario1 Diario1\",\"image\":{\"@type\":\"ImageObject\",\"inLanguage\":\"es\",\"@id\":\"https:\\\/\\\/secure.gravatar.com\\\/avatar\\\/9167d280179c85bc18be67aa7eda765854300033af4896dd779b608640f2ef7a?s=96&d=mm&r=g\",\"url\":\"https:\\\/\\\/secure.gravatar.com\\\/avatar\\\/9167d280179c85bc18be67aa7eda765854300033af4896dd779b608640f2ef7a?s=96&d=mm&r=g\",\"contentUrl\":\"https:\\\/\\\/secure.gravatar.com\\\/avatar\\\/9167d280179c85bc18be67aa7eda765854300033af4896dd779b608640f2ef7a?s=96&d=mm&r=g\",\"caption\":\"Diario1 Diario1\"},\"url\":\"https:\\\/\\\/diariotextual.com\\\/inicio\\\/index.php\\\/author\\\/diario1\\\/\"}]}<\/script>\n<!-- \/ Yoast SEO plugin. -->","yoast_head_json":{"title":"Daer amenaz\u00f3 a los \u201cdialoguistas\u201d de la oposici\u00f3n: \u201cNo van a poder caminar por la calle\u201d - Diario Textual","robots":{"index":"index","follow":"follow","max-snippet":"max-snippet:-1","max-image-preview":"max-image-preview:large","max-video-preview":"max-video-preview:-1"},"canonical":"https:\/\/diariotextual.com\/inicio\/index.php\/2024\/01\/20\/daer-amenazo-a-los-dialoguistas-de-la-oposicion-no-van-a-poder-caminar-por-la-calle\/","og_locale":"es_ES","og_type":"article","og_title":"Daer amenaz\u00f3 a los \u201cdialoguistas\u201d de la oposici\u00f3n: \u201cNo van a poder caminar por la calle\u201d - Diario Textual","og_description":"H\u00e9ctor Daer, secretario general de la CGT, ratific\u00f3 el paro y movilizaci\u00f3n del 24 de enero contra el Gobierno de Javier MIlei y lanz\u00f3 un gui\u00f1o inesperado hacia la UCR&hellip;","og_url":"https:\/\/diariotextual.com\/inicio\/index.php\/2024\/01\/20\/daer-amenazo-a-los-dialoguistas-de-la-oposicion-no-van-a-poder-caminar-por-la-calle\/","og_site_name":"Diario Textual","article_publisher":"https:\/\/www.facebook.com\/eltextual","article_published_time":"2024-01-20T20:52:28+00:00","article_modified_time":"2024-01-20T23:31:30+00:00","og_image":[{"width":938,"height":527,"url":"https:\/\/diariotextual.com\/inicio\/wp-content\/uploads\/2022\/07\/daerhectorcara.jpg","type":"image\/jpeg"}],"author":"Diario1 Diario1","twitter_card":"summary_large_image","twitter_creator":"@eltextual","twitter_site":"@eltextual","twitter_misc":{"Escrito por":"Diario1 Diario1","Tiempo de lectura":"2 minutos"},"schema":{"@context":"https:\/\/schema.org","@graph":[{"@type":"Article","@id":"https:\/\/diariotextual.com\/inicio\/index.php\/2024\/01\/20\/daer-amenazo-a-los-dialoguistas-de-la-oposicion-no-van-a-poder-caminar-por-la-calle\/#article","isPartOf":{"@id":"https:\/\/diariotextual.com\/inicio\/index.php\/2024\/01\/20\/daer-amenazo-a-los-dialoguistas-de-la-oposicion-no-van-a-poder-caminar-por-la-calle\/"},"author":{"name":"Diario1 Diario1","@id":"https:\/\/diariotextual.com\/inicio\/#\/schema\/person\/418fc4093c33e86ed41562db3508f958"},"headline":"Daer amenaz\u00f3 a los \u201cdialoguistas\u201d de la oposici\u00f3n: \u201cNo van a poder caminar por la calle\u201d","datePublished":"2024-01-20T20:52:28+00:00","dateModified":"2024-01-20T23:31:30+00:00","mainEntityOfPage":{"@id":"https:\/\/diariotextual.com\/inicio\/index.php\/2024\/01\/20\/daer-amenazo-a-los-dialoguistas-de-la-oposicion-no-van-a-poder-caminar-por-la-calle\/"},"wordCount":248,"publisher":{"@id":"https:\/\/diariotextual.com\/inicio\/#organization"},"image":{"@id":"https:\/\/diariotextual.com\/inicio\/index.php\/2024\/01\/20\/daer-amenazo-a-los-dialoguistas-de-la-oposicion-no-van-a-poder-caminar-por-la-calle\/#primaryimage"},"thumbnailUrl":"https:\/\/diariotextual.com\/inicio\/wp-content\/uploads\/2022\/07\/daerhectorcara.jpg","articleSection":["A - ES NOTICIA (van abajo)","POLITICA"],"inLanguage":"es"},{"@type":"WebPage","@id":"https:\/\/diariotextual.com\/inicio\/index.php\/2024\/01\/20\/daer-amenazo-a-los-dialoguistas-de-la-oposicion-no-van-a-poder-caminar-por-la-calle\/","url":"https:\/\/diariotextual.com\/inicio\/index.php\/2024\/01\/20\/daer-amenazo-a-los-dialoguistas-de-la-oposicion-no-van-a-poder-caminar-por-la-calle\/","name":"Daer amenaz\u00f3 a los \u201cdialoguistas\u201d de la oposici\u00f3n: \u201cNo van a poder caminar por la calle\u201d - Diario Textual","isPartOf":{"@id":"https:\/\/diariotextual.com\/inicio\/#website"},"primaryImageOfPage":{"@id":"https:\/\/diariotextual.com\/inicio\/index.php\/2024\/01\/20\/daer-amenazo-a-los-dialoguistas-de-la-oposicion-no-van-a-poder-caminar-por-la-calle\/#primaryimage"},"image":{"@id":"https:\/\/diariotextual.com\/inicio\/index.php\/2024\/01\/20\/daer-amenazo-a-los-dialoguistas-de-la-oposicion-no-van-a-poder-caminar-por-la-calle\/#primaryimage"},"thumbnailUrl":"https:\/\/diariotextual.com\/inicio\/wp-content\/uploads\/2022\/07\/daerhectorcara.jpg","datePublished":"2024-01-20T20:52:28+00:00","dateModified":"2024-01-20T23:31:30+00:00","breadcrumb":{"@id":"https:\/\/diariotextual.com\/inicio\/index.php\/2024\/01\/20\/daer-amenazo-a-los-dialoguistas-de-la-oposicion-no-van-a-poder-caminar-por-la-calle\/#breadcrumb"},"inLanguage":"es","potentialAction":[{"@type":"ReadAction","target":["https:\/\/diariotextual.com\/inicio\/index.php\/2024\/01\/20\/daer-amenazo-a-los-dialoguistas-de-la-oposicion-no-van-a-poder-caminar-por-la-calle\/"]}]},{"@type":"ImageObject","inLanguage":"es","@id":"https:\/\/diariotextual.com\/inicio\/index.php\/2024\/01\/20\/daer-amenazo-a-los-dialoguistas-de-la-oposicion-no-van-a-poder-caminar-por-la-calle\/#primaryimage","url":"https:\/\/diariotextual.com\/inicio\/wp-content\/uploads\/2022\/07\/daerhectorcara.jpg","contentUrl":"https:\/\/diariotextual.com\/inicio\/wp-content\/uploads\/2022\/07\/daerhectorcara.jpg","width":938,"height":527},{"@type":"BreadcrumbList","@id":"https:\/\/diariotextual.com\/inicio\/index.php\/2024\/01\/20\/daer-amenazo-a-los-dialoguistas-de-la-oposicion-no-van-a-poder-caminar-por-la-calle\/#breadcrumb","itemListElement":[{"@type":"ListItem","position":1,"name":"Portada","item":"https:\/\/diariotextual.com\/inicio\/"},{"@type":"ListItem","position":2,"name":"Daer amenaz\u00f3 a los \u201cdialoguistas\u201d de la oposici\u00f3n: \u201cNo van a poder caminar por la calle\u201d"}]},{"@type":"WebSite","@id":"https:\/\/diariotextual.com\/inicio\/#website","url":"https:\/\/diariotextual.com\/inicio\/","name":"Diario Textual","description":"","publisher":{"@id":"https:\/\/diariotextual.com\/inicio\/#organization"},"potentialAction":[{"@type":"SearchAction","target":{"@type":"EntryPoint","urlTemplate":"https:\/\/diariotextual.com\/inicio\/?s={search_term_string}"},"query-input":{"@type":"PropertyValueSpecification","valueRequired":true,"valueName":"search_term_string"}}],"inLanguage":"es"},{"@type":"Organization","@id":"https:\/\/diariotextual.com\/inicio\/#organization","name":"Diario Textual","url":"https:\/\/diariotextual.com\/inicio\/","logo":{"@type":"ImageObject","inLanguage":"es","@id":"https:\/\/diariotextual.com\/inicio\/#\/schema\/logo\/image\/","url":"https:\/\/diariotextual.com\/inicio\/wp-content\/uploads\/2023\/05\/logotextual1.jpg","contentUrl":"https:\/\/diariotextual.com\/inicio\/wp-content\/uploads\/2023\/05\/logotextual1.jpg","width":516,"height":76,"caption":"Diario Textual"},"image":{"@id":"https:\/\/diariotextual.com\/inicio\/#\/schema\/logo\/image\/"},"sameAs":["https:\/\/www.facebook.com\/eltextual","https:\/\/x.com\/eltextual","http:\/\/www.instagram.com\/eltextual"]},{"@type":"Person","@id":"https:\/\/diariotextual.com\/inicio\/#\/schema\/person\/418fc4093c33e86ed41562db3508f958","name":"Diario1 Diario1","image":{"@type":"ImageObject","inLanguage":"es","@id":"https:\/\/secure.gravatar.com\/avatar\/9167d280179c85bc18be67aa7eda765854300033af4896dd779b608640f2ef7a?s=96&d=mm&r=g","url":"https:\/\/secure.gravatar.com\/avatar\/9167d280179c85bc18be67aa7eda765854300033af4896dd779b608640f2ef7a?s=96&d=mm&r=g","contentUrl":"https:\/\/secure.gravatar.com\/avatar\/9167d280179c85bc18be67aa7eda765854300033af4896dd779b608640f2ef7a?s=96&d=mm&r=g","caption":"Diario1 Diario1"},"url":"https:\/\/diariotextual.com\/inicio\/index.php\/author\/diario1\/"}]}},"_links":{"self":[{"href":"https:\/\/diariotextual.com\/inicio\/index.php\/wp-json\/wp\/v2\/posts\/251588","targetHints":{"allow":["GET"]}}],"collection":[{"href":"https:\/\/diariotextual.com\/inicio\/index.php\/wp-json\/wp\/v2\/posts"}],"about":[{"href":"https:\/\/diariotextual.com\/inicio\/index.php\/wp-json\/wp\/v2\/types\/post"}],"author":[{"embeddable":true,"href":"https:\/\/diariotextual.com\/inicio\/index.php\/wp-json\/wp\/v2\/users\/3"}],"replies":[{"embeddable":true,"href":"https:\/\/diariotextual.com\/inicio\/index.php\/wp-json\/wp\/v2\/comments?post=251588"}],"version-history":[{"count":1,"href":"https:\/\/diariotextual.com\/inicio\/index.php\/wp-json\/wp\/v2\/posts\/251588\/revisions"}],"predecessor-version":[{"id":251589,"href":"https:\/\/diariotextual.com\/inicio\/index.php\/wp-json\/wp\/v2\/posts\/251588\/revisions\/251589"}],"wp:featuredmedia":[{"embeddable":true,"href":"https:\/\/diariotextual.com\/inicio\/index.php\/wp-json\/wp\/v2\/media\/194891"}],"wp:attachment":[{"href":"https:\/\/diariotextual.com\/inicio\/index.php\/wp-json\/wp\/v2\/media?parent=251588"}],"wp:term":[{"taxonomy":"category","embeddable":true,"href":"https:\/\/diariotextual.com\/inicio\/index.php\/wp-json\/wp\/v2\/categories?post=251588"},{"taxonomy":"post_tag","embeddable":true,"href":"https:\/\/diariotextual.com\/inicio\/index.php\/wp-json\/wp\/v2\/tags?post=251588"}],"curies":[{"name":"wp","href":"https:\/\/api.w.org\/{rel}","templated":true}]}}