{"id":251693,"date":"2024-01-22T07:02:28","date_gmt":"2024-01-22T10:02:28","guid":{"rendered":"https:\/\/diariotextual.com\/inicio\/?p=251693"},"modified":"2024-01-22T09:01:33","modified_gmt":"2024-01-22T12:01:33","slug":"bajo-la-batuta-de-marra-conformaron-el-partido-libertario-la-pampa-con-representantes","status":"publish","type":"post","link":"https:\/\/diariotextual.com\/inicio\/index.php\/2024\/01\/22\/bajo-la-batuta-de-marra-conformaron-el-partido-libertario-la-pampa-con-representantes\/","title":{"rendered":"Bajo la batuta de Marra, conformaron el Partido Libertario a nivel nacional: La Pampa, con representantes"},"content":{"rendered":"\n<p>El legislador porte\u00f1o Ramiro Marra fue designado presidente del Partido Libertario (PL), cuyo l\u00edder es Javier Milei, al conformarse oficialmente el espacio en ocho provincias,\u00a0<strong>con el objetivo de tener candidatos en el \u201c80% del pa\u00eds para el 2027\u201d.<\/strong> Por La Pampa, que en las \u00faltimas elecciones nacionales no pudo presentar candidatos por un error del partido, particip\u00f3 Luciano Ortiz.<br><br>Marra, legislador porte\u00f1o por La Libertad Avanza, encabez\u00f3 el encuentro realizado en la Ciudad de Buenos Aires, donde marc\u00f3 la necesidad de continuar el trabajo conjunto.<br><br><strong>\u201cLos objetivos del partido est\u00e1n en defender las ideas libertarias y apoyar al presidente Javier Milei<\/strong>\u201d, dijo en declaraciones a T\u00e9lam.<br><br>El encuentro tuvo<strong>\u00a0la participaci\u00f3n de referentes de los partidos libertarios de C\u00f3rdoba, Mendoza, Santa Fe, La Pampa y Catamarca,<\/strong>\u00a0que forman parte de La Libertad Avanza.<br><br><strong>\u201cLas puertas est\u00e1n abiertas para todas las provincias que quieran sumarse a este partido. Esperamos tener el 60% del pa\u00eds cubierto para 2025 y el 80% para 2027\u201d, dijo<\/strong>.<br><br><strong>\u201cEste es el resultado del trabajo comenzado en el 2017 en distintas provincias argentinas que ha consistido en la defensa genuina de las ideas de la libertad y del surgimiento de una figura en la que nos hemos visto absolutamente representados y a quien apoyamos desde el inicio de su carrera pol\u00edtica para marcar un parteaguas en la pol\u00edtica argentina que es Javier Milei, hoy Presidente de la Naci\u00f3n Argentina<\/strong>\u201d, dijo.<br><br>\u201cEstamos orgullosos de todo lo logrado hasta hoy en La Libertad Avanza, vamos a seguir construyendo el camino para que Argentina se convierta definitivamente en un pa\u00eds liberal de la mano del presidente Javier Milei. Reci\u00e9n estamos empezando\u201d, expres\u00f3.<br><br>Asistieron al encuentro Andr\u00e9s Ceferino Peralta, por C\u00f3rdoba; Jos\u00e9 Pedro Caviglia, por Mendoza; Silvia Adalgisa Malfesi, por Santa Fe; Luciano Marcos Ortiz, por La Pampa; y Jonathan Lencina, por Catamarca, adem\u00e1s de concejales, legisladores y diputados que representan al partido en sus distritos.<\/p>\n","protected":false},"excerpt":{"rendered":"<p>El legislador porte\u00f1o Ramiro Marra fue designado presidente del Partido Libertario (PL), cuyo l\u00edder es Javier Milei, al conformarse oficialmente el espacio en ocho provincias,\u00a0con el objetivo de tener candidatos&hellip;<\/p>\n","protected":false},"author":3,"featured_media":251694,"comment_status":"closed","ping_status":"open","sticky":false,"template":"","format":"standard","meta":{"_acf_changed":false,"footnotes":""},"categories":[1,8],"tags":[],"class_list":["post-251693","post","type-post","status-publish","format-standard","has-post-thumbnail","hentry","category-es-noticia","category-politica"],"acf":[],"yoast_head":"<!-- This site is optimized with the Yoast SEO plugin v27.5 - https:\/\/yoast.com\/product\/yoast-seo-wordpress\/ -->\n<title>Bajo la batuta de Marra, conformaron el Partido Libertario a nivel nacional: La Pampa, con representantes - Diario Textual<\/title>\n<meta name=\"robots\" content=\"index, follow, max-snippet:-1, max-image-preview:large, max-video-preview:-1\" \/>\n<link rel=\"canonical\" href=\"https:\/\/diariotextual.com\/inicio\/index.php\/2024\/01\/22\/bajo-la-batuta-de-marra-conformaron-el-partido-libertario-la-pampa-con-representantes\/\" \/>\n<meta property=\"og:locale\" content=\"es_ES\" \/>\n<meta property=\"og:type\" content=\"article\" \/>\n<meta property=\"og:title\" content=\"Bajo la batuta de Marra, conformaron el Partido Libertario a nivel nacional: La Pampa, con representantes - Diario Textual\" \/>\n<meta property=\"og:description\" content=\"El legislador porte\u00f1o Ramiro Marra fue designado presidente del Partido Libertario (PL), cuyo l\u00edder es Javier Milei, al conformarse oficialmente el espacio en ocho provincias,\u00a0con el objetivo de tener candidatos&hellip;\" \/>\n<meta property=\"og:url\" content=\"https:\/\/diariotextual.com\/inicio\/index.php\/2024\/01\/22\/bajo-la-batuta-de-marra-conformaron-el-partido-libertario-la-pampa-con-representantes\/\" \/>\n<meta property=\"og:site_name\" content=\"Diario Textual\" \/>\n<meta property=\"article:publisher\" content=\"https:\/\/www.facebook.com\/eltextual\" \/>\n<meta property=\"article:published_time\" content=\"2024-01-22T10:02:28+00:00\" \/>\n<meta property=\"article:modified_time\" content=\"2024-01-22T12:01:33+00:00\" \/>\n<meta property=\"og:image\" content=\"https:\/\/diariotextual.com\/inicio\/wp-content\/uploads\/2024\/01\/marraramirotelam2024-1.jpg\" \/>\n\t<meta property=\"og:image:width\" content=\"1200\" \/>\n\t<meta property=\"og:image:height\" content=\"675\" \/>\n\t<meta property=\"og:image:type\" content=\"image\/jpeg\" \/>\n<meta name=\"author\" content=\"Diario1 Diario1\" \/>\n<meta name=\"twitter:card\" content=\"summary_large_image\" \/>\n<meta name=\"twitter:creator\" content=\"@eltextual\" \/>\n<meta name=\"twitter:site\" content=\"@eltextual\" \/>\n<meta name=\"twitter:label1\" content=\"Escrito por\" \/>\n\t<meta name=\"twitter:data1\" content=\"Diario1 Diario1\" \/>\n\t<meta name=\"twitter:label2\" content=\"Tiempo de lectura\" \/>\n\t<meta name=\"twitter:data2\" content=\"2 minutos\" \/>\n<script type=\"application\/ld+json\" class=\"yoast-schema-graph\">{\"@context\":\"https:\\\/\\\/schema.org\",\"@graph\":[{\"@type\":\"Article\",\"@id\":\"https:\\\/\\\/diariotextual.com\\\/inicio\\\/index.php\\\/2024\\\/01\\\/22\\\/bajo-la-batuta-de-marra-conformaron-el-partido-libertario-la-pampa-con-representantes\\\/#article\",\"isPartOf\":{\"@id\":\"https:\\\/\\\/diariotextual.com\\\/inicio\\\/index.php\\\/2024\\\/01\\\/22\\\/bajo-la-batuta-de-marra-conformaron-el-partido-libertario-la-pampa-con-representantes\\\/\"},\"author\":{\"name\":\"Diario1 Diario1\",\"@id\":\"https:\\\/\\\/diariotextual.com\\\/inicio\\\/#\\\/schema\\\/person\\\/418fc4093c33e86ed41562db3508f958\"},\"headline\":\"Bajo la batuta de Marra, conformaron el Partido Libertario a nivel nacional: La Pampa, con representantes\",\"datePublished\":\"2024-01-22T10:02:28+00:00\",\"dateModified\":\"2024-01-22T12:01:33+00:00\",\"mainEntityOfPage\":{\"@id\":\"https:\\\/\\\/diariotextual.com\\\/inicio\\\/index.php\\\/2024\\\/01\\\/22\\\/bajo-la-batuta-de-marra-conformaron-el-partido-libertario-la-pampa-con-representantes\\\/\"},\"wordCount\":343,\"publisher\":{\"@id\":\"https:\\\/\\\/diariotextual.com\\\/inicio\\\/#organization\"},\"image\":{\"@id\":\"https:\\\/\\\/diariotextual.com\\\/inicio\\\/index.php\\\/2024\\\/01\\\/22\\\/bajo-la-batuta-de-marra-conformaron-el-partido-libertario-la-pampa-con-representantes\\\/#primaryimage\"},\"thumbnailUrl\":\"https:\\\/\\\/diariotextual.com\\\/inicio\\\/wp-content\\\/uploads\\\/2024\\\/01\\\/marraramirotelam2024-1.jpg\",\"articleSection\":[\"A - ES NOTICIA (van abajo)\",\"POLITICA\"],\"inLanguage\":\"es\"},{\"@type\":\"WebPage\",\"@id\":\"https:\\\/\\\/diariotextual.com\\\/inicio\\\/index.php\\\/2024\\\/01\\\/22\\\/bajo-la-batuta-de-marra-conformaron-el-partido-libertario-la-pampa-con-representantes\\\/\",\"url\":\"https:\\\/\\\/diariotextual.com\\\/inicio\\\/index.php\\\/2024\\\/01\\\/22\\\/bajo-la-batuta-de-marra-conformaron-el-partido-libertario-la-pampa-con-representantes\\\/\",\"name\":\"Bajo la batuta de Marra, conformaron el Partido Libertario a nivel nacional: La Pampa, con representantes - Diario Textual\",\"isPartOf\":{\"@id\":\"https:\\\/\\\/diariotextual.com\\\/inicio\\\/#website\"},\"primaryImageOfPage\":{\"@id\":\"https:\\\/\\\/diariotextual.com\\\/inicio\\\/index.php\\\/2024\\\/01\\\/22\\\/bajo-la-batuta-de-marra-conformaron-el-partido-libertario-la-pampa-con-representantes\\\/#primaryimage\"},\"image\":{\"@id\":\"https:\\\/\\\/diariotextual.com\\\/inicio\\\/index.php\\\/2024\\\/01\\\/22\\\/bajo-la-batuta-de-marra-conformaron-el-partido-libertario-la-pampa-con-representantes\\\/#primaryimage\"},\"thumbnailUrl\":\"https:\\\/\\\/diariotextual.com\\\/inicio\\\/wp-content\\\/uploads\\\/2024\\\/01\\\/marraramirotelam2024-1.jpg\",\"datePublished\":\"2024-01-22T10:02:28+00:00\",\"dateModified\":\"2024-01-22T12:01:33+00:00\",\"breadcrumb\":{\"@id\":\"https:\\\/\\\/diariotextual.com\\\/inicio\\\/index.php\\\/2024\\\/01\\\/22\\\/bajo-la-batuta-de-marra-conformaron-el-partido-libertario-la-pampa-con-representantes\\\/#breadcrumb\"},\"inLanguage\":\"es\",\"potentialAction\":[{\"@type\":\"ReadAction\",\"target\":[\"https:\\\/\\\/diariotextual.com\\\/inicio\\\/index.php\\\/2024\\\/01\\\/22\\\/bajo-la-batuta-de-marra-conformaron-el-partido-libertario-la-pampa-con-representantes\\\/\"]}]},{\"@type\":\"ImageObject\",\"inLanguage\":\"es\",\"@id\":\"https:\\\/\\\/diariotextual.com\\\/inicio\\\/index.php\\\/2024\\\/01\\\/22\\\/bajo-la-batuta-de-marra-conformaron-el-partido-libertario-la-pampa-con-representantes\\\/#primaryimage\",\"url\":\"https:\\\/\\\/diariotextual.com\\\/inicio\\\/wp-content\\\/uploads\\\/2024\\\/01\\\/marraramirotelam2024-1.jpg\",\"contentUrl\":\"https:\\\/\\\/diariotextual.com\\\/inicio\\\/wp-content\\\/uploads\\\/2024\\\/01\\\/marraramirotelam2024-1.jpg\",\"width\":1200,\"height\":675},{\"@type\":\"BreadcrumbList\",\"@id\":\"https:\\\/\\\/diariotextual.com\\\/inicio\\\/index.php\\\/2024\\\/01\\\/22\\\/bajo-la-batuta-de-marra-conformaron-el-partido-libertario-la-pampa-con-representantes\\\/#breadcrumb\",\"itemListElement\":[{\"@type\":\"ListItem\",\"position\":1,\"name\":\"Portada\",\"item\":\"https:\\\/\\\/diariotextual.com\\\/inicio\\\/\"},{\"@type\":\"ListItem\",\"position\":2,\"name\":\"Bajo la batuta de Marra, conformaron el Partido Libertario a nivel nacional: La Pampa, con representantes\"}]},{\"@type\":\"WebSite\",\"@id\":\"https:\\\/\\\/diariotextual.com\\\/inicio\\\/#website\",\"url\":\"https:\\\/\\\/diariotextual.com\\\/inicio\\\/\",\"name\":\"Diario Textual\",\"description\":\"\",\"publisher\":{\"@id\":\"https:\\\/\\\/diariotextual.com\\\/inicio\\\/#organization\"},\"potentialAction\":[{\"@type\":\"SearchAction\",\"target\":{\"@type\":\"EntryPoint\",\"urlTemplate\":\"https:\\\/\\\/diariotextual.com\\\/inicio\\\/?s={search_term_string}\"},\"query-input\":{\"@type\":\"PropertyValueSpecification\",\"valueRequired\":true,\"valueName\":\"search_term_string\"}}],\"inLanguage\":\"es\"},{\"@type\":\"Organization\",\"@id\":\"https:\\\/\\\/diariotextual.com\\\/inicio\\\/#organization\",\"name\":\"Diario Textual\",\"url\":\"https:\\\/\\\/diariotextual.com\\\/inicio\\\/\",\"logo\":{\"@type\":\"ImageObject\",\"inLanguage\":\"es\",\"@id\":\"https:\\\/\\\/diariotextual.com\\\/inicio\\\/#\\\/schema\\\/logo\\\/image\\\/\",\"url\":\"https:\\\/\\\/diariotextual.com\\\/inicio\\\/wp-content\\\/uploads\\\/2023\\\/05\\\/logotextual1.jpg\",\"contentUrl\":\"https:\\\/\\\/diariotextual.com\\\/inicio\\\/wp-content\\\/uploads\\\/2023\\\/05\\\/logotextual1.jpg\",\"width\":516,\"height\":76,\"caption\":\"Diario Textual\"},\"image\":{\"@id\":\"https:\\\/\\\/diariotextual.com\\\/inicio\\\/#\\\/schema\\\/logo\\\/image\\\/\"},\"sameAs\":[\"https:\\\/\\\/www.facebook.com\\\/eltextual\",\"https:\\\/\\\/x.com\\\/eltextual\",\"http:\\\/\\\/www.instagram.com\\\/eltextual\"]},{\"@type\":\"Person\",\"@id\":\"https:\\\/\\\/diariotextual.com\\\/inicio\\\/#\\\/schema\\\/person\\\/418fc4093c33e86ed41562db3508f958\",\"name\":\"Diario1 Diario1\",\"image\":{\"@type\":\"ImageObject\",\"inLanguage\":\"es\",\"@id\":\"https:\\\/\\\/secure.gravatar.com\\\/avatar\\\/9167d280179c85bc18be67aa7eda765854300033af4896dd779b608640f2ef7a?s=96&d=mm&r=g\",\"url\":\"https:\\\/\\\/secure.gravatar.com\\\/avatar\\\/9167d280179c85bc18be67aa7eda765854300033af4896dd779b608640f2ef7a?s=96&d=mm&r=g\",\"contentUrl\":\"https:\\\/\\\/secure.gravatar.com\\\/avatar\\\/9167d280179c85bc18be67aa7eda765854300033af4896dd779b608640f2ef7a?s=96&d=mm&r=g\",\"caption\":\"Diario1 Diario1\"},\"url\":\"https:\\\/\\\/diariotextual.com\\\/inicio\\\/index.php\\\/author\\\/diario1\\\/\"}]}<\/script>\n<!-- \/ Yoast SEO plugin. -->","yoast_head_json":{"title":"Bajo la batuta de Marra, conformaron el Partido Libertario a nivel nacional: La Pampa, con representantes - Diario Textual","robots":{"index":"index","follow":"follow","max-snippet":"max-snippet:-1","max-image-preview":"max-image-preview:large","max-video-preview":"max-video-preview:-1"},"canonical":"https:\/\/diariotextual.com\/inicio\/index.php\/2024\/01\/22\/bajo-la-batuta-de-marra-conformaron-el-partido-libertario-la-pampa-con-representantes\/","og_locale":"es_ES","og_type":"article","og_title":"Bajo la batuta de Marra, conformaron el Partido Libertario a nivel nacional: La Pampa, con representantes - Diario Textual","og_description":"El legislador porte\u00f1o Ramiro Marra fue designado presidente del Partido Libertario (PL), cuyo l\u00edder es Javier Milei, al conformarse oficialmente el espacio en ocho provincias,\u00a0con el objetivo de tener candidatos&hellip;","og_url":"https:\/\/diariotextual.com\/inicio\/index.php\/2024\/01\/22\/bajo-la-batuta-de-marra-conformaron-el-partido-libertario-la-pampa-con-representantes\/","og_site_name":"Diario Textual","article_publisher":"https:\/\/www.facebook.com\/eltextual","article_published_time":"2024-01-22T10:02:28+00:00","article_modified_time":"2024-01-22T12:01:33+00:00","og_image":[{"width":1200,"height":675,"url":"https:\/\/diariotextual.com\/inicio\/wp-content\/uploads\/2024\/01\/marraramirotelam2024-1.jpg","type":"image\/jpeg"}],"author":"Diario1 Diario1","twitter_card":"summary_large_image","twitter_creator":"@eltextual","twitter_site":"@eltextual","twitter_misc":{"Escrito por":"Diario1 Diario1","Tiempo de lectura":"2 minutos"},"schema":{"@context":"https:\/\/schema.org","@graph":[{"@type":"Article","@id":"https:\/\/diariotextual.com\/inicio\/index.php\/2024\/01\/22\/bajo-la-batuta-de-marra-conformaron-el-partido-libertario-la-pampa-con-representantes\/#article","isPartOf":{"@id":"https:\/\/diariotextual.com\/inicio\/index.php\/2024\/01\/22\/bajo-la-batuta-de-marra-conformaron-el-partido-libertario-la-pampa-con-representantes\/"},"author":{"name":"Diario1 Diario1","@id":"https:\/\/diariotextual.com\/inicio\/#\/schema\/person\/418fc4093c33e86ed41562db3508f958"},"headline":"Bajo la batuta de Marra, conformaron el Partido Libertario a nivel nacional: La Pampa, con representantes","datePublished":"2024-01-22T10:02:28+00:00","dateModified":"2024-01-22T12:01:33+00:00","mainEntityOfPage":{"@id":"https:\/\/diariotextual.com\/inicio\/index.php\/2024\/01\/22\/bajo-la-batuta-de-marra-conformaron-el-partido-libertario-la-pampa-con-representantes\/"},"wordCount":343,"publisher":{"@id":"https:\/\/diariotextual.com\/inicio\/#organization"},"image":{"@id":"https:\/\/diariotextual.com\/inicio\/index.php\/2024\/01\/22\/bajo-la-batuta-de-marra-conformaron-el-partido-libertario-la-pampa-con-representantes\/#primaryimage"},"thumbnailUrl":"https:\/\/diariotextual.com\/inicio\/wp-content\/uploads\/2024\/01\/marraramirotelam2024-1.jpg","articleSection":["A - ES NOTICIA (van abajo)","POLITICA"],"inLanguage":"es"},{"@type":"WebPage","@id":"https:\/\/diariotextual.com\/inicio\/index.php\/2024\/01\/22\/bajo-la-batuta-de-marra-conformaron-el-partido-libertario-la-pampa-con-representantes\/","url":"https:\/\/diariotextual.com\/inicio\/index.php\/2024\/01\/22\/bajo-la-batuta-de-marra-conformaron-el-partido-libertario-la-pampa-con-representantes\/","name":"Bajo la batuta de Marra, conformaron el Partido Libertario a nivel nacional: La Pampa, con representantes - Diario Textual","isPartOf":{"@id":"https:\/\/diariotextual.com\/inicio\/#website"},"primaryImageOfPage":{"@id":"https:\/\/diariotextual.com\/inicio\/index.php\/2024\/01\/22\/bajo-la-batuta-de-marra-conformaron-el-partido-libertario-la-pampa-con-representantes\/#primaryimage"},"image":{"@id":"https:\/\/diariotextual.com\/inicio\/index.php\/2024\/01\/22\/bajo-la-batuta-de-marra-conformaron-el-partido-libertario-la-pampa-con-representantes\/#primaryimage"},"thumbnailUrl":"https:\/\/diariotextual.com\/inicio\/wp-content\/uploads\/2024\/01\/marraramirotelam2024-1.jpg","datePublished":"2024-01-22T10:02:28+00:00","dateModified":"2024-01-22T12:01:33+00:00","breadcrumb":{"@id":"https:\/\/diariotextual.com\/inicio\/index.php\/2024\/01\/22\/bajo-la-batuta-de-marra-conformaron-el-partido-libertario-la-pampa-con-representantes\/#breadcrumb"},"inLanguage":"es","potentialAction":[{"@type":"ReadAction","target":["https:\/\/diariotextual.com\/inicio\/index.php\/2024\/01\/22\/bajo-la-batuta-de-marra-conformaron-el-partido-libertario-la-pampa-con-representantes\/"]}]},{"@type":"ImageObject","inLanguage":"es","@id":"https:\/\/diariotextual.com\/inicio\/index.php\/2024\/01\/22\/bajo-la-batuta-de-marra-conformaron-el-partido-libertario-la-pampa-con-representantes\/#primaryimage","url":"https:\/\/diariotextual.com\/inicio\/wp-content\/uploads\/2024\/01\/marraramirotelam2024-1.jpg","contentUrl":"https:\/\/diariotextual.com\/inicio\/wp-content\/uploads\/2024\/01\/marraramirotelam2024-1.jpg","width":1200,"height":675},{"@type":"BreadcrumbList","@id":"https:\/\/diariotextual.com\/inicio\/index.php\/2024\/01\/22\/bajo-la-batuta-de-marra-conformaron-el-partido-libertario-la-pampa-con-representantes\/#breadcrumb","itemListElement":[{"@type":"ListItem","position":1,"name":"Portada","item":"https:\/\/diariotextual.com\/inicio\/"},{"@type":"ListItem","position":2,"name":"Bajo la batuta de Marra, conformaron el Partido Libertario a nivel nacional: La Pampa, con representantes"}]},{"@type":"WebSite","@id":"https:\/\/diariotextual.com\/inicio\/#website","url":"https:\/\/diariotextual.com\/inicio\/","name":"Diario Textual","description":"","publisher":{"@id":"https:\/\/diariotextual.com\/inicio\/#organization"},"potentialAction":[{"@type":"SearchAction","target":{"@type":"EntryPoint","urlTemplate":"https:\/\/diariotextual.com\/inicio\/?s={search_term_string}"},"query-input":{"@type":"PropertyValueSpecification","valueRequired":true,"valueName":"search_term_string"}}],"inLanguage":"es"},{"@type":"Organization","@id":"https:\/\/diariotextual.com\/inicio\/#organization","name":"Diario Textual","url":"https:\/\/diariotextual.com\/inicio\/","logo":{"@type":"ImageObject","inLanguage":"es","@id":"https:\/\/diariotextual.com\/inicio\/#\/schema\/logo\/image\/","url":"https:\/\/diariotextual.com\/inicio\/wp-content\/uploads\/2023\/05\/logotextual1.jpg","contentUrl":"https:\/\/diariotextual.com\/inicio\/wp-content\/uploads\/2023\/05\/logotextual1.jpg","width":516,"height":76,"caption":"Diario Textual"},"image":{"@id":"https:\/\/diariotextual.com\/inicio\/#\/schema\/logo\/image\/"},"sameAs":["https:\/\/www.facebook.com\/eltextual","https:\/\/x.com\/eltextual","http:\/\/www.instagram.com\/eltextual"]},{"@type":"Person","@id":"https:\/\/diariotextual.com\/inicio\/#\/schema\/person\/418fc4093c33e86ed41562db3508f958","name":"Diario1 Diario1","image":{"@type":"ImageObject","inLanguage":"es","@id":"https:\/\/secure.gravatar.com\/avatar\/9167d280179c85bc18be67aa7eda765854300033af4896dd779b608640f2ef7a?s=96&d=mm&r=g","url":"https:\/\/secure.gravatar.com\/avatar\/9167d280179c85bc18be67aa7eda765854300033af4896dd779b608640f2ef7a?s=96&d=mm&r=g","contentUrl":"https:\/\/secure.gravatar.com\/avatar\/9167d280179c85bc18be67aa7eda765854300033af4896dd779b608640f2ef7a?s=96&d=mm&r=g","caption":"Diario1 Diario1"},"url":"https:\/\/diariotextual.com\/inicio\/index.php\/author\/diario1\/"}]}},"_links":{"self":[{"href":"https:\/\/diariotextual.com\/inicio\/index.php\/wp-json\/wp\/v2\/posts\/251693","targetHints":{"allow":["GET"]}}],"collection":[{"href":"https:\/\/diariotextual.com\/inicio\/index.php\/wp-json\/wp\/v2\/posts"}],"about":[{"href":"https:\/\/diariotextual.com\/inicio\/index.php\/wp-json\/wp\/v2\/types\/post"}],"author":[{"embeddable":true,"href":"https:\/\/diariotextual.com\/inicio\/index.php\/wp-json\/wp\/v2\/users\/3"}],"replies":[{"embeddable":true,"href":"https:\/\/diariotextual.com\/inicio\/index.php\/wp-json\/wp\/v2\/comments?post=251693"}],"version-history":[{"count":2,"href":"https:\/\/diariotextual.com\/inicio\/index.php\/wp-json\/wp\/v2\/posts\/251693\/revisions"}],"predecessor-version":[{"id":251696,"href":"https:\/\/diariotextual.com\/inicio\/index.php\/wp-json\/wp\/v2\/posts\/251693\/revisions\/251696"}],"wp:featuredmedia":[{"embeddable":true,"href":"https:\/\/diariotextual.com\/inicio\/index.php\/wp-json\/wp\/v2\/media\/251694"}],"wp:attachment":[{"href":"https:\/\/diariotextual.com\/inicio\/index.php\/wp-json\/wp\/v2\/media?parent=251693"}],"wp:term":[{"taxonomy":"category","embeddable":true,"href":"https:\/\/diariotextual.com\/inicio\/index.php\/wp-json\/wp\/v2\/categories?post=251693"},{"taxonomy":"post_tag","embeddable":true,"href":"https:\/\/diariotextual.com\/inicio\/index.php\/wp-json\/wp\/v2\/tags?post=251693"}],"curies":[{"name":"wp","href":"https:\/\/api.w.org\/{rel}","templated":true}]}}