{"id":251697,"date":"2024-01-22T07:16:35","date_gmt":"2024-01-22T10:16:35","guid":{"rendered":"https:\/\/diariotextual.com\/inicio\/?p=251697"},"modified":"2024-01-22T07:16:37","modified_gmt":"2024-01-22T10:16:37","slug":"francos-hable-con-varios-gobernadores-peronistas-y-no-descarto-que-le-pidan-a-sus-diputados-acompanar-la-ley-omnibus","status":"publish","type":"post","link":"https:\/\/diariotextual.com\/inicio\/index.php\/2024\/01\/22\/francos-hable-con-varios-gobernadores-peronistas-y-no-descarto-que-le-pidan-a-sus-diputados-acompanar-la-ley-omnibus\/","title":{"rendered":"Francos: \u201cHabl\u00e9 con varios gobernadores peronistas y no descarto que le pidan a sus diputados acompa\u00f1ar la Ley \u00d3mnibus\u201d"},"content":{"rendered":"\n<p><strong>Guillermo Francos<\/strong>, ministro del Interior, asegur\u00f3 que habl\u00f3 \u201ccon varios gobernadores peronistas\u201d y sostuvo que podr\u00edan pedir a sus legisladores apoyar las medidas de Javier Milei. <strong>\u201cNo descarto que les pidan a sus diputados acompa\u00f1ar la Ley \u00d3mnibus\u201d, sostuvo.<\/strong><\/p>\n\n\n\n<p>\u201cVamos avanzando. Las diferencias por ah\u00ed se advierten en la votaci\u00f3n. Sabemos que hay un bloque opositor kirchnerista que no est\u00e1 de acuerdo con la posici\u00f3n de nuestra propuesta\u201d. Y a\u00f1adi\u00f3: \u201cLa postura del Gobierno tiene que ver con m\u00e1s libertad y desregular. Creemos que con m\u00e1s libertad, la Argentina va a poder salir de esta depresi\u00f3n para convertirse en un pa\u00eds que exija inversi\u00f3n, desarrollo y m\u00e1s trabajo\u201d, dijo n di\u00e1logo con Ignacio Ortelli para el programa Si pasa, pasa (Radio Rivadavia).<\/p>\n\n\n\n<p>Adem\u00e1s, se refiri\u00f3 a la visita del presidente Javier Milei a Davos, donde dio un fuerte discurso en el que apunt\u00f3 contra el socialismo. \u201cEl Gobierno encontr\u00f3 en Davos una posici\u00f3n muy favorable con respecto al lineamiento que sigue el presidente, porque estamos planteando una ley que le interesa a los inversores que miran a la Argentina como una nueva posibilidad\u201d, dijo.<\/p>\n\n\n\n<p><\/p>\n","protected":false},"excerpt":{"rendered":"<p>Guillermo Francos, ministro del Interior, asegur\u00f3 que habl\u00f3 \u201ccon varios gobernadores peronistas\u201d y sostuvo que podr\u00edan pedir a sus legisladores apoyar las medidas de Javier Milei. \u201cNo descarto que les&hellip;<\/p>\n","protected":false},"author":3,"featured_media":246560,"comment_status":"closed","ping_status":"open","sticky":false,"template":"","format":"standard","meta":{"_acf_changed":false,"footnotes":""},"categories":[1,8],"tags":[],"class_list":["post-251697","post","type-post","status-publish","format-standard","has-post-thumbnail","hentry","category-es-noticia","category-politica"],"acf":[],"yoast_head":"<!-- This site is optimized with the Yoast SEO plugin v27.5 - https:\/\/yoast.com\/product\/yoast-seo-wordpress\/ -->\n<title>Francos: \u201cHabl\u00e9 con varios gobernadores peronistas y no descarto que le pidan a sus diputados acompa\u00f1ar la Ley \u00d3mnibus\u201d - Diario Textual<\/title>\n<meta name=\"robots\" content=\"index, follow, max-snippet:-1, max-image-preview:large, max-video-preview:-1\" \/>\n<link rel=\"canonical\" href=\"https:\/\/diariotextual.com\/inicio\/index.php\/2024\/01\/22\/francos-hable-con-varios-gobernadores-peronistas-y-no-descarto-que-le-pidan-a-sus-diputados-acompanar-la-ley-omnibus\/\" \/>\n<meta property=\"og:locale\" content=\"es_ES\" \/>\n<meta property=\"og:type\" content=\"article\" \/>\n<meta property=\"og:title\" content=\"Francos: \u201cHabl\u00e9 con varios gobernadores peronistas y no descarto que le pidan a sus diputados acompa\u00f1ar la Ley \u00d3mnibus\u201d - Diario Textual\" \/>\n<meta property=\"og:description\" content=\"Guillermo Francos, ministro del Interior, asegur\u00f3 que habl\u00f3 \u201ccon varios gobernadores peronistas\u201d y sostuvo que podr\u00edan pedir a sus legisladores apoyar las medidas de Javier Milei. \u201cNo descarto que les&hellip;\" \/>\n<meta property=\"og:url\" content=\"https:\/\/diariotextual.com\/inicio\/index.php\/2024\/01\/22\/francos-hable-con-varios-gobernadores-peronistas-y-no-descarto-que-le-pidan-a-sus-diputados-acompanar-la-ley-omnibus\/\" \/>\n<meta property=\"og:site_name\" content=\"Diario Textual\" \/>\n<meta property=\"article:publisher\" content=\"https:\/\/www.facebook.com\/eltextual\" \/>\n<meta property=\"article:published_time\" content=\"2024-01-22T10:16:35+00:00\" \/>\n<meta property=\"article:modified_time\" content=\"2024-01-22T10:16:37+00:00\" \/>\n<meta property=\"og:image\" content=\"https:\/\/diariotextual.com\/inicio\/wp-content\/uploads\/2023\/12\/francosguillermotelam2023-123.jpg\" \/>\n\t<meta property=\"og:image:width\" content=\"1200\" \/>\n\t<meta property=\"og:image:height\" content=\"675\" \/>\n\t<meta property=\"og:image:type\" content=\"image\/jpeg\" \/>\n<meta name=\"author\" content=\"Diario1 Diario1\" \/>\n<meta name=\"twitter:card\" content=\"summary_large_image\" \/>\n<meta name=\"twitter:creator\" content=\"@eltextual\" \/>\n<meta name=\"twitter:site\" content=\"@eltextual\" \/>\n<meta name=\"twitter:label1\" content=\"Escrito por\" \/>\n\t<meta name=\"twitter:data1\" content=\"Diario1 Diario1\" \/>\n\t<meta name=\"twitter:label2\" content=\"Tiempo de lectura\" \/>\n\t<meta name=\"twitter:data2\" content=\"2 minutos\" \/>\n<script type=\"application\/ld+json\" class=\"yoast-schema-graph\">{\"@context\":\"https:\\\/\\\/schema.org\",\"@graph\":[{\"@type\":\"Article\",\"@id\":\"https:\\\/\\\/diariotextual.com\\\/inicio\\\/index.php\\\/2024\\\/01\\\/22\\\/francos-hable-con-varios-gobernadores-peronistas-y-no-descarto-que-le-pidan-a-sus-diputados-acompanar-la-ley-omnibus\\\/#article\",\"isPartOf\":{\"@id\":\"https:\\\/\\\/diariotextual.com\\\/inicio\\\/index.php\\\/2024\\\/01\\\/22\\\/francos-hable-con-varios-gobernadores-peronistas-y-no-descarto-que-le-pidan-a-sus-diputados-acompanar-la-ley-omnibus\\\/\"},\"author\":{\"name\":\"Diario1 Diario1\",\"@id\":\"https:\\\/\\\/diariotextual.com\\\/inicio\\\/#\\\/schema\\\/person\\\/418fc4093c33e86ed41562db3508f958\"},\"headline\":\"Francos: \u201cHabl\u00e9 con varios gobernadores peronistas y no descarto que le pidan a sus diputados acompa\u00f1ar la Ley \u00d3mnibus\u201d\",\"datePublished\":\"2024-01-22T10:16:35+00:00\",\"dateModified\":\"2024-01-22T10:16:37+00:00\",\"mainEntityOfPage\":{\"@id\":\"https:\\\/\\\/diariotextual.com\\\/inicio\\\/index.php\\\/2024\\\/01\\\/22\\\/francos-hable-con-varios-gobernadores-peronistas-y-no-descarto-que-le-pidan-a-sus-diputados-acompanar-la-ley-omnibus\\\/\"},\"wordCount\":218,\"publisher\":{\"@id\":\"https:\\\/\\\/diariotextual.com\\\/inicio\\\/#organization\"},\"image\":{\"@id\":\"https:\\\/\\\/diariotextual.com\\\/inicio\\\/index.php\\\/2024\\\/01\\\/22\\\/francos-hable-con-varios-gobernadores-peronistas-y-no-descarto-que-le-pidan-a-sus-diputados-acompanar-la-ley-omnibus\\\/#primaryimage\"},\"thumbnailUrl\":\"https:\\\/\\\/diariotextual.com\\\/inicio\\\/wp-content\\\/uploads\\\/2023\\\/12\\\/francosguillermotelam2023-123.jpg\",\"articleSection\":[\"A - ES NOTICIA (van abajo)\",\"POLITICA\"],\"inLanguage\":\"es\"},{\"@type\":\"WebPage\",\"@id\":\"https:\\\/\\\/diariotextual.com\\\/inicio\\\/index.php\\\/2024\\\/01\\\/22\\\/francos-hable-con-varios-gobernadores-peronistas-y-no-descarto-que-le-pidan-a-sus-diputados-acompanar-la-ley-omnibus\\\/\",\"url\":\"https:\\\/\\\/diariotextual.com\\\/inicio\\\/index.php\\\/2024\\\/01\\\/22\\\/francos-hable-con-varios-gobernadores-peronistas-y-no-descarto-que-le-pidan-a-sus-diputados-acompanar-la-ley-omnibus\\\/\",\"name\":\"Francos: \u201cHabl\u00e9 con varios gobernadores peronistas y no descarto que le pidan a sus diputados acompa\u00f1ar la Ley \u00d3mnibus\u201d - Diario Textual\",\"isPartOf\":{\"@id\":\"https:\\\/\\\/diariotextual.com\\\/inicio\\\/#website\"},\"primaryImageOfPage\":{\"@id\":\"https:\\\/\\\/diariotextual.com\\\/inicio\\\/index.php\\\/2024\\\/01\\\/22\\\/francos-hable-con-varios-gobernadores-peronistas-y-no-descarto-que-le-pidan-a-sus-diputados-acompanar-la-ley-omnibus\\\/#primaryimage\"},\"image\":{\"@id\":\"https:\\\/\\\/diariotextual.com\\\/inicio\\\/index.php\\\/2024\\\/01\\\/22\\\/francos-hable-con-varios-gobernadores-peronistas-y-no-descarto-que-le-pidan-a-sus-diputados-acompanar-la-ley-omnibus\\\/#primaryimage\"},\"thumbnailUrl\":\"https:\\\/\\\/diariotextual.com\\\/inicio\\\/wp-content\\\/uploads\\\/2023\\\/12\\\/francosguillermotelam2023-123.jpg\",\"datePublished\":\"2024-01-22T10:16:35+00:00\",\"dateModified\":\"2024-01-22T10:16:37+00:00\",\"breadcrumb\":{\"@id\":\"https:\\\/\\\/diariotextual.com\\\/inicio\\\/index.php\\\/2024\\\/01\\\/22\\\/francos-hable-con-varios-gobernadores-peronistas-y-no-descarto-que-le-pidan-a-sus-diputados-acompanar-la-ley-omnibus\\\/#breadcrumb\"},\"inLanguage\":\"es\",\"potentialAction\":[{\"@type\":\"ReadAction\",\"target\":[\"https:\\\/\\\/diariotextual.com\\\/inicio\\\/index.php\\\/2024\\\/01\\\/22\\\/francos-hable-con-varios-gobernadores-peronistas-y-no-descarto-que-le-pidan-a-sus-diputados-acompanar-la-ley-omnibus\\\/\"]}]},{\"@type\":\"ImageObject\",\"inLanguage\":\"es\",\"@id\":\"https:\\\/\\\/diariotextual.com\\\/inicio\\\/index.php\\\/2024\\\/01\\\/22\\\/francos-hable-con-varios-gobernadores-peronistas-y-no-descarto-que-le-pidan-a-sus-diputados-acompanar-la-ley-omnibus\\\/#primaryimage\",\"url\":\"https:\\\/\\\/diariotextual.com\\\/inicio\\\/wp-content\\\/uploads\\\/2023\\\/12\\\/francosguillermotelam2023-123.jpg\",\"contentUrl\":\"https:\\\/\\\/diariotextual.com\\\/inicio\\\/wp-content\\\/uploads\\\/2023\\\/12\\\/francosguillermotelam2023-123.jpg\",\"width\":1200,\"height\":675},{\"@type\":\"BreadcrumbList\",\"@id\":\"https:\\\/\\\/diariotextual.com\\\/inicio\\\/index.php\\\/2024\\\/01\\\/22\\\/francos-hable-con-varios-gobernadores-peronistas-y-no-descarto-que-le-pidan-a-sus-diputados-acompanar-la-ley-omnibus\\\/#breadcrumb\",\"itemListElement\":[{\"@type\":\"ListItem\",\"position\":1,\"name\":\"Portada\",\"item\":\"https:\\\/\\\/diariotextual.com\\\/inicio\\\/\"},{\"@type\":\"ListItem\",\"position\":2,\"name\":\"Francos: \u201cHabl\u00e9 con varios gobernadores peronistas y no descarto que le pidan a sus diputados acompa\u00f1ar la Ley \u00d3mnibus\u201d\"}]},{\"@type\":\"WebSite\",\"@id\":\"https:\\\/\\\/diariotextual.com\\\/inicio\\\/#website\",\"url\":\"https:\\\/\\\/diariotextual.com\\\/inicio\\\/\",\"name\":\"Diario Textual\",\"description\":\"\",\"publisher\":{\"@id\":\"https:\\\/\\\/diariotextual.com\\\/inicio\\\/#organization\"},\"potentialAction\":[{\"@type\":\"SearchAction\",\"target\":{\"@type\":\"EntryPoint\",\"urlTemplate\":\"https:\\\/\\\/diariotextual.com\\\/inicio\\\/?s={search_term_string}\"},\"query-input\":{\"@type\":\"PropertyValueSpecification\",\"valueRequired\":true,\"valueName\":\"search_term_string\"}}],\"inLanguage\":\"es\"},{\"@type\":\"Organization\",\"@id\":\"https:\\\/\\\/diariotextual.com\\\/inicio\\\/#organization\",\"name\":\"Diario Textual\",\"url\":\"https:\\\/\\\/diariotextual.com\\\/inicio\\\/\",\"logo\":{\"@type\":\"ImageObject\",\"inLanguage\":\"es\",\"@id\":\"https:\\\/\\\/diariotextual.com\\\/inicio\\\/#\\\/schema\\\/logo\\\/image\\\/\",\"url\":\"https:\\\/\\\/diariotextual.com\\\/inicio\\\/wp-content\\\/uploads\\\/2023\\\/05\\\/logotextual1.jpg\",\"contentUrl\":\"https:\\\/\\\/diariotextual.com\\\/inicio\\\/wp-content\\\/uploads\\\/2023\\\/05\\\/logotextual1.jpg\",\"width\":516,\"height\":76,\"caption\":\"Diario Textual\"},\"image\":{\"@id\":\"https:\\\/\\\/diariotextual.com\\\/inicio\\\/#\\\/schema\\\/logo\\\/image\\\/\"},\"sameAs\":[\"https:\\\/\\\/www.facebook.com\\\/eltextual\",\"https:\\\/\\\/x.com\\\/eltextual\",\"http:\\\/\\\/www.instagram.com\\\/eltextual\"]},{\"@type\":\"Person\",\"@id\":\"https:\\\/\\\/diariotextual.com\\\/inicio\\\/#\\\/schema\\\/person\\\/418fc4093c33e86ed41562db3508f958\",\"name\":\"Diario1 Diario1\",\"image\":{\"@type\":\"ImageObject\",\"inLanguage\":\"es\",\"@id\":\"https:\\\/\\\/secure.gravatar.com\\\/avatar\\\/9167d280179c85bc18be67aa7eda765854300033af4896dd779b608640f2ef7a?s=96&d=mm&r=g\",\"url\":\"https:\\\/\\\/secure.gravatar.com\\\/avatar\\\/9167d280179c85bc18be67aa7eda765854300033af4896dd779b608640f2ef7a?s=96&d=mm&r=g\",\"contentUrl\":\"https:\\\/\\\/secure.gravatar.com\\\/avatar\\\/9167d280179c85bc18be67aa7eda765854300033af4896dd779b608640f2ef7a?s=96&d=mm&r=g\",\"caption\":\"Diario1 Diario1\"},\"url\":\"https:\\\/\\\/diariotextual.com\\\/inicio\\\/index.php\\\/author\\\/diario1\\\/\"}]}<\/script>\n<!-- \/ Yoast SEO plugin. -->","yoast_head_json":{"title":"Francos: \u201cHabl\u00e9 con varios gobernadores peronistas y no descarto que le pidan a sus diputados acompa\u00f1ar la Ley \u00d3mnibus\u201d - Diario Textual","robots":{"index":"index","follow":"follow","max-snippet":"max-snippet:-1","max-image-preview":"max-image-preview:large","max-video-preview":"max-video-preview:-1"},"canonical":"https:\/\/diariotextual.com\/inicio\/index.php\/2024\/01\/22\/francos-hable-con-varios-gobernadores-peronistas-y-no-descarto-que-le-pidan-a-sus-diputados-acompanar-la-ley-omnibus\/","og_locale":"es_ES","og_type":"article","og_title":"Francos: \u201cHabl\u00e9 con varios gobernadores peronistas y no descarto que le pidan a sus diputados acompa\u00f1ar la Ley \u00d3mnibus\u201d - Diario Textual","og_description":"Guillermo Francos, ministro del Interior, asegur\u00f3 que habl\u00f3 \u201ccon varios gobernadores peronistas\u201d y sostuvo que podr\u00edan pedir a sus legisladores apoyar las medidas de Javier Milei. \u201cNo descarto que les&hellip;","og_url":"https:\/\/diariotextual.com\/inicio\/index.php\/2024\/01\/22\/francos-hable-con-varios-gobernadores-peronistas-y-no-descarto-que-le-pidan-a-sus-diputados-acompanar-la-ley-omnibus\/","og_site_name":"Diario Textual","article_publisher":"https:\/\/www.facebook.com\/eltextual","article_published_time":"2024-01-22T10:16:35+00:00","article_modified_time":"2024-01-22T10:16:37+00:00","og_image":[{"width":1200,"height":675,"url":"https:\/\/diariotextual.com\/inicio\/wp-content\/uploads\/2023\/12\/francosguillermotelam2023-123.jpg","type":"image\/jpeg"}],"author":"Diario1 Diario1","twitter_card":"summary_large_image","twitter_creator":"@eltextual","twitter_site":"@eltextual","twitter_misc":{"Escrito por":"Diario1 Diario1","Tiempo de lectura":"2 minutos"},"schema":{"@context":"https:\/\/schema.org","@graph":[{"@type":"Article","@id":"https:\/\/diariotextual.com\/inicio\/index.php\/2024\/01\/22\/francos-hable-con-varios-gobernadores-peronistas-y-no-descarto-que-le-pidan-a-sus-diputados-acompanar-la-ley-omnibus\/#article","isPartOf":{"@id":"https:\/\/diariotextual.com\/inicio\/index.php\/2024\/01\/22\/francos-hable-con-varios-gobernadores-peronistas-y-no-descarto-que-le-pidan-a-sus-diputados-acompanar-la-ley-omnibus\/"},"author":{"name":"Diario1 Diario1","@id":"https:\/\/diariotextual.com\/inicio\/#\/schema\/person\/418fc4093c33e86ed41562db3508f958"},"headline":"Francos: \u201cHabl\u00e9 con varios gobernadores peronistas y no descarto que le pidan a sus diputados acompa\u00f1ar la Ley \u00d3mnibus\u201d","datePublished":"2024-01-22T10:16:35+00:00","dateModified":"2024-01-22T10:16:37+00:00","mainEntityOfPage":{"@id":"https:\/\/diariotextual.com\/inicio\/index.php\/2024\/01\/22\/francos-hable-con-varios-gobernadores-peronistas-y-no-descarto-que-le-pidan-a-sus-diputados-acompanar-la-ley-omnibus\/"},"wordCount":218,"publisher":{"@id":"https:\/\/diariotextual.com\/inicio\/#organization"},"image":{"@id":"https:\/\/diariotextual.com\/inicio\/index.php\/2024\/01\/22\/francos-hable-con-varios-gobernadores-peronistas-y-no-descarto-que-le-pidan-a-sus-diputados-acompanar-la-ley-omnibus\/#primaryimage"},"thumbnailUrl":"https:\/\/diariotextual.com\/inicio\/wp-content\/uploads\/2023\/12\/francosguillermotelam2023-123.jpg","articleSection":["A - ES NOTICIA (van abajo)","POLITICA"],"inLanguage":"es"},{"@type":"WebPage","@id":"https:\/\/diariotextual.com\/inicio\/index.php\/2024\/01\/22\/francos-hable-con-varios-gobernadores-peronistas-y-no-descarto-que-le-pidan-a-sus-diputados-acompanar-la-ley-omnibus\/","url":"https:\/\/diariotextual.com\/inicio\/index.php\/2024\/01\/22\/francos-hable-con-varios-gobernadores-peronistas-y-no-descarto-que-le-pidan-a-sus-diputados-acompanar-la-ley-omnibus\/","name":"Francos: \u201cHabl\u00e9 con varios gobernadores peronistas y no descarto que le pidan a sus diputados acompa\u00f1ar la Ley \u00d3mnibus\u201d - Diario Textual","isPartOf":{"@id":"https:\/\/diariotextual.com\/inicio\/#website"},"primaryImageOfPage":{"@id":"https:\/\/diariotextual.com\/inicio\/index.php\/2024\/01\/22\/francos-hable-con-varios-gobernadores-peronistas-y-no-descarto-que-le-pidan-a-sus-diputados-acompanar-la-ley-omnibus\/#primaryimage"},"image":{"@id":"https:\/\/diariotextual.com\/inicio\/index.php\/2024\/01\/22\/francos-hable-con-varios-gobernadores-peronistas-y-no-descarto-que-le-pidan-a-sus-diputados-acompanar-la-ley-omnibus\/#primaryimage"},"thumbnailUrl":"https:\/\/diariotextual.com\/inicio\/wp-content\/uploads\/2023\/12\/francosguillermotelam2023-123.jpg","datePublished":"2024-01-22T10:16:35+00:00","dateModified":"2024-01-22T10:16:37+00:00","breadcrumb":{"@id":"https:\/\/diariotextual.com\/inicio\/index.php\/2024\/01\/22\/francos-hable-con-varios-gobernadores-peronistas-y-no-descarto-que-le-pidan-a-sus-diputados-acompanar-la-ley-omnibus\/#breadcrumb"},"inLanguage":"es","potentialAction":[{"@type":"ReadAction","target":["https:\/\/diariotextual.com\/inicio\/index.php\/2024\/01\/22\/francos-hable-con-varios-gobernadores-peronistas-y-no-descarto-que-le-pidan-a-sus-diputados-acompanar-la-ley-omnibus\/"]}]},{"@type":"ImageObject","inLanguage":"es","@id":"https:\/\/diariotextual.com\/inicio\/index.php\/2024\/01\/22\/francos-hable-con-varios-gobernadores-peronistas-y-no-descarto-que-le-pidan-a-sus-diputados-acompanar-la-ley-omnibus\/#primaryimage","url":"https:\/\/diariotextual.com\/inicio\/wp-content\/uploads\/2023\/12\/francosguillermotelam2023-123.jpg","contentUrl":"https:\/\/diariotextual.com\/inicio\/wp-content\/uploads\/2023\/12\/francosguillermotelam2023-123.jpg","width":1200,"height":675},{"@type":"BreadcrumbList","@id":"https:\/\/diariotextual.com\/inicio\/index.php\/2024\/01\/22\/francos-hable-con-varios-gobernadores-peronistas-y-no-descarto-que-le-pidan-a-sus-diputados-acompanar-la-ley-omnibus\/#breadcrumb","itemListElement":[{"@type":"ListItem","position":1,"name":"Portada","item":"https:\/\/diariotextual.com\/inicio\/"},{"@type":"ListItem","position":2,"name":"Francos: \u201cHabl\u00e9 con varios gobernadores peronistas y no descarto que le pidan a sus diputados acompa\u00f1ar la Ley \u00d3mnibus\u201d"}]},{"@type":"WebSite","@id":"https:\/\/diariotextual.com\/inicio\/#website","url":"https:\/\/diariotextual.com\/inicio\/","name":"Diario Textual","description":"","publisher":{"@id":"https:\/\/diariotextual.com\/inicio\/#organization"},"potentialAction":[{"@type":"SearchAction","target":{"@type":"EntryPoint","urlTemplate":"https:\/\/diariotextual.com\/inicio\/?s={search_term_string}"},"query-input":{"@type":"PropertyValueSpecification","valueRequired":true,"valueName":"search_term_string"}}],"inLanguage":"es"},{"@type":"Organization","@id":"https:\/\/diariotextual.com\/inicio\/#organization","name":"Diario Textual","url":"https:\/\/diariotextual.com\/inicio\/","logo":{"@type":"ImageObject","inLanguage":"es","@id":"https:\/\/diariotextual.com\/inicio\/#\/schema\/logo\/image\/","url":"https:\/\/diariotextual.com\/inicio\/wp-content\/uploads\/2023\/05\/logotextual1.jpg","contentUrl":"https:\/\/diariotextual.com\/inicio\/wp-content\/uploads\/2023\/05\/logotextual1.jpg","width":516,"height":76,"caption":"Diario Textual"},"image":{"@id":"https:\/\/diariotextual.com\/inicio\/#\/schema\/logo\/image\/"},"sameAs":["https:\/\/www.facebook.com\/eltextual","https:\/\/x.com\/eltextual","http:\/\/www.instagram.com\/eltextual"]},{"@type":"Person","@id":"https:\/\/diariotextual.com\/inicio\/#\/schema\/person\/418fc4093c33e86ed41562db3508f958","name":"Diario1 Diario1","image":{"@type":"ImageObject","inLanguage":"es","@id":"https:\/\/secure.gravatar.com\/avatar\/9167d280179c85bc18be67aa7eda765854300033af4896dd779b608640f2ef7a?s=96&d=mm&r=g","url":"https:\/\/secure.gravatar.com\/avatar\/9167d280179c85bc18be67aa7eda765854300033af4896dd779b608640f2ef7a?s=96&d=mm&r=g","contentUrl":"https:\/\/secure.gravatar.com\/avatar\/9167d280179c85bc18be67aa7eda765854300033af4896dd779b608640f2ef7a?s=96&d=mm&r=g","caption":"Diario1 Diario1"},"url":"https:\/\/diariotextual.com\/inicio\/index.php\/author\/diario1\/"}]}},"_links":{"self":[{"href":"https:\/\/diariotextual.com\/inicio\/index.php\/wp-json\/wp\/v2\/posts\/251697","targetHints":{"allow":["GET"]}}],"collection":[{"href":"https:\/\/diariotextual.com\/inicio\/index.php\/wp-json\/wp\/v2\/posts"}],"about":[{"href":"https:\/\/diariotextual.com\/inicio\/index.php\/wp-json\/wp\/v2\/types\/post"}],"author":[{"embeddable":true,"href":"https:\/\/diariotextual.com\/inicio\/index.php\/wp-json\/wp\/v2\/users\/3"}],"replies":[{"embeddable":true,"href":"https:\/\/diariotextual.com\/inicio\/index.php\/wp-json\/wp\/v2\/comments?post=251697"}],"version-history":[{"count":2,"href":"https:\/\/diariotextual.com\/inicio\/index.php\/wp-json\/wp\/v2\/posts\/251697\/revisions"}],"predecessor-version":[{"id":251699,"href":"https:\/\/diariotextual.com\/inicio\/index.php\/wp-json\/wp\/v2\/posts\/251697\/revisions\/251699"}],"wp:featuredmedia":[{"embeddable":true,"href":"https:\/\/diariotextual.com\/inicio\/index.php\/wp-json\/wp\/v2\/media\/246560"}],"wp:attachment":[{"href":"https:\/\/diariotextual.com\/inicio\/index.php\/wp-json\/wp\/v2\/media?parent=251697"}],"wp:term":[{"taxonomy":"category","embeddable":true,"href":"https:\/\/diariotextual.com\/inicio\/index.php\/wp-json\/wp\/v2\/categories?post=251697"},{"taxonomy":"post_tag","embeddable":true,"href":"https:\/\/diariotextual.com\/inicio\/index.php\/wp-json\/wp\/v2\/tags?post=251697"}],"curies":[{"name":"wp","href":"https:\/\/api.w.org\/{rel}","templated":true}]}}