{"id":251700,"date":"2024-01-22T07:24:23","date_gmt":"2024-01-22T10:24:23","guid":{"rendered":"https:\/\/diariotextual.com\/inicio\/?p=251700"},"modified":"2024-01-23T17:50:20","modified_gmt":"2024-01-23T20:50:20","slug":"enero-caliente-la-politica-pampeana-a-full-no-se-tomo-vacaciones","status":"publish","type":"post","link":"https:\/\/diariotextual.com\/inicio\/index.php\/2024\/01\/22\/enero-caliente-la-politica-pampeana-a-full-no-se-tomo-vacaciones\/","title":{"rendered":"Enero caliente: la pol\u00edtica pampeana a full, no se tom\u00f3 vacaciones"},"content":{"rendered":"\n<h2 class=\"wp-block-heading\">Norberto G. Asquini<\/h2>\n\n\n\n<div style=\"height:100px\" aria-hidden=\"true\" class=\"wp-block-spacer\"><\/div>\n\n\n\n<p><br>La<strong> pol\u00edtica no se tom\u00f3 vacaciones <\/strong>este enero 2024, y no solo a nivel pa\u00eds, tambi\u00e9n en <strong>La Pampa<\/strong>, y en todos los \u00e1mbitos.<\/p>\n\n\n\n<p><br>La activaci\u00f3n pol\u00edtica es empujada por el <strong>hurac\u00e1n Milei <\/strong>que lo arrasa todo y no da respiro. <strong>Caputazo, DNU, Ley Omnibus. Megadevaluaci\u00f3n y desregulaci\u00f3n. Un shock liberal y ultraderechista sin anestesia. Improvisaci\u00f3n <\/strong>y precariedad en muchas de sus decisiones.<strong> Sobreactuaci\u00f3n<\/strong> y <strong>sobreideologizado<\/strong> como en el discurso de Davos. <strong>Desde diciembre el vendaval se lleva puesto todo. Y convirti\u00f3 a este enero en el m\u00e1s politizado de los que vivimos.<\/strong><\/p>\n\n\n\n<p><br>Y si la pol\u00edtica nacional est\u00e1 activada y encendida, intentando hacer pie en este terremoto en que se convirti\u00f3 Argentina, La Pampa no qued\u00f3 ajena.<strong> Todo est\u00e1 impregnado por el debate nacional<\/strong>, y est\u00e1n quienes viendo lo que se viene (o m\u00e1s bien suponiendo) empiezan a acomodarse.<\/p>\n\n\n\n<p><br>Una muestra de esa<strong> efervescencia <\/strong>estall\u00f3 este domingo mientras la gente pileteaba con<strong> el cruce entre el peronismo y los radicales sobre la postura frente a la gesti\u00f3n de Milei<\/strong>. El gobernador <strong>Sergio Ziliotto<\/strong> apur\u00f3 a los<strong> intendentes de Juntos por el Cambio <\/strong>para que<strong> le pidan cuentas a sus legisladores de lo que iban a votar;<\/strong> el senador<strong> Daniel Kroneberger <\/strong>sali\u00f3 a responderle en una <strong>destemplada declaraci\u00f3n<\/strong> (cuando se ha caracterizado por no ser muy punzante con el peronismo), que<strong> luego fue acompa\u00f1ada por el Comit\u00e9 Provincia; y luego lleg\u00f3 la r\u00e9plica de las espadas del gobernador, el senador Pablo Bensus\u00e1n y los ministros Pascual Fern\u00e1ndez y Antonio Curciarello.<\/strong><\/p>\n\n\n\n<p><br>En este escenario de enero caliente, el gobernador<strong> Ziliotto ha tomado un protagonismo nacional como ning\u00fan otro mandatario lo tuvo<\/strong>. Al menos de la dimensi\u00f3n que tiene frente a los ocho gobernadores peronistas que se mantuvieron en pie. Trabajando en t\u00e1ndem con el bonaerense Kicillof, es una de las voces m\u00e1s cr\u00edticas a Milei. <strong>Sabe que no hay, y tampoco espera, posibilidad de negociaci\u00f3n alguna.<\/strong> Las reformas del presidente son profundas y dejar\u00e1n muchas v\u00edctimas, aunque a todas les cueste reconocerlo que se van a convertir en una.<strong> Ziliotto se ha movido como figura de ese frente anti ajuste<\/strong>, tejiendo alianzas y alertando con un discurso contundente. Se reuni\u00f3 con gobernadores de la Patagonia, del peronismo, de las provincias petroleras y dio su aval al movimiento sindical para el paro del 24 de enero. Un paro en defensa propia.<\/p>\n\n\n\n<p><br><strong>El paro del 24 ser\u00e1 la principal marca pol\u00edtica de este enero politizado. <\/strong>La medida de fuerza m\u00e1s r\u00e1pida que se le ha planteado a un presidente. <strong>\u00bfEs oportunista? \u00bfEs apresurada? <\/strong>Ante la magnitud de las reformas planteadas por Milei, no queda otra. El mi\u00e9rcoles habr\u00e1 una movilizaci\u00f3n que marcar\u00e1 la temperatura social.<strong> La Pampa no le escapa a eso, los ojos tambi\u00e9n estar\u00e1n puestos en la plaza San Mart\u00edn de Santa Rosa.<\/strong><\/p>\n\n\n\n<p><br>Por su parte, el Congreso debate el decretazo y la pol\u00e9mica ley que le da superpoderes a un presidente. Los legisladores pampeanos tambi\u00e9n est\u00e1n en plena batalla. Comisiones en el Congreso, reuniones con sectores en La Pampa, encuentros con sus pares para fijar posici\u00f3n. Los tres peronistas (el senador Bensus\u00e1n y los diputados Mar\u00edn y Rauschenberber) ya plantearon en l\u00ednea con Ziliotto su rechazo total.<\/p>\n\n\n\n<p><strong>Los cinco dialoguistas de Juntos por el Cambio parecen querer tomar cierta distancia de las medidas, aunque se sabe que finalmente apoyar\u00e1n en general el DNU y la Ley Omnibus. <\/strong>Los radicales Kroneberger y Coli plantean alguna oposici\u00f3n, los del PRO Maquieyra y Huala alguna diferencia, el macrista Ardohain est\u00e1 m\u00e1s permeable. Ya se sabe d\u00f3nde terminar\u00e1n esos votos. Pondr\u00e1n alg\u00fan reparo, pero votar\u00e1n a favor.<\/p>\n\n\n\n<p><br><strong>La activaci\u00f3n nacional empuja a la local. <\/strong>En la C\u00e1mara de Diputados la oposici\u00f3n, ante el fifty-fifty en su integraci\u00f3n, que los empuja a so\u00f1ar con hacerle frente al peronismo, empezaron a unir fuerzas. A comienzos de enero hubo un encuentro de las tres bancadas y decidieron hacer fuerza en conjunto: los radicales (sobre todo los celestes que impulsan esta coalici\u00f3n legislativa), los del PRO y los de la agrupaci\u00f3n de Comunidad Organizada. Muchos dirigentes pusieron mala cara con el acercamiento a los de CO, que los han tratado de corruptos y vendidos. Otro sapo a tragarse.<\/p>\n\n\n\n<p><br><strong>Los intendentes tambi\u00e9n est\u00e1n movilizados. Algunos por dem\u00e1s. Luciano Di N\u00e1poli de Santa Rosa y Fernanda Alonso de Pico mostrando las cartas de que quieren ser candidatos a la gobernaci\u00f3n en 2027. <\/strong>Muy pronto, demasiado para pensar en ambiciones futuras cuando hay tantas urgencias que resolver. Y cuando <strong>los corre un ajuste que los dejar\u00e1 sin agua.<\/strong> <strong>Un grupo de intendentes se juntaron preocupados por la coparticipaci\u00f3n. <\/strong>Los concejales de los pueblos donde el peronismo es oposici\u00f3n parecen querer abroquelarse tambi\u00e9n a hacer fuerza en com\u00fan.<\/p>\n\n\n\n<p><br>Y si el hurac\u00e1n Milei empuja a la pol\u00edtica, esta tambi\u00e9n se retroalimenta en lo local con las internas.<strong> Toda estrategia hacia afuera implica tener en cuenta al adversario interno: en la UCR el sector de los intendentes y los azules frente a los celestes; en el PRO las dos alas amarillas; en el peronismo quienes quieren abrirse camino de cara a 2027.<\/strong><\/p>\n\n\n\n<p><br><strong>Los intendentes de Juntos por el Cambio (hay 28 radicales y 5 del PRO) ya marcaron la cancha.<\/strong> Hubo un encuentro en 25 de Mayo hace unos d\u00edas, continuidad de los planteados el a\u00f1o pasado. Son el nuevo factor de poder opositor, sobre todo en la UCR. El poder territorial empez\u00f3 a virar hacia el interior. Esto hizo que legisladores y dirigentes radicales, como nunca, comenzaran a visitarlos para hacerse la foto para sus redes. Intendentes con varios per\u00edodos en sus espaldas lo toman con gracia: nunca fueron tan requeridos como ahora. Son los nuevos tiempos en la oposici\u00f3n: hasta el presidente de la UCR, Guidugli, se destaca con sus planteos, cuando antes ese era un puesto casi decorativo.<\/p>\n\n\n\n<p><br>M\u00e1s all\u00e1 de quienes pueden irse de vacaciones, o tomarse unos d\u00edas<strong>, el cimbronazo de las reformas de Milei puso tambi\u00e9n en debate y obliga a tomar posici\u00f3n a colegios y cajas de profesionales, entidades rurales, farmac\u00e9uticos, sindicalistas, empresarios pymes, productores, c\u00e1maras, todos son de alguna manera afectados.<\/strong> Todos los \u00e1mbitos parecen sufrir de una u otra manera el golpe: productivo, cultural, social, deportivo.<\/p>\n\n\n\n<p><br>Enero es la muestra. Estamos ante un 2024 caliente en lo pol\u00edtico, y el a\u00f1o reci\u00e9n empieza.<\/p>\n\n\n\n<p><\/p>\n","protected":false},"excerpt":{"rendered":"<p>Norberto G. Asquini La pol\u00edtica no se tom\u00f3 vacaciones este enero 2024, y no solo a nivel pa\u00eds, tambi\u00e9n en La Pampa, y en todos los \u00e1mbitos. La activaci\u00f3n pol\u00edtica&hellip;<\/p>\n","protected":false},"author":3,"featured_media":87086,"comment_status":"closed","ping_status":"open","sticky":false,"template":"","format":"standard","meta":{"_acf_changed":false,"footnotes":""},"categories":[1,8],"tags":[],"class_list":["post-251700","post","type-post","status-publish","format-standard","has-post-thumbnail","hentry","category-es-noticia","category-politica"],"acf":[],"yoast_head":"<!-- This site is optimized with the Yoast SEO plugin v27.5 - https:\/\/yoast.com\/product\/yoast-seo-wordpress\/ -->\n<title>Enero caliente: la pol\u00edtica pampeana a full, no se tom\u00f3 vacaciones - Diario Textual<\/title>\n<meta name=\"robots\" content=\"index, follow, max-snippet:-1, max-image-preview:large, max-video-preview:-1\" \/>\n<link rel=\"canonical\" href=\"https:\/\/diariotextual.com\/inicio\/index.php\/2024\/01\/22\/enero-caliente-la-politica-pampeana-a-full-no-se-tomo-vacaciones\/\" \/>\n<meta property=\"og:locale\" content=\"es_ES\" \/>\n<meta property=\"og:type\" content=\"article\" \/>\n<meta property=\"og:title\" content=\"Enero caliente: la pol\u00edtica pampeana a full, no se tom\u00f3 vacaciones - Diario Textual\" \/>\n<meta property=\"og:description\" content=\"Norberto G. Asquini La pol\u00edtica no se tom\u00f3 vacaciones este enero 2024, y no solo a nivel pa\u00eds, tambi\u00e9n en La Pampa, y en todos los \u00e1mbitos. La activaci\u00f3n pol\u00edtica&hellip;\" \/>\n<meta property=\"og:url\" content=\"https:\/\/diariotextual.com\/inicio\/index.php\/2024\/01\/22\/enero-caliente-la-politica-pampeana-a-full-no-se-tomo-vacaciones\/\" \/>\n<meta property=\"og:site_name\" content=\"Diario Textual\" \/>\n<meta property=\"article:publisher\" content=\"https:\/\/www.facebook.com\/eltextual\" \/>\n<meta property=\"article:published_time\" content=\"2024-01-22T10:24:23+00:00\" \/>\n<meta property=\"article:modified_time\" content=\"2024-01-23T20:50:20+00:00\" \/>\n<meta property=\"og:image\" content=\"https:\/\/diariotextual.com\/inicio\/wp-content\/uploads\/2020\/04\/cacerolazo444.jpg\" \/>\n\t<meta property=\"og:image:width\" content=\"650\" \/>\n\t<meta property=\"og:image:height\" content=\"404\" \/>\n\t<meta property=\"og:image:type\" content=\"image\/jpeg\" \/>\n<meta name=\"author\" content=\"Diario1 Diario1\" \/>\n<meta name=\"twitter:card\" content=\"summary_large_image\" \/>\n<meta name=\"twitter:creator\" content=\"@eltextual\" \/>\n<meta name=\"twitter:site\" content=\"@eltextual\" \/>\n<meta name=\"twitter:label1\" content=\"Escrito por\" \/>\n\t<meta name=\"twitter:data1\" content=\"Diario1 Diario1\" \/>\n\t<meta name=\"twitter:label2\" content=\"Tiempo de lectura\" \/>\n\t<meta name=\"twitter:data2\" content=\"5 minutos\" \/>\n<script type=\"application\/ld+json\" class=\"yoast-schema-graph\">{\"@context\":\"https:\\\/\\\/schema.org\",\"@graph\":[{\"@type\":\"Article\",\"@id\":\"https:\\\/\\\/diariotextual.com\\\/inicio\\\/index.php\\\/2024\\\/01\\\/22\\\/enero-caliente-la-politica-pampeana-a-full-no-se-tomo-vacaciones\\\/#article\",\"isPartOf\":{\"@id\":\"https:\\\/\\\/diariotextual.com\\\/inicio\\\/index.php\\\/2024\\\/01\\\/22\\\/enero-caliente-la-politica-pampeana-a-full-no-se-tomo-vacaciones\\\/\"},\"author\":{\"name\":\"Diario1 Diario1\",\"@id\":\"https:\\\/\\\/diariotextual.com\\\/inicio\\\/#\\\/schema\\\/person\\\/418fc4093c33e86ed41562db3508f958\"},\"headline\":\"Enero caliente: la pol\u00edtica pampeana a full, no se tom\u00f3 vacaciones\",\"datePublished\":\"2024-01-22T10:24:23+00:00\",\"dateModified\":\"2024-01-23T20:50:20+00:00\",\"mainEntityOfPage\":{\"@id\":\"https:\\\/\\\/diariotextual.com\\\/inicio\\\/index.php\\\/2024\\\/01\\\/22\\\/enero-caliente-la-politica-pampeana-a-full-no-se-tomo-vacaciones\\\/\"},\"wordCount\":1128,\"publisher\":{\"@id\":\"https:\\\/\\\/diariotextual.com\\\/inicio\\\/#organization\"},\"image\":{\"@id\":\"https:\\\/\\\/diariotextual.com\\\/inicio\\\/index.php\\\/2024\\\/01\\\/22\\\/enero-caliente-la-politica-pampeana-a-full-no-se-tomo-vacaciones\\\/#primaryimage\"},\"thumbnailUrl\":\"https:\\\/\\\/diariotextual.com\\\/inicio\\\/wp-content\\\/uploads\\\/2020\\\/04\\\/cacerolazo444.jpg\",\"articleSection\":[\"A - ES NOTICIA (van abajo)\",\"POLITICA\"],\"inLanguage\":\"es\"},{\"@type\":\"WebPage\",\"@id\":\"https:\\\/\\\/diariotextual.com\\\/inicio\\\/index.php\\\/2024\\\/01\\\/22\\\/enero-caliente-la-politica-pampeana-a-full-no-se-tomo-vacaciones\\\/\",\"url\":\"https:\\\/\\\/diariotextual.com\\\/inicio\\\/index.php\\\/2024\\\/01\\\/22\\\/enero-caliente-la-politica-pampeana-a-full-no-se-tomo-vacaciones\\\/\",\"name\":\"Enero caliente: la pol\u00edtica pampeana a full, no se tom\u00f3 vacaciones - Diario Textual\",\"isPartOf\":{\"@id\":\"https:\\\/\\\/diariotextual.com\\\/inicio\\\/#website\"},\"primaryImageOfPage\":{\"@id\":\"https:\\\/\\\/diariotextual.com\\\/inicio\\\/index.php\\\/2024\\\/01\\\/22\\\/enero-caliente-la-politica-pampeana-a-full-no-se-tomo-vacaciones\\\/#primaryimage\"},\"image\":{\"@id\":\"https:\\\/\\\/diariotextual.com\\\/inicio\\\/index.php\\\/2024\\\/01\\\/22\\\/enero-caliente-la-politica-pampeana-a-full-no-se-tomo-vacaciones\\\/#primaryimage\"},\"thumbnailUrl\":\"https:\\\/\\\/diariotextual.com\\\/inicio\\\/wp-content\\\/uploads\\\/2020\\\/04\\\/cacerolazo444.jpg\",\"datePublished\":\"2024-01-22T10:24:23+00:00\",\"dateModified\":\"2024-01-23T20:50:20+00:00\",\"breadcrumb\":{\"@id\":\"https:\\\/\\\/diariotextual.com\\\/inicio\\\/index.php\\\/2024\\\/01\\\/22\\\/enero-caliente-la-politica-pampeana-a-full-no-se-tomo-vacaciones\\\/#breadcrumb\"},\"inLanguage\":\"es\",\"potentialAction\":[{\"@type\":\"ReadAction\",\"target\":[\"https:\\\/\\\/diariotextual.com\\\/inicio\\\/index.php\\\/2024\\\/01\\\/22\\\/enero-caliente-la-politica-pampeana-a-full-no-se-tomo-vacaciones\\\/\"]}]},{\"@type\":\"ImageObject\",\"inLanguage\":\"es\",\"@id\":\"https:\\\/\\\/diariotextual.com\\\/inicio\\\/index.php\\\/2024\\\/01\\\/22\\\/enero-caliente-la-politica-pampeana-a-full-no-se-tomo-vacaciones\\\/#primaryimage\",\"url\":\"https:\\\/\\\/diariotextual.com\\\/inicio\\\/wp-content\\\/uploads\\\/2020\\\/04\\\/cacerolazo444.jpg\",\"contentUrl\":\"https:\\\/\\\/diariotextual.com\\\/inicio\\\/wp-content\\\/uploads\\\/2020\\\/04\\\/cacerolazo444.jpg\",\"width\":650,\"height\":404},{\"@type\":\"BreadcrumbList\",\"@id\":\"https:\\\/\\\/diariotextual.com\\\/inicio\\\/index.php\\\/2024\\\/01\\\/22\\\/enero-caliente-la-politica-pampeana-a-full-no-se-tomo-vacaciones\\\/#breadcrumb\",\"itemListElement\":[{\"@type\":\"ListItem\",\"position\":1,\"name\":\"Portada\",\"item\":\"https:\\\/\\\/diariotextual.com\\\/inicio\\\/\"},{\"@type\":\"ListItem\",\"position\":2,\"name\":\"Enero caliente: la pol\u00edtica pampeana a full, no se tom\u00f3 vacaciones\"}]},{\"@type\":\"WebSite\",\"@id\":\"https:\\\/\\\/diariotextual.com\\\/inicio\\\/#website\",\"url\":\"https:\\\/\\\/diariotextual.com\\\/inicio\\\/\",\"name\":\"Diario Textual\",\"description\":\"\",\"publisher\":{\"@id\":\"https:\\\/\\\/diariotextual.com\\\/inicio\\\/#organization\"},\"potentialAction\":[{\"@type\":\"SearchAction\",\"target\":{\"@type\":\"EntryPoint\",\"urlTemplate\":\"https:\\\/\\\/diariotextual.com\\\/inicio\\\/?s={search_term_string}\"},\"query-input\":{\"@type\":\"PropertyValueSpecification\",\"valueRequired\":true,\"valueName\":\"search_term_string\"}}],\"inLanguage\":\"es\"},{\"@type\":\"Organization\",\"@id\":\"https:\\\/\\\/diariotextual.com\\\/inicio\\\/#organization\",\"name\":\"Diario Textual\",\"url\":\"https:\\\/\\\/diariotextual.com\\\/inicio\\\/\",\"logo\":{\"@type\":\"ImageObject\",\"inLanguage\":\"es\",\"@id\":\"https:\\\/\\\/diariotextual.com\\\/inicio\\\/#\\\/schema\\\/logo\\\/image\\\/\",\"url\":\"https:\\\/\\\/diariotextual.com\\\/inicio\\\/wp-content\\\/uploads\\\/2023\\\/05\\\/logotextual1.jpg\",\"contentUrl\":\"https:\\\/\\\/diariotextual.com\\\/inicio\\\/wp-content\\\/uploads\\\/2023\\\/05\\\/logotextual1.jpg\",\"width\":516,\"height\":76,\"caption\":\"Diario Textual\"},\"image\":{\"@id\":\"https:\\\/\\\/diariotextual.com\\\/inicio\\\/#\\\/schema\\\/logo\\\/image\\\/\"},\"sameAs\":[\"https:\\\/\\\/www.facebook.com\\\/eltextual\",\"https:\\\/\\\/x.com\\\/eltextual\",\"http:\\\/\\\/www.instagram.com\\\/eltextual\"]},{\"@type\":\"Person\",\"@id\":\"https:\\\/\\\/diariotextual.com\\\/inicio\\\/#\\\/schema\\\/person\\\/418fc4093c33e86ed41562db3508f958\",\"name\":\"Diario1 Diario1\",\"image\":{\"@type\":\"ImageObject\",\"inLanguage\":\"es\",\"@id\":\"https:\\\/\\\/secure.gravatar.com\\\/avatar\\\/9167d280179c85bc18be67aa7eda765854300033af4896dd779b608640f2ef7a?s=96&d=mm&r=g\",\"url\":\"https:\\\/\\\/secure.gravatar.com\\\/avatar\\\/9167d280179c85bc18be67aa7eda765854300033af4896dd779b608640f2ef7a?s=96&d=mm&r=g\",\"contentUrl\":\"https:\\\/\\\/secure.gravatar.com\\\/avatar\\\/9167d280179c85bc18be67aa7eda765854300033af4896dd779b608640f2ef7a?s=96&d=mm&r=g\",\"caption\":\"Diario1 Diario1\"},\"url\":\"https:\\\/\\\/diariotextual.com\\\/inicio\\\/index.php\\\/author\\\/diario1\\\/\"}]}<\/script>\n<!-- \/ Yoast SEO plugin. -->","yoast_head_json":{"title":"Enero caliente: la pol\u00edtica pampeana a full, no se tom\u00f3 vacaciones - Diario Textual","robots":{"index":"index","follow":"follow","max-snippet":"max-snippet:-1","max-image-preview":"max-image-preview:large","max-video-preview":"max-video-preview:-1"},"canonical":"https:\/\/diariotextual.com\/inicio\/index.php\/2024\/01\/22\/enero-caliente-la-politica-pampeana-a-full-no-se-tomo-vacaciones\/","og_locale":"es_ES","og_type":"article","og_title":"Enero caliente: la pol\u00edtica pampeana a full, no se tom\u00f3 vacaciones - Diario Textual","og_description":"Norberto G. Asquini La pol\u00edtica no se tom\u00f3 vacaciones este enero 2024, y no solo a nivel pa\u00eds, tambi\u00e9n en La Pampa, y en todos los \u00e1mbitos. La activaci\u00f3n pol\u00edtica&hellip;","og_url":"https:\/\/diariotextual.com\/inicio\/index.php\/2024\/01\/22\/enero-caliente-la-politica-pampeana-a-full-no-se-tomo-vacaciones\/","og_site_name":"Diario Textual","article_publisher":"https:\/\/www.facebook.com\/eltextual","article_published_time":"2024-01-22T10:24:23+00:00","article_modified_time":"2024-01-23T20:50:20+00:00","og_image":[{"width":650,"height":404,"url":"https:\/\/diariotextual.com\/inicio\/wp-content\/uploads\/2020\/04\/cacerolazo444.jpg","type":"image\/jpeg"}],"author":"Diario1 Diario1","twitter_card":"summary_large_image","twitter_creator":"@eltextual","twitter_site":"@eltextual","twitter_misc":{"Escrito por":"Diario1 Diario1","Tiempo de lectura":"5 minutos"},"schema":{"@context":"https:\/\/schema.org","@graph":[{"@type":"Article","@id":"https:\/\/diariotextual.com\/inicio\/index.php\/2024\/01\/22\/enero-caliente-la-politica-pampeana-a-full-no-se-tomo-vacaciones\/#article","isPartOf":{"@id":"https:\/\/diariotextual.com\/inicio\/index.php\/2024\/01\/22\/enero-caliente-la-politica-pampeana-a-full-no-se-tomo-vacaciones\/"},"author":{"name":"Diario1 Diario1","@id":"https:\/\/diariotextual.com\/inicio\/#\/schema\/person\/418fc4093c33e86ed41562db3508f958"},"headline":"Enero caliente: la pol\u00edtica pampeana a full, no se tom\u00f3 vacaciones","datePublished":"2024-01-22T10:24:23+00:00","dateModified":"2024-01-23T20:50:20+00:00","mainEntityOfPage":{"@id":"https:\/\/diariotextual.com\/inicio\/index.php\/2024\/01\/22\/enero-caliente-la-politica-pampeana-a-full-no-se-tomo-vacaciones\/"},"wordCount":1128,"publisher":{"@id":"https:\/\/diariotextual.com\/inicio\/#organization"},"image":{"@id":"https:\/\/diariotextual.com\/inicio\/index.php\/2024\/01\/22\/enero-caliente-la-politica-pampeana-a-full-no-se-tomo-vacaciones\/#primaryimage"},"thumbnailUrl":"https:\/\/diariotextual.com\/inicio\/wp-content\/uploads\/2020\/04\/cacerolazo444.jpg","articleSection":["A - ES NOTICIA (van abajo)","POLITICA"],"inLanguage":"es"},{"@type":"WebPage","@id":"https:\/\/diariotextual.com\/inicio\/index.php\/2024\/01\/22\/enero-caliente-la-politica-pampeana-a-full-no-se-tomo-vacaciones\/","url":"https:\/\/diariotextual.com\/inicio\/index.php\/2024\/01\/22\/enero-caliente-la-politica-pampeana-a-full-no-se-tomo-vacaciones\/","name":"Enero caliente: la pol\u00edtica pampeana a full, no se tom\u00f3 vacaciones - Diario Textual","isPartOf":{"@id":"https:\/\/diariotextual.com\/inicio\/#website"},"primaryImageOfPage":{"@id":"https:\/\/diariotextual.com\/inicio\/index.php\/2024\/01\/22\/enero-caliente-la-politica-pampeana-a-full-no-se-tomo-vacaciones\/#primaryimage"},"image":{"@id":"https:\/\/diariotextual.com\/inicio\/index.php\/2024\/01\/22\/enero-caliente-la-politica-pampeana-a-full-no-se-tomo-vacaciones\/#primaryimage"},"thumbnailUrl":"https:\/\/diariotextual.com\/inicio\/wp-content\/uploads\/2020\/04\/cacerolazo444.jpg","datePublished":"2024-01-22T10:24:23+00:00","dateModified":"2024-01-23T20:50:20+00:00","breadcrumb":{"@id":"https:\/\/diariotextual.com\/inicio\/index.php\/2024\/01\/22\/enero-caliente-la-politica-pampeana-a-full-no-se-tomo-vacaciones\/#breadcrumb"},"inLanguage":"es","potentialAction":[{"@type":"ReadAction","target":["https:\/\/diariotextual.com\/inicio\/index.php\/2024\/01\/22\/enero-caliente-la-politica-pampeana-a-full-no-se-tomo-vacaciones\/"]}]},{"@type":"ImageObject","inLanguage":"es","@id":"https:\/\/diariotextual.com\/inicio\/index.php\/2024\/01\/22\/enero-caliente-la-politica-pampeana-a-full-no-se-tomo-vacaciones\/#primaryimage","url":"https:\/\/diariotextual.com\/inicio\/wp-content\/uploads\/2020\/04\/cacerolazo444.jpg","contentUrl":"https:\/\/diariotextual.com\/inicio\/wp-content\/uploads\/2020\/04\/cacerolazo444.jpg","width":650,"height":404},{"@type":"BreadcrumbList","@id":"https:\/\/diariotextual.com\/inicio\/index.php\/2024\/01\/22\/enero-caliente-la-politica-pampeana-a-full-no-se-tomo-vacaciones\/#breadcrumb","itemListElement":[{"@type":"ListItem","position":1,"name":"Portada","item":"https:\/\/diariotextual.com\/inicio\/"},{"@type":"ListItem","position":2,"name":"Enero caliente: la pol\u00edtica pampeana a full, no se tom\u00f3 vacaciones"}]},{"@type":"WebSite","@id":"https:\/\/diariotextual.com\/inicio\/#website","url":"https:\/\/diariotextual.com\/inicio\/","name":"Diario Textual","description":"","publisher":{"@id":"https:\/\/diariotextual.com\/inicio\/#organization"},"potentialAction":[{"@type":"SearchAction","target":{"@type":"EntryPoint","urlTemplate":"https:\/\/diariotextual.com\/inicio\/?s={search_term_string}"},"query-input":{"@type":"PropertyValueSpecification","valueRequired":true,"valueName":"search_term_string"}}],"inLanguage":"es"},{"@type":"Organization","@id":"https:\/\/diariotextual.com\/inicio\/#organization","name":"Diario Textual","url":"https:\/\/diariotextual.com\/inicio\/","logo":{"@type":"ImageObject","inLanguage":"es","@id":"https:\/\/diariotextual.com\/inicio\/#\/schema\/logo\/image\/","url":"https:\/\/diariotextual.com\/inicio\/wp-content\/uploads\/2023\/05\/logotextual1.jpg","contentUrl":"https:\/\/diariotextual.com\/inicio\/wp-content\/uploads\/2023\/05\/logotextual1.jpg","width":516,"height":76,"caption":"Diario Textual"},"image":{"@id":"https:\/\/diariotextual.com\/inicio\/#\/schema\/logo\/image\/"},"sameAs":["https:\/\/www.facebook.com\/eltextual","https:\/\/x.com\/eltextual","http:\/\/www.instagram.com\/eltextual"]},{"@type":"Person","@id":"https:\/\/diariotextual.com\/inicio\/#\/schema\/person\/418fc4093c33e86ed41562db3508f958","name":"Diario1 Diario1","image":{"@type":"ImageObject","inLanguage":"es","@id":"https:\/\/secure.gravatar.com\/avatar\/9167d280179c85bc18be67aa7eda765854300033af4896dd779b608640f2ef7a?s=96&d=mm&r=g","url":"https:\/\/secure.gravatar.com\/avatar\/9167d280179c85bc18be67aa7eda765854300033af4896dd779b608640f2ef7a?s=96&d=mm&r=g","contentUrl":"https:\/\/secure.gravatar.com\/avatar\/9167d280179c85bc18be67aa7eda765854300033af4896dd779b608640f2ef7a?s=96&d=mm&r=g","caption":"Diario1 Diario1"},"url":"https:\/\/diariotextual.com\/inicio\/index.php\/author\/diario1\/"}]}},"_links":{"self":[{"href":"https:\/\/diariotextual.com\/inicio\/index.php\/wp-json\/wp\/v2\/posts\/251700","targetHints":{"allow":["GET"]}}],"collection":[{"href":"https:\/\/diariotextual.com\/inicio\/index.php\/wp-json\/wp\/v2\/posts"}],"about":[{"href":"https:\/\/diariotextual.com\/inicio\/index.php\/wp-json\/wp\/v2\/types\/post"}],"author":[{"embeddable":true,"href":"https:\/\/diariotextual.com\/inicio\/index.php\/wp-json\/wp\/v2\/users\/3"}],"replies":[{"embeddable":true,"href":"https:\/\/diariotextual.com\/inicio\/index.php\/wp-json\/wp\/v2\/comments?post=251700"}],"version-history":[{"count":3,"href":"https:\/\/diariotextual.com\/inicio\/index.php\/wp-json\/wp\/v2\/posts\/251700\/revisions"}],"predecessor-version":[{"id":251703,"href":"https:\/\/diariotextual.com\/inicio\/index.php\/wp-json\/wp\/v2\/posts\/251700\/revisions\/251703"}],"wp:featuredmedia":[{"embeddable":true,"href":"https:\/\/diariotextual.com\/inicio\/index.php\/wp-json\/wp\/v2\/media\/87086"}],"wp:attachment":[{"href":"https:\/\/diariotextual.com\/inicio\/index.php\/wp-json\/wp\/v2\/media?parent=251700"}],"wp:term":[{"taxonomy":"category","embeddable":true,"href":"https:\/\/diariotextual.com\/inicio\/index.php\/wp-json\/wp\/v2\/categories?post=251700"},{"taxonomy":"post_tag","embeddable":true,"href":"https:\/\/diariotextual.com\/inicio\/index.php\/wp-json\/wp\/v2\/tags?post=251700"}],"curies":[{"name":"wp","href":"https:\/\/api.w.org\/{rel}","templated":true}]}}