{"id":251714,"date":"2024-01-22T09:01:02","date_gmt":"2024-01-22T12:01:02","guid":{"rendered":"https:\/\/diariotextual.com\/inicio\/?p=251714"},"modified":"2024-01-23T14:19:52","modified_gmt":"2024-01-23T17:19:52","slug":"milei-replicar-la-inflacion-de-diciembre-seria-un-muy-buen-dato","status":"publish","type":"post","link":"https:\/\/diariotextual.com\/inicio\/index.php\/2024\/01\/22\/milei-replicar-la-inflacion-de-diciembre-seria-un-muy-buen-dato\/","title":{"rendered":"Milei: \u201cReplicar la inflaci\u00f3n de diciembre ser\u00eda un muy buen dato\u201d"},"content":{"rendered":"\n<p><strong>El presidente Javier Milei se refiri\u00f3 hoy a la inflaci\u00f3n<\/strong>&nbsp;y sostuvo que \u201cen enero, por las vacaciones, suben los precios\u201d, pero remarc\u00f3 que&nbsp;<strong>si se replica el 25 por ciento de diciembre ser\u00e1 \u201cun muy buen dato\u201d.<\/strong><\/p>\n\n\n\n<p>\u201cSi replicamos la inflaci\u00f3n del mes anterior ser\u00eda un muy buen dato\u2026&nbsp;<strong>de ah\u00ed para abajo todo para festejar.&nbsp;<\/strong>Replicar el mismo n\u00famero es el inicio del camino descendente de la inflaci\u00f3n\u201d, argument\u00f3 Milei en declaraciones a Rock &amp; Pop.<\/p>\n\n\n\n<p><strong>\u201cFrenamos la m\u00e1quina de emisi\u00f3n de dinero para evitar esa din\u00e1mica explosiva\u201d, agreg\u00f3<\/strong>&nbsp;sobre el incremento de los precios que se hab\u00eda iniciado antes de que asumiera y continu\u00f3 en estos d\u00edas.<\/p>\n\n\n\n<p><strong>Tambi\u00e9n fue consultado por el paro sindical del pr\u00f3ximo mi\u00e9rcoles<\/strong>, un d\u00eda antes de que se trate la ley \u00f3mnibus en Diputados. \u201c<strong>Hay dos Argentinas, una que se quiere quedar en el atraso, el pasado y la decadencia<\/strong>,&nbsp;en la que no se crean empleos privados desde 2011 y ten\u00e9s clavada la cifra en 6 millones<strong>, y otra que es la que vot\u00f3 las ideas de la libertad\u201d, dijo.<\/strong><\/p>\n\n\n\n<p>\u00bfCu\u00e1ndo saldr\u00e1n del cepo al d\u00f3lar? \u201c<strong>Nosotros vamos a estabilizar la econom\u00eda, en cuanto limpiemos el sobrante monetario y saneamos el Banco Central, vamos a liberar el mercado de cambios\u201d, respondi\u00f3.<\/strong><\/p>\n\n\n\n<p>Por otro lado,<strong>&nbsp;minimiz\u00f3 el incremento de la brecha entre el d\u00f3lar oficial y el blue y los financieros. \u201cHab\u00eda bajado muy r\u00e1pido la brecha, esa es la realidad\u201d<\/strong>, plante\u00f3. Y sobre los motivos de la suba de la brecha responsabiliz\u00f3 a las demoras de la oposici\u00f3n para tratar la ley \u00f3mnibus.<strong>&nbsp;\u201cEst\u00e1 impactando que los pol\u00edticos juegan a hacer sus picard\u00edas y defender sus tongos, est\u00e1n dispuestos a que el pa\u00eds reviente.&nbsp;<\/strong>No la ven por estar cegados ideol\u00f3gicamente y otros porque tienen tongos\u201d, dijo.<\/p>\n\n\n\n<p>Dijo que uno de los problemas del pa\u00eds son los bajos salarios. \u201cEl problema son los salarios, en Argentina son muy bajos, no necesariamente el problema son los precios\u201d, dijo. \u201cVenimos de un proceso populista y cuando exacerbas el consumo y castigas el ahorro y la inversi\u00f3n, no ten\u00e9s productividad y eso hace que haya sueldos miserables\u201d, subray\u00f3.<\/p>\n\n\n\n<p>\u201cEl populismo no sali\u00f3 gratis, tendr\u00edamos que tener ingresos doce veces m\u00e1s grandes, pero<br>creer que se puede arreglar esto imprimiendo billetes es enga\u00f1ar a la gente\u201d, se quej\u00f3 Milei.<\/p>\n","protected":false},"excerpt":{"rendered":"<p>El presidente Javier Milei se refiri\u00f3 hoy a la inflaci\u00f3n&nbsp;y sostuvo que \u201cen enero, por las vacaciones, suben los precios\u201d, pero remarc\u00f3 que&nbsp;si se replica el 25 por ciento de&hellip;<\/p>\n","protected":false},"author":3,"featured_media":245045,"comment_status":"closed","ping_status":"open","sticky":false,"template":"","format":"standard","meta":{"_acf_changed":false,"footnotes":""},"categories":[1,8],"tags":[],"class_list":["post-251714","post","type-post","status-publish","format-standard","has-post-thumbnail","hentry","category-es-noticia","category-politica"],"acf":[],"yoast_head":"<!-- This site is optimized with the Yoast SEO plugin v27.5 - https:\/\/yoast.com\/product\/yoast-seo-wordpress\/ -->\n<title>Milei: \u201cReplicar la inflaci\u00f3n de diciembre ser\u00eda un muy buen dato\u201d - Diario Textual<\/title>\n<meta name=\"robots\" content=\"index, follow, max-snippet:-1, max-image-preview:large, max-video-preview:-1\" \/>\n<link rel=\"canonical\" href=\"https:\/\/diariotextual.com\/inicio\/index.php\/2024\/01\/22\/milei-replicar-la-inflacion-de-diciembre-seria-un-muy-buen-dato\/\" \/>\n<meta property=\"og:locale\" content=\"es_ES\" \/>\n<meta property=\"og:type\" content=\"article\" \/>\n<meta property=\"og:title\" content=\"Milei: \u201cReplicar la inflaci\u00f3n de diciembre ser\u00eda un muy buen dato\u201d - Diario Textual\" \/>\n<meta property=\"og:description\" content=\"El presidente Javier Milei se refiri\u00f3 hoy a la inflaci\u00f3n&nbsp;y sostuvo que \u201cen enero, por las vacaciones, suben los precios\u201d, pero remarc\u00f3 que&nbsp;si se replica el 25 por ciento de&hellip;\" \/>\n<meta property=\"og:url\" content=\"https:\/\/diariotextual.com\/inicio\/index.php\/2024\/01\/22\/milei-replicar-la-inflacion-de-diciembre-seria-un-muy-buen-dato\/\" \/>\n<meta property=\"og:site_name\" content=\"Diario Textual\" \/>\n<meta property=\"article:publisher\" content=\"https:\/\/www.facebook.com\/eltextual\" \/>\n<meta property=\"article:published_time\" content=\"2024-01-22T12:01:02+00:00\" \/>\n<meta property=\"article:modified_time\" content=\"2024-01-23T17:19:52+00:00\" \/>\n<meta property=\"og:image\" content=\"https:\/\/diariotextual.com\/inicio\/wp-content\/uploads\/2023\/11\/mileijaviertelam2023-567.jpg\" \/>\n\t<meta property=\"og:image:width\" content=\"1200\" \/>\n\t<meta property=\"og:image:height\" content=\"675\" \/>\n\t<meta property=\"og:image:type\" content=\"image\/jpeg\" \/>\n<meta name=\"author\" content=\"Diario1 Diario1\" \/>\n<meta name=\"twitter:card\" content=\"summary_large_image\" \/>\n<meta name=\"twitter:creator\" content=\"@eltextual\" \/>\n<meta name=\"twitter:site\" content=\"@eltextual\" \/>\n<meta name=\"twitter:label1\" content=\"Escrito por\" \/>\n\t<meta name=\"twitter:data1\" content=\"Diario1 Diario1\" \/>\n\t<meta name=\"twitter:label2\" content=\"Tiempo de lectura\" \/>\n\t<meta name=\"twitter:data2\" content=\"2 minutos\" \/>\n<script type=\"application\/ld+json\" class=\"yoast-schema-graph\">{\"@context\":\"https:\\\/\\\/schema.org\",\"@graph\":[{\"@type\":\"Article\",\"@id\":\"https:\\\/\\\/diariotextual.com\\\/inicio\\\/index.php\\\/2024\\\/01\\\/22\\\/milei-replicar-la-inflacion-de-diciembre-seria-un-muy-buen-dato\\\/#article\",\"isPartOf\":{\"@id\":\"https:\\\/\\\/diariotextual.com\\\/inicio\\\/index.php\\\/2024\\\/01\\\/22\\\/milei-replicar-la-inflacion-de-diciembre-seria-un-muy-buen-dato\\\/\"},\"author\":{\"name\":\"Diario1 Diario1\",\"@id\":\"https:\\\/\\\/diariotextual.com\\\/inicio\\\/#\\\/schema\\\/person\\\/418fc4093c33e86ed41562db3508f958\"},\"headline\":\"Milei: \u201cReplicar la inflaci\u00f3n de diciembre ser\u00eda un muy buen dato\u201d\",\"datePublished\":\"2024-01-22T12:01:02+00:00\",\"dateModified\":\"2024-01-23T17:19:52+00:00\",\"mainEntityOfPage\":{\"@id\":\"https:\\\/\\\/diariotextual.com\\\/inicio\\\/index.php\\\/2024\\\/01\\\/22\\\/milei-replicar-la-inflacion-de-diciembre-seria-un-muy-buen-dato\\\/\"},\"wordCount\":436,\"publisher\":{\"@id\":\"https:\\\/\\\/diariotextual.com\\\/inicio\\\/#organization\"},\"image\":{\"@id\":\"https:\\\/\\\/diariotextual.com\\\/inicio\\\/index.php\\\/2024\\\/01\\\/22\\\/milei-replicar-la-inflacion-de-diciembre-seria-un-muy-buen-dato\\\/#primaryimage\"},\"thumbnailUrl\":\"https:\\\/\\\/diariotextual.com\\\/inicio\\\/wp-content\\\/uploads\\\/2023\\\/11\\\/mileijaviertelam2023-567.jpg\",\"articleSection\":[\"A - ES NOTICIA (van abajo)\",\"POLITICA\"],\"inLanguage\":\"es\"},{\"@type\":\"WebPage\",\"@id\":\"https:\\\/\\\/diariotextual.com\\\/inicio\\\/index.php\\\/2024\\\/01\\\/22\\\/milei-replicar-la-inflacion-de-diciembre-seria-un-muy-buen-dato\\\/\",\"url\":\"https:\\\/\\\/diariotextual.com\\\/inicio\\\/index.php\\\/2024\\\/01\\\/22\\\/milei-replicar-la-inflacion-de-diciembre-seria-un-muy-buen-dato\\\/\",\"name\":\"Milei: \u201cReplicar la inflaci\u00f3n de diciembre ser\u00eda un muy buen dato\u201d - Diario Textual\",\"isPartOf\":{\"@id\":\"https:\\\/\\\/diariotextual.com\\\/inicio\\\/#website\"},\"primaryImageOfPage\":{\"@id\":\"https:\\\/\\\/diariotextual.com\\\/inicio\\\/index.php\\\/2024\\\/01\\\/22\\\/milei-replicar-la-inflacion-de-diciembre-seria-un-muy-buen-dato\\\/#primaryimage\"},\"image\":{\"@id\":\"https:\\\/\\\/diariotextual.com\\\/inicio\\\/index.php\\\/2024\\\/01\\\/22\\\/milei-replicar-la-inflacion-de-diciembre-seria-un-muy-buen-dato\\\/#primaryimage\"},\"thumbnailUrl\":\"https:\\\/\\\/diariotextual.com\\\/inicio\\\/wp-content\\\/uploads\\\/2023\\\/11\\\/mileijaviertelam2023-567.jpg\",\"datePublished\":\"2024-01-22T12:01:02+00:00\",\"dateModified\":\"2024-01-23T17:19:52+00:00\",\"breadcrumb\":{\"@id\":\"https:\\\/\\\/diariotextual.com\\\/inicio\\\/index.php\\\/2024\\\/01\\\/22\\\/milei-replicar-la-inflacion-de-diciembre-seria-un-muy-buen-dato\\\/#breadcrumb\"},\"inLanguage\":\"es\",\"potentialAction\":[{\"@type\":\"ReadAction\",\"target\":[\"https:\\\/\\\/diariotextual.com\\\/inicio\\\/index.php\\\/2024\\\/01\\\/22\\\/milei-replicar-la-inflacion-de-diciembre-seria-un-muy-buen-dato\\\/\"]}]},{\"@type\":\"ImageObject\",\"inLanguage\":\"es\",\"@id\":\"https:\\\/\\\/diariotextual.com\\\/inicio\\\/index.php\\\/2024\\\/01\\\/22\\\/milei-replicar-la-inflacion-de-diciembre-seria-un-muy-buen-dato\\\/#primaryimage\",\"url\":\"https:\\\/\\\/diariotextual.com\\\/inicio\\\/wp-content\\\/uploads\\\/2023\\\/11\\\/mileijaviertelam2023-567.jpg\",\"contentUrl\":\"https:\\\/\\\/diariotextual.com\\\/inicio\\\/wp-content\\\/uploads\\\/2023\\\/11\\\/mileijaviertelam2023-567.jpg\",\"width\":1200,\"height\":675},{\"@type\":\"BreadcrumbList\",\"@id\":\"https:\\\/\\\/diariotextual.com\\\/inicio\\\/index.php\\\/2024\\\/01\\\/22\\\/milei-replicar-la-inflacion-de-diciembre-seria-un-muy-buen-dato\\\/#breadcrumb\",\"itemListElement\":[{\"@type\":\"ListItem\",\"position\":1,\"name\":\"Portada\",\"item\":\"https:\\\/\\\/diariotextual.com\\\/inicio\\\/\"},{\"@type\":\"ListItem\",\"position\":2,\"name\":\"Milei: \u201cReplicar la inflaci\u00f3n de diciembre ser\u00eda un muy buen dato\u201d\"}]},{\"@type\":\"WebSite\",\"@id\":\"https:\\\/\\\/diariotextual.com\\\/inicio\\\/#website\",\"url\":\"https:\\\/\\\/diariotextual.com\\\/inicio\\\/\",\"name\":\"Diario Textual\",\"description\":\"\",\"publisher\":{\"@id\":\"https:\\\/\\\/diariotextual.com\\\/inicio\\\/#organization\"},\"potentialAction\":[{\"@type\":\"SearchAction\",\"target\":{\"@type\":\"EntryPoint\",\"urlTemplate\":\"https:\\\/\\\/diariotextual.com\\\/inicio\\\/?s={search_term_string}\"},\"query-input\":{\"@type\":\"PropertyValueSpecification\",\"valueRequired\":true,\"valueName\":\"search_term_string\"}}],\"inLanguage\":\"es\"},{\"@type\":\"Organization\",\"@id\":\"https:\\\/\\\/diariotextual.com\\\/inicio\\\/#organization\",\"name\":\"Diario Textual\",\"url\":\"https:\\\/\\\/diariotextual.com\\\/inicio\\\/\",\"logo\":{\"@type\":\"ImageObject\",\"inLanguage\":\"es\",\"@id\":\"https:\\\/\\\/diariotextual.com\\\/inicio\\\/#\\\/schema\\\/logo\\\/image\\\/\",\"url\":\"https:\\\/\\\/diariotextual.com\\\/inicio\\\/wp-content\\\/uploads\\\/2023\\\/05\\\/logotextual1.jpg\",\"contentUrl\":\"https:\\\/\\\/diariotextual.com\\\/inicio\\\/wp-content\\\/uploads\\\/2023\\\/05\\\/logotextual1.jpg\",\"width\":516,\"height\":76,\"caption\":\"Diario Textual\"},\"image\":{\"@id\":\"https:\\\/\\\/diariotextual.com\\\/inicio\\\/#\\\/schema\\\/logo\\\/image\\\/\"},\"sameAs\":[\"https:\\\/\\\/www.facebook.com\\\/eltextual\",\"https:\\\/\\\/x.com\\\/eltextual\",\"http:\\\/\\\/www.instagram.com\\\/eltextual\"]},{\"@type\":\"Person\",\"@id\":\"https:\\\/\\\/diariotextual.com\\\/inicio\\\/#\\\/schema\\\/person\\\/418fc4093c33e86ed41562db3508f958\",\"name\":\"Diario1 Diario1\",\"image\":{\"@type\":\"ImageObject\",\"inLanguage\":\"es\",\"@id\":\"https:\\\/\\\/secure.gravatar.com\\\/avatar\\\/9167d280179c85bc18be67aa7eda765854300033af4896dd779b608640f2ef7a?s=96&d=mm&r=g\",\"url\":\"https:\\\/\\\/secure.gravatar.com\\\/avatar\\\/9167d280179c85bc18be67aa7eda765854300033af4896dd779b608640f2ef7a?s=96&d=mm&r=g\",\"contentUrl\":\"https:\\\/\\\/secure.gravatar.com\\\/avatar\\\/9167d280179c85bc18be67aa7eda765854300033af4896dd779b608640f2ef7a?s=96&d=mm&r=g\",\"caption\":\"Diario1 Diario1\"},\"url\":\"https:\\\/\\\/diariotextual.com\\\/inicio\\\/index.php\\\/author\\\/diario1\\\/\"}]}<\/script>\n<!-- \/ Yoast SEO plugin. -->","yoast_head_json":{"title":"Milei: \u201cReplicar la inflaci\u00f3n de diciembre ser\u00eda un muy buen dato\u201d - Diario Textual","robots":{"index":"index","follow":"follow","max-snippet":"max-snippet:-1","max-image-preview":"max-image-preview:large","max-video-preview":"max-video-preview:-1"},"canonical":"https:\/\/diariotextual.com\/inicio\/index.php\/2024\/01\/22\/milei-replicar-la-inflacion-de-diciembre-seria-un-muy-buen-dato\/","og_locale":"es_ES","og_type":"article","og_title":"Milei: \u201cReplicar la inflaci\u00f3n de diciembre ser\u00eda un muy buen dato\u201d - Diario Textual","og_description":"El presidente Javier Milei se refiri\u00f3 hoy a la inflaci\u00f3n&nbsp;y sostuvo que \u201cen enero, por las vacaciones, suben los precios\u201d, pero remarc\u00f3 que&nbsp;si se replica el 25 por ciento de&hellip;","og_url":"https:\/\/diariotextual.com\/inicio\/index.php\/2024\/01\/22\/milei-replicar-la-inflacion-de-diciembre-seria-un-muy-buen-dato\/","og_site_name":"Diario Textual","article_publisher":"https:\/\/www.facebook.com\/eltextual","article_published_time":"2024-01-22T12:01:02+00:00","article_modified_time":"2024-01-23T17:19:52+00:00","og_image":[{"width":1200,"height":675,"url":"https:\/\/diariotextual.com\/inicio\/wp-content\/uploads\/2023\/11\/mileijaviertelam2023-567.jpg","type":"image\/jpeg"}],"author":"Diario1 Diario1","twitter_card":"summary_large_image","twitter_creator":"@eltextual","twitter_site":"@eltextual","twitter_misc":{"Escrito por":"Diario1 Diario1","Tiempo de lectura":"2 minutos"},"schema":{"@context":"https:\/\/schema.org","@graph":[{"@type":"Article","@id":"https:\/\/diariotextual.com\/inicio\/index.php\/2024\/01\/22\/milei-replicar-la-inflacion-de-diciembre-seria-un-muy-buen-dato\/#article","isPartOf":{"@id":"https:\/\/diariotextual.com\/inicio\/index.php\/2024\/01\/22\/milei-replicar-la-inflacion-de-diciembre-seria-un-muy-buen-dato\/"},"author":{"name":"Diario1 Diario1","@id":"https:\/\/diariotextual.com\/inicio\/#\/schema\/person\/418fc4093c33e86ed41562db3508f958"},"headline":"Milei: \u201cReplicar la inflaci\u00f3n de diciembre ser\u00eda un muy buen dato\u201d","datePublished":"2024-01-22T12:01:02+00:00","dateModified":"2024-01-23T17:19:52+00:00","mainEntityOfPage":{"@id":"https:\/\/diariotextual.com\/inicio\/index.php\/2024\/01\/22\/milei-replicar-la-inflacion-de-diciembre-seria-un-muy-buen-dato\/"},"wordCount":436,"publisher":{"@id":"https:\/\/diariotextual.com\/inicio\/#organization"},"image":{"@id":"https:\/\/diariotextual.com\/inicio\/index.php\/2024\/01\/22\/milei-replicar-la-inflacion-de-diciembre-seria-un-muy-buen-dato\/#primaryimage"},"thumbnailUrl":"https:\/\/diariotextual.com\/inicio\/wp-content\/uploads\/2023\/11\/mileijaviertelam2023-567.jpg","articleSection":["A - ES NOTICIA (van abajo)","POLITICA"],"inLanguage":"es"},{"@type":"WebPage","@id":"https:\/\/diariotextual.com\/inicio\/index.php\/2024\/01\/22\/milei-replicar-la-inflacion-de-diciembre-seria-un-muy-buen-dato\/","url":"https:\/\/diariotextual.com\/inicio\/index.php\/2024\/01\/22\/milei-replicar-la-inflacion-de-diciembre-seria-un-muy-buen-dato\/","name":"Milei: \u201cReplicar la inflaci\u00f3n de diciembre ser\u00eda un muy buen dato\u201d - Diario Textual","isPartOf":{"@id":"https:\/\/diariotextual.com\/inicio\/#website"},"primaryImageOfPage":{"@id":"https:\/\/diariotextual.com\/inicio\/index.php\/2024\/01\/22\/milei-replicar-la-inflacion-de-diciembre-seria-un-muy-buen-dato\/#primaryimage"},"image":{"@id":"https:\/\/diariotextual.com\/inicio\/index.php\/2024\/01\/22\/milei-replicar-la-inflacion-de-diciembre-seria-un-muy-buen-dato\/#primaryimage"},"thumbnailUrl":"https:\/\/diariotextual.com\/inicio\/wp-content\/uploads\/2023\/11\/mileijaviertelam2023-567.jpg","datePublished":"2024-01-22T12:01:02+00:00","dateModified":"2024-01-23T17:19:52+00:00","breadcrumb":{"@id":"https:\/\/diariotextual.com\/inicio\/index.php\/2024\/01\/22\/milei-replicar-la-inflacion-de-diciembre-seria-un-muy-buen-dato\/#breadcrumb"},"inLanguage":"es","potentialAction":[{"@type":"ReadAction","target":["https:\/\/diariotextual.com\/inicio\/index.php\/2024\/01\/22\/milei-replicar-la-inflacion-de-diciembre-seria-un-muy-buen-dato\/"]}]},{"@type":"ImageObject","inLanguage":"es","@id":"https:\/\/diariotextual.com\/inicio\/index.php\/2024\/01\/22\/milei-replicar-la-inflacion-de-diciembre-seria-un-muy-buen-dato\/#primaryimage","url":"https:\/\/diariotextual.com\/inicio\/wp-content\/uploads\/2023\/11\/mileijaviertelam2023-567.jpg","contentUrl":"https:\/\/diariotextual.com\/inicio\/wp-content\/uploads\/2023\/11\/mileijaviertelam2023-567.jpg","width":1200,"height":675},{"@type":"BreadcrumbList","@id":"https:\/\/diariotextual.com\/inicio\/index.php\/2024\/01\/22\/milei-replicar-la-inflacion-de-diciembre-seria-un-muy-buen-dato\/#breadcrumb","itemListElement":[{"@type":"ListItem","position":1,"name":"Portada","item":"https:\/\/diariotextual.com\/inicio\/"},{"@type":"ListItem","position":2,"name":"Milei: \u201cReplicar la inflaci\u00f3n de diciembre ser\u00eda un muy buen dato\u201d"}]},{"@type":"WebSite","@id":"https:\/\/diariotextual.com\/inicio\/#website","url":"https:\/\/diariotextual.com\/inicio\/","name":"Diario Textual","description":"","publisher":{"@id":"https:\/\/diariotextual.com\/inicio\/#organization"},"potentialAction":[{"@type":"SearchAction","target":{"@type":"EntryPoint","urlTemplate":"https:\/\/diariotextual.com\/inicio\/?s={search_term_string}"},"query-input":{"@type":"PropertyValueSpecification","valueRequired":true,"valueName":"search_term_string"}}],"inLanguage":"es"},{"@type":"Organization","@id":"https:\/\/diariotextual.com\/inicio\/#organization","name":"Diario Textual","url":"https:\/\/diariotextual.com\/inicio\/","logo":{"@type":"ImageObject","inLanguage":"es","@id":"https:\/\/diariotextual.com\/inicio\/#\/schema\/logo\/image\/","url":"https:\/\/diariotextual.com\/inicio\/wp-content\/uploads\/2023\/05\/logotextual1.jpg","contentUrl":"https:\/\/diariotextual.com\/inicio\/wp-content\/uploads\/2023\/05\/logotextual1.jpg","width":516,"height":76,"caption":"Diario Textual"},"image":{"@id":"https:\/\/diariotextual.com\/inicio\/#\/schema\/logo\/image\/"},"sameAs":["https:\/\/www.facebook.com\/eltextual","https:\/\/x.com\/eltextual","http:\/\/www.instagram.com\/eltextual"]},{"@type":"Person","@id":"https:\/\/diariotextual.com\/inicio\/#\/schema\/person\/418fc4093c33e86ed41562db3508f958","name":"Diario1 Diario1","image":{"@type":"ImageObject","inLanguage":"es","@id":"https:\/\/secure.gravatar.com\/avatar\/9167d280179c85bc18be67aa7eda765854300033af4896dd779b608640f2ef7a?s=96&d=mm&r=g","url":"https:\/\/secure.gravatar.com\/avatar\/9167d280179c85bc18be67aa7eda765854300033af4896dd779b608640f2ef7a?s=96&d=mm&r=g","contentUrl":"https:\/\/secure.gravatar.com\/avatar\/9167d280179c85bc18be67aa7eda765854300033af4896dd779b608640f2ef7a?s=96&d=mm&r=g","caption":"Diario1 Diario1"},"url":"https:\/\/diariotextual.com\/inicio\/index.php\/author\/diario1\/"}]}},"_links":{"self":[{"href":"https:\/\/diariotextual.com\/inicio\/index.php\/wp-json\/wp\/v2\/posts\/251714","targetHints":{"allow":["GET"]}}],"collection":[{"href":"https:\/\/diariotextual.com\/inicio\/index.php\/wp-json\/wp\/v2\/posts"}],"about":[{"href":"https:\/\/diariotextual.com\/inicio\/index.php\/wp-json\/wp\/v2\/types\/post"}],"author":[{"embeddable":true,"href":"https:\/\/diariotextual.com\/inicio\/index.php\/wp-json\/wp\/v2\/users\/3"}],"replies":[{"embeddable":true,"href":"https:\/\/diariotextual.com\/inicio\/index.php\/wp-json\/wp\/v2\/comments?post=251714"}],"version-history":[{"count":2,"href":"https:\/\/diariotextual.com\/inicio\/index.php\/wp-json\/wp\/v2\/posts\/251714\/revisions"}],"predecessor-version":[{"id":251717,"href":"https:\/\/diariotextual.com\/inicio\/index.php\/wp-json\/wp\/v2\/posts\/251714\/revisions\/251717"}],"wp:featuredmedia":[{"embeddable":true,"href":"https:\/\/diariotextual.com\/inicio\/index.php\/wp-json\/wp\/v2\/media\/245045"}],"wp:attachment":[{"href":"https:\/\/diariotextual.com\/inicio\/index.php\/wp-json\/wp\/v2\/media?parent=251714"}],"wp:term":[{"taxonomy":"category","embeddable":true,"href":"https:\/\/diariotextual.com\/inicio\/index.php\/wp-json\/wp\/v2\/categories?post=251714"},{"taxonomy":"post_tag","embeddable":true,"href":"https:\/\/diariotextual.com\/inicio\/index.php\/wp-json\/wp\/v2\/tags?post=251714"}],"curies":[{"name":"wp","href":"https:\/\/api.w.org\/{rel}","templated":true}]}}