{"id":251749,"date":"2024-01-22T12:26:50","date_gmt":"2024-01-22T15:26:50","guid":{"rendered":"https:\/\/diariotextual.com\/inicio\/?p=251749"},"modified":"2024-01-23T09:41:44","modified_gmt":"2024-01-23T12:41:44","slug":"el-gobierno-envio-al-congreso-un-nuevo-proyecto-de-ley-omnibus-con-cambios","status":"publish","type":"post","link":"https:\/\/diariotextual.com\/inicio\/index.php\/2024\/01\/22\/el-gobierno-envio-al-congreso-un-nuevo-proyecto-de-ley-omnibus-con-cambios\/","title":{"rendered":"Ley \u00d3mnibus: uno por uno, todos los cambios que introdujo el Gobierno"},"content":{"rendered":"\n<p>El Gobierno nacional <strong>dio lugar a los reclamos de la oposici\u00f3n \u201cdialoguista\u201d y envi\u00f3 al Congreso un nuevo proyecto de Ley \u00d3mnibus <\/strong>que contempla modificaciones con intenci\u00f3n de aprobar el grueso de los cambios presentados. Seg\u00fan el documento al que accedi\u00f3 la agencia Noticias Argentinas, entre las principales variaciones, <strong>el Poder Ejecutivo acepta eliminar YPF del listado de empresas a privatizar y para las firmas Nucleoel\u00e9ctrica, Banco Naci\u00f3n y ARSAT se estableci\u00f3 que el Estado solamente puede realizar una privatizaci\u00f3n parcial<\/strong>, debiendo mantener el control de la empresa. <strong>Cap\u00edtulos como el de la salud mental, los cambios a la ley de sociedades, el traspaso de la Justicia nacional a CABA y parte de la reforma electoral salieron del articulado y se tratar\u00e1n en sesiones ordinarias.<\/strong><\/p>\n\n\n\n<div style=\"height:100px\" aria-hidden=\"true\" class=\"wp-block-spacer\"><\/div>\n\n\n\n<h2 class=\"wp-block-heading\">Delegaciones al Ejecutivo y emergencia Econ\u00f3mica<\/h2>\n\n\n\n<p><strong>El Gobierno acept\u00f3 reducir el plazo de la emergencia p\u00fablica en materia econ\u00f3mica,<\/strong>\u00a0financiera, fiscal, previsional, de seguridad, de salud, tarifaria, energ\u00e9tica y administrativa y de las delegaciones legislativas a\u00a0<strong>un a\u00f1o, con la posibilidad de prorrogarlas por un a\u00f1o m\u00e1s<\/strong>\u00a0con aprobaci\u00f3n del Congreso. El proyecto original establec\u00eda dos a\u00f1os con dos de pr\u00f3rroga.<\/p>\n\n\n\n<div style=\"height:100px\" aria-hidden=\"true\" class=\"wp-block-spacer\"><\/div>\n\n\n\n<h2 class=\"wp-block-heading\">Movilidad jubilatoria<\/h2>\n\n\n\n<p>Se dispuso que hasta marzo se va a mantener el ajuste trimestral bajo la f\u00f3rmula actual.\u00a0<strong>A partir de abril, habr\u00e1 una \u201cactualizaci\u00f3n autom\u00e1tica por inflaci\u00f3n mensual\u201d, en base al \u00faltimo dato de inflaci\u00f3n disponible del INDEC.<\/strong><\/p>\n\n\n\n<div style=\"height:100px\" aria-hidden=\"true\" class=\"wp-block-spacer\"><\/div>\n\n\n\n<h2 class=\"wp-block-heading\">Privatizaciones<\/h2>\n\n\n\n<p><strong>La petrolera estatal YPF qued\u00f3 fuera del listado<\/strong>&nbsp;de empresas a ser privatizadas.<\/p>\n\n\n\n<p>Para\u00a0<strong>Nucleoel\u00e9ctrica, Banco Naci\u00f3n y ARSAT<\/strong>\u00a0se estableci\u00f3 que el Estado solamente puede realizar una\u00a0<strong>privatizaci\u00f3n parcial<\/strong>, debiendo mantener el control de la empresa.<\/p>\n\n\n\n<div style=\"height:100px\" aria-hidden=\"true\" class=\"wp-block-spacer\"><\/div>\n\n\n\n<h2 class=\"wp-block-heading\">Reuniones de tres personas<\/h2>\n\n\n\n<p><strong>El Gobierno decidi\u00f3 eliminar el pol\u00e9mico art\u00edculo 331 de la ley \u00f3mnibus<\/strong>: establec\u00eda que se deb\u00eda pedir autorizaci\u00f3n para una manifestaci\u00f3n y defin\u00eda que se trataba de la \u201ccongregaci\u00f3n intencional y temporal de tres o m\u00e1s personas en un espacio p\u00fablico\u201d.<\/p>\n\n\n\n<div style=\"height:100px\" aria-hidden=\"true\" class=\"wp-block-spacer\"><\/div>\n\n\n\n<h2 class=\"wp-block-heading\">Reforma electoral<\/h2>\n\n\n\n<p>Los art\u00edculos se eliminaron del proyecto y se dar\u00e1 en sesiones ordinarias el debate de las circunscripciones uninominales, las\u00a0<strong>PASO\u00a0<\/strong>y la actualizaci\u00f3n de la composici\u00f3n de la C\u00e1mara de Diputados.<\/p>\n\n\n\n<div style=\"height:100px\" aria-hidden=\"true\" class=\"wp-block-spacer\"><\/div>\n\n\n\n<h2 class=\"wp-block-heading\">Blanqueo de capitales<\/h2>\n\n\n\n<p>En el nuevo proyecto se establece que los sujetos no residentes que adhieran al R\u00e9gimen de Regulaci\u00f3n de Activos no podr\u00e1n declarar bienes que se encuentren a nombre de terceros.&nbsp;<strong>Quedan excluidos del blanqueo los funcionarios que se hayan desempe\u00f1ado en el rol en los \u00faltimos 5 a\u00f1os.<\/strong><\/p>\n\n\n\n<p>Se establece que lo recaudado por Impuesto Especial de Regularizaci\u00f3n se destinar\u00e1 a la capitalizaci\u00f3n del Banco Central.<\/p>\n\n\n\n<div style=\"height:100px\" aria-hidden=\"true\" class=\"wp-block-spacer\"><\/div>\n\n\n\n<h2 class=\"wp-block-heading\">C\u00f3digo Civil y Comercial<\/h2>\n\n\n\n<p><strong>El Gobierno debi\u00f3 retirar su intenci\u00f3n de modificar sustancialmente el C\u00f3digo Civil y Comercial.<\/strong>&nbsp;Se eliminaron de la Ley las modificaciones a los art\u00edculos 804, 887, 888, 911, 912, 994, 1002, 1004, 1011, 1014, 1056, 1082, 1528, 1539, 1641, 1642, 1643, 1649, 1741, 1754, 1796, 2000, 2038, 2047, 2089, 2207, 2331, 2332, 2333, 2334, 2468, 2542 y 2546.<\/p>\n\n\n\n<p>Se mantiene el cap\u00edtulo de contratos \u201csolo a los fines de acrecentar la libertad econ\u00f3mica de las partes\u201d.<\/p>\n\n\n\n<div style=\"height:100px\" aria-hidden=\"true\" class=\"wp-block-spacer\"><\/div>\n\n\n\n<h2 class=\"wp-block-heading\">Retenciones a las econom\u00edas regionales<\/h2>\n\n\n\n<p>El nuevo proyecto establece en\u00a0<strong>0% las retenciones para las econom\u00edas regionales<\/strong>, un reclamo de los gobernadores.<\/p>\n\n\n\n<div style=\"height:100px\" aria-hidden=\"true\" class=\"wp-block-spacer\"><\/div>\n\n\n\n<h2 class=\"wp-block-heading\">Pesca<\/h2>\n\n\n\n<p><strong>Se retira la palabra \u201cinternacional\u201d del sistema de asignaci\u00f3n de cuotas pesqueras<\/strong>, que hab\u00eda generado el rechazo del sector y de los gobernadores patag\u00f3nicos.\u00a0<\/p>\n\n\n\n<div style=\"height:100px\" aria-hidden=\"true\" class=\"wp-block-spacer\"><\/div>\n\n\n\n<h2 class=\"wp-block-heading\">INCAA<\/h2>\n\n\n\n<p>Se deroga la modificaci\u00f3n del art\u00edculo 21 y\u00a0<strong>se mantiene la asignaci\u00f3n espec\u00edfica para el Instituto Nacional De Cine Y Artes Audiovisuales<\/strong>, que seguir\u00eda recibiendo un monto de recursos de manera autom\u00e1tica.<\/p>\n\n\n\n<div style=\"height:100px\" aria-hidden=\"true\" class=\"wp-block-spacer\"><\/div>\n\n\n\n<h2 class=\"wp-block-heading\">Fondo Nacional de las Artes<\/h2>\n\n\n\n<p><strong>Se deja de propiciar su cierre y se propone \u201cexplorar mecanismos para que su ecuaci\u00f3n econ\u00f3mica sea m\u00e1s favorable a la comunidad art\u00edstica\u201d<\/strong>. Los directores deber\u00e1n ser ad-honorem y los gastos no pueden representar m\u00e1s del 20% de sus ingresos.<\/p>\n\n\n\n<div style=\"height:100px\" aria-hidden=\"true\" class=\"wp-block-spacer\"><\/div>\n\n\n\n<h2 class=\"wp-block-heading\">INAMU y Conabip<\/h2>\n\n\n\n<p><strong>Se restringen los gastos del INAMU y Conabip\u00a0<\/strong>a que no sean mayores al 20% de sus ingresos, sin proponer otros cambios de estructura.<\/p>\n\n\n\n<div style=\"height:100px\" aria-hidden=\"true\" class=\"wp-block-spacer\"><\/div>\n\n\n\n<h2 class=\"wp-block-heading\">Medio ambiente<\/h2>\n\n\n\n<p><strong>Se elimina el art\u00edculo 497 que modificaba la Ley de Quema&nbsp;<\/strong>y se ampl\u00eda de 30 a 90 d\u00edas en el art\u00edculo 498 el plazo para que la Autoridad de Aplicaci\u00f3n autorice una quema.<\/p>\n\n\n\n<p>Se incorpor\u00f3 un art\u00edculo que&nbsp;<strong>garantiza los recursos para el Fondo de Bosques<\/strong>&nbsp;y se aclara en la ley de Glaciares las actividades prohibidas en la zona periglaciar.&nbsp;<\/p>\n\n\n\n<p><\/p>\n\n\n\n<p><\/p>\n","protected":false},"excerpt":{"rendered":"<p>El Gobierno nacional dio lugar a los reclamos de la oposici\u00f3n \u201cdialoguista\u201d y envi\u00f3 al Congreso un nuevo proyecto de Ley \u00d3mnibus que contempla modificaciones con intenci\u00f3n de aprobar el&hellip;<\/p>\n","protected":false},"author":5,"featured_media":249056,"comment_status":"closed","ping_status":"open","sticky":false,"template":"","format":"standard","meta":{"_acf_changed":false,"footnotes":""},"categories":[1,8],"tags":[80,6313],"class_list":["post-251749","post","type-post","status-publish","format-standard","has-post-thumbnail","hentry","category-es-noticia","category-politica","tag-congreso","tag-milei"],"acf":[],"yoast_head":"<!-- This site is optimized with the Yoast SEO plugin v27.5 - https:\/\/yoast.com\/product\/yoast-seo-wordpress\/ -->\n<title>Ley \u00d3mnibus: uno por uno, todos los cambios que introdujo el Gobierno - Diario Textual<\/title>\n<meta name=\"robots\" content=\"index, follow, max-snippet:-1, max-image-preview:large, max-video-preview:-1\" \/>\n<link rel=\"canonical\" href=\"https:\/\/diariotextual.com\/inicio\/index.php\/2024\/01\/22\/el-gobierno-envio-al-congreso-un-nuevo-proyecto-de-ley-omnibus-con-cambios\/\" \/>\n<meta property=\"og:locale\" content=\"es_ES\" \/>\n<meta property=\"og:type\" content=\"article\" \/>\n<meta property=\"og:title\" content=\"Ley \u00d3mnibus: uno por uno, todos los cambios que introdujo el Gobierno - Diario Textual\" \/>\n<meta property=\"og:description\" content=\"El Gobierno nacional dio lugar a los reclamos de la oposici\u00f3n \u201cdialoguista\u201d y envi\u00f3 al Congreso un nuevo proyecto de Ley \u00d3mnibus que contempla modificaciones con intenci\u00f3n de aprobar el&hellip;\" \/>\n<meta property=\"og:url\" content=\"https:\/\/diariotextual.com\/inicio\/index.php\/2024\/01\/22\/el-gobierno-envio-al-congreso-un-nuevo-proyecto-de-ley-omnibus-con-cambios\/\" \/>\n<meta property=\"og:site_name\" content=\"Diario Textual\" \/>\n<meta property=\"article:publisher\" content=\"https:\/\/www.facebook.com\/eltextual\" \/>\n<meta property=\"article:published_time\" content=\"2024-01-22T15:26:50+00:00\" \/>\n<meta property=\"article:modified_time\" content=\"2024-01-23T12:41:44+00:00\" \/>\n<meta property=\"og:image\" content=\"https:\/\/diariotextual.com\/inicio\/wp-content\/uploads\/2023\/12\/congresonacionaltelam2023-245.jpg\" \/>\n\t<meta property=\"og:image:width\" content=\"1100\" \/>\n\t<meta property=\"og:image:height\" content=\"619\" \/>\n\t<meta property=\"og:image:type\" content=\"image\/jpeg\" \/>\n<meta name=\"author\" content=\"diario3\" \/>\n<meta name=\"twitter:card\" content=\"summary_large_image\" \/>\n<meta name=\"twitter:creator\" content=\"@eltextual\" \/>\n<meta name=\"twitter:site\" content=\"@eltextual\" \/>\n<meta name=\"twitter:label1\" content=\"Escrito por\" \/>\n\t<meta name=\"twitter:data1\" content=\"diario3\" \/>\n\t<meta name=\"twitter:label2\" content=\"Tiempo de lectura\" \/>\n\t<meta name=\"twitter:data2\" content=\"4 minutos\" \/>\n<script type=\"application\/ld+json\" class=\"yoast-schema-graph\">{\"@context\":\"https:\\\/\\\/schema.org\",\"@graph\":[{\"@type\":\"Article\",\"@id\":\"https:\\\/\\\/diariotextual.com\\\/inicio\\\/index.php\\\/2024\\\/01\\\/22\\\/el-gobierno-envio-al-congreso-un-nuevo-proyecto-de-ley-omnibus-con-cambios\\\/#article\",\"isPartOf\":{\"@id\":\"https:\\\/\\\/diariotextual.com\\\/inicio\\\/index.php\\\/2024\\\/01\\\/22\\\/el-gobierno-envio-al-congreso-un-nuevo-proyecto-de-ley-omnibus-con-cambios\\\/\"},\"author\":{\"name\":\"diario3\",\"@id\":\"https:\\\/\\\/diariotextual.com\\\/inicio\\\/#\\\/schema\\\/person\\\/a1b6f563e0ee944c60f98119389a4d9f\"},\"headline\":\"Ley \u00d3mnibus: uno por uno, todos los cambios que introdujo el Gobierno\",\"datePublished\":\"2024-01-22T15:26:50+00:00\",\"dateModified\":\"2024-01-23T12:41:44+00:00\",\"mainEntityOfPage\":{\"@id\":\"https:\\\/\\\/diariotextual.com\\\/inicio\\\/index.php\\\/2024\\\/01\\\/22\\\/el-gobierno-envio-al-congreso-un-nuevo-proyecto-de-ley-omnibus-con-cambios\\\/\"},\"wordCount\":759,\"publisher\":{\"@id\":\"https:\\\/\\\/diariotextual.com\\\/inicio\\\/#organization\"},\"image\":{\"@id\":\"https:\\\/\\\/diariotextual.com\\\/inicio\\\/index.php\\\/2024\\\/01\\\/22\\\/el-gobierno-envio-al-congreso-un-nuevo-proyecto-de-ley-omnibus-con-cambios\\\/#primaryimage\"},\"thumbnailUrl\":\"https:\\\/\\\/diariotextual.com\\\/inicio\\\/wp-content\\\/uploads\\\/2023\\\/12\\\/congresonacionaltelam2023-245.jpg\",\"keywords\":[\"congreso\",\"milei\"],\"articleSection\":[\"A - ES NOTICIA (van abajo)\",\"POLITICA\"],\"inLanguage\":\"es\"},{\"@type\":\"WebPage\",\"@id\":\"https:\\\/\\\/diariotextual.com\\\/inicio\\\/index.php\\\/2024\\\/01\\\/22\\\/el-gobierno-envio-al-congreso-un-nuevo-proyecto-de-ley-omnibus-con-cambios\\\/\",\"url\":\"https:\\\/\\\/diariotextual.com\\\/inicio\\\/index.php\\\/2024\\\/01\\\/22\\\/el-gobierno-envio-al-congreso-un-nuevo-proyecto-de-ley-omnibus-con-cambios\\\/\",\"name\":\"Ley \u00d3mnibus: uno por uno, todos los cambios que introdujo el Gobierno - Diario Textual\",\"isPartOf\":{\"@id\":\"https:\\\/\\\/diariotextual.com\\\/inicio\\\/#website\"},\"primaryImageOfPage\":{\"@id\":\"https:\\\/\\\/diariotextual.com\\\/inicio\\\/index.php\\\/2024\\\/01\\\/22\\\/el-gobierno-envio-al-congreso-un-nuevo-proyecto-de-ley-omnibus-con-cambios\\\/#primaryimage\"},\"image\":{\"@id\":\"https:\\\/\\\/diariotextual.com\\\/inicio\\\/index.php\\\/2024\\\/01\\\/22\\\/el-gobierno-envio-al-congreso-un-nuevo-proyecto-de-ley-omnibus-con-cambios\\\/#primaryimage\"},\"thumbnailUrl\":\"https:\\\/\\\/diariotextual.com\\\/inicio\\\/wp-content\\\/uploads\\\/2023\\\/12\\\/congresonacionaltelam2023-245.jpg\",\"datePublished\":\"2024-01-22T15:26:50+00:00\",\"dateModified\":\"2024-01-23T12:41:44+00:00\",\"breadcrumb\":{\"@id\":\"https:\\\/\\\/diariotextual.com\\\/inicio\\\/index.php\\\/2024\\\/01\\\/22\\\/el-gobierno-envio-al-congreso-un-nuevo-proyecto-de-ley-omnibus-con-cambios\\\/#breadcrumb\"},\"inLanguage\":\"es\",\"potentialAction\":[{\"@type\":\"ReadAction\",\"target\":[\"https:\\\/\\\/diariotextual.com\\\/inicio\\\/index.php\\\/2024\\\/01\\\/22\\\/el-gobierno-envio-al-congreso-un-nuevo-proyecto-de-ley-omnibus-con-cambios\\\/\"]}]},{\"@type\":\"ImageObject\",\"inLanguage\":\"es\",\"@id\":\"https:\\\/\\\/diariotextual.com\\\/inicio\\\/index.php\\\/2024\\\/01\\\/22\\\/el-gobierno-envio-al-congreso-un-nuevo-proyecto-de-ley-omnibus-con-cambios\\\/#primaryimage\",\"url\":\"https:\\\/\\\/diariotextual.com\\\/inicio\\\/wp-content\\\/uploads\\\/2023\\\/12\\\/congresonacionaltelam2023-245.jpg\",\"contentUrl\":\"https:\\\/\\\/diariotextual.com\\\/inicio\\\/wp-content\\\/uploads\\\/2023\\\/12\\\/congresonacionaltelam2023-245.jpg\",\"width\":1100,\"height\":619},{\"@type\":\"BreadcrumbList\",\"@id\":\"https:\\\/\\\/diariotextual.com\\\/inicio\\\/index.php\\\/2024\\\/01\\\/22\\\/el-gobierno-envio-al-congreso-un-nuevo-proyecto-de-ley-omnibus-con-cambios\\\/#breadcrumb\",\"itemListElement\":[{\"@type\":\"ListItem\",\"position\":1,\"name\":\"Portada\",\"item\":\"https:\\\/\\\/diariotextual.com\\\/inicio\\\/\"},{\"@type\":\"ListItem\",\"position\":2,\"name\":\"Ley \u00d3mnibus: uno por uno, todos los cambios que introdujo el Gobierno\"}]},{\"@type\":\"WebSite\",\"@id\":\"https:\\\/\\\/diariotextual.com\\\/inicio\\\/#website\",\"url\":\"https:\\\/\\\/diariotextual.com\\\/inicio\\\/\",\"name\":\"Diario Textual\",\"description\":\"\",\"publisher\":{\"@id\":\"https:\\\/\\\/diariotextual.com\\\/inicio\\\/#organization\"},\"potentialAction\":[{\"@type\":\"SearchAction\",\"target\":{\"@type\":\"EntryPoint\",\"urlTemplate\":\"https:\\\/\\\/diariotextual.com\\\/inicio\\\/?s={search_term_string}\"},\"query-input\":{\"@type\":\"PropertyValueSpecification\",\"valueRequired\":true,\"valueName\":\"search_term_string\"}}],\"inLanguage\":\"es\"},{\"@type\":\"Organization\",\"@id\":\"https:\\\/\\\/diariotextual.com\\\/inicio\\\/#organization\",\"name\":\"Diario Textual\",\"url\":\"https:\\\/\\\/diariotextual.com\\\/inicio\\\/\",\"logo\":{\"@type\":\"ImageObject\",\"inLanguage\":\"es\",\"@id\":\"https:\\\/\\\/diariotextual.com\\\/inicio\\\/#\\\/schema\\\/logo\\\/image\\\/\",\"url\":\"https:\\\/\\\/diariotextual.com\\\/inicio\\\/wp-content\\\/uploads\\\/2023\\\/05\\\/logotextual1.jpg\",\"contentUrl\":\"https:\\\/\\\/diariotextual.com\\\/inicio\\\/wp-content\\\/uploads\\\/2023\\\/05\\\/logotextual1.jpg\",\"width\":516,\"height\":76,\"caption\":\"Diario Textual\"},\"image\":{\"@id\":\"https:\\\/\\\/diariotextual.com\\\/inicio\\\/#\\\/schema\\\/logo\\\/image\\\/\"},\"sameAs\":[\"https:\\\/\\\/www.facebook.com\\\/eltextual\",\"https:\\\/\\\/x.com\\\/eltextual\",\"http:\\\/\\\/www.instagram.com\\\/eltextual\"]},{\"@type\":\"Person\",\"@id\":\"https:\\\/\\\/diariotextual.com\\\/inicio\\\/#\\\/schema\\\/person\\\/a1b6f563e0ee944c60f98119389a4d9f\",\"name\":\"diario3\",\"image\":{\"@type\":\"ImageObject\",\"inLanguage\":\"es\",\"@id\":\"https:\\\/\\\/secure.gravatar.com\\\/avatar\\\/5e7ee62c82fc04d9dd79d746a390d93c69c43223e5faeeb3ea9461ef752bfc5d?s=96&d=mm&r=g\",\"url\":\"https:\\\/\\\/secure.gravatar.com\\\/avatar\\\/5e7ee62c82fc04d9dd79d746a390d93c69c43223e5faeeb3ea9461ef752bfc5d?s=96&d=mm&r=g\",\"contentUrl\":\"https:\\\/\\\/secure.gravatar.com\\\/avatar\\\/5e7ee62c82fc04d9dd79d746a390d93c69c43223e5faeeb3ea9461ef752bfc5d?s=96&d=mm&r=g\",\"caption\":\"diario3\"},\"url\":\"https:\\\/\\\/diariotextual.com\\\/inicio\\\/index.php\\\/author\\\/diario3\\\/\"}]}<\/script>\n<!-- \/ Yoast SEO plugin. -->","yoast_head_json":{"title":"Ley \u00d3mnibus: uno por uno, todos los cambios que introdujo el Gobierno - Diario Textual","robots":{"index":"index","follow":"follow","max-snippet":"max-snippet:-1","max-image-preview":"max-image-preview:large","max-video-preview":"max-video-preview:-1"},"canonical":"https:\/\/diariotextual.com\/inicio\/index.php\/2024\/01\/22\/el-gobierno-envio-al-congreso-un-nuevo-proyecto-de-ley-omnibus-con-cambios\/","og_locale":"es_ES","og_type":"article","og_title":"Ley \u00d3mnibus: uno por uno, todos los cambios que introdujo el Gobierno - Diario Textual","og_description":"El Gobierno nacional dio lugar a los reclamos de la oposici\u00f3n \u201cdialoguista\u201d y envi\u00f3 al Congreso un nuevo proyecto de Ley \u00d3mnibus que contempla modificaciones con intenci\u00f3n de aprobar el&hellip;","og_url":"https:\/\/diariotextual.com\/inicio\/index.php\/2024\/01\/22\/el-gobierno-envio-al-congreso-un-nuevo-proyecto-de-ley-omnibus-con-cambios\/","og_site_name":"Diario Textual","article_publisher":"https:\/\/www.facebook.com\/eltextual","article_published_time":"2024-01-22T15:26:50+00:00","article_modified_time":"2024-01-23T12:41:44+00:00","og_image":[{"width":1100,"height":619,"url":"https:\/\/diariotextual.com\/inicio\/wp-content\/uploads\/2023\/12\/congresonacionaltelam2023-245.jpg","type":"image\/jpeg"}],"author":"diario3","twitter_card":"summary_large_image","twitter_creator":"@eltextual","twitter_site":"@eltextual","twitter_misc":{"Escrito por":"diario3","Tiempo de lectura":"4 minutos"},"schema":{"@context":"https:\/\/schema.org","@graph":[{"@type":"Article","@id":"https:\/\/diariotextual.com\/inicio\/index.php\/2024\/01\/22\/el-gobierno-envio-al-congreso-un-nuevo-proyecto-de-ley-omnibus-con-cambios\/#article","isPartOf":{"@id":"https:\/\/diariotextual.com\/inicio\/index.php\/2024\/01\/22\/el-gobierno-envio-al-congreso-un-nuevo-proyecto-de-ley-omnibus-con-cambios\/"},"author":{"name":"diario3","@id":"https:\/\/diariotextual.com\/inicio\/#\/schema\/person\/a1b6f563e0ee944c60f98119389a4d9f"},"headline":"Ley \u00d3mnibus: uno por uno, todos los cambios que introdujo el Gobierno","datePublished":"2024-01-22T15:26:50+00:00","dateModified":"2024-01-23T12:41:44+00:00","mainEntityOfPage":{"@id":"https:\/\/diariotextual.com\/inicio\/index.php\/2024\/01\/22\/el-gobierno-envio-al-congreso-un-nuevo-proyecto-de-ley-omnibus-con-cambios\/"},"wordCount":759,"publisher":{"@id":"https:\/\/diariotextual.com\/inicio\/#organization"},"image":{"@id":"https:\/\/diariotextual.com\/inicio\/index.php\/2024\/01\/22\/el-gobierno-envio-al-congreso-un-nuevo-proyecto-de-ley-omnibus-con-cambios\/#primaryimage"},"thumbnailUrl":"https:\/\/diariotextual.com\/inicio\/wp-content\/uploads\/2023\/12\/congresonacionaltelam2023-245.jpg","keywords":["congreso","milei"],"articleSection":["A - ES NOTICIA (van abajo)","POLITICA"],"inLanguage":"es"},{"@type":"WebPage","@id":"https:\/\/diariotextual.com\/inicio\/index.php\/2024\/01\/22\/el-gobierno-envio-al-congreso-un-nuevo-proyecto-de-ley-omnibus-con-cambios\/","url":"https:\/\/diariotextual.com\/inicio\/index.php\/2024\/01\/22\/el-gobierno-envio-al-congreso-un-nuevo-proyecto-de-ley-omnibus-con-cambios\/","name":"Ley \u00d3mnibus: uno por uno, todos los cambios que introdujo el Gobierno - Diario Textual","isPartOf":{"@id":"https:\/\/diariotextual.com\/inicio\/#website"},"primaryImageOfPage":{"@id":"https:\/\/diariotextual.com\/inicio\/index.php\/2024\/01\/22\/el-gobierno-envio-al-congreso-un-nuevo-proyecto-de-ley-omnibus-con-cambios\/#primaryimage"},"image":{"@id":"https:\/\/diariotextual.com\/inicio\/index.php\/2024\/01\/22\/el-gobierno-envio-al-congreso-un-nuevo-proyecto-de-ley-omnibus-con-cambios\/#primaryimage"},"thumbnailUrl":"https:\/\/diariotextual.com\/inicio\/wp-content\/uploads\/2023\/12\/congresonacionaltelam2023-245.jpg","datePublished":"2024-01-22T15:26:50+00:00","dateModified":"2024-01-23T12:41:44+00:00","breadcrumb":{"@id":"https:\/\/diariotextual.com\/inicio\/index.php\/2024\/01\/22\/el-gobierno-envio-al-congreso-un-nuevo-proyecto-de-ley-omnibus-con-cambios\/#breadcrumb"},"inLanguage":"es","potentialAction":[{"@type":"ReadAction","target":["https:\/\/diariotextual.com\/inicio\/index.php\/2024\/01\/22\/el-gobierno-envio-al-congreso-un-nuevo-proyecto-de-ley-omnibus-con-cambios\/"]}]},{"@type":"ImageObject","inLanguage":"es","@id":"https:\/\/diariotextual.com\/inicio\/index.php\/2024\/01\/22\/el-gobierno-envio-al-congreso-un-nuevo-proyecto-de-ley-omnibus-con-cambios\/#primaryimage","url":"https:\/\/diariotextual.com\/inicio\/wp-content\/uploads\/2023\/12\/congresonacionaltelam2023-245.jpg","contentUrl":"https:\/\/diariotextual.com\/inicio\/wp-content\/uploads\/2023\/12\/congresonacionaltelam2023-245.jpg","width":1100,"height":619},{"@type":"BreadcrumbList","@id":"https:\/\/diariotextual.com\/inicio\/index.php\/2024\/01\/22\/el-gobierno-envio-al-congreso-un-nuevo-proyecto-de-ley-omnibus-con-cambios\/#breadcrumb","itemListElement":[{"@type":"ListItem","position":1,"name":"Portada","item":"https:\/\/diariotextual.com\/inicio\/"},{"@type":"ListItem","position":2,"name":"Ley \u00d3mnibus: uno por uno, todos los cambios que introdujo el Gobierno"}]},{"@type":"WebSite","@id":"https:\/\/diariotextual.com\/inicio\/#website","url":"https:\/\/diariotextual.com\/inicio\/","name":"Diario Textual","description":"","publisher":{"@id":"https:\/\/diariotextual.com\/inicio\/#organization"},"potentialAction":[{"@type":"SearchAction","target":{"@type":"EntryPoint","urlTemplate":"https:\/\/diariotextual.com\/inicio\/?s={search_term_string}"},"query-input":{"@type":"PropertyValueSpecification","valueRequired":true,"valueName":"search_term_string"}}],"inLanguage":"es"},{"@type":"Organization","@id":"https:\/\/diariotextual.com\/inicio\/#organization","name":"Diario Textual","url":"https:\/\/diariotextual.com\/inicio\/","logo":{"@type":"ImageObject","inLanguage":"es","@id":"https:\/\/diariotextual.com\/inicio\/#\/schema\/logo\/image\/","url":"https:\/\/diariotextual.com\/inicio\/wp-content\/uploads\/2023\/05\/logotextual1.jpg","contentUrl":"https:\/\/diariotextual.com\/inicio\/wp-content\/uploads\/2023\/05\/logotextual1.jpg","width":516,"height":76,"caption":"Diario Textual"},"image":{"@id":"https:\/\/diariotextual.com\/inicio\/#\/schema\/logo\/image\/"},"sameAs":["https:\/\/www.facebook.com\/eltextual","https:\/\/x.com\/eltextual","http:\/\/www.instagram.com\/eltextual"]},{"@type":"Person","@id":"https:\/\/diariotextual.com\/inicio\/#\/schema\/person\/a1b6f563e0ee944c60f98119389a4d9f","name":"diario3","image":{"@type":"ImageObject","inLanguage":"es","@id":"https:\/\/secure.gravatar.com\/avatar\/5e7ee62c82fc04d9dd79d746a390d93c69c43223e5faeeb3ea9461ef752bfc5d?s=96&d=mm&r=g","url":"https:\/\/secure.gravatar.com\/avatar\/5e7ee62c82fc04d9dd79d746a390d93c69c43223e5faeeb3ea9461ef752bfc5d?s=96&d=mm&r=g","contentUrl":"https:\/\/secure.gravatar.com\/avatar\/5e7ee62c82fc04d9dd79d746a390d93c69c43223e5faeeb3ea9461ef752bfc5d?s=96&d=mm&r=g","caption":"diario3"},"url":"https:\/\/diariotextual.com\/inicio\/index.php\/author\/diario3\/"}]}},"_links":{"self":[{"href":"https:\/\/diariotextual.com\/inicio\/index.php\/wp-json\/wp\/v2\/posts\/251749","targetHints":{"allow":["GET"]}}],"collection":[{"href":"https:\/\/diariotextual.com\/inicio\/index.php\/wp-json\/wp\/v2\/posts"}],"about":[{"href":"https:\/\/diariotextual.com\/inicio\/index.php\/wp-json\/wp\/v2\/types\/post"}],"author":[{"embeddable":true,"href":"https:\/\/diariotextual.com\/inicio\/index.php\/wp-json\/wp\/v2\/users\/5"}],"replies":[{"embeddable":true,"href":"https:\/\/diariotextual.com\/inicio\/index.php\/wp-json\/wp\/v2\/comments?post=251749"}],"version-history":[{"count":2,"href":"https:\/\/diariotextual.com\/inicio\/index.php\/wp-json\/wp\/v2\/posts\/251749\/revisions"}],"predecessor-version":[{"id":251754,"href":"https:\/\/diariotextual.com\/inicio\/index.php\/wp-json\/wp\/v2\/posts\/251749\/revisions\/251754"}],"wp:featuredmedia":[{"embeddable":true,"href":"https:\/\/diariotextual.com\/inicio\/index.php\/wp-json\/wp\/v2\/media\/249056"}],"wp:attachment":[{"href":"https:\/\/diariotextual.com\/inicio\/index.php\/wp-json\/wp\/v2\/media?parent=251749"}],"wp:term":[{"taxonomy":"category","embeddable":true,"href":"https:\/\/diariotextual.com\/inicio\/index.php\/wp-json\/wp\/v2\/categories?post=251749"},{"taxonomy":"post_tag","embeddable":true,"href":"https:\/\/diariotextual.com\/inicio\/index.php\/wp-json\/wp\/v2\/tags?post=251749"}],"curies":[{"name":"wp","href":"https:\/\/api.w.org\/{rel}","templated":true}]}}