{"id":251755,"date":"2024-01-22T13:37:42","date_gmt":"2024-01-22T16:37:42","guid":{"rendered":"https:\/\/diariotextual.com\/inicio\/?p=251755"},"modified":"2024-01-22T15:12:47","modified_gmt":"2024-01-22T18:12:47","slug":"ardohain-cuestiono-a-ziliotto-por-apoyar-el-paro-del-24-sos-parte-del-problema","status":"publish","type":"post","link":"https:\/\/diariotextual.com\/inicio\/index.php\/2024\/01\/22\/ardohain-cuestiono-a-ziliotto-por-apoyar-el-paro-del-24-sos-parte-del-problema\/","title":{"rendered":"Ardohain cuestion\u00f3 a Ziliotto por apoyar el paro del 24: \u201cSos parte del problema\u201d"},"content":{"rendered":"\n<p>El diputado nacional <strong>Mart\u00edn Ardohain<\/strong> (PRO, La Pampa) cuestion\u00f3 al gobernador<strong> Sergio Ziliotto<\/strong> por <strong><a href=\"https:\/\/diariotextual.com\/inicio\/index.php\/2024\/01\/16\/ziliotto-salio-a-respaldar-el-paro-de-la-cgt-contra-las-medidas-de-milei\/\" target=\"_blank\" rel=\"noreferrer noopener\">respaldar el paro del d\u00eda 24<\/a><\/strong> que convoc\u00f3 la CGT.<\/p>\n\n\n\n<p>\u201cCuando sos parte del problema y no de la soluci\u00f3n, la desesperaci\u00f3n se nota demasiado\u201d, escribi\u00f3 en X. \u201cSergio Ziliotto el pueblo vot\u00f3 un cambio de rumbo para el pa\u00eds y Ud&#8230; todav\u00eda no la ve\u201d, finaliz\u00f3 el legislador que va a respaldar la ley \u00f3mnibus.<\/p>\n\n\n\n<p>Uno de los que le respondi\u00f3 a Ardohain fue <strong>Andr\u00e9s Zulueta<\/strong>, presidente de la empresa de telecomunicaciones Empatel. <strong>\u201cArdohain, vos s\u00ed la ves. \u00a1Por eso vas a votar en contra de La Pampa, de los municipios y de la mayor\u00eda de las y los pampeanos! \u00a1Vos s\u00ed que la ten\u00e9s clara eh!\u201d<\/strong>, le dijo, ir\u00f3nicamente.<\/p>\n\n\n\n<figure class=\"wp-block-embed is-type-wp-embed is-provider-diario-textual wp-block-embed-diario-textual\"><div class=\"wp-block-embed__wrapper\">\n<blockquote class=\"wp-embedded-content\" data-secret=\"FPYdXBp4T4\"><a href=\"https:\/\/diariotextual.com\/inicio\/index.php\/2024\/01\/16\/ziliotto-salio-a-respaldar-el-paro-de-la-cgt-contra-las-medidas-de-milei\/\">Ziliotto se par\u00f3 de manos y respald\u00f3 la huelga de la CGT contra Milei<\/a><\/blockquote><iframe class=\"wp-embedded-content\" sandbox=\"allow-scripts\" security=\"restricted\" style=\"position: absolute; clip: rect(1px, 1px, 1px, 1px);\" title=\"\u00abZiliotto se par\u00f3 de manos y respald\u00f3 la huelga de la CGT contra Milei\u00bb \u2014 Diario Textual\" src=\"https:\/\/diariotextual.com\/inicio\/index.php\/2024\/01\/16\/ziliotto-salio-a-respaldar-el-paro-de-la-cgt-contra-las-medidas-de-milei\/embed\/#?secret=ZHpID0dUfk#?secret=FPYdXBp4T4\" data-secret=\"FPYdXBp4T4\" width=\"600\" height=\"338\" frameborder=\"0\" marginwidth=\"0\" marginheight=\"0\" scrolling=\"no\"><\/iframe>\n<\/div><\/figure>\n","protected":false},"excerpt":{"rendered":"<p>El diputado nacional Mart\u00edn Ardohain (PRO, La Pampa) cuestion\u00f3 al gobernador Sergio Ziliotto por respaldar el paro del d\u00eda 24 que convoc\u00f3 la CGT. \u201cCuando sos parte del problema y&hellip;<\/p>\n","protected":false},"author":3,"featured_media":250161,"comment_status":"closed","ping_status":"open","sticky":false,"template":"","format":"standard","meta":{"_acf_changed":false,"footnotes":""},"categories":[1,8],"tags":[],"class_list":["post-251755","post","type-post","status-publish","format-standard","has-post-thumbnail","hentry","category-es-noticia","category-politica"],"acf":[],"yoast_head":"<!-- This site is optimized with the Yoast SEO plugin v27.5 - https:\/\/yoast.com\/product\/yoast-seo-wordpress\/ -->\n<title>Ardohain cuestion\u00f3 a Ziliotto por apoyar el paro del 24: \u201cSos parte del problema\u201d - Diario Textual<\/title>\n<meta name=\"robots\" content=\"index, follow, max-snippet:-1, max-image-preview:large, max-video-preview:-1\" \/>\n<link rel=\"canonical\" href=\"https:\/\/diariotextual.com\/inicio\/index.php\/2024\/01\/22\/ardohain-cuestiono-a-ziliotto-por-apoyar-el-paro-del-24-sos-parte-del-problema\/\" \/>\n<meta property=\"og:locale\" content=\"es_ES\" \/>\n<meta property=\"og:type\" content=\"article\" \/>\n<meta property=\"og:title\" content=\"Ardohain cuestion\u00f3 a Ziliotto por apoyar el paro del 24: \u201cSos parte del problema\u201d - Diario Textual\" \/>\n<meta property=\"og:description\" content=\"El diputado nacional Mart\u00edn Ardohain (PRO, La Pampa) cuestion\u00f3 al gobernador Sergio Ziliotto por respaldar el paro del d\u00eda 24 que convoc\u00f3 la CGT. \u201cCuando sos parte del problema y&hellip;\" \/>\n<meta property=\"og:url\" content=\"https:\/\/diariotextual.com\/inicio\/index.php\/2024\/01\/22\/ardohain-cuestiono-a-ziliotto-por-apoyar-el-paro-del-24-sos-parte-del-problema\/\" \/>\n<meta property=\"og:site_name\" content=\"Diario Textual\" \/>\n<meta property=\"article:publisher\" content=\"https:\/\/www.facebook.com\/eltextual\" \/>\n<meta property=\"article:published_time\" content=\"2024-01-22T16:37:42+00:00\" \/>\n<meta property=\"article:modified_time\" content=\"2024-01-22T18:12:47+00:00\" \/>\n<meta property=\"og:image\" content=\"https:\/\/diariotextual.com\/inicio\/wp-content\/uploads\/2024\/01\/ardohainmartin2024-1.jpeg\" \/>\n\t<meta property=\"og:image:width\" content=\"720\" \/>\n\t<meta property=\"og:image:height\" content=\"512\" \/>\n\t<meta property=\"og:image:type\" content=\"image\/jpeg\" \/>\n<meta name=\"author\" content=\"Diario1 Diario1\" \/>\n<meta name=\"twitter:card\" content=\"summary_large_image\" \/>\n<meta name=\"twitter:creator\" content=\"@eltextual\" \/>\n<meta name=\"twitter:site\" content=\"@eltextual\" \/>\n<meta name=\"twitter:label1\" content=\"Escrito por\" \/>\n\t<meta name=\"twitter:data1\" content=\"Diario1 Diario1\" \/>\n\t<meta name=\"twitter:label2\" content=\"Tiempo de lectura\" \/>\n\t<meta name=\"twitter:data2\" content=\"1 minuto\" \/>\n<script type=\"application\/ld+json\" class=\"yoast-schema-graph\">{\"@context\":\"https:\\\/\\\/schema.org\",\"@graph\":[{\"@type\":\"Article\",\"@id\":\"https:\\\/\\\/diariotextual.com\\\/inicio\\\/index.php\\\/2024\\\/01\\\/22\\\/ardohain-cuestiono-a-ziliotto-por-apoyar-el-paro-del-24-sos-parte-del-problema\\\/#article\",\"isPartOf\":{\"@id\":\"https:\\\/\\\/diariotextual.com\\\/inicio\\\/index.php\\\/2024\\\/01\\\/22\\\/ardohain-cuestiono-a-ziliotto-por-apoyar-el-paro-del-24-sos-parte-del-problema\\\/\"},\"author\":{\"name\":\"Diario1 Diario1\",\"@id\":\"https:\\\/\\\/diariotextual.com\\\/inicio\\\/#\\\/schema\\\/person\\\/418fc4093c33e86ed41562db3508f958\"},\"headline\":\"Ardohain cuestion\u00f3 a Ziliotto por apoyar el paro del 24: \u201cSos parte del problema\u201d\",\"datePublished\":\"2024-01-22T16:37:42+00:00\",\"dateModified\":\"2024-01-22T18:12:47+00:00\",\"mainEntityOfPage\":{\"@id\":\"https:\\\/\\\/diariotextual.com\\\/inicio\\\/index.php\\\/2024\\\/01\\\/22\\\/ardohain-cuestiono-a-ziliotto-por-apoyar-el-paro-del-24-sos-parte-del-problema\\\/\"},\"wordCount\":154,\"publisher\":{\"@id\":\"https:\\\/\\\/diariotextual.com\\\/inicio\\\/#organization\"},\"image\":{\"@id\":\"https:\\\/\\\/diariotextual.com\\\/inicio\\\/index.php\\\/2024\\\/01\\\/22\\\/ardohain-cuestiono-a-ziliotto-por-apoyar-el-paro-del-24-sos-parte-del-problema\\\/#primaryimage\"},\"thumbnailUrl\":\"https:\\\/\\\/diariotextual.com\\\/inicio\\\/wp-content\\\/uploads\\\/2024\\\/01\\\/ardohainmartin2024-1.jpeg\",\"articleSection\":[\"A - ES NOTICIA (van abajo)\",\"POLITICA\"],\"inLanguage\":\"es\"},{\"@type\":\"WebPage\",\"@id\":\"https:\\\/\\\/diariotextual.com\\\/inicio\\\/index.php\\\/2024\\\/01\\\/22\\\/ardohain-cuestiono-a-ziliotto-por-apoyar-el-paro-del-24-sos-parte-del-problema\\\/\",\"url\":\"https:\\\/\\\/diariotextual.com\\\/inicio\\\/index.php\\\/2024\\\/01\\\/22\\\/ardohain-cuestiono-a-ziliotto-por-apoyar-el-paro-del-24-sos-parte-del-problema\\\/\",\"name\":\"Ardohain cuestion\u00f3 a Ziliotto por apoyar el paro del 24: \u201cSos parte del problema\u201d - Diario Textual\",\"isPartOf\":{\"@id\":\"https:\\\/\\\/diariotextual.com\\\/inicio\\\/#website\"},\"primaryImageOfPage\":{\"@id\":\"https:\\\/\\\/diariotextual.com\\\/inicio\\\/index.php\\\/2024\\\/01\\\/22\\\/ardohain-cuestiono-a-ziliotto-por-apoyar-el-paro-del-24-sos-parte-del-problema\\\/#primaryimage\"},\"image\":{\"@id\":\"https:\\\/\\\/diariotextual.com\\\/inicio\\\/index.php\\\/2024\\\/01\\\/22\\\/ardohain-cuestiono-a-ziliotto-por-apoyar-el-paro-del-24-sos-parte-del-problema\\\/#primaryimage\"},\"thumbnailUrl\":\"https:\\\/\\\/diariotextual.com\\\/inicio\\\/wp-content\\\/uploads\\\/2024\\\/01\\\/ardohainmartin2024-1.jpeg\",\"datePublished\":\"2024-01-22T16:37:42+00:00\",\"dateModified\":\"2024-01-22T18:12:47+00:00\",\"breadcrumb\":{\"@id\":\"https:\\\/\\\/diariotextual.com\\\/inicio\\\/index.php\\\/2024\\\/01\\\/22\\\/ardohain-cuestiono-a-ziliotto-por-apoyar-el-paro-del-24-sos-parte-del-problema\\\/#breadcrumb\"},\"inLanguage\":\"es\",\"potentialAction\":[{\"@type\":\"ReadAction\",\"target\":[\"https:\\\/\\\/diariotextual.com\\\/inicio\\\/index.php\\\/2024\\\/01\\\/22\\\/ardohain-cuestiono-a-ziliotto-por-apoyar-el-paro-del-24-sos-parte-del-problema\\\/\"]}]},{\"@type\":\"ImageObject\",\"inLanguage\":\"es\",\"@id\":\"https:\\\/\\\/diariotextual.com\\\/inicio\\\/index.php\\\/2024\\\/01\\\/22\\\/ardohain-cuestiono-a-ziliotto-por-apoyar-el-paro-del-24-sos-parte-del-problema\\\/#primaryimage\",\"url\":\"https:\\\/\\\/diariotextual.com\\\/inicio\\\/wp-content\\\/uploads\\\/2024\\\/01\\\/ardohainmartin2024-1.jpeg\",\"contentUrl\":\"https:\\\/\\\/diariotextual.com\\\/inicio\\\/wp-content\\\/uploads\\\/2024\\\/01\\\/ardohainmartin2024-1.jpeg\",\"width\":720,\"height\":512},{\"@type\":\"BreadcrumbList\",\"@id\":\"https:\\\/\\\/diariotextual.com\\\/inicio\\\/index.php\\\/2024\\\/01\\\/22\\\/ardohain-cuestiono-a-ziliotto-por-apoyar-el-paro-del-24-sos-parte-del-problema\\\/#breadcrumb\",\"itemListElement\":[{\"@type\":\"ListItem\",\"position\":1,\"name\":\"Portada\",\"item\":\"https:\\\/\\\/diariotextual.com\\\/inicio\\\/\"},{\"@type\":\"ListItem\",\"position\":2,\"name\":\"Ardohain cuestion\u00f3 a Ziliotto por apoyar el paro del 24: \u201cSos parte del problema\u201d\"}]},{\"@type\":\"WebSite\",\"@id\":\"https:\\\/\\\/diariotextual.com\\\/inicio\\\/#website\",\"url\":\"https:\\\/\\\/diariotextual.com\\\/inicio\\\/\",\"name\":\"Diario Textual\",\"description\":\"\",\"publisher\":{\"@id\":\"https:\\\/\\\/diariotextual.com\\\/inicio\\\/#organization\"},\"potentialAction\":[{\"@type\":\"SearchAction\",\"target\":{\"@type\":\"EntryPoint\",\"urlTemplate\":\"https:\\\/\\\/diariotextual.com\\\/inicio\\\/?s={search_term_string}\"},\"query-input\":{\"@type\":\"PropertyValueSpecification\",\"valueRequired\":true,\"valueName\":\"search_term_string\"}}],\"inLanguage\":\"es\"},{\"@type\":\"Organization\",\"@id\":\"https:\\\/\\\/diariotextual.com\\\/inicio\\\/#organization\",\"name\":\"Diario Textual\",\"url\":\"https:\\\/\\\/diariotextual.com\\\/inicio\\\/\",\"logo\":{\"@type\":\"ImageObject\",\"inLanguage\":\"es\",\"@id\":\"https:\\\/\\\/diariotextual.com\\\/inicio\\\/#\\\/schema\\\/logo\\\/image\\\/\",\"url\":\"https:\\\/\\\/diariotextual.com\\\/inicio\\\/wp-content\\\/uploads\\\/2023\\\/05\\\/logotextual1.jpg\",\"contentUrl\":\"https:\\\/\\\/diariotextual.com\\\/inicio\\\/wp-content\\\/uploads\\\/2023\\\/05\\\/logotextual1.jpg\",\"width\":516,\"height\":76,\"caption\":\"Diario Textual\"},\"image\":{\"@id\":\"https:\\\/\\\/diariotextual.com\\\/inicio\\\/#\\\/schema\\\/logo\\\/image\\\/\"},\"sameAs\":[\"https:\\\/\\\/www.facebook.com\\\/eltextual\",\"https:\\\/\\\/x.com\\\/eltextual\",\"http:\\\/\\\/www.instagram.com\\\/eltextual\"]},{\"@type\":\"Person\",\"@id\":\"https:\\\/\\\/diariotextual.com\\\/inicio\\\/#\\\/schema\\\/person\\\/418fc4093c33e86ed41562db3508f958\",\"name\":\"Diario1 Diario1\",\"image\":{\"@type\":\"ImageObject\",\"inLanguage\":\"es\",\"@id\":\"https:\\\/\\\/secure.gravatar.com\\\/avatar\\\/9167d280179c85bc18be67aa7eda765854300033af4896dd779b608640f2ef7a?s=96&d=mm&r=g\",\"url\":\"https:\\\/\\\/secure.gravatar.com\\\/avatar\\\/9167d280179c85bc18be67aa7eda765854300033af4896dd779b608640f2ef7a?s=96&d=mm&r=g\",\"contentUrl\":\"https:\\\/\\\/secure.gravatar.com\\\/avatar\\\/9167d280179c85bc18be67aa7eda765854300033af4896dd779b608640f2ef7a?s=96&d=mm&r=g\",\"caption\":\"Diario1 Diario1\"},\"url\":\"https:\\\/\\\/diariotextual.com\\\/inicio\\\/index.php\\\/author\\\/diario1\\\/\"}]}<\/script>\n<!-- \/ Yoast SEO plugin. -->","yoast_head_json":{"title":"Ardohain cuestion\u00f3 a Ziliotto por apoyar el paro del 24: \u201cSos parte del problema\u201d - Diario Textual","robots":{"index":"index","follow":"follow","max-snippet":"max-snippet:-1","max-image-preview":"max-image-preview:large","max-video-preview":"max-video-preview:-1"},"canonical":"https:\/\/diariotextual.com\/inicio\/index.php\/2024\/01\/22\/ardohain-cuestiono-a-ziliotto-por-apoyar-el-paro-del-24-sos-parte-del-problema\/","og_locale":"es_ES","og_type":"article","og_title":"Ardohain cuestion\u00f3 a Ziliotto por apoyar el paro del 24: \u201cSos parte del problema\u201d - Diario Textual","og_description":"El diputado nacional Mart\u00edn Ardohain (PRO, La Pampa) cuestion\u00f3 al gobernador Sergio Ziliotto por respaldar el paro del d\u00eda 24 que convoc\u00f3 la CGT. \u201cCuando sos parte del problema y&hellip;","og_url":"https:\/\/diariotextual.com\/inicio\/index.php\/2024\/01\/22\/ardohain-cuestiono-a-ziliotto-por-apoyar-el-paro-del-24-sos-parte-del-problema\/","og_site_name":"Diario Textual","article_publisher":"https:\/\/www.facebook.com\/eltextual","article_published_time":"2024-01-22T16:37:42+00:00","article_modified_time":"2024-01-22T18:12:47+00:00","og_image":[{"width":720,"height":512,"url":"https:\/\/diariotextual.com\/inicio\/wp-content\/uploads\/2024\/01\/ardohainmartin2024-1.jpeg","type":"image\/jpeg"}],"author":"Diario1 Diario1","twitter_card":"summary_large_image","twitter_creator":"@eltextual","twitter_site":"@eltextual","twitter_misc":{"Escrito por":"Diario1 Diario1","Tiempo de lectura":"1 minuto"},"schema":{"@context":"https:\/\/schema.org","@graph":[{"@type":"Article","@id":"https:\/\/diariotextual.com\/inicio\/index.php\/2024\/01\/22\/ardohain-cuestiono-a-ziliotto-por-apoyar-el-paro-del-24-sos-parte-del-problema\/#article","isPartOf":{"@id":"https:\/\/diariotextual.com\/inicio\/index.php\/2024\/01\/22\/ardohain-cuestiono-a-ziliotto-por-apoyar-el-paro-del-24-sos-parte-del-problema\/"},"author":{"name":"Diario1 Diario1","@id":"https:\/\/diariotextual.com\/inicio\/#\/schema\/person\/418fc4093c33e86ed41562db3508f958"},"headline":"Ardohain cuestion\u00f3 a Ziliotto por apoyar el paro del 24: \u201cSos parte del problema\u201d","datePublished":"2024-01-22T16:37:42+00:00","dateModified":"2024-01-22T18:12:47+00:00","mainEntityOfPage":{"@id":"https:\/\/diariotextual.com\/inicio\/index.php\/2024\/01\/22\/ardohain-cuestiono-a-ziliotto-por-apoyar-el-paro-del-24-sos-parte-del-problema\/"},"wordCount":154,"publisher":{"@id":"https:\/\/diariotextual.com\/inicio\/#organization"},"image":{"@id":"https:\/\/diariotextual.com\/inicio\/index.php\/2024\/01\/22\/ardohain-cuestiono-a-ziliotto-por-apoyar-el-paro-del-24-sos-parte-del-problema\/#primaryimage"},"thumbnailUrl":"https:\/\/diariotextual.com\/inicio\/wp-content\/uploads\/2024\/01\/ardohainmartin2024-1.jpeg","articleSection":["A - ES NOTICIA (van abajo)","POLITICA"],"inLanguage":"es"},{"@type":"WebPage","@id":"https:\/\/diariotextual.com\/inicio\/index.php\/2024\/01\/22\/ardohain-cuestiono-a-ziliotto-por-apoyar-el-paro-del-24-sos-parte-del-problema\/","url":"https:\/\/diariotextual.com\/inicio\/index.php\/2024\/01\/22\/ardohain-cuestiono-a-ziliotto-por-apoyar-el-paro-del-24-sos-parte-del-problema\/","name":"Ardohain cuestion\u00f3 a Ziliotto por apoyar el paro del 24: \u201cSos parte del problema\u201d - Diario Textual","isPartOf":{"@id":"https:\/\/diariotextual.com\/inicio\/#website"},"primaryImageOfPage":{"@id":"https:\/\/diariotextual.com\/inicio\/index.php\/2024\/01\/22\/ardohain-cuestiono-a-ziliotto-por-apoyar-el-paro-del-24-sos-parte-del-problema\/#primaryimage"},"image":{"@id":"https:\/\/diariotextual.com\/inicio\/index.php\/2024\/01\/22\/ardohain-cuestiono-a-ziliotto-por-apoyar-el-paro-del-24-sos-parte-del-problema\/#primaryimage"},"thumbnailUrl":"https:\/\/diariotextual.com\/inicio\/wp-content\/uploads\/2024\/01\/ardohainmartin2024-1.jpeg","datePublished":"2024-01-22T16:37:42+00:00","dateModified":"2024-01-22T18:12:47+00:00","breadcrumb":{"@id":"https:\/\/diariotextual.com\/inicio\/index.php\/2024\/01\/22\/ardohain-cuestiono-a-ziliotto-por-apoyar-el-paro-del-24-sos-parte-del-problema\/#breadcrumb"},"inLanguage":"es","potentialAction":[{"@type":"ReadAction","target":["https:\/\/diariotextual.com\/inicio\/index.php\/2024\/01\/22\/ardohain-cuestiono-a-ziliotto-por-apoyar-el-paro-del-24-sos-parte-del-problema\/"]}]},{"@type":"ImageObject","inLanguage":"es","@id":"https:\/\/diariotextual.com\/inicio\/index.php\/2024\/01\/22\/ardohain-cuestiono-a-ziliotto-por-apoyar-el-paro-del-24-sos-parte-del-problema\/#primaryimage","url":"https:\/\/diariotextual.com\/inicio\/wp-content\/uploads\/2024\/01\/ardohainmartin2024-1.jpeg","contentUrl":"https:\/\/diariotextual.com\/inicio\/wp-content\/uploads\/2024\/01\/ardohainmartin2024-1.jpeg","width":720,"height":512},{"@type":"BreadcrumbList","@id":"https:\/\/diariotextual.com\/inicio\/index.php\/2024\/01\/22\/ardohain-cuestiono-a-ziliotto-por-apoyar-el-paro-del-24-sos-parte-del-problema\/#breadcrumb","itemListElement":[{"@type":"ListItem","position":1,"name":"Portada","item":"https:\/\/diariotextual.com\/inicio\/"},{"@type":"ListItem","position":2,"name":"Ardohain cuestion\u00f3 a Ziliotto por apoyar el paro del 24: \u201cSos parte del problema\u201d"}]},{"@type":"WebSite","@id":"https:\/\/diariotextual.com\/inicio\/#website","url":"https:\/\/diariotextual.com\/inicio\/","name":"Diario Textual","description":"","publisher":{"@id":"https:\/\/diariotextual.com\/inicio\/#organization"},"potentialAction":[{"@type":"SearchAction","target":{"@type":"EntryPoint","urlTemplate":"https:\/\/diariotextual.com\/inicio\/?s={search_term_string}"},"query-input":{"@type":"PropertyValueSpecification","valueRequired":true,"valueName":"search_term_string"}}],"inLanguage":"es"},{"@type":"Organization","@id":"https:\/\/diariotextual.com\/inicio\/#organization","name":"Diario Textual","url":"https:\/\/diariotextual.com\/inicio\/","logo":{"@type":"ImageObject","inLanguage":"es","@id":"https:\/\/diariotextual.com\/inicio\/#\/schema\/logo\/image\/","url":"https:\/\/diariotextual.com\/inicio\/wp-content\/uploads\/2023\/05\/logotextual1.jpg","contentUrl":"https:\/\/diariotextual.com\/inicio\/wp-content\/uploads\/2023\/05\/logotextual1.jpg","width":516,"height":76,"caption":"Diario Textual"},"image":{"@id":"https:\/\/diariotextual.com\/inicio\/#\/schema\/logo\/image\/"},"sameAs":["https:\/\/www.facebook.com\/eltextual","https:\/\/x.com\/eltextual","http:\/\/www.instagram.com\/eltextual"]},{"@type":"Person","@id":"https:\/\/diariotextual.com\/inicio\/#\/schema\/person\/418fc4093c33e86ed41562db3508f958","name":"Diario1 Diario1","image":{"@type":"ImageObject","inLanguage":"es","@id":"https:\/\/secure.gravatar.com\/avatar\/9167d280179c85bc18be67aa7eda765854300033af4896dd779b608640f2ef7a?s=96&d=mm&r=g","url":"https:\/\/secure.gravatar.com\/avatar\/9167d280179c85bc18be67aa7eda765854300033af4896dd779b608640f2ef7a?s=96&d=mm&r=g","contentUrl":"https:\/\/secure.gravatar.com\/avatar\/9167d280179c85bc18be67aa7eda765854300033af4896dd779b608640f2ef7a?s=96&d=mm&r=g","caption":"Diario1 Diario1"},"url":"https:\/\/diariotextual.com\/inicio\/index.php\/author\/diario1\/"}]}},"_links":{"self":[{"href":"https:\/\/diariotextual.com\/inicio\/index.php\/wp-json\/wp\/v2\/posts\/251755","targetHints":{"allow":["GET"]}}],"collection":[{"href":"https:\/\/diariotextual.com\/inicio\/index.php\/wp-json\/wp\/v2\/posts"}],"about":[{"href":"https:\/\/diariotextual.com\/inicio\/index.php\/wp-json\/wp\/v2\/types\/post"}],"author":[{"embeddable":true,"href":"https:\/\/diariotextual.com\/inicio\/index.php\/wp-json\/wp\/v2\/users\/3"}],"replies":[{"embeddable":true,"href":"https:\/\/diariotextual.com\/inicio\/index.php\/wp-json\/wp\/v2\/comments?post=251755"}],"version-history":[{"count":4,"href":"https:\/\/diariotextual.com\/inicio\/index.php\/wp-json\/wp\/v2\/posts\/251755\/revisions"}],"predecessor-version":[{"id":251759,"href":"https:\/\/diariotextual.com\/inicio\/index.php\/wp-json\/wp\/v2\/posts\/251755\/revisions\/251759"}],"wp:featuredmedia":[{"embeddable":true,"href":"https:\/\/diariotextual.com\/inicio\/index.php\/wp-json\/wp\/v2\/media\/250161"}],"wp:attachment":[{"href":"https:\/\/diariotextual.com\/inicio\/index.php\/wp-json\/wp\/v2\/media?parent=251755"}],"wp:term":[{"taxonomy":"category","embeddable":true,"href":"https:\/\/diariotextual.com\/inicio\/index.php\/wp-json\/wp\/v2\/categories?post=251755"},{"taxonomy":"post_tag","embeddable":true,"href":"https:\/\/diariotextual.com\/inicio\/index.php\/wp-json\/wp\/v2\/tags?post=251755"}],"curies":[{"name":"wp","href":"https:\/\/api.w.org\/{rel}","templated":true}]}}